{"id":27528,"date":"2020-09-27T20:46:51","date_gmt":"2020-09-27T23:46:51","guid":{"rendered":"https:\/\/radiolifefm.com.br\/noticias\/?p=27528"},"modified":"2026-02-05T00:36:28","modified_gmt":"2026-02-05T03:36:28","slug":"o-fariseu-provinciano-sergio-barbosa-opiniao","status":"publish","type":"post","link":"https:\/\/radiolifefm.com.br\/noticias\/o-fariseu-provinciano-sergio-barbosa-opiniao\/","title":{"rendered":"O FARISEU PROVINCIANO&#8230;S\u00e9rgio Barbosa &#8211; Opini\u00e3o"},"content":{"rendered":"<div id=\"fb-root\"><\/div>\n<p><em>\u201cOs que comem demais s\u00e3o sempre os mais gordos; os que leem demais nem sempre s\u00e3o os mais s\u00e1bios\u201d. (Camilo Castelo Branco)<\/em><\/p>\n<p>Interessante perceber que as coisas andam de mal a pior em terras provincianas, como sempre, quando tudo parece normal por aqui, pode-se pensar o contr\u00e1rio, ou seja, \u201cexiste alguma coisa de podre&#8230;\u201d<\/p>\n<p>Debater temas relacionados com o cotidiano significa estar em sintonia com os bastidores do poder pelo poder, por\u00e9m, nem tudo pode transmitir os acontecimentos deste ou daquele local para um olhar mais atento as mudan\u00e7as deste novo tempo para a prov\u00edncia, tamb\u00e9m, os ru\u00eddos est\u00e3o sempre por perto para dar aquele tom de marmelada para ambos os lados&#8230;<\/p>\n<p>O denominado \u201cLivro Sagrado\u201d, neste caso em especial, pode ser aquele que ilumina uma das grandes religi\u00f5es em n\u00edvel mundial, trata de temas adversos para o homem e sem tempo frente ao outro tempo&#8230;<\/p>\n<p>A figura lend\u00e1ria do \u201cfariseu\u201d \u00e9 presen\u00e7a mais do que garantida em muitos destes livros perdidos num canto qualquer de uma sala, at\u00e9 mesmo, de uma biblioteca provinciana, por\u00e9m, na maioria dos casos em pauta, pode ficar escondido, se poss\u00edvel, debaixo dos desencontros outorgados pelo perd\u00e3o de uma for\u00e7a do al\u00e9m para o simples mortal num domingo sem luz divina para iluminar o caminho&#8230;<\/p>\n<p>A teoria nem sempre vem de encontro com a pr\u00e1tica deste mercado mediado pelo olhar do sagrado frente ao profano do \u201cfariseu provinciano\u201d, aquele mesmo que dominicalmente pega o seu \u201clivro sagrado\u201d e juntamente com a seara familiar parte em busca de um lugarzinho no tal para\u00edso celestial&#8230;<\/p>\n<p>As mazelas do cotidiano da prov\u00edncia pode significar um tempo para que o outro lado possa se refazer deste choque de cultura em meio \u00e0 mediocridade de sempre, quando, as muitas palavras n\u00e3o dizem nada para o leitor ou leitura deste ou daquele ve\u00edculo impresso&#8230;<\/p>\n<p>O momento pode ser solene para um discurso no vazio de um quarto ou sala, vai saber, afinal de contas, \u201ccada louco com sua mania\u201d, todavia, pode-se deixar levar pelas conversas numa esquina perdida, afinal de contas, \u201co que seria do azul se todos gostassem do vermelho\u201d&#8230;<\/p>\n<p>As grandes discuss\u00f5es do literato, neste caso, do \u201cFariseu provinciano\u201d podem acabar num discurso vazio e sem retorno da mensagem manipulada pelas palavras sem nexo do plexus e assim por diante, pois, neste caso em especial, podem aparecer outros personagens para dar o tom do debate, a saber: o Escriba, o Parasita, a Cinderela e tanto outros&#8230;<\/p>\n<p>Assim, o picadeiro provinciano continua com a sua equipe de sempre para um olhar mais pr\u00f3ximo do poder sacramental do profano para deixar o para\u00edso sem anjos em sua volta, talvez, com a legi\u00e3o de dem\u00f4nios como for\u00e7a estelar neste confronto al\u00e9m da nossa imagina\u00e7\u00e3o terrena&#8230;<\/p>\n<div class='flex flex-wrap items-center -mx-1'>\r\n<a class='thumbnail gallery p-1 w-1\/2 md:w-1\/4' href='https:\/\/radiolifefm.com.br\/noticias\/wp-content\/uploads\/2020\/09\/DSC03410-scaled.jpg'><img class='border border-white' src='https:\/\/radiolifefm.com.br\/noticias\/wp-content\/uploads\/2020\/09\/DSC03410-200x200.jpg' alt='DSC03410' \/><\/a><a class='thumbnail gallery p-1 w-1\/2 md:w-1\/4' href='https:\/\/radiolifefm.com.br\/noticias\/wp-content\/uploads\/2020\/09\/DSC03412-scaled.jpg'><img class='border border-white' src='https:\/\/radiolifefm.com.br\/noticias\/wp-content\/uploads\/2020\/09\/DSC03412-200x200.jpg' alt='DSC03412' \/><\/a><\/div>\n<p><em>_____________________________________<\/em><\/p>\n<p><em>(*) Jornalista profissional diplomado e professor universit\u00e1rio.<\/em><\/p>\n","protected":false},"excerpt":{"rendered":"<p>\u201cOs que comem demais s\u00e3o sempre os mais gordos; os que leem demais nem sempre s\u00e3o os mais s\u00e1bios\u201d. (Camilo Castelo Branco) Interessante perceber que as coisas andam de mal a pior em terras provincianas, como sempre, quando tudo parece normal por aqui, pode-se pensar o contr\u00e1rio, ou seja, \u201cexiste alguma coisa de podre&#8230;\u201d Debater [&hellip;]<\/p>\n","protected":false},"author":8,"featured_media":27529,"comment_status":"closed","ping_status":"open","sticky":false,"template":"","format":"standard","meta":{"_acf_changed":false,"_exactmetrics_skip_tracking":false,"_exactmetrics_sitenote_active":false,"_exactmetrics_sitenote_note":"","_exactmetrics_sitenote_category":0,"footnotes":""},"categories":[59],"tags":[],"class_list":["post-27528","post","type-post","status-publish","format-standard","has-post-thumbnail","hentry","category-opiniao"],"acf":[],"yoast_head":"<!-- This site is optimized with the Yoast SEO plugin v27.2 - https:\/\/yoast.com\/product\/yoast-seo-wordpress\/ -->\n<title>O FARISEU PROVINCIANO...S\u00e9rgio Barbosa - Opini\u00e3o - R\u00e1dio Life FM<\/title>\n<meta name=\"robots\" content=\"index, follow, max-snippet:-1, max-image-preview:large, max-video-preview:-1\" \/>\n<link rel=\"canonical\" href=\"https:\/\/radiolifefm.com.br\/noticias\/o-fariseu-provinciano-sergio-barbosa-opiniao\/\" \/>\n<meta property=\"og:locale\" content=\"pt_BR\" \/>\n<meta property=\"og:type\" content=\"article\" \/>\n<meta property=\"og:title\" content=\"O FARISEU PROVINCIANO...S\u00e9rgio Barbosa - Opini\u00e3o - R\u00e1dio Life FM\" \/>\n<meta property=\"og:description\" content=\"\u201cOs que comem demais s\u00e3o sempre os mais gordos; os que leem demais nem sempre s\u00e3o os mais s\u00e1bios\u201d. (Camilo Castelo Branco) Interessante perceber que as coisas andam de mal a pior em terras provincianas, como sempre, quando tudo parece normal por aqui, pode-se pensar o contr\u00e1rio, ou seja, \u201cexiste alguma coisa de podre&#8230;\u201d Debater [&hellip;]\" \/>\n<meta property=\"og:url\" content=\"https:\/\/radiolifefm.com.br\/noticias\/o-fariseu-provinciano-sergio-barbosa-opiniao\/\" \/>\n<meta property=\"og:site_name\" content=\"R\u00e1dio Life FM\" \/>\n<meta property=\"article:publisher\" content=\"https:\/\/www.facebook.com\/radiolifefm\/\" \/>\n<meta property=\"article:published_time\" content=\"2020-09-27T23:46:51+00:00\" \/>\n<meta property=\"article:modified_time\" content=\"2026-02-05T03:36:28+00:00\" \/>\n<meta property=\"og:image\" content=\"https:\/\/radiolifefm.com.br\/noticias\/wp-content\/uploads\/2020\/09\/DSC03406-scaled.jpg\" \/>\n\t<meta property=\"og:image:width\" content=\"2560\" \/>\n\t<meta property=\"og:image:height\" content=\"1920\" \/>\n\t<meta property=\"og:image:type\" content=\"image\/jpeg\" \/>\n<meta name=\"author\" content=\"joaograndao\" \/>\n<meta name=\"twitter:card\" content=\"summary_large_image\" \/>\n<meta name=\"twitter:label1\" content=\"Escrito por\" \/>\n\t<meta name=\"twitter:data1\" content=\"joaograndao\" \/>\n\t<meta name=\"twitter:label2\" content=\"Est. tempo de leitura\" \/>\n\t<meta name=\"twitter:data2\" content=\"2 minutos\" \/>\n<script type=\"application\/ld+json\" class=\"yoast-schema-graph\">{\"@context\":\"https:\/\/schema.org\",\"@graph\":[{\"@type\":\"Article\",\"@id\":\"https:\/\/radiolifefm.com.br\/noticias\/o-fariseu-provinciano-sergio-barbosa-opiniao\/#article\",\"isPartOf\":{\"@id\":\"https:\/\/radiolifefm.com.br\/noticias\/o-fariseu-provinciano-sergio-barbosa-opiniao\/\"},\"author\":{\"name\":\"joaograndao\",\"@id\":\"https:\/\/radiolifefm.com.br\/noticias\/#\/schema\/person\/6876e1240feffe6e1b63fd5cb85abf28\"},\"headline\":\"O FARISEU PROVINCIANO&#8230;S\u00e9rgio Barbosa &#8211; Opini\u00e3o\",\"datePublished\":\"2020-09-27T23:46:51+00:00\",\"dateModified\":\"2026-02-05T03:36:28+00:00\",\"mainEntityOfPage\":{\"@id\":\"https:\/\/radiolifefm.com.br\/noticias\/o-fariseu-provinciano-sergio-barbosa-opiniao\/\"},\"wordCount\":501,\"publisher\":{\"@id\":\"https:\/\/radiolifefm.com.br\/noticias\/#organization\"},\"image\":{\"@id\":\"https:\/\/radiolifefm.com.br\/noticias\/o-fariseu-provinciano-sergio-barbosa-opiniao\/#primaryimage\"},\"thumbnailUrl\":\"https:\/\/radiolifefm.com.br\/noticias\/wp-content\/uploads\/2020\/09\/DSC03406-scaled.jpg\",\"articleSection\":[\"Opini\u00e3o\"],\"inLanguage\":\"pt-BR\"},{\"@type\":\"WebPage\",\"@id\":\"https:\/\/radiolifefm.com.br\/noticias\/o-fariseu-provinciano-sergio-barbosa-opiniao\/\",\"url\":\"https:\/\/radiolifefm.com.br\/noticias\/o-fariseu-provinciano-sergio-barbosa-opiniao\/\",\"name\":\"O FARISEU PROVINCIANO...S\u00e9rgio Barbosa - Opini\u00e3o - R\u00e1dio Life FM\",\"isPartOf\":{\"@id\":\"https:\/\/radiolifefm.com.br\/noticias\/#website\"},\"primaryImageOfPage\":{\"@id\":\"https:\/\/radiolifefm.com.br\/noticias\/o-fariseu-provinciano-sergio-barbosa-opiniao\/#primaryimage\"},\"image\":{\"@id\":\"https:\/\/radiolifefm.com.br\/noticias\/o-fariseu-provinciano-sergio-barbosa-opiniao\/#primaryimage\"},\"thumbnailUrl\":\"https:\/\/radiolifefm.com.br\/noticias\/wp-content\/uploads\/2020\/09\/DSC03406-scaled.jpg\",\"datePublished\":\"2020-09-27T23:46:51+00:00\",\"dateModified\":\"2026-02-05T03:36:28+00:00\",\"breadcrumb\":{\"@id\":\"https:\/\/radiolifefm.com.br\/noticias\/o-fariseu-provinciano-sergio-barbosa-opiniao\/#breadcrumb\"},\"inLanguage\":\"pt-BR\",\"potentialAction\":[{\"@type\":\"ReadAction\",\"target\":[\"https:\/\/radiolifefm.com.br\/noticias\/o-fariseu-provinciano-sergio-barbosa-opiniao\/\"]}]},{\"@type\":\"ImageObject\",\"inLanguage\":\"pt-BR\",\"@id\":\"https:\/\/radiolifefm.com.br\/noticias\/o-fariseu-provinciano-sergio-barbosa-opiniao\/#primaryimage\",\"url\":\"https:\/\/radiolifefm.com.br\/noticias\/wp-content\/uploads\/2020\/09\/DSC03406-scaled.jpg\",\"contentUrl\":\"https:\/\/radiolifefm.com.br\/noticias\/wp-content\/uploads\/2020\/09\/DSC03406-scaled.jpg\",\"width\":2560,\"height\":1920},{\"@type\":\"BreadcrumbList\",\"@id\":\"https:\/\/radiolifefm.com.br\/noticias\/o-fariseu-provinciano-sergio-barbosa-opiniao\/#breadcrumb\",\"itemListElement\":[{\"@type\":\"ListItem\",\"position\":1,\"name\":\"In\u00edcio\",\"item\":\"https:\/\/radiolifefm.com.br\/noticias\/\"},{\"@type\":\"ListItem\",\"position\":2,\"name\":\"O FARISEU PROVINCIANO&#8230;S\u00e9rgio Barbosa &#8211; Opini\u00e3o\"}]},{\"@type\":\"WebSite\",\"@id\":\"https:\/\/radiolifefm.com.br\/noticias\/#website\",\"url\":\"https:\/\/radiolifefm.com.br\/noticias\/\",\"name\":\"R\u00e1dio Life FM\",\"description\":\"O Portal de Not\u00edcias de Adamantina\",\"publisher\":{\"@id\":\"https:\/\/radiolifefm.com.br\/noticias\/#organization\"},\"alternateName\":\"Life FM\",\"potentialAction\":[{\"@type\":\"SearchAction\",\"target\":{\"@type\":\"EntryPoint\",\"urlTemplate\":\"https:\/\/radiolifefm.com.br\/noticias\/?s={search_term_string}\"},\"query-input\":{\"@type\":\"PropertyValueSpecification\",\"valueRequired\":true,\"valueName\":\"search_term_string\"}}],\"inLanguage\":\"pt-BR\"},{\"@type\":\"Organization\",\"@id\":\"https:\/\/radiolifefm.com.br\/noticias\/#organization\",\"name\":\"R\u00e1dio Life FM\",\"alternateName\":\"Life FM\",\"url\":\"https:\/\/radiolifefm.com.br\/noticias\/\",\"logo\":{\"@type\":\"ImageObject\",\"inLanguage\":\"pt-BR\",\"@id\":\"https:\/\/radiolifefm.com.br\/noticias\/#\/schema\/logo\/image\/\",\"url\":\"https:\/\/static.radiolifefm.com.br\/noticias\/wp-content\/uploads\/2019\/10\/logo-lifefm.png\",\"contentUrl\":\"https:\/\/static.radiolifefm.com.br\/noticias\/wp-content\/uploads\/2019\/10\/logo-lifefm.png\",\"width\":196,\"height\":47,\"caption\":\"R\u00e1dio Life FM\"},\"image\":{\"@id\":\"https:\/\/radiolifefm.com.br\/noticias\/#\/schema\/logo\/image\/\"},\"sameAs\":[\"https:\/\/www.facebook.com\/radiolifefm\/\",\"https:\/\/www.instagram.com\/life1079fm\/\"]},{\"@type\":\"Person\",\"@id\":\"https:\/\/radiolifefm.com.br\/noticias\/#\/schema\/person\/6876e1240feffe6e1b63fd5cb85abf28\",\"name\":\"joaograndao\",\"image\":{\"@type\":\"ImageObject\",\"inLanguage\":\"pt-BR\",\"@id\":\"https:\/\/secure.gravatar.com\/avatar\/d5b1a3cf357ed9c50404e256a1294083aa8ab5d2a994001567302786016cb32c?s=96&d=mm&r=g\",\"url\":\"https:\/\/secure.gravatar.com\/avatar\/d5b1a3cf357ed9c50404e256a1294083aa8ab5d2a994001567302786016cb32c?s=96&d=mm&r=g\",\"contentUrl\":\"https:\/\/secure.gravatar.com\/avatar\/d5b1a3cf357ed9c50404e256a1294083aa8ab5d2a994001567302786016cb32c?s=96&d=mm&r=g\",\"caption\":\"joaograndao\"}}]}<\/script>\n<!-- \/ Yoast SEO plugin. -->","yoast_head_json":{"title":"O FARISEU PROVINCIANO...S\u00e9rgio Barbosa - Opini\u00e3o - R\u00e1dio Life FM","robots":{"index":"index","follow":"follow","max-snippet":"max-snippet:-1","max-image-preview":"max-image-preview:large","max-video-preview":"max-video-preview:-1"},"canonical":"https:\/\/radiolifefm.com.br\/noticias\/o-fariseu-provinciano-sergio-barbosa-opiniao\/","og_locale":"pt_BR","og_type":"article","og_title":"O FARISEU PROVINCIANO...S\u00e9rgio Barbosa - Opini\u00e3o - R\u00e1dio Life FM","og_description":"\u201cOs que comem demais s\u00e3o sempre os mais gordos; os que leem demais nem sempre s\u00e3o os mais s\u00e1bios\u201d. (Camilo Castelo Branco) Interessante perceber que as coisas andam de mal a pior em terras provincianas, como sempre, quando tudo parece normal por aqui, pode-se pensar o contr\u00e1rio, ou seja, \u201cexiste alguma coisa de podre&#8230;\u201d Debater [&hellip;]","og_url":"https:\/\/radiolifefm.com.br\/noticias\/o-fariseu-provinciano-sergio-barbosa-opiniao\/","og_site_name":"R\u00e1dio Life FM","article_publisher":"https:\/\/www.facebook.com\/radiolifefm\/","article_published_time":"2020-09-27T23:46:51+00:00","article_modified_time":"2026-02-05T03:36:28+00:00","og_image":[{"width":2560,"height":1920,"url":"https:\/\/radiolifefm.com.br\/noticias\/wp-content\/uploads\/2020\/09\/DSC03406-scaled.jpg","type":"image\/jpeg"}],"author":"joaograndao","twitter_card":"summary_large_image","twitter_misc":{"Escrito por":"joaograndao","Est. tempo de leitura":"2 minutos"},"schema":{"@context":"https:\/\/schema.org","@graph":[{"@type":"Article","@id":"https:\/\/radiolifefm.com.br\/noticias\/o-fariseu-provinciano-sergio-barbosa-opiniao\/#article","isPartOf":{"@id":"https:\/\/radiolifefm.com.br\/noticias\/o-fariseu-provinciano-sergio-barbosa-opiniao\/"},"author":{"name":"joaograndao","@id":"https:\/\/radiolifefm.com.br\/noticias\/#\/schema\/person\/6876e1240feffe6e1b63fd5cb85abf28"},"headline":"O FARISEU PROVINCIANO&#8230;S\u00e9rgio Barbosa &#8211; Opini\u00e3o","datePublished":"2020-09-27T23:46:51+00:00","dateModified":"2026-02-05T03:36:28+00:00","mainEntityOfPage":{"@id":"https:\/\/radiolifefm.com.br\/noticias\/o-fariseu-provinciano-sergio-barbosa-opiniao\/"},"wordCount":501,"publisher":{"@id":"https:\/\/radiolifefm.com.br\/noticias\/#organization"},"image":{"@id":"https:\/\/radiolifefm.com.br\/noticias\/o-fariseu-provinciano-sergio-barbosa-opiniao\/#primaryimage"},"thumbnailUrl":"https:\/\/radiolifefm.com.br\/noticias\/wp-content\/uploads\/2020\/09\/DSC03406-scaled.jpg","articleSection":["Opini\u00e3o"],"inLanguage":"pt-BR"},{"@type":"WebPage","@id":"https:\/\/radiolifefm.com.br\/noticias\/o-fariseu-provinciano-sergio-barbosa-opiniao\/","url":"https:\/\/radiolifefm.com.br\/noticias\/o-fariseu-provinciano-sergio-barbosa-opiniao\/","name":"O FARISEU PROVINCIANO...S\u00e9rgio Barbosa - Opini\u00e3o - R\u00e1dio Life FM","isPartOf":{"@id":"https:\/\/radiolifefm.com.br\/noticias\/#website"},"primaryImageOfPage":{"@id":"https:\/\/radiolifefm.com.br\/noticias\/o-fariseu-provinciano-sergio-barbosa-opiniao\/#primaryimage"},"image":{"@id":"https:\/\/radiolifefm.com.br\/noticias\/o-fariseu-provinciano-sergio-barbosa-opiniao\/#primaryimage"},"thumbnailUrl":"https:\/\/radiolifefm.com.br\/noticias\/wp-content\/uploads\/2020\/09\/DSC03406-scaled.jpg","datePublished":"2020-09-27T23:46:51+00:00","dateModified":"2026-02-05T03:36:28+00:00","breadcrumb":{"@id":"https:\/\/radiolifefm.com.br\/noticias\/o-fariseu-provinciano-sergio-barbosa-opiniao\/#breadcrumb"},"inLanguage":"pt-BR","potentialAction":[{"@type":"ReadAction","target":["https:\/\/radiolifefm.com.br\/noticias\/o-fariseu-provinciano-sergio-barbosa-opiniao\/"]}]},{"@type":"ImageObject","inLanguage":"pt-BR","@id":"https:\/\/radiolifefm.com.br\/noticias\/o-fariseu-provinciano-sergio-barbosa-opiniao\/#primaryimage","url":"https:\/\/radiolifefm.com.br\/noticias\/wp-content\/uploads\/2020\/09\/DSC03406-scaled.jpg","contentUrl":"https:\/\/radiolifefm.com.br\/noticias\/wp-content\/uploads\/2020\/09\/DSC03406-scaled.jpg","width":2560,"height":1920},{"@type":"BreadcrumbList","@id":"https:\/\/radiolifefm.com.br\/noticias\/o-fariseu-provinciano-sergio-barbosa-opiniao\/#breadcrumb","itemListElement":[{"@type":"ListItem","position":1,"name":"In\u00edcio","item":"https:\/\/radiolifefm.com.br\/noticias\/"},{"@type":"ListItem","position":2,"name":"O FARISEU PROVINCIANO&#8230;S\u00e9rgio Barbosa &#8211; Opini\u00e3o"}]},{"@type":"WebSite","@id":"https:\/\/radiolifefm.com.br\/noticias\/#website","url":"https:\/\/radiolifefm.com.br\/noticias\/","name":"R\u00e1dio Life FM","description":"O Portal de Not\u00edcias de Adamantina","publisher":{"@id":"https:\/\/radiolifefm.com.br\/noticias\/#organization"},"alternateName":"Life FM","potentialAction":[{"@type":"SearchAction","target":{"@type":"EntryPoint","urlTemplate":"https:\/\/radiolifefm.com.br\/noticias\/?s={search_term_string}"},"query-input":{"@type":"PropertyValueSpecification","valueRequired":true,"valueName":"search_term_string"}}],"inLanguage":"pt-BR"},{"@type":"Organization","@id":"https:\/\/radiolifefm.com.br\/noticias\/#organization","name":"R\u00e1dio Life FM","alternateName":"Life FM","url":"https:\/\/radiolifefm.com.br\/noticias\/","logo":{"@type":"ImageObject","inLanguage":"pt-BR","@id":"https:\/\/radiolifefm.com.br\/noticias\/#\/schema\/logo\/image\/","url":"https:\/\/static.radiolifefm.com.br\/noticias\/wp-content\/uploads\/2019\/10\/logo-lifefm.png","contentUrl":"https:\/\/static.radiolifefm.com.br\/noticias\/wp-content\/uploads\/2019\/10\/logo-lifefm.png","width":196,"height":47,"caption":"R\u00e1dio Life FM"},"image":{"@id":"https:\/\/radiolifefm.com.br\/noticias\/#\/schema\/logo\/image\/"},"sameAs":["https:\/\/www.facebook.com\/radiolifefm\/","https:\/\/www.instagram.com\/life1079fm\/"]},{"@type":"Person","@id":"https:\/\/radiolifefm.com.br\/noticias\/#\/schema\/person\/6876e1240feffe6e1b63fd5cb85abf28","name":"joaograndao","image":{"@type":"ImageObject","inLanguage":"pt-BR","@id":"https:\/\/secure.gravatar.com\/avatar\/d5b1a3cf357ed9c50404e256a1294083aa8ab5d2a994001567302786016cb32c?s=96&d=mm&r=g","url":"https:\/\/secure.gravatar.com\/avatar\/d5b1a3cf357ed9c50404e256a1294083aa8ab5d2a994001567302786016cb32c?s=96&d=mm&r=g","contentUrl":"https:\/\/secure.gravatar.com\/avatar\/d5b1a3cf357ed9c50404e256a1294083aa8ab5d2a994001567302786016cb32c?s=96&d=mm&r=g","caption":"joaograndao"}}]}},"amp_enabled":true,"_links":{"self":[{"href":"https:\/\/radiolifefm.com.br\/noticias\/wp-json\/wp\/v2\/posts\/27528","targetHints":{"allow":["GET"]}}],"collection":[{"href":"https:\/\/radiolifefm.com.br\/noticias\/wp-json\/wp\/v2\/posts"}],"about":[{"href":"https:\/\/radiolifefm.com.br\/noticias\/wp-json\/wp\/v2\/types\/post"}],"author":[{"embeddable":true,"href":"https:\/\/radiolifefm.com.br\/noticias\/wp-json\/wp\/v2\/users\/8"}],"replies":[{"embeddable":true,"href":"https:\/\/radiolifefm.com.br\/noticias\/wp-json\/wp\/v2\/comments?post=27528"}],"version-history":[{"count":1,"href":"https:\/\/radiolifefm.com.br\/noticias\/wp-json\/wp\/v2\/posts\/27528\/revisions"}],"predecessor-version":[{"id":27532,"href":"https:\/\/radiolifefm.com.br\/noticias\/wp-json\/wp\/v2\/posts\/27528\/revisions\/27532"}],"wp:featuredmedia":[{"embeddable":true,"href":"https:\/\/radiolifefm.com.br\/noticias\/wp-json\/wp\/v2\/media\/27529"}],"wp:attachment":[{"href":"https:\/\/radiolifefm.com.br\/noticias\/wp-json\/wp\/v2\/media?parent=27528"}],"wp:term":[{"taxonomy":"category","embeddable":true,"href":"https:\/\/radiolifefm.com.br\/noticias\/wp-json\/wp\/v2\/categories?post=27528"},{"taxonomy":"post_tag","embeddable":true,"href":"https:\/\/radiolifefm.com.br\/noticias\/wp-json\/wp\/v2\/tags?post=27528"}],"curies":[{"name":"wp","href":"https:\/\/api.w.org\/{rel}","templated":true}]}}