{"id":27483,"date":"2020-09-26T11:37:43","date_gmt":"2020-09-26T14:37:43","guid":{"rendered":"https:\/\/radiolifefm.com.br\/noticias\/?p=27483"},"modified":"2026-04-06T08:19:56","modified_gmt":"2026-04-06T11:19:56","slug":"pm-prende-homem-em-flagrante-por-violencia-domestica","status":"publish","type":"post","link":"https:\/\/radiolifefm.com.br\/noticias\/pm-prende-homem-em-flagrante-por-violencia-domestica\/","title":{"rendered":"PM prende homem em flagrante por viol\u00eancia dom\u00e9stica"},"content":{"rendered":"<div id=\"fb-root\"><\/div>\n<p>A Pol\u00edcia Militar de Osvaldo Cruz prendeu na madrugada de hoje, em flagrante, um homem que n\u00e3o teve a idade divulgada pelo crime de viol\u00eancia dom\u00e9stica.<\/p>\n<p>Segundo a corpora\u00e7\u00e3o, foi por volta da 1h45 que os oficiais foram acionados para o atendimento de uma ocorr\u00eancia de viol\u00eancia dom\u00e9stica, sendo que a mulher, tamb\u00e9m sem idade divulgada, teria relatado agress\u00f5es com socos e empurr\u00f5es de seu namorado, ap\u00f3s uma discuss\u00e3o do casal.<\/p>\n<p>\u201cAs agress\u00f5es teriam lhe causado les\u00f5es na testa e boca, apresentando les\u00f5es aparentes e com sangramento\u201d.<\/p>\n<p>Em contato com o agressor, a pol\u00edcia foi informada que, ap\u00f3s a discuss\u00e3o, a namorada o teria agredido com soco no rosto e, para se defender, ele teria empurrado ela, fazendo com que a parceira batesse a testa na porta.<\/p>\n<p>Por causa das les\u00f5es, o Corpo de Bombeiros foi acionado e a mulher encaminhada \u00e0 Santa Casa de Osvaldo Cruz, onde passou por cuidados m\u00e9dicos e foi liberada.<\/p>\n<p><em><strong>Por O Imparcial Presidente Prudente<\/strong><\/em><\/p>\n","protected":false},"excerpt":{"rendered":"<p>A Pol\u00edcia Militar de Osvaldo Cruz prendeu na madrugada de hoje, em flagrante, um homem que n\u00e3o teve a idade divulgada pelo crime de viol\u00eancia dom\u00e9stica. Segundo a corpora\u00e7\u00e3o, foi por volta da 1h45 que os oficiais foram acionados para o atendimento de uma ocorr\u00eancia de viol\u00eancia dom\u00e9stica, sendo que a mulher, tamb\u00e9m sem idade [&hellip;]<\/p>\n","protected":false},"author":11,"featured_media":27484,"comment_status":"closed","ping_status":"open","sticky":false,"template":"","format":"standard","meta":{"_acf_changed":false,"_exactmetrics_skip_tracking":false,"_exactmetrics_sitenote_active":false,"_exactmetrics_sitenote_note":"","_exactmetrics_sitenote_category":0,"footnotes":""},"categories":[24],"tags":[],"class_list":["post-27483","post","type-post","status-publish","format-standard","has-post-thumbnail","hentry","category-regiao"],"acf":[],"yoast_head":"<!-- This site is optimized with the Yoast SEO plugin v27.2 - https:\/\/yoast.com\/product\/yoast-seo-wordpress\/ -->\n<title>PM prende homem em flagrante por viol\u00eancia dom\u00e9stica - R\u00e1dio Life FM<\/title>\n<meta name=\"description\" content=\"A Pol\u00edcia Militar de Osvaldo Cruz prendeu na madrugada de hoje, em flagrante, um homem que n\u00e3o teve a idade divulgada pelo crime de viol\u00eancia dom\u00e9stica.\" \/>\n<meta name=\"robots\" content=\"index, follow, max-snippet:-1, max-image-preview:large, max-video-preview:-1\" \/>\n<link rel=\"canonical\" href=\"https:\/\/radiolifefm.com.br\/noticias\/pm-prende-homem-em-flagrante-por-violencia-domestica\/\" \/>\n<meta property=\"og:locale\" content=\"pt_BR\" \/>\n<meta property=\"og:type\" content=\"article\" \/>\n<meta property=\"og:title\" content=\"PM prende homem em flagrante por viol\u00eancia dom\u00e9stica - R\u00e1dio Life FM\" \/>\n<meta property=\"og:description\" content=\"A Pol\u00edcia Militar de Osvaldo Cruz prendeu na madrugada de hoje, em flagrante, um homem que n\u00e3o teve a idade divulgada pelo crime de viol\u00eancia dom\u00e9stica.\" \/>\n<meta property=\"og:url\" content=\"https:\/\/radiolifefm.com.br\/noticias\/pm-prende-homem-em-flagrante-por-violencia-domestica\/\" \/>\n<meta property=\"og:site_name\" content=\"R\u00e1dio Life FM\" \/>\n<meta property=\"article:publisher\" content=\"https:\/\/www.facebook.com\/radiolifefm\/\" \/>\n<meta property=\"article:published_time\" content=\"2020-09-26T14:37:43+00:00\" \/>\n<meta property=\"article:modified_time\" content=\"2026-04-06T11:19:56+00:00\" \/>\n<meta property=\"og:image\" content=\"https:\/\/radiolifefm.com.br\/noticias\/wp-content\/uploads\/2020\/09\/POL.jpg\" \/>\n\t<meta property=\"og:image:width\" content=\"574\" \/>\n\t<meta property=\"og:image:height\" content=\"330\" \/>\n\t<meta property=\"og:image:type\" content=\"image\/jpeg\" \/>\n<meta name=\"author\" content=\"palomaborzan\" \/>\n<meta name=\"twitter:card\" content=\"summary_large_image\" \/>\n<meta name=\"twitter:label1\" content=\"Escrito por\" \/>\n\t<meta name=\"twitter:data1\" content=\"palomaborzan\" \/>\n\t<meta name=\"twitter:label2\" content=\"Est. tempo de leitura\" \/>\n\t<meta name=\"twitter:data2\" content=\"1 minuto\" \/>\n<script type=\"application\/ld+json\" class=\"yoast-schema-graph\">{\"@context\":\"https:\/\/schema.org\",\"@graph\":[{\"@type\":\"Article\",\"@id\":\"https:\/\/radiolifefm.com.br\/noticias\/pm-prende-homem-em-flagrante-por-violencia-domestica\/#article\",\"isPartOf\":{\"@id\":\"https:\/\/radiolifefm.com.br\/noticias\/pm-prende-homem-em-flagrante-por-violencia-domestica\/\"},\"author\":{\"name\":\"palomaborzan\",\"@id\":\"https:\/\/radiolifefm.com.br\/noticias\/#\/schema\/person\/58af3e98e78c224fbe3e142e87d53f9d\"},\"headline\":\"PM prende homem em flagrante por viol\u00eancia dom\u00e9stica\",\"datePublished\":\"2020-09-26T14:37:43+00:00\",\"dateModified\":\"2026-04-06T11:19:56+00:00\",\"mainEntityOfPage\":{\"@id\":\"https:\/\/radiolifefm.com.br\/noticias\/pm-prende-homem-em-flagrante-por-violencia-domestica\/\"},\"wordCount\":190,\"publisher\":{\"@id\":\"https:\/\/radiolifefm.com.br\/noticias\/#organization\"},\"image\":{\"@id\":\"https:\/\/radiolifefm.com.br\/noticias\/pm-prende-homem-em-flagrante-por-violencia-domestica\/#primaryimage\"},\"thumbnailUrl\":\"https:\/\/radiolifefm.com.br\/noticias\/wp-content\/uploads\/2020\/09\/POL.jpg\",\"articleSection\":[\"Regi\u00e3o\"],\"inLanguage\":\"pt-BR\"},{\"@type\":\"WebPage\",\"@id\":\"https:\/\/radiolifefm.com.br\/noticias\/pm-prende-homem-em-flagrante-por-violencia-domestica\/\",\"url\":\"https:\/\/radiolifefm.com.br\/noticias\/pm-prende-homem-em-flagrante-por-violencia-domestica\/\",\"name\":\"PM prende homem em flagrante por viol\u00eancia dom\u00e9stica - R\u00e1dio Life FM\",\"isPartOf\":{\"@id\":\"https:\/\/radiolifefm.com.br\/noticias\/#website\"},\"primaryImageOfPage\":{\"@id\":\"https:\/\/radiolifefm.com.br\/noticias\/pm-prende-homem-em-flagrante-por-violencia-domestica\/#primaryimage\"},\"image\":{\"@id\":\"https:\/\/radiolifefm.com.br\/noticias\/pm-prende-homem-em-flagrante-por-violencia-domestica\/#primaryimage\"},\"thumbnailUrl\":\"https:\/\/radiolifefm.com.br\/noticias\/wp-content\/uploads\/2020\/09\/POL.jpg\",\"datePublished\":\"2020-09-26T14:37:43+00:00\",\"dateModified\":\"2026-04-06T11:19:56+00:00\",\"description\":\"A Pol\u00edcia Militar de Osvaldo Cruz prendeu na madrugada de hoje, em flagrante, um homem que n\u00e3o teve a idade divulgada pelo crime de viol\u00eancia dom\u00e9stica.\",\"breadcrumb\":{\"@id\":\"https:\/\/radiolifefm.com.br\/noticias\/pm-prende-homem-em-flagrante-por-violencia-domestica\/#breadcrumb\"},\"inLanguage\":\"pt-BR\",\"potentialAction\":[{\"@type\":\"ReadAction\",\"target\":[\"https:\/\/radiolifefm.com.br\/noticias\/pm-prende-homem-em-flagrante-por-violencia-domestica\/\"]}]},{\"@type\":\"ImageObject\",\"inLanguage\":\"pt-BR\",\"@id\":\"https:\/\/radiolifefm.com.br\/noticias\/pm-prende-homem-em-flagrante-por-violencia-domestica\/#primaryimage\",\"url\":\"https:\/\/radiolifefm.com.br\/noticias\/wp-content\/uploads\/2020\/09\/POL.jpg\",\"contentUrl\":\"https:\/\/radiolifefm.com.br\/noticias\/wp-content\/uploads\/2020\/09\/POL.jpg\",\"width\":574,\"height\":330,\"caption\":\"Foto: PM prendeu em flagrante o agressor\"},{\"@type\":\"BreadcrumbList\",\"@id\":\"https:\/\/radiolifefm.com.br\/noticias\/pm-prende-homem-em-flagrante-por-violencia-domestica\/#breadcrumb\",\"itemListElement\":[{\"@type\":\"ListItem\",\"position\":1,\"name\":\"In\u00edcio\",\"item\":\"https:\/\/radiolifefm.com.br\/noticias\/\"},{\"@type\":\"ListItem\",\"position\":2,\"name\":\"PM prende homem em flagrante por viol\u00eancia dom\u00e9stica\"}]},{\"@type\":\"WebSite\",\"@id\":\"https:\/\/radiolifefm.com.br\/noticias\/#website\",\"url\":\"https:\/\/radiolifefm.com.br\/noticias\/\",\"name\":\"R\u00e1dio Life FM\",\"description\":\"O Portal de Not\u00edcias de Adamantina\",\"publisher\":{\"@id\":\"https:\/\/radiolifefm.com.br\/noticias\/#organization\"},\"alternateName\":\"Life FM\",\"potentialAction\":[{\"@type\":\"SearchAction\",\"target\":{\"@type\":\"EntryPoint\",\"urlTemplate\":\"https:\/\/radiolifefm.com.br\/noticias\/?s={search_term_string}\"},\"query-input\":{\"@type\":\"PropertyValueSpecification\",\"valueRequired\":true,\"valueName\":\"search_term_string\"}}],\"inLanguage\":\"pt-BR\"},{\"@type\":\"Organization\",\"@id\":\"https:\/\/radiolifefm.com.br\/noticias\/#organization\",\"name\":\"R\u00e1dio Life FM\",\"alternateName\":\"Life FM\",\"url\":\"https:\/\/radiolifefm.com.br\/noticias\/\",\"logo\":{\"@type\":\"ImageObject\",\"inLanguage\":\"pt-BR\",\"@id\":\"https:\/\/radiolifefm.com.br\/noticias\/#\/schema\/logo\/image\/\",\"url\":\"https:\/\/static.radiolifefm.com.br\/noticias\/wp-content\/uploads\/2019\/10\/logo-lifefm.png\",\"contentUrl\":\"https:\/\/static.radiolifefm.com.br\/noticias\/wp-content\/uploads\/2019\/10\/logo-lifefm.png\",\"width\":196,\"height\":47,\"caption\":\"R\u00e1dio Life FM\"},\"image\":{\"@id\":\"https:\/\/radiolifefm.com.br\/noticias\/#\/schema\/logo\/image\/\"},\"sameAs\":[\"https:\/\/www.facebook.com\/radiolifefm\/\",\"https:\/\/www.instagram.com\/life1079fm\/\"]},{\"@type\":\"Person\",\"@id\":\"https:\/\/radiolifefm.com.br\/noticias\/#\/schema\/person\/58af3e98e78c224fbe3e142e87d53f9d\",\"name\":\"palomaborzan\",\"image\":{\"@type\":\"ImageObject\",\"inLanguage\":\"pt-BR\",\"@id\":\"https:\/\/secure.gravatar.com\/avatar\/495dd4d309288e9e8b97792861022a1857603be0c564711b6748b454e0a374dd?s=96&d=mm&r=g\",\"url\":\"https:\/\/secure.gravatar.com\/avatar\/495dd4d309288e9e8b97792861022a1857603be0c564711b6748b454e0a374dd?s=96&d=mm&r=g\",\"contentUrl\":\"https:\/\/secure.gravatar.com\/avatar\/495dd4d309288e9e8b97792861022a1857603be0c564711b6748b454e0a374dd?s=96&d=mm&r=g\",\"caption\":\"palomaborzan\"}}]}<\/script>\n<!-- \/ Yoast SEO plugin. -->","yoast_head_json":{"title":"PM prende homem em flagrante por viol\u00eancia dom\u00e9stica - R\u00e1dio Life FM","description":"A Pol\u00edcia Militar de Osvaldo Cruz prendeu na madrugada de hoje, em flagrante, um homem que n\u00e3o teve a idade divulgada pelo crime de viol\u00eancia dom\u00e9stica.","robots":{"index":"index","follow":"follow","max-snippet":"max-snippet:-1","max-image-preview":"max-image-preview:large","max-video-preview":"max-video-preview:-1"},"canonical":"https:\/\/radiolifefm.com.br\/noticias\/pm-prende-homem-em-flagrante-por-violencia-domestica\/","og_locale":"pt_BR","og_type":"article","og_title":"PM prende homem em flagrante por viol\u00eancia dom\u00e9stica - R\u00e1dio Life FM","og_description":"A Pol\u00edcia Militar de Osvaldo Cruz prendeu na madrugada de hoje, em flagrante, um homem que n\u00e3o teve a idade divulgada pelo crime de viol\u00eancia dom\u00e9stica.","og_url":"https:\/\/radiolifefm.com.br\/noticias\/pm-prende-homem-em-flagrante-por-violencia-domestica\/","og_site_name":"R\u00e1dio Life FM","article_publisher":"https:\/\/www.facebook.com\/radiolifefm\/","article_published_time":"2020-09-26T14:37:43+00:00","article_modified_time":"2026-04-06T11:19:56+00:00","og_image":[{"width":574,"height":330,"url":"https:\/\/radiolifefm.com.br\/noticias\/wp-content\/uploads\/2020\/09\/POL.jpg","type":"image\/jpeg"}],"author":"palomaborzan","twitter_card":"summary_large_image","twitter_misc":{"Escrito por":"palomaborzan","Est. tempo de leitura":"1 minuto"},"schema":{"@context":"https:\/\/schema.org","@graph":[{"@type":"Article","@id":"https:\/\/radiolifefm.com.br\/noticias\/pm-prende-homem-em-flagrante-por-violencia-domestica\/#article","isPartOf":{"@id":"https:\/\/radiolifefm.com.br\/noticias\/pm-prende-homem-em-flagrante-por-violencia-domestica\/"},"author":{"name":"palomaborzan","@id":"https:\/\/radiolifefm.com.br\/noticias\/#\/schema\/person\/58af3e98e78c224fbe3e142e87d53f9d"},"headline":"PM prende homem em flagrante por viol\u00eancia dom\u00e9stica","datePublished":"2020-09-26T14:37:43+00:00","dateModified":"2026-04-06T11:19:56+00:00","mainEntityOfPage":{"@id":"https:\/\/radiolifefm.com.br\/noticias\/pm-prende-homem-em-flagrante-por-violencia-domestica\/"},"wordCount":190,"publisher":{"@id":"https:\/\/radiolifefm.com.br\/noticias\/#organization"},"image":{"@id":"https:\/\/radiolifefm.com.br\/noticias\/pm-prende-homem-em-flagrante-por-violencia-domestica\/#primaryimage"},"thumbnailUrl":"https:\/\/radiolifefm.com.br\/noticias\/wp-content\/uploads\/2020\/09\/POL.jpg","articleSection":["Regi\u00e3o"],"inLanguage":"pt-BR"},{"@type":"WebPage","@id":"https:\/\/radiolifefm.com.br\/noticias\/pm-prende-homem-em-flagrante-por-violencia-domestica\/","url":"https:\/\/radiolifefm.com.br\/noticias\/pm-prende-homem-em-flagrante-por-violencia-domestica\/","name":"PM prende homem em flagrante por viol\u00eancia dom\u00e9stica - R\u00e1dio Life FM","isPartOf":{"@id":"https:\/\/radiolifefm.com.br\/noticias\/#website"},"primaryImageOfPage":{"@id":"https:\/\/radiolifefm.com.br\/noticias\/pm-prende-homem-em-flagrante-por-violencia-domestica\/#primaryimage"},"image":{"@id":"https:\/\/radiolifefm.com.br\/noticias\/pm-prende-homem-em-flagrante-por-violencia-domestica\/#primaryimage"},"thumbnailUrl":"https:\/\/radiolifefm.com.br\/noticias\/wp-content\/uploads\/2020\/09\/POL.jpg","datePublished":"2020-09-26T14:37:43+00:00","dateModified":"2026-04-06T11:19:56+00:00","description":"A Pol\u00edcia Militar de Osvaldo Cruz prendeu na madrugada de hoje, em flagrante, um homem que n\u00e3o teve a idade divulgada pelo crime de viol\u00eancia dom\u00e9stica.","breadcrumb":{"@id":"https:\/\/radiolifefm.com.br\/noticias\/pm-prende-homem-em-flagrante-por-violencia-domestica\/#breadcrumb"},"inLanguage":"pt-BR","potentialAction":[{"@type":"ReadAction","target":["https:\/\/radiolifefm.com.br\/noticias\/pm-prende-homem-em-flagrante-por-violencia-domestica\/"]}]},{"@type":"ImageObject","inLanguage":"pt-BR","@id":"https:\/\/radiolifefm.com.br\/noticias\/pm-prende-homem-em-flagrante-por-violencia-domestica\/#primaryimage","url":"https:\/\/radiolifefm.com.br\/noticias\/wp-content\/uploads\/2020\/09\/POL.jpg","contentUrl":"https:\/\/radiolifefm.com.br\/noticias\/wp-content\/uploads\/2020\/09\/POL.jpg","width":574,"height":330,"caption":"Foto: PM prendeu em flagrante o agressor"},{"@type":"BreadcrumbList","@id":"https:\/\/radiolifefm.com.br\/noticias\/pm-prende-homem-em-flagrante-por-violencia-domestica\/#breadcrumb","itemListElement":[{"@type":"ListItem","position":1,"name":"In\u00edcio","item":"https:\/\/radiolifefm.com.br\/noticias\/"},{"@type":"ListItem","position":2,"name":"PM prende homem em flagrante por viol\u00eancia dom\u00e9stica"}]},{"@type":"WebSite","@id":"https:\/\/radiolifefm.com.br\/noticias\/#website","url":"https:\/\/radiolifefm.com.br\/noticias\/","name":"R\u00e1dio Life FM","description":"O Portal de Not\u00edcias de Adamantina","publisher":{"@id":"https:\/\/radiolifefm.com.br\/noticias\/#organization"},"alternateName":"Life FM","potentialAction":[{"@type":"SearchAction","target":{"@type":"EntryPoint","urlTemplate":"https:\/\/radiolifefm.com.br\/noticias\/?s={search_term_string}"},"query-input":{"@type":"PropertyValueSpecification","valueRequired":true,"valueName":"search_term_string"}}],"inLanguage":"pt-BR"},{"@type":"Organization","@id":"https:\/\/radiolifefm.com.br\/noticias\/#organization","name":"R\u00e1dio Life FM","alternateName":"Life FM","url":"https:\/\/radiolifefm.com.br\/noticias\/","logo":{"@type":"ImageObject","inLanguage":"pt-BR","@id":"https:\/\/radiolifefm.com.br\/noticias\/#\/schema\/logo\/image\/","url":"https:\/\/static.radiolifefm.com.br\/noticias\/wp-content\/uploads\/2019\/10\/logo-lifefm.png","contentUrl":"https:\/\/static.radiolifefm.com.br\/noticias\/wp-content\/uploads\/2019\/10\/logo-lifefm.png","width":196,"height":47,"caption":"R\u00e1dio Life FM"},"image":{"@id":"https:\/\/radiolifefm.com.br\/noticias\/#\/schema\/logo\/image\/"},"sameAs":["https:\/\/www.facebook.com\/radiolifefm\/","https:\/\/www.instagram.com\/life1079fm\/"]},{"@type":"Person","@id":"https:\/\/radiolifefm.com.br\/noticias\/#\/schema\/person\/58af3e98e78c224fbe3e142e87d53f9d","name":"palomaborzan","image":{"@type":"ImageObject","inLanguage":"pt-BR","@id":"https:\/\/secure.gravatar.com\/avatar\/495dd4d309288e9e8b97792861022a1857603be0c564711b6748b454e0a374dd?s=96&d=mm&r=g","url":"https:\/\/secure.gravatar.com\/avatar\/495dd4d309288e9e8b97792861022a1857603be0c564711b6748b454e0a374dd?s=96&d=mm&r=g","contentUrl":"https:\/\/secure.gravatar.com\/avatar\/495dd4d309288e9e8b97792861022a1857603be0c564711b6748b454e0a374dd?s=96&d=mm&r=g","caption":"palomaborzan"}}]}},"amp_enabled":true,"_links":{"self":[{"href":"https:\/\/radiolifefm.com.br\/noticias\/wp-json\/wp\/v2\/posts\/27483","targetHints":{"allow":["GET"]}}],"collection":[{"href":"https:\/\/radiolifefm.com.br\/noticias\/wp-json\/wp\/v2\/posts"}],"about":[{"href":"https:\/\/radiolifefm.com.br\/noticias\/wp-json\/wp\/v2\/types\/post"}],"author":[{"embeddable":true,"href":"https:\/\/radiolifefm.com.br\/noticias\/wp-json\/wp\/v2\/users\/11"}],"replies":[{"embeddable":true,"href":"https:\/\/radiolifefm.com.br\/noticias\/wp-json\/wp\/v2\/comments?post=27483"}],"version-history":[{"count":1,"href":"https:\/\/radiolifefm.com.br\/noticias\/wp-json\/wp\/v2\/posts\/27483\/revisions"}],"predecessor-version":[{"id":27485,"href":"https:\/\/radiolifefm.com.br\/noticias\/wp-json\/wp\/v2\/posts\/27483\/revisions\/27485"}],"wp:featuredmedia":[{"embeddable":true,"href":"https:\/\/radiolifefm.com.br\/noticias\/wp-json\/wp\/v2\/media\/27484"}],"wp:attachment":[{"href":"https:\/\/radiolifefm.com.br\/noticias\/wp-json\/wp\/v2\/media?parent=27483"}],"wp:term":[{"taxonomy":"category","embeddable":true,"href":"https:\/\/radiolifefm.com.br\/noticias\/wp-json\/wp\/v2\/categories?post=27483"},{"taxonomy":"post_tag","embeddable":true,"href":"https:\/\/radiolifefm.com.br\/noticias\/wp-json\/wp\/v2\/tags?post=27483"}],"curies":[{"name":"wp","href":"https:\/\/api.w.org\/{rel}","templated":true}]}}