{"id":27458,"date":"2020-09-26T09:07:32","date_gmt":"2020-09-26T12:07:32","guid":{"rendered":"https:\/\/radiolifefm.com.br\/noticias\/?p=27458"},"modified":"2026-04-24T13:20:54","modified_gmt":"2026-04-24T16:20:54","slug":"fiscalizacao-apreende-carga-de-celulares-do-paraguai-avaliada-em-r-100-mil-em-regente-feijo","status":"publish","type":"post","link":"https:\/\/radiolifefm.com.br\/noticias\/fiscalizacao-apreende-carga-de-celulares-do-paraguai-avaliada-em-r-100-mil-em-regente-feijo\/","title":{"rendered":"Fiscaliza\u00e7\u00e3o apreende carga de celulares do Paraguai avaliada em R$ 100 mil em Regente Feij\u00f3"},"content":{"rendered":"<div id=\"fb-root\"><\/div>\n<div class=\"mc-column content-text active-extra-styles \" data-block-type=\"unstyled\" data-block-weight=\"20\" data-block-id=\"2\">\n<p class=\"content-text__container \" data-track-category=\"Link no Texto\" data-track-links=\"\">A Pol\u00edcia Militar Rodovi\u00e1ria apreendeu na noite desta sexta-feira (25) uma carga de aparelhos celulares avaliada em R$ 100 mil.<\/p>\n<\/div>\n<div class=\"wall protected-content\">\n<div class=\"mc-column content-text active-extra-styles \" data-block-type=\"unstyled\" data-block-weight=\"34\" data-block-id=\"3\">\n<p class=\"content-text__container \" data-track-category=\"Link no Texto\" data-track-links=\"\">As mercadorias, de origem estrangeira e sem documenta\u00e7\u00e3o fiscal, eram transportadas em uma caminhonete, com placas do Estado do Paran\u00e1, que foi abordada pela fiscaliza\u00e7\u00e3o na Rodovia Assis Chateaubriand (SP-425), em\u00a0<a href=\"https:\/\/g1.globo.com\/sp\/presidente-prudente-regiao\/cidade\/regente-feijo\/\">Regente Feij\u00f3 (SP)<\/a>.<\/p>\n<\/div>\n<div class=\"mc-column content-text active-extra-styles \" data-block-type=\"unstyled\" data-block-weight=\"31\" data-block-id=\"4\">\n<p class=\"content-text__container \" data-track-category=\"Link no Texto\" data-track-links=\"\">O ve\u00edculo tamb\u00e9m ficou apreendido e os ocupantes da caminhonete, um homem e uma mulher com idades entre 20 e 50 anos, acabaram detidos e ir\u00e3o responder pelo crime de descaminho.<\/p>\n<\/div>\n<div class=\"mc-column content-text active-extra-styles \" data-block-type=\"unstyled\" data-block-weight=\"19\" data-block-id=\"5\">\n<p class=\"content-text__container \" data-track-category=\"Link no Texto\" data-track-links=\"\">Segundo a pol\u00edcia, os celulares eram origin\u00e1rios do Paraguai e seriam distribu\u00eddos em munic\u00edpios do Estado de S\u00e3o Paulo.<\/p>\n<p><em><strong>POR G1 PRESIDENTE PRUDENTE\u00a0<\/strong><\/em><\/p>\n<\/div>\n<\/div>\n","protected":false},"excerpt":{"rendered":"<p>A Pol\u00edcia Militar Rodovi\u00e1ria apreendeu na noite desta sexta-feira (25) uma carga de aparelhos celulares avaliada em R$ 100 mil. As mercadorias, de origem estrangeira e sem documenta\u00e7\u00e3o fiscal, eram transportadas em uma caminhonete, com placas do Estado do Paran\u00e1, que foi abordada pela fiscaliza\u00e7\u00e3o na Rodovia Assis Chateaubriand (SP-425), em\u00a0Regente Feij\u00f3 (SP). O ve\u00edculo [&hellip;]<\/p>\n","protected":false},"author":11,"featured_media":27460,"comment_status":"closed","ping_status":"open","sticky":false,"template":"","format":"standard","meta":{"_acf_changed":false,"_exactmetrics_skip_tracking":false,"_exactmetrics_sitenote_active":false,"_exactmetrics_sitenote_note":"","_exactmetrics_sitenote_category":0,"footnotes":""},"categories":[24],"tags":[],"class_list":["post-27458","post","type-post","status-publish","format-standard","has-post-thumbnail","hentry","category-regiao"],"acf":[],"yoast_head":"<!-- This site is optimized with the Yoast SEO plugin v27.2 - https:\/\/yoast.com\/product\/yoast-seo-wordpress\/ -->\n<title>Fiscaliza\u00e7\u00e3o apreende carga de celulares do Paraguai avaliada em R$ 100 mil em Regente Feij\u00f3 - R\u00e1dio Life FM<\/title>\n<meta name=\"description\" content=\"A Pol\u00edcia Militar Rodovi\u00e1ria apreendeu na noite desta sexta-feira (25) uma carga de aparelhos celulares avaliada em R$ 100 mil.\" \/>\n<meta name=\"robots\" content=\"index, follow, max-snippet:-1, max-image-preview:large, max-video-preview:-1\" \/>\n<link rel=\"canonical\" href=\"https:\/\/radiolifefm.com.br\/noticias\/fiscalizacao-apreende-carga-de-celulares-do-paraguai-avaliada-em-r-100-mil-em-regente-feijo\/\" \/>\n<meta property=\"og:locale\" content=\"pt_BR\" \/>\n<meta property=\"og:type\" content=\"article\" \/>\n<meta property=\"og:title\" content=\"Fiscaliza\u00e7\u00e3o apreende carga de celulares do Paraguai avaliada em R$ 100 mil em Regente Feij\u00f3 - R\u00e1dio Life FM\" \/>\n<meta property=\"og:description\" content=\"A Pol\u00edcia Militar Rodovi\u00e1ria apreendeu na noite desta sexta-feira (25) uma carga de aparelhos celulares avaliada em R$ 100 mil.\" \/>\n<meta property=\"og:url\" content=\"https:\/\/radiolifefm.com.br\/noticias\/fiscalizacao-apreende-carga-de-celulares-do-paraguai-avaliada-em-r-100-mil-em-regente-feijo\/\" \/>\n<meta property=\"og:site_name\" content=\"R\u00e1dio Life FM\" \/>\n<meta property=\"article:publisher\" content=\"https:\/\/www.facebook.com\/radiolifefm\/\" \/>\n<meta property=\"article:published_time\" content=\"2020-09-26T12:07:32+00:00\" \/>\n<meta property=\"article:modified_time\" content=\"2026-04-24T16:20:54+00:00\" \/>\n<meta property=\"og:image\" content=\"https:\/\/radiolifefm.com.br\/noticias\/wp-content\/uploads\/2020\/09\/125473ca-9353-4a03-84f8-9225841d6520.jpg\" \/>\n\t<meta property=\"og:image:width\" content=\"1000\" \/>\n\t<meta property=\"og:image:height\" content=\"478\" \/>\n\t<meta property=\"og:image:type\" content=\"image\/jpeg\" \/>\n<meta name=\"author\" content=\"palomaborzan\" \/>\n<meta name=\"twitter:card\" content=\"summary_large_image\" \/>\n<meta name=\"twitter:label1\" content=\"Escrito por\" \/>\n\t<meta name=\"twitter:data1\" content=\"palomaborzan\" \/>\n\t<meta name=\"twitter:label2\" content=\"Est. tempo de leitura\" \/>\n\t<meta name=\"twitter:data2\" content=\"1 minuto\" \/>\n<script type=\"application\/ld+json\" class=\"yoast-schema-graph\">{\"@context\":\"https:\/\/schema.org\",\"@graph\":[{\"@type\":\"Article\",\"@id\":\"https:\/\/radiolifefm.com.br\/noticias\/fiscalizacao-apreende-carga-de-celulares-do-paraguai-avaliada-em-r-100-mil-em-regente-feijo\/#article\",\"isPartOf\":{\"@id\":\"https:\/\/radiolifefm.com.br\/noticias\/fiscalizacao-apreende-carga-de-celulares-do-paraguai-avaliada-em-r-100-mil-em-regente-feijo\/\"},\"author\":{\"name\":\"palomaborzan\",\"@id\":\"https:\/\/radiolifefm.com.br\/noticias\/#\/schema\/person\/58af3e98e78c224fbe3e142e87d53f9d\"},\"headline\":\"Fiscaliza\u00e7\u00e3o apreende carga de celulares do Paraguai avaliada em R$ 100 mil em Regente Feij\u00f3\",\"datePublished\":\"2020-09-26T12:07:32+00:00\",\"dateModified\":\"2026-04-24T16:20:54+00:00\",\"mainEntityOfPage\":{\"@id\":\"https:\/\/radiolifefm.com.br\/noticias\/fiscalizacao-apreende-carga-de-celulares-do-paraguai-avaliada-em-r-100-mil-em-regente-feijo\/\"},\"wordCount\":131,\"publisher\":{\"@id\":\"https:\/\/radiolifefm.com.br\/noticias\/#organization\"},\"image\":{\"@id\":\"https:\/\/radiolifefm.com.br\/noticias\/fiscalizacao-apreende-carga-de-celulares-do-paraguai-avaliada-em-r-100-mil-em-regente-feijo\/#primaryimage\"},\"thumbnailUrl\":\"https:\/\/radiolifefm.com.br\/noticias\/wp-content\/uploads\/2020\/09\/125473ca-9353-4a03-84f8-9225841d6520.jpg\",\"articleSection\":[\"Regi\u00e3o\"],\"inLanguage\":\"pt-BR\"},{\"@type\":\"WebPage\",\"@id\":\"https:\/\/radiolifefm.com.br\/noticias\/fiscalizacao-apreende-carga-de-celulares-do-paraguai-avaliada-em-r-100-mil-em-regente-feijo\/\",\"url\":\"https:\/\/radiolifefm.com.br\/noticias\/fiscalizacao-apreende-carga-de-celulares-do-paraguai-avaliada-em-r-100-mil-em-regente-feijo\/\",\"name\":\"Fiscaliza\u00e7\u00e3o apreende carga de celulares do Paraguai avaliada em R$ 100 mil em Regente Feij\u00f3 - R\u00e1dio Life FM\",\"isPartOf\":{\"@id\":\"https:\/\/radiolifefm.com.br\/noticias\/#website\"},\"primaryImageOfPage\":{\"@id\":\"https:\/\/radiolifefm.com.br\/noticias\/fiscalizacao-apreende-carga-de-celulares-do-paraguai-avaliada-em-r-100-mil-em-regente-feijo\/#primaryimage\"},\"image\":{\"@id\":\"https:\/\/radiolifefm.com.br\/noticias\/fiscalizacao-apreende-carga-de-celulares-do-paraguai-avaliada-em-r-100-mil-em-regente-feijo\/#primaryimage\"},\"thumbnailUrl\":\"https:\/\/radiolifefm.com.br\/noticias\/wp-content\/uploads\/2020\/09\/125473ca-9353-4a03-84f8-9225841d6520.jpg\",\"datePublished\":\"2020-09-26T12:07:32+00:00\",\"dateModified\":\"2026-04-24T16:20:54+00:00\",\"description\":\"A Pol\u00edcia Militar Rodovi\u00e1ria apreendeu na noite desta sexta-feira (25) uma carga de aparelhos celulares avaliada em R$ 100 mil.\",\"breadcrumb\":{\"@id\":\"https:\/\/radiolifefm.com.br\/noticias\/fiscalizacao-apreende-carga-de-celulares-do-paraguai-avaliada-em-r-100-mil-em-regente-feijo\/#breadcrumb\"},\"inLanguage\":\"pt-BR\",\"potentialAction\":[{\"@type\":\"ReadAction\",\"target\":[\"https:\/\/radiolifefm.com.br\/noticias\/fiscalizacao-apreende-carga-de-celulares-do-paraguai-avaliada-em-r-100-mil-em-regente-feijo\/\"]}]},{\"@type\":\"ImageObject\",\"inLanguage\":\"pt-BR\",\"@id\":\"https:\/\/radiolifefm.com.br\/noticias\/fiscalizacao-apreende-carga-de-celulares-do-paraguai-avaliada-em-r-100-mil-em-regente-feijo\/#primaryimage\",\"url\":\"https:\/\/radiolifefm.com.br\/noticias\/wp-content\/uploads\/2020\/09\/125473ca-9353-4a03-84f8-9225841d6520.jpg\",\"contentUrl\":\"https:\/\/radiolifefm.com.br\/noticias\/wp-content\/uploads\/2020\/09\/125473ca-9353-4a03-84f8-9225841d6520.jpg\",\"width\":1000,\"height\":478,\"caption\":\"Carga de celulares do Paraguai foi apreendida em Regente Feij\u00f3 \u2014 Foto: Pol\u00edcia Militar Rodovi\u00e1ria\"},{\"@type\":\"BreadcrumbList\",\"@id\":\"https:\/\/radiolifefm.com.br\/noticias\/fiscalizacao-apreende-carga-de-celulares-do-paraguai-avaliada-em-r-100-mil-em-regente-feijo\/#breadcrumb\",\"itemListElement\":[{\"@type\":\"ListItem\",\"position\":1,\"name\":\"In\u00edcio\",\"item\":\"https:\/\/radiolifefm.com.br\/noticias\/\"},{\"@type\":\"ListItem\",\"position\":2,\"name\":\"Fiscaliza\u00e7\u00e3o apreende carga de celulares do Paraguai avaliada em R$ 100 mil em Regente Feij\u00f3\"}]},{\"@type\":\"WebSite\",\"@id\":\"https:\/\/radiolifefm.com.br\/noticias\/#website\",\"url\":\"https:\/\/radiolifefm.com.br\/noticias\/\",\"name\":\"R\u00e1dio Life FM\",\"description\":\"O Portal de Not\u00edcias de Adamantina\",\"publisher\":{\"@id\":\"https:\/\/radiolifefm.com.br\/noticias\/#organization\"},\"alternateName\":\"Life FM\",\"potentialAction\":[{\"@type\":\"SearchAction\",\"target\":{\"@type\":\"EntryPoint\",\"urlTemplate\":\"https:\/\/radiolifefm.com.br\/noticias\/?s={search_term_string}\"},\"query-input\":{\"@type\":\"PropertyValueSpecification\",\"valueRequired\":true,\"valueName\":\"search_term_string\"}}],\"inLanguage\":\"pt-BR\"},{\"@type\":\"Organization\",\"@id\":\"https:\/\/radiolifefm.com.br\/noticias\/#organization\",\"name\":\"R\u00e1dio Life FM\",\"alternateName\":\"Life FM\",\"url\":\"https:\/\/radiolifefm.com.br\/noticias\/\",\"logo\":{\"@type\":\"ImageObject\",\"inLanguage\":\"pt-BR\",\"@id\":\"https:\/\/radiolifefm.com.br\/noticias\/#\/schema\/logo\/image\/\",\"url\":\"https:\/\/static.radiolifefm.com.br\/noticias\/wp-content\/uploads\/2019\/10\/logo-lifefm.png\",\"contentUrl\":\"https:\/\/static.radiolifefm.com.br\/noticias\/wp-content\/uploads\/2019\/10\/logo-lifefm.png\",\"width\":196,\"height\":47,\"caption\":\"R\u00e1dio Life FM\"},\"image\":{\"@id\":\"https:\/\/radiolifefm.com.br\/noticias\/#\/schema\/logo\/image\/\"},\"sameAs\":[\"https:\/\/www.facebook.com\/radiolifefm\/\",\"https:\/\/www.instagram.com\/life1079fm\/\"]},{\"@type\":\"Person\",\"@id\":\"https:\/\/radiolifefm.com.br\/noticias\/#\/schema\/person\/58af3e98e78c224fbe3e142e87d53f9d\",\"name\":\"palomaborzan\",\"image\":{\"@type\":\"ImageObject\",\"inLanguage\":\"pt-BR\",\"@id\":\"https:\/\/secure.gravatar.com\/avatar\/495dd4d309288e9e8b97792861022a1857603be0c564711b6748b454e0a374dd?s=96&d=mm&r=g\",\"url\":\"https:\/\/secure.gravatar.com\/avatar\/495dd4d309288e9e8b97792861022a1857603be0c564711b6748b454e0a374dd?s=96&d=mm&r=g\",\"contentUrl\":\"https:\/\/secure.gravatar.com\/avatar\/495dd4d309288e9e8b97792861022a1857603be0c564711b6748b454e0a374dd?s=96&d=mm&r=g\",\"caption\":\"palomaborzan\"}}]}<\/script>\n<!-- \/ Yoast SEO plugin. -->","yoast_head_json":{"title":"Fiscaliza\u00e7\u00e3o apreende carga de celulares do Paraguai avaliada em R$ 100 mil em Regente Feij\u00f3 - R\u00e1dio Life FM","description":"A Pol\u00edcia Militar Rodovi\u00e1ria apreendeu na noite desta sexta-feira (25) uma carga de aparelhos celulares avaliada em R$ 100 mil.","robots":{"index":"index","follow":"follow","max-snippet":"max-snippet:-1","max-image-preview":"max-image-preview:large","max-video-preview":"max-video-preview:-1"},"canonical":"https:\/\/radiolifefm.com.br\/noticias\/fiscalizacao-apreende-carga-de-celulares-do-paraguai-avaliada-em-r-100-mil-em-regente-feijo\/","og_locale":"pt_BR","og_type":"article","og_title":"Fiscaliza\u00e7\u00e3o apreende carga de celulares do Paraguai avaliada em R$ 100 mil em Regente Feij\u00f3 - R\u00e1dio Life FM","og_description":"A Pol\u00edcia Militar Rodovi\u00e1ria apreendeu na noite desta sexta-feira (25) uma carga de aparelhos celulares avaliada em R$ 100 mil.","og_url":"https:\/\/radiolifefm.com.br\/noticias\/fiscalizacao-apreende-carga-de-celulares-do-paraguai-avaliada-em-r-100-mil-em-regente-feijo\/","og_site_name":"R\u00e1dio Life FM","article_publisher":"https:\/\/www.facebook.com\/radiolifefm\/","article_published_time":"2020-09-26T12:07:32+00:00","article_modified_time":"2026-04-24T16:20:54+00:00","og_image":[{"width":1000,"height":478,"url":"https:\/\/radiolifefm.com.br\/noticias\/wp-content\/uploads\/2020\/09\/125473ca-9353-4a03-84f8-9225841d6520.jpg","type":"image\/jpeg"}],"author":"palomaborzan","twitter_card":"summary_large_image","twitter_misc":{"Escrito por":"palomaborzan","Est. tempo de leitura":"1 minuto"},"schema":{"@context":"https:\/\/schema.org","@graph":[{"@type":"Article","@id":"https:\/\/radiolifefm.com.br\/noticias\/fiscalizacao-apreende-carga-de-celulares-do-paraguai-avaliada-em-r-100-mil-em-regente-feijo\/#article","isPartOf":{"@id":"https:\/\/radiolifefm.com.br\/noticias\/fiscalizacao-apreende-carga-de-celulares-do-paraguai-avaliada-em-r-100-mil-em-regente-feijo\/"},"author":{"name":"palomaborzan","@id":"https:\/\/radiolifefm.com.br\/noticias\/#\/schema\/person\/58af3e98e78c224fbe3e142e87d53f9d"},"headline":"Fiscaliza\u00e7\u00e3o apreende carga de celulares do Paraguai avaliada em R$ 100 mil em Regente Feij\u00f3","datePublished":"2020-09-26T12:07:32+00:00","dateModified":"2026-04-24T16:20:54+00:00","mainEntityOfPage":{"@id":"https:\/\/radiolifefm.com.br\/noticias\/fiscalizacao-apreende-carga-de-celulares-do-paraguai-avaliada-em-r-100-mil-em-regente-feijo\/"},"wordCount":131,"publisher":{"@id":"https:\/\/radiolifefm.com.br\/noticias\/#organization"},"image":{"@id":"https:\/\/radiolifefm.com.br\/noticias\/fiscalizacao-apreende-carga-de-celulares-do-paraguai-avaliada-em-r-100-mil-em-regente-feijo\/#primaryimage"},"thumbnailUrl":"https:\/\/radiolifefm.com.br\/noticias\/wp-content\/uploads\/2020\/09\/125473ca-9353-4a03-84f8-9225841d6520.jpg","articleSection":["Regi\u00e3o"],"inLanguage":"pt-BR"},{"@type":"WebPage","@id":"https:\/\/radiolifefm.com.br\/noticias\/fiscalizacao-apreende-carga-de-celulares-do-paraguai-avaliada-em-r-100-mil-em-regente-feijo\/","url":"https:\/\/radiolifefm.com.br\/noticias\/fiscalizacao-apreende-carga-de-celulares-do-paraguai-avaliada-em-r-100-mil-em-regente-feijo\/","name":"Fiscaliza\u00e7\u00e3o apreende carga de celulares do Paraguai avaliada em R$ 100 mil em Regente Feij\u00f3 - R\u00e1dio Life FM","isPartOf":{"@id":"https:\/\/radiolifefm.com.br\/noticias\/#website"},"primaryImageOfPage":{"@id":"https:\/\/radiolifefm.com.br\/noticias\/fiscalizacao-apreende-carga-de-celulares-do-paraguai-avaliada-em-r-100-mil-em-regente-feijo\/#primaryimage"},"image":{"@id":"https:\/\/radiolifefm.com.br\/noticias\/fiscalizacao-apreende-carga-de-celulares-do-paraguai-avaliada-em-r-100-mil-em-regente-feijo\/#primaryimage"},"thumbnailUrl":"https:\/\/radiolifefm.com.br\/noticias\/wp-content\/uploads\/2020\/09\/125473ca-9353-4a03-84f8-9225841d6520.jpg","datePublished":"2020-09-26T12:07:32+00:00","dateModified":"2026-04-24T16:20:54+00:00","description":"A Pol\u00edcia Militar Rodovi\u00e1ria apreendeu na noite desta sexta-feira (25) uma carga de aparelhos celulares avaliada em R$ 100 mil.","breadcrumb":{"@id":"https:\/\/radiolifefm.com.br\/noticias\/fiscalizacao-apreende-carga-de-celulares-do-paraguai-avaliada-em-r-100-mil-em-regente-feijo\/#breadcrumb"},"inLanguage":"pt-BR","potentialAction":[{"@type":"ReadAction","target":["https:\/\/radiolifefm.com.br\/noticias\/fiscalizacao-apreende-carga-de-celulares-do-paraguai-avaliada-em-r-100-mil-em-regente-feijo\/"]}]},{"@type":"ImageObject","inLanguage":"pt-BR","@id":"https:\/\/radiolifefm.com.br\/noticias\/fiscalizacao-apreende-carga-de-celulares-do-paraguai-avaliada-em-r-100-mil-em-regente-feijo\/#primaryimage","url":"https:\/\/radiolifefm.com.br\/noticias\/wp-content\/uploads\/2020\/09\/125473ca-9353-4a03-84f8-9225841d6520.jpg","contentUrl":"https:\/\/radiolifefm.com.br\/noticias\/wp-content\/uploads\/2020\/09\/125473ca-9353-4a03-84f8-9225841d6520.jpg","width":1000,"height":478,"caption":"Carga de celulares do Paraguai foi apreendida em Regente Feij\u00f3 \u2014 Foto: Pol\u00edcia Militar Rodovi\u00e1ria"},{"@type":"BreadcrumbList","@id":"https:\/\/radiolifefm.com.br\/noticias\/fiscalizacao-apreende-carga-de-celulares-do-paraguai-avaliada-em-r-100-mil-em-regente-feijo\/#breadcrumb","itemListElement":[{"@type":"ListItem","position":1,"name":"In\u00edcio","item":"https:\/\/radiolifefm.com.br\/noticias\/"},{"@type":"ListItem","position":2,"name":"Fiscaliza\u00e7\u00e3o apreende carga de celulares do Paraguai avaliada em R$ 100 mil em Regente Feij\u00f3"}]},{"@type":"WebSite","@id":"https:\/\/radiolifefm.com.br\/noticias\/#website","url":"https:\/\/radiolifefm.com.br\/noticias\/","name":"R\u00e1dio Life FM","description":"O Portal de Not\u00edcias de Adamantina","publisher":{"@id":"https:\/\/radiolifefm.com.br\/noticias\/#organization"},"alternateName":"Life FM","potentialAction":[{"@type":"SearchAction","target":{"@type":"EntryPoint","urlTemplate":"https:\/\/radiolifefm.com.br\/noticias\/?s={search_term_string}"},"query-input":{"@type":"PropertyValueSpecification","valueRequired":true,"valueName":"search_term_string"}}],"inLanguage":"pt-BR"},{"@type":"Organization","@id":"https:\/\/radiolifefm.com.br\/noticias\/#organization","name":"R\u00e1dio Life FM","alternateName":"Life FM","url":"https:\/\/radiolifefm.com.br\/noticias\/","logo":{"@type":"ImageObject","inLanguage":"pt-BR","@id":"https:\/\/radiolifefm.com.br\/noticias\/#\/schema\/logo\/image\/","url":"https:\/\/static.radiolifefm.com.br\/noticias\/wp-content\/uploads\/2019\/10\/logo-lifefm.png","contentUrl":"https:\/\/static.radiolifefm.com.br\/noticias\/wp-content\/uploads\/2019\/10\/logo-lifefm.png","width":196,"height":47,"caption":"R\u00e1dio Life FM"},"image":{"@id":"https:\/\/radiolifefm.com.br\/noticias\/#\/schema\/logo\/image\/"},"sameAs":["https:\/\/www.facebook.com\/radiolifefm\/","https:\/\/www.instagram.com\/life1079fm\/"]},{"@type":"Person","@id":"https:\/\/radiolifefm.com.br\/noticias\/#\/schema\/person\/58af3e98e78c224fbe3e142e87d53f9d","name":"palomaborzan","image":{"@type":"ImageObject","inLanguage":"pt-BR","@id":"https:\/\/secure.gravatar.com\/avatar\/495dd4d309288e9e8b97792861022a1857603be0c564711b6748b454e0a374dd?s=96&d=mm&r=g","url":"https:\/\/secure.gravatar.com\/avatar\/495dd4d309288e9e8b97792861022a1857603be0c564711b6748b454e0a374dd?s=96&d=mm&r=g","contentUrl":"https:\/\/secure.gravatar.com\/avatar\/495dd4d309288e9e8b97792861022a1857603be0c564711b6748b454e0a374dd?s=96&d=mm&r=g","caption":"palomaborzan"}}]}},"amp_enabled":true,"_links":{"self":[{"href":"https:\/\/radiolifefm.com.br\/noticias\/wp-json\/wp\/v2\/posts\/27458","targetHints":{"allow":["GET"]}}],"collection":[{"href":"https:\/\/radiolifefm.com.br\/noticias\/wp-json\/wp\/v2\/posts"}],"about":[{"href":"https:\/\/radiolifefm.com.br\/noticias\/wp-json\/wp\/v2\/types\/post"}],"author":[{"embeddable":true,"href":"https:\/\/radiolifefm.com.br\/noticias\/wp-json\/wp\/v2\/users\/11"}],"replies":[{"embeddable":true,"href":"https:\/\/radiolifefm.com.br\/noticias\/wp-json\/wp\/v2\/comments?post=27458"}],"version-history":[{"count":1,"href":"https:\/\/radiolifefm.com.br\/noticias\/wp-json\/wp\/v2\/posts\/27458\/revisions"}],"predecessor-version":[{"id":27461,"href":"https:\/\/radiolifefm.com.br\/noticias\/wp-json\/wp\/v2\/posts\/27458\/revisions\/27461"}],"wp:featuredmedia":[{"embeddable":true,"href":"https:\/\/radiolifefm.com.br\/noticias\/wp-json\/wp\/v2\/media\/27460"}],"wp:attachment":[{"href":"https:\/\/radiolifefm.com.br\/noticias\/wp-json\/wp\/v2\/media?parent=27458"}],"wp:term":[{"taxonomy":"category","embeddable":true,"href":"https:\/\/radiolifefm.com.br\/noticias\/wp-json\/wp\/v2\/categories?post=27458"},{"taxonomy":"post_tag","embeddable":true,"href":"https:\/\/radiolifefm.com.br\/noticias\/wp-json\/wp\/v2\/tags?post=27458"}],"curies":[{"name":"wp","href":"https:\/\/api.w.org\/{rel}","templated":true}]}}