{"id":27384,"date":"2020-09-24T22:28:18","date_gmt":"2020-09-25T01:28:18","guid":{"rendered":"https:\/\/radiolifefm.com.br\/noticias\/?p=27384"},"modified":"2026-04-10T17:26:09","modified_gmt":"2026-04-10T20:26:09","slug":"tremor-de-terra-foi-registrado-em-tupa","status":"publish","type":"post","link":"https:\/\/radiolifefm.com.br\/noticias\/tremor-de-terra-foi-registrado-em-tupa\/","title":{"rendered":"Tremor de terra foi registrado em Tup\u00e3"},"content":{"rendered":"<div id=\"fb-root\"><\/div>\n<p>Na noite desta quinta-feira (24), por volta de 22h, moradores da cidade de Tup\u00e3 relataram ter sentido um tremor de terra.<\/p>\n<p>De acordo com informa\u00e7\u00f5es e postagens nas redes sociais o tremor foi sentido principalmente na Vila Inglesa, Jardim Casari, regi\u00e3o da Unesp, Vila Santa Rita, Jardim Itaipu e Tup\u00e3 Mirim.<\/p>\n<p>O Brasil n\u00e3o sofre com a a\u00e7\u00e3o dos tremores de maneira intensa, pois o pa\u00eds localiza-se no centro de maneira intensa, pois o pa\u00eds localiza-se no centro da placa tect\u00f4nica sul-americana. Dessa forma, a movimenta\u00e7\u00e3o dessa placa tect\u00f4nica n\u00e3o gera em nosso territ\u00f3rio o movimento convergente, ou seja, n\u00e3o h\u00e1 fortes terremotos no Brasil.<\/p>\n<p>Os tremores sentidos em nosso pa\u00eds s\u00e3o formados por falhas geol\u00f3gicas, que s\u00e3o fraturas ou quebras das placas, ou seja, pelo desgaste natural das placas tect\u00f4nicas. Esses movimentos internos s\u00e3o capazes de fazer a terra tremer e de gerar um abalo s\u00edsmico leve, sendo bastante comuns.<\/p>\n<p>fonte: Tupaense Noticias<\/p>\n","protected":false},"excerpt":{"rendered":"<p>Na noite desta quinta-feira (24), por volta de 22h, moradores da cidade de Tup\u00e3 relataram ter sentido um tremor de terra. De acordo com informa\u00e7\u00f5es e postagens nas redes sociais o tremor foi sentido principalmente na Vila Inglesa, Jardim Casari, regi\u00e3o da Unesp, Vila Santa Rita, Jardim Itaipu e Tup\u00e3 Mirim. O Brasil n\u00e3o sofre [&hellip;]<\/p>\n","protected":false},"author":8,"featured_media":27389,"comment_status":"closed","ping_status":"open","sticky":false,"template":"","format":"standard","meta":{"_acf_changed":false,"_exactmetrics_skip_tracking":false,"_exactmetrics_sitenote_active":false,"_exactmetrics_sitenote_note":"","_exactmetrics_sitenote_category":0,"footnotes":""},"categories":[24],"tags":[],"class_list":["post-27384","post","type-post","status-publish","format-standard","has-post-thumbnail","hentry","category-regiao"],"acf":[],"yoast_head":"<!-- This site is optimized with the Yoast SEO plugin v27.2 - https:\/\/yoast.com\/product\/yoast-seo-wordpress\/ -->\n<title>Tremor de terra foi registrado em Tup\u00e3 - R\u00e1dio Life FM<\/title>\n<meta name=\"robots\" content=\"index, follow, max-snippet:-1, max-image-preview:large, max-video-preview:-1\" \/>\n<link rel=\"canonical\" href=\"https:\/\/radiolifefm.com.br\/noticias\/tremor-de-terra-foi-registrado-em-tupa\/\" \/>\n<meta property=\"og:locale\" content=\"pt_BR\" \/>\n<meta property=\"og:type\" content=\"article\" \/>\n<meta property=\"og:title\" content=\"Tremor de terra foi registrado em Tup\u00e3 - R\u00e1dio Life FM\" \/>\n<meta property=\"og:description\" content=\"Na noite desta quinta-feira (24), por volta de 22h, moradores da cidade de Tup\u00e3 relataram ter sentido um tremor de terra. De acordo com informa\u00e7\u00f5es e postagens nas redes sociais o tremor foi sentido principalmente na Vila Inglesa, Jardim Casari, regi\u00e3o da Unesp, Vila Santa Rita, Jardim Itaipu e Tup\u00e3 Mirim. O Brasil n\u00e3o sofre [&hellip;]\" \/>\n<meta property=\"og:url\" content=\"https:\/\/radiolifefm.com.br\/noticias\/tremor-de-terra-foi-registrado-em-tupa\/\" \/>\n<meta property=\"og:site_name\" content=\"R\u00e1dio Life FM\" \/>\n<meta property=\"article:publisher\" content=\"https:\/\/www.facebook.com\/radiolifefm\/\" \/>\n<meta property=\"article:published_time\" content=\"2020-09-25T01:28:18+00:00\" \/>\n<meta property=\"article:modified_time\" content=\"2026-04-10T20:26:09+00:00\" \/>\n<meta property=\"og:image\" content=\"https:\/\/radiolifefm.com.br\/noticias\/wp-content\/uploads\/2020\/09\/foto-tupa-sp_widelg.jpg\" \/>\n\t<meta property=\"og:image:width\" content=\"1200\" \/>\n\t<meta property=\"og:image:height\" content=\"675\" \/>\n\t<meta property=\"og:image:type\" content=\"image\/jpeg\" \/>\n<meta name=\"author\" content=\"joaograndao\" \/>\n<meta name=\"twitter:card\" content=\"summary_large_image\" \/>\n<meta name=\"twitter:label1\" content=\"Escrito por\" \/>\n\t<meta name=\"twitter:data1\" content=\"joaograndao\" \/>\n\t<meta name=\"twitter:label2\" content=\"Est. tempo de leitura\" \/>\n\t<meta name=\"twitter:data2\" content=\"1 minuto\" \/>\n<script type=\"application\/ld+json\" class=\"yoast-schema-graph\">{\"@context\":\"https:\/\/schema.org\",\"@graph\":[{\"@type\":\"Article\",\"@id\":\"https:\/\/radiolifefm.com.br\/noticias\/tremor-de-terra-foi-registrado-em-tupa\/#article\",\"isPartOf\":{\"@id\":\"https:\/\/radiolifefm.com.br\/noticias\/tremor-de-terra-foi-registrado-em-tupa\/\"},\"author\":{\"name\":\"joaograndao\",\"@id\":\"https:\/\/radiolifefm.com.br\/noticias\/#\/schema\/person\/6876e1240feffe6e1b63fd5cb85abf28\"},\"headline\":\"Tremor de terra foi registrado em Tup\u00e3\",\"datePublished\":\"2020-09-25T01:28:18+00:00\",\"dateModified\":\"2026-04-10T20:26:09+00:00\",\"mainEntityOfPage\":{\"@id\":\"https:\/\/radiolifefm.com.br\/noticias\/tremor-de-terra-foi-registrado-em-tupa\/\"},\"wordCount\":179,\"publisher\":{\"@id\":\"https:\/\/radiolifefm.com.br\/noticias\/#organization\"},\"image\":{\"@id\":\"https:\/\/radiolifefm.com.br\/noticias\/tremor-de-terra-foi-registrado-em-tupa\/#primaryimage\"},\"thumbnailUrl\":\"https:\/\/radiolifefm.com.br\/noticias\/wp-content\/uploads\/2020\/09\/foto-tupa-sp_widelg.jpg\",\"articleSection\":[\"Regi\u00e3o\"],\"inLanguage\":\"pt-BR\"},{\"@type\":\"WebPage\",\"@id\":\"https:\/\/radiolifefm.com.br\/noticias\/tremor-de-terra-foi-registrado-em-tupa\/\",\"url\":\"https:\/\/radiolifefm.com.br\/noticias\/tremor-de-terra-foi-registrado-em-tupa\/\",\"name\":\"Tremor de terra foi registrado em Tup\u00e3 - R\u00e1dio Life FM\",\"isPartOf\":{\"@id\":\"https:\/\/radiolifefm.com.br\/noticias\/#website\"},\"primaryImageOfPage\":{\"@id\":\"https:\/\/radiolifefm.com.br\/noticias\/tremor-de-terra-foi-registrado-em-tupa\/#primaryimage\"},\"image\":{\"@id\":\"https:\/\/radiolifefm.com.br\/noticias\/tremor-de-terra-foi-registrado-em-tupa\/#primaryimage\"},\"thumbnailUrl\":\"https:\/\/radiolifefm.com.br\/noticias\/wp-content\/uploads\/2020\/09\/foto-tupa-sp_widelg.jpg\",\"datePublished\":\"2020-09-25T01:28:18+00:00\",\"dateModified\":\"2026-04-10T20:26:09+00:00\",\"breadcrumb\":{\"@id\":\"https:\/\/radiolifefm.com.br\/noticias\/tremor-de-terra-foi-registrado-em-tupa\/#breadcrumb\"},\"inLanguage\":\"pt-BR\",\"potentialAction\":[{\"@type\":\"ReadAction\",\"target\":[\"https:\/\/radiolifefm.com.br\/noticias\/tremor-de-terra-foi-registrado-em-tupa\/\"]}]},{\"@type\":\"ImageObject\",\"inLanguage\":\"pt-BR\",\"@id\":\"https:\/\/radiolifefm.com.br\/noticias\/tremor-de-terra-foi-registrado-em-tupa\/#primaryimage\",\"url\":\"https:\/\/radiolifefm.com.br\/noticias\/wp-content\/uploads\/2020\/09\/foto-tupa-sp_widelg.jpg\",\"contentUrl\":\"https:\/\/radiolifefm.com.br\/noticias\/wp-content\/uploads\/2020\/09\/foto-tupa-sp_widelg.jpg\",\"width\":1200,\"height\":675},{\"@type\":\"BreadcrumbList\",\"@id\":\"https:\/\/radiolifefm.com.br\/noticias\/tremor-de-terra-foi-registrado-em-tupa\/#breadcrumb\",\"itemListElement\":[{\"@type\":\"ListItem\",\"position\":1,\"name\":\"In\u00edcio\",\"item\":\"https:\/\/radiolifefm.com.br\/noticias\/\"},{\"@type\":\"ListItem\",\"position\":2,\"name\":\"Tremor de terra foi registrado em Tup\u00e3\"}]},{\"@type\":\"WebSite\",\"@id\":\"https:\/\/radiolifefm.com.br\/noticias\/#website\",\"url\":\"https:\/\/radiolifefm.com.br\/noticias\/\",\"name\":\"R\u00e1dio Life FM\",\"description\":\"O Portal de Not\u00edcias de Adamantina\",\"publisher\":{\"@id\":\"https:\/\/radiolifefm.com.br\/noticias\/#organization\"},\"alternateName\":\"Life FM\",\"potentialAction\":[{\"@type\":\"SearchAction\",\"target\":{\"@type\":\"EntryPoint\",\"urlTemplate\":\"https:\/\/radiolifefm.com.br\/noticias\/?s={search_term_string}\"},\"query-input\":{\"@type\":\"PropertyValueSpecification\",\"valueRequired\":true,\"valueName\":\"search_term_string\"}}],\"inLanguage\":\"pt-BR\"},{\"@type\":\"Organization\",\"@id\":\"https:\/\/radiolifefm.com.br\/noticias\/#organization\",\"name\":\"R\u00e1dio Life FM\",\"alternateName\":\"Life FM\",\"url\":\"https:\/\/radiolifefm.com.br\/noticias\/\",\"logo\":{\"@type\":\"ImageObject\",\"inLanguage\":\"pt-BR\",\"@id\":\"https:\/\/radiolifefm.com.br\/noticias\/#\/schema\/logo\/image\/\",\"url\":\"https:\/\/static.radiolifefm.com.br\/noticias\/wp-content\/uploads\/2019\/10\/logo-lifefm.png\",\"contentUrl\":\"https:\/\/static.radiolifefm.com.br\/noticias\/wp-content\/uploads\/2019\/10\/logo-lifefm.png\",\"width\":196,\"height\":47,\"caption\":\"R\u00e1dio Life FM\"},\"image\":{\"@id\":\"https:\/\/radiolifefm.com.br\/noticias\/#\/schema\/logo\/image\/\"},\"sameAs\":[\"https:\/\/www.facebook.com\/radiolifefm\/\",\"https:\/\/www.instagram.com\/life1079fm\/\"]},{\"@type\":\"Person\",\"@id\":\"https:\/\/radiolifefm.com.br\/noticias\/#\/schema\/person\/6876e1240feffe6e1b63fd5cb85abf28\",\"name\":\"joaograndao\",\"image\":{\"@type\":\"ImageObject\",\"inLanguage\":\"pt-BR\",\"@id\":\"https:\/\/secure.gravatar.com\/avatar\/d5b1a3cf357ed9c50404e256a1294083aa8ab5d2a994001567302786016cb32c?s=96&d=mm&r=g\",\"url\":\"https:\/\/secure.gravatar.com\/avatar\/d5b1a3cf357ed9c50404e256a1294083aa8ab5d2a994001567302786016cb32c?s=96&d=mm&r=g\",\"contentUrl\":\"https:\/\/secure.gravatar.com\/avatar\/d5b1a3cf357ed9c50404e256a1294083aa8ab5d2a994001567302786016cb32c?s=96&d=mm&r=g\",\"caption\":\"joaograndao\"}}]}<\/script>\n<!-- \/ Yoast SEO plugin. -->","yoast_head_json":{"title":"Tremor de terra foi registrado em Tup\u00e3 - R\u00e1dio Life FM","robots":{"index":"index","follow":"follow","max-snippet":"max-snippet:-1","max-image-preview":"max-image-preview:large","max-video-preview":"max-video-preview:-1"},"canonical":"https:\/\/radiolifefm.com.br\/noticias\/tremor-de-terra-foi-registrado-em-tupa\/","og_locale":"pt_BR","og_type":"article","og_title":"Tremor de terra foi registrado em Tup\u00e3 - R\u00e1dio Life FM","og_description":"Na noite desta quinta-feira (24), por volta de 22h, moradores da cidade de Tup\u00e3 relataram ter sentido um tremor de terra. De acordo com informa\u00e7\u00f5es e postagens nas redes sociais o tremor foi sentido principalmente na Vila Inglesa, Jardim Casari, regi\u00e3o da Unesp, Vila Santa Rita, Jardim Itaipu e Tup\u00e3 Mirim. O Brasil n\u00e3o sofre [&hellip;]","og_url":"https:\/\/radiolifefm.com.br\/noticias\/tremor-de-terra-foi-registrado-em-tupa\/","og_site_name":"R\u00e1dio Life FM","article_publisher":"https:\/\/www.facebook.com\/radiolifefm\/","article_published_time":"2020-09-25T01:28:18+00:00","article_modified_time":"2026-04-10T20:26:09+00:00","og_image":[{"width":1200,"height":675,"url":"https:\/\/radiolifefm.com.br\/noticias\/wp-content\/uploads\/2020\/09\/foto-tupa-sp_widelg.jpg","type":"image\/jpeg"}],"author":"joaograndao","twitter_card":"summary_large_image","twitter_misc":{"Escrito por":"joaograndao","Est. tempo de leitura":"1 minuto"},"schema":{"@context":"https:\/\/schema.org","@graph":[{"@type":"Article","@id":"https:\/\/radiolifefm.com.br\/noticias\/tremor-de-terra-foi-registrado-em-tupa\/#article","isPartOf":{"@id":"https:\/\/radiolifefm.com.br\/noticias\/tremor-de-terra-foi-registrado-em-tupa\/"},"author":{"name":"joaograndao","@id":"https:\/\/radiolifefm.com.br\/noticias\/#\/schema\/person\/6876e1240feffe6e1b63fd5cb85abf28"},"headline":"Tremor de terra foi registrado em Tup\u00e3","datePublished":"2020-09-25T01:28:18+00:00","dateModified":"2026-04-10T20:26:09+00:00","mainEntityOfPage":{"@id":"https:\/\/radiolifefm.com.br\/noticias\/tremor-de-terra-foi-registrado-em-tupa\/"},"wordCount":179,"publisher":{"@id":"https:\/\/radiolifefm.com.br\/noticias\/#organization"},"image":{"@id":"https:\/\/radiolifefm.com.br\/noticias\/tremor-de-terra-foi-registrado-em-tupa\/#primaryimage"},"thumbnailUrl":"https:\/\/radiolifefm.com.br\/noticias\/wp-content\/uploads\/2020\/09\/foto-tupa-sp_widelg.jpg","articleSection":["Regi\u00e3o"],"inLanguage":"pt-BR"},{"@type":"WebPage","@id":"https:\/\/radiolifefm.com.br\/noticias\/tremor-de-terra-foi-registrado-em-tupa\/","url":"https:\/\/radiolifefm.com.br\/noticias\/tremor-de-terra-foi-registrado-em-tupa\/","name":"Tremor de terra foi registrado em Tup\u00e3 - R\u00e1dio Life FM","isPartOf":{"@id":"https:\/\/radiolifefm.com.br\/noticias\/#website"},"primaryImageOfPage":{"@id":"https:\/\/radiolifefm.com.br\/noticias\/tremor-de-terra-foi-registrado-em-tupa\/#primaryimage"},"image":{"@id":"https:\/\/radiolifefm.com.br\/noticias\/tremor-de-terra-foi-registrado-em-tupa\/#primaryimage"},"thumbnailUrl":"https:\/\/radiolifefm.com.br\/noticias\/wp-content\/uploads\/2020\/09\/foto-tupa-sp_widelg.jpg","datePublished":"2020-09-25T01:28:18+00:00","dateModified":"2026-04-10T20:26:09+00:00","breadcrumb":{"@id":"https:\/\/radiolifefm.com.br\/noticias\/tremor-de-terra-foi-registrado-em-tupa\/#breadcrumb"},"inLanguage":"pt-BR","potentialAction":[{"@type":"ReadAction","target":["https:\/\/radiolifefm.com.br\/noticias\/tremor-de-terra-foi-registrado-em-tupa\/"]}]},{"@type":"ImageObject","inLanguage":"pt-BR","@id":"https:\/\/radiolifefm.com.br\/noticias\/tremor-de-terra-foi-registrado-em-tupa\/#primaryimage","url":"https:\/\/radiolifefm.com.br\/noticias\/wp-content\/uploads\/2020\/09\/foto-tupa-sp_widelg.jpg","contentUrl":"https:\/\/radiolifefm.com.br\/noticias\/wp-content\/uploads\/2020\/09\/foto-tupa-sp_widelg.jpg","width":1200,"height":675},{"@type":"BreadcrumbList","@id":"https:\/\/radiolifefm.com.br\/noticias\/tremor-de-terra-foi-registrado-em-tupa\/#breadcrumb","itemListElement":[{"@type":"ListItem","position":1,"name":"In\u00edcio","item":"https:\/\/radiolifefm.com.br\/noticias\/"},{"@type":"ListItem","position":2,"name":"Tremor de terra foi registrado em Tup\u00e3"}]},{"@type":"WebSite","@id":"https:\/\/radiolifefm.com.br\/noticias\/#website","url":"https:\/\/radiolifefm.com.br\/noticias\/","name":"R\u00e1dio Life FM","description":"O Portal de Not\u00edcias de Adamantina","publisher":{"@id":"https:\/\/radiolifefm.com.br\/noticias\/#organization"},"alternateName":"Life FM","potentialAction":[{"@type":"SearchAction","target":{"@type":"EntryPoint","urlTemplate":"https:\/\/radiolifefm.com.br\/noticias\/?s={search_term_string}"},"query-input":{"@type":"PropertyValueSpecification","valueRequired":true,"valueName":"search_term_string"}}],"inLanguage":"pt-BR"},{"@type":"Organization","@id":"https:\/\/radiolifefm.com.br\/noticias\/#organization","name":"R\u00e1dio Life FM","alternateName":"Life FM","url":"https:\/\/radiolifefm.com.br\/noticias\/","logo":{"@type":"ImageObject","inLanguage":"pt-BR","@id":"https:\/\/radiolifefm.com.br\/noticias\/#\/schema\/logo\/image\/","url":"https:\/\/static.radiolifefm.com.br\/noticias\/wp-content\/uploads\/2019\/10\/logo-lifefm.png","contentUrl":"https:\/\/static.radiolifefm.com.br\/noticias\/wp-content\/uploads\/2019\/10\/logo-lifefm.png","width":196,"height":47,"caption":"R\u00e1dio Life FM"},"image":{"@id":"https:\/\/radiolifefm.com.br\/noticias\/#\/schema\/logo\/image\/"},"sameAs":["https:\/\/www.facebook.com\/radiolifefm\/","https:\/\/www.instagram.com\/life1079fm\/"]},{"@type":"Person","@id":"https:\/\/radiolifefm.com.br\/noticias\/#\/schema\/person\/6876e1240feffe6e1b63fd5cb85abf28","name":"joaograndao","image":{"@type":"ImageObject","inLanguage":"pt-BR","@id":"https:\/\/secure.gravatar.com\/avatar\/d5b1a3cf357ed9c50404e256a1294083aa8ab5d2a994001567302786016cb32c?s=96&d=mm&r=g","url":"https:\/\/secure.gravatar.com\/avatar\/d5b1a3cf357ed9c50404e256a1294083aa8ab5d2a994001567302786016cb32c?s=96&d=mm&r=g","contentUrl":"https:\/\/secure.gravatar.com\/avatar\/d5b1a3cf357ed9c50404e256a1294083aa8ab5d2a994001567302786016cb32c?s=96&d=mm&r=g","caption":"joaograndao"}}]}},"amp_enabled":true,"_links":{"self":[{"href":"https:\/\/radiolifefm.com.br\/noticias\/wp-json\/wp\/v2\/posts\/27384","targetHints":{"allow":["GET"]}}],"collection":[{"href":"https:\/\/radiolifefm.com.br\/noticias\/wp-json\/wp\/v2\/posts"}],"about":[{"href":"https:\/\/radiolifefm.com.br\/noticias\/wp-json\/wp\/v2\/types\/post"}],"author":[{"embeddable":true,"href":"https:\/\/radiolifefm.com.br\/noticias\/wp-json\/wp\/v2\/users\/8"}],"replies":[{"embeddable":true,"href":"https:\/\/radiolifefm.com.br\/noticias\/wp-json\/wp\/v2\/comments?post=27384"}],"version-history":[{"count":1,"href":"https:\/\/radiolifefm.com.br\/noticias\/wp-json\/wp\/v2\/posts\/27384\/revisions"}],"predecessor-version":[{"id":27390,"href":"https:\/\/radiolifefm.com.br\/noticias\/wp-json\/wp\/v2\/posts\/27384\/revisions\/27390"}],"wp:featuredmedia":[{"embeddable":true,"href":"https:\/\/radiolifefm.com.br\/noticias\/wp-json\/wp\/v2\/media\/27389"}],"wp:attachment":[{"href":"https:\/\/radiolifefm.com.br\/noticias\/wp-json\/wp\/v2\/media?parent=27384"}],"wp:term":[{"taxonomy":"category","embeddable":true,"href":"https:\/\/radiolifefm.com.br\/noticias\/wp-json\/wp\/v2\/categories?post=27384"},{"taxonomy":"post_tag","embeddable":true,"href":"https:\/\/radiolifefm.com.br\/noticias\/wp-json\/wp\/v2\/tags?post=27384"}],"curies":[{"name":"wp","href":"https:\/\/api.w.org\/{rel}","templated":true}]}}