{"id":27320,"date":"2020-09-24T09:41:35","date_gmt":"2020-09-24T12:41:35","guid":{"rendered":"https:\/\/radiolifefm.com.br\/noticias\/?p=27320"},"modified":"2026-04-19T11:42:34","modified_gmt":"2026-04-19T14:42:34","slug":"carreta-de-caminhao-tomba-na-rodovia-comandante-joao-ribeiro-de-barros-sp-294","status":"publish","type":"post","link":"https:\/\/radiolifefm.com.br\/noticias\/carreta-de-caminhao-tomba-na-rodovia-comandante-joao-ribeiro-de-barros-sp-294\/","title":{"rendered":"Carreta de caminh\u00e3o tomba na Rodovia Comandante Jo\u00e3o Ribeiro de Barros SP-294"},"content":{"rendered":"<div id=\"fb-root\"><\/div>\n<p>Um acidente do tipo tombamento foi registrado na manh\u00e3 desta quarta-feira (23) na Rodovia Comandante Jo\u00e3o Ribeiro de Barros (SP-294) em Iacri. De acordo com informa\u00e7\u00f5es, a carreta de um caminh\u00e3o, que estava carregada com p\u00f3 de pedra, estourou um dos pneus e tombou na altura do quil\u00f4metro 550, quando realizava o trajeto Tup\u00e3-Parapu\u00e3.<\/p>\n<p>Apesar do susto ningu\u00e9m se feriu.<\/p>\n<p><img loading=\"lazy\" decoding=\"async\" class=\"aligncenter wp-image-27322 size-medium\" src=\"https:\/\/static.radiolifefm.com.br\/wp-content\/uploads\/sites\/2\/2020\/09\/daa3e73164ed8169ab01f127050808c1ee3f4a9a-169x300.jpg\" alt=\"\" width=\"169\" height=\"300\" srcset=\"https:\/\/radiolifefm.com.br\/noticias\/wp-content\/uploads\/2020\/09\/daa3e73164ed8169ab01f127050808c1ee3f4a9a-169x300.jpg 169w, https:\/\/radiolifefm.com.br\/noticias\/wp-content\/uploads\/2020\/09\/daa3e73164ed8169ab01f127050808c1ee3f4a9a-576x1024.jpg 576w, https:\/\/radiolifefm.com.br\/noticias\/wp-content\/uploads\/2020\/09\/daa3e73164ed8169ab01f127050808c1ee3f4a9a.jpg 581w\" sizes=\"auto, (max-width: 169px) 100vw, 169px\" \/><\/p>\n<p>Uma extensa fila de ve\u00edculos se formou pelo local. A Pol\u00edcia Militar Rodovi\u00e1ria sinalizou o trecho, que precisou fazer o desvio pelo acostamento.<\/p>\n<p>&nbsp;<\/p>\n<p><img loading=\"lazy\" decoding=\"async\" class=\"aligncenter wp-image-27323 size-medium\" src=\"https:\/\/static.radiolifefm.com.br\/wp-content\/uploads\/sites\/2\/2020\/09\/2baeb33d3a75baed65ae2fac8dbe84e90cbac92b-169x300.jpg\" alt=\"\" width=\"169\" height=\"300\" srcset=\"https:\/\/radiolifefm.com.br\/noticias\/wp-content\/uploads\/2020\/09\/2baeb33d3a75baed65ae2fac8dbe84e90cbac92b-169x300.jpg 169w, https:\/\/radiolifefm.com.br\/noticias\/wp-content\/uploads\/2020\/09\/2baeb33d3a75baed65ae2fac8dbe84e90cbac92b-576x1024.jpg 576w, https:\/\/radiolifefm.com.br\/noticias\/wp-content\/uploads\/2020\/09\/2baeb33d3a75baed65ae2fac8dbe84e90cbac92b.jpg 720w\" sizes=\"auto, (max-width: 169px) 100vw, 169px\" \/><\/p>\n<p>&nbsp;<\/p>\n<p>Fonte: Guia On Line Parapu\u00e3<\/p>\n","protected":false},"excerpt":{"rendered":"<p>Um acidente do tipo tombamento foi registrado na manh\u00e3 desta quarta-feira (23) na Rodovia Comandante Jo\u00e3o Ribeiro de Barros (SP-294) em Iacri. De acordo com informa\u00e7\u00f5es, a carreta de um caminh\u00e3o, que estava carregada com p\u00f3 de pedra, estourou um dos pneus e tombou na altura do quil\u00f4metro 550, quando realizava o trajeto Tup\u00e3-Parapu\u00e3. Apesar [&hellip;]<\/p>\n","protected":false},"author":8,"featured_media":27321,"comment_status":"closed","ping_status":"open","sticky":false,"template":"","format":"standard","meta":{"_acf_changed":false,"_exactmetrics_skip_tracking":false,"_exactmetrics_sitenote_active":false,"_exactmetrics_sitenote_note":"","_exactmetrics_sitenote_category":0,"footnotes":""},"categories":[24],"tags":[],"class_list":["post-27320","post","type-post","status-publish","format-standard","has-post-thumbnail","hentry","category-regiao"],"acf":[],"yoast_head":"<!-- This site is optimized with the Yoast SEO plugin v27.2 - https:\/\/yoast.com\/product\/yoast-seo-wordpress\/ -->\n<title>Carreta de caminh\u00e3o tomba na Rodovia Comandante Jo\u00e3o Ribeiro de Barros SP-294 - R\u00e1dio Life FM<\/title>\n<meta name=\"robots\" content=\"index, follow, max-snippet:-1, max-image-preview:large, max-video-preview:-1\" \/>\n<link rel=\"canonical\" href=\"https:\/\/radiolifefm.com.br\/noticias\/carreta-de-caminhao-tomba-na-rodovia-comandante-joao-ribeiro-de-barros-sp-294\/\" \/>\n<meta property=\"og:locale\" content=\"pt_BR\" \/>\n<meta property=\"og:type\" content=\"article\" \/>\n<meta property=\"og:title\" content=\"Carreta de caminh\u00e3o tomba na Rodovia Comandante Jo\u00e3o Ribeiro de Barros SP-294 - R\u00e1dio Life FM\" \/>\n<meta property=\"og:description\" content=\"Um acidente do tipo tombamento foi registrado na manh\u00e3 desta quarta-feira (23) na Rodovia Comandante Jo\u00e3o Ribeiro de Barros (SP-294) em Iacri. De acordo com informa\u00e7\u00f5es, a carreta de um caminh\u00e3o, que estava carregada com p\u00f3 de pedra, estourou um dos pneus e tombou na altura do quil\u00f4metro 550, quando realizava o trajeto Tup\u00e3-Parapu\u00e3. Apesar [&hellip;]\" \/>\n<meta property=\"og:url\" content=\"https:\/\/radiolifefm.com.br\/noticias\/carreta-de-caminhao-tomba-na-rodovia-comandante-joao-ribeiro-de-barros-sp-294\/\" \/>\n<meta property=\"og:site_name\" content=\"R\u00e1dio Life FM\" \/>\n<meta property=\"article:publisher\" content=\"https:\/\/www.facebook.com\/radiolifefm\/\" \/>\n<meta property=\"article:published_time\" content=\"2020-09-24T12:41:35+00:00\" \/>\n<meta property=\"article:modified_time\" content=\"2026-04-19T14:42:34+00:00\" \/>\n<meta property=\"og:image\" content=\"https:\/\/radiolifefm.com.br\/noticias\/wp-content\/uploads\/2020\/09\/3da60fc0109e14fa84caeafcf83bce19.jpg\" \/>\n\t<meta property=\"og:image:width\" content=\"1000\" \/>\n\t<meta property=\"og:image:height\" content=\"562\" \/>\n\t<meta property=\"og:image:type\" content=\"image\/jpeg\" \/>\n<meta name=\"author\" content=\"joaograndao\" \/>\n<meta name=\"twitter:card\" content=\"summary_large_image\" \/>\n<meta name=\"twitter:label1\" content=\"Escrito por\" \/>\n\t<meta name=\"twitter:data1\" content=\"joaograndao\" \/>\n<script type=\"application\/ld+json\" class=\"yoast-schema-graph\">{\"@context\":\"https:\/\/schema.org\",\"@graph\":[{\"@type\":\"Article\",\"@id\":\"https:\/\/radiolifefm.com.br\/noticias\/carreta-de-caminhao-tomba-na-rodovia-comandante-joao-ribeiro-de-barros-sp-294\/#article\",\"isPartOf\":{\"@id\":\"https:\/\/radiolifefm.com.br\/noticias\/carreta-de-caminhao-tomba-na-rodovia-comandante-joao-ribeiro-de-barros-sp-294\/\"},\"author\":{\"name\":\"joaograndao\",\"@id\":\"https:\/\/radiolifefm.com.br\/noticias\/#\/schema\/person\/6876e1240feffe6e1b63fd5cb85abf28\"},\"headline\":\"Carreta de caminh\u00e3o tomba na Rodovia Comandante Jo\u00e3o Ribeiro de Barros SP-294\",\"datePublished\":\"2020-09-24T12:41:35+00:00\",\"dateModified\":\"2026-04-19T14:42:34+00:00\",\"mainEntityOfPage\":{\"@id\":\"https:\/\/radiolifefm.com.br\/noticias\/carreta-de-caminhao-tomba-na-rodovia-comandante-joao-ribeiro-de-barros-sp-294\/\"},\"wordCount\":111,\"publisher\":{\"@id\":\"https:\/\/radiolifefm.com.br\/noticias\/#organization\"},\"image\":{\"@id\":\"https:\/\/radiolifefm.com.br\/noticias\/carreta-de-caminhao-tomba-na-rodovia-comandante-joao-ribeiro-de-barros-sp-294\/#primaryimage\"},\"thumbnailUrl\":\"https:\/\/radiolifefm.com.br\/noticias\/wp-content\/uploads\/2020\/09\/3da60fc0109e14fa84caeafcf83bce19.jpg\",\"articleSection\":[\"Regi\u00e3o\"],\"inLanguage\":\"pt-BR\"},{\"@type\":\"WebPage\",\"@id\":\"https:\/\/radiolifefm.com.br\/noticias\/carreta-de-caminhao-tomba-na-rodovia-comandante-joao-ribeiro-de-barros-sp-294\/\",\"url\":\"https:\/\/radiolifefm.com.br\/noticias\/carreta-de-caminhao-tomba-na-rodovia-comandante-joao-ribeiro-de-barros-sp-294\/\",\"name\":\"Carreta de caminh\u00e3o tomba na Rodovia Comandante Jo\u00e3o Ribeiro de Barros SP-294 - R\u00e1dio Life FM\",\"isPartOf\":{\"@id\":\"https:\/\/radiolifefm.com.br\/noticias\/#website\"},\"primaryImageOfPage\":{\"@id\":\"https:\/\/radiolifefm.com.br\/noticias\/carreta-de-caminhao-tomba-na-rodovia-comandante-joao-ribeiro-de-barros-sp-294\/#primaryimage\"},\"image\":{\"@id\":\"https:\/\/radiolifefm.com.br\/noticias\/carreta-de-caminhao-tomba-na-rodovia-comandante-joao-ribeiro-de-barros-sp-294\/#primaryimage\"},\"thumbnailUrl\":\"https:\/\/radiolifefm.com.br\/noticias\/wp-content\/uploads\/2020\/09\/3da60fc0109e14fa84caeafcf83bce19.jpg\",\"datePublished\":\"2020-09-24T12:41:35+00:00\",\"dateModified\":\"2026-04-19T14:42:34+00:00\",\"breadcrumb\":{\"@id\":\"https:\/\/radiolifefm.com.br\/noticias\/carreta-de-caminhao-tomba-na-rodovia-comandante-joao-ribeiro-de-barros-sp-294\/#breadcrumb\"},\"inLanguage\":\"pt-BR\",\"potentialAction\":[{\"@type\":\"ReadAction\",\"target\":[\"https:\/\/radiolifefm.com.br\/noticias\/carreta-de-caminhao-tomba-na-rodovia-comandante-joao-ribeiro-de-barros-sp-294\/\"]}]},{\"@type\":\"ImageObject\",\"inLanguage\":\"pt-BR\",\"@id\":\"https:\/\/radiolifefm.com.br\/noticias\/carreta-de-caminhao-tomba-na-rodovia-comandante-joao-ribeiro-de-barros-sp-294\/#primaryimage\",\"url\":\"https:\/\/radiolifefm.com.br\/noticias\/wp-content\/uploads\/2020\/09\/3da60fc0109e14fa84caeafcf83bce19.jpg\",\"contentUrl\":\"https:\/\/radiolifefm.com.br\/noticias\/wp-content\/uploads\/2020\/09\/3da60fc0109e14fa84caeafcf83bce19.jpg\",\"width\":1000,\"height\":562},{\"@type\":\"BreadcrumbList\",\"@id\":\"https:\/\/radiolifefm.com.br\/noticias\/carreta-de-caminhao-tomba-na-rodovia-comandante-joao-ribeiro-de-barros-sp-294\/#breadcrumb\",\"itemListElement\":[{\"@type\":\"ListItem\",\"position\":1,\"name\":\"In\u00edcio\",\"item\":\"https:\/\/radiolifefm.com.br\/noticias\/\"},{\"@type\":\"ListItem\",\"position\":2,\"name\":\"Carreta de caminh\u00e3o tomba na Rodovia Comandante Jo\u00e3o Ribeiro de Barros SP-294\"}]},{\"@type\":\"WebSite\",\"@id\":\"https:\/\/radiolifefm.com.br\/noticias\/#website\",\"url\":\"https:\/\/radiolifefm.com.br\/noticias\/\",\"name\":\"R\u00e1dio Life FM\",\"description\":\"O Portal de Not\u00edcias de Adamantina\",\"publisher\":{\"@id\":\"https:\/\/radiolifefm.com.br\/noticias\/#organization\"},\"alternateName\":\"Life FM\",\"potentialAction\":[{\"@type\":\"SearchAction\",\"target\":{\"@type\":\"EntryPoint\",\"urlTemplate\":\"https:\/\/radiolifefm.com.br\/noticias\/?s={search_term_string}\"},\"query-input\":{\"@type\":\"PropertyValueSpecification\",\"valueRequired\":true,\"valueName\":\"search_term_string\"}}],\"inLanguage\":\"pt-BR\"},{\"@type\":\"Organization\",\"@id\":\"https:\/\/radiolifefm.com.br\/noticias\/#organization\",\"name\":\"R\u00e1dio Life FM\",\"alternateName\":\"Life FM\",\"url\":\"https:\/\/radiolifefm.com.br\/noticias\/\",\"logo\":{\"@type\":\"ImageObject\",\"inLanguage\":\"pt-BR\",\"@id\":\"https:\/\/radiolifefm.com.br\/noticias\/#\/schema\/logo\/image\/\",\"url\":\"https:\/\/static.radiolifefm.com.br\/noticias\/wp-content\/uploads\/2019\/10\/logo-lifefm.png\",\"contentUrl\":\"https:\/\/static.radiolifefm.com.br\/noticias\/wp-content\/uploads\/2019\/10\/logo-lifefm.png\",\"width\":196,\"height\":47,\"caption\":\"R\u00e1dio Life FM\"},\"image\":{\"@id\":\"https:\/\/radiolifefm.com.br\/noticias\/#\/schema\/logo\/image\/\"},\"sameAs\":[\"https:\/\/www.facebook.com\/radiolifefm\/\",\"https:\/\/www.instagram.com\/life1079fm\/\"]},{\"@type\":\"Person\",\"@id\":\"https:\/\/radiolifefm.com.br\/noticias\/#\/schema\/person\/6876e1240feffe6e1b63fd5cb85abf28\",\"name\":\"joaograndao\",\"image\":{\"@type\":\"ImageObject\",\"inLanguage\":\"pt-BR\",\"@id\":\"https:\/\/secure.gravatar.com\/avatar\/d5b1a3cf357ed9c50404e256a1294083aa8ab5d2a994001567302786016cb32c?s=96&d=mm&r=g\",\"url\":\"https:\/\/secure.gravatar.com\/avatar\/d5b1a3cf357ed9c50404e256a1294083aa8ab5d2a994001567302786016cb32c?s=96&d=mm&r=g\",\"contentUrl\":\"https:\/\/secure.gravatar.com\/avatar\/d5b1a3cf357ed9c50404e256a1294083aa8ab5d2a994001567302786016cb32c?s=96&d=mm&r=g\",\"caption\":\"joaograndao\"}}]}<\/script>\n<!-- \/ Yoast SEO plugin. -->","yoast_head_json":{"title":"Carreta de caminh\u00e3o tomba na Rodovia Comandante Jo\u00e3o Ribeiro de Barros SP-294 - R\u00e1dio Life FM","robots":{"index":"index","follow":"follow","max-snippet":"max-snippet:-1","max-image-preview":"max-image-preview:large","max-video-preview":"max-video-preview:-1"},"canonical":"https:\/\/radiolifefm.com.br\/noticias\/carreta-de-caminhao-tomba-na-rodovia-comandante-joao-ribeiro-de-barros-sp-294\/","og_locale":"pt_BR","og_type":"article","og_title":"Carreta de caminh\u00e3o tomba na Rodovia Comandante Jo\u00e3o Ribeiro de Barros SP-294 - R\u00e1dio Life FM","og_description":"Um acidente do tipo tombamento foi registrado na manh\u00e3 desta quarta-feira (23) na Rodovia Comandante Jo\u00e3o Ribeiro de Barros (SP-294) em Iacri. De acordo com informa\u00e7\u00f5es, a carreta de um caminh\u00e3o, que estava carregada com p\u00f3 de pedra, estourou um dos pneus e tombou na altura do quil\u00f4metro 550, quando realizava o trajeto Tup\u00e3-Parapu\u00e3. Apesar [&hellip;]","og_url":"https:\/\/radiolifefm.com.br\/noticias\/carreta-de-caminhao-tomba-na-rodovia-comandante-joao-ribeiro-de-barros-sp-294\/","og_site_name":"R\u00e1dio Life FM","article_publisher":"https:\/\/www.facebook.com\/radiolifefm\/","article_published_time":"2020-09-24T12:41:35+00:00","article_modified_time":"2026-04-19T14:42:34+00:00","og_image":[{"width":1000,"height":562,"url":"https:\/\/radiolifefm.com.br\/noticias\/wp-content\/uploads\/2020\/09\/3da60fc0109e14fa84caeafcf83bce19.jpg","type":"image\/jpeg"}],"author":"joaograndao","twitter_card":"summary_large_image","twitter_misc":{"Escrito por":"joaograndao"},"schema":{"@context":"https:\/\/schema.org","@graph":[{"@type":"Article","@id":"https:\/\/radiolifefm.com.br\/noticias\/carreta-de-caminhao-tomba-na-rodovia-comandante-joao-ribeiro-de-barros-sp-294\/#article","isPartOf":{"@id":"https:\/\/radiolifefm.com.br\/noticias\/carreta-de-caminhao-tomba-na-rodovia-comandante-joao-ribeiro-de-barros-sp-294\/"},"author":{"name":"joaograndao","@id":"https:\/\/radiolifefm.com.br\/noticias\/#\/schema\/person\/6876e1240feffe6e1b63fd5cb85abf28"},"headline":"Carreta de caminh\u00e3o tomba na Rodovia Comandante Jo\u00e3o Ribeiro de Barros SP-294","datePublished":"2020-09-24T12:41:35+00:00","dateModified":"2026-04-19T14:42:34+00:00","mainEntityOfPage":{"@id":"https:\/\/radiolifefm.com.br\/noticias\/carreta-de-caminhao-tomba-na-rodovia-comandante-joao-ribeiro-de-barros-sp-294\/"},"wordCount":111,"publisher":{"@id":"https:\/\/radiolifefm.com.br\/noticias\/#organization"},"image":{"@id":"https:\/\/radiolifefm.com.br\/noticias\/carreta-de-caminhao-tomba-na-rodovia-comandante-joao-ribeiro-de-barros-sp-294\/#primaryimage"},"thumbnailUrl":"https:\/\/radiolifefm.com.br\/noticias\/wp-content\/uploads\/2020\/09\/3da60fc0109e14fa84caeafcf83bce19.jpg","articleSection":["Regi\u00e3o"],"inLanguage":"pt-BR"},{"@type":"WebPage","@id":"https:\/\/radiolifefm.com.br\/noticias\/carreta-de-caminhao-tomba-na-rodovia-comandante-joao-ribeiro-de-barros-sp-294\/","url":"https:\/\/radiolifefm.com.br\/noticias\/carreta-de-caminhao-tomba-na-rodovia-comandante-joao-ribeiro-de-barros-sp-294\/","name":"Carreta de caminh\u00e3o tomba na Rodovia Comandante Jo\u00e3o Ribeiro de Barros SP-294 - R\u00e1dio Life FM","isPartOf":{"@id":"https:\/\/radiolifefm.com.br\/noticias\/#website"},"primaryImageOfPage":{"@id":"https:\/\/radiolifefm.com.br\/noticias\/carreta-de-caminhao-tomba-na-rodovia-comandante-joao-ribeiro-de-barros-sp-294\/#primaryimage"},"image":{"@id":"https:\/\/radiolifefm.com.br\/noticias\/carreta-de-caminhao-tomba-na-rodovia-comandante-joao-ribeiro-de-barros-sp-294\/#primaryimage"},"thumbnailUrl":"https:\/\/radiolifefm.com.br\/noticias\/wp-content\/uploads\/2020\/09\/3da60fc0109e14fa84caeafcf83bce19.jpg","datePublished":"2020-09-24T12:41:35+00:00","dateModified":"2026-04-19T14:42:34+00:00","breadcrumb":{"@id":"https:\/\/radiolifefm.com.br\/noticias\/carreta-de-caminhao-tomba-na-rodovia-comandante-joao-ribeiro-de-barros-sp-294\/#breadcrumb"},"inLanguage":"pt-BR","potentialAction":[{"@type":"ReadAction","target":["https:\/\/radiolifefm.com.br\/noticias\/carreta-de-caminhao-tomba-na-rodovia-comandante-joao-ribeiro-de-barros-sp-294\/"]}]},{"@type":"ImageObject","inLanguage":"pt-BR","@id":"https:\/\/radiolifefm.com.br\/noticias\/carreta-de-caminhao-tomba-na-rodovia-comandante-joao-ribeiro-de-barros-sp-294\/#primaryimage","url":"https:\/\/radiolifefm.com.br\/noticias\/wp-content\/uploads\/2020\/09\/3da60fc0109e14fa84caeafcf83bce19.jpg","contentUrl":"https:\/\/radiolifefm.com.br\/noticias\/wp-content\/uploads\/2020\/09\/3da60fc0109e14fa84caeafcf83bce19.jpg","width":1000,"height":562},{"@type":"BreadcrumbList","@id":"https:\/\/radiolifefm.com.br\/noticias\/carreta-de-caminhao-tomba-na-rodovia-comandante-joao-ribeiro-de-barros-sp-294\/#breadcrumb","itemListElement":[{"@type":"ListItem","position":1,"name":"In\u00edcio","item":"https:\/\/radiolifefm.com.br\/noticias\/"},{"@type":"ListItem","position":2,"name":"Carreta de caminh\u00e3o tomba na Rodovia Comandante Jo\u00e3o Ribeiro de Barros SP-294"}]},{"@type":"WebSite","@id":"https:\/\/radiolifefm.com.br\/noticias\/#website","url":"https:\/\/radiolifefm.com.br\/noticias\/","name":"R\u00e1dio Life FM","description":"O Portal de Not\u00edcias de Adamantina","publisher":{"@id":"https:\/\/radiolifefm.com.br\/noticias\/#organization"},"alternateName":"Life FM","potentialAction":[{"@type":"SearchAction","target":{"@type":"EntryPoint","urlTemplate":"https:\/\/radiolifefm.com.br\/noticias\/?s={search_term_string}"},"query-input":{"@type":"PropertyValueSpecification","valueRequired":true,"valueName":"search_term_string"}}],"inLanguage":"pt-BR"},{"@type":"Organization","@id":"https:\/\/radiolifefm.com.br\/noticias\/#organization","name":"R\u00e1dio Life FM","alternateName":"Life FM","url":"https:\/\/radiolifefm.com.br\/noticias\/","logo":{"@type":"ImageObject","inLanguage":"pt-BR","@id":"https:\/\/radiolifefm.com.br\/noticias\/#\/schema\/logo\/image\/","url":"https:\/\/static.radiolifefm.com.br\/noticias\/wp-content\/uploads\/2019\/10\/logo-lifefm.png","contentUrl":"https:\/\/static.radiolifefm.com.br\/noticias\/wp-content\/uploads\/2019\/10\/logo-lifefm.png","width":196,"height":47,"caption":"R\u00e1dio Life FM"},"image":{"@id":"https:\/\/radiolifefm.com.br\/noticias\/#\/schema\/logo\/image\/"},"sameAs":["https:\/\/www.facebook.com\/radiolifefm\/","https:\/\/www.instagram.com\/life1079fm\/"]},{"@type":"Person","@id":"https:\/\/radiolifefm.com.br\/noticias\/#\/schema\/person\/6876e1240feffe6e1b63fd5cb85abf28","name":"joaograndao","image":{"@type":"ImageObject","inLanguage":"pt-BR","@id":"https:\/\/secure.gravatar.com\/avatar\/d5b1a3cf357ed9c50404e256a1294083aa8ab5d2a994001567302786016cb32c?s=96&d=mm&r=g","url":"https:\/\/secure.gravatar.com\/avatar\/d5b1a3cf357ed9c50404e256a1294083aa8ab5d2a994001567302786016cb32c?s=96&d=mm&r=g","contentUrl":"https:\/\/secure.gravatar.com\/avatar\/d5b1a3cf357ed9c50404e256a1294083aa8ab5d2a994001567302786016cb32c?s=96&d=mm&r=g","caption":"joaograndao"}}]}},"amp_enabled":true,"_links":{"self":[{"href":"https:\/\/radiolifefm.com.br\/noticias\/wp-json\/wp\/v2\/posts\/27320","targetHints":{"allow":["GET"]}}],"collection":[{"href":"https:\/\/radiolifefm.com.br\/noticias\/wp-json\/wp\/v2\/posts"}],"about":[{"href":"https:\/\/radiolifefm.com.br\/noticias\/wp-json\/wp\/v2\/types\/post"}],"author":[{"embeddable":true,"href":"https:\/\/radiolifefm.com.br\/noticias\/wp-json\/wp\/v2\/users\/8"}],"replies":[{"embeddable":true,"href":"https:\/\/radiolifefm.com.br\/noticias\/wp-json\/wp\/v2\/comments?post=27320"}],"version-history":[{"count":1,"href":"https:\/\/radiolifefm.com.br\/noticias\/wp-json\/wp\/v2\/posts\/27320\/revisions"}],"predecessor-version":[{"id":27324,"href":"https:\/\/radiolifefm.com.br\/noticias\/wp-json\/wp\/v2\/posts\/27320\/revisions\/27324"}],"wp:featuredmedia":[{"embeddable":true,"href":"https:\/\/radiolifefm.com.br\/noticias\/wp-json\/wp\/v2\/media\/27321"}],"wp:attachment":[{"href":"https:\/\/radiolifefm.com.br\/noticias\/wp-json\/wp\/v2\/media?parent=27320"}],"wp:term":[{"taxonomy":"category","embeddable":true,"href":"https:\/\/radiolifefm.com.br\/noticias\/wp-json\/wp\/v2\/categories?post=27320"},{"taxonomy":"post_tag","embeddable":true,"href":"https:\/\/radiolifefm.com.br\/noticias\/wp-json\/wp\/v2\/tags?post=27320"}],"curies":[{"name":"wp","href":"https:\/\/api.w.org\/{rel}","templated":true}]}}