{"id":27109,"date":"2020-09-21T08:10:39","date_gmt":"2020-09-21T11:10:39","guid":{"rendered":"https:\/\/radiolifefm.com.br\/noticias\/?p=27109"},"modified":"2026-04-09T11:05:04","modified_gmt":"2026-04-09T14:05:04","slug":"policia-civil-prende-mae-e-filho-suspeitos-em-envolvimento-com-trafico-de-drogas-em-dracena","status":"publish","type":"post","link":"https:\/\/radiolifefm.com.br\/noticias\/policia-civil-prende-mae-e-filho-suspeitos-em-envolvimento-com-trafico-de-drogas-em-dracena\/","title":{"rendered":"Pol\u00edcia Civil prende m\u00e3e e filho suspeitos em envolvimento com tr\u00e1fico de drogas em Dracena"},"content":{"rendered":"<div id=\"fb-root\"><\/div>\n<div class=\"gs\">\n<div class=\"\">\n<div id=\":lm\" class=\"ii gt\">\n<div id=\":ll\" class=\"a3s aXjCH msg2080039508262732396\">\n<div dir=\"ltr\">\n<div>\n<div>\n<div>A Pol\u00edcia Civil, por interm\u00e9dio das unidades de Delegacias Especializadas (Delegacia de Investiga\u00e7\u00f5es Gerais &#8211; DIG e Delegacia de Investiga\u00e7\u00e3o Sobre Entorpecentes &#8211; DISE), prendeu nesta sexta-feira (18) uma mulher de 63 anos e o filho dela, de 37, durante a\u00e7\u00e3o de contra o tr\u00e1fico de drogas no, bairro Jardim Brasil\u00e2ndia em Dracena.<\/div>\n<div>Os agentes das Unidades Especializadas estavam desenvolvendo a\u00e7\u00e3o investigativa de sobre den\u00fancia de tr\u00e1fico de drogas, que estaria acontecendo na resid\u00eancia dos suspeitos presos. Desta forma, utilizando estrat\u00e9gia de monitoramento a dist\u00e2ncia, os policiais civis passaram a observar a movimenta\u00e7\u00e3o de pessoas no im\u00f3vel investigado.<\/div>\n<div>Em dado momento, os agentes perceberam que um indiv\u00edduo se aproximou da casa e foi recebido por um homem, o indiv\u00edduo passou ao que parecia ser uma nota de dinheiro para o morador da casa e recebido algo semelhante a uma por\u00e7\u00e3o de drogas. \u00a0Fato que desencadeou a tentativa de abordagem policial, sendo que a dupla teria corrido para dire\u00e7\u00f5es diferentes, ou seja, o morador voltou rapidamente para o interior da resid\u00eancia e o outro individuo saiu em dire\u00e7\u00e3o a via p\u00fablica, n\u00e3o sendo poss\u00edvel abord\u00e1-lo.<\/div>\n<div>Com a chegada dos pol\u00edcias civis no interior da resid\u00eancia eles se depararam com uma idosa entregando uma embalagem pl\u00e1stica para uma crian\u00e7a, que soube depois ser neta daquela idosa. Ato continuo crian\u00e7a tentou sair correndo pela porta da frente do im\u00f3vel, mas foi impedida pela a\u00e7\u00e3o policial, na sequencia a crian\u00e7a acabou jogando o objeto que trazia na m\u00e3o em dire\u00e7\u00e3o ao sof\u00e1 da sala e dentro da embalagem foram encontradas v\u00e1rias por\u00e7\u00f5es de crack.<\/div>\n<div>A idosa ainda tentou ocultar outras por\u00e7\u00f5es de crack e dinheiro dentro de um pote de a\u00e7\u00facar. O filho da idosa foi encontrado escondido num quarto do fundo da resid\u00eancia.<\/div>\n<div>Na casa ainda foram encontrados e apreendidos cerca de mais 4 mil reis em notas e moedas diversas, celulares, duas facas com resqu\u00edcios de drogas, velas parcialmente queimadas comumente utilizadas para \u201cselar\u201d embalagens pl\u00e1sticas, e v\u00e1rios fragmentos de pl\u00e1sticos picotados t\u00edpico do que s\u00e3o usados para confeccionar \u201ctrouxinhas\u201d de drogas.<\/div>\n<div>\n<p>M\u00e3e e filho suspeitos de praticar o tr\u00e1fico de drogas foram levados para delegacia das Unidades Especializadas, onde foram autuados em flagrante pelo crime de tr\u00e1fico e de associa\u00e7\u00e3o para tr\u00e1fico, permanecendo em c\u00e1rcere a disposi\u00e7\u00e3o da Justi\u00e7a.<img loading=\"lazy\" decoding=\"async\" class=\"aligncenter size-full wp-image-27117\" src=\"https:\/\/static.radiolifefm.com.br\/wp-content\/uploads\/sites\/2\/2020\/09\/WhatsApp-Image-2020-09-19-at-11.32.37.jpeg\" alt=\"\" width=\"589\" height=\"793\" srcset=\"https:\/\/radiolifefm.com.br\/noticias\/wp-content\/uploads\/2020\/09\/WhatsApp-Image-2020-09-19-at-11.32.37.jpeg 589w, https:\/\/radiolifefm.com.br\/noticias\/wp-content\/uploads\/2020\/09\/WhatsApp-Image-2020-09-19-at-11.32.37-223x300.jpeg 223w\" sizes=\"auto, (max-width: 589px) 100vw, 589px\" \/><\/p>\n<p>&nbsp;<\/p>\n<\/div>\n<\/div>\n<\/div>\n<\/div>\n<\/div>\n<\/div>\n<div><img loading=\"lazy\" decoding=\"async\" class=\"aligncenter size-full wp-image-27118\" src=\"https:\/\/static.radiolifefm.com.br\/wp-content\/uploads\/sites\/2\/2020\/09\/WhatsApp-Image-2020-09-19-at-11.32.38.jpeg\" alt=\"\" width=\"1280\" height=\"720\" srcset=\"https:\/\/radiolifefm.com.br\/noticias\/wp-content\/uploads\/2020\/09\/WhatsApp-Image-2020-09-19-at-11.32.38.jpeg 1280w, https:\/\/radiolifefm.com.br\/noticias\/wp-content\/uploads\/2020\/09\/WhatsApp-Image-2020-09-19-at-11.32.38-300x169.jpeg 300w, https:\/\/radiolifefm.com.br\/noticias\/wp-content\/uploads\/2020\/09\/WhatsApp-Image-2020-09-19-at-11.32.38-1024x576.jpeg 1024w, https:\/\/radiolifefm.com.br\/noticias\/wp-content\/uploads\/2020\/09\/WhatsApp-Image-2020-09-19-at-11.32.38-768x432.jpeg 768w\" sizes=\"auto, (max-width: 1280px) 100vw, 1280px\" \/><\/div>\n<div id=\":lm\" class=\"ii gt\">\n<div id=\":ll\" class=\"a3s aXjCH msg2080039508262732396\">\n<div dir=\"ltr\">\n<div>\n<div>\n<div>Maiores informa\u00e7\u00f5es:<\/div>\n<div>Delegacia Seccional de Pol\u00edcia de Dracena CS<\/div>\n<p>Fone: 18-3822-2022<\/p>\n<\/div>\n<div><\/div>\n<div id=\"m_2080039508262732396Signature\">\n<div>\n<div><\/div>\n<div><\/div>\n<\/div>\n<\/div>\n<\/div>\n<\/div>\n<\/div>\n<\/div>\n<\/div>\n<\/div>\n","protected":false},"excerpt":{"rendered":"<p>A Pol\u00edcia Civil, por interm\u00e9dio das unidades de Delegacias Especializadas (Delegacia de Investiga\u00e7\u00f5es Gerais &#8211; DIG e Delegacia de Investiga\u00e7\u00e3o Sobre Entorpecentes &#8211; DISE), prendeu nesta sexta-feira (18) uma mulher de 63 anos e o filho dela, de 37, durante a\u00e7\u00e3o de contra o tr\u00e1fico de drogas no, bairro Jardim Brasil\u00e2ndia em Dracena. Os agentes [&hellip;]<\/p>\n","protected":false},"author":8,"featured_media":27116,"comment_status":"closed","ping_status":"open","sticky":false,"template":"","format":"standard","meta":{"_acf_changed":false,"_exactmetrics_skip_tracking":false,"_exactmetrics_sitenote_active":false,"_exactmetrics_sitenote_note":"","_exactmetrics_sitenote_category":0,"footnotes":""},"categories":[24],"tags":[],"class_list":["post-27109","post","type-post","status-publish","format-standard","has-post-thumbnail","hentry","category-regiao"],"acf":[],"yoast_head":"<!-- This site is optimized with the Yoast SEO plugin v27.2 - https:\/\/yoast.com\/product\/yoast-seo-wordpress\/ -->\n<title>Pol\u00edcia Civil prende m\u00e3e e filho suspeitos em envolvimento com tr\u00e1fico de drogas em Dracena - R\u00e1dio Life FM<\/title>\n<meta name=\"robots\" content=\"index, follow, max-snippet:-1, max-image-preview:large, max-video-preview:-1\" \/>\n<link rel=\"canonical\" href=\"https:\/\/radiolifefm.com.br\/noticias\/policia-civil-prende-mae-e-filho-suspeitos-em-envolvimento-com-trafico-de-drogas-em-dracena\/\" \/>\n<meta property=\"og:locale\" content=\"pt_BR\" \/>\n<meta property=\"og:type\" content=\"article\" \/>\n<meta property=\"og:title\" content=\"Pol\u00edcia Civil prende m\u00e3e e filho suspeitos em envolvimento com tr\u00e1fico de drogas em Dracena - R\u00e1dio Life FM\" \/>\n<meta property=\"og:description\" content=\"A Pol\u00edcia Civil, por interm\u00e9dio das unidades de Delegacias Especializadas (Delegacia de Investiga\u00e7\u00f5es Gerais &#8211; DIG e Delegacia de Investiga\u00e7\u00e3o Sobre Entorpecentes &#8211; DISE), prendeu nesta sexta-feira (18) uma mulher de 63 anos e o filho dela, de 37, durante a\u00e7\u00e3o de contra o tr\u00e1fico de drogas no, bairro Jardim Brasil\u00e2ndia em Dracena. Os agentes [&hellip;]\" \/>\n<meta property=\"og:url\" content=\"https:\/\/radiolifefm.com.br\/noticias\/policia-civil-prende-mae-e-filho-suspeitos-em-envolvimento-com-trafico-de-drogas-em-dracena\/\" \/>\n<meta property=\"og:site_name\" content=\"R\u00e1dio Life FM\" \/>\n<meta property=\"article:publisher\" content=\"https:\/\/www.facebook.com\/radiolifefm\/\" \/>\n<meta property=\"article:published_time\" content=\"2020-09-21T11:10:39+00:00\" \/>\n<meta property=\"article:modified_time\" content=\"2026-04-09T14:05:04+00:00\" \/>\n<meta property=\"og:image\" content=\"https:\/\/radiolifefm.com.br\/noticias\/wp-content\/uploads\/2020\/09\/WhatsApp-Image-2020-09-19-at-11.32.381.jpeg\" \/>\n\t<meta property=\"og:image:width\" content=\"921\" \/>\n\t<meta property=\"og:image:height\" content=\"1188\" \/>\n\t<meta property=\"og:image:type\" content=\"image\/jpeg\" \/>\n<meta name=\"author\" content=\"joaograndao\" \/>\n<meta name=\"twitter:card\" content=\"summary_large_image\" \/>\n<meta name=\"twitter:label1\" content=\"Escrito por\" \/>\n\t<meta name=\"twitter:data1\" content=\"joaograndao\" \/>\n\t<meta name=\"twitter:label2\" content=\"Est. tempo de leitura\" \/>\n\t<meta name=\"twitter:data2\" content=\"2 minutos\" \/>\n<script type=\"application\/ld+json\" class=\"yoast-schema-graph\">{\"@context\":\"https:\/\/schema.org\",\"@graph\":[{\"@type\":\"Article\",\"@id\":\"https:\/\/radiolifefm.com.br\/noticias\/policia-civil-prende-mae-e-filho-suspeitos-em-envolvimento-com-trafico-de-drogas-em-dracena\/#article\",\"isPartOf\":{\"@id\":\"https:\/\/radiolifefm.com.br\/noticias\/policia-civil-prende-mae-e-filho-suspeitos-em-envolvimento-com-trafico-de-drogas-em-dracena\/\"},\"author\":{\"name\":\"joaograndao\",\"@id\":\"https:\/\/radiolifefm.com.br\/noticias\/#\/schema\/person\/6876e1240feffe6e1b63fd5cb85abf28\"},\"headline\":\"Pol\u00edcia Civil prende m\u00e3e e filho suspeitos em envolvimento com tr\u00e1fico de drogas em Dracena\",\"datePublished\":\"2020-09-21T11:10:39+00:00\",\"dateModified\":\"2026-04-09T14:05:04+00:00\",\"mainEntityOfPage\":{\"@id\":\"https:\/\/radiolifefm.com.br\/noticias\/policia-civil-prende-mae-e-filho-suspeitos-em-envolvimento-com-trafico-de-drogas-em-dracena\/\"},\"wordCount\":461,\"publisher\":{\"@id\":\"https:\/\/radiolifefm.com.br\/noticias\/#organization\"},\"image\":{\"@id\":\"https:\/\/radiolifefm.com.br\/noticias\/policia-civil-prende-mae-e-filho-suspeitos-em-envolvimento-com-trafico-de-drogas-em-dracena\/#primaryimage\"},\"thumbnailUrl\":\"https:\/\/radiolifefm.com.br\/noticias\/wp-content\/uploads\/2020\/09\/WhatsApp-Image-2020-09-19-at-11.32.381.jpeg\",\"articleSection\":[\"Regi\u00e3o\"],\"inLanguage\":\"pt-BR\"},{\"@type\":\"WebPage\",\"@id\":\"https:\/\/radiolifefm.com.br\/noticias\/policia-civil-prende-mae-e-filho-suspeitos-em-envolvimento-com-trafico-de-drogas-em-dracena\/\",\"url\":\"https:\/\/radiolifefm.com.br\/noticias\/policia-civil-prende-mae-e-filho-suspeitos-em-envolvimento-com-trafico-de-drogas-em-dracena\/\",\"name\":\"Pol\u00edcia Civil prende m\u00e3e e filho suspeitos em envolvimento com tr\u00e1fico de drogas em Dracena - R\u00e1dio Life FM\",\"isPartOf\":{\"@id\":\"https:\/\/radiolifefm.com.br\/noticias\/#website\"},\"primaryImageOfPage\":{\"@id\":\"https:\/\/radiolifefm.com.br\/noticias\/policia-civil-prende-mae-e-filho-suspeitos-em-envolvimento-com-trafico-de-drogas-em-dracena\/#primaryimage\"},\"image\":{\"@id\":\"https:\/\/radiolifefm.com.br\/noticias\/policia-civil-prende-mae-e-filho-suspeitos-em-envolvimento-com-trafico-de-drogas-em-dracena\/#primaryimage\"},\"thumbnailUrl\":\"https:\/\/radiolifefm.com.br\/noticias\/wp-content\/uploads\/2020\/09\/WhatsApp-Image-2020-09-19-at-11.32.381.jpeg\",\"datePublished\":\"2020-09-21T11:10:39+00:00\",\"dateModified\":\"2026-04-09T14:05:04+00:00\",\"breadcrumb\":{\"@id\":\"https:\/\/radiolifefm.com.br\/noticias\/policia-civil-prende-mae-e-filho-suspeitos-em-envolvimento-com-trafico-de-drogas-em-dracena\/#breadcrumb\"},\"inLanguage\":\"pt-BR\",\"potentialAction\":[{\"@type\":\"ReadAction\",\"target\":[\"https:\/\/radiolifefm.com.br\/noticias\/policia-civil-prende-mae-e-filho-suspeitos-em-envolvimento-com-trafico-de-drogas-em-dracena\/\"]}]},{\"@type\":\"ImageObject\",\"inLanguage\":\"pt-BR\",\"@id\":\"https:\/\/radiolifefm.com.br\/noticias\/policia-civil-prende-mae-e-filho-suspeitos-em-envolvimento-com-trafico-de-drogas-em-dracena\/#primaryimage\",\"url\":\"https:\/\/radiolifefm.com.br\/noticias\/wp-content\/uploads\/2020\/09\/WhatsApp-Image-2020-09-19-at-11.32.381.jpeg\",\"contentUrl\":\"https:\/\/radiolifefm.com.br\/noticias\/wp-content\/uploads\/2020\/09\/WhatsApp-Image-2020-09-19-at-11.32.381.jpeg\",\"width\":921,\"height\":1188,\"caption\":\"Foram apreendidas v\u00e1rias por\u00e7\u00f5es de crack, celulares e a quantia mais de 4 mil reais em esp\u00e9cies. Uma idosa 63 anos e seu filho de 37 anos foram presos.\"},{\"@type\":\"BreadcrumbList\",\"@id\":\"https:\/\/radiolifefm.com.br\/noticias\/policia-civil-prende-mae-e-filho-suspeitos-em-envolvimento-com-trafico-de-drogas-em-dracena\/#breadcrumb\",\"itemListElement\":[{\"@type\":\"ListItem\",\"position\":1,\"name\":\"In\u00edcio\",\"item\":\"https:\/\/radiolifefm.com.br\/noticias\/\"},{\"@type\":\"ListItem\",\"position\":2,\"name\":\"Pol\u00edcia Civil prende m\u00e3e e filho suspeitos em envolvimento com tr\u00e1fico de drogas em Dracena\"}]},{\"@type\":\"WebSite\",\"@id\":\"https:\/\/radiolifefm.com.br\/noticias\/#website\",\"url\":\"https:\/\/radiolifefm.com.br\/noticias\/\",\"name\":\"R\u00e1dio Life FM\",\"description\":\"O Portal de Not\u00edcias de Adamantina\",\"publisher\":{\"@id\":\"https:\/\/radiolifefm.com.br\/noticias\/#organization\"},\"alternateName\":\"Life FM\",\"potentialAction\":[{\"@type\":\"SearchAction\",\"target\":{\"@type\":\"EntryPoint\",\"urlTemplate\":\"https:\/\/radiolifefm.com.br\/noticias\/?s={search_term_string}\"},\"query-input\":{\"@type\":\"PropertyValueSpecification\",\"valueRequired\":true,\"valueName\":\"search_term_string\"}}],\"inLanguage\":\"pt-BR\"},{\"@type\":\"Organization\",\"@id\":\"https:\/\/radiolifefm.com.br\/noticias\/#organization\",\"name\":\"R\u00e1dio Life FM\",\"alternateName\":\"Life FM\",\"url\":\"https:\/\/radiolifefm.com.br\/noticias\/\",\"logo\":{\"@type\":\"ImageObject\",\"inLanguage\":\"pt-BR\",\"@id\":\"https:\/\/radiolifefm.com.br\/noticias\/#\/schema\/logo\/image\/\",\"url\":\"https:\/\/static.radiolifefm.com.br\/noticias\/wp-content\/uploads\/2019\/10\/logo-lifefm.png\",\"contentUrl\":\"https:\/\/static.radiolifefm.com.br\/noticias\/wp-content\/uploads\/2019\/10\/logo-lifefm.png\",\"width\":196,\"height\":47,\"caption\":\"R\u00e1dio Life FM\"},\"image\":{\"@id\":\"https:\/\/radiolifefm.com.br\/noticias\/#\/schema\/logo\/image\/\"},\"sameAs\":[\"https:\/\/www.facebook.com\/radiolifefm\/\",\"https:\/\/www.instagram.com\/life1079fm\/\"]},{\"@type\":\"Person\",\"@id\":\"https:\/\/radiolifefm.com.br\/noticias\/#\/schema\/person\/6876e1240feffe6e1b63fd5cb85abf28\",\"name\":\"joaograndao\",\"image\":{\"@type\":\"ImageObject\",\"inLanguage\":\"pt-BR\",\"@id\":\"https:\/\/secure.gravatar.com\/avatar\/d5b1a3cf357ed9c50404e256a1294083aa8ab5d2a994001567302786016cb32c?s=96&d=mm&r=g\",\"url\":\"https:\/\/secure.gravatar.com\/avatar\/d5b1a3cf357ed9c50404e256a1294083aa8ab5d2a994001567302786016cb32c?s=96&d=mm&r=g\",\"contentUrl\":\"https:\/\/secure.gravatar.com\/avatar\/d5b1a3cf357ed9c50404e256a1294083aa8ab5d2a994001567302786016cb32c?s=96&d=mm&r=g\",\"caption\":\"joaograndao\"}}]}<\/script>\n<!-- \/ Yoast SEO plugin. -->","yoast_head_json":{"title":"Pol\u00edcia Civil prende m\u00e3e e filho suspeitos em envolvimento com tr\u00e1fico de drogas em Dracena - R\u00e1dio Life FM","robots":{"index":"index","follow":"follow","max-snippet":"max-snippet:-1","max-image-preview":"max-image-preview:large","max-video-preview":"max-video-preview:-1"},"canonical":"https:\/\/radiolifefm.com.br\/noticias\/policia-civil-prende-mae-e-filho-suspeitos-em-envolvimento-com-trafico-de-drogas-em-dracena\/","og_locale":"pt_BR","og_type":"article","og_title":"Pol\u00edcia Civil prende m\u00e3e e filho suspeitos em envolvimento com tr\u00e1fico de drogas em Dracena - R\u00e1dio Life FM","og_description":"A Pol\u00edcia Civil, por interm\u00e9dio das unidades de Delegacias Especializadas (Delegacia de Investiga\u00e7\u00f5es Gerais &#8211; DIG e Delegacia de Investiga\u00e7\u00e3o Sobre Entorpecentes &#8211; DISE), prendeu nesta sexta-feira (18) uma mulher de 63 anos e o filho dela, de 37, durante a\u00e7\u00e3o de contra o tr\u00e1fico de drogas no, bairro Jardim Brasil\u00e2ndia em Dracena. Os agentes [&hellip;]","og_url":"https:\/\/radiolifefm.com.br\/noticias\/policia-civil-prende-mae-e-filho-suspeitos-em-envolvimento-com-trafico-de-drogas-em-dracena\/","og_site_name":"R\u00e1dio Life FM","article_publisher":"https:\/\/www.facebook.com\/radiolifefm\/","article_published_time":"2020-09-21T11:10:39+00:00","article_modified_time":"2026-04-09T14:05:04+00:00","og_image":[{"width":921,"height":1188,"url":"https:\/\/radiolifefm.com.br\/noticias\/wp-content\/uploads\/2020\/09\/WhatsApp-Image-2020-09-19-at-11.32.381.jpeg","type":"image\/jpeg"}],"author":"joaograndao","twitter_card":"summary_large_image","twitter_misc":{"Escrito por":"joaograndao","Est. tempo de leitura":"2 minutos"},"schema":{"@context":"https:\/\/schema.org","@graph":[{"@type":"Article","@id":"https:\/\/radiolifefm.com.br\/noticias\/policia-civil-prende-mae-e-filho-suspeitos-em-envolvimento-com-trafico-de-drogas-em-dracena\/#article","isPartOf":{"@id":"https:\/\/radiolifefm.com.br\/noticias\/policia-civil-prende-mae-e-filho-suspeitos-em-envolvimento-com-trafico-de-drogas-em-dracena\/"},"author":{"name":"joaograndao","@id":"https:\/\/radiolifefm.com.br\/noticias\/#\/schema\/person\/6876e1240feffe6e1b63fd5cb85abf28"},"headline":"Pol\u00edcia Civil prende m\u00e3e e filho suspeitos em envolvimento com tr\u00e1fico de drogas em Dracena","datePublished":"2020-09-21T11:10:39+00:00","dateModified":"2026-04-09T14:05:04+00:00","mainEntityOfPage":{"@id":"https:\/\/radiolifefm.com.br\/noticias\/policia-civil-prende-mae-e-filho-suspeitos-em-envolvimento-com-trafico-de-drogas-em-dracena\/"},"wordCount":461,"publisher":{"@id":"https:\/\/radiolifefm.com.br\/noticias\/#organization"},"image":{"@id":"https:\/\/radiolifefm.com.br\/noticias\/policia-civil-prende-mae-e-filho-suspeitos-em-envolvimento-com-trafico-de-drogas-em-dracena\/#primaryimage"},"thumbnailUrl":"https:\/\/radiolifefm.com.br\/noticias\/wp-content\/uploads\/2020\/09\/WhatsApp-Image-2020-09-19-at-11.32.381.jpeg","articleSection":["Regi\u00e3o"],"inLanguage":"pt-BR"},{"@type":"WebPage","@id":"https:\/\/radiolifefm.com.br\/noticias\/policia-civil-prende-mae-e-filho-suspeitos-em-envolvimento-com-trafico-de-drogas-em-dracena\/","url":"https:\/\/radiolifefm.com.br\/noticias\/policia-civil-prende-mae-e-filho-suspeitos-em-envolvimento-com-trafico-de-drogas-em-dracena\/","name":"Pol\u00edcia Civil prende m\u00e3e e filho suspeitos em envolvimento com tr\u00e1fico de drogas em Dracena - R\u00e1dio Life FM","isPartOf":{"@id":"https:\/\/radiolifefm.com.br\/noticias\/#website"},"primaryImageOfPage":{"@id":"https:\/\/radiolifefm.com.br\/noticias\/policia-civil-prende-mae-e-filho-suspeitos-em-envolvimento-com-trafico-de-drogas-em-dracena\/#primaryimage"},"image":{"@id":"https:\/\/radiolifefm.com.br\/noticias\/policia-civil-prende-mae-e-filho-suspeitos-em-envolvimento-com-trafico-de-drogas-em-dracena\/#primaryimage"},"thumbnailUrl":"https:\/\/radiolifefm.com.br\/noticias\/wp-content\/uploads\/2020\/09\/WhatsApp-Image-2020-09-19-at-11.32.381.jpeg","datePublished":"2020-09-21T11:10:39+00:00","dateModified":"2026-04-09T14:05:04+00:00","breadcrumb":{"@id":"https:\/\/radiolifefm.com.br\/noticias\/policia-civil-prende-mae-e-filho-suspeitos-em-envolvimento-com-trafico-de-drogas-em-dracena\/#breadcrumb"},"inLanguage":"pt-BR","potentialAction":[{"@type":"ReadAction","target":["https:\/\/radiolifefm.com.br\/noticias\/policia-civil-prende-mae-e-filho-suspeitos-em-envolvimento-com-trafico-de-drogas-em-dracena\/"]}]},{"@type":"ImageObject","inLanguage":"pt-BR","@id":"https:\/\/radiolifefm.com.br\/noticias\/policia-civil-prende-mae-e-filho-suspeitos-em-envolvimento-com-trafico-de-drogas-em-dracena\/#primaryimage","url":"https:\/\/radiolifefm.com.br\/noticias\/wp-content\/uploads\/2020\/09\/WhatsApp-Image-2020-09-19-at-11.32.381.jpeg","contentUrl":"https:\/\/radiolifefm.com.br\/noticias\/wp-content\/uploads\/2020\/09\/WhatsApp-Image-2020-09-19-at-11.32.381.jpeg","width":921,"height":1188,"caption":"Foram apreendidas v\u00e1rias por\u00e7\u00f5es de crack, celulares e a quantia mais de 4 mil reais em esp\u00e9cies. Uma idosa 63 anos e seu filho de 37 anos foram presos."},{"@type":"BreadcrumbList","@id":"https:\/\/radiolifefm.com.br\/noticias\/policia-civil-prende-mae-e-filho-suspeitos-em-envolvimento-com-trafico-de-drogas-em-dracena\/#breadcrumb","itemListElement":[{"@type":"ListItem","position":1,"name":"In\u00edcio","item":"https:\/\/radiolifefm.com.br\/noticias\/"},{"@type":"ListItem","position":2,"name":"Pol\u00edcia Civil prende m\u00e3e e filho suspeitos em envolvimento com tr\u00e1fico de drogas em Dracena"}]},{"@type":"WebSite","@id":"https:\/\/radiolifefm.com.br\/noticias\/#website","url":"https:\/\/radiolifefm.com.br\/noticias\/","name":"R\u00e1dio Life FM","description":"O Portal de Not\u00edcias de Adamantina","publisher":{"@id":"https:\/\/radiolifefm.com.br\/noticias\/#organization"},"alternateName":"Life FM","potentialAction":[{"@type":"SearchAction","target":{"@type":"EntryPoint","urlTemplate":"https:\/\/radiolifefm.com.br\/noticias\/?s={search_term_string}"},"query-input":{"@type":"PropertyValueSpecification","valueRequired":true,"valueName":"search_term_string"}}],"inLanguage":"pt-BR"},{"@type":"Organization","@id":"https:\/\/radiolifefm.com.br\/noticias\/#organization","name":"R\u00e1dio Life FM","alternateName":"Life FM","url":"https:\/\/radiolifefm.com.br\/noticias\/","logo":{"@type":"ImageObject","inLanguage":"pt-BR","@id":"https:\/\/radiolifefm.com.br\/noticias\/#\/schema\/logo\/image\/","url":"https:\/\/static.radiolifefm.com.br\/noticias\/wp-content\/uploads\/2019\/10\/logo-lifefm.png","contentUrl":"https:\/\/static.radiolifefm.com.br\/noticias\/wp-content\/uploads\/2019\/10\/logo-lifefm.png","width":196,"height":47,"caption":"R\u00e1dio Life FM"},"image":{"@id":"https:\/\/radiolifefm.com.br\/noticias\/#\/schema\/logo\/image\/"},"sameAs":["https:\/\/www.facebook.com\/radiolifefm\/","https:\/\/www.instagram.com\/life1079fm\/"]},{"@type":"Person","@id":"https:\/\/radiolifefm.com.br\/noticias\/#\/schema\/person\/6876e1240feffe6e1b63fd5cb85abf28","name":"joaograndao","image":{"@type":"ImageObject","inLanguage":"pt-BR","@id":"https:\/\/secure.gravatar.com\/avatar\/d5b1a3cf357ed9c50404e256a1294083aa8ab5d2a994001567302786016cb32c?s=96&d=mm&r=g","url":"https:\/\/secure.gravatar.com\/avatar\/d5b1a3cf357ed9c50404e256a1294083aa8ab5d2a994001567302786016cb32c?s=96&d=mm&r=g","contentUrl":"https:\/\/secure.gravatar.com\/avatar\/d5b1a3cf357ed9c50404e256a1294083aa8ab5d2a994001567302786016cb32c?s=96&d=mm&r=g","caption":"joaograndao"}}]}},"amp_enabled":true,"_links":{"self":[{"href":"https:\/\/radiolifefm.com.br\/noticias\/wp-json\/wp\/v2\/posts\/27109","targetHints":{"allow":["GET"]}}],"collection":[{"href":"https:\/\/radiolifefm.com.br\/noticias\/wp-json\/wp\/v2\/posts"}],"about":[{"href":"https:\/\/radiolifefm.com.br\/noticias\/wp-json\/wp\/v2\/types\/post"}],"author":[{"embeddable":true,"href":"https:\/\/radiolifefm.com.br\/noticias\/wp-json\/wp\/v2\/users\/8"}],"replies":[{"embeddable":true,"href":"https:\/\/radiolifefm.com.br\/noticias\/wp-json\/wp\/v2\/comments?post=27109"}],"version-history":[{"count":4,"href":"https:\/\/radiolifefm.com.br\/noticias\/wp-json\/wp\/v2\/posts\/27109\/revisions"}],"predecessor-version":[{"id":27119,"href":"https:\/\/radiolifefm.com.br\/noticias\/wp-json\/wp\/v2\/posts\/27109\/revisions\/27119"}],"wp:featuredmedia":[{"embeddable":true,"href":"https:\/\/radiolifefm.com.br\/noticias\/wp-json\/wp\/v2\/media\/27116"}],"wp:attachment":[{"href":"https:\/\/radiolifefm.com.br\/noticias\/wp-json\/wp\/v2\/media?parent=27109"}],"wp:term":[{"taxonomy":"category","embeddable":true,"href":"https:\/\/radiolifefm.com.br\/noticias\/wp-json\/wp\/v2\/categories?post=27109"},{"taxonomy":"post_tag","embeddable":true,"href":"https:\/\/radiolifefm.com.br\/noticias\/wp-json\/wp\/v2\/tags?post=27109"}],"curies":[{"name":"wp","href":"https:\/\/api.w.org\/{rel}","templated":true}]}}