{"id":27104,"date":"2020-09-21T07:40:29","date_gmt":"2020-09-21T10:40:29","guid":{"rendered":"https:\/\/radiolifefm.com.br\/noticias\/?p=27104"},"modified":"2026-02-13T18:15:39","modified_gmt":"2026-02-13T21:15:39","slug":"provincia-censura-e-ponto-quase-final-sergio-barbosa-opiniao","status":"publish","type":"post","link":"https:\/\/radiolifefm.com.br\/noticias\/provincia-censura-e-ponto-quase-final-sergio-barbosa-opiniao\/","title":{"rendered":"PROV\u00cdNCIA, CENSURA E PONTO QUASE FINAL&#8230;   &#8211; S\u00e9rgio Barbosa &#8211; Opini\u00e3o"},"content":{"rendered":"<div id=\"fb-root\"><\/div>\n<p><strong><em>PROV\u00cdNCIA, CENSURA E PONTO QUASE FINAL&#8230;<\/em><\/strong><\/p>\n<p><em>\u201cO primeiro sinal, que n\u00e3o \u00e9 do Apocalipse e nem tem o n\u00famero 666 da besta, est\u00e1 estampado tamb\u00e9m nos jornais com toda sua ferocidade&#8230;\u201d (A CENSURA DA EUROPA, publicada em 15\/06\/2008)<\/em><\/p>\n<p><em>S\u00e9rgio Barbosa (*)<\/em><\/p>\n<p>&nbsp;<\/p>\n<p>Existem diversas alternativas para o desenvolvimento da censura neste novo tempo que se chama hoje, por\u00e9m, a m\u00e1scara que a mesma utiliza para disfar\u00e7ar o seu dom\u00ednio extrapola a nossa \u201cv\u00e3 filosofia\u201d terrena&#8230;<\/p>\n<p>Neste cen\u00e1rio apocal\u00edptico para a humanidade, tendo em vista a predomin\u00e2ncia do poder em busca do poder para fortalecer um mesmo poder, determina os desencontros neste contexto calado pelas armas da opress\u00e3o com repress\u00e3o&#8230;<\/p>\n<p>A censura atravessa as barreiras da liberdade para ofuscar as asas livres dos p\u00e1ssaros em busca do sol durante o dia e da lua em noites sem fim, quando a madrugada aparecer para uma simples \u201cboa noite\u201d para os homens de boa vontade&#8230;<\/p>\n<p>O universo conspira a favor, por\u00e9m, pode ser contra, dependendo sempre do microsc\u00f3pio do poder calado pelas vontades da p\u00e1tria amada e idolatrada, neste caso, tamb\u00e9m, pelas organiza\u00e7\u00f5es corporativas do mercado&#8230;<\/p>\n<p>O nascimento do homem perambula pelas esquinas de uma prov\u00edncia qualquer, destoando entre da ci\u00eancia comprada um grito silencioso para uma comunidade que marcha em dias comemorativos visando exaltar uma \u00fanica bandeira ao som da trombeta viciada do poder pelo poder&#8230;<\/p>\n<p>Tamb\u00e9m, a morte ronda o homem provinciano, afinal de contas, para morrer \u00e9 preciso viver e para viver \u00e9 preciso morrer de um jeito ou de outro, portanto, se for para o bem da p\u00e1tria que a morte apare\u00e7a no colorido da vida&#8230;<\/p>\n<p>Deve-se estar atendo as fantasias da censura neste cen\u00e1rio al\u00e9m da prov\u00edncia, pois, os encontros nem sempre aparecem por meio de sorrisos amarelos e sim pelas gargalhadas do palha\u00e7o da liberta\u00e7\u00e3o pelas pris\u00f5es do corredor entristecido pelas muralhas espalhadas numa rodovia de morte&#8230;<\/p>\n<p>Para o censor tudo pode acontecer neste emaranhado de d\u00favidas pela volta do salvador celestial, as amarras ser\u00e3o do esp\u00edrito celestial, talvez, o triunfo da tr\u00edplice alian\u00e7a com o pai e o filho&#8230;<\/p>\n<p>Para a censura deste momento sublime, apenas o ritmo de uma m\u00fasica silenciosa para sufocar os gritos do poder do homem querendo sentir uma falsa liberdade neste contexto singular para determinar a vontade da morte frente \u00e0 vida&#8230;<\/p>\n<p>A tr\u00edade deste confronto pode resultar em outras formas desta censura \u00fanica pela pluralidade da reflex\u00e3o alada nos paradigmas da cria\u00e7\u00e3o e pela ben\u00e7\u00e3o apost\u00f3lica al\u00e9m da sauda\u00e7\u00e3o via \u201cpax romana\u201d&#8230;<\/p>\n<div class='flex flex-wrap items-center -mx-1'>\r\n<a class='thumbnail gallery p-1 w-1\/2 md:w-1\/4' href='https:\/\/radiolifefm.com.br\/noticias\/wp-content\/uploads\/2020\/09\/Sebar-4.jpg'><img class='border border-white' src='https:\/\/radiolifefm.com.br\/noticias\/wp-content\/uploads\/2020\/09\/Sebar-4-200x200.jpg' alt='Sebar' \/><\/a><a class='thumbnail gallery p-1 w-1\/2 md:w-1\/4' href='https:\/\/radiolifefm.com.br\/noticias\/wp-content\/uploads\/2020\/09\/Sebar-1-2.jpg'><img class='border border-white' src='https:\/\/radiolifefm.com.br\/noticias\/wp-content\/uploads\/2020\/09\/Sebar-1-2-200x200.jpg' alt='Sebar   1' \/><\/a><a class='thumbnail gallery p-1 w-1\/2 md:w-1\/4' href='https:\/\/radiolifefm.com.br\/noticias\/wp-content\/uploads\/2020\/09\/Sebar-2-2.jpg'><img class='border border-white' src='https:\/\/radiolifefm.com.br\/noticias\/wp-content\/uploads\/2020\/09\/Sebar-2-2-200x200.jpg' alt='Sebar   2' \/><\/a><\/div>\n<p>_________________________________________<br \/>\n(*) Jornalista e professor universit\u00e1rio<\/p>\n","protected":false},"excerpt":{"rendered":"<p>PROV\u00cdNCIA, CENSURA E PONTO QUASE FINAL&#8230; \u201cO primeiro sinal, que n\u00e3o \u00e9 do Apocalipse e nem tem o n\u00famero 666 da besta, est\u00e1 estampado tamb\u00e9m nos jornais com toda sua ferocidade&#8230;\u201d (A CENSURA DA EUROPA, publicada em 15\/06\/2008) S\u00e9rgio Barbosa (*) &nbsp; Existem diversas alternativas para o desenvolvimento da censura neste novo tempo que se [&hellip;]<\/p>\n","protected":false},"author":3,"featured_media":27107,"comment_status":"closed","ping_status":"open","sticky":false,"template":"","format":"standard","meta":{"_acf_changed":false,"_exactmetrics_skip_tracking":false,"_exactmetrics_sitenote_active":false,"_exactmetrics_sitenote_note":"","_exactmetrics_sitenote_category":0,"footnotes":""},"categories":[59],"tags":[],"class_list":["post-27104","post","type-post","status-publish","format-standard","has-post-thumbnail","hentry","category-opiniao"],"acf":[],"yoast_head":"<!-- This site is optimized with the Yoast SEO plugin v27.2 - https:\/\/yoast.com\/product\/yoast-seo-wordpress\/ -->\n<title>PROV\u00cdNCIA, CENSURA E PONTO QUASE FINAL...  - S\u00e9rgio Barbosa - Opini\u00e3o - R\u00e1dio Life FM<\/title>\n<meta name=\"robots\" content=\"index, follow, max-snippet:-1, max-image-preview:large, max-video-preview:-1\" \/>\n<link rel=\"canonical\" href=\"https:\/\/radiolifefm.com.br\/noticias\/provincia-censura-e-ponto-quase-final-sergio-barbosa-opiniao\/\" \/>\n<meta property=\"og:locale\" content=\"pt_BR\" \/>\n<meta property=\"og:type\" content=\"article\" \/>\n<meta property=\"og:title\" content=\"PROV\u00cdNCIA, CENSURA E PONTO QUASE FINAL...  - S\u00e9rgio Barbosa - Opini\u00e3o - R\u00e1dio Life FM\" \/>\n<meta property=\"og:description\" content=\"PROV\u00cdNCIA, CENSURA E PONTO QUASE FINAL&#8230; \u201cO primeiro sinal, que n\u00e3o \u00e9 do Apocalipse e nem tem o n\u00famero 666 da besta, est\u00e1 estampado tamb\u00e9m nos jornais com toda sua ferocidade&#8230;\u201d (A CENSURA DA EUROPA, publicada em 15\/06\/2008) S\u00e9rgio Barbosa (*) &nbsp; Existem diversas alternativas para o desenvolvimento da censura neste novo tempo que se [&hellip;]\" \/>\n<meta property=\"og:url\" content=\"https:\/\/radiolifefm.com.br\/noticias\/provincia-censura-e-ponto-quase-final-sergio-barbosa-opiniao\/\" \/>\n<meta property=\"og:site_name\" content=\"R\u00e1dio Life FM\" \/>\n<meta property=\"article:publisher\" content=\"https:\/\/www.facebook.com\/radiolifefm\/\" \/>\n<meta property=\"article:published_time\" content=\"2020-09-21T10:40:29+00:00\" \/>\n<meta property=\"article:modified_time\" content=\"2026-02-13T21:15:39+00:00\" \/>\n<meta property=\"og:image\" content=\"https:\/\/radiolifefm.com.br\/noticias\/wp-content\/uploads\/2020\/09\/Sebar-2-2.jpg\" \/>\n\t<meta property=\"og:image:width\" content=\"851\" \/>\n\t<meta property=\"og:image:height\" content=\"910\" \/>\n\t<meta property=\"og:image:type\" content=\"image\/jpeg\" \/>\n<meta name=\"author\" content=\"lifefm\" \/>\n<meta name=\"twitter:card\" content=\"summary_large_image\" \/>\n<meta name=\"twitter:label1\" content=\"Escrito por\" \/>\n\t<meta name=\"twitter:data1\" content=\"lifefm\" \/>\n\t<meta name=\"twitter:label2\" content=\"Est. tempo de leitura\" \/>\n\t<meta name=\"twitter:data2\" content=\"2 minutos\" \/>\n<script type=\"application\/ld+json\" class=\"yoast-schema-graph\">{\"@context\":\"https:\/\/schema.org\",\"@graph\":[{\"@type\":\"Article\",\"@id\":\"https:\/\/radiolifefm.com.br\/noticias\/provincia-censura-e-ponto-quase-final-sergio-barbosa-opiniao\/#article\",\"isPartOf\":{\"@id\":\"https:\/\/radiolifefm.com.br\/noticias\/provincia-censura-e-ponto-quase-final-sergio-barbosa-opiniao\/\"},\"author\":{\"name\":\"lifefm\",\"@id\":\"https:\/\/radiolifefm.com.br\/noticias\/#\/schema\/person\/1d4e4b1301322090c6221bf1c8420490\"},\"headline\":\"PROV\u00cdNCIA, CENSURA E PONTO QUASE FINAL&#8230; &#8211; S\u00e9rgio Barbosa &#8211; Opini\u00e3o\",\"datePublished\":\"2020-09-21T10:40:29+00:00\",\"dateModified\":\"2026-02-13T21:15:39+00:00\",\"mainEntityOfPage\":{\"@id\":\"https:\/\/radiolifefm.com.br\/noticias\/provincia-censura-e-ponto-quase-final-sergio-barbosa-opiniao\/\"},\"wordCount\":470,\"publisher\":{\"@id\":\"https:\/\/radiolifefm.com.br\/noticias\/#organization\"},\"image\":{\"@id\":\"https:\/\/radiolifefm.com.br\/noticias\/provincia-censura-e-ponto-quase-final-sergio-barbosa-opiniao\/#primaryimage\"},\"thumbnailUrl\":\"https:\/\/radiolifefm.com.br\/noticias\/wp-content\/uploads\/2020\/09\/Sebar-2-2.jpg\",\"articleSection\":[\"Opini\u00e3o\"],\"inLanguage\":\"pt-BR\"},{\"@type\":\"WebPage\",\"@id\":\"https:\/\/radiolifefm.com.br\/noticias\/provincia-censura-e-ponto-quase-final-sergio-barbosa-opiniao\/\",\"url\":\"https:\/\/radiolifefm.com.br\/noticias\/provincia-censura-e-ponto-quase-final-sergio-barbosa-opiniao\/\",\"name\":\"PROV\u00cdNCIA, CENSURA E PONTO QUASE FINAL... - S\u00e9rgio Barbosa - Opini\u00e3o - R\u00e1dio Life FM\",\"isPartOf\":{\"@id\":\"https:\/\/radiolifefm.com.br\/noticias\/#website\"},\"primaryImageOfPage\":{\"@id\":\"https:\/\/radiolifefm.com.br\/noticias\/provincia-censura-e-ponto-quase-final-sergio-barbosa-opiniao\/#primaryimage\"},\"image\":{\"@id\":\"https:\/\/radiolifefm.com.br\/noticias\/provincia-censura-e-ponto-quase-final-sergio-barbosa-opiniao\/#primaryimage\"},\"thumbnailUrl\":\"https:\/\/radiolifefm.com.br\/noticias\/wp-content\/uploads\/2020\/09\/Sebar-2-2.jpg\",\"datePublished\":\"2020-09-21T10:40:29+00:00\",\"dateModified\":\"2026-02-13T21:15:39+00:00\",\"breadcrumb\":{\"@id\":\"https:\/\/radiolifefm.com.br\/noticias\/provincia-censura-e-ponto-quase-final-sergio-barbosa-opiniao\/#breadcrumb\"},\"inLanguage\":\"pt-BR\",\"potentialAction\":[{\"@type\":\"ReadAction\",\"target\":[\"https:\/\/radiolifefm.com.br\/noticias\/provincia-censura-e-ponto-quase-final-sergio-barbosa-opiniao\/\"]}]},{\"@type\":\"ImageObject\",\"inLanguage\":\"pt-BR\",\"@id\":\"https:\/\/radiolifefm.com.br\/noticias\/provincia-censura-e-ponto-quase-final-sergio-barbosa-opiniao\/#primaryimage\",\"url\":\"https:\/\/radiolifefm.com.br\/noticias\/wp-content\/uploads\/2020\/09\/Sebar-2-2.jpg\",\"contentUrl\":\"https:\/\/radiolifefm.com.br\/noticias\/wp-content\/uploads\/2020\/09\/Sebar-2-2.jpg\",\"width\":851,\"height\":910},{\"@type\":\"BreadcrumbList\",\"@id\":\"https:\/\/radiolifefm.com.br\/noticias\/provincia-censura-e-ponto-quase-final-sergio-barbosa-opiniao\/#breadcrumb\",\"itemListElement\":[{\"@type\":\"ListItem\",\"position\":1,\"name\":\"In\u00edcio\",\"item\":\"https:\/\/radiolifefm.com.br\/noticias\/\"},{\"@type\":\"ListItem\",\"position\":2,\"name\":\"PROV\u00cdNCIA, CENSURA E PONTO QUASE FINAL&#8230; &#8211; S\u00e9rgio Barbosa &#8211; Opini\u00e3o\"}]},{\"@type\":\"WebSite\",\"@id\":\"https:\/\/radiolifefm.com.br\/noticias\/#website\",\"url\":\"https:\/\/radiolifefm.com.br\/noticias\/\",\"name\":\"R\u00e1dio Life FM\",\"description\":\"O Portal de Not\u00edcias de Adamantina\",\"publisher\":{\"@id\":\"https:\/\/radiolifefm.com.br\/noticias\/#organization\"},\"alternateName\":\"Life FM\",\"potentialAction\":[{\"@type\":\"SearchAction\",\"target\":{\"@type\":\"EntryPoint\",\"urlTemplate\":\"https:\/\/radiolifefm.com.br\/noticias\/?s={search_term_string}\"},\"query-input\":{\"@type\":\"PropertyValueSpecification\",\"valueRequired\":true,\"valueName\":\"search_term_string\"}}],\"inLanguage\":\"pt-BR\"},{\"@type\":\"Organization\",\"@id\":\"https:\/\/radiolifefm.com.br\/noticias\/#organization\",\"name\":\"R\u00e1dio Life FM\",\"alternateName\":\"Life FM\",\"url\":\"https:\/\/radiolifefm.com.br\/noticias\/\",\"logo\":{\"@type\":\"ImageObject\",\"inLanguage\":\"pt-BR\",\"@id\":\"https:\/\/radiolifefm.com.br\/noticias\/#\/schema\/logo\/image\/\",\"url\":\"https:\/\/static.radiolifefm.com.br\/noticias\/wp-content\/uploads\/2019\/10\/logo-lifefm.png\",\"contentUrl\":\"https:\/\/static.radiolifefm.com.br\/noticias\/wp-content\/uploads\/2019\/10\/logo-lifefm.png\",\"width\":196,\"height\":47,\"caption\":\"R\u00e1dio Life FM\"},\"image\":{\"@id\":\"https:\/\/radiolifefm.com.br\/noticias\/#\/schema\/logo\/image\/\"},\"sameAs\":[\"https:\/\/www.facebook.com\/radiolifefm\/\",\"https:\/\/www.instagram.com\/life1079fm\/\"]},{\"@type\":\"Person\",\"@id\":\"https:\/\/radiolifefm.com.br\/noticias\/#\/schema\/person\/1d4e4b1301322090c6221bf1c8420490\",\"name\":\"lifefm\",\"image\":{\"@type\":\"ImageObject\",\"inLanguage\":\"pt-BR\",\"@id\":\"https:\/\/secure.gravatar.com\/avatar\/eca268467d925ec97d20641bb054fd944c0abb2f92854171620706bbe6474e7c?s=96&d=mm&r=g\",\"url\":\"https:\/\/secure.gravatar.com\/avatar\/eca268467d925ec97d20641bb054fd944c0abb2f92854171620706bbe6474e7c?s=96&d=mm&r=g\",\"contentUrl\":\"https:\/\/secure.gravatar.com\/avatar\/eca268467d925ec97d20641bb054fd944c0abb2f92854171620706bbe6474e7c?s=96&d=mm&r=g\",\"caption\":\"lifefm\"}}]}<\/script>\n<!-- \/ Yoast SEO plugin. -->","yoast_head_json":{"title":"PROV\u00cdNCIA, CENSURA E PONTO QUASE FINAL...  - S\u00e9rgio Barbosa - Opini\u00e3o - R\u00e1dio Life FM","robots":{"index":"index","follow":"follow","max-snippet":"max-snippet:-1","max-image-preview":"max-image-preview:large","max-video-preview":"max-video-preview:-1"},"canonical":"https:\/\/radiolifefm.com.br\/noticias\/provincia-censura-e-ponto-quase-final-sergio-barbosa-opiniao\/","og_locale":"pt_BR","og_type":"article","og_title":"PROV\u00cdNCIA, CENSURA E PONTO QUASE FINAL...  - S\u00e9rgio Barbosa - Opini\u00e3o - R\u00e1dio Life FM","og_description":"PROV\u00cdNCIA, CENSURA E PONTO QUASE FINAL&#8230; \u201cO primeiro sinal, que n\u00e3o \u00e9 do Apocalipse e nem tem o n\u00famero 666 da besta, est\u00e1 estampado tamb\u00e9m nos jornais com toda sua ferocidade&#8230;\u201d (A CENSURA DA EUROPA, publicada em 15\/06\/2008) S\u00e9rgio Barbosa (*) &nbsp; Existem diversas alternativas para o desenvolvimento da censura neste novo tempo que se [&hellip;]","og_url":"https:\/\/radiolifefm.com.br\/noticias\/provincia-censura-e-ponto-quase-final-sergio-barbosa-opiniao\/","og_site_name":"R\u00e1dio Life FM","article_publisher":"https:\/\/www.facebook.com\/radiolifefm\/","article_published_time":"2020-09-21T10:40:29+00:00","article_modified_time":"2026-02-13T21:15:39+00:00","og_image":[{"width":851,"height":910,"url":"https:\/\/radiolifefm.com.br\/noticias\/wp-content\/uploads\/2020\/09\/Sebar-2-2.jpg","type":"image\/jpeg"}],"author":"lifefm","twitter_card":"summary_large_image","twitter_misc":{"Escrito por":"lifefm","Est. tempo de leitura":"2 minutos"},"schema":{"@context":"https:\/\/schema.org","@graph":[{"@type":"Article","@id":"https:\/\/radiolifefm.com.br\/noticias\/provincia-censura-e-ponto-quase-final-sergio-barbosa-opiniao\/#article","isPartOf":{"@id":"https:\/\/radiolifefm.com.br\/noticias\/provincia-censura-e-ponto-quase-final-sergio-barbosa-opiniao\/"},"author":{"name":"lifefm","@id":"https:\/\/radiolifefm.com.br\/noticias\/#\/schema\/person\/1d4e4b1301322090c6221bf1c8420490"},"headline":"PROV\u00cdNCIA, CENSURA E PONTO QUASE FINAL&#8230; &#8211; S\u00e9rgio Barbosa &#8211; Opini\u00e3o","datePublished":"2020-09-21T10:40:29+00:00","dateModified":"2026-02-13T21:15:39+00:00","mainEntityOfPage":{"@id":"https:\/\/radiolifefm.com.br\/noticias\/provincia-censura-e-ponto-quase-final-sergio-barbosa-opiniao\/"},"wordCount":470,"publisher":{"@id":"https:\/\/radiolifefm.com.br\/noticias\/#organization"},"image":{"@id":"https:\/\/radiolifefm.com.br\/noticias\/provincia-censura-e-ponto-quase-final-sergio-barbosa-opiniao\/#primaryimage"},"thumbnailUrl":"https:\/\/radiolifefm.com.br\/noticias\/wp-content\/uploads\/2020\/09\/Sebar-2-2.jpg","articleSection":["Opini\u00e3o"],"inLanguage":"pt-BR"},{"@type":"WebPage","@id":"https:\/\/radiolifefm.com.br\/noticias\/provincia-censura-e-ponto-quase-final-sergio-barbosa-opiniao\/","url":"https:\/\/radiolifefm.com.br\/noticias\/provincia-censura-e-ponto-quase-final-sergio-barbosa-opiniao\/","name":"PROV\u00cdNCIA, CENSURA E PONTO QUASE FINAL... - S\u00e9rgio Barbosa - Opini\u00e3o - R\u00e1dio Life FM","isPartOf":{"@id":"https:\/\/radiolifefm.com.br\/noticias\/#website"},"primaryImageOfPage":{"@id":"https:\/\/radiolifefm.com.br\/noticias\/provincia-censura-e-ponto-quase-final-sergio-barbosa-opiniao\/#primaryimage"},"image":{"@id":"https:\/\/radiolifefm.com.br\/noticias\/provincia-censura-e-ponto-quase-final-sergio-barbosa-opiniao\/#primaryimage"},"thumbnailUrl":"https:\/\/radiolifefm.com.br\/noticias\/wp-content\/uploads\/2020\/09\/Sebar-2-2.jpg","datePublished":"2020-09-21T10:40:29+00:00","dateModified":"2026-02-13T21:15:39+00:00","breadcrumb":{"@id":"https:\/\/radiolifefm.com.br\/noticias\/provincia-censura-e-ponto-quase-final-sergio-barbosa-opiniao\/#breadcrumb"},"inLanguage":"pt-BR","potentialAction":[{"@type":"ReadAction","target":["https:\/\/radiolifefm.com.br\/noticias\/provincia-censura-e-ponto-quase-final-sergio-barbosa-opiniao\/"]}]},{"@type":"ImageObject","inLanguage":"pt-BR","@id":"https:\/\/radiolifefm.com.br\/noticias\/provincia-censura-e-ponto-quase-final-sergio-barbosa-opiniao\/#primaryimage","url":"https:\/\/radiolifefm.com.br\/noticias\/wp-content\/uploads\/2020\/09\/Sebar-2-2.jpg","contentUrl":"https:\/\/radiolifefm.com.br\/noticias\/wp-content\/uploads\/2020\/09\/Sebar-2-2.jpg","width":851,"height":910},{"@type":"BreadcrumbList","@id":"https:\/\/radiolifefm.com.br\/noticias\/provincia-censura-e-ponto-quase-final-sergio-barbosa-opiniao\/#breadcrumb","itemListElement":[{"@type":"ListItem","position":1,"name":"In\u00edcio","item":"https:\/\/radiolifefm.com.br\/noticias\/"},{"@type":"ListItem","position":2,"name":"PROV\u00cdNCIA, CENSURA E PONTO QUASE FINAL&#8230; &#8211; S\u00e9rgio Barbosa &#8211; Opini\u00e3o"}]},{"@type":"WebSite","@id":"https:\/\/radiolifefm.com.br\/noticias\/#website","url":"https:\/\/radiolifefm.com.br\/noticias\/","name":"R\u00e1dio Life FM","description":"O Portal de Not\u00edcias de Adamantina","publisher":{"@id":"https:\/\/radiolifefm.com.br\/noticias\/#organization"},"alternateName":"Life FM","potentialAction":[{"@type":"SearchAction","target":{"@type":"EntryPoint","urlTemplate":"https:\/\/radiolifefm.com.br\/noticias\/?s={search_term_string}"},"query-input":{"@type":"PropertyValueSpecification","valueRequired":true,"valueName":"search_term_string"}}],"inLanguage":"pt-BR"},{"@type":"Organization","@id":"https:\/\/radiolifefm.com.br\/noticias\/#organization","name":"R\u00e1dio Life FM","alternateName":"Life FM","url":"https:\/\/radiolifefm.com.br\/noticias\/","logo":{"@type":"ImageObject","inLanguage":"pt-BR","@id":"https:\/\/radiolifefm.com.br\/noticias\/#\/schema\/logo\/image\/","url":"https:\/\/static.radiolifefm.com.br\/noticias\/wp-content\/uploads\/2019\/10\/logo-lifefm.png","contentUrl":"https:\/\/static.radiolifefm.com.br\/noticias\/wp-content\/uploads\/2019\/10\/logo-lifefm.png","width":196,"height":47,"caption":"R\u00e1dio Life FM"},"image":{"@id":"https:\/\/radiolifefm.com.br\/noticias\/#\/schema\/logo\/image\/"},"sameAs":["https:\/\/www.facebook.com\/radiolifefm\/","https:\/\/www.instagram.com\/life1079fm\/"]},{"@type":"Person","@id":"https:\/\/radiolifefm.com.br\/noticias\/#\/schema\/person\/1d4e4b1301322090c6221bf1c8420490","name":"lifefm","image":{"@type":"ImageObject","inLanguage":"pt-BR","@id":"https:\/\/secure.gravatar.com\/avatar\/eca268467d925ec97d20641bb054fd944c0abb2f92854171620706bbe6474e7c?s=96&d=mm&r=g","url":"https:\/\/secure.gravatar.com\/avatar\/eca268467d925ec97d20641bb054fd944c0abb2f92854171620706bbe6474e7c?s=96&d=mm&r=g","contentUrl":"https:\/\/secure.gravatar.com\/avatar\/eca268467d925ec97d20641bb054fd944c0abb2f92854171620706bbe6474e7c?s=96&d=mm&r=g","caption":"lifefm"}}]}},"amp_enabled":true,"_links":{"self":[{"href":"https:\/\/radiolifefm.com.br\/noticias\/wp-json\/wp\/v2\/posts\/27104","targetHints":{"allow":["GET"]}}],"collection":[{"href":"https:\/\/radiolifefm.com.br\/noticias\/wp-json\/wp\/v2\/posts"}],"about":[{"href":"https:\/\/radiolifefm.com.br\/noticias\/wp-json\/wp\/v2\/types\/post"}],"author":[{"embeddable":true,"href":"https:\/\/radiolifefm.com.br\/noticias\/wp-json\/wp\/v2\/users\/3"}],"replies":[{"embeddable":true,"href":"https:\/\/radiolifefm.com.br\/noticias\/wp-json\/wp\/v2\/comments?post=27104"}],"version-history":[{"count":1,"href":"https:\/\/radiolifefm.com.br\/noticias\/wp-json\/wp\/v2\/posts\/27104\/revisions"}],"predecessor-version":[{"id":27108,"href":"https:\/\/radiolifefm.com.br\/noticias\/wp-json\/wp\/v2\/posts\/27104\/revisions\/27108"}],"wp:featuredmedia":[{"embeddable":true,"href":"https:\/\/radiolifefm.com.br\/noticias\/wp-json\/wp\/v2\/media\/27107"}],"wp:attachment":[{"href":"https:\/\/radiolifefm.com.br\/noticias\/wp-json\/wp\/v2\/media?parent=27104"}],"wp:term":[{"taxonomy":"category","embeddable":true,"href":"https:\/\/radiolifefm.com.br\/noticias\/wp-json\/wp\/v2\/categories?post=27104"},{"taxonomy":"post_tag","embeddable":true,"href":"https:\/\/radiolifefm.com.br\/noticias\/wp-json\/wp\/v2\/tags?post=27104"}],"curies":[{"name":"wp","href":"https:\/\/api.w.org\/{rel}","templated":true}]}}