{"id":27078,"date":"2020-09-19T10:11:14","date_gmt":"2020-09-19T13:11:14","guid":{"rendered":"https:\/\/radiolifefm.com.br\/noticias\/?p=27078"},"modified":"2026-05-01T03:34:13","modified_gmt":"2026-05-01T06:34:13","slug":"assaltante-e-preso-em-flagrante-apos-roubar-pedestre-no-centro-de-dracena-com-pistola-de-brinquedo","status":"publish","type":"post","link":"https:\/\/radiolifefm.com.br\/noticias\/assaltante-e-preso-em-flagrante-apos-roubar-pedestre-no-centro-de-dracena-com-pistola-de-brinquedo\/","title":{"rendered":"Assaltante \u00e9 preso em flagrante ap\u00f3s roubar pedestre no Centro de Dracena com pistola de brinquedo"},"content":{"rendered":"<div id=\"fb-root\"><\/div>\n<div class=\"mc-column content-text active-extra-styles \" data-block-type=\"unstyled\" data-block-weight=\"20\" data-block-id=\"2\">\n<p class=\"content-text__container \" data-track-category=\"Link no Texto\" data-track-links=\"\">Um homem foi preso em flagrante por roubo a uma pedestre no Centro de\u00a0<a href=\"https:\/\/g1.globo.com\/sp\/presidente-prudente-regiao\/cidade\/dracena\/\">Dracena<\/a>\u00a0na tarde desta sexta-feira (18).<\/p>\n<\/div>\n<div class=\"wall protected-content\">\n<div class=\"mc-column content-text active-extra-styles \" data-block-type=\"unstyled\" data-block-weight=\"18\" data-block-id=\"3\">\n<p class=\"content-text__container \" data-track-category=\"Link no Texto\" data-track-links=\"\">O criminoso usou uma aparente arma de fogo para render a v\u00edtima e roubar objetos pertencentes \u00e0 mulher.<\/p>\n<\/div>\n<div class=\"mc-column content-text active-extra-styles \" data-block-type=\"unstyled\" data-block-weight=\"12\" data-block-id=\"4\">\n<p class=\"content-text__container \" data-track-category=\"Link no Texto\" data-track-links=\"\">Ap\u00f3s o assalto, o bandido fugiu no sentido da Pra\u00e7a Arthur Pagnozzi.<\/p>\n<\/div>\n<div class=\"mc-column content-text active-extra-styles \" data-block-type=\"unstyled\" data-block-weight=\"35\" data-block-id=\"5\">\n<p class=\"content-text__container \" data-track-category=\"Link no Texto\" data-track-links=\"\">Na fuga, testemunhas tentaram deter o assaltante na altura do cruzamento entre as avenidas dos Expedicion\u00e1rios e Dom Pedro 2\u00ba e indicaram aos policiais militares acionados para o atendimento da ocorr\u00eancia onde estava o ladr\u00e3o.<\/p>\n<\/div>\n<div class=\"mc-column content-text active-extra-styles \" data-block-type=\"unstyled\" data-block-weight=\"24\" data-block-id=\"6\">\n<p class=\"content-text__container \" data-track-category=\"Link no Texto\" data-track-links=\"\">Os policiais conseguiram prend\u00ea-lo e ainda localizaram perto de uma \u00e1rvore um simulacro de pistola que foi utilizado no roubo para amea\u00e7ar a v\u00edtima.<\/p>\n<\/div>\n<div class=\"mc-column content-text active-extra-styles \" data-block-type=\"unstyled\" data-block-weight=\"22\" data-block-id=\"7\">\n<p class=\"content-text__container \" data-track-category=\"Link no Texto\" data-track-links=\"\">O homem recebeu voz de pris\u00e3o em flagrante e foi levado \u00e0 Delegacia da Pol\u00edcia Civil, onde permaneceu \u00e0 disposi\u00e7\u00e3o da Justi\u00e7a.<\/p>\n<\/div>\n<div class=\"mc-column content-text active-extra-styles \" data-block-type=\"unstyled\" data-block-weight=\"23\" data-block-id=\"8\">\n<p class=\"content-text__container \" data-track-category=\"Link no Texto\" data-track-links=\"\">A Pol\u00edcia Militar tamb\u00e9m recuperou um telefone celular, um cart\u00e3o de cr\u00e9dito e R$ 55 em dinheiro que haviam sido roubados da v\u00edtima.<\/p>\n<\/div>\n<div class=\"mc-column content-text active-extra-styles \" data-block-type=\"unstyled\" data-block-weight=\"20\" data-block-id=\"9\">\n<p class=\"content-text__container \" data-track-category=\"Link no Texto\" data-track-links=\"\">Segundo a Pol\u00edcia Militar, o ladr\u00e3o ainda confessou ter sido o autor de outro assalto na cidade nesta quinta-feira (17).<\/p>\n<p><em><strong>Por G1 Presidente Prudente<\/strong><\/em><\/p>\n<\/div>\n<\/div>\n","protected":false},"excerpt":{"rendered":"<p>Um homem foi preso em flagrante por roubo a uma pedestre no Centro de\u00a0Dracena\u00a0na tarde desta sexta-feira (18). O criminoso usou uma aparente arma de fogo para render a v\u00edtima e roubar objetos pertencentes \u00e0 mulher. Ap\u00f3s o assalto, o bandido fugiu no sentido da Pra\u00e7a Arthur Pagnozzi. Na fuga, testemunhas tentaram deter o assaltante [&hellip;]<\/p>\n","protected":false},"author":11,"featured_media":27079,"comment_status":"closed","ping_status":"open","sticky":false,"template":"","format":"standard","meta":{"_acf_changed":false,"_exactmetrics_skip_tracking":false,"_exactmetrics_sitenote_active":false,"_exactmetrics_sitenote_note":"","_exactmetrics_sitenote_category":0,"footnotes":""},"categories":[24],"tags":[],"class_list":["post-27078","post","type-post","status-publish","format-standard","has-post-thumbnail","hentry","category-regiao"],"acf":[],"yoast_head":"<!-- This site is optimized with the Yoast SEO plugin v27.2 - https:\/\/yoast.com\/product\/yoast-seo-wordpress\/ -->\n<title>Assaltante \u00e9 preso em flagrante ap\u00f3s roubar pedestre no Centro de Dracena com pistola de brinquedo - R\u00e1dio Life FM<\/title>\n<meta name=\"description\" content=\"Um homem foi preso em flagrante por roubo a uma pedestre no Centro de\u00a0Dracena\u00a0na tarde desta sexta-feira (18).\" \/>\n<meta name=\"robots\" content=\"index, follow, max-snippet:-1, max-image-preview:large, max-video-preview:-1\" \/>\n<link rel=\"canonical\" href=\"https:\/\/radiolifefm.com.br\/noticias\/assaltante-e-preso-em-flagrante-apos-roubar-pedestre-no-centro-de-dracena-com-pistola-de-brinquedo\/\" \/>\n<meta property=\"og:locale\" content=\"pt_BR\" \/>\n<meta property=\"og:type\" content=\"article\" \/>\n<meta property=\"og:title\" content=\"Assaltante \u00e9 preso em flagrante ap\u00f3s roubar pedestre no Centro de Dracena com pistola de brinquedo - R\u00e1dio Life FM\" \/>\n<meta property=\"og:description\" content=\"Um homem foi preso em flagrante por roubo a uma pedestre no Centro de\u00a0Dracena\u00a0na tarde desta sexta-feira (18).\" \/>\n<meta property=\"og:url\" content=\"https:\/\/radiolifefm.com.br\/noticias\/assaltante-e-preso-em-flagrante-apos-roubar-pedestre-no-centro-de-dracena-com-pistola-de-brinquedo\/\" \/>\n<meta property=\"og:site_name\" content=\"R\u00e1dio Life FM\" \/>\n<meta property=\"article:publisher\" content=\"https:\/\/www.facebook.com\/radiolifefm\/\" \/>\n<meta property=\"article:published_time\" content=\"2020-09-19T13:11:14+00:00\" \/>\n<meta property=\"article:modified_time\" content=\"2026-05-01T06:34:13+00:00\" \/>\n<meta property=\"og:image\" content=\"https:\/\/radiolifefm.com.br\/noticias\/wp-content\/uploads\/2020\/09\/3609e53b-51b9-48fb-987d-fb37c6a61127.jpg\" \/>\n\t<meta property=\"og:image:width\" content=\"1000\" \/>\n\t<meta property=\"og:image:height\" content=\"655\" \/>\n\t<meta property=\"og:image:type\" content=\"image\/jpeg\" \/>\n<meta name=\"author\" content=\"palomaborzan\" \/>\n<meta name=\"twitter:card\" content=\"summary_large_image\" \/>\n<meta name=\"twitter:label1\" content=\"Escrito por\" \/>\n\t<meta name=\"twitter:data1\" content=\"palomaborzan\" \/>\n\t<meta name=\"twitter:label2\" content=\"Est. tempo de leitura\" \/>\n\t<meta name=\"twitter:data2\" content=\"1 minuto\" \/>\n<script type=\"application\/ld+json\" class=\"yoast-schema-graph\">{\"@context\":\"https:\/\/schema.org\",\"@graph\":[{\"@type\":\"Article\",\"@id\":\"https:\/\/radiolifefm.com.br\/noticias\/assaltante-e-preso-em-flagrante-apos-roubar-pedestre-no-centro-de-dracena-com-pistola-de-brinquedo\/#article\",\"isPartOf\":{\"@id\":\"https:\/\/radiolifefm.com.br\/noticias\/assaltante-e-preso-em-flagrante-apos-roubar-pedestre-no-centro-de-dracena-com-pistola-de-brinquedo\/\"},\"author\":{\"name\":\"palomaborzan\",\"@id\":\"https:\/\/radiolifefm.com.br\/noticias\/#\/schema\/person\/58af3e98e78c224fbe3e142e87d53f9d\"},\"headline\":\"Assaltante \u00e9 preso em flagrante ap\u00f3s roubar pedestre no Centro de Dracena com pistola de brinquedo\",\"datePublished\":\"2020-09-19T13:11:14+00:00\",\"dateModified\":\"2026-05-01T06:34:13+00:00\",\"mainEntityOfPage\":{\"@id\":\"https:\/\/radiolifefm.com.br\/noticias\/assaltante-e-preso-em-flagrante-apos-roubar-pedestre-no-centro-de-dracena-com-pistola-de-brinquedo\/\"},\"wordCount\":207,\"publisher\":{\"@id\":\"https:\/\/radiolifefm.com.br\/noticias\/#organization\"},\"image\":{\"@id\":\"https:\/\/radiolifefm.com.br\/noticias\/assaltante-e-preso-em-flagrante-apos-roubar-pedestre-no-centro-de-dracena-com-pistola-de-brinquedo\/#primaryimage\"},\"thumbnailUrl\":\"https:\/\/radiolifefm.com.br\/noticias\/wp-content\/uploads\/2020\/09\/3609e53b-51b9-48fb-987d-fb37c6a61127.jpg\",\"articleSection\":[\"Regi\u00e3o\"],\"inLanguage\":\"pt-BR\"},{\"@type\":\"WebPage\",\"@id\":\"https:\/\/radiolifefm.com.br\/noticias\/assaltante-e-preso-em-flagrante-apos-roubar-pedestre-no-centro-de-dracena-com-pistola-de-brinquedo\/\",\"url\":\"https:\/\/radiolifefm.com.br\/noticias\/assaltante-e-preso-em-flagrante-apos-roubar-pedestre-no-centro-de-dracena-com-pistola-de-brinquedo\/\",\"name\":\"Assaltante \u00e9 preso em flagrante ap\u00f3s roubar pedestre no Centro de Dracena com pistola de brinquedo - R\u00e1dio Life FM\",\"isPartOf\":{\"@id\":\"https:\/\/radiolifefm.com.br\/noticias\/#website\"},\"primaryImageOfPage\":{\"@id\":\"https:\/\/radiolifefm.com.br\/noticias\/assaltante-e-preso-em-flagrante-apos-roubar-pedestre-no-centro-de-dracena-com-pistola-de-brinquedo\/#primaryimage\"},\"image\":{\"@id\":\"https:\/\/radiolifefm.com.br\/noticias\/assaltante-e-preso-em-flagrante-apos-roubar-pedestre-no-centro-de-dracena-com-pistola-de-brinquedo\/#primaryimage\"},\"thumbnailUrl\":\"https:\/\/radiolifefm.com.br\/noticias\/wp-content\/uploads\/2020\/09\/3609e53b-51b9-48fb-987d-fb37c6a61127.jpg\",\"datePublished\":\"2020-09-19T13:11:14+00:00\",\"dateModified\":\"2026-05-01T06:34:13+00:00\",\"description\":\"Um homem foi preso em flagrante por roubo a uma pedestre no Centro de\u00a0Dracena\u00a0na tarde desta sexta-feira (18).\",\"breadcrumb\":{\"@id\":\"https:\/\/radiolifefm.com.br\/noticias\/assaltante-e-preso-em-flagrante-apos-roubar-pedestre-no-centro-de-dracena-com-pistola-de-brinquedo\/#breadcrumb\"},\"inLanguage\":\"pt-BR\",\"potentialAction\":[{\"@type\":\"ReadAction\",\"target\":[\"https:\/\/radiolifefm.com.br\/noticias\/assaltante-e-preso-em-flagrante-apos-roubar-pedestre-no-centro-de-dracena-com-pistola-de-brinquedo\/\"]}]},{\"@type\":\"ImageObject\",\"inLanguage\":\"pt-BR\",\"@id\":\"https:\/\/radiolifefm.com.br\/noticias\/assaltante-e-preso-em-flagrante-apos-roubar-pedestre-no-centro-de-dracena-com-pistola-de-brinquedo\/#primaryimage\",\"url\":\"https:\/\/radiolifefm.com.br\/noticias\/wp-content\/uploads\/2020\/09\/3609e53b-51b9-48fb-987d-fb37c6a61127.jpg\",\"contentUrl\":\"https:\/\/radiolifefm.com.br\/noticias\/wp-content\/uploads\/2020\/09\/3609e53b-51b9-48fb-987d-fb37c6a61127.jpg\",\"width\":1000,\"height\":655,\"caption\":\"Assaltante usou uma pistola de brinquedo para render a v\u00edtima em Dracena \u2014 Foto: Pol\u00edcia Militar\"},{\"@type\":\"BreadcrumbList\",\"@id\":\"https:\/\/radiolifefm.com.br\/noticias\/assaltante-e-preso-em-flagrante-apos-roubar-pedestre-no-centro-de-dracena-com-pistola-de-brinquedo\/#breadcrumb\",\"itemListElement\":[{\"@type\":\"ListItem\",\"position\":1,\"name\":\"In\u00edcio\",\"item\":\"https:\/\/radiolifefm.com.br\/noticias\/\"},{\"@type\":\"ListItem\",\"position\":2,\"name\":\"Assaltante \u00e9 preso em flagrante ap\u00f3s roubar pedestre no Centro de Dracena com pistola de brinquedo\"}]},{\"@type\":\"WebSite\",\"@id\":\"https:\/\/radiolifefm.com.br\/noticias\/#website\",\"url\":\"https:\/\/radiolifefm.com.br\/noticias\/\",\"name\":\"R\u00e1dio Life FM\",\"description\":\"O Portal de Not\u00edcias de Adamantina\",\"publisher\":{\"@id\":\"https:\/\/radiolifefm.com.br\/noticias\/#organization\"},\"alternateName\":\"Life FM\",\"potentialAction\":[{\"@type\":\"SearchAction\",\"target\":{\"@type\":\"EntryPoint\",\"urlTemplate\":\"https:\/\/radiolifefm.com.br\/noticias\/?s={search_term_string}\"},\"query-input\":{\"@type\":\"PropertyValueSpecification\",\"valueRequired\":true,\"valueName\":\"search_term_string\"}}],\"inLanguage\":\"pt-BR\"},{\"@type\":\"Organization\",\"@id\":\"https:\/\/radiolifefm.com.br\/noticias\/#organization\",\"name\":\"R\u00e1dio Life FM\",\"alternateName\":\"Life FM\",\"url\":\"https:\/\/radiolifefm.com.br\/noticias\/\",\"logo\":{\"@type\":\"ImageObject\",\"inLanguage\":\"pt-BR\",\"@id\":\"https:\/\/radiolifefm.com.br\/noticias\/#\/schema\/logo\/image\/\",\"url\":\"https:\/\/static.radiolifefm.com.br\/noticias\/wp-content\/uploads\/2019\/10\/logo-lifefm.png\",\"contentUrl\":\"https:\/\/static.radiolifefm.com.br\/noticias\/wp-content\/uploads\/2019\/10\/logo-lifefm.png\",\"width\":196,\"height\":47,\"caption\":\"R\u00e1dio Life FM\"},\"image\":{\"@id\":\"https:\/\/radiolifefm.com.br\/noticias\/#\/schema\/logo\/image\/\"},\"sameAs\":[\"https:\/\/www.facebook.com\/radiolifefm\/\",\"https:\/\/www.instagram.com\/life1079fm\/\"]},{\"@type\":\"Person\",\"@id\":\"https:\/\/radiolifefm.com.br\/noticias\/#\/schema\/person\/58af3e98e78c224fbe3e142e87d53f9d\",\"name\":\"palomaborzan\",\"image\":{\"@type\":\"ImageObject\",\"inLanguage\":\"pt-BR\",\"@id\":\"https:\/\/secure.gravatar.com\/avatar\/495dd4d309288e9e8b97792861022a1857603be0c564711b6748b454e0a374dd?s=96&d=mm&r=g\",\"url\":\"https:\/\/secure.gravatar.com\/avatar\/495dd4d309288e9e8b97792861022a1857603be0c564711b6748b454e0a374dd?s=96&d=mm&r=g\",\"contentUrl\":\"https:\/\/secure.gravatar.com\/avatar\/495dd4d309288e9e8b97792861022a1857603be0c564711b6748b454e0a374dd?s=96&d=mm&r=g\",\"caption\":\"palomaborzan\"}}]}<\/script>\n<!-- \/ Yoast SEO plugin. -->","yoast_head_json":{"title":"Assaltante \u00e9 preso em flagrante ap\u00f3s roubar pedestre no Centro de Dracena com pistola de brinquedo - R\u00e1dio Life FM","description":"Um homem foi preso em flagrante por roubo a uma pedestre no Centro de\u00a0Dracena\u00a0na tarde desta sexta-feira (18).","robots":{"index":"index","follow":"follow","max-snippet":"max-snippet:-1","max-image-preview":"max-image-preview:large","max-video-preview":"max-video-preview:-1"},"canonical":"https:\/\/radiolifefm.com.br\/noticias\/assaltante-e-preso-em-flagrante-apos-roubar-pedestre-no-centro-de-dracena-com-pistola-de-brinquedo\/","og_locale":"pt_BR","og_type":"article","og_title":"Assaltante \u00e9 preso em flagrante ap\u00f3s roubar pedestre no Centro de Dracena com pistola de brinquedo - R\u00e1dio Life FM","og_description":"Um homem foi preso em flagrante por roubo a uma pedestre no Centro de\u00a0Dracena\u00a0na tarde desta sexta-feira (18).","og_url":"https:\/\/radiolifefm.com.br\/noticias\/assaltante-e-preso-em-flagrante-apos-roubar-pedestre-no-centro-de-dracena-com-pistola-de-brinquedo\/","og_site_name":"R\u00e1dio Life FM","article_publisher":"https:\/\/www.facebook.com\/radiolifefm\/","article_published_time":"2020-09-19T13:11:14+00:00","article_modified_time":"2026-05-01T06:34:13+00:00","og_image":[{"width":1000,"height":655,"url":"https:\/\/radiolifefm.com.br\/noticias\/wp-content\/uploads\/2020\/09\/3609e53b-51b9-48fb-987d-fb37c6a61127.jpg","type":"image\/jpeg"}],"author":"palomaborzan","twitter_card":"summary_large_image","twitter_misc":{"Escrito por":"palomaborzan","Est. tempo de leitura":"1 minuto"},"schema":{"@context":"https:\/\/schema.org","@graph":[{"@type":"Article","@id":"https:\/\/radiolifefm.com.br\/noticias\/assaltante-e-preso-em-flagrante-apos-roubar-pedestre-no-centro-de-dracena-com-pistola-de-brinquedo\/#article","isPartOf":{"@id":"https:\/\/radiolifefm.com.br\/noticias\/assaltante-e-preso-em-flagrante-apos-roubar-pedestre-no-centro-de-dracena-com-pistola-de-brinquedo\/"},"author":{"name":"palomaborzan","@id":"https:\/\/radiolifefm.com.br\/noticias\/#\/schema\/person\/58af3e98e78c224fbe3e142e87d53f9d"},"headline":"Assaltante \u00e9 preso em flagrante ap\u00f3s roubar pedestre no Centro de Dracena com pistola de brinquedo","datePublished":"2020-09-19T13:11:14+00:00","dateModified":"2026-05-01T06:34:13+00:00","mainEntityOfPage":{"@id":"https:\/\/radiolifefm.com.br\/noticias\/assaltante-e-preso-em-flagrante-apos-roubar-pedestre-no-centro-de-dracena-com-pistola-de-brinquedo\/"},"wordCount":207,"publisher":{"@id":"https:\/\/radiolifefm.com.br\/noticias\/#organization"},"image":{"@id":"https:\/\/radiolifefm.com.br\/noticias\/assaltante-e-preso-em-flagrante-apos-roubar-pedestre-no-centro-de-dracena-com-pistola-de-brinquedo\/#primaryimage"},"thumbnailUrl":"https:\/\/radiolifefm.com.br\/noticias\/wp-content\/uploads\/2020\/09\/3609e53b-51b9-48fb-987d-fb37c6a61127.jpg","articleSection":["Regi\u00e3o"],"inLanguage":"pt-BR"},{"@type":"WebPage","@id":"https:\/\/radiolifefm.com.br\/noticias\/assaltante-e-preso-em-flagrante-apos-roubar-pedestre-no-centro-de-dracena-com-pistola-de-brinquedo\/","url":"https:\/\/radiolifefm.com.br\/noticias\/assaltante-e-preso-em-flagrante-apos-roubar-pedestre-no-centro-de-dracena-com-pistola-de-brinquedo\/","name":"Assaltante \u00e9 preso em flagrante ap\u00f3s roubar pedestre no Centro de Dracena com pistola de brinquedo - R\u00e1dio Life FM","isPartOf":{"@id":"https:\/\/radiolifefm.com.br\/noticias\/#website"},"primaryImageOfPage":{"@id":"https:\/\/radiolifefm.com.br\/noticias\/assaltante-e-preso-em-flagrante-apos-roubar-pedestre-no-centro-de-dracena-com-pistola-de-brinquedo\/#primaryimage"},"image":{"@id":"https:\/\/radiolifefm.com.br\/noticias\/assaltante-e-preso-em-flagrante-apos-roubar-pedestre-no-centro-de-dracena-com-pistola-de-brinquedo\/#primaryimage"},"thumbnailUrl":"https:\/\/radiolifefm.com.br\/noticias\/wp-content\/uploads\/2020\/09\/3609e53b-51b9-48fb-987d-fb37c6a61127.jpg","datePublished":"2020-09-19T13:11:14+00:00","dateModified":"2026-05-01T06:34:13+00:00","description":"Um homem foi preso em flagrante por roubo a uma pedestre no Centro de\u00a0Dracena\u00a0na tarde desta sexta-feira (18).","breadcrumb":{"@id":"https:\/\/radiolifefm.com.br\/noticias\/assaltante-e-preso-em-flagrante-apos-roubar-pedestre-no-centro-de-dracena-com-pistola-de-brinquedo\/#breadcrumb"},"inLanguage":"pt-BR","potentialAction":[{"@type":"ReadAction","target":["https:\/\/radiolifefm.com.br\/noticias\/assaltante-e-preso-em-flagrante-apos-roubar-pedestre-no-centro-de-dracena-com-pistola-de-brinquedo\/"]}]},{"@type":"ImageObject","inLanguage":"pt-BR","@id":"https:\/\/radiolifefm.com.br\/noticias\/assaltante-e-preso-em-flagrante-apos-roubar-pedestre-no-centro-de-dracena-com-pistola-de-brinquedo\/#primaryimage","url":"https:\/\/radiolifefm.com.br\/noticias\/wp-content\/uploads\/2020\/09\/3609e53b-51b9-48fb-987d-fb37c6a61127.jpg","contentUrl":"https:\/\/radiolifefm.com.br\/noticias\/wp-content\/uploads\/2020\/09\/3609e53b-51b9-48fb-987d-fb37c6a61127.jpg","width":1000,"height":655,"caption":"Assaltante usou uma pistola de brinquedo para render a v\u00edtima em Dracena \u2014 Foto: Pol\u00edcia Militar"},{"@type":"BreadcrumbList","@id":"https:\/\/radiolifefm.com.br\/noticias\/assaltante-e-preso-em-flagrante-apos-roubar-pedestre-no-centro-de-dracena-com-pistola-de-brinquedo\/#breadcrumb","itemListElement":[{"@type":"ListItem","position":1,"name":"In\u00edcio","item":"https:\/\/radiolifefm.com.br\/noticias\/"},{"@type":"ListItem","position":2,"name":"Assaltante \u00e9 preso em flagrante ap\u00f3s roubar pedestre no Centro de Dracena com pistola de brinquedo"}]},{"@type":"WebSite","@id":"https:\/\/radiolifefm.com.br\/noticias\/#website","url":"https:\/\/radiolifefm.com.br\/noticias\/","name":"R\u00e1dio Life FM","description":"O Portal de Not\u00edcias de Adamantina","publisher":{"@id":"https:\/\/radiolifefm.com.br\/noticias\/#organization"},"alternateName":"Life FM","potentialAction":[{"@type":"SearchAction","target":{"@type":"EntryPoint","urlTemplate":"https:\/\/radiolifefm.com.br\/noticias\/?s={search_term_string}"},"query-input":{"@type":"PropertyValueSpecification","valueRequired":true,"valueName":"search_term_string"}}],"inLanguage":"pt-BR"},{"@type":"Organization","@id":"https:\/\/radiolifefm.com.br\/noticias\/#organization","name":"R\u00e1dio Life FM","alternateName":"Life FM","url":"https:\/\/radiolifefm.com.br\/noticias\/","logo":{"@type":"ImageObject","inLanguage":"pt-BR","@id":"https:\/\/radiolifefm.com.br\/noticias\/#\/schema\/logo\/image\/","url":"https:\/\/static.radiolifefm.com.br\/noticias\/wp-content\/uploads\/2019\/10\/logo-lifefm.png","contentUrl":"https:\/\/static.radiolifefm.com.br\/noticias\/wp-content\/uploads\/2019\/10\/logo-lifefm.png","width":196,"height":47,"caption":"R\u00e1dio Life FM"},"image":{"@id":"https:\/\/radiolifefm.com.br\/noticias\/#\/schema\/logo\/image\/"},"sameAs":["https:\/\/www.facebook.com\/radiolifefm\/","https:\/\/www.instagram.com\/life1079fm\/"]},{"@type":"Person","@id":"https:\/\/radiolifefm.com.br\/noticias\/#\/schema\/person\/58af3e98e78c224fbe3e142e87d53f9d","name":"palomaborzan","image":{"@type":"ImageObject","inLanguage":"pt-BR","@id":"https:\/\/secure.gravatar.com\/avatar\/495dd4d309288e9e8b97792861022a1857603be0c564711b6748b454e0a374dd?s=96&d=mm&r=g","url":"https:\/\/secure.gravatar.com\/avatar\/495dd4d309288e9e8b97792861022a1857603be0c564711b6748b454e0a374dd?s=96&d=mm&r=g","contentUrl":"https:\/\/secure.gravatar.com\/avatar\/495dd4d309288e9e8b97792861022a1857603be0c564711b6748b454e0a374dd?s=96&d=mm&r=g","caption":"palomaborzan"}}]}},"amp_enabled":true,"_links":{"self":[{"href":"https:\/\/radiolifefm.com.br\/noticias\/wp-json\/wp\/v2\/posts\/27078","targetHints":{"allow":["GET"]}}],"collection":[{"href":"https:\/\/radiolifefm.com.br\/noticias\/wp-json\/wp\/v2\/posts"}],"about":[{"href":"https:\/\/radiolifefm.com.br\/noticias\/wp-json\/wp\/v2\/types\/post"}],"author":[{"embeddable":true,"href":"https:\/\/radiolifefm.com.br\/noticias\/wp-json\/wp\/v2\/users\/11"}],"replies":[{"embeddable":true,"href":"https:\/\/radiolifefm.com.br\/noticias\/wp-json\/wp\/v2\/comments?post=27078"}],"version-history":[{"count":1,"href":"https:\/\/radiolifefm.com.br\/noticias\/wp-json\/wp\/v2\/posts\/27078\/revisions"}],"predecessor-version":[{"id":27080,"href":"https:\/\/radiolifefm.com.br\/noticias\/wp-json\/wp\/v2\/posts\/27078\/revisions\/27080"}],"wp:featuredmedia":[{"embeddable":true,"href":"https:\/\/radiolifefm.com.br\/noticias\/wp-json\/wp\/v2\/media\/27079"}],"wp:attachment":[{"href":"https:\/\/radiolifefm.com.br\/noticias\/wp-json\/wp\/v2\/media?parent=27078"}],"wp:term":[{"taxonomy":"category","embeddable":true,"href":"https:\/\/radiolifefm.com.br\/noticias\/wp-json\/wp\/v2\/categories?post=27078"},{"taxonomy":"post_tag","embeddable":true,"href":"https:\/\/radiolifefm.com.br\/noticias\/wp-json\/wp\/v2\/tags?post=27078"}],"curies":[{"name":"wp","href":"https:\/\/api.w.org\/{rel}","templated":true}]}}