{"id":27045,"date":"2020-09-18T17:30:30","date_gmt":"2020-09-18T20:30:30","guid":{"rendered":"https:\/\/radiolifefm.com.br\/noticias\/?p=27045"},"modified":"2026-04-20T11:00:37","modified_gmt":"2026-04-20T14:00:37","slug":"em-seminario-virtual-fundacao-casa-vai-abordar-responsabilidade-social-e-inclusao-de-adolescentes-em-situacao-de-vulnerabilidade-adamantina","status":"publish","type":"post","link":"https:\/\/radiolifefm.com.br\/noticias\/em-seminario-virtual-fundacao-casa-vai-abordar-responsabilidade-social-e-inclusao-de-adolescentes-em-situacao-de-vulnerabilidade-adamantina\/","title":{"rendered":"Em semin\u00e1rio virtual, Funda\u00e7\u00e3o Casa vai abordar responsabilidade social e inclus\u00e3o de adolescentes em situa\u00e7\u00e3o de vulnerabilidade"},"content":{"rendered":"<div id=\"fb-root\"><\/div>\n<div class=\"mc-column content-text active-extra-styles \" data-block-type=\"unstyled\" data-block-weight=\"58\" data-block-id=\"2\">\n<p class=\"content-text__container \" data-track-category=\"Link no Texto\" data-track-links=\"\">O diretor da Divis\u00e3o Regional Oeste (DRO) da Funda\u00e7\u00e3o Casa, J\u00falio C\u00e9sar Padovan, participa nesta segunda-feira (21), \u00e0s 10h, do semin\u00e1rio virtual \u201cAprendizagem: responsabilidade social empresarial e inclus\u00e3o protegida de adolescentes e jovens em situa\u00e7\u00e3o de vulnerabilidade\u201d. A iniciativa do evento \u00e9 do F\u00f3rum de Preven\u00e7\u00e3o e Erradica\u00e7\u00e3o do Trabalho Infantil de\u00a0<a href=\"https:\/\/g1.globo.com\/sp\/presidente-prudente-regiao\/cidade\/presidente-prudente\/\">Presidente Prudente<\/a>\u00a0e Regi\u00e3o (FPETI-PPR)<\/p>\n<\/div>\n<div class=\"wall protected-content\">\n<div class=\"mc-column content-text active-extra-styles \" data-block-type=\"unstyled\" data-block-weight=\"49\" data-block-id=\"3\">\n<p class=\"content-text__container \" data-track-category=\"Link no Texto\" data-track-links=\"\">A transmiss\u00e3o ser\u00e1 pelo\u00a0<a href=\"https:\/\/www.youtube.com\/fpetippr\" target=\"_blank\" rel=\"noopener noreferrer\">canal do FPETI-PPR<\/a>\u00a0no YouTube e acess\u00edvel a qualquer interessado no tema , n\u00e3o \u00e9 necess\u00e1ria inscri\u00e7\u00e3o pr\u00e9via. Em sua palestra, o diretor da DRO vai discutir a inser\u00e7\u00e3o no mercado de trabalho, como aprendizes ou empregados, de adolescentes internados na Funda\u00e7\u00e3o Casa.<\/p>\n<\/div>\n<div class=\"mc-column content-text active-extra-styles \" data-block-type=\"unstyled\" data-block-weight=\"50\" data-block-id=\"4\">\n<p class=\"content-text__container \" data-track-category=\"Link no Texto\" data-track-links=\"\">O profissional tamb\u00e9m abordar\u00e1 levantamento sobre anseios e principais dificuldades que esses jovens em vulnerabilidade enfrentam ap\u00f3s cumprirem a medida socioeducativa de priva\u00e7\u00e3o de liberdade. Padovan ainda vai apresentar experi\u00eancias exitosas de inser\u00e7\u00e3o de jovens que ficaram internados em centros socioeducativos nas cidades de Ara\u00e7atuba,\u00a0<a href=\"https:\/\/g1.globo.com\/sp\/presidente-prudente-regiao\/cidade\/irapuru\/\">Irapuru<\/a>\u00a0e\u00a0<a href=\"https:\/\/g1.globo.com\/sp\/presidente-prudente-regiao\/cidade\/presidente-bernardes-sp\/\">Presidente Bernardes<\/a>.<\/p>\n<\/div>\n<div class=\"mc-column content-text active-extra-styles \" data-block-type=\"unstyled\" data-block-weight=\"36\" data-block-id=\"5\">\n<p class=\"content-text__container \" data-track-category=\"Link no Texto\" data-track-links=\"\">A programa\u00e7\u00e3o ter\u00e1 in\u00edcio com palestra do juiz do trabalho aposentado Jos\u00e9 Roberto Dantas Oliva, que falar\u00e1 sobre: \u201cAprendizagem: mais do que um dever, oportunidade de qualifica\u00e7\u00e3o do quadro de empregados e responsabilidade social\u201d.<\/p>\n<\/div>\n<div class=\"mc-column content-text active-extra-styles \" data-block-type=\"unstyled\" data-block-weight=\"39\" data-block-id=\"6\">\n<p class=\"content-text__container \" data-track-category=\"Link no Texto\" data-track-links=\"\">Logo ap\u00f3s, junto \u00e0 participa\u00e7\u00e3o do diretor da DRO, um jovem de Presidente Prudente, que cumpriu medida socioeducativa de interna\u00e7\u00e3o em Presidente Bernardes, contar\u00e1 sua experi\u00eancia em tentar ingressar no mercado de trabalho ap\u00f3s a priva\u00e7\u00e3o de liberdade.<\/p>\n<div class=\"mc-column content-text active-extra-styles \" data-block-type=\"unstyled\" data-block-weight=\"24\" data-block-id=\"8\">\n<p class=\"content-text__container \" data-track-category=\"Link no Texto\" data-track-links=\"\">Um empres\u00e1rio de Presidente Prudente, do ramo de log\u00edstica, discorrer\u00e1 sobre a experi\u00eancia e os benef\u00edcios na contrata\u00e7\u00e3o de adolescentes egressos da Funda\u00e7\u00e3o Casa.<\/p>\n<\/div>\n<div class=\"mc-column content-text active-extra-styles \" data-block-type=\"unstyled\" data-block-weight=\"57\" data-block-id=\"9\">\n<p class=\"content-text__container \" data-track-category=\"Link no Texto\" data-track-links=\"\">A programa\u00e7\u00e3o ter\u00e1 ainda uma palestra do presidente do Comit\u00ea Regional de Combate ao Trabalho Infantil e de Est\u00edmulo \u00e0 Aprendizagem, desembargador Jo\u00e3o Batista Martins C\u00e9sar, do Tribunal Regional do Trabalho da 15\u00aa Regi\u00e3o (TRT-15), em Campinas . Martins C\u00e9sar falar\u00e1 sobre \u201cAprendizagem social: porta segura para o ingresso do adolescente no mercado de trabalho\u201d.<\/p>\n<\/div>\n<div class=\"mc-column content-text active-extra-styles \" data-block-type=\"unstyled\" data-block-weight=\"99\" data-block-id=\"10\">\n<p class=\"content-text__container \" data-track-category=\"Link no Texto\" data-track-links=\"\">O FPRTI-PPR \u00e9 um espa\u00e7o de di\u00e1logo plural que congrega diversos \u00f3rg\u00e3os e entidades especializados. O semin\u00e1rio tem organiza\u00e7\u00e3o do Juizado Especial da Inf\u00e2ncia e Adolesc\u00eancia de Presidente Prudente (JEIA), criado pelo Tribunal Regional do Trabalho da 15\u00aa Regi\u00e3o, do Minist\u00e9rio P\u00fablico do Trabalho (MPT), da Ger\u00eancia Regional do Trabalho (vinculada ao Minist\u00e9rio da Economia), das secretarias Municipal e Estadual da Educa\u00e7\u00e3o, da Secretaria Municipal de Assist\u00eancia Social, do Conselho Municipal dos Direitos da Crian\u00e7a e do Adolescente (CMDCA), os dois Conselhos Tutelares e a Ordem dos Advogados do Brasil, subse\u00e7\u00e3o local, Conselho Intersindical de Presidente Prudente, dentre outros.<\/p>\n<div class=\"mc-column content-text active-extra-styles\" data-block-type=\"raw\" data-block-weight=\"3\" data-block-id=\"12\">\n<div class=\"content-intertitle\">\n<p><em><strong>Sobre o semin\u00e1rio<\/strong><\/em><\/p>\n<\/div>\n<p>O foco \u00e9 avaliar como a aprendizagem pode ser um importante instrumento de combate ao trabalho infantil, com grande potencial para transformar vidas e romper com o ciclo de pobreza que o trabalho precoce faz perpetuar de gera\u00e7\u00e3o em gera\u00e7\u00e3o.<\/p>\n<div class=\"mc-column content-text active-extra-styles \" data-block-type=\"unstyled\" data-block-weight=\"60\" data-block-id=\"15\">\n<p class=\"content-text__container \" data-track-category=\"Link no Texto\" data-track-links=\"\">Um dos objetivos ainda \u00e9 conscientizar a sociedade e, principalmente, os empres\u00e1rios sobre a aprendizagem como solu\u00e7\u00e3o eficaz para erradicar o trabalho infantil e inserir, social e profissionalmente, adolescentes e jovens no mercado de trabalho de forma segura, atrav\u00e9s de um contrato de trabalho especial, por prazo determinado, com adolescente inscrito em programa, sob orienta\u00e7\u00e3o de entidade qualificada.<\/p>\n<\/div>\n<div class=\"mc-column content-text active-extra-styles \" data-block-type=\"unstyled\" data-block-weight=\"47\" data-block-id=\"16\">\n<p class=\"content-text__container \" data-track-category=\"Link no Texto\" data-track-links=\"\">\u201cNo contrato de aprendizagem, o empregador se compromete a assegurar forma\u00e7\u00e3o t\u00e9cnico-profissional, por meio de um m\u00e9todo que alie teoria e pr\u00e1tica, garantindo a compatibilidade com o desenvolvimento f\u00edsico, moral e psicol\u00f3gico do aprendiz\u201d, explicou o juiz Mouzart Lu\u00eds Alves Brenes, do JEIA de Presidente Prudente.<\/p>\n<\/div>\n<\/div>\n<p class=\"content-text__container \" data-track-category=\"Link no Texto\" data-track-links=\"\"><em><strong>Por G1 Presidente Prudente\u00a0<\/strong><\/em><\/p>\n<\/div>\n<\/div>\n<div class=\"content-ads content-ads--reveal\" data-block-type=\"ads\" data-block-id=\"7\">\n<div id=\"banner_materia2\" class=\"tag-manager-publicidade-container mc-has-reveal mc-has-ad-lazyload tag-manager-publicidade-banner_materia2 tag-manager-publicidade-container--carregado tag-manager-publicidade-container--visivel\" data-id=\"banner_materia2\" data-google-query-id=\"CJG5wZfF8-sCFcUGuQYdy9QORg\" data-cid=\"138315850484\" data-lid=\"5465772869\">\n<div id=\"google_ads_iframe_\/95377733\/tvg_G1\/Sua_Regiao&gt;Sudeste&gt;Sao_Paulo_(Pres_Prudente)_2__container__\" style=\"margin: auto;padding: 0px;border: 0pt none;font: inherit;vertical-align: initial;width: 970px;max-width: 100%;text-align: center;height: 250px\"><\/div>\n<\/div>\n<\/div>\n<\/div>\n","protected":false},"excerpt":{"rendered":"<p>O diretor da Divis\u00e3o Regional Oeste (DRO) da Funda\u00e7\u00e3o Casa, J\u00falio C\u00e9sar Padovan, participa nesta segunda-feira (21), \u00e0s 10h, do semin\u00e1rio virtual \u201cAprendizagem: responsabilidade social empresarial e inclus\u00e3o protegida de adolescentes e jovens em situa\u00e7\u00e3o de vulnerabilidade\u201d. A iniciativa do evento \u00e9 do F\u00f3rum de Preven\u00e7\u00e3o e Erradica\u00e7\u00e3o do Trabalho Infantil de\u00a0Presidente Prudente\u00a0e Regi\u00e3o (FPETI-PPR) [&hellip;]<\/p>\n","protected":false},"author":11,"featured_media":27048,"comment_status":"closed","ping_status":"open","sticky":false,"template":"","format":"standard","meta":{"_acf_changed":false,"_exactmetrics_skip_tracking":false,"_exactmetrics_sitenote_active":false,"_exactmetrics_sitenote_note":"","_exactmetrics_sitenote_category":0,"footnotes":""},"categories":[24],"tags":[],"class_list":["post-27045","post","type-post","status-publish","format-standard","has-post-thumbnail","hentry","category-regiao"],"acf":[],"yoast_head":"<!-- This site is optimized with the Yoast SEO plugin v27.2 - https:\/\/yoast.com\/product\/yoast-seo-wordpress\/ -->\n<title>Em semin\u00e1rio virtual, Funda\u00e7\u00e3o Casa vai abordar responsabilidade social e inclus\u00e3o de adolescentes em situa\u00e7\u00e3o de vulnerabilidade - R\u00e1dio Life FM<\/title>\n<meta name=\"robots\" content=\"index, follow, max-snippet:-1, max-image-preview:large, max-video-preview:-1\" \/>\n<link rel=\"canonical\" href=\"https:\/\/radiolifefm.com.br\/noticias\/em-seminario-virtual-fundacao-casa-vai-abordar-responsabilidade-social-e-inclusao-de-adolescentes-em-situacao-de-vulnerabilidade-adamantina\/\" \/>\n<meta property=\"og:locale\" content=\"pt_BR\" \/>\n<meta property=\"og:type\" content=\"article\" \/>\n<meta property=\"og:title\" content=\"Em semin\u00e1rio virtual, Funda\u00e7\u00e3o Casa vai abordar responsabilidade social e inclus\u00e3o de adolescentes em situa\u00e7\u00e3o de vulnerabilidade - R\u00e1dio Life FM\" \/>\n<meta property=\"og:description\" content=\"O diretor da Divis\u00e3o Regional Oeste (DRO) da Funda\u00e7\u00e3o Casa, J\u00falio C\u00e9sar Padovan, participa nesta segunda-feira (21), \u00e0s 10h, do semin\u00e1rio virtual \u201cAprendizagem: responsabilidade social empresarial e inclus\u00e3o protegida de adolescentes e jovens em situa\u00e7\u00e3o de vulnerabilidade\u201d. A iniciativa do evento \u00e9 do F\u00f3rum de Preven\u00e7\u00e3o e Erradica\u00e7\u00e3o do Trabalho Infantil de\u00a0Presidente Prudente\u00a0e Regi\u00e3o (FPETI-PPR) [&hellip;]\" \/>\n<meta property=\"og:url\" content=\"https:\/\/radiolifefm.com.br\/noticias\/em-seminario-virtual-fundacao-casa-vai-abordar-responsabilidade-social-e-inclusao-de-adolescentes-em-situacao-de-vulnerabilidade-adamantina\/\" \/>\n<meta property=\"og:site_name\" content=\"R\u00e1dio Life FM\" \/>\n<meta property=\"article:publisher\" content=\"https:\/\/www.facebook.com\/radiolifefm\/\" \/>\n<meta property=\"article:published_time\" content=\"2020-09-18T20:30:30+00:00\" \/>\n<meta property=\"article:modified_time\" content=\"2026-04-20T14:00:37+00:00\" \/>\n<meta property=\"og:image\" content=\"https:\/\/radiolifefm.com.br\/noticias\/wp-content\/uploads\/2020\/09\/fundacao-bernardes-1.jpg\" \/>\n\t<meta property=\"og:image:width\" content=\"1000\" \/>\n\t<meta property=\"og:image:height\" content=\"750\" \/>\n\t<meta property=\"og:image:type\" content=\"image\/jpeg\" \/>\n<meta name=\"author\" content=\"palomaborzan\" \/>\n<meta name=\"twitter:card\" content=\"summary_large_image\" \/>\n<meta name=\"twitter:label1\" content=\"Escrito por\" \/>\n\t<meta name=\"twitter:data1\" content=\"palomaborzan\" \/>\n\t<meta name=\"twitter:label2\" content=\"Est. tempo de leitura\" \/>\n\t<meta name=\"twitter:data2\" content=\"3 minutos\" \/>\n<script type=\"application\/ld+json\" class=\"yoast-schema-graph\">{\"@context\":\"https:\/\/schema.org\",\"@graph\":[{\"@type\":\"Article\",\"@id\":\"https:\/\/radiolifefm.com.br\/noticias\/em-seminario-virtual-fundacao-casa-vai-abordar-responsabilidade-social-e-inclusao-de-adolescentes-em-situacao-de-vulnerabilidade-adamantina\/#article\",\"isPartOf\":{\"@id\":\"https:\/\/radiolifefm.com.br\/noticias\/em-seminario-virtual-fundacao-casa-vai-abordar-responsabilidade-social-e-inclusao-de-adolescentes-em-situacao-de-vulnerabilidade-adamantina\/\"},\"author\":{\"name\":\"palomaborzan\",\"@id\":\"https:\/\/radiolifefm.com.br\/noticias\/#\/schema\/person\/58af3e98e78c224fbe3e142e87d53f9d\"},\"headline\":\"Em semin\u00e1rio virtual, Funda\u00e7\u00e3o Casa vai abordar responsabilidade social e inclus\u00e3o de adolescentes em situa\u00e7\u00e3o de vulnerabilidade\",\"datePublished\":\"2020-09-18T20:30:30+00:00\",\"dateModified\":\"2026-04-20T14:00:37+00:00\",\"mainEntityOfPage\":{\"@id\":\"https:\/\/radiolifefm.com.br\/noticias\/em-seminario-virtual-fundacao-casa-vai-abordar-responsabilidade-social-e-inclusao-de-adolescentes-em-situacao-de-vulnerabilidade-adamantina\/\"},\"wordCount\":639,\"publisher\":{\"@id\":\"https:\/\/radiolifefm.com.br\/noticias\/#organization\"},\"image\":{\"@id\":\"https:\/\/radiolifefm.com.br\/noticias\/em-seminario-virtual-fundacao-casa-vai-abordar-responsabilidade-social-e-inclusao-de-adolescentes-em-situacao-de-vulnerabilidade-adamantina\/#primaryimage\"},\"thumbnailUrl\":\"https:\/\/radiolifefm.com.br\/noticias\/wp-content\/uploads\/2020\/09\/fundacao-bernardes-1.jpg\",\"articleSection\":[\"Regi\u00e3o\"],\"inLanguage\":\"pt-BR\"},{\"@type\":\"WebPage\",\"@id\":\"https:\/\/radiolifefm.com.br\/noticias\/em-seminario-virtual-fundacao-casa-vai-abordar-responsabilidade-social-e-inclusao-de-adolescentes-em-situacao-de-vulnerabilidade-adamantina\/\",\"url\":\"https:\/\/radiolifefm.com.br\/noticias\/em-seminario-virtual-fundacao-casa-vai-abordar-responsabilidade-social-e-inclusao-de-adolescentes-em-situacao-de-vulnerabilidade-adamantina\/\",\"name\":\"Em semin\u00e1rio virtual, Funda\u00e7\u00e3o Casa vai abordar responsabilidade social e inclus\u00e3o de adolescentes em situa\u00e7\u00e3o de vulnerabilidade - R\u00e1dio Life FM\",\"isPartOf\":{\"@id\":\"https:\/\/radiolifefm.com.br\/noticias\/#website\"},\"primaryImageOfPage\":{\"@id\":\"https:\/\/radiolifefm.com.br\/noticias\/em-seminario-virtual-fundacao-casa-vai-abordar-responsabilidade-social-e-inclusao-de-adolescentes-em-situacao-de-vulnerabilidade-adamantina\/#primaryimage\"},\"image\":{\"@id\":\"https:\/\/radiolifefm.com.br\/noticias\/em-seminario-virtual-fundacao-casa-vai-abordar-responsabilidade-social-e-inclusao-de-adolescentes-em-situacao-de-vulnerabilidade-adamantina\/#primaryimage\"},\"thumbnailUrl\":\"https:\/\/radiolifefm.com.br\/noticias\/wp-content\/uploads\/2020\/09\/fundacao-bernardes-1.jpg\",\"datePublished\":\"2020-09-18T20:30:30+00:00\",\"dateModified\":\"2026-04-20T14:00:37+00:00\",\"breadcrumb\":{\"@id\":\"https:\/\/radiolifefm.com.br\/noticias\/em-seminario-virtual-fundacao-casa-vai-abordar-responsabilidade-social-e-inclusao-de-adolescentes-em-situacao-de-vulnerabilidade-adamantina\/#breadcrumb\"},\"inLanguage\":\"pt-BR\",\"potentialAction\":[{\"@type\":\"ReadAction\",\"target\":[\"https:\/\/radiolifefm.com.br\/noticias\/em-seminario-virtual-fundacao-casa-vai-abordar-responsabilidade-social-e-inclusao-de-adolescentes-em-situacao-de-vulnerabilidade-adamantina\/\"]}]},{\"@type\":\"ImageObject\",\"inLanguage\":\"pt-BR\",\"@id\":\"https:\/\/radiolifefm.com.br\/noticias\/em-seminario-virtual-fundacao-casa-vai-abordar-responsabilidade-social-e-inclusao-de-adolescentes-em-situacao-de-vulnerabilidade-adamantina\/#primaryimage\",\"url\":\"https:\/\/radiolifefm.com.br\/noticias\/wp-content\/uploads\/2020\/09\/fundacao-bernardes-1.jpg\",\"contentUrl\":\"https:\/\/radiolifefm.com.br\/noticias\/wp-content\/uploads\/2020\/09\/fundacao-bernardes-1.jpg\",\"width\":1000,\"height\":750,\"caption\":\"Unidade da Funda\u00e7\u00e3o Casa em Presidente Bernardes \u2014 Foto: Reprodu\u00e7\u00e3o\/TV Fronteira\"},{\"@type\":\"BreadcrumbList\",\"@id\":\"https:\/\/radiolifefm.com.br\/noticias\/em-seminario-virtual-fundacao-casa-vai-abordar-responsabilidade-social-e-inclusao-de-adolescentes-em-situacao-de-vulnerabilidade-adamantina\/#breadcrumb\",\"itemListElement\":[{\"@type\":\"ListItem\",\"position\":1,\"name\":\"In\u00edcio\",\"item\":\"https:\/\/radiolifefm.com.br\/noticias\/\"},{\"@type\":\"ListItem\",\"position\":2,\"name\":\"Em semin\u00e1rio virtual, Funda\u00e7\u00e3o Casa vai abordar responsabilidade social e inclus\u00e3o de adolescentes em situa\u00e7\u00e3o de vulnerabilidade\"}]},{\"@type\":\"WebSite\",\"@id\":\"https:\/\/radiolifefm.com.br\/noticias\/#website\",\"url\":\"https:\/\/radiolifefm.com.br\/noticias\/\",\"name\":\"R\u00e1dio Life FM\",\"description\":\"O Portal de Not\u00edcias de Adamantina\",\"publisher\":{\"@id\":\"https:\/\/radiolifefm.com.br\/noticias\/#organization\"},\"alternateName\":\"Life FM\",\"potentialAction\":[{\"@type\":\"SearchAction\",\"target\":{\"@type\":\"EntryPoint\",\"urlTemplate\":\"https:\/\/radiolifefm.com.br\/noticias\/?s={search_term_string}\"},\"query-input\":{\"@type\":\"PropertyValueSpecification\",\"valueRequired\":true,\"valueName\":\"search_term_string\"}}],\"inLanguage\":\"pt-BR\"},{\"@type\":\"Organization\",\"@id\":\"https:\/\/radiolifefm.com.br\/noticias\/#organization\",\"name\":\"R\u00e1dio Life FM\",\"alternateName\":\"Life FM\",\"url\":\"https:\/\/radiolifefm.com.br\/noticias\/\",\"logo\":{\"@type\":\"ImageObject\",\"inLanguage\":\"pt-BR\",\"@id\":\"https:\/\/radiolifefm.com.br\/noticias\/#\/schema\/logo\/image\/\",\"url\":\"https:\/\/static.radiolifefm.com.br\/noticias\/wp-content\/uploads\/2019\/10\/logo-lifefm.png\",\"contentUrl\":\"https:\/\/static.radiolifefm.com.br\/noticias\/wp-content\/uploads\/2019\/10\/logo-lifefm.png\",\"width\":196,\"height\":47,\"caption\":\"R\u00e1dio Life FM\"},\"image\":{\"@id\":\"https:\/\/radiolifefm.com.br\/noticias\/#\/schema\/logo\/image\/\"},\"sameAs\":[\"https:\/\/www.facebook.com\/radiolifefm\/\",\"https:\/\/www.instagram.com\/life1079fm\/\"]},{\"@type\":\"Person\",\"@id\":\"https:\/\/radiolifefm.com.br\/noticias\/#\/schema\/person\/58af3e98e78c224fbe3e142e87d53f9d\",\"name\":\"palomaborzan\",\"image\":{\"@type\":\"ImageObject\",\"inLanguage\":\"pt-BR\",\"@id\":\"https:\/\/secure.gravatar.com\/avatar\/495dd4d309288e9e8b97792861022a1857603be0c564711b6748b454e0a374dd?s=96&d=mm&r=g\",\"url\":\"https:\/\/secure.gravatar.com\/avatar\/495dd4d309288e9e8b97792861022a1857603be0c564711b6748b454e0a374dd?s=96&d=mm&r=g\",\"contentUrl\":\"https:\/\/secure.gravatar.com\/avatar\/495dd4d309288e9e8b97792861022a1857603be0c564711b6748b454e0a374dd?s=96&d=mm&r=g\",\"caption\":\"palomaborzan\"}}]}<\/script>\n<!-- \/ Yoast SEO plugin. -->","yoast_head_json":{"title":"Em semin\u00e1rio virtual, Funda\u00e7\u00e3o Casa vai abordar responsabilidade social e inclus\u00e3o de adolescentes em situa\u00e7\u00e3o de vulnerabilidade - R\u00e1dio Life FM","robots":{"index":"index","follow":"follow","max-snippet":"max-snippet:-1","max-image-preview":"max-image-preview:large","max-video-preview":"max-video-preview:-1"},"canonical":"https:\/\/radiolifefm.com.br\/noticias\/em-seminario-virtual-fundacao-casa-vai-abordar-responsabilidade-social-e-inclusao-de-adolescentes-em-situacao-de-vulnerabilidade-adamantina\/","og_locale":"pt_BR","og_type":"article","og_title":"Em semin\u00e1rio virtual, Funda\u00e7\u00e3o Casa vai abordar responsabilidade social e inclus\u00e3o de adolescentes em situa\u00e7\u00e3o de vulnerabilidade - R\u00e1dio Life FM","og_description":"O diretor da Divis\u00e3o Regional Oeste (DRO) da Funda\u00e7\u00e3o Casa, J\u00falio C\u00e9sar Padovan, participa nesta segunda-feira (21), \u00e0s 10h, do semin\u00e1rio virtual \u201cAprendizagem: responsabilidade social empresarial e inclus\u00e3o protegida de adolescentes e jovens em situa\u00e7\u00e3o de vulnerabilidade\u201d. A iniciativa do evento \u00e9 do F\u00f3rum de Preven\u00e7\u00e3o e Erradica\u00e7\u00e3o do Trabalho Infantil de\u00a0Presidente Prudente\u00a0e Regi\u00e3o (FPETI-PPR) [&hellip;]","og_url":"https:\/\/radiolifefm.com.br\/noticias\/em-seminario-virtual-fundacao-casa-vai-abordar-responsabilidade-social-e-inclusao-de-adolescentes-em-situacao-de-vulnerabilidade-adamantina\/","og_site_name":"R\u00e1dio Life FM","article_publisher":"https:\/\/www.facebook.com\/radiolifefm\/","article_published_time":"2020-09-18T20:30:30+00:00","article_modified_time":"2026-04-20T14:00:37+00:00","og_image":[{"width":1000,"height":750,"url":"https:\/\/radiolifefm.com.br\/noticias\/wp-content\/uploads\/2020\/09\/fundacao-bernardes-1.jpg","type":"image\/jpeg"}],"author":"palomaborzan","twitter_card":"summary_large_image","twitter_misc":{"Escrito por":"palomaborzan","Est. tempo de leitura":"3 minutos"},"schema":{"@context":"https:\/\/schema.org","@graph":[{"@type":"Article","@id":"https:\/\/radiolifefm.com.br\/noticias\/em-seminario-virtual-fundacao-casa-vai-abordar-responsabilidade-social-e-inclusao-de-adolescentes-em-situacao-de-vulnerabilidade-adamantina\/#article","isPartOf":{"@id":"https:\/\/radiolifefm.com.br\/noticias\/em-seminario-virtual-fundacao-casa-vai-abordar-responsabilidade-social-e-inclusao-de-adolescentes-em-situacao-de-vulnerabilidade-adamantina\/"},"author":{"name":"palomaborzan","@id":"https:\/\/radiolifefm.com.br\/noticias\/#\/schema\/person\/58af3e98e78c224fbe3e142e87d53f9d"},"headline":"Em semin\u00e1rio virtual, Funda\u00e7\u00e3o Casa vai abordar responsabilidade social e inclus\u00e3o de adolescentes em situa\u00e7\u00e3o de vulnerabilidade","datePublished":"2020-09-18T20:30:30+00:00","dateModified":"2026-04-20T14:00:37+00:00","mainEntityOfPage":{"@id":"https:\/\/radiolifefm.com.br\/noticias\/em-seminario-virtual-fundacao-casa-vai-abordar-responsabilidade-social-e-inclusao-de-adolescentes-em-situacao-de-vulnerabilidade-adamantina\/"},"wordCount":639,"publisher":{"@id":"https:\/\/radiolifefm.com.br\/noticias\/#organization"},"image":{"@id":"https:\/\/radiolifefm.com.br\/noticias\/em-seminario-virtual-fundacao-casa-vai-abordar-responsabilidade-social-e-inclusao-de-adolescentes-em-situacao-de-vulnerabilidade-adamantina\/#primaryimage"},"thumbnailUrl":"https:\/\/radiolifefm.com.br\/noticias\/wp-content\/uploads\/2020\/09\/fundacao-bernardes-1.jpg","articleSection":["Regi\u00e3o"],"inLanguage":"pt-BR"},{"@type":"WebPage","@id":"https:\/\/radiolifefm.com.br\/noticias\/em-seminario-virtual-fundacao-casa-vai-abordar-responsabilidade-social-e-inclusao-de-adolescentes-em-situacao-de-vulnerabilidade-adamantina\/","url":"https:\/\/radiolifefm.com.br\/noticias\/em-seminario-virtual-fundacao-casa-vai-abordar-responsabilidade-social-e-inclusao-de-adolescentes-em-situacao-de-vulnerabilidade-adamantina\/","name":"Em semin\u00e1rio virtual, Funda\u00e7\u00e3o Casa vai abordar responsabilidade social e inclus\u00e3o de adolescentes em situa\u00e7\u00e3o de vulnerabilidade - R\u00e1dio Life FM","isPartOf":{"@id":"https:\/\/radiolifefm.com.br\/noticias\/#website"},"primaryImageOfPage":{"@id":"https:\/\/radiolifefm.com.br\/noticias\/em-seminario-virtual-fundacao-casa-vai-abordar-responsabilidade-social-e-inclusao-de-adolescentes-em-situacao-de-vulnerabilidade-adamantina\/#primaryimage"},"image":{"@id":"https:\/\/radiolifefm.com.br\/noticias\/em-seminario-virtual-fundacao-casa-vai-abordar-responsabilidade-social-e-inclusao-de-adolescentes-em-situacao-de-vulnerabilidade-adamantina\/#primaryimage"},"thumbnailUrl":"https:\/\/radiolifefm.com.br\/noticias\/wp-content\/uploads\/2020\/09\/fundacao-bernardes-1.jpg","datePublished":"2020-09-18T20:30:30+00:00","dateModified":"2026-04-20T14:00:37+00:00","breadcrumb":{"@id":"https:\/\/radiolifefm.com.br\/noticias\/em-seminario-virtual-fundacao-casa-vai-abordar-responsabilidade-social-e-inclusao-de-adolescentes-em-situacao-de-vulnerabilidade-adamantina\/#breadcrumb"},"inLanguage":"pt-BR","potentialAction":[{"@type":"ReadAction","target":["https:\/\/radiolifefm.com.br\/noticias\/em-seminario-virtual-fundacao-casa-vai-abordar-responsabilidade-social-e-inclusao-de-adolescentes-em-situacao-de-vulnerabilidade-adamantina\/"]}]},{"@type":"ImageObject","inLanguage":"pt-BR","@id":"https:\/\/radiolifefm.com.br\/noticias\/em-seminario-virtual-fundacao-casa-vai-abordar-responsabilidade-social-e-inclusao-de-adolescentes-em-situacao-de-vulnerabilidade-adamantina\/#primaryimage","url":"https:\/\/radiolifefm.com.br\/noticias\/wp-content\/uploads\/2020\/09\/fundacao-bernardes-1.jpg","contentUrl":"https:\/\/radiolifefm.com.br\/noticias\/wp-content\/uploads\/2020\/09\/fundacao-bernardes-1.jpg","width":1000,"height":750,"caption":"Unidade da Funda\u00e7\u00e3o Casa em Presidente Bernardes \u2014 Foto: Reprodu\u00e7\u00e3o\/TV Fronteira"},{"@type":"BreadcrumbList","@id":"https:\/\/radiolifefm.com.br\/noticias\/em-seminario-virtual-fundacao-casa-vai-abordar-responsabilidade-social-e-inclusao-de-adolescentes-em-situacao-de-vulnerabilidade-adamantina\/#breadcrumb","itemListElement":[{"@type":"ListItem","position":1,"name":"In\u00edcio","item":"https:\/\/radiolifefm.com.br\/noticias\/"},{"@type":"ListItem","position":2,"name":"Em semin\u00e1rio virtual, Funda\u00e7\u00e3o Casa vai abordar responsabilidade social e inclus\u00e3o de adolescentes em situa\u00e7\u00e3o de vulnerabilidade"}]},{"@type":"WebSite","@id":"https:\/\/radiolifefm.com.br\/noticias\/#website","url":"https:\/\/radiolifefm.com.br\/noticias\/","name":"R\u00e1dio Life FM","description":"O Portal de Not\u00edcias de Adamantina","publisher":{"@id":"https:\/\/radiolifefm.com.br\/noticias\/#organization"},"alternateName":"Life FM","potentialAction":[{"@type":"SearchAction","target":{"@type":"EntryPoint","urlTemplate":"https:\/\/radiolifefm.com.br\/noticias\/?s={search_term_string}"},"query-input":{"@type":"PropertyValueSpecification","valueRequired":true,"valueName":"search_term_string"}}],"inLanguage":"pt-BR"},{"@type":"Organization","@id":"https:\/\/radiolifefm.com.br\/noticias\/#organization","name":"R\u00e1dio Life FM","alternateName":"Life FM","url":"https:\/\/radiolifefm.com.br\/noticias\/","logo":{"@type":"ImageObject","inLanguage":"pt-BR","@id":"https:\/\/radiolifefm.com.br\/noticias\/#\/schema\/logo\/image\/","url":"https:\/\/static.radiolifefm.com.br\/noticias\/wp-content\/uploads\/2019\/10\/logo-lifefm.png","contentUrl":"https:\/\/static.radiolifefm.com.br\/noticias\/wp-content\/uploads\/2019\/10\/logo-lifefm.png","width":196,"height":47,"caption":"R\u00e1dio Life FM"},"image":{"@id":"https:\/\/radiolifefm.com.br\/noticias\/#\/schema\/logo\/image\/"},"sameAs":["https:\/\/www.facebook.com\/radiolifefm\/","https:\/\/www.instagram.com\/life1079fm\/"]},{"@type":"Person","@id":"https:\/\/radiolifefm.com.br\/noticias\/#\/schema\/person\/58af3e98e78c224fbe3e142e87d53f9d","name":"palomaborzan","image":{"@type":"ImageObject","inLanguage":"pt-BR","@id":"https:\/\/secure.gravatar.com\/avatar\/495dd4d309288e9e8b97792861022a1857603be0c564711b6748b454e0a374dd?s=96&d=mm&r=g","url":"https:\/\/secure.gravatar.com\/avatar\/495dd4d309288e9e8b97792861022a1857603be0c564711b6748b454e0a374dd?s=96&d=mm&r=g","contentUrl":"https:\/\/secure.gravatar.com\/avatar\/495dd4d309288e9e8b97792861022a1857603be0c564711b6748b454e0a374dd?s=96&d=mm&r=g","caption":"palomaborzan"}}]}},"amp_enabled":true,"_links":{"self":[{"href":"https:\/\/radiolifefm.com.br\/noticias\/wp-json\/wp\/v2\/posts\/27045","targetHints":{"allow":["GET"]}}],"collection":[{"href":"https:\/\/radiolifefm.com.br\/noticias\/wp-json\/wp\/v2\/posts"}],"about":[{"href":"https:\/\/radiolifefm.com.br\/noticias\/wp-json\/wp\/v2\/types\/post"}],"author":[{"embeddable":true,"href":"https:\/\/radiolifefm.com.br\/noticias\/wp-json\/wp\/v2\/users\/11"}],"replies":[{"embeddable":true,"href":"https:\/\/radiolifefm.com.br\/noticias\/wp-json\/wp\/v2\/comments?post=27045"}],"version-history":[{"count":8,"href":"https:\/\/radiolifefm.com.br\/noticias\/wp-json\/wp\/v2\/posts\/27045\/revisions"}],"predecessor-version":[{"id":27061,"href":"https:\/\/radiolifefm.com.br\/noticias\/wp-json\/wp\/v2\/posts\/27045\/revisions\/27061"}],"wp:featuredmedia":[{"embeddable":true,"href":"https:\/\/radiolifefm.com.br\/noticias\/wp-json\/wp\/v2\/media\/27048"}],"wp:attachment":[{"href":"https:\/\/radiolifefm.com.br\/noticias\/wp-json\/wp\/v2\/media?parent=27045"}],"wp:term":[{"taxonomy":"category","embeddable":true,"href":"https:\/\/radiolifefm.com.br\/noticias\/wp-json\/wp\/v2\/categories?post=27045"},{"taxonomy":"post_tag","embeddable":true,"href":"https:\/\/radiolifefm.com.br\/noticias\/wp-json\/wp\/v2\/tags?post=27045"}],"curies":[{"name":"wp","href":"https:\/\/api.w.org\/{rel}","templated":true}]}}