{"id":26928,"date":"2020-09-17T09:48:37","date_gmt":"2020-09-17T12:48:37","guid":{"rendered":"https:\/\/radiolifefm.com.br\/noticias\/?p=26928"},"modified":"2026-04-19T13:03:17","modified_gmt":"2026-04-19T16:03:17","slug":"novo-incendio-na-vegetacao-nativa-do-salto-botelho-lucelia-sp-adamantina","status":"publish","type":"post","link":"https:\/\/radiolifefm.com.br\/noticias\/novo-incendio-na-vegetacao-nativa-do-salto-botelho-lucelia-sp-adamantina\/","title":{"rendered":"Novo inc\u00eandio \u00e9 registrado na vegeta\u00e7\u00e3o nativa do Salto Botelho, Luc\u00e9lia &#8211; SP"},"content":{"rendered":"<div id=\"fb-root\"><\/div>\n<p>Na noite desta quarta-feira (16), uma nova ocorr\u00eancia de inc\u00eandio em vegeta\u00e7\u00e3o atinge a \u00e1rea do Salto Botelho em Luc\u00e9lia. Um caminh\u00e3o de uma Usina sucroalcooleira foi mobilizado para o inicio da conten\u00e7\u00e3o das chamas.<br \/>\nO corpo de Bombeiros de Adamantina foi acionado para tamb\u00e9m prestar atendimento a ocorr\u00eancia.<br \/>\nH\u00e1 um m\u00eas atr\u00e1s (15\/08), tamb\u00e9m ocorreu um inc\u00eandio em uma \u00e1rea de vegeta\u00e7\u00e3o nativa no mesmo lugar, onde a o inicio da conten\u00e7\u00e3o do fogo foi realizada por populares, caminh\u00e3o pipa, at\u00e9 a chegada dos bombeiros<\/p>\n<p>Reda\u00e7\u00e3o: Life FM<br \/>\nFotos e v\u00eddeo: internet<\/p>\n<div style=\"width: 226px;\" class=\"wp-video\"><!--[if lt IE 9]><script>document.createElement('video');<\/script><![endif]-->\n<video class=\"wp-video-shortcode\" id=\"video-26928-1\" width=\"226\" height=\"400\" preload=\"metadata\" controls=\"controls\"><source type=\"video\/mp4\" src=\"https:\/\/static.radiolifefm.com.br\/wp-content\/uploads\/sites\/2\/2020\/09\/119511090_270269220603457_3982148849161804762_n.mp4?_=1\" \/><a href=\"https:\/\/static.radiolifefm.com.br\/wp-content\/uploads\/sites\/2\/2020\/09\/119511090_270269220603457_3982148849161804762_n.mp4\">https:\/\/static.radiolifefm.com.br\/wp-content\/uploads\/sites\/2\/2020\/09\/119511090_270269220603457_3982148849161804762_n.mp4<\/a><\/video><\/div>\n","protected":false},"excerpt":{"rendered":"<p>Na noite desta quarta-feira (16), uma nova ocorr\u00eancia de inc\u00eandio em vegeta\u00e7\u00e3o atinge a \u00e1rea do Salto Botelho em Luc\u00e9lia. Um caminh\u00e3o de uma Usina sucroalcooleira foi mobilizado para o inicio da conten\u00e7\u00e3o das chamas. O corpo de Bombeiros de Adamantina foi acionado para tamb\u00e9m prestar atendimento a ocorr\u00eancia. H\u00e1 um m\u00eas atr\u00e1s (15\/08), tamb\u00e9m [&hellip;]<\/p>\n","protected":false},"author":8,"featured_media":26929,"comment_status":"closed","ping_status":"open","sticky":false,"template":"","format":"standard","meta":{"_acf_changed":false,"_exactmetrics_skip_tracking":false,"_exactmetrics_sitenote_active":false,"_exactmetrics_sitenote_note":"","_exactmetrics_sitenote_category":0,"footnotes":""},"categories":[24],"tags":[],"class_list":["post-26928","post","type-post","status-publish","format-standard","has-post-thumbnail","hentry","category-regiao"],"acf":[],"yoast_head":"<!-- This site is optimized with the Yoast SEO plugin v27.2 - https:\/\/yoast.com\/product\/yoast-seo-wordpress\/ -->\n<title>Novo inc\u00eandio \u00e9 registrado na vegeta\u00e7\u00e3o nativa do Salto Botelho, Luc\u00e9lia - SP - R\u00e1dio Life FM<\/title>\n<meta name=\"description\" content=\"Na noite desta quarta-feira (16), uma nova ocorr\u00eancia de inc\u00eandio em vegeta\u00e7\u00e3o atinge a \u00e1rea do Salto Botelho em Luc\u00e9lia.\" \/>\n<meta name=\"robots\" content=\"index, follow, max-snippet:-1, max-image-preview:large, max-video-preview:-1\" \/>\n<link rel=\"canonical\" href=\"https:\/\/radiolifefm.com.br\/noticias\/novo-incendio-na-vegetacao-nativa-do-salto-botelho-lucelia-sp-adamantina\/\" \/>\n<meta property=\"og:locale\" content=\"pt_BR\" \/>\n<meta property=\"og:type\" content=\"article\" \/>\n<meta property=\"og:title\" content=\"Novo inc\u00eandio \u00e9 registrado na vegeta\u00e7\u00e3o nativa do Salto Botelho, Luc\u00e9lia - SP - R\u00e1dio Life FM\" \/>\n<meta property=\"og:description\" content=\"Na noite desta quarta-feira (16), uma nova ocorr\u00eancia de inc\u00eandio em vegeta\u00e7\u00e3o atinge a \u00e1rea do Salto Botelho em Luc\u00e9lia.\" \/>\n<meta property=\"og:url\" content=\"https:\/\/radiolifefm.com.br\/noticias\/novo-incendio-na-vegetacao-nativa-do-salto-botelho-lucelia-sp-adamantina\/\" \/>\n<meta property=\"og:site_name\" content=\"R\u00e1dio Life FM\" \/>\n<meta property=\"article:publisher\" content=\"https:\/\/www.facebook.com\/radiolifefm\/\" \/>\n<meta property=\"article:published_time\" content=\"2020-09-17T12:48:37+00:00\" \/>\n<meta property=\"article:modified_time\" content=\"2026-04-19T16:03:17+00:00\" \/>\n<meta property=\"og:image\" content=\"https:\/\/radiolifefm.com.br\/noticias\/wp-content\/uploads\/2020\/09\/s1jpg16003015955f62aa1b18690.jpg\" \/>\n\t<meta property=\"og:image:width\" content=\"600\" \/>\n\t<meta property=\"og:image:height\" content=\"337\" \/>\n\t<meta property=\"og:image:type\" content=\"image\/jpeg\" \/>\n<meta name=\"author\" content=\"joaograndao\" \/>\n<meta name=\"twitter:card\" content=\"summary_large_image\" \/>\n<meta name=\"twitter:label1\" content=\"Escrito por\" \/>\n\t<meta name=\"twitter:data1\" content=\"joaograndao\" \/>\n\t<meta name=\"twitter:label2\" content=\"Est. tempo de leitura\" \/>\n\t<meta name=\"twitter:data2\" content=\"1 minuto\" \/>\n<script type=\"application\/ld+json\" class=\"yoast-schema-graph\">{\"@context\":\"https:\/\/schema.org\",\"@graph\":[{\"@type\":\"Article\",\"@id\":\"https:\/\/radiolifefm.com.br\/noticias\/novo-incendio-na-vegetacao-nativa-do-salto-botelho-lucelia-sp-adamantina\/#article\",\"isPartOf\":{\"@id\":\"https:\/\/radiolifefm.com.br\/noticias\/novo-incendio-na-vegetacao-nativa-do-salto-botelho-lucelia-sp-adamantina\/\"},\"author\":{\"name\":\"joaograndao\",\"@id\":\"https:\/\/radiolifefm.com.br\/noticias\/#\/schema\/person\/6876e1240feffe6e1b63fd5cb85abf28\"},\"headline\":\"Novo inc\u00eandio \u00e9 registrado na vegeta\u00e7\u00e3o nativa do Salto Botelho, Luc\u00e9lia &#8211; SP\",\"datePublished\":\"2020-09-17T12:48:37+00:00\",\"dateModified\":\"2026-04-19T16:03:17+00:00\",\"mainEntityOfPage\":{\"@id\":\"https:\/\/radiolifefm.com.br\/noticias\/novo-incendio-na-vegetacao-nativa-do-salto-botelho-lucelia-sp-adamantina\/\"},\"wordCount\":138,\"publisher\":{\"@id\":\"https:\/\/radiolifefm.com.br\/noticias\/#organization\"},\"image\":{\"@id\":\"https:\/\/radiolifefm.com.br\/noticias\/novo-incendio-na-vegetacao-nativa-do-salto-botelho-lucelia-sp-adamantina\/#primaryimage\"},\"thumbnailUrl\":\"https:\/\/radiolifefm.com.br\/noticias\/wp-content\/uploads\/2020\/09\/s1jpg16003015955f62aa1b18690.jpg\",\"articleSection\":[\"Regi\u00e3o\"],\"inLanguage\":\"pt-BR\"},{\"@type\":\"WebPage\",\"@id\":\"https:\/\/radiolifefm.com.br\/noticias\/novo-incendio-na-vegetacao-nativa-do-salto-botelho-lucelia-sp-adamantina\/\",\"url\":\"https:\/\/radiolifefm.com.br\/noticias\/novo-incendio-na-vegetacao-nativa-do-salto-botelho-lucelia-sp-adamantina\/\",\"name\":\"Novo inc\u00eandio \u00e9 registrado na vegeta\u00e7\u00e3o nativa do Salto Botelho, Luc\u00e9lia - SP - R\u00e1dio Life FM\",\"isPartOf\":{\"@id\":\"https:\/\/radiolifefm.com.br\/noticias\/#website\"},\"primaryImageOfPage\":{\"@id\":\"https:\/\/radiolifefm.com.br\/noticias\/novo-incendio-na-vegetacao-nativa-do-salto-botelho-lucelia-sp-adamantina\/#primaryimage\"},\"image\":{\"@id\":\"https:\/\/radiolifefm.com.br\/noticias\/novo-incendio-na-vegetacao-nativa-do-salto-botelho-lucelia-sp-adamantina\/#primaryimage\"},\"thumbnailUrl\":\"https:\/\/radiolifefm.com.br\/noticias\/wp-content\/uploads\/2020\/09\/s1jpg16003015955f62aa1b18690.jpg\",\"datePublished\":\"2020-09-17T12:48:37+00:00\",\"dateModified\":\"2026-04-19T16:03:17+00:00\",\"description\":\"Na noite desta quarta-feira (16), uma nova ocorr\u00eancia de inc\u00eandio em vegeta\u00e7\u00e3o atinge a \u00e1rea do Salto Botelho em Luc\u00e9lia.\",\"breadcrumb\":{\"@id\":\"https:\/\/radiolifefm.com.br\/noticias\/novo-incendio-na-vegetacao-nativa-do-salto-botelho-lucelia-sp-adamantina\/#breadcrumb\"},\"inLanguage\":\"pt-BR\",\"potentialAction\":[{\"@type\":\"ReadAction\",\"target\":[\"https:\/\/radiolifefm.com.br\/noticias\/novo-incendio-na-vegetacao-nativa-do-salto-botelho-lucelia-sp-adamantina\/\"]}]},{\"@type\":\"ImageObject\",\"inLanguage\":\"pt-BR\",\"@id\":\"https:\/\/radiolifefm.com.br\/noticias\/novo-incendio-na-vegetacao-nativa-do-salto-botelho-lucelia-sp-adamantina\/#primaryimage\",\"url\":\"https:\/\/radiolifefm.com.br\/noticias\/wp-content\/uploads\/2020\/09\/s1jpg16003015955f62aa1b18690.jpg\",\"contentUrl\":\"https:\/\/radiolifefm.com.br\/noticias\/wp-content\/uploads\/2020\/09\/s1jpg16003015955f62aa1b18690.jpg\",\"width\":600,\"height\":337},{\"@type\":\"BreadcrumbList\",\"@id\":\"https:\/\/radiolifefm.com.br\/noticias\/novo-incendio-na-vegetacao-nativa-do-salto-botelho-lucelia-sp-adamantina\/#breadcrumb\",\"itemListElement\":[{\"@type\":\"ListItem\",\"position\":1,\"name\":\"In\u00edcio\",\"item\":\"https:\/\/radiolifefm.com.br\/noticias\/\"},{\"@type\":\"ListItem\",\"position\":2,\"name\":\"Novo inc\u00eandio \u00e9 registrado na vegeta\u00e7\u00e3o nativa do Salto Botelho, Luc\u00e9lia &#8211; SP\"}]},{\"@type\":\"WebSite\",\"@id\":\"https:\/\/radiolifefm.com.br\/noticias\/#website\",\"url\":\"https:\/\/radiolifefm.com.br\/noticias\/\",\"name\":\"R\u00e1dio Life FM\",\"description\":\"O Portal de Not\u00edcias de Adamantina\",\"publisher\":{\"@id\":\"https:\/\/radiolifefm.com.br\/noticias\/#organization\"},\"alternateName\":\"Life FM\",\"potentialAction\":[{\"@type\":\"SearchAction\",\"target\":{\"@type\":\"EntryPoint\",\"urlTemplate\":\"https:\/\/radiolifefm.com.br\/noticias\/?s={search_term_string}\"},\"query-input\":{\"@type\":\"PropertyValueSpecification\",\"valueRequired\":true,\"valueName\":\"search_term_string\"}}],\"inLanguage\":\"pt-BR\"},{\"@type\":\"Organization\",\"@id\":\"https:\/\/radiolifefm.com.br\/noticias\/#organization\",\"name\":\"R\u00e1dio Life FM\",\"alternateName\":\"Life FM\",\"url\":\"https:\/\/radiolifefm.com.br\/noticias\/\",\"logo\":{\"@type\":\"ImageObject\",\"inLanguage\":\"pt-BR\",\"@id\":\"https:\/\/radiolifefm.com.br\/noticias\/#\/schema\/logo\/image\/\",\"url\":\"https:\/\/static.radiolifefm.com.br\/noticias\/wp-content\/uploads\/2019\/10\/logo-lifefm.png\",\"contentUrl\":\"https:\/\/static.radiolifefm.com.br\/noticias\/wp-content\/uploads\/2019\/10\/logo-lifefm.png\",\"width\":196,\"height\":47,\"caption\":\"R\u00e1dio Life FM\"},\"image\":{\"@id\":\"https:\/\/radiolifefm.com.br\/noticias\/#\/schema\/logo\/image\/\"},\"sameAs\":[\"https:\/\/www.facebook.com\/radiolifefm\/\",\"https:\/\/www.instagram.com\/life1079fm\/\"]},{\"@type\":\"Person\",\"@id\":\"https:\/\/radiolifefm.com.br\/noticias\/#\/schema\/person\/6876e1240feffe6e1b63fd5cb85abf28\",\"name\":\"joaograndao\",\"image\":{\"@type\":\"ImageObject\",\"inLanguage\":\"pt-BR\",\"@id\":\"https:\/\/secure.gravatar.com\/avatar\/d5b1a3cf357ed9c50404e256a1294083aa8ab5d2a994001567302786016cb32c?s=96&d=mm&r=g\",\"url\":\"https:\/\/secure.gravatar.com\/avatar\/d5b1a3cf357ed9c50404e256a1294083aa8ab5d2a994001567302786016cb32c?s=96&d=mm&r=g\",\"contentUrl\":\"https:\/\/secure.gravatar.com\/avatar\/d5b1a3cf357ed9c50404e256a1294083aa8ab5d2a994001567302786016cb32c?s=96&d=mm&r=g\",\"caption\":\"joaograndao\"}}]}<\/script>\n<!-- \/ Yoast SEO plugin. -->","yoast_head_json":{"title":"Novo inc\u00eandio \u00e9 registrado na vegeta\u00e7\u00e3o nativa do Salto Botelho, Luc\u00e9lia - SP - R\u00e1dio Life FM","description":"Na noite desta quarta-feira (16), uma nova ocorr\u00eancia de inc\u00eandio em vegeta\u00e7\u00e3o atinge a \u00e1rea do Salto Botelho em Luc\u00e9lia.","robots":{"index":"index","follow":"follow","max-snippet":"max-snippet:-1","max-image-preview":"max-image-preview:large","max-video-preview":"max-video-preview:-1"},"canonical":"https:\/\/radiolifefm.com.br\/noticias\/novo-incendio-na-vegetacao-nativa-do-salto-botelho-lucelia-sp-adamantina\/","og_locale":"pt_BR","og_type":"article","og_title":"Novo inc\u00eandio \u00e9 registrado na vegeta\u00e7\u00e3o nativa do Salto Botelho, Luc\u00e9lia - SP - R\u00e1dio Life FM","og_description":"Na noite desta quarta-feira (16), uma nova ocorr\u00eancia de inc\u00eandio em vegeta\u00e7\u00e3o atinge a \u00e1rea do Salto Botelho em Luc\u00e9lia.","og_url":"https:\/\/radiolifefm.com.br\/noticias\/novo-incendio-na-vegetacao-nativa-do-salto-botelho-lucelia-sp-adamantina\/","og_site_name":"R\u00e1dio Life FM","article_publisher":"https:\/\/www.facebook.com\/radiolifefm\/","article_published_time":"2020-09-17T12:48:37+00:00","article_modified_time":"2026-04-19T16:03:17+00:00","og_image":[{"width":600,"height":337,"url":"https:\/\/radiolifefm.com.br\/noticias\/wp-content\/uploads\/2020\/09\/s1jpg16003015955f62aa1b18690.jpg","type":"image\/jpeg"}],"author":"joaograndao","twitter_card":"summary_large_image","twitter_misc":{"Escrito por":"joaograndao","Est. tempo de leitura":"1 minuto"},"schema":{"@context":"https:\/\/schema.org","@graph":[{"@type":"Article","@id":"https:\/\/radiolifefm.com.br\/noticias\/novo-incendio-na-vegetacao-nativa-do-salto-botelho-lucelia-sp-adamantina\/#article","isPartOf":{"@id":"https:\/\/radiolifefm.com.br\/noticias\/novo-incendio-na-vegetacao-nativa-do-salto-botelho-lucelia-sp-adamantina\/"},"author":{"name":"joaograndao","@id":"https:\/\/radiolifefm.com.br\/noticias\/#\/schema\/person\/6876e1240feffe6e1b63fd5cb85abf28"},"headline":"Novo inc\u00eandio \u00e9 registrado na vegeta\u00e7\u00e3o nativa do Salto Botelho, Luc\u00e9lia &#8211; SP","datePublished":"2020-09-17T12:48:37+00:00","dateModified":"2026-04-19T16:03:17+00:00","mainEntityOfPage":{"@id":"https:\/\/radiolifefm.com.br\/noticias\/novo-incendio-na-vegetacao-nativa-do-salto-botelho-lucelia-sp-adamantina\/"},"wordCount":138,"publisher":{"@id":"https:\/\/radiolifefm.com.br\/noticias\/#organization"},"image":{"@id":"https:\/\/radiolifefm.com.br\/noticias\/novo-incendio-na-vegetacao-nativa-do-salto-botelho-lucelia-sp-adamantina\/#primaryimage"},"thumbnailUrl":"https:\/\/radiolifefm.com.br\/noticias\/wp-content\/uploads\/2020\/09\/s1jpg16003015955f62aa1b18690.jpg","articleSection":["Regi\u00e3o"],"inLanguage":"pt-BR"},{"@type":"WebPage","@id":"https:\/\/radiolifefm.com.br\/noticias\/novo-incendio-na-vegetacao-nativa-do-salto-botelho-lucelia-sp-adamantina\/","url":"https:\/\/radiolifefm.com.br\/noticias\/novo-incendio-na-vegetacao-nativa-do-salto-botelho-lucelia-sp-adamantina\/","name":"Novo inc\u00eandio \u00e9 registrado na vegeta\u00e7\u00e3o nativa do Salto Botelho, Luc\u00e9lia - SP - R\u00e1dio Life FM","isPartOf":{"@id":"https:\/\/radiolifefm.com.br\/noticias\/#website"},"primaryImageOfPage":{"@id":"https:\/\/radiolifefm.com.br\/noticias\/novo-incendio-na-vegetacao-nativa-do-salto-botelho-lucelia-sp-adamantina\/#primaryimage"},"image":{"@id":"https:\/\/radiolifefm.com.br\/noticias\/novo-incendio-na-vegetacao-nativa-do-salto-botelho-lucelia-sp-adamantina\/#primaryimage"},"thumbnailUrl":"https:\/\/radiolifefm.com.br\/noticias\/wp-content\/uploads\/2020\/09\/s1jpg16003015955f62aa1b18690.jpg","datePublished":"2020-09-17T12:48:37+00:00","dateModified":"2026-04-19T16:03:17+00:00","description":"Na noite desta quarta-feira (16), uma nova ocorr\u00eancia de inc\u00eandio em vegeta\u00e7\u00e3o atinge a \u00e1rea do Salto Botelho em Luc\u00e9lia.","breadcrumb":{"@id":"https:\/\/radiolifefm.com.br\/noticias\/novo-incendio-na-vegetacao-nativa-do-salto-botelho-lucelia-sp-adamantina\/#breadcrumb"},"inLanguage":"pt-BR","potentialAction":[{"@type":"ReadAction","target":["https:\/\/radiolifefm.com.br\/noticias\/novo-incendio-na-vegetacao-nativa-do-salto-botelho-lucelia-sp-adamantina\/"]}]},{"@type":"ImageObject","inLanguage":"pt-BR","@id":"https:\/\/radiolifefm.com.br\/noticias\/novo-incendio-na-vegetacao-nativa-do-salto-botelho-lucelia-sp-adamantina\/#primaryimage","url":"https:\/\/radiolifefm.com.br\/noticias\/wp-content\/uploads\/2020\/09\/s1jpg16003015955f62aa1b18690.jpg","contentUrl":"https:\/\/radiolifefm.com.br\/noticias\/wp-content\/uploads\/2020\/09\/s1jpg16003015955f62aa1b18690.jpg","width":600,"height":337},{"@type":"BreadcrumbList","@id":"https:\/\/radiolifefm.com.br\/noticias\/novo-incendio-na-vegetacao-nativa-do-salto-botelho-lucelia-sp-adamantina\/#breadcrumb","itemListElement":[{"@type":"ListItem","position":1,"name":"In\u00edcio","item":"https:\/\/radiolifefm.com.br\/noticias\/"},{"@type":"ListItem","position":2,"name":"Novo inc\u00eandio \u00e9 registrado na vegeta\u00e7\u00e3o nativa do Salto Botelho, Luc\u00e9lia &#8211; SP"}]},{"@type":"WebSite","@id":"https:\/\/radiolifefm.com.br\/noticias\/#website","url":"https:\/\/radiolifefm.com.br\/noticias\/","name":"R\u00e1dio Life FM","description":"O Portal de Not\u00edcias de Adamantina","publisher":{"@id":"https:\/\/radiolifefm.com.br\/noticias\/#organization"},"alternateName":"Life FM","potentialAction":[{"@type":"SearchAction","target":{"@type":"EntryPoint","urlTemplate":"https:\/\/radiolifefm.com.br\/noticias\/?s={search_term_string}"},"query-input":{"@type":"PropertyValueSpecification","valueRequired":true,"valueName":"search_term_string"}}],"inLanguage":"pt-BR"},{"@type":"Organization","@id":"https:\/\/radiolifefm.com.br\/noticias\/#organization","name":"R\u00e1dio Life FM","alternateName":"Life FM","url":"https:\/\/radiolifefm.com.br\/noticias\/","logo":{"@type":"ImageObject","inLanguage":"pt-BR","@id":"https:\/\/radiolifefm.com.br\/noticias\/#\/schema\/logo\/image\/","url":"https:\/\/static.radiolifefm.com.br\/noticias\/wp-content\/uploads\/2019\/10\/logo-lifefm.png","contentUrl":"https:\/\/static.radiolifefm.com.br\/noticias\/wp-content\/uploads\/2019\/10\/logo-lifefm.png","width":196,"height":47,"caption":"R\u00e1dio Life FM"},"image":{"@id":"https:\/\/radiolifefm.com.br\/noticias\/#\/schema\/logo\/image\/"},"sameAs":["https:\/\/www.facebook.com\/radiolifefm\/","https:\/\/www.instagram.com\/life1079fm\/"]},{"@type":"Person","@id":"https:\/\/radiolifefm.com.br\/noticias\/#\/schema\/person\/6876e1240feffe6e1b63fd5cb85abf28","name":"joaograndao","image":{"@type":"ImageObject","inLanguage":"pt-BR","@id":"https:\/\/secure.gravatar.com\/avatar\/d5b1a3cf357ed9c50404e256a1294083aa8ab5d2a994001567302786016cb32c?s=96&d=mm&r=g","url":"https:\/\/secure.gravatar.com\/avatar\/d5b1a3cf357ed9c50404e256a1294083aa8ab5d2a994001567302786016cb32c?s=96&d=mm&r=g","contentUrl":"https:\/\/secure.gravatar.com\/avatar\/d5b1a3cf357ed9c50404e256a1294083aa8ab5d2a994001567302786016cb32c?s=96&d=mm&r=g","caption":"joaograndao"}}]}},"amp_enabled":true,"_links":{"self":[{"href":"https:\/\/radiolifefm.com.br\/noticias\/wp-json\/wp\/v2\/posts\/26928","targetHints":{"allow":["GET"]}}],"collection":[{"href":"https:\/\/radiolifefm.com.br\/noticias\/wp-json\/wp\/v2\/posts"}],"about":[{"href":"https:\/\/radiolifefm.com.br\/noticias\/wp-json\/wp\/v2\/types\/post"}],"author":[{"embeddable":true,"href":"https:\/\/radiolifefm.com.br\/noticias\/wp-json\/wp\/v2\/users\/8"}],"replies":[{"embeddable":true,"href":"https:\/\/radiolifefm.com.br\/noticias\/wp-json\/wp\/v2\/comments?post=26928"}],"version-history":[{"count":5,"href":"https:\/\/radiolifefm.com.br\/noticias\/wp-json\/wp\/v2\/posts\/26928\/revisions"}],"predecessor-version":[{"id":26937,"href":"https:\/\/radiolifefm.com.br\/noticias\/wp-json\/wp\/v2\/posts\/26928\/revisions\/26937"}],"wp:featuredmedia":[{"embeddable":true,"href":"https:\/\/radiolifefm.com.br\/noticias\/wp-json\/wp\/v2\/media\/26929"}],"wp:attachment":[{"href":"https:\/\/radiolifefm.com.br\/noticias\/wp-json\/wp\/v2\/media?parent=26928"}],"wp:term":[{"taxonomy":"category","embeddable":true,"href":"https:\/\/radiolifefm.com.br\/noticias\/wp-json\/wp\/v2\/categories?post=26928"},{"taxonomy":"post_tag","embeddable":true,"href":"https:\/\/radiolifefm.com.br\/noticias\/wp-json\/wp\/v2\/tags?post=26928"}],"curies":[{"name":"wp","href":"https:\/\/api.w.org\/{rel}","templated":true}]}}