{"id":26447,"date":"2020-09-08T11:41:09","date_gmt":"2020-09-08T14:41:09","guid":{"rendered":"https:\/\/radiolifefm.com.br\/noticias\/?p=26447"},"modified":"2026-03-21T10:48:36","modified_gmt":"2026-03-21T13:48:36","slug":"acidente-domestico-mata-menino-de-5-anos-em-martinopolis","status":"publish","type":"post","link":"https:\/\/radiolifefm.com.br\/noticias\/acidente-domestico-mata-menino-de-5-anos-em-martinopolis\/","title":{"rendered":"Acidente dom\u00e9stico mata menino de 5 anos em Martin\u00f3polis"},"content":{"rendered":"<div id=\"fb-root\"><\/div>\n<p>A\u00a0<a href=\"https:\/\/www.imparcial.com.br\/guia\/assunto\/policia-civil\" data-gid=\"1507\">Pol\u00edcia Civil<\/a>\u00a0instaurou inqu\u00e9rito para apurar a morte de um menino de 5 anos, em\u00a0<a href=\"https:\/\/www.imparcial.com.br\/guia\/assunto\/martinopolis\" data-gid=\"1277\">Martin\u00f3polis<\/a>. O acidente dom\u00e9stico que vitimou a crian\u00e7a ocorreu no domingo, por volta do meio-dia, durante uma confraterniza\u00e7\u00e3o familiar.<\/p>\n<p>De acordo com o delegado\u00a0<a href=\"https:\/\/www.imparcial.com.br\/guia\/pessoa\/airton-roberto-guelfi\" data-gid=\"1846\">Airton Roberto Guelfi<\/a>, o menino brincava na casa quando, supostamente, pendurou-se em um tanque de lavar roupas. Por motivos a serem investigados, a pe\u00e7a se desprendeu e caiu sobre o corpo dele.<\/p>\n<p>\u201cEles [os familiares] disseram n\u00e3o terem visto muita coisa, porque era pr\u00f3ximo ao almo\u00e7o, estavam todos conversando, bebendo, e a crian\u00e7a brincando\u201d, explica o delegado.<\/p>\n<p>\u201cDepois do acidente eles socorreram o menino para a santa casa, mas ao que consta j\u00e1 chegou sem vida ao hospital\u201d, afirma Guelfi, que aguarda o laudo necrosc\u00f3pico que dever\u00e1 ser emitido ainda nesta semana.<\/p>\n<p><strong><em>M\u00e3e lamentou a morte<\/em><\/strong><\/p>\n<p>De acordo com a Organiza\u00e7\u00e3o Funer\u00e1ria Martin\u00f3polis, a v\u00edtima, identificada como Victor Armando dos Santos Pinheiro, 5 anos, foi sepultada ontem, \u00e0s 13h30, no Cemit\u00e9rio Municipal de Martin\u00f3polis.<\/p>\n<p>Em uma s\u00e9rie de publica\u00e7\u00f5es no Facebook, a fam\u00edlia dele lamentou a morte.<\/p>\n<blockquote><p><strong><em>\u201cN\u00e3o consigo dormir, t\u00e1 faltando alguma coisa [&#8230;] se voc\u00ea \u00e9 m\u00e3e e pai, deixe sempre um tempinho reservado pra seu filho, vai brincar com ele de bola, pega-pega, esconde-esconde, terra, abra\u00e7o, beijos, diga que a ama muito, pois agora eu n\u00e3o tenho meu filho, meu amor, meu amigo, meu companheiro; amor de verdade aprendi a ter com meu filho, ele foi meu tudo, nunca sa\u00ed de casa sozinha sempre com ele por perto, agora vou ter que voltar ao normal de antes, com cicatrizes que s\u00f3 o tempo pode apagar\u201d, escreveu a m\u00e3e, Armanda Moreira.<\/em><\/strong><\/p><\/blockquote>\n<p>J\u00e1 o pai do menino, Sandro Pinheiro, tamb\u00e9m deixou a mensagem de despedida. <em><strong>&#8220;Hoje perdi um peda\u00e7o de mim, meu filho querido,\u00a0meu companheiro foi morar com Deus, n\u00e3o h\u00e1\u00a0palavras pra descrever a tristeza de um pai que interra seu filho. S\u00f3 me resta rezar e pedir pela alma desse anjo que foi tudo na minha vida, sei que voc\u00ea\u00a0agora est\u00e1 nos bra\u00e7os de nosso senhor e por toda a minha vida vou te amar filho&#8221;.<\/p>\n<p>Por O Imparcial Presidente Prudente\u00a0<\/strong><\/em><\/p>\n","protected":false},"excerpt":{"rendered":"<p>A\u00a0Pol\u00edcia Civil\u00a0instaurou inqu\u00e9rito para apurar a morte de um menino de 5 anos, em\u00a0Martin\u00f3polis. O acidente dom\u00e9stico que vitimou a crian\u00e7a ocorreu no domingo, por volta do meio-dia, durante uma confraterniza\u00e7\u00e3o familiar. De acordo com o delegado\u00a0Airton Roberto Guelfi, o menino brincava na casa quando, supostamente, pendurou-se em um tanque de lavar roupas. Por motivos [&hellip;]<\/p>\n","protected":false},"author":11,"featured_media":26448,"comment_status":"closed","ping_status":"open","sticky":false,"template":"","format":"standard","meta":{"_acf_changed":false,"_exactmetrics_skip_tracking":false,"_exactmetrics_sitenote_active":false,"_exactmetrics_sitenote_note":"","_exactmetrics_sitenote_category":0,"footnotes":""},"categories":[24],"tags":[],"class_list":["post-26447","post","type-post","status-publish","format-standard","has-post-thumbnail","hentry","category-regiao"],"acf":[],"yoast_head":"<!-- This site is optimized with the Yoast SEO plugin v27.2 - https:\/\/yoast.com\/product\/yoast-seo-wordpress\/ -->\n<title>Acidente dom\u00e9stico mata menino de 5 anos em Martin\u00f3polis - R\u00e1dio Life FM<\/title>\n<meta name=\"description\" content=\"A\u00a0Pol\u00edcia Civil\u00a0instaurou inqu\u00e9rito para apurar a morte de um menino de 5 anos, em\u00a0Martin\u00f3polis. O acidente dom\u00e9stico que vitimou a crian\u00e7a ocorreu no domingo, por volta do meio-dia, durante uma confraterniza\u00e7\u00e3o familiar.\u00a0\" \/>\n<meta name=\"robots\" content=\"index, follow, max-snippet:-1, max-image-preview:large, max-video-preview:-1\" \/>\n<link rel=\"canonical\" href=\"https:\/\/radiolifefm.com.br\/noticias\/acidente-domestico-mata-menino-de-5-anos-em-martinopolis\/\" \/>\n<meta property=\"og:locale\" content=\"pt_BR\" \/>\n<meta property=\"og:type\" content=\"article\" \/>\n<meta property=\"og:title\" content=\"Acidente dom\u00e9stico mata menino de 5 anos em Martin\u00f3polis - R\u00e1dio Life FM\" \/>\n<meta property=\"og:description\" content=\"A\u00a0Pol\u00edcia Civil\u00a0instaurou inqu\u00e9rito para apurar a morte de um menino de 5 anos, em\u00a0Martin\u00f3polis. O acidente dom\u00e9stico que vitimou a crian\u00e7a ocorreu no domingo, por volta do meio-dia, durante uma confraterniza\u00e7\u00e3o familiar.\u00a0\" \/>\n<meta property=\"og:url\" content=\"https:\/\/radiolifefm.com.br\/noticias\/acidente-domestico-mata-menino-de-5-anos-em-martinopolis\/\" \/>\n<meta property=\"og:site_name\" content=\"R\u00e1dio Life FM\" \/>\n<meta property=\"article:publisher\" content=\"https:\/\/www.facebook.com\/radiolifefm\/\" \/>\n<meta property=\"article:published_time\" content=\"2020-09-08T14:41:09+00:00\" \/>\n<meta property=\"article:modified_time\" content=\"2026-03-21T13:48:36+00:00\" \/>\n<meta property=\"og:image\" content=\"https:\/\/radiolifefm.com.br\/noticias\/wp-content\/uploads\/2020\/09\/va.jpg\" \/>\n\t<meta property=\"og:image:width\" content=\"576\" \/>\n\t<meta property=\"og:image:height\" content=\"434\" \/>\n\t<meta property=\"og:image:type\" content=\"image\/jpeg\" \/>\n<meta name=\"author\" content=\"palomaborzan\" \/>\n<meta name=\"twitter:card\" content=\"summary_large_image\" \/>\n<meta name=\"twitter:label1\" content=\"Escrito por\" \/>\n\t<meta name=\"twitter:data1\" content=\"palomaborzan\" \/>\n\t<meta name=\"twitter:label2\" content=\"Est. tempo de leitura\" \/>\n\t<meta name=\"twitter:data2\" content=\"2 minutos\" \/>\n<script type=\"application\/ld+json\" class=\"yoast-schema-graph\">{\"@context\":\"https:\/\/schema.org\",\"@graph\":[{\"@type\":\"Article\",\"@id\":\"https:\/\/radiolifefm.com.br\/noticias\/acidente-domestico-mata-menino-de-5-anos-em-martinopolis\/#article\",\"isPartOf\":{\"@id\":\"https:\/\/radiolifefm.com.br\/noticias\/acidente-domestico-mata-menino-de-5-anos-em-martinopolis\/\"},\"author\":{\"name\":\"palomaborzan\",\"@id\":\"https:\/\/radiolifefm.com.br\/noticias\/#\/schema\/person\/58af3e98e78c224fbe3e142e87d53f9d\"},\"headline\":\"Acidente dom\u00e9stico mata menino de 5 anos em Martin\u00f3polis\",\"datePublished\":\"2020-09-08T14:41:09+00:00\",\"dateModified\":\"2026-03-21T13:48:36+00:00\",\"mainEntityOfPage\":{\"@id\":\"https:\/\/radiolifefm.com.br\/noticias\/acidente-domestico-mata-menino-de-5-anos-em-martinopolis\/\"},\"wordCount\":393,\"publisher\":{\"@id\":\"https:\/\/radiolifefm.com.br\/noticias\/#organization\"},\"image\":{\"@id\":\"https:\/\/radiolifefm.com.br\/noticias\/acidente-domestico-mata-menino-de-5-anos-em-martinopolis\/#primaryimage\"},\"thumbnailUrl\":\"https:\/\/radiolifefm.com.br\/noticias\/wp-content\/uploads\/2020\/09\/va.jpg\",\"articleSection\":[\"Regi\u00e3o\"],\"inLanguage\":\"pt-BR\"},{\"@type\":\"WebPage\",\"@id\":\"https:\/\/radiolifefm.com.br\/noticias\/acidente-domestico-mata-menino-de-5-anos-em-martinopolis\/\",\"url\":\"https:\/\/radiolifefm.com.br\/noticias\/acidente-domestico-mata-menino-de-5-anos-em-martinopolis\/\",\"name\":\"Acidente dom\u00e9stico mata menino de 5 anos em Martin\u00f3polis - R\u00e1dio Life FM\",\"isPartOf\":{\"@id\":\"https:\/\/radiolifefm.com.br\/noticias\/#website\"},\"primaryImageOfPage\":{\"@id\":\"https:\/\/radiolifefm.com.br\/noticias\/acidente-domestico-mata-menino-de-5-anos-em-martinopolis\/#primaryimage\"},\"image\":{\"@id\":\"https:\/\/radiolifefm.com.br\/noticias\/acidente-domestico-mata-menino-de-5-anos-em-martinopolis\/#primaryimage\"},\"thumbnailUrl\":\"https:\/\/radiolifefm.com.br\/noticias\/wp-content\/uploads\/2020\/09\/va.jpg\",\"datePublished\":\"2020-09-08T14:41:09+00:00\",\"dateModified\":\"2026-03-21T13:48:36+00:00\",\"description\":\"A\u00a0Pol\u00edcia Civil\u00a0instaurou inqu\u00e9rito para apurar a morte de um menino de 5 anos, em\u00a0Martin\u00f3polis. O acidente dom\u00e9stico que vitimou a crian\u00e7a ocorreu no domingo, por volta do meio-dia, durante uma confraterniza\u00e7\u00e3o familiar.\u00a0\",\"breadcrumb\":{\"@id\":\"https:\/\/radiolifefm.com.br\/noticias\/acidente-domestico-mata-menino-de-5-anos-em-martinopolis\/#breadcrumb\"},\"inLanguage\":\"pt-BR\",\"potentialAction\":[{\"@type\":\"ReadAction\",\"target\":[\"https:\/\/radiolifefm.com.br\/noticias\/acidente-domestico-mata-menino-de-5-anos-em-martinopolis\/\"]}]},{\"@type\":\"ImageObject\",\"inLanguage\":\"pt-BR\",\"@id\":\"https:\/\/radiolifefm.com.br\/noticias\/acidente-domestico-mata-menino-de-5-anos-em-martinopolis\/#primaryimage\",\"url\":\"https:\/\/radiolifefm.com.br\/noticias\/wp-content\/uploads\/2020\/09\/va.jpg\",\"contentUrl\":\"https:\/\/radiolifefm.com.br\/noticias\/wp-content\/uploads\/2020\/09\/va.jpg\",\"width\":576,\"height\":434,\"caption\":\"Foto: Pol\u00edcia Civil - Delegacia instaurou inqu\u00e9rito para apurar a morte da crian\u00e7a\"},{\"@type\":\"BreadcrumbList\",\"@id\":\"https:\/\/radiolifefm.com.br\/noticias\/acidente-domestico-mata-menino-de-5-anos-em-martinopolis\/#breadcrumb\",\"itemListElement\":[{\"@type\":\"ListItem\",\"position\":1,\"name\":\"In\u00edcio\",\"item\":\"https:\/\/radiolifefm.com.br\/noticias\/\"},{\"@type\":\"ListItem\",\"position\":2,\"name\":\"Acidente dom\u00e9stico mata menino de 5 anos em Martin\u00f3polis\"}]},{\"@type\":\"WebSite\",\"@id\":\"https:\/\/radiolifefm.com.br\/noticias\/#website\",\"url\":\"https:\/\/radiolifefm.com.br\/noticias\/\",\"name\":\"R\u00e1dio Life FM\",\"description\":\"O Portal de Not\u00edcias de Adamantina\",\"publisher\":{\"@id\":\"https:\/\/radiolifefm.com.br\/noticias\/#organization\"},\"alternateName\":\"Life FM\",\"potentialAction\":[{\"@type\":\"SearchAction\",\"target\":{\"@type\":\"EntryPoint\",\"urlTemplate\":\"https:\/\/radiolifefm.com.br\/noticias\/?s={search_term_string}\"},\"query-input\":{\"@type\":\"PropertyValueSpecification\",\"valueRequired\":true,\"valueName\":\"search_term_string\"}}],\"inLanguage\":\"pt-BR\"},{\"@type\":\"Organization\",\"@id\":\"https:\/\/radiolifefm.com.br\/noticias\/#organization\",\"name\":\"R\u00e1dio Life FM\",\"alternateName\":\"Life FM\",\"url\":\"https:\/\/radiolifefm.com.br\/noticias\/\",\"logo\":{\"@type\":\"ImageObject\",\"inLanguage\":\"pt-BR\",\"@id\":\"https:\/\/radiolifefm.com.br\/noticias\/#\/schema\/logo\/image\/\",\"url\":\"https:\/\/static.radiolifefm.com.br\/noticias\/wp-content\/uploads\/2019\/10\/logo-lifefm.png\",\"contentUrl\":\"https:\/\/static.radiolifefm.com.br\/noticias\/wp-content\/uploads\/2019\/10\/logo-lifefm.png\",\"width\":196,\"height\":47,\"caption\":\"R\u00e1dio Life FM\"},\"image\":{\"@id\":\"https:\/\/radiolifefm.com.br\/noticias\/#\/schema\/logo\/image\/\"},\"sameAs\":[\"https:\/\/www.facebook.com\/radiolifefm\/\",\"https:\/\/www.instagram.com\/life1079fm\/\"]},{\"@type\":\"Person\",\"@id\":\"https:\/\/radiolifefm.com.br\/noticias\/#\/schema\/person\/58af3e98e78c224fbe3e142e87d53f9d\",\"name\":\"palomaborzan\",\"image\":{\"@type\":\"ImageObject\",\"inLanguage\":\"pt-BR\",\"@id\":\"https:\/\/secure.gravatar.com\/avatar\/495dd4d309288e9e8b97792861022a1857603be0c564711b6748b454e0a374dd?s=96&d=mm&r=g\",\"url\":\"https:\/\/secure.gravatar.com\/avatar\/495dd4d309288e9e8b97792861022a1857603be0c564711b6748b454e0a374dd?s=96&d=mm&r=g\",\"contentUrl\":\"https:\/\/secure.gravatar.com\/avatar\/495dd4d309288e9e8b97792861022a1857603be0c564711b6748b454e0a374dd?s=96&d=mm&r=g\",\"caption\":\"palomaborzan\"}}]}<\/script>\n<!-- \/ Yoast SEO plugin. -->","yoast_head_json":{"title":"Acidente dom\u00e9stico mata menino de 5 anos em Martin\u00f3polis - R\u00e1dio Life FM","description":"A\u00a0Pol\u00edcia Civil\u00a0instaurou inqu\u00e9rito para apurar a morte de um menino de 5 anos, em\u00a0Martin\u00f3polis. O acidente dom\u00e9stico que vitimou a crian\u00e7a ocorreu no domingo, por volta do meio-dia, durante uma confraterniza\u00e7\u00e3o familiar.\u00a0","robots":{"index":"index","follow":"follow","max-snippet":"max-snippet:-1","max-image-preview":"max-image-preview:large","max-video-preview":"max-video-preview:-1"},"canonical":"https:\/\/radiolifefm.com.br\/noticias\/acidente-domestico-mata-menino-de-5-anos-em-martinopolis\/","og_locale":"pt_BR","og_type":"article","og_title":"Acidente dom\u00e9stico mata menino de 5 anos em Martin\u00f3polis - R\u00e1dio Life FM","og_description":"A\u00a0Pol\u00edcia Civil\u00a0instaurou inqu\u00e9rito para apurar a morte de um menino de 5 anos, em\u00a0Martin\u00f3polis. O acidente dom\u00e9stico que vitimou a crian\u00e7a ocorreu no domingo, por volta do meio-dia, durante uma confraterniza\u00e7\u00e3o familiar.\u00a0","og_url":"https:\/\/radiolifefm.com.br\/noticias\/acidente-domestico-mata-menino-de-5-anos-em-martinopolis\/","og_site_name":"R\u00e1dio Life FM","article_publisher":"https:\/\/www.facebook.com\/radiolifefm\/","article_published_time":"2020-09-08T14:41:09+00:00","article_modified_time":"2026-03-21T13:48:36+00:00","og_image":[{"width":576,"height":434,"url":"https:\/\/radiolifefm.com.br\/noticias\/wp-content\/uploads\/2020\/09\/va.jpg","type":"image\/jpeg"}],"author":"palomaborzan","twitter_card":"summary_large_image","twitter_misc":{"Escrito por":"palomaborzan","Est. tempo de leitura":"2 minutos"},"schema":{"@context":"https:\/\/schema.org","@graph":[{"@type":"Article","@id":"https:\/\/radiolifefm.com.br\/noticias\/acidente-domestico-mata-menino-de-5-anos-em-martinopolis\/#article","isPartOf":{"@id":"https:\/\/radiolifefm.com.br\/noticias\/acidente-domestico-mata-menino-de-5-anos-em-martinopolis\/"},"author":{"name":"palomaborzan","@id":"https:\/\/radiolifefm.com.br\/noticias\/#\/schema\/person\/58af3e98e78c224fbe3e142e87d53f9d"},"headline":"Acidente dom\u00e9stico mata menino de 5 anos em Martin\u00f3polis","datePublished":"2020-09-08T14:41:09+00:00","dateModified":"2026-03-21T13:48:36+00:00","mainEntityOfPage":{"@id":"https:\/\/radiolifefm.com.br\/noticias\/acidente-domestico-mata-menino-de-5-anos-em-martinopolis\/"},"wordCount":393,"publisher":{"@id":"https:\/\/radiolifefm.com.br\/noticias\/#organization"},"image":{"@id":"https:\/\/radiolifefm.com.br\/noticias\/acidente-domestico-mata-menino-de-5-anos-em-martinopolis\/#primaryimage"},"thumbnailUrl":"https:\/\/radiolifefm.com.br\/noticias\/wp-content\/uploads\/2020\/09\/va.jpg","articleSection":["Regi\u00e3o"],"inLanguage":"pt-BR"},{"@type":"WebPage","@id":"https:\/\/radiolifefm.com.br\/noticias\/acidente-domestico-mata-menino-de-5-anos-em-martinopolis\/","url":"https:\/\/radiolifefm.com.br\/noticias\/acidente-domestico-mata-menino-de-5-anos-em-martinopolis\/","name":"Acidente dom\u00e9stico mata menino de 5 anos em Martin\u00f3polis - R\u00e1dio Life FM","isPartOf":{"@id":"https:\/\/radiolifefm.com.br\/noticias\/#website"},"primaryImageOfPage":{"@id":"https:\/\/radiolifefm.com.br\/noticias\/acidente-domestico-mata-menino-de-5-anos-em-martinopolis\/#primaryimage"},"image":{"@id":"https:\/\/radiolifefm.com.br\/noticias\/acidente-domestico-mata-menino-de-5-anos-em-martinopolis\/#primaryimage"},"thumbnailUrl":"https:\/\/radiolifefm.com.br\/noticias\/wp-content\/uploads\/2020\/09\/va.jpg","datePublished":"2020-09-08T14:41:09+00:00","dateModified":"2026-03-21T13:48:36+00:00","description":"A\u00a0Pol\u00edcia Civil\u00a0instaurou inqu\u00e9rito para apurar a morte de um menino de 5 anos, em\u00a0Martin\u00f3polis. O acidente dom\u00e9stico que vitimou a crian\u00e7a ocorreu no domingo, por volta do meio-dia, durante uma confraterniza\u00e7\u00e3o familiar.\u00a0","breadcrumb":{"@id":"https:\/\/radiolifefm.com.br\/noticias\/acidente-domestico-mata-menino-de-5-anos-em-martinopolis\/#breadcrumb"},"inLanguage":"pt-BR","potentialAction":[{"@type":"ReadAction","target":["https:\/\/radiolifefm.com.br\/noticias\/acidente-domestico-mata-menino-de-5-anos-em-martinopolis\/"]}]},{"@type":"ImageObject","inLanguage":"pt-BR","@id":"https:\/\/radiolifefm.com.br\/noticias\/acidente-domestico-mata-menino-de-5-anos-em-martinopolis\/#primaryimage","url":"https:\/\/radiolifefm.com.br\/noticias\/wp-content\/uploads\/2020\/09\/va.jpg","contentUrl":"https:\/\/radiolifefm.com.br\/noticias\/wp-content\/uploads\/2020\/09\/va.jpg","width":576,"height":434,"caption":"Foto: Pol\u00edcia Civil - Delegacia instaurou inqu\u00e9rito para apurar a morte da crian\u00e7a"},{"@type":"BreadcrumbList","@id":"https:\/\/radiolifefm.com.br\/noticias\/acidente-domestico-mata-menino-de-5-anos-em-martinopolis\/#breadcrumb","itemListElement":[{"@type":"ListItem","position":1,"name":"In\u00edcio","item":"https:\/\/radiolifefm.com.br\/noticias\/"},{"@type":"ListItem","position":2,"name":"Acidente dom\u00e9stico mata menino de 5 anos em Martin\u00f3polis"}]},{"@type":"WebSite","@id":"https:\/\/radiolifefm.com.br\/noticias\/#website","url":"https:\/\/radiolifefm.com.br\/noticias\/","name":"R\u00e1dio Life FM","description":"O Portal de Not\u00edcias de Adamantina","publisher":{"@id":"https:\/\/radiolifefm.com.br\/noticias\/#organization"},"alternateName":"Life FM","potentialAction":[{"@type":"SearchAction","target":{"@type":"EntryPoint","urlTemplate":"https:\/\/radiolifefm.com.br\/noticias\/?s={search_term_string}"},"query-input":{"@type":"PropertyValueSpecification","valueRequired":true,"valueName":"search_term_string"}}],"inLanguage":"pt-BR"},{"@type":"Organization","@id":"https:\/\/radiolifefm.com.br\/noticias\/#organization","name":"R\u00e1dio Life FM","alternateName":"Life FM","url":"https:\/\/radiolifefm.com.br\/noticias\/","logo":{"@type":"ImageObject","inLanguage":"pt-BR","@id":"https:\/\/radiolifefm.com.br\/noticias\/#\/schema\/logo\/image\/","url":"https:\/\/static.radiolifefm.com.br\/noticias\/wp-content\/uploads\/2019\/10\/logo-lifefm.png","contentUrl":"https:\/\/static.radiolifefm.com.br\/noticias\/wp-content\/uploads\/2019\/10\/logo-lifefm.png","width":196,"height":47,"caption":"R\u00e1dio Life FM"},"image":{"@id":"https:\/\/radiolifefm.com.br\/noticias\/#\/schema\/logo\/image\/"},"sameAs":["https:\/\/www.facebook.com\/radiolifefm\/","https:\/\/www.instagram.com\/life1079fm\/"]},{"@type":"Person","@id":"https:\/\/radiolifefm.com.br\/noticias\/#\/schema\/person\/58af3e98e78c224fbe3e142e87d53f9d","name":"palomaborzan","image":{"@type":"ImageObject","inLanguage":"pt-BR","@id":"https:\/\/secure.gravatar.com\/avatar\/495dd4d309288e9e8b97792861022a1857603be0c564711b6748b454e0a374dd?s=96&d=mm&r=g","url":"https:\/\/secure.gravatar.com\/avatar\/495dd4d309288e9e8b97792861022a1857603be0c564711b6748b454e0a374dd?s=96&d=mm&r=g","contentUrl":"https:\/\/secure.gravatar.com\/avatar\/495dd4d309288e9e8b97792861022a1857603be0c564711b6748b454e0a374dd?s=96&d=mm&r=g","caption":"palomaborzan"}}]}},"amp_enabled":true,"_links":{"self":[{"href":"https:\/\/radiolifefm.com.br\/noticias\/wp-json\/wp\/v2\/posts\/26447","targetHints":{"allow":["GET"]}}],"collection":[{"href":"https:\/\/radiolifefm.com.br\/noticias\/wp-json\/wp\/v2\/posts"}],"about":[{"href":"https:\/\/radiolifefm.com.br\/noticias\/wp-json\/wp\/v2\/types\/post"}],"author":[{"embeddable":true,"href":"https:\/\/radiolifefm.com.br\/noticias\/wp-json\/wp\/v2\/users\/11"}],"replies":[{"embeddable":true,"href":"https:\/\/radiolifefm.com.br\/noticias\/wp-json\/wp\/v2\/comments?post=26447"}],"version-history":[{"count":1,"href":"https:\/\/radiolifefm.com.br\/noticias\/wp-json\/wp\/v2\/posts\/26447\/revisions"}],"predecessor-version":[{"id":26449,"href":"https:\/\/radiolifefm.com.br\/noticias\/wp-json\/wp\/v2\/posts\/26447\/revisions\/26449"}],"wp:featuredmedia":[{"embeddable":true,"href":"https:\/\/radiolifefm.com.br\/noticias\/wp-json\/wp\/v2\/media\/26448"}],"wp:attachment":[{"href":"https:\/\/radiolifefm.com.br\/noticias\/wp-json\/wp\/v2\/media?parent=26447"}],"wp:term":[{"taxonomy":"category","embeddable":true,"href":"https:\/\/radiolifefm.com.br\/noticias\/wp-json\/wp\/v2\/categories?post=26447"},{"taxonomy":"post_tag","embeddable":true,"href":"https:\/\/radiolifefm.com.br\/noticias\/wp-json\/wp\/v2\/tags?post=26447"}],"curies":[{"name":"wp","href":"https:\/\/api.w.org\/{rel}","templated":true}]}}