{"id":26375,"date":"2020-09-06T19:38:12","date_gmt":"2020-09-06T22:38:12","guid":{"rendered":"https:\/\/radiolifefm.com.br\/noticias\/?p=26375"},"modified":"2026-04-27T15:44:42","modified_gmt":"2026-04-27T18:44:42","slug":"muitas-pessoas-sem-mascaras-causam-aglomeracao-com-som-alto-no-salto-botelho","status":"publish","type":"post","link":"https:\/\/radiolifefm.com.br\/noticias\/muitas-pessoas-sem-mascaras-causam-aglomeracao-com-som-alto-no-salto-botelho\/","title":{"rendered":"Aglomera\u00e7\u00e3o no Salto Botelho de Luc\u00e9lia movimentou as redes sociais neste domingo (06)"},"content":{"rendered":"<div id=\"fb-root\"><\/div>\n<p><em>Imagens de pessoas aglomeradas e sem m\u00e1scaras no Salto Botelho em Luc\u00e9lia, circulam pelas redes sociais neste domingo (06)<\/em><\/p>\n<p>A situa\u00e7\u00e3o de pandemia ainda n\u00e3o passou e a luta por maior flexibilidade nas cidades da regi\u00e3o continua, por\u00e9m, ao que parece, as pessoas n\u00e3o est\u00e3o colaborando para isso e continuam desrespeitando a proibi\u00e7\u00e3o de aglomera\u00e7\u00f5es.<\/p>\n<p>Pelo menos \u00e9 que mostram v\u00e1rias imagens que est\u00e3o circulando pelas redes sociais neste domingo (06), uma grande aglomera\u00e7\u00e3o, com som alto e pessoas sem m\u00e1scaras, no Salto Botelho, em Luc\u00e9lia.<\/p>\n<p>O domingo foi de sol forte e com temperatura elevada, com isso, muita gente se deslocou at\u00e9 o antigo Clube de Campo Max Wirth, no Salto Botelho, em Luc\u00e9lia, onde uma grande aglomera\u00e7\u00e3o se formou e a maioria das pessoas n\u00e3o usavam m\u00e1scaras.<\/p>\n<p><img loading=\"lazy\" decoding=\"async\" class=\"alignnone size-medium wp-image-26376\" src=\"https:\/\/static.radiolifefm.com.br\/wp-content\/uploads\/sites\/2\/2020\/09\/Salto-300x225.jpg\" alt=\"\" width=\"300\" height=\"225\" srcset=\"https:\/\/radiolifefm.com.br\/noticias\/wp-content\/uploads\/2020\/09\/Salto-300x225.jpg 300w, https:\/\/radiolifefm.com.br\/noticias\/wp-content\/uploads\/2020\/09\/Salto-1024x768.jpg 1024w, https:\/\/radiolifefm.com.br\/noticias\/wp-content\/uploads\/2020\/09\/Salto-768x576.jpg 768w, https:\/\/radiolifefm.com.br\/noticias\/wp-content\/uploads\/2020\/09\/Salto.jpg 1280w\" sizes=\"auto, (max-width: 300px) 100vw, 300px\" \/><\/p>\n<p>Da reda\u00e7\u00e3o<\/p>\n","protected":false},"excerpt":{"rendered":"<p>Imagens de pessoas aglomeradas e sem m\u00e1scaras no Salto Botelho em Luc\u00e9lia, circulam pelas redes sociais neste domingo (06) A situa\u00e7\u00e3o de pandemia ainda n\u00e3o passou e a luta por maior flexibilidade nas cidades da regi\u00e3o continua, por\u00e9m, ao que parece, as pessoas n\u00e3o est\u00e3o colaborando para isso e continuam desrespeitando a proibi\u00e7\u00e3o de aglomera\u00e7\u00f5es. [&hellip;]<\/p>\n","protected":false},"author":3,"featured_media":26376,"comment_status":"open","ping_status":"open","sticky":false,"template":"","format":"standard","meta":{"_acf_changed":false,"_exactmetrics_skip_tracking":false,"_exactmetrics_sitenote_active":false,"_exactmetrics_sitenote_note":"","_exactmetrics_sitenote_category":0,"footnotes":""},"categories":[24],"tags":[],"class_list":["post-26375","post","type-post","status-publish","format-standard","has-post-thumbnail","hentry","category-regiao"],"acf":[],"yoast_head":"<!-- This site is optimized with the Yoast SEO plugin v27.2 - https:\/\/yoast.com\/product\/yoast-seo-wordpress\/ -->\n<title>Aglomera\u00e7\u00e3o no Salto Botelho de Luc\u00e9lia movimentou as redes sociais neste domingo (06) - R\u00e1dio Life FM<\/title>\n<meta name=\"robots\" content=\"index, follow, max-snippet:-1, max-image-preview:large, max-video-preview:-1\" \/>\n<link rel=\"canonical\" href=\"https:\/\/radiolifefm.com.br\/noticias\/muitas-pessoas-sem-mascaras-causam-aglomeracao-com-som-alto-no-salto-botelho\/\" \/>\n<meta property=\"og:locale\" content=\"pt_BR\" \/>\n<meta property=\"og:type\" content=\"article\" \/>\n<meta property=\"og:title\" content=\"Aglomera\u00e7\u00e3o no Salto Botelho de Luc\u00e9lia movimentou as redes sociais neste domingo (06) - R\u00e1dio Life FM\" \/>\n<meta property=\"og:description\" content=\"Imagens de pessoas aglomeradas e sem m\u00e1scaras no Salto Botelho em Luc\u00e9lia, circulam pelas redes sociais neste domingo (06) A situa\u00e7\u00e3o de pandemia ainda n\u00e3o passou e a luta por maior flexibilidade nas cidades da regi\u00e3o continua, por\u00e9m, ao que parece, as pessoas n\u00e3o est\u00e3o colaborando para isso e continuam desrespeitando a proibi\u00e7\u00e3o de aglomera\u00e7\u00f5es. [&hellip;]\" \/>\n<meta property=\"og:url\" content=\"https:\/\/radiolifefm.com.br\/noticias\/muitas-pessoas-sem-mascaras-causam-aglomeracao-com-som-alto-no-salto-botelho\/\" \/>\n<meta property=\"og:site_name\" content=\"R\u00e1dio Life FM\" \/>\n<meta property=\"article:publisher\" content=\"https:\/\/www.facebook.com\/radiolifefm\/\" \/>\n<meta property=\"article:published_time\" content=\"2020-09-06T22:38:12+00:00\" \/>\n<meta property=\"article:modified_time\" content=\"2026-04-27T18:44:42+00:00\" \/>\n<meta property=\"og:image\" content=\"https:\/\/radiolifefm.com.br\/noticias\/wp-content\/uploads\/2020\/09\/Salto.jpg\" \/>\n\t<meta property=\"og:image:width\" content=\"1280\" \/>\n\t<meta property=\"og:image:height\" content=\"960\" \/>\n\t<meta property=\"og:image:type\" content=\"image\/jpeg\" \/>\n<meta name=\"author\" content=\"lifefm\" \/>\n<meta name=\"twitter:card\" content=\"summary_large_image\" \/>\n<meta name=\"twitter:label1\" content=\"Escrito por\" \/>\n\t<meta name=\"twitter:data1\" content=\"lifefm\" \/>\n\t<meta name=\"twitter:label2\" content=\"Est. tempo de leitura\" \/>\n\t<meta name=\"twitter:data2\" content=\"1 minuto\" \/>\n<script type=\"application\/ld+json\" class=\"yoast-schema-graph\">{\"@context\":\"https:\/\/schema.org\",\"@graph\":[{\"@type\":\"Article\",\"@id\":\"https:\/\/radiolifefm.com.br\/noticias\/muitas-pessoas-sem-mascaras-causam-aglomeracao-com-som-alto-no-salto-botelho\/#article\",\"isPartOf\":{\"@id\":\"https:\/\/radiolifefm.com.br\/noticias\/muitas-pessoas-sem-mascaras-causam-aglomeracao-com-som-alto-no-salto-botelho\/\"},\"author\":{\"name\":\"lifefm\",\"@id\":\"https:\/\/radiolifefm.com.br\/noticias\/#\/schema\/person\/1d4e4b1301322090c6221bf1c8420490\"},\"headline\":\"Aglomera\u00e7\u00e3o no Salto Botelho de Luc\u00e9lia movimentou as redes sociais neste domingo (06)\",\"datePublished\":\"2020-09-06T22:38:12+00:00\",\"dateModified\":\"2026-04-27T18:44:42+00:00\",\"mainEntityOfPage\":{\"@id\":\"https:\/\/radiolifefm.com.br\/noticias\/muitas-pessoas-sem-mascaras-causam-aglomeracao-com-som-alto-no-salto-botelho\/\"},\"wordCount\":162,\"commentCount\":0,\"publisher\":{\"@id\":\"https:\/\/radiolifefm.com.br\/noticias\/#organization\"},\"image\":{\"@id\":\"https:\/\/radiolifefm.com.br\/noticias\/muitas-pessoas-sem-mascaras-causam-aglomeracao-com-som-alto-no-salto-botelho\/#primaryimage\"},\"thumbnailUrl\":\"https:\/\/radiolifefm.com.br\/noticias\/wp-content\/uploads\/2020\/09\/Salto.jpg\",\"articleSection\":[\"Regi\u00e3o\"],\"inLanguage\":\"pt-BR\",\"potentialAction\":[{\"@type\":\"CommentAction\",\"name\":\"Comment\",\"target\":[\"https:\/\/radiolifefm.com.br\/noticias\/muitas-pessoas-sem-mascaras-causam-aglomeracao-com-som-alto-no-salto-botelho\/#respond\"]}]},{\"@type\":\"WebPage\",\"@id\":\"https:\/\/radiolifefm.com.br\/noticias\/muitas-pessoas-sem-mascaras-causam-aglomeracao-com-som-alto-no-salto-botelho\/\",\"url\":\"https:\/\/radiolifefm.com.br\/noticias\/muitas-pessoas-sem-mascaras-causam-aglomeracao-com-som-alto-no-salto-botelho\/\",\"name\":\"Aglomera\u00e7\u00e3o no Salto Botelho de Luc\u00e9lia movimentou as redes sociais neste domingo (06) - R\u00e1dio Life FM\",\"isPartOf\":{\"@id\":\"https:\/\/radiolifefm.com.br\/noticias\/#website\"},\"primaryImageOfPage\":{\"@id\":\"https:\/\/radiolifefm.com.br\/noticias\/muitas-pessoas-sem-mascaras-causam-aglomeracao-com-som-alto-no-salto-botelho\/#primaryimage\"},\"image\":{\"@id\":\"https:\/\/radiolifefm.com.br\/noticias\/muitas-pessoas-sem-mascaras-causam-aglomeracao-com-som-alto-no-salto-botelho\/#primaryimage\"},\"thumbnailUrl\":\"https:\/\/radiolifefm.com.br\/noticias\/wp-content\/uploads\/2020\/09\/Salto.jpg\",\"datePublished\":\"2020-09-06T22:38:12+00:00\",\"dateModified\":\"2026-04-27T18:44:42+00:00\",\"breadcrumb\":{\"@id\":\"https:\/\/radiolifefm.com.br\/noticias\/muitas-pessoas-sem-mascaras-causam-aglomeracao-com-som-alto-no-salto-botelho\/#breadcrumb\"},\"inLanguage\":\"pt-BR\",\"potentialAction\":[{\"@type\":\"ReadAction\",\"target\":[\"https:\/\/radiolifefm.com.br\/noticias\/muitas-pessoas-sem-mascaras-causam-aglomeracao-com-som-alto-no-salto-botelho\/\"]}]},{\"@type\":\"ImageObject\",\"inLanguage\":\"pt-BR\",\"@id\":\"https:\/\/radiolifefm.com.br\/noticias\/muitas-pessoas-sem-mascaras-causam-aglomeracao-com-som-alto-no-salto-botelho\/#primaryimage\",\"url\":\"https:\/\/radiolifefm.com.br\/noticias\/wp-content\/uploads\/2020\/09\/Salto.jpg\",\"contentUrl\":\"https:\/\/radiolifefm.com.br\/noticias\/wp-content\/uploads\/2020\/09\/Salto.jpg\",\"width\":1280,\"height\":960,\"caption\":\"Muita gente se aglomera no Salto Botelho em Luc\u00e9lia - Fotos - Reprodu\u00e7\u00e3o\/Internet\"},{\"@type\":\"BreadcrumbList\",\"@id\":\"https:\/\/radiolifefm.com.br\/noticias\/muitas-pessoas-sem-mascaras-causam-aglomeracao-com-som-alto-no-salto-botelho\/#breadcrumb\",\"itemListElement\":[{\"@type\":\"ListItem\",\"position\":1,\"name\":\"In\u00edcio\",\"item\":\"https:\/\/radiolifefm.com.br\/noticias\/\"},{\"@type\":\"ListItem\",\"position\":2,\"name\":\"Aglomera\u00e7\u00e3o no Salto Botelho de Luc\u00e9lia movimentou as redes sociais neste domingo (06)\"}]},{\"@type\":\"WebSite\",\"@id\":\"https:\/\/radiolifefm.com.br\/noticias\/#website\",\"url\":\"https:\/\/radiolifefm.com.br\/noticias\/\",\"name\":\"R\u00e1dio Life FM\",\"description\":\"O Portal de Not\u00edcias de Adamantina\",\"publisher\":{\"@id\":\"https:\/\/radiolifefm.com.br\/noticias\/#organization\"},\"alternateName\":\"Life FM\",\"potentialAction\":[{\"@type\":\"SearchAction\",\"target\":{\"@type\":\"EntryPoint\",\"urlTemplate\":\"https:\/\/radiolifefm.com.br\/noticias\/?s={search_term_string}\"},\"query-input\":{\"@type\":\"PropertyValueSpecification\",\"valueRequired\":true,\"valueName\":\"search_term_string\"}}],\"inLanguage\":\"pt-BR\"},{\"@type\":\"Organization\",\"@id\":\"https:\/\/radiolifefm.com.br\/noticias\/#organization\",\"name\":\"R\u00e1dio Life FM\",\"alternateName\":\"Life FM\",\"url\":\"https:\/\/radiolifefm.com.br\/noticias\/\",\"logo\":{\"@type\":\"ImageObject\",\"inLanguage\":\"pt-BR\",\"@id\":\"https:\/\/radiolifefm.com.br\/noticias\/#\/schema\/logo\/image\/\",\"url\":\"https:\/\/static.radiolifefm.com.br\/noticias\/wp-content\/uploads\/2019\/10\/logo-lifefm.png\",\"contentUrl\":\"https:\/\/static.radiolifefm.com.br\/noticias\/wp-content\/uploads\/2019\/10\/logo-lifefm.png\",\"width\":196,\"height\":47,\"caption\":\"R\u00e1dio Life FM\"},\"image\":{\"@id\":\"https:\/\/radiolifefm.com.br\/noticias\/#\/schema\/logo\/image\/\"},\"sameAs\":[\"https:\/\/www.facebook.com\/radiolifefm\/\",\"https:\/\/www.instagram.com\/life1079fm\/\"]},{\"@type\":\"Person\",\"@id\":\"https:\/\/radiolifefm.com.br\/noticias\/#\/schema\/person\/1d4e4b1301322090c6221bf1c8420490\",\"name\":\"lifefm\",\"image\":{\"@type\":\"ImageObject\",\"inLanguage\":\"pt-BR\",\"@id\":\"https:\/\/secure.gravatar.com\/avatar\/eca268467d925ec97d20641bb054fd944c0abb2f92854171620706bbe6474e7c?s=96&d=mm&r=g\",\"url\":\"https:\/\/secure.gravatar.com\/avatar\/eca268467d925ec97d20641bb054fd944c0abb2f92854171620706bbe6474e7c?s=96&d=mm&r=g\",\"contentUrl\":\"https:\/\/secure.gravatar.com\/avatar\/eca268467d925ec97d20641bb054fd944c0abb2f92854171620706bbe6474e7c?s=96&d=mm&r=g\",\"caption\":\"lifefm\"}}]}<\/script>\n<!-- \/ Yoast SEO plugin. -->","yoast_head_json":{"title":"Aglomera\u00e7\u00e3o no Salto Botelho de Luc\u00e9lia movimentou as redes sociais neste domingo (06) - R\u00e1dio Life FM","robots":{"index":"index","follow":"follow","max-snippet":"max-snippet:-1","max-image-preview":"max-image-preview:large","max-video-preview":"max-video-preview:-1"},"canonical":"https:\/\/radiolifefm.com.br\/noticias\/muitas-pessoas-sem-mascaras-causam-aglomeracao-com-som-alto-no-salto-botelho\/","og_locale":"pt_BR","og_type":"article","og_title":"Aglomera\u00e7\u00e3o no Salto Botelho de Luc\u00e9lia movimentou as redes sociais neste domingo (06) - R\u00e1dio Life FM","og_description":"Imagens de pessoas aglomeradas e sem m\u00e1scaras no Salto Botelho em Luc\u00e9lia, circulam pelas redes sociais neste domingo (06) A situa\u00e7\u00e3o de pandemia ainda n\u00e3o passou e a luta por maior flexibilidade nas cidades da regi\u00e3o continua, por\u00e9m, ao que parece, as pessoas n\u00e3o est\u00e3o colaborando para isso e continuam desrespeitando a proibi\u00e7\u00e3o de aglomera\u00e7\u00f5es. [&hellip;]","og_url":"https:\/\/radiolifefm.com.br\/noticias\/muitas-pessoas-sem-mascaras-causam-aglomeracao-com-som-alto-no-salto-botelho\/","og_site_name":"R\u00e1dio Life FM","article_publisher":"https:\/\/www.facebook.com\/radiolifefm\/","article_published_time":"2020-09-06T22:38:12+00:00","article_modified_time":"2026-04-27T18:44:42+00:00","og_image":[{"width":1280,"height":960,"url":"https:\/\/radiolifefm.com.br\/noticias\/wp-content\/uploads\/2020\/09\/Salto.jpg","type":"image\/jpeg"}],"author":"lifefm","twitter_card":"summary_large_image","twitter_misc":{"Escrito por":"lifefm","Est. tempo de leitura":"1 minuto"},"schema":{"@context":"https:\/\/schema.org","@graph":[{"@type":"Article","@id":"https:\/\/radiolifefm.com.br\/noticias\/muitas-pessoas-sem-mascaras-causam-aglomeracao-com-som-alto-no-salto-botelho\/#article","isPartOf":{"@id":"https:\/\/radiolifefm.com.br\/noticias\/muitas-pessoas-sem-mascaras-causam-aglomeracao-com-som-alto-no-salto-botelho\/"},"author":{"name":"lifefm","@id":"https:\/\/radiolifefm.com.br\/noticias\/#\/schema\/person\/1d4e4b1301322090c6221bf1c8420490"},"headline":"Aglomera\u00e7\u00e3o no Salto Botelho de Luc\u00e9lia movimentou as redes sociais neste domingo (06)","datePublished":"2020-09-06T22:38:12+00:00","dateModified":"2026-04-27T18:44:42+00:00","mainEntityOfPage":{"@id":"https:\/\/radiolifefm.com.br\/noticias\/muitas-pessoas-sem-mascaras-causam-aglomeracao-com-som-alto-no-salto-botelho\/"},"wordCount":162,"commentCount":0,"publisher":{"@id":"https:\/\/radiolifefm.com.br\/noticias\/#organization"},"image":{"@id":"https:\/\/radiolifefm.com.br\/noticias\/muitas-pessoas-sem-mascaras-causam-aglomeracao-com-som-alto-no-salto-botelho\/#primaryimage"},"thumbnailUrl":"https:\/\/radiolifefm.com.br\/noticias\/wp-content\/uploads\/2020\/09\/Salto.jpg","articleSection":["Regi\u00e3o"],"inLanguage":"pt-BR","potentialAction":[{"@type":"CommentAction","name":"Comment","target":["https:\/\/radiolifefm.com.br\/noticias\/muitas-pessoas-sem-mascaras-causam-aglomeracao-com-som-alto-no-salto-botelho\/#respond"]}]},{"@type":"WebPage","@id":"https:\/\/radiolifefm.com.br\/noticias\/muitas-pessoas-sem-mascaras-causam-aglomeracao-com-som-alto-no-salto-botelho\/","url":"https:\/\/radiolifefm.com.br\/noticias\/muitas-pessoas-sem-mascaras-causam-aglomeracao-com-som-alto-no-salto-botelho\/","name":"Aglomera\u00e7\u00e3o no Salto Botelho de Luc\u00e9lia movimentou as redes sociais neste domingo (06) - R\u00e1dio Life FM","isPartOf":{"@id":"https:\/\/radiolifefm.com.br\/noticias\/#website"},"primaryImageOfPage":{"@id":"https:\/\/radiolifefm.com.br\/noticias\/muitas-pessoas-sem-mascaras-causam-aglomeracao-com-som-alto-no-salto-botelho\/#primaryimage"},"image":{"@id":"https:\/\/radiolifefm.com.br\/noticias\/muitas-pessoas-sem-mascaras-causam-aglomeracao-com-som-alto-no-salto-botelho\/#primaryimage"},"thumbnailUrl":"https:\/\/radiolifefm.com.br\/noticias\/wp-content\/uploads\/2020\/09\/Salto.jpg","datePublished":"2020-09-06T22:38:12+00:00","dateModified":"2026-04-27T18:44:42+00:00","breadcrumb":{"@id":"https:\/\/radiolifefm.com.br\/noticias\/muitas-pessoas-sem-mascaras-causam-aglomeracao-com-som-alto-no-salto-botelho\/#breadcrumb"},"inLanguage":"pt-BR","potentialAction":[{"@type":"ReadAction","target":["https:\/\/radiolifefm.com.br\/noticias\/muitas-pessoas-sem-mascaras-causam-aglomeracao-com-som-alto-no-salto-botelho\/"]}]},{"@type":"ImageObject","inLanguage":"pt-BR","@id":"https:\/\/radiolifefm.com.br\/noticias\/muitas-pessoas-sem-mascaras-causam-aglomeracao-com-som-alto-no-salto-botelho\/#primaryimage","url":"https:\/\/radiolifefm.com.br\/noticias\/wp-content\/uploads\/2020\/09\/Salto.jpg","contentUrl":"https:\/\/radiolifefm.com.br\/noticias\/wp-content\/uploads\/2020\/09\/Salto.jpg","width":1280,"height":960,"caption":"Muita gente se aglomera no Salto Botelho em Luc\u00e9lia - Fotos - Reprodu\u00e7\u00e3o\/Internet"},{"@type":"BreadcrumbList","@id":"https:\/\/radiolifefm.com.br\/noticias\/muitas-pessoas-sem-mascaras-causam-aglomeracao-com-som-alto-no-salto-botelho\/#breadcrumb","itemListElement":[{"@type":"ListItem","position":1,"name":"In\u00edcio","item":"https:\/\/radiolifefm.com.br\/noticias\/"},{"@type":"ListItem","position":2,"name":"Aglomera\u00e7\u00e3o no Salto Botelho de Luc\u00e9lia movimentou as redes sociais neste domingo (06)"}]},{"@type":"WebSite","@id":"https:\/\/radiolifefm.com.br\/noticias\/#website","url":"https:\/\/radiolifefm.com.br\/noticias\/","name":"R\u00e1dio Life FM","description":"O Portal de Not\u00edcias de Adamantina","publisher":{"@id":"https:\/\/radiolifefm.com.br\/noticias\/#organization"},"alternateName":"Life FM","potentialAction":[{"@type":"SearchAction","target":{"@type":"EntryPoint","urlTemplate":"https:\/\/radiolifefm.com.br\/noticias\/?s={search_term_string}"},"query-input":{"@type":"PropertyValueSpecification","valueRequired":true,"valueName":"search_term_string"}}],"inLanguage":"pt-BR"},{"@type":"Organization","@id":"https:\/\/radiolifefm.com.br\/noticias\/#organization","name":"R\u00e1dio Life FM","alternateName":"Life FM","url":"https:\/\/radiolifefm.com.br\/noticias\/","logo":{"@type":"ImageObject","inLanguage":"pt-BR","@id":"https:\/\/radiolifefm.com.br\/noticias\/#\/schema\/logo\/image\/","url":"https:\/\/static.radiolifefm.com.br\/noticias\/wp-content\/uploads\/2019\/10\/logo-lifefm.png","contentUrl":"https:\/\/static.radiolifefm.com.br\/noticias\/wp-content\/uploads\/2019\/10\/logo-lifefm.png","width":196,"height":47,"caption":"R\u00e1dio Life FM"},"image":{"@id":"https:\/\/radiolifefm.com.br\/noticias\/#\/schema\/logo\/image\/"},"sameAs":["https:\/\/www.facebook.com\/radiolifefm\/","https:\/\/www.instagram.com\/life1079fm\/"]},{"@type":"Person","@id":"https:\/\/radiolifefm.com.br\/noticias\/#\/schema\/person\/1d4e4b1301322090c6221bf1c8420490","name":"lifefm","image":{"@type":"ImageObject","inLanguage":"pt-BR","@id":"https:\/\/secure.gravatar.com\/avatar\/eca268467d925ec97d20641bb054fd944c0abb2f92854171620706bbe6474e7c?s=96&d=mm&r=g","url":"https:\/\/secure.gravatar.com\/avatar\/eca268467d925ec97d20641bb054fd944c0abb2f92854171620706bbe6474e7c?s=96&d=mm&r=g","contentUrl":"https:\/\/secure.gravatar.com\/avatar\/eca268467d925ec97d20641bb054fd944c0abb2f92854171620706bbe6474e7c?s=96&d=mm&r=g","caption":"lifefm"}}]}},"amp_enabled":true,"_links":{"self":[{"href":"https:\/\/radiolifefm.com.br\/noticias\/wp-json\/wp\/v2\/posts\/26375","targetHints":{"allow":["GET"]}}],"collection":[{"href":"https:\/\/radiolifefm.com.br\/noticias\/wp-json\/wp\/v2\/posts"}],"about":[{"href":"https:\/\/radiolifefm.com.br\/noticias\/wp-json\/wp\/v2\/types\/post"}],"author":[{"embeddable":true,"href":"https:\/\/radiolifefm.com.br\/noticias\/wp-json\/wp\/v2\/users\/3"}],"replies":[{"embeddable":true,"href":"https:\/\/radiolifefm.com.br\/noticias\/wp-json\/wp\/v2\/comments?post=26375"}],"version-history":[{"count":5,"href":"https:\/\/radiolifefm.com.br\/noticias\/wp-json\/wp\/v2\/posts\/26375\/revisions"}],"predecessor-version":[{"id":26383,"href":"https:\/\/radiolifefm.com.br\/noticias\/wp-json\/wp\/v2\/posts\/26375\/revisions\/26383"}],"wp:featuredmedia":[{"embeddable":true,"href":"https:\/\/radiolifefm.com.br\/noticias\/wp-json\/wp\/v2\/media\/26376"}],"wp:attachment":[{"href":"https:\/\/radiolifefm.com.br\/noticias\/wp-json\/wp\/v2\/media?parent=26375"}],"wp:term":[{"taxonomy":"category","embeddable":true,"href":"https:\/\/radiolifefm.com.br\/noticias\/wp-json\/wp\/v2\/categories?post=26375"},{"taxonomy":"post_tag","embeddable":true,"href":"https:\/\/radiolifefm.com.br\/noticias\/wp-json\/wp\/v2\/tags?post=26375"}],"curies":[{"name":"wp","href":"https:\/\/api.w.org\/{rel}","templated":true}]}}