{"id":26286,"date":"2020-09-04T12:24:30","date_gmt":"2020-09-04T15:24:30","guid":{"rendered":"https:\/\/radiolifefm.com.br\/noticias\/?p=26286"},"modified":"2026-04-03T12:03:07","modified_gmt":"2026-04-03T15:03:07","slug":"escritor-faz-lancamento-de-livro-de-poesias-com-distribuicao-gratuita-em-praca-no-centro-de-presidente-prudente","status":"publish","type":"post","link":"https:\/\/radiolifefm.com.br\/noticias\/escritor-faz-lancamento-de-livro-de-poesias-com-distribuicao-gratuita-em-praca-no-centro-de-presidente-prudente\/","title":{"rendered":"Escritor faz lan\u00e7amento de livro de poesias com distribui\u00e7\u00e3o gratuita em pra\u00e7a no Centro de Presidente Prudente"},"content":{"rendered":"<div id=\"fb-root\"><\/div>\n<div class=\"mc-column content-text active-extra-styles \" data-block-type=\"unstyled\" data-block-weight=\"74\" data-block-id=\"2\">\n<p class=\"content-text__container \" data-track-category=\"Link no Texto\" data-track-links=\"\">As palavras est\u00e3o presentes a todo instante no cotidiano. Que quem passou pela Pra\u00e7a Monsenhor Sarrion, em\u00a0<a href=\"https:\/\/g1.globo.com\/sp\/presidente-prudente-regiao\/cidade\/presidente-prudente\/\">Presidente Prudente<\/a>, na manh\u00e3 desta sexta-feira (4) foi surpreendido com a pergunta: voc\u00ea j\u00e1 ganhou um livro hoje? Da frase falada, quem aceitou a surpresa foi presenteado com um a sexta publica\u00e7\u00e3o do escritor Carlos Francisco Freixo. O livro de poesias \u201cFui covarde\u201d foi lan\u00e7ado sem formalidades, ao ar livre, e com distribui\u00e7\u00e3o gratuita de mil exemplares.<\/p>\n<\/div>\n<div class=\"wall protected-content\">\n<div class=\"mc-column content-text active-extra-styles \" data-block-type=\"unstyled\" data-block-weight=\"78\" data-block-id=\"3\">\n<p class=\"content-text__container \" data-track-category=\"Link no Texto\" data-track-links=\"\">De in\u00edcio, a a\u00e7\u00e3o gerava estranhamento nas pessoas, que n\u00e3o est\u00e3o acostumadas a ganhar algo de forma t\u00e3o simples e sem realmente custo nenhum. O escritor nascido em Portugal, mas que mora em Presidente Prudente h\u00e1 muitos anos, explicou ao\u00a0<strong>G1<\/strong>\u00a0que decidiu fazer o lan\u00e7amento desses moldes pela primeira vez. Ele chegou \u00e0s 6h30 no local e junto com uma equipe come\u00e7ou a distribuir \u00e0s 7h, aproveitando o grande fluxo de pessoas e passageiros do transporte coletivo.<\/p>\n<\/div>\n<div class=\"mc-column content-text active-extra-styles \" data-block-type=\"unstyled\" data-block-weight=\"84\" data-block-id=\"4\">\n<p class=\"content-text__container \" data-track-category=\"Link no Texto\" data-track-links=\"\">\u201cEu sou o presidente da Associa\u00e7\u00e3o Prudentina de Escritores [APE]. E tem muito trabalho sendo feito, h\u00e1 uma grande produ\u00e7\u00e3o. Por\u00e9m, n\u00e3o temos livraria aqui. Queremos mostrar nosso trabalho. Fazer essa distribui\u00e7\u00e3o tamb\u00e9m \u00e9 uma forma de dar acesso ao trabalho. Al\u00e9m disso, apesar de os livros n\u00e3o serem caros, para muitas pessoas, R$ 1 faz falta. Muitas pessoas n\u00e3o tem acesso aos livros e assim foi uma forma de dar oportunidade a elas, de incentivar a leitura, a educa\u00e7\u00e3o\u201d, afirmou Freixo ao\u00a0<strong>G1<\/strong>.<\/p>\n<p><em><strong>O livro<\/strong><\/em><\/p>\n<p>\u201cFui covarde\u201d \u00e9 um livro de poesias que o escritor levou cerca de tr\u00eas anos para concluir. Ele finalizou em fevereiro deste ano. Al\u00e9m da surpresa com o presente inesperado, o segundo estranhamento das pessoas foi com o t\u00edtulo.<\/p>\n<div class=\"mc-column content-text active-extra-styles \" data-block-type=\"unstyled\" data-block-weight=\"79\" data-block-id=\"10\">\n<p class=\"content-text__container \" data-track-category=\"Link no Texto\" data-track-links=\"\">\u201cA poesia trabalha com o belo. Mas, o belo, neste caso, \u00e9 trazer uma reflex\u00e3o, o questionamento. Estamos passando por um momento de conflito, brigando entre a gente e sem l\u00f3gica alguma. O livro fala sobre essa busca por um her\u00f3i para nos salvar. Mas quem fica para tr\u00e1s, limpando a bagun\u00e7a? \u00c9 preciso questionar nossas a\u00e7\u00f5es, decis\u00f5es e a quest\u00e3o coletiva. O individual \u00e9 importante, mas o ser humano precisa ser coletivo. \u00c9 uma poesia social\u201d, salientou Freixo.<\/p>\n<p>A aposentada Maria das Neves estava aguardando o \u00f4nibus e ficou feliz em receber o presente. \u201c\u00c9 muito bom para ocupar a mente. Foi uma bela surpresa, n\u00e3o esperava ganhar esse presente hoje. \u00c9 muito importante porque isso incentiva a leitura\u201d, disse ao <strong>G1<\/strong>.<\/p>\n<div class=\"mc-column content-text active-extra-styles \" data-block-type=\"unstyled\" data-block-weight=\"26\" data-block-id=\"14\">\n<p class=\"content-text__container \" data-track-category=\"Link no Texto\" data-track-links=\"\">\u201cEstava passando e ganhei esse livro. A gente n\u00e3o espera isso, \u00e9 algo muito bonito. Vou ler tudo em casa\u201d, falou o aposentado C\u00edcero Vasconcelos.<\/p>\n<p>J\u00e1 a recepcionista J\u00e9ssica Rocha Silva Gabiatti tinha visto uma publica\u00e7\u00e3o nas redes sociais sobre o lan\u00e7amento e foi prestigiar o ex-professor. \u201cFui aluna dele, sempre incentivou a leitura. J\u00e1 tenho outros livros dele e ganhei esse. Vou ler com muito carinho. A\u00e7\u00f5es como essa s\u00e3o muito importantes. Ele poderia estar vendendo, mas decidiu distribuir de gra\u00e7a\u201d, destacou ao\u00a0<strong>G1<\/strong>.<\/p>\n<div class=\"mc-column content-text active-extra-styles \" data-block-type=\"unstyled\" data-block-weight=\"75\" data-block-id=\"19\">\n<p class=\"content-text__container \" data-track-category=\"Link no Texto\" data-track-links=\"\">O escritor tem programado o lan\u00e7amento de mais dois livros e um livro CD. \u201cHoje tamb\u00e9m descobri alguns escritores por aqui, pessoas que querem saber como publicar, como mostrar o trabalho. Prudente tem v\u00e1rios escritores. E as pessoas precisam saber quem s\u00e3o eles porque tem muita gente talentosa. \u00c0s vezes, a ideia de escritor para algo que fica muito longe. Essa foi mais uma a\u00e7\u00e3o para mostrar que temos publica\u00e7\u00f5es saindo daqui tamb\u00e9m\u201d, pontuou Freixo.<\/p>\n<\/div>\n<div class=\"mc-column content-text active-extra-styles \" data-block-type=\"unstyled\" data-block-weight=\"17\" data-block-id=\"20\">\n<p class=\"content-text__container \" data-track-category=\"Link no Texto\" data-track-links=\"\">Quem tiver interesse no livro, pode entrar em contato pelas\u00a0<a href=\"https:\/\/pt-br.facebook.com\/carlosfrancisco.freixo\" target=\"_blank\" rel=\"noopener noreferrer\">redes sociais do escritor<\/a>\u00a0ou da\u00a0<a href=\"https:\/\/pt-br.facebook.com\/AssociacaoPrudentinaDeEscritores\" target=\"_blank\" rel=\"noopener noreferrer\">APE<\/a>.<\/p>\n<div class=\"content__signature\">\n<div class=\"content-publication-data\">\n<div class=\"content-publication-data__text\">\n<p class=\"content-publication-data__from\" title=\"Heloise Hamada, G1 Presidente Prudente\"><em><strong>Por Heloise Hamada, G1 Presidente Prudente<\/strong><\/em><\/p>\n<p class=\"content-publication-data__updated\">\n<\/div>\n<\/div>\n<\/div>\n<div class=\"content__share-bar\"><\/div>\n<\/div>\n<\/div>\n<\/div>\n<\/div>\n<\/div>\n","protected":false},"excerpt":{"rendered":"<p>As palavras est\u00e3o presentes a todo instante no cotidiano. Que quem passou pela Pra\u00e7a Monsenhor Sarrion, em\u00a0Presidente Prudente, na manh\u00e3 desta sexta-feira (4) foi surpreendido com a pergunta: voc\u00ea j\u00e1 ganhou um livro hoje? Da frase falada, quem aceitou a surpresa foi presenteado com um a sexta publica\u00e7\u00e3o do escritor Carlos Francisco Freixo. O livro [&hellip;]<\/p>\n","protected":false},"author":11,"featured_media":26287,"comment_status":"closed","ping_status":"open","sticky":false,"template":"","format":"standard","meta":{"_acf_changed":false,"_exactmetrics_skip_tracking":false,"_exactmetrics_sitenote_active":false,"_exactmetrics_sitenote_note":"","_exactmetrics_sitenote_category":0,"footnotes":""},"categories":[24],"tags":[],"class_list":["post-26286","post","type-post","status-publish","format-standard","has-post-thumbnail","hentry","category-regiao"],"acf":[],"yoast_head":"<!-- This site is optimized with the Yoast SEO plugin v27.2 - https:\/\/yoast.com\/product\/yoast-seo-wordpress\/ -->\n<title>Escritor faz lan\u00e7amento de livro de poesias com distribui\u00e7\u00e3o gratuita em pra\u00e7a no Centro de Presidente Prudente - R\u00e1dio Life FM<\/title>\n<meta name=\"description\" content=\"\u201cFui covarde\u201d \u00e9 um livro de poesias que o escritor levou cerca de tr\u00eas anos para concluir.\" \/>\n<meta name=\"robots\" content=\"index, follow, max-snippet:-1, max-image-preview:large, max-video-preview:-1\" \/>\n<link rel=\"canonical\" href=\"https:\/\/radiolifefm.com.br\/noticias\/escritor-faz-lancamento-de-livro-de-poesias-com-distribuicao-gratuita-em-praca-no-centro-de-presidente-prudente\/\" \/>\n<meta property=\"og:locale\" content=\"pt_BR\" \/>\n<meta property=\"og:type\" content=\"article\" \/>\n<meta property=\"og:title\" content=\"Escritor faz lan\u00e7amento de livro de poesias com distribui\u00e7\u00e3o gratuita em pra\u00e7a no Centro de Presidente Prudente - R\u00e1dio Life FM\" \/>\n<meta property=\"og:description\" content=\"\u201cFui covarde\u201d \u00e9 um livro de poesias que o escritor levou cerca de tr\u00eas anos para concluir.\" \/>\n<meta property=\"og:url\" content=\"https:\/\/radiolifefm.com.br\/noticias\/escritor-faz-lancamento-de-livro-de-poesias-com-distribuicao-gratuita-em-praca-no-centro-de-presidente-prudente\/\" \/>\n<meta property=\"og:site_name\" content=\"R\u00e1dio Life FM\" \/>\n<meta property=\"article:publisher\" content=\"https:\/\/www.facebook.com\/radiolifefm\/\" \/>\n<meta property=\"article:published_time\" content=\"2020-09-04T15:24:30+00:00\" \/>\n<meta property=\"article:modified_time\" content=\"2026-04-03T15:03:07+00:00\" \/>\n<meta property=\"og:image\" content=\"https:\/\/radiolifefm.com.br\/noticias\/wp-content\/uploads\/2020\/09\/whatsapp-image-2020-09-04-at-09.46.45.jpeg\" \/>\n\t<meta property=\"og:image:width\" content=\"984\" \/>\n\t<meta property=\"og:image:height\" content=\"738\" \/>\n\t<meta property=\"og:image:type\" content=\"image\/jpeg\" \/>\n<meta name=\"author\" content=\"palomaborzan\" \/>\n<meta name=\"twitter:card\" content=\"summary_large_image\" \/>\n<meta name=\"twitter:label1\" content=\"Escrito por\" \/>\n\t<meta name=\"twitter:data1\" content=\"palomaborzan\" \/>\n\t<meta name=\"twitter:label2\" content=\"Est. tempo de leitura\" \/>\n\t<meta name=\"twitter:data2\" content=\"3 minutos\" \/>\n<script type=\"application\/ld+json\" class=\"yoast-schema-graph\">{\"@context\":\"https:\/\/schema.org\",\"@graph\":[{\"@type\":\"Article\",\"@id\":\"https:\/\/radiolifefm.com.br\/noticias\/escritor-faz-lancamento-de-livro-de-poesias-com-distribuicao-gratuita-em-praca-no-centro-de-presidente-prudente\/#article\",\"isPartOf\":{\"@id\":\"https:\/\/radiolifefm.com.br\/noticias\/escritor-faz-lancamento-de-livro-de-poesias-com-distribuicao-gratuita-em-praca-no-centro-de-presidente-prudente\/\"},\"author\":{\"name\":\"palomaborzan\",\"@id\":\"https:\/\/radiolifefm.com.br\/noticias\/#\/schema\/person\/58af3e98e78c224fbe3e142e87d53f9d\"},\"headline\":\"Escritor faz lan\u00e7amento de livro de poesias com distribui\u00e7\u00e3o gratuita em pra\u00e7a no Centro de Presidente Prudente\",\"datePublished\":\"2020-09-04T15:24:30+00:00\",\"dateModified\":\"2026-04-03T15:03:07+00:00\",\"mainEntityOfPage\":{\"@id\":\"https:\/\/radiolifefm.com.br\/noticias\/escritor-faz-lancamento-de-livro-de-poesias-com-distribuicao-gratuita-em-praca-no-centro-de-presidente-prudente\/\"},\"wordCount\":641,\"publisher\":{\"@id\":\"https:\/\/radiolifefm.com.br\/noticias\/#organization\"},\"image\":{\"@id\":\"https:\/\/radiolifefm.com.br\/noticias\/escritor-faz-lancamento-de-livro-de-poesias-com-distribuicao-gratuita-em-praca-no-centro-de-presidente-prudente\/#primaryimage\"},\"thumbnailUrl\":\"https:\/\/radiolifefm.com.br\/noticias\/wp-content\/uploads\/2020\/09\/whatsapp-image-2020-09-04-at-09.46.45.jpeg\",\"articleSection\":[\"Regi\u00e3o\"],\"inLanguage\":\"pt-BR\"},{\"@type\":\"WebPage\",\"@id\":\"https:\/\/radiolifefm.com.br\/noticias\/escritor-faz-lancamento-de-livro-de-poesias-com-distribuicao-gratuita-em-praca-no-centro-de-presidente-prudente\/\",\"url\":\"https:\/\/radiolifefm.com.br\/noticias\/escritor-faz-lancamento-de-livro-de-poesias-com-distribuicao-gratuita-em-praca-no-centro-de-presidente-prudente\/\",\"name\":\"Escritor faz lan\u00e7amento de livro de poesias com distribui\u00e7\u00e3o gratuita em pra\u00e7a no Centro de Presidente Prudente - R\u00e1dio Life FM\",\"isPartOf\":{\"@id\":\"https:\/\/radiolifefm.com.br\/noticias\/#website\"},\"primaryImageOfPage\":{\"@id\":\"https:\/\/radiolifefm.com.br\/noticias\/escritor-faz-lancamento-de-livro-de-poesias-com-distribuicao-gratuita-em-praca-no-centro-de-presidente-prudente\/#primaryimage\"},\"image\":{\"@id\":\"https:\/\/radiolifefm.com.br\/noticias\/escritor-faz-lancamento-de-livro-de-poesias-com-distribuicao-gratuita-em-praca-no-centro-de-presidente-prudente\/#primaryimage\"},\"thumbnailUrl\":\"https:\/\/radiolifefm.com.br\/noticias\/wp-content\/uploads\/2020\/09\/whatsapp-image-2020-09-04-at-09.46.45.jpeg\",\"datePublished\":\"2020-09-04T15:24:30+00:00\",\"dateModified\":\"2026-04-03T15:03:07+00:00\",\"description\":\"\u201cFui covarde\u201d \u00e9 um livro de poesias que o escritor levou cerca de tr\u00eas anos para concluir.\",\"breadcrumb\":{\"@id\":\"https:\/\/radiolifefm.com.br\/noticias\/escritor-faz-lancamento-de-livro-de-poesias-com-distribuicao-gratuita-em-praca-no-centro-de-presidente-prudente\/#breadcrumb\"},\"inLanguage\":\"pt-BR\",\"potentialAction\":[{\"@type\":\"ReadAction\",\"target\":[\"https:\/\/radiolifefm.com.br\/noticias\/escritor-faz-lancamento-de-livro-de-poesias-com-distribuicao-gratuita-em-praca-no-centro-de-presidente-prudente\/\"]}]},{\"@type\":\"ImageObject\",\"inLanguage\":\"pt-BR\",\"@id\":\"https:\/\/radiolifefm.com.br\/noticias\/escritor-faz-lancamento-de-livro-de-poesias-com-distribuicao-gratuita-em-praca-no-centro-de-presidente-prudente\/#primaryimage\",\"url\":\"https:\/\/radiolifefm.com.br\/noticias\/wp-content\/uploads\/2020\/09\/whatsapp-image-2020-09-04-at-09.46.45.jpeg\",\"contentUrl\":\"https:\/\/radiolifefm.com.br\/noticias\/wp-content\/uploads\/2020\/09\/whatsapp-image-2020-09-04-at-09.46.45.jpeg\",\"width\":984,\"height\":738,\"caption\":\"Escritor Carlos Freixo distribuiu gratuitamente mil exemplares do livro 'Fui covarde' em Presidente Prudente \u2014 Foto: Heloise Hamada\/G1\"},{\"@type\":\"BreadcrumbList\",\"@id\":\"https:\/\/radiolifefm.com.br\/noticias\/escritor-faz-lancamento-de-livro-de-poesias-com-distribuicao-gratuita-em-praca-no-centro-de-presidente-prudente\/#breadcrumb\",\"itemListElement\":[{\"@type\":\"ListItem\",\"position\":1,\"name\":\"In\u00edcio\",\"item\":\"https:\/\/radiolifefm.com.br\/noticias\/\"},{\"@type\":\"ListItem\",\"position\":2,\"name\":\"Escritor faz lan\u00e7amento de livro de poesias com distribui\u00e7\u00e3o gratuita em pra\u00e7a no Centro de Presidente Prudente\"}]},{\"@type\":\"WebSite\",\"@id\":\"https:\/\/radiolifefm.com.br\/noticias\/#website\",\"url\":\"https:\/\/radiolifefm.com.br\/noticias\/\",\"name\":\"R\u00e1dio Life FM\",\"description\":\"O Portal de Not\u00edcias de Adamantina\",\"publisher\":{\"@id\":\"https:\/\/radiolifefm.com.br\/noticias\/#organization\"},\"alternateName\":\"Life FM\",\"potentialAction\":[{\"@type\":\"SearchAction\",\"target\":{\"@type\":\"EntryPoint\",\"urlTemplate\":\"https:\/\/radiolifefm.com.br\/noticias\/?s={search_term_string}\"},\"query-input\":{\"@type\":\"PropertyValueSpecification\",\"valueRequired\":true,\"valueName\":\"search_term_string\"}}],\"inLanguage\":\"pt-BR\"},{\"@type\":\"Organization\",\"@id\":\"https:\/\/radiolifefm.com.br\/noticias\/#organization\",\"name\":\"R\u00e1dio Life FM\",\"alternateName\":\"Life FM\",\"url\":\"https:\/\/radiolifefm.com.br\/noticias\/\",\"logo\":{\"@type\":\"ImageObject\",\"inLanguage\":\"pt-BR\",\"@id\":\"https:\/\/radiolifefm.com.br\/noticias\/#\/schema\/logo\/image\/\",\"url\":\"https:\/\/static.radiolifefm.com.br\/noticias\/wp-content\/uploads\/2019\/10\/logo-lifefm.png\",\"contentUrl\":\"https:\/\/static.radiolifefm.com.br\/noticias\/wp-content\/uploads\/2019\/10\/logo-lifefm.png\",\"width\":196,\"height\":47,\"caption\":\"R\u00e1dio Life FM\"},\"image\":{\"@id\":\"https:\/\/radiolifefm.com.br\/noticias\/#\/schema\/logo\/image\/\"},\"sameAs\":[\"https:\/\/www.facebook.com\/radiolifefm\/\",\"https:\/\/www.instagram.com\/life1079fm\/\"]},{\"@type\":\"Person\",\"@id\":\"https:\/\/radiolifefm.com.br\/noticias\/#\/schema\/person\/58af3e98e78c224fbe3e142e87d53f9d\",\"name\":\"palomaborzan\",\"image\":{\"@type\":\"ImageObject\",\"inLanguage\":\"pt-BR\",\"@id\":\"https:\/\/secure.gravatar.com\/avatar\/495dd4d309288e9e8b97792861022a1857603be0c564711b6748b454e0a374dd?s=96&d=mm&r=g\",\"url\":\"https:\/\/secure.gravatar.com\/avatar\/495dd4d309288e9e8b97792861022a1857603be0c564711b6748b454e0a374dd?s=96&d=mm&r=g\",\"contentUrl\":\"https:\/\/secure.gravatar.com\/avatar\/495dd4d309288e9e8b97792861022a1857603be0c564711b6748b454e0a374dd?s=96&d=mm&r=g\",\"caption\":\"palomaborzan\"}}]}<\/script>\n<!-- \/ Yoast SEO plugin. -->","yoast_head_json":{"title":"Escritor faz lan\u00e7amento de livro de poesias com distribui\u00e7\u00e3o gratuita em pra\u00e7a no Centro de Presidente Prudente - R\u00e1dio Life FM","description":"\u201cFui covarde\u201d \u00e9 um livro de poesias que o escritor levou cerca de tr\u00eas anos para concluir.","robots":{"index":"index","follow":"follow","max-snippet":"max-snippet:-1","max-image-preview":"max-image-preview:large","max-video-preview":"max-video-preview:-1"},"canonical":"https:\/\/radiolifefm.com.br\/noticias\/escritor-faz-lancamento-de-livro-de-poesias-com-distribuicao-gratuita-em-praca-no-centro-de-presidente-prudente\/","og_locale":"pt_BR","og_type":"article","og_title":"Escritor faz lan\u00e7amento de livro de poesias com distribui\u00e7\u00e3o gratuita em pra\u00e7a no Centro de Presidente Prudente - R\u00e1dio Life FM","og_description":"\u201cFui covarde\u201d \u00e9 um livro de poesias que o escritor levou cerca de tr\u00eas anos para concluir.","og_url":"https:\/\/radiolifefm.com.br\/noticias\/escritor-faz-lancamento-de-livro-de-poesias-com-distribuicao-gratuita-em-praca-no-centro-de-presidente-prudente\/","og_site_name":"R\u00e1dio Life FM","article_publisher":"https:\/\/www.facebook.com\/radiolifefm\/","article_published_time":"2020-09-04T15:24:30+00:00","article_modified_time":"2026-04-03T15:03:07+00:00","og_image":[{"width":984,"height":738,"url":"https:\/\/radiolifefm.com.br\/noticias\/wp-content\/uploads\/2020\/09\/whatsapp-image-2020-09-04-at-09.46.45.jpeg","type":"image\/jpeg"}],"author":"palomaborzan","twitter_card":"summary_large_image","twitter_misc":{"Escrito por":"palomaborzan","Est. tempo de leitura":"3 minutos"},"schema":{"@context":"https:\/\/schema.org","@graph":[{"@type":"Article","@id":"https:\/\/radiolifefm.com.br\/noticias\/escritor-faz-lancamento-de-livro-de-poesias-com-distribuicao-gratuita-em-praca-no-centro-de-presidente-prudente\/#article","isPartOf":{"@id":"https:\/\/radiolifefm.com.br\/noticias\/escritor-faz-lancamento-de-livro-de-poesias-com-distribuicao-gratuita-em-praca-no-centro-de-presidente-prudente\/"},"author":{"name":"palomaborzan","@id":"https:\/\/radiolifefm.com.br\/noticias\/#\/schema\/person\/58af3e98e78c224fbe3e142e87d53f9d"},"headline":"Escritor faz lan\u00e7amento de livro de poesias com distribui\u00e7\u00e3o gratuita em pra\u00e7a no Centro de Presidente Prudente","datePublished":"2020-09-04T15:24:30+00:00","dateModified":"2026-04-03T15:03:07+00:00","mainEntityOfPage":{"@id":"https:\/\/radiolifefm.com.br\/noticias\/escritor-faz-lancamento-de-livro-de-poesias-com-distribuicao-gratuita-em-praca-no-centro-de-presidente-prudente\/"},"wordCount":641,"publisher":{"@id":"https:\/\/radiolifefm.com.br\/noticias\/#organization"},"image":{"@id":"https:\/\/radiolifefm.com.br\/noticias\/escritor-faz-lancamento-de-livro-de-poesias-com-distribuicao-gratuita-em-praca-no-centro-de-presidente-prudente\/#primaryimage"},"thumbnailUrl":"https:\/\/radiolifefm.com.br\/noticias\/wp-content\/uploads\/2020\/09\/whatsapp-image-2020-09-04-at-09.46.45.jpeg","articleSection":["Regi\u00e3o"],"inLanguage":"pt-BR"},{"@type":"WebPage","@id":"https:\/\/radiolifefm.com.br\/noticias\/escritor-faz-lancamento-de-livro-de-poesias-com-distribuicao-gratuita-em-praca-no-centro-de-presidente-prudente\/","url":"https:\/\/radiolifefm.com.br\/noticias\/escritor-faz-lancamento-de-livro-de-poesias-com-distribuicao-gratuita-em-praca-no-centro-de-presidente-prudente\/","name":"Escritor faz lan\u00e7amento de livro de poesias com distribui\u00e7\u00e3o gratuita em pra\u00e7a no Centro de Presidente Prudente - R\u00e1dio Life FM","isPartOf":{"@id":"https:\/\/radiolifefm.com.br\/noticias\/#website"},"primaryImageOfPage":{"@id":"https:\/\/radiolifefm.com.br\/noticias\/escritor-faz-lancamento-de-livro-de-poesias-com-distribuicao-gratuita-em-praca-no-centro-de-presidente-prudente\/#primaryimage"},"image":{"@id":"https:\/\/radiolifefm.com.br\/noticias\/escritor-faz-lancamento-de-livro-de-poesias-com-distribuicao-gratuita-em-praca-no-centro-de-presidente-prudente\/#primaryimage"},"thumbnailUrl":"https:\/\/radiolifefm.com.br\/noticias\/wp-content\/uploads\/2020\/09\/whatsapp-image-2020-09-04-at-09.46.45.jpeg","datePublished":"2020-09-04T15:24:30+00:00","dateModified":"2026-04-03T15:03:07+00:00","description":"\u201cFui covarde\u201d \u00e9 um livro de poesias que o escritor levou cerca de tr\u00eas anos para concluir.","breadcrumb":{"@id":"https:\/\/radiolifefm.com.br\/noticias\/escritor-faz-lancamento-de-livro-de-poesias-com-distribuicao-gratuita-em-praca-no-centro-de-presidente-prudente\/#breadcrumb"},"inLanguage":"pt-BR","potentialAction":[{"@type":"ReadAction","target":["https:\/\/radiolifefm.com.br\/noticias\/escritor-faz-lancamento-de-livro-de-poesias-com-distribuicao-gratuita-em-praca-no-centro-de-presidente-prudente\/"]}]},{"@type":"ImageObject","inLanguage":"pt-BR","@id":"https:\/\/radiolifefm.com.br\/noticias\/escritor-faz-lancamento-de-livro-de-poesias-com-distribuicao-gratuita-em-praca-no-centro-de-presidente-prudente\/#primaryimage","url":"https:\/\/radiolifefm.com.br\/noticias\/wp-content\/uploads\/2020\/09\/whatsapp-image-2020-09-04-at-09.46.45.jpeg","contentUrl":"https:\/\/radiolifefm.com.br\/noticias\/wp-content\/uploads\/2020\/09\/whatsapp-image-2020-09-04-at-09.46.45.jpeg","width":984,"height":738,"caption":"Escritor Carlos Freixo distribuiu gratuitamente mil exemplares do livro 'Fui covarde' em Presidente Prudente \u2014 Foto: Heloise Hamada\/G1"},{"@type":"BreadcrumbList","@id":"https:\/\/radiolifefm.com.br\/noticias\/escritor-faz-lancamento-de-livro-de-poesias-com-distribuicao-gratuita-em-praca-no-centro-de-presidente-prudente\/#breadcrumb","itemListElement":[{"@type":"ListItem","position":1,"name":"In\u00edcio","item":"https:\/\/radiolifefm.com.br\/noticias\/"},{"@type":"ListItem","position":2,"name":"Escritor faz lan\u00e7amento de livro de poesias com distribui\u00e7\u00e3o gratuita em pra\u00e7a no Centro de Presidente Prudente"}]},{"@type":"WebSite","@id":"https:\/\/radiolifefm.com.br\/noticias\/#website","url":"https:\/\/radiolifefm.com.br\/noticias\/","name":"R\u00e1dio Life FM","description":"O Portal de Not\u00edcias de Adamantina","publisher":{"@id":"https:\/\/radiolifefm.com.br\/noticias\/#organization"},"alternateName":"Life FM","potentialAction":[{"@type":"SearchAction","target":{"@type":"EntryPoint","urlTemplate":"https:\/\/radiolifefm.com.br\/noticias\/?s={search_term_string}"},"query-input":{"@type":"PropertyValueSpecification","valueRequired":true,"valueName":"search_term_string"}}],"inLanguage":"pt-BR"},{"@type":"Organization","@id":"https:\/\/radiolifefm.com.br\/noticias\/#organization","name":"R\u00e1dio Life FM","alternateName":"Life FM","url":"https:\/\/radiolifefm.com.br\/noticias\/","logo":{"@type":"ImageObject","inLanguage":"pt-BR","@id":"https:\/\/radiolifefm.com.br\/noticias\/#\/schema\/logo\/image\/","url":"https:\/\/static.radiolifefm.com.br\/noticias\/wp-content\/uploads\/2019\/10\/logo-lifefm.png","contentUrl":"https:\/\/static.radiolifefm.com.br\/noticias\/wp-content\/uploads\/2019\/10\/logo-lifefm.png","width":196,"height":47,"caption":"R\u00e1dio Life FM"},"image":{"@id":"https:\/\/radiolifefm.com.br\/noticias\/#\/schema\/logo\/image\/"},"sameAs":["https:\/\/www.facebook.com\/radiolifefm\/","https:\/\/www.instagram.com\/life1079fm\/"]},{"@type":"Person","@id":"https:\/\/radiolifefm.com.br\/noticias\/#\/schema\/person\/58af3e98e78c224fbe3e142e87d53f9d","name":"palomaborzan","image":{"@type":"ImageObject","inLanguage":"pt-BR","@id":"https:\/\/secure.gravatar.com\/avatar\/495dd4d309288e9e8b97792861022a1857603be0c564711b6748b454e0a374dd?s=96&d=mm&r=g","url":"https:\/\/secure.gravatar.com\/avatar\/495dd4d309288e9e8b97792861022a1857603be0c564711b6748b454e0a374dd?s=96&d=mm&r=g","contentUrl":"https:\/\/secure.gravatar.com\/avatar\/495dd4d309288e9e8b97792861022a1857603be0c564711b6748b454e0a374dd?s=96&d=mm&r=g","caption":"palomaborzan"}}]}},"amp_enabled":true,"_links":{"self":[{"href":"https:\/\/radiolifefm.com.br\/noticias\/wp-json\/wp\/v2\/posts\/26286","targetHints":{"allow":["GET"]}}],"collection":[{"href":"https:\/\/radiolifefm.com.br\/noticias\/wp-json\/wp\/v2\/posts"}],"about":[{"href":"https:\/\/radiolifefm.com.br\/noticias\/wp-json\/wp\/v2\/types\/post"}],"author":[{"embeddable":true,"href":"https:\/\/radiolifefm.com.br\/noticias\/wp-json\/wp\/v2\/users\/11"}],"replies":[{"embeddable":true,"href":"https:\/\/radiolifefm.com.br\/noticias\/wp-json\/wp\/v2\/comments?post=26286"}],"version-history":[{"count":3,"href":"https:\/\/radiolifefm.com.br\/noticias\/wp-json\/wp\/v2\/posts\/26286\/revisions"}],"predecessor-version":[{"id":26290,"href":"https:\/\/radiolifefm.com.br\/noticias\/wp-json\/wp\/v2\/posts\/26286\/revisions\/26290"}],"wp:featuredmedia":[{"embeddable":true,"href":"https:\/\/radiolifefm.com.br\/noticias\/wp-json\/wp\/v2\/media\/26287"}],"wp:attachment":[{"href":"https:\/\/radiolifefm.com.br\/noticias\/wp-json\/wp\/v2\/media?parent=26286"}],"wp:term":[{"taxonomy":"category","embeddable":true,"href":"https:\/\/radiolifefm.com.br\/noticias\/wp-json\/wp\/v2\/categories?post=26286"},{"taxonomy":"post_tag","embeddable":true,"href":"https:\/\/radiolifefm.com.br\/noticias\/wp-json\/wp\/v2\/tags?post=26286"}],"curies":[{"name":"wp","href":"https:\/\/api.w.org\/{rel}","templated":true}]}}