{"id":26242,"date":"2020-09-03T22:22:32","date_gmt":"2020-09-04T01:22:32","guid":{"rendered":"https:\/\/radiolifefm.com.br\/noticias\/?p=26242"},"modified":"2026-04-18T03:16:56","modified_gmt":"2026-04-18T06:16:56","slug":"motorista-de-herculandia-morre-em-acidente-grave-em-acidente-em-rodovia-de-goias","status":"publish","type":"post","link":"https:\/\/radiolifefm.com.br\/noticias\/motorista-de-herculandia-morre-em-acidente-grave-em-acidente-em-rodovia-de-goias\/","title":{"rendered":"Motorista de Hercul\u00e2ndia morre em acidente grave em acidente em rodovia de Goi\u00e1s"},"content":{"rendered":"<div id=\"fb-root\"><\/div>\n<p>O motorista Luiz Henrique, 28 anos, morreu ap\u00f3s carreta que conduzia capotar na rodovia GO-213, em trecho conhecido como Serra do Buraco, no munic\u00edpio de Campos Alegre de Goi\u00e1s, regi\u00e3o de catal\u00e3o, estado de Goi\u00e1s, na tarde dessa quarta-feira, dia 2. O acidente ocorreu por volta das 18 horas no quil\u00f4metro 69 da rodovia e a v\u00edtima, que ficou presa \u00e0s ferragens, faleceu no local.<\/p>\n<p>De acordo com informa\u00e7\u00f5es, a carreta Scania\/R124, placa de Hercul\u00e2ndia (SP), carregada com sorgo, seguia na rodovia no sentido Campo Alegre de Goi\u00e1s a Ipameri e, por motivos ainda desconhecidos, o ve\u00edculo saiu da pista e tombou na margem direita da rodovia. A carreta ficou toda destru\u00edda e a carga ficou espalhada pela pista e as margens da rodovia.<\/p>\n<p>O Corpo de Bombeiros foi acionado para retirar o corpo das ferragens e realizar a limpeza da via. As causas do acidente ainda ser\u00e3o apuradas pela Pol\u00edcia Civil, que foi acionada para per\u00edcia. O corpo do motorista foi encaminhado ao Instituto M\u00e9dico Legal de Catal\u00e3o. Um tio do caminhoneiro, disse ao Portal Bastos J\u00e1 que o motorista residia em Hercul\u00e2ndia com sua esposa e um filho pequeno.<br \/>\n<img loading=\"lazy\" decoding=\"async\" class=\"aligncenter wp-image-26238 size-full\" src=\"https:\/\/static.radiolifefm.com.br\/wp-content\/uploads\/sites\/2\/2020\/09\/15991299060_1QkEfyd5LbrIeF3.jpg\" alt=\"\" width=\"800\" height=\"450\" srcset=\"https:\/\/radiolifefm.com.br\/noticias\/wp-content\/uploads\/2020\/09\/15991299060_1QkEfyd5LbrIeF3.jpg 800w, https:\/\/radiolifefm.com.br\/noticias\/wp-content\/uploads\/2020\/09\/15991299060_1QkEfyd5LbrIeF3-300x169.jpg 300w, https:\/\/radiolifefm.com.br\/noticias\/wp-content\/uploads\/2020\/09\/15991299060_1QkEfyd5LbrIeF3-768x432.jpg 768w\" sizes=\"auto, (max-width: 800px) 100vw, 800px\" \/><\/p>\n<p><em><strong>Reda\u00e7\u00e3o Bastos J\u00e1 \u2013 colaborou com informa\u00e7\u00f5es o site Zap Catal\u00e3o<\/strong><\/em><\/p>\n","protected":false},"excerpt":{"rendered":"<p>O motorista Luiz Henrique, 28 anos, morreu ap\u00f3s carreta que conduzia capotar na rodovia GO-213, em trecho conhecido como Serra do Buraco, no munic\u00edpio de Campos Alegre de Goi\u00e1s, regi\u00e3o de catal\u00e3o, estado de Goi\u00e1s, na tarde dessa quarta-feira, dia 2. O acidente ocorreu por volta das 18 horas no quil\u00f4metro 69 da rodovia e [&hellip;]<\/p>\n","protected":false},"author":8,"featured_media":26237,"comment_status":"open","ping_status":"open","sticky":false,"template":"","format":"standard","meta":{"_acf_changed":false,"_exactmetrics_skip_tracking":false,"_exactmetrics_sitenote_active":false,"_exactmetrics_sitenote_note":"","_exactmetrics_sitenote_category":0,"footnotes":""},"categories":[24],"tags":[],"class_list":["post-26242","post","type-post","status-publish","format-standard","has-post-thumbnail","hentry","category-regiao"],"acf":[],"yoast_head":"<!-- This site is optimized with the Yoast SEO plugin v27.2 - https:\/\/yoast.com\/product\/yoast-seo-wordpress\/ -->\n<title>Motorista de Hercul\u00e2ndia morre em acidente grave em acidente em rodovia de Goi\u00e1s - R\u00e1dio Life FM<\/title>\n<meta name=\"robots\" content=\"index, follow, max-snippet:-1, max-image-preview:large, max-video-preview:-1\" \/>\n<link rel=\"canonical\" href=\"https:\/\/radiolifefm.com.br\/noticias\/motorista-de-herculandia-morre-em-acidente-grave-em-acidente-em-rodovia-de-goias\/\" \/>\n<meta property=\"og:locale\" content=\"pt_BR\" \/>\n<meta property=\"og:type\" content=\"article\" \/>\n<meta property=\"og:title\" content=\"Motorista de Hercul\u00e2ndia morre em acidente grave em acidente em rodovia de Goi\u00e1s - R\u00e1dio Life FM\" \/>\n<meta property=\"og:description\" content=\"O motorista Luiz Henrique, 28 anos, morreu ap\u00f3s carreta que conduzia capotar na rodovia GO-213, em trecho conhecido como Serra do Buraco, no munic\u00edpio de Campos Alegre de Goi\u00e1s, regi\u00e3o de catal\u00e3o, estado de Goi\u00e1s, na tarde dessa quarta-feira, dia 2. O acidente ocorreu por volta das 18 horas no quil\u00f4metro 69 da rodovia e [&hellip;]\" \/>\n<meta property=\"og:url\" content=\"https:\/\/radiolifefm.com.br\/noticias\/motorista-de-herculandia-morre-em-acidente-grave-em-acidente-em-rodovia-de-goias\/\" \/>\n<meta property=\"og:site_name\" content=\"R\u00e1dio Life FM\" \/>\n<meta property=\"article:publisher\" content=\"https:\/\/www.facebook.com\/radiolifefm\/\" \/>\n<meta property=\"article:published_time\" content=\"2020-09-04T01:22:32+00:00\" \/>\n<meta property=\"article:modified_time\" content=\"2026-04-18T06:16:56+00:00\" \/>\n<meta property=\"og:image\" content=\"https:\/\/radiolifefm.com.br\/noticias\/wp-content\/uploads\/2020\/09\/15991298960_SFymNRDAv0pwyC3.jpg\" \/>\n\t<meta property=\"og:image:width\" content=\"800\" \/>\n\t<meta property=\"og:image:height\" content=\"450\" \/>\n\t<meta property=\"og:image:type\" content=\"image\/jpeg\" \/>\n<meta name=\"author\" content=\"joaograndao\" \/>\n<meta name=\"twitter:card\" content=\"summary_large_image\" \/>\n<meta name=\"twitter:label1\" content=\"Escrito por\" \/>\n\t<meta name=\"twitter:data1\" content=\"joaograndao\" \/>\n\t<meta name=\"twitter:label2\" content=\"Est. tempo de leitura\" \/>\n\t<meta name=\"twitter:data2\" content=\"1 minuto\" \/>\n<script type=\"application\/ld+json\" class=\"yoast-schema-graph\">{\"@context\":\"https:\/\/schema.org\",\"@graph\":[{\"@type\":\"Article\",\"@id\":\"https:\/\/radiolifefm.com.br\/noticias\/motorista-de-herculandia-morre-em-acidente-grave-em-acidente-em-rodovia-de-goias\/#article\",\"isPartOf\":{\"@id\":\"https:\/\/radiolifefm.com.br\/noticias\/motorista-de-herculandia-morre-em-acidente-grave-em-acidente-em-rodovia-de-goias\/\"},\"author\":{\"name\":\"joaograndao\",\"@id\":\"https:\/\/radiolifefm.com.br\/noticias\/#\/schema\/person\/6876e1240feffe6e1b63fd5cb85abf28\"},\"headline\":\"Motorista de Hercul\u00e2ndia morre em acidente grave em acidente em rodovia de Goi\u00e1s\",\"datePublished\":\"2020-09-04T01:22:32+00:00\",\"dateModified\":\"2026-04-18T06:16:56+00:00\",\"mainEntityOfPage\":{\"@id\":\"https:\/\/radiolifefm.com.br\/noticias\/motorista-de-herculandia-morre-em-acidente-grave-em-acidente-em-rodovia-de-goias\/\"},\"wordCount\":235,\"commentCount\":0,\"publisher\":{\"@id\":\"https:\/\/radiolifefm.com.br\/noticias\/#organization\"},\"image\":{\"@id\":\"https:\/\/radiolifefm.com.br\/noticias\/motorista-de-herculandia-morre-em-acidente-grave-em-acidente-em-rodovia-de-goias\/#primaryimage\"},\"thumbnailUrl\":\"https:\/\/radiolifefm.com.br\/noticias\/wp-content\/uploads\/2020\/09\/15991298960_SFymNRDAv0pwyC3.jpg\",\"articleSection\":[\"Regi\u00e3o\"],\"inLanguage\":\"pt-BR\",\"potentialAction\":[{\"@type\":\"CommentAction\",\"name\":\"Comment\",\"target\":[\"https:\/\/radiolifefm.com.br\/noticias\/motorista-de-herculandia-morre-em-acidente-grave-em-acidente-em-rodovia-de-goias\/#respond\"]}]},{\"@type\":\"WebPage\",\"@id\":\"https:\/\/radiolifefm.com.br\/noticias\/motorista-de-herculandia-morre-em-acidente-grave-em-acidente-em-rodovia-de-goias\/\",\"url\":\"https:\/\/radiolifefm.com.br\/noticias\/motorista-de-herculandia-morre-em-acidente-grave-em-acidente-em-rodovia-de-goias\/\",\"name\":\"Motorista de Hercul\u00e2ndia morre em acidente grave em acidente em rodovia de Goi\u00e1s - R\u00e1dio Life FM\",\"isPartOf\":{\"@id\":\"https:\/\/radiolifefm.com.br\/noticias\/#website\"},\"primaryImageOfPage\":{\"@id\":\"https:\/\/radiolifefm.com.br\/noticias\/motorista-de-herculandia-morre-em-acidente-grave-em-acidente-em-rodovia-de-goias\/#primaryimage\"},\"image\":{\"@id\":\"https:\/\/radiolifefm.com.br\/noticias\/motorista-de-herculandia-morre-em-acidente-grave-em-acidente-em-rodovia-de-goias\/#primaryimage\"},\"thumbnailUrl\":\"https:\/\/radiolifefm.com.br\/noticias\/wp-content\/uploads\/2020\/09\/15991298960_SFymNRDAv0pwyC3.jpg\",\"datePublished\":\"2020-09-04T01:22:32+00:00\",\"dateModified\":\"2026-04-18T06:16:56+00:00\",\"breadcrumb\":{\"@id\":\"https:\/\/radiolifefm.com.br\/noticias\/motorista-de-herculandia-morre-em-acidente-grave-em-acidente-em-rodovia-de-goias\/#breadcrumb\"},\"inLanguage\":\"pt-BR\",\"potentialAction\":[{\"@type\":\"ReadAction\",\"target\":[\"https:\/\/radiolifefm.com.br\/noticias\/motorista-de-herculandia-morre-em-acidente-grave-em-acidente-em-rodovia-de-goias\/\"]}]},{\"@type\":\"ImageObject\",\"inLanguage\":\"pt-BR\",\"@id\":\"https:\/\/radiolifefm.com.br\/noticias\/motorista-de-herculandia-morre-em-acidente-grave-em-acidente-em-rodovia-de-goias\/#primaryimage\",\"url\":\"https:\/\/radiolifefm.com.br\/noticias\/wp-content\/uploads\/2020\/09\/15991298960_SFymNRDAv0pwyC3.jpg\",\"contentUrl\":\"https:\/\/radiolifefm.com.br\/noticias\/wp-content\/uploads\/2020\/09\/15991298960_SFymNRDAv0pwyC3.jpg\",\"width\":800,\"height\":450},{\"@type\":\"BreadcrumbList\",\"@id\":\"https:\/\/radiolifefm.com.br\/noticias\/motorista-de-herculandia-morre-em-acidente-grave-em-acidente-em-rodovia-de-goias\/#breadcrumb\",\"itemListElement\":[{\"@type\":\"ListItem\",\"position\":1,\"name\":\"In\u00edcio\",\"item\":\"https:\/\/radiolifefm.com.br\/noticias\/\"},{\"@type\":\"ListItem\",\"position\":2,\"name\":\"Motorista de Hercul\u00e2ndia morre em acidente grave em acidente em rodovia de Goi\u00e1s\"}]},{\"@type\":\"WebSite\",\"@id\":\"https:\/\/radiolifefm.com.br\/noticias\/#website\",\"url\":\"https:\/\/radiolifefm.com.br\/noticias\/\",\"name\":\"R\u00e1dio Life FM\",\"description\":\"O Portal de Not\u00edcias de Adamantina\",\"publisher\":{\"@id\":\"https:\/\/radiolifefm.com.br\/noticias\/#organization\"},\"alternateName\":\"Life FM\",\"potentialAction\":[{\"@type\":\"SearchAction\",\"target\":{\"@type\":\"EntryPoint\",\"urlTemplate\":\"https:\/\/radiolifefm.com.br\/noticias\/?s={search_term_string}\"},\"query-input\":{\"@type\":\"PropertyValueSpecification\",\"valueRequired\":true,\"valueName\":\"search_term_string\"}}],\"inLanguage\":\"pt-BR\"},{\"@type\":\"Organization\",\"@id\":\"https:\/\/radiolifefm.com.br\/noticias\/#organization\",\"name\":\"R\u00e1dio Life FM\",\"alternateName\":\"Life FM\",\"url\":\"https:\/\/radiolifefm.com.br\/noticias\/\",\"logo\":{\"@type\":\"ImageObject\",\"inLanguage\":\"pt-BR\",\"@id\":\"https:\/\/radiolifefm.com.br\/noticias\/#\/schema\/logo\/image\/\",\"url\":\"https:\/\/static.radiolifefm.com.br\/noticias\/wp-content\/uploads\/2019\/10\/logo-lifefm.png\",\"contentUrl\":\"https:\/\/static.radiolifefm.com.br\/noticias\/wp-content\/uploads\/2019\/10\/logo-lifefm.png\",\"width\":196,\"height\":47,\"caption\":\"R\u00e1dio Life FM\"},\"image\":{\"@id\":\"https:\/\/radiolifefm.com.br\/noticias\/#\/schema\/logo\/image\/\"},\"sameAs\":[\"https:\/\/www.facebook.com\/radiolifefm\/\",\"https:\/\/www.instagram.com\/life1079fm\/\"]},{\"@type\":\"Person\",\"@id\":\"https:\/\/radiolifefm.com.br\/noticias\/#\/schema\/person\/6876e1240feffe6e1b63fd5cb85abf28\",\"name\":\"joaograndao\",\"image\":{\"@type\":\"ImageObject\",\"inLanguage\":\"pt-BR\",\"@id\":\"https:\/\/secure.gravatar.com\/avatar\/d5b1a3cf357ed9c50404e256a1294083aa8ab5d2a994001567302786016cb32c?s=96&d=mm&r=g\",\"url\":\"https:\/\/secure.gravatar.com\/avatar\/d5b1a3cf357ed9c50404e256a1294083aa8ab5d2a994001567302786016cb32c?s=96&d=mm&r=g\",\"contentUrl\":\"https:\/\/secure.gravatar.com\/avatar\/d5b1a3cf357ed9c50404e256a1294083aa8ab5d2a994001567302786016cb32c?s=96&d=mm&r=g\",\"caption\":\"joaograndao\"}}]}<\/script>\n<!-- \/ Yoast SEO plugin. -->","yoast_head_json":{"title":"Motorista de Hercul\u00e2ndia morre em acidente grave em acidente em rodovia de Goi\u00e1s - R\u00e1dio Life FM","robots":{"index":"index","follow":"follow","max-snippet":"max-snippet:-1","max-image-preview":"max-image-preview:large","max-video-preview":"max-video-preview:-1"},"canonical":"https:\/\/radiolifefm.com.br\/noticias\/motorista-de-herculandia-morre-em-acidente-grave-em-acidente-em-rodovia-de-goias\/","og_locale":"pt_BR","og_type":"article","og_title":"Motorista de Hercul\u00e2ndia morre em acidente grave em acidente em rodovia de Goi\u00e1s - R\u00e1dio Life FM","og_description":"O motorista Luiz Henrique, 28 anos, morreu ap\u00f3s carreta que conduzia capotar na rodovia GO-213, em trecho conhecido como Serra do Buraco, no munic\u00edpio de Campos Alegre de Goi\u00e1s, regi\u00e3o de catal\u00e3o, estado de Goi\u00e1s, na tarde dessa quarta-feira, dia 2. O acidente ocorreu por volta das 18 horas no quil\u00f4metro 69 da rodovia e [&hellip;]","og_url":"https:\/\/radiolifefm.com.br\/noticias\/motorista-de-herculandia-morre-em-acidente-grave-em-acidente-em-rodovia-de-goias\/","og_site_name":"R\u00e1dio Life FM","article_publisher":"https:\/\/www.facebook.com\/radiolifefm\/","article_published_time":"2020-09-04T01:22:32+00:00","article_modified_time":"2026-04-18T06:16:56+00:00","og_image":[{"width":800,"height":450,"url":"https:\/\/radiolifefm.com.br\/noticias\/wp-content\/uploads\/2020\/09\/15991298960_SFymNRDAv0pwyC3.jpg","type":"image\/jpeg"}],"author":"joaograndao","twitter_card":"summary_large_image","twitter_misc":{"Escrito por":"joaograndao","Est. tempo de leitura":"1 minuto"},"schema":{"@context":"https:\/\/schema.org","@graph":[{"@type":"Article","@id":"https:\/\/radiolifefm.com.br\/noticias\/motorista-de-herculandia-morre-em-acidente-grave-em-acidente-em-rodovia-de-goias\/#article","isPartOf":{"@id":"https:\/\/radiolifefm.com.br\/noticias\/motorista-de-herculandia-morre-em-acidente-grave-em-acidente-em-rodovia-de-goias\/"},"author":{"name":"joaograndao","@id":"https:\/\/radiolifefm.com.br\/noticias\/#\/schema\/person\/6876e1240feffe6e1b63fd5cb85abf28"},"headline":"Motorista de Hercul\u00e2ndia morre em acidente grave em acidente em rodovia de Goi\u00e1s","datePublished":"2020-09-04T01:22:32+00:00","dateModified":"2026-04-18T06:16:56+00:00","mainEntityOfPage":{"@id":"https:\/\/radiolifefm.com.br\/noticias\/motorista-de-herculandia-morre-em-acidente-grave-em-acidente-em-rodovia-de-goias\/"},"wordCount":235,"commentCount":0,"publisher":{"@id":"https:\/\/radiolifefm.com.br\/noticias\/#organization"},"image":{"@id":"https:\/\/radiolifefm.com.br\/noticias\/motorista-de-herculandia-morre-em-acidente-grave-em-acidente-em-rodovia-de-goias\/#primaryimage"},"thumbnailUrl":"https:\/\/radiolifefm.com.br\/noticias\/wp-content\/uploads\/2020\/09\/15991298960_SFymNRDAv0pwyC3.jpg","articleSection":["Regi\u00e3o"],"inLanguage":"pt-BR","potentialAction":[{"@type":"CommentAction","name":"Comment","target":["https:\/\/radiolifefm.com.br\/noticias\/motorista-de-herculandia-morre-em-acidente-grave-em-acidente-em-rodovia-de-goias\/#respond"]}]},{"@type":"WebPage","@id":"https:\/\/radiolifefm.com.br\/noticias\/motorista-de-herculandia-morre-em-acidente-grave-em-acidente-em-rodovia-de-goias\/","url":"https:\/\/radiolifefm.com.br\/noticias\/motorista-de-herculandia-morre-em-acidente-grave-em-acidente-em-rodovia-de-goias\/","name":"Motorista de Hercul\u00e2ndia morre em acidente grave em acidente em rodovia de Goi\u00e1s - R\u00e1dio Life FM","isPartOf":{"@id":"https:\/\/radiolifefm.com.br\/noticias\/#website"},"primaryImageOfPage":{"@id":"https:\/\/radiolifefm.com.br\/noticias\/motorista-de-herculandia-morre-em-acidente-grave-em-acidente-em-rodovia-de-goias\/#primaryimage"},"image":{"@id":"https:\/\/radiolifefm.com.br\/noticias\/motorista-de-herculandia-morre-em-acidente-grave-em-acidente-em-rodovia-de-goias\/#primaryimage"},"thumbnailUrl":"https:\/\/radiolifefm.com.br\/noticias\/wp-content\/uploads\/2020\/09\/15991298960_SFymNRDAv0pwyC3.jpg","datePublished":"2020-09-04T01:22:32+00:00","dateModified":"2026-04-18T06:16:56+00:00","breadcrumb":{"@id":"https:\/\/radiolifefm.com.br\/noticias\/motorista-de-herculandia-morre-em-acidente-grave-em-acidente-em-rodovia-de-goias\/#breadcrumb"},"inLanguage":"pt-BR","potentialAction":[{"@type":"ReadAction","target":["https:\/\/radiolifefm.com.br\/noticias\/motorista-de-herculandia-morre-em-acidente-grave-em-acidente-em-rodovia-de-goias\/"]}]},{"@type":"ImageObject","inLanguage":"pt-BR","@id":"https:\/\/radiolifefm.com.br\/noticias\/motorista-de-herculandia-morre-em-acidente-grave-em-acidente-em-rodovia-de-goias\/#primaryimage","url":"https:\/\/radiolifefm.com.br\/noticias\/wp-content\/uploads\/2020\/09\/15991298960_SFymNRDAv0pwyC3.jpg","contentUrl":"https:\/\/radiolifefm.com.br\/noticias\/wp-content\/uploads\/2020\/09\/15991298960_SFymNRDAv0pwyC3.jpg","width":800,"height":450},{"@type":"BreadcrumbList","@id":"https:\/\/radiolifefm.com.br\/noticias\/motorista-de-herculandia-morre-em-acidente-grave-em-acidente-em-rodovia-de-goias\/#breadcrumb","itemListElement":[{"@type":"ListItem","position":1,"name":"In\u00edcio","item":"https:\/\/radiolifefm.com.br\/noticias\/"},{"@type":"ListItem","position":2,"name":"Motorista de Hercul\u00e2ndia morre em acidente grave em acidente em rodovia de Goi\u00e1s"}]},{"@type":"WebSite","@id":"https:\/\/radiolifefm.com.br\/noticias\/#website","url":"https:\/\/radiolifefm.com.br\/noticias\/","name":"R\u00e1dio Life FM","description":"O Portal de Not\u00edcias de Adamantina","publisher":{"@id":"https:\/\/radiolifefm.com.br\/noticias\/#organization"},"alternateName":"Life FM","potentialAction":[{"@type":"SearchAction","target":{"@type":"EntryPoint","urlTemplate":"https:\/\/radiolifefm.com.br\/noticias\/?s={search_term_string}"},"query-input":{"@type":"PropertyValueSpecification","valueRequired":true,"valueName":"search_term_string"}}],"inLanguage":"pt-BR"},{"@type":"Organization","@id":"https:\/\/radiolifefm.com.br\/noticias\/#organization","name":"R\u00e1dio Life FM","alternateName":"Life FM","url":"https:\/\/radiolifefm.com.br\/noticias\/","logo":{"@type":"ImageObject","inLanguage":"pt-BR","@id":"https:\/\/radiolifefm.com.br\/noticias\/#\/schema\/logo\/image\/","url":"https:\/\/static.radiolifefm.com.br\/noticias\/wp-content\/uploads\/2019\/10\/logo-lifefm.png","contentUrl":"https:\/\/static.radiolifefm.com.br\/noticias\/wp-content\/uploads\/2019\/10\/logo-lifefm.png","width":196,"height":47,"caption":"R\u00e1dio Life FM"},"image":{"@id":"https:\/\/radiolifefm.com.br\/noticias\/#\/schema\/logo\/image\/"},"sameAs":["https:\/\/www.facebook.com\/radiolifefm\/","https:\/\/www.instagram.com\/life1079fm\/"]},{"@type":"Person","@id":"https:\/\/radiolifefm.com.br\/noticias\/#\/schema\/person\/6876e1240feffe6e1b63fd5cb85abf28","name":"joaograndao","image":{"@type":"ImageObject","inLanguage":"pt-BR","@id":"https:\/\/secure.gravatar.com\/avatar\/d5b1a3cf357ed9c50404e256a1294083aa8ab5d2a994001567302786016cb32c?s=96&d=mm&r=g","url":"https:\/\/secure.gravatar.com\/avatar\/d5b1a3cf357ed9c50404e256a1294083aa8ab5d2a994001567302786016cb32c?s=96&d=mm&r=g","contentUrl":"https:\/\/secure.gravatar.com\/avatar\/d5b1a3cf357ed9c50404e256a1294083aa8ab5d2a994001567302786016cb32c?s=96&d=mm&r=g","caption":"joaograndao"}}]}},"amp_enabled":true,"_links":{"self":[{"href":"https:\/\/radiolifefm.com.br\/noticias\/wp-json\/wp\/v2\/posts\/26242","targetHints":{"allow":["GET"]}}],"collection":[{"href":"https:\/\/radiolifefm.com.br\/noticias\/wp-json\/wp\/v2\/posts"}],"about":[{"href":"https:\/\/radiolifefm.com.br\/noticias\/wp-json\/wp\/v2\/types\/post"}],"author":[{"embeddable":true,"href":"https:\/\/radiolifefm.com.br\/noticias\/wp-json\/wp\/v2\/users\/8"}],"replies":[{"embeddable":true,"href":"https:\/\/radiolifefm.com.br\/noticias\/wp-json\/wp\/v2\/comments?post=26242"}],"version-history":[{"count":1,"href":"https:\/\/radiolifefm.com.br\/noticias\/wp-json\/wp\/v2\/posts\/26242\/revisions"}],"predecessor-version":[{"id":26243,"href":"https:\/\/radiolifefm.com.br\/noticias\/wp-json\/wp\/v2\/posts\/26242\/revisions\/26243"}],"wp:featuredmedia":[{"embeddable":true,"href":"https:\/\/radiolifefm.com.br\/noticias\/wp-json\/wp\/v2\/media\/26237"}],"wp:attachment":[{"href":"https:\/\/radiolifefm.com.br\/noticias\/wp-json\/wp\/v2\/media?parent=26242"}],"wp:term":[{"taxonomy":"category","embeddable":true,"href":"https:\/\/radiolifefm.com.br\/noticias\/wp-json\/wp\/v2\/categories?post=26242"},{"taxonomy":"post_tag","embeddable":true,"href":"https:\/\/radiolifefm.com.br\/noticias\/wp-json\/wp\/v2\/tags?post=26242"}],"curies":[{"name":"wp","href":"https:\/\/api.w.org\/{rel}","templated":true}]}}