{"id":26233,"date":"2020-09-03T21:54:51","date_gmt":"2020-09-04T00:54:51","guid":{"rendered":"https:\/\/radiolifefm.com.br\/noticias\/?p=26233"},"modified":"2026-02-13T05:47:26","modified_gmt":"2026-02-13T08:47:26","slug":"em-tupi-paulista-apos-denuncia-homem-e-flagrado-com-droga-para-consumo-escondida-dentro-da-boca","status":"publish","type":"post","link":"https:\/\/radiolifefm.com.br\/noticias\/em-tupi-paulista-apos-denuncia-homem-e-flagrado-com-droga-para-consumo-escondida-dentro-da-boca\/","title":{"rendered":"Em Tupi Paulista, ap\u00f3s den\u00fancia homem \u00e9 flagrado com droga para consumo escondida dentro da boca"},"content":{"rendered":"<div id=\"fb-root\"><\/div>\n<p>Na data de hoje (03) por volta das 11h35min a equipe da Pol\u00edcia Militar da cidade de Tupi Paulista, ap\u00f3s den\u00fancia que o indiciado estaria de posse de entorpecente, este recebido de uma mulher. Diante da den\u00fancia foi feito patrulhamento e logrado \u00eaxito em localizar o indiciado pela rua Gast\u00e3o Vidigal e localizado no interior da boca um inv\u00f3lucro pl\u00e1stico transparente contendo no interior substancia semelhante a maconha e de pronto afirmou ser usu\u00e1rio da referida droga e que acabara de comprar, pagando o valor de dez reais. Foi localizado tamb\u00e9m no interior do ma\u00e7o de cigarros que ele portava, um cigarro parcialmente consumido da mesma subst\u00e2ncia. Dado voz de pris\u00e3o por porte de drogas sendo registrado BOPC de porte entorpecente, sendo liberado em seguida.<\/p>\n<p>Fonte:Comunica\u00e7\u00e3o Social do 25BPMI.<\/p>\n","protected":false},"excerpt":{"rendered":"<p>Na data de hoje (03) por volta das 11h35min a equipe da Pol\u00edcia Militar da cidade de Tupi Paulista, ap\u00f3s den\u00fancia que o indiciado estaria de posse de entorpecente, este recebido de uma mulher. Diante da den\u00fancia foi feito patrulhamento e logrado \u00eaxito em localizar o indiciado pela rua Gast\u00e3o Vidigal e localizado no interior [&hellip;]<\/p>\n","protected":false},"author":8,"featured_media":26234,"comment_status":"closed","ping_status":"open","sticky":false,"template":"","format":"standard","meta":{"_acf_changed":false,"_exactmetrics_skip_tracking":false,"_exactmetrics_sitenote_active":false,"_exactmetrics_sitenote_note":"","_exactmetrics_sitenote_category":0,"footnotes":""},"categories":[24],"tags":[],"class_list":["post-26233","post","type-post","status-publish","format-standard","has-post-thumbnail","hentry","category-regiao"],"acf":[],"yoast_head":"<!-- This site is optimized with the Yoast SEO plugin v27.2 - https:\/\/yoast.com\/product\/yoast-seo-wordpress\/ -->\n<title>Em Tupi Paulista, ap\u00f3s den\u00fancia homem \u00e9 flagrado com droga para consumo escondida dentro da boca - R\u00e1dio Life FM<\/title>\n<meta name=\"robots\" content=\"index, follow, max-snippet:-1, max-image-preview:large, max-video-preview:-1\" \/>\n<link rel=\"canonical\" href=\"https:\/\/radiolifefm.com.br\/noticias\/em-tupi-paulista-apos-denuncia-homem-e-flagrado-com-droga-para-consumo-escondida-dentro-da-boca\/\" \/>\n<meta property=\"og:locale\" content=\"pt_BR\" \/>\n<meta property=\"og:type\" content=\"article\" \/>\n<meta property=\"og:title\" content=\"Em Tupi Paulista, ap\u00f3s den\u00fancia homem \u00e9 flagrado com droga para consumo escondida dentro da boca - R\u00e1dio Life FM\" \/>\n<meta property=\"og:description\" content=\"Na data de hoje (03) por volta das 11h35min a equipe da Pol\u00edcia Militar da cidade de Tupi Paulista, ap\u00f3s den\u00fancia que o indiciado estaria de posse de entorpecente, este recebido de uma mulher. Diante da den\u00fancia foi feito patrulhamento e logrado \u00eaxito em localizar o indiciado pela rua Gast\u00e3o Vidigal e localizado no interior [&hellip;]\" \/>\n<meta property=\"og:url\" content=\"https:\/\/radiolifefm.com.br\/noticias\/em-tupi-paulista-apos-denuncia-homem-e-flagrado-com-droga-para-consumo-escondida-dentro-da-boca\/\" \/>\n<meta property=\"og:site_name\" content=\"R\u00e1dio Life FM\" \/>\n<meta property=\"article:publisher\" content=\"https:\/\/www.facebook.com\/radiolifefm\/\" \/>\n<meta property=\"article:published_time\" content=\"2020-09-04T00:54:51+00:00\" \/>\n<meta property=\"article:modified_time\" content=\"2026-02-13T08:47:26+00:00\" \/>\n<meta property=\"og:image\" content=\"https:\/\/radiolifefm.com.br\/noticias\/wp-content\/uploads\/2020\/09\/118651898_687559925171868_2745723265259119064_n.jpg\" \/>\n\t<meta property=\"og:image:width\" content=\"606\" \/>\n\t<meta property=\"og:image:height\" content=\"710\" \/>\n\t<meta property=\"og:image:type\" content=\"image\/jpeg\" \/>\n<meta name=\"author\" content=\"joaograndao\" \/>\n<meta name=\"twitter:card\" content=\"summary_large_image\" \/>\n<meta name=\"twitter:label1\" content=\"Escrito por\" \/>\n\t<meta name=\"twitter:data1\" content=\"joaograndao\" \/>\n\t<meta name=\"twitter:label2\" content=\"Est. tempo de leitura\" \/>\n\t<meta name=\"twitter:data2\" content=\"1 minuto\" \/>\n<script type=\"application\/ld+json\" class=\"yoast-schema-graph\">{\"@context\":\"https:\/\/schema.org\",\"@graph\":[{\"@type\":\"Article\",\"@id\":\"https:\/\/radiolifefm.com.br\/noticias\/em-tupi-paulista-apos-denuncia-homem-e-flagrado-com-droga-para-consumo-escondida-dentro-da-boca\/#article\",\"isPartOf\":{\"@id\":\"https:\/\/radiolifefm.com.br\/noticias\/em-tupi-paulista-apos-denuncia-homem-e-flagrado-com-droga-para-consumo-escondida-dentro-da-boca\/\"},\"author\":{\"name\":\"joaograndao\",\"@id\":\"https:\/\/radiolifefm.com.br\/noticias\/#\/schema\/person\/6876e1240feffe6e1b63fd5cb85abf28\"},\"headline\":\"Em Tupi Paulista, ap\u00f3s den\u00fancia homem \u00e9 flagrado com droga para consumo escondida dentro da boca\",\"datePublished\":\"2020-09-04T00:54:51+00:00\",\"dateModified\":\"2026-02-13T08:47:26+00:00\",\"mainEntityOfPage\":{\"@id\":\"https:\/\/radiolifefm.com.br\/noticias\/em-tupi-paulista-apos-denuncia-homem-e-flagrado-com-droga-para-consumo-escondida-dentro-da-boca\/\"},\"wordCount\":160,\"publisher\":{\"@id\":\"https:\/\/radiolifefm.com.br\/noticias\/#organization\"},\"image\":{\"@id\":\"https:\/\/radiolifefm.com.br\/noticias\/em-tupi-paulista-apos-denuncia-homem-e-flagrado-com-droga-para-consumo-escondida-dentro-da-boca\/#primaryimage\"},\"thumbnailUrl\":\"https:\/\/radiolifefm.com.br\/noticias\/wp-content\/uploads\/2020\/09\/118651898_687559925171868_2745723265259119064_n.jpg\",\"articleSection\":[\"Regi\u00e3o\"],\"inLanguage\":\"pt-BR\"},{\"@type\":\"WebPage\",\"@id\":\"https:\/\/radiolifefm.com.br\/noticias\/em-tupi-paulista-apos-denuncia-homem-e-flagrado-com-droga-para-consumo-escondida-dentro-da-boca\/\",\"url\":\"https:\/\/radiolifefm.com.br\/noticias\/em-tupi-paulista-apos-denuncia-homem-e-flagrado-com-droga-para-consumo-escondida-dentro-da-boca\/\",\"name\":\"Em Tupi Paulista, ap\u00f3s den\u00fancia homem \u00e9 flagrado com droga para consumo escondida dentro da boca - R\u00e1dio Life FM\",\"isPartOf\":{\"@id\":\"https:\/\/radiolifefm.com.br\/noticias\/#website\"},\"primaryImageOfPage\":{\"@id\":\"https:\/\/radiolifefm.com.br\/noticias\/em-tupi-paulista-apos-denuncia-homem-e-flagrado-com-droga-para-consumo-escondida-dentro-da-boca\/#primaryimage\"},\"image\":{\"@id\":\"https:\/\/radiolifefm.com.br\/noticias\/em-tupi-paulista-apos-denuncia-homem-e-flagrado-com-droga-para-consumo-escondida-dentro-da-boca\/#primaryimage\"},\"thumbnailUrl\":\"https:\/\/radiolifefm.com.br\/noticias\/wp-content\/uploads\/2020\/09\/118651898_687559925171868_2745723265259119064_n.jpg\",\"datePublished\":\"2020-09-04T00:54:51+00:00\",\"dateModified\":\"2026-02-13T08:47:26+00:00\",\"breadcrumb\":{\"@id\":\"https:\/\/radiolifefm.com.br\/noticias\/em-tupi-paulista-apos-denuncia-homem-e-flagrado-com-droga-para-consumo-escondida-dentro-da-boca\/#breadcrumb\"},\"inLanguage\":\"pt-BR\",\"potentialAction\":[{\"@type\":\"ReadAction\",\"target\":[\"https:\/\/radiolifefm.com.br\/noticias\/em-tupi-paulista-apos-denuncia-homem-e-flagrado-com-droga-para-consumo-escondida-dentro-da-boca\/\"]}]},{\"@type\":\"ImageObject\",\"inLanguage\":\"pt-BR\",\"@id\":\"https:\/\/radiolifefm.com.br\/noticias\/em-tupi-paulista-apos-denuncia-homem-e-flagrado-com-droga-para-consumo-escondida-dentro-da-boca\/#primaryimage\",\"url\":\"https:\/\/radiolifefm.com.br\/noticias\/wp-content\/uploads\/2020\/09\/118651898_687559925171868_2745723265259119064_n.jpg\",\"contentUrl\":\"https:\/\/radiolifefm.com.br\/noticias\/wp-content\/uploads\/2020\/09\/118651898_687559925171868_2745723265259119064_n.jpg\",\"width\":606,\"height\":710},{\"@type\":\"BreadcrumbList\",\"@id\":\"https:\/\/radiolifefm.com.br\/noticias\/em-tupi-paulista-apos-denuncia-homem-e-flagrado-com-droga-para-consumo-escondida-dentro-da-boca\/#breadcrumb\",\"itemListElement\":[{\"@type\":\"ListItem\",\"position\":1,\"name\":\"In\u00edcio\",\"item\":\"https:\/\/radiolifefm.com.br\/noticias\/\"},{\"@type\":\"ListItem\",\"position\":2,\"name\":\"Em Tupi Paulista, ap\u00f3s den\u00fancia homem \u00e9 flagrado com droga para consumo escondida dentro da boca\"}]},{\"@type\":\"WebSite\",\"@id\":\"https:\/\/radiolifefm.com.br\/noticias\/#website\",\"url\":\"https:\/\/radiolifefm.com.br\/noticias\/\",\"name\":\"R\u00e1dio Life FM\",\"description\":\"O Portal de Not\u00edcias de Adamantina\",\"publisher\":{\"@id\":\"https:\/\/radiolifefm.com.br\/noticias\/#organization\"},\"alternateName\":\"Life FM\",\"potentialAction\":[{\"@type\":\"SearchAction\",\"target\":{\"@type\":\"EntryPoint\",\"urlTemplate\":\"https:\/\/radiolifefm.com.br\/noticias\/?s={search_term_string}\"},\"query-input\":{\"@type\":\"PropertyValueSpecification\",\"valueRequired\":true,\"valueName\":\"search_term_string\"}}],\"inLanguage\":\"pt-BR\"},{\"@type\":\"Organization\",\"@id\":\"https:\/\/radiolifefm.com.br\/noticias\/#organization\",\"name\":\"R\u00e1dio Life FM\",\"alternateName\":\"Life FM\",\"url\":\"https:\/\/radiolifefm.com.br\/noticias\/\",\"logo\":{\"@type\":\"ImageObject\",\"inLanguage\":\"pt-BR\",\"@id\":\"https:\/\/radiolifefm.com.br\/noticias\/#\/schema\/logo\/image\/\",\"url\":\"https:\/\/static.radiolifefm.com.br\/noticias\/wp-content\/uploads\/2019\/10\/logo-lifefm.png\",\"contentUrl\":\"https:\/\/static.radiolifefm.com.br\/noticias\/wp-content\/uploads\/2019\/10\/logo-lifefm.png\",\"width\":196,\"height\":47,\"caption\":\"R\u00e1dio Life FM\"},\"image\":{\"@id\":\"https:\/\/radiolifefm.com.br\/noticias\/#\/schema\/logo\/image\/\"},\"sameAs\":[\"https:\/\/www.facebook.com\/radiolifefm\/\",\"https:\/\/www.instagram.com\/life1079fm\/\"]},{\"@type\":\"Person\",\"@id\":\"https:\/\/radiolifefm.com.br\/noticias\/#\/schema\/person\/6876e1240feffe6e1b63fd5cb85abf28\",\"name\":\"joaograndao\",\"image\":{\"@type\":\"ImageObject\",\"inLanguage\":\"pt-BR\",\"@id\":\"https:\/\/secure.gravatar.com\/avatar\/d5b1a3cf357ed9c50404e256a1294083aa8ab5d2a994001567302786016cb32c?s=96&d=mm&r=g\",\"url\":\"https:\/\/secure.gravatar.com\/avatar\/d5b1a3cf357ed9c50404e256a1294083aa8ab5d2a994001567302786016cb32c?s=96&d=mm&r=g\",\"contentUrl\":\"https:\/\/secure.gravatar.com\/avatar\/d5b1a3cf357ed9c50404e256a1294083aa8ab5d2a994001567302786016cb32c?s=96&d=mm&r=g\",\"caption\":\"joaograndao\"}}]}<\/script>\n<!-- \/ Yoast SEO plugin. -->","yoast_head_json":{"title":"Em Tupi Paulista, ap\u00f3s den\u00fancia homem \u00e9 flagrado com droga para consumo escondida dentro da boca - R\u00e1dio Life FM","robots":{"index":"index","follow":"follow","max-snippet":"max-snippet:-1","max-image-preview":"max-image-preview:large","max-video-preview":"max-video-preview:-1"},"canonical":"https:\/\/radiolifefm.com.br\/noticias\/em-tupi-paulista-apos-denuncia-homem-e-flagrado-com-droga-para-consumo-escondida-dentro-da-boca\/","og_locale":"pt_BR","og_type":"article","og_title":"Em Tupi Paulista, ap\u00f3s den\u00fancia homem \u00e9 flagrado com droga para consumo escondida dentro da boca - R\u00e1dio Life FM","og_description":"Na data de hoje (03) por volta das 11h35min a equipe da Pol\u00edcia Militar da cidade de Tupi Paulista, ap\u00f3s den\u00fancia que o indiciado estaria de posse de entorpecente, este recebido de uma mulher. Diante da den\u00fancia foi feito patrulhamento e logrado \u00eaxito em localizar o indiciado pela rua Gast\u00e3o Vidigal e localizado no interior [&hellip;]","og_url":"https:\/\/radiolifefm.com.br\/noticias\/em-tupi-paulista-apos-denuncia-homem-e-flagrado-com-droga-para-consumo-escondida-dentro-da-boca\/","og_site_name":"R\u00e1dio Life FM","article_publisher":"https:\/\/www.facebook.com\/radiolifefm\/","article_published_time":"2020-09-04T00:54:51+00:00","article_modified_time":"2026-02-13T08:47:26+00:00","og_image":[{"width":606,"height":710,"url":"https:\/\/radiolifefm.com.br\/noticias\/wp-content\/uploads\/2020\/09\/118651898_687559925171868_2745723265259119064_n.jpg","type":"image\/jpeg"}],"author":"joaograndao","twitter_card":"summary_large_image","twitter_misc":{"Escrito por":"joaograndao","Est. tempo de leitura":"1 minuto"},"schema":{"@context":"https:\/\/schema.org","@graph":[{"@type":"Article","@id":"https:\/\/radiolifefm.com.br\/noticias\/em-tupi-paulista-apos-denuncia-homem-e-flagrado-com-droga-para-consumo-escondida-dentro-da-boca\/#article","isPartOf":{"@id":"https:\/\/radiolifefm.com.br\/noticias\/em-tupi-paulista-apos-denuncia-homem-e-flagrado-com-droga-para-consumo-escondida-dentro-da-boca\/"},"author":{"name":"joaograndao","@id":"https:\/\/radiolifefm.com.br\/noticias\/#\/schema\/person\/6876e1240feffe6e1b63fd5cb85abf28"},"headline":"Em Tupi Paulista, ap\u00f3s den\u00fancia homem \u00e9 flagrado com droga para consumo escondida dentro da boca","datePublished":"2020-09-04T00:54:51+00:00","dateModified":"2026-02-13T08:47:26+00:00","mainEntityOfPage":{"@id":"https:\/\/radiolifefm.com.br\/noticias\/em-tupi-paulista-apos-denuncia-homem-e-flagrado-com-droga-para-consumo-escondida-dentro-da-boca\/"},"wordCount":160,"publisher":{"@id":"https:\/\/radiolifefm.com.br\/noticias\/#organization"},"image":{"@id":"https:\/\/radiolifefm.com.br\/noticias\/em-tupi-paulista-apos-denuncia-homem-e-flagrado-com-droga-para-consumo-escondida-dentro-da-boca\/#primaryimage"},"thumbnailUrl":"https:\/\/radiolifefm.com.br\/noticias\/wp-content\/uploads\/2020\/09\/118651898_687559925171868_2745723265259119064_n.jpg","articleSection":["Regi\u00e3o"],"inLanguage":"pt-BR"},{"@type":"WebPage","@id":"https:\/\/radiolifefm.com.br\/noticias\/em-tupi-paulista-apos-denuncia-homem-e-flagrado-com-droga-para-consumo-escondida-dentro-da-boca\/","url":"https:\/\/radiolifefm.com.br\/noticias\/em-tupi-paulista-apos-denuncia-homem-e-flagrado-com-droga-para-consumo-escondida-dentro-da-boca\/","name":"Em Tupi Paulista, ap\u00f3s den\u00fancia homem \u00e9 flagrado com droga para consumo escondida dentro da boca - R\u00e1dio Life FM","isPartOf":{"@id":"https:\/\/radiolifefm.com.br\/noticias\/#website"},"primaryImageOfPage":{"@id":"https:\/\/radiolifefm.com.br\/noticias\/em-tupi-paulista-apos-denuncia-homem-e-flagrado-com-droga-para-consumo-escondida-dentro-da-boca\/#primaryimage"},"image":{"@id":"https:\/\/radiolifefm.com.br\/noticias\/em-tupi-paulista-apos-denuncia-homem-e-flagrado-com-droga-para-consumo-escondida-dentro-da-boca\/#primaryimage"},"thumbnailUrl":"https:\/\/radiolifefm.com.br\/noticias\/wp-content\/uploads\/2020\/09\/118651898_687559925171868_2745723265259119064_n.jpg","datePublished":"2020-09-04T00:54:51+00:00","dateModified":"2026-02-13T08:47:26+00:00","breadcrumb":{"@id":"https:\/\/radiolifefm.com.br\/noticias\/em-tupi-paulista-apos-denuncia-homem-e-flagrado-com-droga-para-consumo-escondida-dentro-da-boca\/#breadcrumb"},"inLanguage":"pt-BR","potentialAction":[{"@type":"ReadAction","target":["https:\/\/radiolifefm.com.br\/noticias\/em-tupi-paulista-apos-denuncia-homem-e-flagrado-com-droga-para-consumo-escondida-dentro-da-boca\/"]}]},{"@type":"ImageObject","inLanguage":"pt-BR","@id":"https:\/\/radiolifefm.com.br\/noticias\/em-tupi-paulista-apos-denuncia-homem-e-flagrado-com-droga-para-consumo-escondida-dentro-da-boca\/#primaryimage","url":"https:\/\/radiolifefm.com.br\/noticias\/wp-content\/uploads\/2020\/09\/118651898_687559925171868_2745723265259119064_n.jpg","contentUrl":"https:\/\/radiolifefm.com.br\/noticias\/wp-content\/uploads\/2020\/09\/118651898_687559925171868_2745723265259119064_n.jpg","width":606,"height":710},{"@type":"BreadcrumbList","@id":"https:\/\/radiolifefm.com.br\/noticias\/em-tupi-paulista-apos-denuncia-homem-e-flagrado-com-droga-para-consumo-escondida-dentro-da-boca\/#breadcrumb","itemListElement":[{"@type":"ListItem","position":1,"name":"In\u00edcio","item":"https:\/\/radiolifefm.com.br\/noticias\/"},{"@type":"ListItem","position":2,"name":"Em Tupi Paulista, ap\u00f3s den\u00fancia homem \u00e9 flagrado com droga para consumo escondida dentro da boca"}]},{"@type":"WebSite","@id":"https:\/\/radiolifefm.com.br\/noticias\/#website","url":"https:\/\/radiolifefm.com.br\/noticias\/","name":"R\u00e1dio Life FM","description":"O Portal de Not\u00edcias de Adamantina","publisher":{"@id":"https:\/\/radiolifefm.com.br\/noticias\/#organization"},"alternateName":"Life FM","potentialAction":[{"@type":"SearchAction","target":{"@type":"EntryPoint","urlTemplate":"https:\/\/radiolifefm.com.br\/noticias\/?s={search_term_string}"},"query-input":{"@type":"PropertyValueSpecification","valueRequired":true,"valueName":"search_term_string"}}],"inLanguage":"pt-BR"},{"@type":"Organization","@id":"https:\/\/radiolifefm.com.br\/noticias\/#organization","name":"R\u00e1dio Life FM","alternateName":"Life FM","url":"https:\/\/radiolifefm.com.br\/noticias\/","logo":{"@type":"ImageObject","inLanguage":"pt-BR","@id":"https:\/\/radiolifefm.com.br\/noticias\/#\/schema\/logo\/image\/","url":"https:\/\/static.radiolifefm.com.br\/noticias\/wp-content\/uploads\/2019\/10\/logo-lifefm.png","contentUrl":"https:\/\/static.radiolifefm.com.br\/noticias\/wp-content\/uploads\/2019\/10\/logo-lifefm.png","width":196,"height":47,"caption":"R\u00e1dio Life FM"},"image":{"@id":"https:\/\/radiolifefm.com.br\/noticias\/#\/schema\/logo\/image\/"},"sameAs":["https:\/\/www.facebook.com\/radiolifefm\/","https:\/\/www.instagram.com\/life1079fm\/"]},{"@type":"Person","@id":"https:\/\/radiolifefm.com.br\/noticias\/#\/schema\/person\/6876e1240feffe6e1b63fd5cb85abf28","name":"joaograndao","image":{"@type":"ImageObject","inLanguage":"pt-BR","@id":"https:\/\/secure.gravatar.com\/avatar\/d5b1a3cf357ed9c50404e256a1294083aa8ab5d2a994001567302786016cb32c?s=96&d=mm&r=g","url":"https:\/\/secure.gravatar.com\/avatar\/d5b1a3cf357ed9c50404e256a1294083aa8ab5d2a994001567302786016cb32c?s=96&d=mm&r=g","contentUrl":"https:\/\/secure.gravatar.com\/avatar\/d5b1a3cf357ed9c50404e256a1294083aa8ab5d2a994001567302786016cb32c?s=96&d=mm&r=g","caption":"joaograndao"}}]}},"amp_enabled":true,"_links":{"self":[{"href":"https:\/\/radiolifefm.com.br\/noticias\/wp-json\/wp\/v2\/posts\/26233","targetHints":{"allow":["GET"]}}],"collection":[{"href":"https:\/\/radiolifefm.com.br\/noticias\/wp-json\/wp\/v2\/posts"}],"about":[{"href":"https:\/\/radiolifefm.com.br\/noticias\/wp-json\/wp\/v2\/types\/post"}],"author":[{"embeddable":true,"href":"https:\/\/radiolifefm.com.br\/noticias\/wp-json\/wp\/v2\/users\/8"}],"replies":[{"embeddable":true,"href":"https:\/\/radiolifefm.com.br\/noticias\/wp-json\/wp\/v2\/comments?post=26233"}],"version-history":[{"count":1,"href":"https:\/\/radiolifefm.com.br\/noticias\/wp-json\/wp\/v2\/posts\/26233\/revisions"}],"predecessor-version":[{"id":26235,"href":"https:\/\/radiolifefm.com.br\/noticias\/wp-json\/wp\/v2\/posts\/26233\/revisions\/26235"}],"wp:featuredmedia":[{"embeddable":true,"href":"https:\/\/radiolifefm.com.br\/noticias\/wp-json\/wp\/v2\/media\/26234"}],"wp:attachment":[{"href":"https:\/\/radiolifefm.com.br\/noticias\/wp-json\/wp\/v2\/media?parent=26233"}],"wp:term":[{"taxonomy":"category","embeddable":true,"href":"https:\/\/radiolifefm.com.br\/noticias\/wp-json\/wp\/v2\/categories?post=26233"},{"taxonomy":"post_tag","embeddable":true,"href":"https:\/\/radiolifefm.com.br\/noticias\/wp-json\/wp\/v2\/tags?post=26233"}],"curies":[{"name":"wp","href":"https:\/\/api.w.org\/{rel}","templated":true}]}}