{"id":26185,"date":"2020-09-03T09:31:00","date_gmt":"2020-09-03T12:31:00","guid":{"rendered":"https:\/\/radiolifefm.com.br\/noticias\/?p=26185"},"modified":"2026-02-25T05:01:37","modified_gmt":"2026-02-25T08:01:37","slug":"alerta-da-energisa-fique-atento-ao-aumento-de-temperatura-e-os-efeitos-na-conta-de-energia","status":"publish","type":"post","link":"https:\/\/radiolifefm.com.br\/noticias\/alerta-da-energisa-fique-atento-ao-aumento-de-temperatura-e-os-efeitos-na-conta-de-energia\/","title":{"rendered":"Alerta da Energisa: Fique atento ao aumento de temperatura e os efeitos na conta de energia"},"content":{"rendered":"<div id=\"fb-root\"><\/div>\n<p><em>Energisa Sul-Sudeste d\u00e1 dicas para diminuir o impacto do tempo seco na conta\u202f<\/em><\/p>\n<p>O calor e a falta de umidade que come\u00e7am a atingir as regi\u00f5es oeste e noroeste do estado de S\u00e3o Paulo nesse per\u00edodo do ano est\u00e3o diretamente ligados ao aumento do consumo de energia el\u00e9trica.<\/p>\n<p>Dados do Grupo Energisa mostram que essa varia\u00e7\u00e3o \u00e9 hist\u00f3rica \u2013 nos \u00faltimos anos, as fam\u00edlias que s\u00e3o atendidas pela Energisa Sul-Sudeste, consumiram, em m\u00e9dia, 25 % mais energia por m\u00eas entre os meses de setembro a janeiro do que no demais meses do ano. Nesse per\u00edodo, os dias s\u00e3o predominantemente quentes, com temperatura m\u00e1xima di\u00e1ria acima de 30\u00ba C.<\/p>\n<p>A mudan\u00e7a no consumo est\u00e1 diretamente atrelada ao aumento da temperatura, que leva as pessoas a usarem mais equipamentos para manter o ambiente mais fresco e \u00famido.<\/p>\n<p>Somada a isso, est\u00e1 a forma como os eletrodom\u00e9sticos consomem a energia el\u00e9trica nos dias mais quentes. Por exemplo, um ar-condicionado que ficava ligado seis horas nos outros meses, usar\u00e1 mais energia para deixar o ambiente fresco nos dias mais quentes mesmo que utilizado pelo mesmo per\u00edodo de tempo. Ainda que o h\u00e1bito da fam\u00edlia n\u00e3o mude, \u00e9 poss\u00edvel que haja um aumento de consumo, exclusivamente por conta das altas temperaturas.<\/p>\n<p>\u201cN\u00e3o podemos imaginar que nossos eletrodom\u00e9sticos que trabalham com refrigera\u00e7\u00e3o, como geladeira e ar-condicionado, est\u00e3o trabalhando da mesma forma nos dias mais quentes.\u202f Com as temperaturas altas, esses equipamentos trabalham mais, consomem mais energia para manter o mesmo padr\u00e3o de funcionamento\u201d, explica o gerente de Servi\u00e7os Comerciais, Dalessandro Luis Mafei.<\/p>\n<p>Atrelado as temperaturas mais quentes, as pessoas est\u00e3o ficando mais tempo em casa por conta da pandemia do novo coronav\u00edrus. \u201cFam\u00edlias mais tempo em casa, trabalho \u00e0 dist\u00e2ncia (teletrabalho ou homeoffice) e intensifica\u00e7\u00e3o de trabalhos artesanais, por exemplo, podem ser sin\u00f4nimo de conta de energia mais alta no fim do m\u00eas. Mas, com uma rotina mais organizada e ado\u00e7\u00e3o de novos h\u00e1bitos, \u00e9 poss\u00edvel economizar energia el\u00e9trica, evitando que o consumo suba no fim do m\u00eas. Isso tamb\u00e9m vale para os com\u00e9rcios\u201d, enfatiza Dalessandro.<\/p>\n<p>A revis\u00e3o dos h\u00e1bitos individuais e coletivos no dia a dia, s\u00e3o fundamentais para garantir um consumo mais adequado \u00e0s condi\u00e7\u00f5es de cada fam\u00edlia. \u201cMais tempo em casa significa mais celular sendo carregado, ventiladores ou ar condicionado ligados por mais tempo, mais vezes que a geladeira \u00e9 aberta, e por a\u00ed vai. Tudo isso influencia e impacta no fim do m\u00eas. A Energisa quer que todos tenham o conforto da energia el\u00e9trica sem sustos com o or\u00e7amento dom\u00e9stico no fim do m\u00eas\u201d, destaca o gerente.<\/p>\n<p>&nbsp;<\/p>\n<p><em><strong>Veja dicas simples para evitar o aumento de consumo e administrar melhor a conta no final do m\u00eas:\u202f<\/strong><\/em><\/p>\n<p>&#8211; Ar-condicionado: os filtros devem ser lavados no m\u00ednimo uma vez por semana. Portas e janelas devem estar sempre fechadas quando o ar estiver ligado. Se poss\u00edvel, priorize a posi\u00e7\u00e3o de 23\u00baC.<\/p>\n<p>&#8211; Ventiladores: ideal que permane\u00e7am ligados apenas quando algu\u00e9m estiver usando. Deixar o ventilador ligado com anteced\u00eancia para tentar refrescar um ambiente, n\u00e3o funciona, s\u00f3 serve para desperdi\u00e7ar energia.<\/p>\n<p>&#8211; Geladeiras e freezers: devem ficar, preferencialmente, o mais longe poss\u00edvel do fog\u00e3o, fornos e outras fontes de calor. A borracha de veda\u00e7\u00e3o da porta precisa estar em boas condi\u00e7\u00f5es, para o ar frio n\u00e3o escapar. As prateleiras devem ficar sem forros e \u00e9 necess\u00e1rio evitar o abre e fecha. Avalie se o uso do freezer \u00e9 realmente necess\u00e1rio neste per\u00edodo.<\/p>\n<p>&#8211; Ilumina\u00e7\u00e3o: quanto mais luz natural, melhor. L\u00e2mpadas fluorescentes ou LED s\u00e3o as mais econ\u00f4micas.<\/p>\n<p>&#8211; Aparelhos em stand-by: \u00e9 mais econ\u00f4mico desligar aparelhos direto nos bot\u00f5es ou nas tomadas, e n\u00e3o apenas pelo controle remoto. Em geral, luzes indicativas acessas significam desperd\u00edcio de energia.<\/p>\n<p>&#8211; Ferro de passar roupa: quanto mais roupa acumulada, melhor. Pe\u00e7as grandes, como len\u00e7\u00f3is e toalhas, podem ser esticadas por baixo das demais na hora de passar. Tente estender as roupas para secar de forma que n\u00e3o formem dobras. Ao pendurar camisas para secar, utilize cabides isso reduz consideravelmente o tempo para pass\u00e1-las ao ferro. Com isso, o trabalho de passar ser\u00e1 mais f\u00e1cil, r\u00e1pido e econ\u00f4mico.<\/p>\n<p>&#8211; Chuveiro: priorize a posi\u00e7\u00e3o \u201cVer\u00e3o\u201d.<\/p>\n<p>No site da Energisa \u00e9 poss\u00edvel conhecer outras dicas de economia e tamb\u00e9m um simulador de consumo que permite estimar o custo em reais de cada equipamento, dependendo da pot\u00eancia e do per\u00edodo utilizados.\u202f Clique aqui e confira.<\/p>\n<p>&nbsp;<\/p>\n<p>Assessoria de Comunica\u00e7\u00e3o<\/p>\n","protected":false},"excerpt":{"rendered":"<p>Energisa Sul-Sudeste d\u00e1 dicas para diminuir o impacto do tempo seco na conta\u202f O calor e a falta de umidade que come\u00e7am a atingir as regi\u00f5es oeste e noroeste do estado de S\u00e3o Paulo nesse per\u00edodo do ano est\u00e3o diretamente ligados ao aumento do consumo de energia el\u00e9trica. Dados do Grupo Energisa mostram que essa [&hellip;]<\/p>\n","protected":false},"author":3,"featured_media":25891,"comment_status":"closed","ping_status":"open","sticky":false,"template":"","format":"standard","meta":{"_acf_changed":false,"_exactmetrics_skip_tracking":false,"_exactmetrics_sitenote_active":false,"_exactmetrics_sitenote_note":"","_exactmetrics_sitenote_category":0,"footnotes":""},"categories":[24],"tags":[],"class_list":["post-26185","post","type-post","status-publish","format-standard","has-post-thumbnail","hentry","category-regiao"],"acf":[],"yoast_head":"<!-- This site is optimized with the Yoast SEO plugin v27.2 - https:\/\/yoast.com\/product\/yoast-seo-wordpress\/ -->\n<title>Alerta da Energisa: Fique atento ao aumento de temperatura e os efeitos na conta de energia - R\u00e1dio Life FM<\/title>\n<meta name=\"robots\" content=\"index, follow, max-snippet:-1, max-image-preview:large, max-video-preview:-1\" \/>\n<link rel=\"canonical\" href=\"https:\/\/radiolifefm.com.br\/noticias\/alerta-da-energisa-fique-atento-ao-aumento-de-temperatura-e-os-efeitos-na-conta-de-energia\/\" \/>\n<meta property=\"og:locale\" content=\"pt_BR\" \/>\n<meta property=\"og:type\" content=\"article\" \/>\n<meta property=\"og:title\" content=\"Alerta da Energisa: Fique atento ao aumento de temperatura e os efeitos na conta de energia - R\u00e1dio Life FM\" \/>\n<meta property=\"og:description\" content=\"Energisa Sul-Sudeste d\u00e1 dicas para diminuir o impacto do tempo seco na conta\u202f O calor e a falta de umidade que come\u00e7am a atingir as regi\u00f5es oeste e noroeste do estado de S\u00e3o Paulo nesse per\u00edodo do ano est\u00e3o diretamente ligados ao aumento do consumo de energia el\u00e9trica. Dados do Grupo Energisa mostram que essa [&hellip;]\" \/>\n<meta property=\"og:url\" content=\"https:\/\/radiolifefm.com.br\/noticias\/alerta-da-energisa-fique-atento-ao-aumento-de-temperatura-e-os-efeitos-na-conta-de-energia\/\" \/>\n<meta property=\"og:site_name\" content=\"R\u00e1dio Life FM\" \/>\n<meta property=\"article:publisher\" content=\"https:\/\/www.facebook.com\/radiolifefm\/\" \/>\n<meta property=\"article:published_time\" content=\"2020-09-03T12:31:00+00:00\" \/>\n<meta property=\"article:modified_time\" content=\"2026-02-25T08:01:37+00:00\" \/>\n<meta property=\"og:image\" content=\"https:\/\/radiolifefm.com.br\/noticias\/wp-content\/uploads\/2020\/08\/Energisa-Imagem-4_Cortada-1.jpg\" \/>\n\t<meta property=\"og:image:width\" content=\"1200\" \/>\n\t<meta property=\"og:image:height\" content=\"465\" \/>\n\t<meta property=\"og:image:type\" content=\"image\/jpeg\" \/>\n<meta name=\"author\" content=\"lifefm\" \/>\n<meta name=\"twitter:card\" content=\"summary_large_image\" \/>\n<meta name=\"twitter:label1\" content=\"Escrito por\" \/>\n\t<meta name=\"twitter:data1\" content=\"lifefm\" \/>\n\t<meta name=\"twitter:label2\" content=\"Est. tempo de leitura\" \/>\n\t<meta name=\"twitter:data2\" content=\"4 minutos\" \/>\n<script type=\"application\/ld+json\" class=\"yoast-schema-graph\">{\"@context\":\"https:\/\/schema.org\",\"@graph\":[{\"@type\":\"Article\",\"@id\":\"https:\/\/radiolifefm.com.br\/noticias\/alerta-da-energisa-fique-atento-ao-aumento-de-temperatura-e-os-efeitos-na-conta-de-energia\/#article\",\"isPartOf\":{\"@id\":\"https:\/\/radiolifefm.com.br\/noticias\/alerta-da-energisa-fique-atento-ao-aumento-de-temperatura-e-os-efeitos-na-conta-de-energia\/\"},\"author\":{\"name\":\"lifefm\",\"@id\":\"https:\/\/radiolifefm.com.br\/noticias\/#\/schema\/person\/1d4e4b1301322090c6221bf1c8420490\"},\"headline\":\"Alerta da Energisa: Fique atento ao aumento de temperatura e os efeitos na conta de energia\",\"datePublished\":\"2020-09-03T12:31:00+00:00\",\"dateModified\":\"2026-02-25T08:01:37+00:00\",\"mainEntityOfPage\":{\"@id\":\"https:\/\/radiolifefm.com.br\/noticias\/alerta-da-energisa-fique-atento-ao-aumento-de-temperatura-e-os-efeitos-na-conta-de-energia\/\"},\"wordCount\":822,\"publisher\":{\"@id\":\"https:\/\/radiolifefm.com.br\/noticias\/#organization\"},\"image\":{\"@id\":\"https:\/\/radiolifefm.com.br\/noticias\/alerta-da-energisa-fique-atento-ao-aumento-de-temperatura-e-os-efeitos-na-conta-de-energia\/#primaryimage\"},\"thumbnailUrl\":\"https:\/\/radiolifefm.com.br\/noticias\/wp-content\/uploads\/2020\/08\/Energisa-Imagem-4_Cortada-1.jpg\",\"articleSection\":[\"Regi\u00e3o\"],\"inLanguage\":\"pt-BR\"},{\"@type\":\"WebPage\",\"@id\":\"https:\/\/radiolifefm.com.br\/noticias\/alerta-da-energisa-fique-atento-ao-aumento-de-temperatura-e-os-efeitos-na-conta-de-energia\/\",\"url\":\"https:\/\/radiolifefm.com.br\/noticias\/alerta-da-energisa-fique-atento-ao-aumento-de-temperatura-e-os-efeitos-na-conta-de-energia\/\",\"name\":\"Alerta da Energisa: Fique atento ao aumento de temperatura e os efeitos na conta de energia - R\u00e1dio Life FM\",\"isPartOf\":{\"@id\":\"https:\/\/radiolifefm.com.br\/noticias\/#website\"},\"primaryImageOfPage\":{\"@id\":\"https:\/\/radiolifefm.com.br\/noticias\/alerta-da-energisa-fique-atento-ao-aumento-de-temperatura-e-os-efeitos-na-conta-de-energia\/#primaryimage\"},\"image\":{\"@id\":\"https:\/\/radiolifefm.com.br\/noticias\/alerta-da-energisa-fique-atento-ao-aumento-de-temperatura-e-os-efeitos-na-conta-de-energia\/#primaryimage\"},\"thumbnailUrl\":\"https:\/\/radiolifefm.com.br\/noticias\/wp-content\/uploads\/2020\/08\/Energisa-Imagem-4_Cortada-1.jpg\",\"datePublished\":\"2020-09-03T12:31:00+00:00\",\"dateModified\":\"2026-02-25T08:01:37+00:00\",\"breadcrumb\":{\"@id\":\"https:\/\/radiolifefm.com.br\/noticias\/alerta-da-energisa-fique-atento-ao-aumento-de-temperatura-e-os-efeitos-na-conta-de-energia\/#breadcrumb\"},\"inLanguage\":\"pt-BR\",\"potentialAction\":[{\"@type\":\"ReadAction\",\"target\":[\"https:\/\/radiolifefm.com.br\/noticias\/alerta-da-energisa-fique-atento-ao-aumento-de-temperatura-e-os-efeitos-na-conta-de-energia\/\"]}]},{\"@type\":\"ImageObject\",\"inLanguage\":\"pt-BR\",\"@id\":\"https:\/\/radiolifefm.com.br\/noticias\/alerta-da-energisa-fique-atento-ao-aumento-de-temperatura-e-os-efeitos-na-conta-de-energia\/#primaryimage\",\"url\":\"https:\/\/radiolifefm.com.br\/noticias\/wp-content\/uploads\/2020\/08\/Energisa-Imagem-4_Cortada-1.jpg\",\"contentUrl\":\"https:\/\/radiolifefm.com.br\/noticias\/wp-content\/uploads\/2020\/08\/Energisa-Imagem-4_Cortada-1.jpg\",\"width\":1200,\"height\":465},{\"@type\":\"BreadcrumbList\",\"@id\":\"https:\/\/radiolifefm.com.br\/noticias\/alerta-da-energisa-fique-atento-ao-aumento-de-temperatura-e-os-efeitos-na-conta-de-energia\/#breadcrumb\",\"itemListElement\":[{\"@type\":\"ListItem\",\"position\":1,\"name\":\"In\u00edcio\",\"item\":\"https:\/\/radiolifefm.com.br\/noticias\/\"},{\"@type\":\"ListItem\",\"position\":2,\"name\":\"Alerta da Energisa: Fique atento ao aumento de temperatura e os efeitos na conta de energia\"}]},{\"@type\":\"WebSite\",\"@id\":\"https:\/\/radiolifefm.com.br\/noticias\/#website\",\"url\":\"https:\/\/radiolifefm.com.br\/noticias\/\",\"name\":\"R\u00e1dio Life FM\",\"description\":\"O Portal de Not\u00edcias de Adamantina\",\"publisher\":{\"@id\":\"https:\/\/radiolifefm.com.br\/noticias\/#organization\"},\"alternateName\":\"Life FM\",\"potentialAction\":[{\"@type\":\"SearchAction\",\"target\":{\"@type\":\"EntryPoint\",\"urlTemplate\":\"https:\/\/radiolifefm.com.br\/noticias\/?s={search_term_string}\"},\"query-input\":{\"@type\":\"PropertyValueSpecification\",\"valueRequired\":true,\"valueName\":\"search_term_string\"}}],\"inLanguage\":\"pt-BR\"},{\"@type\":\"Organization\",\"@id\":\"https:\/\/radiolifefm.com.br\/noticias\/#organization\",\"name\":\"R\u00e1dio Life FM\",\"alternateName\":\"Life FM\",\"url\":\"https:\/\/radiolifefm.com.br\/noticias\/\",\"logo\":{\"@type\":\"ImageObject\",\"inLanguage\":\"pt-BR\",\"@id\":\"https:\/\/radiolifefm.com.br\/noticias\/#\/schema\/logo\/image\/\",\"url\":\"https:\/\/static.radiolifefm.com.br\/noticias\/wp-content\/uploads\/2019\/10\/logo-lifefm.png\",\"contentUrl\":\"https:\/\/static.radiolifefm.com.br\/noticias\/wp-content\/uploads\/2019\/10\/logo-lifefm.png\",\"width\":196,\"height\":47,\"caption\":\"R\u00e1dio Life FM\"},\"image\":{\"@id\":\"https:\/\/radiolifefm.com.br\/noticias\/#\/schema\/logo\/image\/\"},\"sameAs\":[\"https:\/\/www.facebook.com\/radiolifefm\/\",\"https:\/\/www.instagram.com\/life1079fm\/\"]},{\"@type\":\"Person\",\"@id\":\"https:\/\/radiolifefm.com.br\/noticias\/#\/schema\/person\/1d4e4b1301322090c6221bf1c8420490\",\"name\":\"lifefm\",\"image\":{\"@type\":\"ImageObject\",\"inLanguage\":\"pt-BR\",\"@id\":\"https:\/\/secure.gravatar.com\/avatar\/eca268467d925ec97d20641bb054fd944c0abb2f92854171620706bbe6474e7c?s=96&d=mm&r=g\",\"url\":\"https:\/\/secure.gravatar.com\/avatar\/eca268467d925ec97d20641bb054fd944c0abb2f92854171620706bbe6474e7c?s=96&d=mm&r=g\",\"contentUrl\":\"https:\/\/secure.gravatar.com\/avatar\/eca268467d925ec97d20641bb054fd944c0abb2f92854171620706bbe6474e7c?s=96&d=mm&r=g\",\"caption\":\"lifefm\"}}]}<\/script>\n<!-- \/ Yoast SEO plugin. -->","yoast_head_json":{"title":"Alerta da Energisa: Fique atento ao aumento de temperatura e os efeitos na conta de energia - R\u00e1dio Life FM","robots":{"index":"index","follow":"follow","max-snippet":"max-snippet:-1","max-image-preview":"max-image-preview:large","max-video-preview":"max-video-preview:-1"},"canonical":"https:\/\/radiolifefm.com.br\/noticias\/alerta-da-energisa-fique-atento-ao-aumento-de-temperatura-e-os-efeitos-na-conta-de-energia\/","og_locale":"pt_BR","og_type":"article","og_title":"Alerta da Energisa: Fique atento ao aumento de temperatura e os efeitos na conta de energia - R\u00e1dio Life FM","og_description":"Energisa Sul-Sudeste d\u00e1 dicas para diminuir o impacto do tempo seco na conta\u202f O calor e a falta de umidade que come\u00e7am a atingir as regi\u00f5es oeste e noroeste do estado de S\u00e3o Paulo nesse per\u00edodo do ano est\u00e3o diretamente ligados ao aumento do consumo de energia el\u00e9trica. Dados do Grupo Energisa mostram que essa [&hellip;]","og_url":"https:\/\/radiolifefm.com.br\/noticias\/alerta-da-energisa-fique-atento-ao-aumento-de-temperatura-e-os-efeitos-na-conta-de-energia\/","og_site_name":"R\u00e1dio Life FM","article_publisher":"https:\/\/www.facebook.com\/radiolifefm\/","article_published_time":"2020-09-03T12:31:00+00:00","article_modified_time":"2026-02-25T08:01:37+00:00","og_image":[{"width":1200,"height":465,"url":"https:\/\/radiolifefm.com.br\/noticias\/wp-content\/uploads\/2020\/08\/Energisa-Imagem-4_Cortada-1.jpg","type":"image\/jpeg"}],"author":"lifefm","twitter_card":"summary_large_image","twitter_misc":{"Escrito por":"lifefm","Est. tempo de leitura":"4 minutos"},"schema":{"@context":"https:\/\/schema.org","@graph":[{"@type":"Article","@id":"https:\/\/radiolifefm.com.br\/noticias\/alerta-da-energisa-fique-atento-ao-aumento-de-temperatura-e-os-efeitos-na-conta-de-energia\/#article","isPartOf":{"@id":"https:\/\/radiolifefm.com.br\/noticias\/alerta-da-energisa-fique-atento-ao-aumento-de-temperatura-e-os-efeitos-na-conta-de-energia\/"},"author":{"name":"lifefm","@id":"https:\/\/radiolifefm.com.br\/noticias\/#\/schema\/person\/1d4e4b1301322090c6221bf1c8420490"},"headline":"Alerta da Energisa: Fique atento ao aumento de temperatura e os efeitos na conta de energia","datePublished":"2020-09-03T12:31:00+00:00","dateModified":"2026-02-25T08:01:37+00:00","mainEntityOfPage":{"@id":"https:\/\/radiolifefm.com.br\/noticias\/alerta-da-energisa-fique-atento-ao-aumento-de-temperatura-e-os-efeitos-na-conta-de-energia\/"},"wordCount":822,"publisher":{"@id":"https:\/\/radiolifefm.com.br\/noticias\/#organization"},"image":{"@id":"https:\/\/radiolifefm.com.br\/noticias\/alerta-da-energisa-fique-atento-ao-aumento-de-temperatura-e-os-efeitos-na-conta-de-energia\/#primaryimage"},"thumbnailUrl":"https:\/\/radiolifefm.com.br\/noticias\/wp-content\/uploads\/2020\/08\/Energisa-Imagem-4_Cortada-1.jpg","articleSection":["Regi\u00e3o"],"inLanguage":"pt-BR"},{"@type":"WebPage","@id":"https:\/\/radiolifefm.com.br\/noticias\/alerta-da-energisa-fique-atento-ao-aumento-de-temperatura-e-os-efeitos-na-conta-de-energia\/","url":"https:\/\/radiolifefm.com.br\/noticias\/alerta-da-energisa-fique-atento-ao-aumento-de-temperatura-e-os-efeitos-na-conta-de-energia\/","name":"Alerta da Energisa: Fique atento ao aumento de temperatura e os efeitos na conta de energia - R\u00e1dio Life FM","isPartOf":{"@id":"https:\/\/radiolifefm.com.br\/noticias\/#website"},"primaryImageOfPage":{"@id":"https:\/\/radiolifefm.com.br\/noticias\/alerta-da-energisa-fique-atento-ao-aumento-de-temperatura-e-os-efeitos-na-conta-de-energia\/#primaryimage"},"image":{"@id":"https:\/\/radiolifefm.com.br\/noticias\/alerta-da-energisa-fique-atento-ao-aumento-de-temperatura-e-os-efeitos-na-conta-de-energia\/#primaryimage"},"thumbnailUrl":"https:\/\/radiolifefm.com.br\/noticias\/wp-content\/uploads\/2020\/08\/Energisa-Imagem-4_Cortada-1.jpg","datePublished":"2020-09-03T12:31:00+00:00","dateModified":"2026-02-25T08:01:37+00:00","breadcrumb":{"@id":"https:\/\/radiolifefm.com.br\/noticias\/alerta-da-energisa-fique-atento-ao-aumento-de-temperatura-e-os-efeitos-na-conta-de-energia\/#breadcrumb"},"inLanguage":"pt-BR","potentialAction":[{"@type":"ReadAction","target":["https:\/\/radiolifefm.com.br\/noticias\/alerta-da-energisa-fique-atento-ao-aumento-de-temperatura-e-os-efeitos-na-conta-de-energia\/"]}]},{"@type":"ImageObject","inLanguage":"pt-BR","@id":"https:\/\/radiolifefm.com.br\/noticias\/alerta-da-energisa-fique-atento-ao-aumento-de-temperatura-e-os-efeitos-na-conta-de-energia\/#primaryimage","url":"https:\/\/radiolifefm.com.br\/noticias\/wp-content\/uploads\/2020\/08\/Energisa-Imagem-4_Cortada-1.jpg","contentUrl":"https:\/\/radiolifefm.com.br\/noticias\/wp-content\/uploads\/2020\/08\/Energisa-Imagem-4_Cortada-1.jpg","width":1200,"height":465},{"@type":"BreadcrumbList","@id":"https:\/\/radiolifefm.com.br\/noticias\/alerta-da-energisa-fique-atento-ao-aumento-de-temperatura-e-os-efeitos-na-conta-de-energia\/#breadcrumb","itemListElement":[{"@type":"ListItem","position":1,"name":"In\u00edcio","item":"https:\/\/radiolifefm.com.br\/noticias\/"},{"@type":"ListItem","position":2,"name":"Alerta da Energisa: Fique atento ao aumento de temperatura e os efeitos na conta de energia"}]},{"@type":"WebSite","@id":"https:\/\/radiolifefm.com.br\/noticias\/#website","url":"https:\/\/radiolifefm.com.br\/noticias\/","name":"R\u00e1dio Life FM","description":"O Portal de Not\u00edcias de Adamantina","publisher":{"@id":"https:\/\/radiolifefm.com.br\/noticias\/#organization"},"alternateName":"Life FM","potentialAction":[{"@type":"SearchAction","target":{"@type":"EntryPoint","urlTemplate":"https:\/\/radiolifefm.com.br\/noticias\/?s={search_term_string}"},"query-input":{"@type":"PropertyValueSpecification","valueRequired":true,"valueName":"search_term_string"}}],"inLanguage":"pt-BR"},{"@type":"Organization","@id":"https:\/\/radiolifefm.com.br\/noticias\/#organization","name":"R\u00e1dio Life FM","alternateName":"Life FM","url":"https:\/\/radiolifefm.com.br\/noticias\/","logo":{"@type":"ImageObject","inLanguage":"pt-BR","@id":"https:\/\/radiolifefm.com.br\/noticias\/#\/schema\/logo\/image\/","url":"https:\/\/static.radiolifefm.com.br\/noticias\/wp-content\/uploads\/2019\/10\/logo-lifefm.png","contentUrl":"https:\/\/static.radiolifefm.com.br\/noticias\/wp-content\/uploads\/2019\/10\/logo-lifefm.png","width":196,"height":47,"caption":"R\u00e1dio Life FM"},"image":{"@id":"https:\/\/radiolifefm.com.br\/noticias\/#\/schema\/logo\/image\/"},"sameAs":["https:\/\/www.facebook.com\/radiolifefm\/","https:\/\/www.instagram.com\/life1079fm\/"]},{"@type":"Person","@id":"https:\/\/radiolifefm.com.br\/noticias\/#\/schema\/person\/1d4e4b1301322090c6221bf1c8420490","name":"lifefm","image":{"@type":"ImageObject","inLanguage":"pt-BR","@id":"https:\/\/secure.gravatar.com\/avatar\/eca268467d925ec97d20641bb054fd944c0abb2f92854171620706bbe6474e7c?s=96&d=mm&r=g","url":"https:\/\/secure.gravatar.com\/avatar\/eca268467d925ec97d20641bb054fd944c0abb2f92854171620706bbe6474e7c?s=96&d=mm&r=g","contentUrl":"https:\/\/secure.gravatar.com\/avatar\/eca268467d925ec97d20641bb054fd944c0abb2f92854171620706bbe6474e7c?s=96&d=mm&r=g","caption":"lifefm"}}]}},"amp_enabled":true,"_links":{"self":[{"href":"https:\/\/radiolifefm.com.br\/noticias\/wp-json\/wp\/v2\/posts\/26185","targetHints":{"allow":["GET"]}}],"collection":[{"href":"https:\/\/radiolifefm.com.br\/noticias\/wp-json\/wp\/v2\/posts"}],"about":[{"href":"https:\/\/radiolifefm.com.br\/noticias\/wp-json\/wp\/v2\/types\/post"}],"author":[{"embeddable":true,"href":"https:\/\/radiolifefm.com.br\/noticias\/wp-json\/wp\/v2\/users\/3"}],"replies":[{"embeddable":true,"href":"https:\/\/radiolifefm.com.br\/noticias\/wp-json\/wp\/v2\/comments?post=26185"}],"version-history":[{"count":1,"href":"https:\/\/radiolifefm.com.br\/noticias\/wp-json\/wp\/v2\/posts\/26185\/revisions"}],"predecessor-version":[{"id":26186,"href":"https:\/\/radiolifefm.com.br\/noticias\/wp-json\/wp\/v2\/posts\/26185\/revisions\/26186"}],"wp:featuredmedia":[{"embeddable":true,"href":"https:\/\/radiolifefm.com.br\/noticias\/wp-json\/wp\/v2\/media\/25891"}],"wp:attachment":[{"href":"https:\/\/radiolifefm.com.br\/noticias\/wp-json\/wp\/v2\/media?parent=26185"}],"wp:term":[{"taxonomy":"category","embeddable":true,"href":"https:\/\/radiolifefm.com.br\/noticias\/wp-json\/wp\/v2\/categories?post=26185"},{"taxonomy":"post_tag","embeddable":true,"href":"https:\/\/radiolifefm.com.br\/noticias\/wp-json\/wp\/v2\/tags?post=26185"}],"curies":[{"name":"wp","href":"https:\/\/api.w.org\/{rel}","templated":true}]}}