{"id":26128,"date":"2020-09-02T14:13:31","date_gmt":"2020-09-02T17:13:31","guid":{"rendered":"https:\/\/radiolifefm.com.br\/noticias\/?p=26128"},"modified":"2026-05-03T10:37:57","modified_gmt":"2026-05-03T13:37:57","slug":"nota-de-r-200-e-a-setima-da-familia-de-notas-do-real-veja-a-origem-de-cada-uma","status":"publish","type":"post","link":"https:\/\/radiolifefm.com.br\/noticias\/nota-de-r-200-e-a-setima-da-familia-de-notas-do-real-veja-a-origem-de-cada-uma\/","title":{"rendered":"Nota de R$ 200 \u00e9 a s\u00e9tima da fam\u00edlia de notas do real; veja a origem de cada uma"},"content":{"rendered":"<div id=\"fb-root\"><\/div>\n<div class=\"mc-column content-text active-extra-styles \" data-block-type=\"unstyled\" data-block-weight=\"35\" data-block-id=\"2\">\n<p class=\"content-text__container \" data-track-category=\"Link no Texto\" data-track-links=\"\">O\u00a0<a href=\"https:\/\/g1.globo.com\/tudo-sobre\/banco-central-do-brasil\/\">Banco Central<\/a>\u00a0colocou em\u00a0<a href=\"https:\/\/g1.globo.com\/economia\/noticia\/2020\/09\/02\/banco-central-faz-cerimonia-de-lancamento-da-nota-de-r-200-com-imagem-de-um-lobo-guara.ghtml\">circula\u00e7\u00e3o nesta quarta-feira (2) a nova c\u00e9dula de R$ 200<\/a>. Ser\u00e3o produzidas neste ano 450 milh\u00f5es de unidades da nota, que se junta a outras seis em uso no pa\u00eds.<\/p>\n<\/div>\n<div class=\"wall protected-content\">\n<div class=\"mc-column content-text active-extra-styles \" data-block-type=\"unstyled\" data-block-weight=\"45\" data-block-id=\"3\">\n<p class=\"content-text__container \" data-track-category=\"Link no Texto\" data-track-links=\"\">O lan\u00e7amento da c\u00e9dula tem por objetivo diminuir as transa\u00e7\u00f5es feitas com dinheiro vivo, economizando com impress\u00e3o de papel moeda. Ao mesmo tempo, contudo, a nova quantia suscita d\u00favidas sobre sua liquidez: haver\u00e1 enorme dificuldade de fazer troco, em especial para compras em com\u00e9rcios menores.<\/p>\n<\/div>\n<div class=\"mc-column content-text active-extra-styles\" data-block-type=\"raw\" data-block-weight=\"12\" data-block-id=\"4\">\n<ul class=\"content-unordered-list\">\n<li><a href=\"https:\/\/g1.globo.com\/economia\/noticia\/2020\/09\/02\/banco-central-faz-cerimonia-de-lancamento-da-nota-de-r-200-com-imagem-de-um-lobo-guara.ghtml\">Banco Central lan\u00e7a nota de R$ 200, com imagem de um lobo-guar\u00e1<\/a><\/li>\n<\/ul>\n<p>&nbsp;<\/p>\n<\/div>\n<div class=\"mc-column content-text active-extra-styles \" data-block-type=\"unstyled\" data-block-weight=\"45\" data-block-id=\"5\">\n<p class=\"content-text__container \" data-track-category=\"Link no Texto\" data-track-links=\"\">&#8220;A infla\u00e7\u00e3o est\u00e1 muito baixa, isso significa que o pre\u00e7o das compras nos estabelecimentos comerciais n\u00e3o est\u00e1 se elevando, ent\u00e3o isso deve fazer com que o troco de fato seja um pouco dificultado&#8221;, disse o economista F\u00e1bio Terra\u00a0<a href=\"https:\/\/g1.globo.com\/podcast\/educacao-financeira\/noticia\/2020\/08\/31\/educacao-financeira-104-o-que-significa-o-lancamento-da-nota-de-r-200.ghtml\">ao podcast de Educa\u00e7\u00e3o Financeira do\u00a0<strong>G1<\/strong><\/a>.<\/p>\n<\/div>\n<div class=\"mc-column content-text active-extra-styles \" data-block-type=\"unstyled\" data-block-weight=\"25\" data-block-id=\"6\">\n<p class=\"content-text__container \" data-track-category=\"Link no Texto\" data-track-links=\"\">Al\u00e9m disso,\u00a0<a href=\"https:\/\/g1.globo.com\/economia\/noticia\/2020\/08\/12\/como-funciona-o-pix-novo-sistema-de-pagamentos-desenvolvido-pelo-banco-central-entenda.ghtml\">o Banco Central trabalha paralelamente no PIX<\/a>, um sistema de pagamentos instant\u00e2neos por meio digital que visa a substituir transa\u00e7\u00f5es em dinheiro.<\/p>\n<\/div>\n<div class=\"mc-column content-text active-extra-styles \" data-block-type=\"unstyled\" data-block-weight=\"18\" data-block-id=\"7\">\n<p class=\"content-text__container \" data-track-category=\"Link no Texto\" data-track-links=\"\">\n<\/div>\n<div class=\"block-podcast\">\n<div class=\"mc-column content-text active-extra-styles\" data-block-type=\"raw\" data-block-weight=\"2\" data-block-id=\"10\">\n<div class=\"content-intertitle\">\n<h2>R$ 200,00<\/h2>\n<\/div>\n<\/div>\n<div class=\"mc-column content-text active-extra-styles\" data-block-type=\"raw\" data-block-weight=\"24\" data-block-id=\"11\">\n<ul class=\"content-unordered-list\">\n<li>Entrou em circula\u00e7\u00e3o em 2 de setembro de 2020<\/li>\n<li>J\u00e1 chega fazendo parte da 2\u00aa Fam\u00edlia do Real<\/li>\n<li>Animal: Lobo-guar\u00e1<\/li>\n<li>Cores: Cinza e s\u00e9pia<\/li>\n<li>Fonte: G1<img loading=\"lazy\" decoding=\"async\" class=\"size-medium wp-image-26129 alignleft\" src=\"https:\/\/static.radiolifefm.com.br\/wp-content\/uploads\/sites\/2\/2020\/09\/50298505341-40af4f61a3-k-300x136.jpg\" alt=\"\" width=\"300\" height=\"136\" srcset=\"https:\/\/radiolifefm.com.br\/noticias\/wp-content\/uploads\/2020\/09\/50298505341-40af4f61a3-k-300x136.jpg 300w, https:\/\/radiolifefm.com.br\/noticias\/wp-content\/uploads\/2020\/09\/50298505341-40af4f61a3-k-768x349.jpg 768w, https:\/\/radiolifefm.com.br\/noticias\/wp-content\/uploads\/2020\/09\/50298505341-40af4f61a3-k.jpg 1000w\" sizes=\"auto, (max-width: 300px) 100vw, 300px\" \/><img loading=\"lazy\" decoding=\"async\" class=\"size-medium wp-image-26130 alignleft\" src=\"https:\/\/static.radiolifefm.com.br\/wp-content\/uploads\/sites\/2\/2020\/09\/50298505341-40af4f61a3-k-1-300x136.jpg\" alt=\"\" width=\"300\" height=\"136\" srcset=\"https:\/\/radiolifefm.com.br\/noticias\/wp-content\/uploads\/2020\/09\/50298505341-40af4f61a3-k-1-300x136.jpg 300w, https:\/\/radiolifefm.com.br\/noticias\/wp-content\/uploads\/2020\/09\/50298505341-40af4f61a3-k-1-768x348.jpg 768w, https:\/\/radiolifefm.com.br\/noticias\/wp-content\/uploads\/2020\/09\/50298505341-40af4f61a3-k-1.jpg 1000w\" sizes=\"auto, (max-width: 300px) 100vw, 300px\" \/><\/li>\n<\/ul>\n<\/div>\n<\/div>\n<\/div>\n","protected":false},"excerpt":{"rendered":"<p>O\u00a0Banco Central\u00a0colocou em\u00a0circula\u00e7\u00e3o nesta quarta-feira (2) a nova c\u00e9dula de R$ 200. Ser\u00e3o produzidas neste ano 450 milh\u00f5es de unidades da nota, que se junta a outras seis em uso no pa\u00eds. O lan\u00e7amento da c\u00e9dula tem por objetivo diminuir as transa\u00e7\u00f5es feitas com dinheiro vivo, economizando com impress\u00e3o de papel moeda. Ao mesmo tempo, [&hellip;]<\/p>\n","protected":false},"author":8,"featured_media":26131,"comment_status":"closed","ping_status":"open","sticky":false,"template":"","format":"standard","meta":{"_acf_changed":false,"_exactmetrics_skip_tracking":false,"_exactmetrics_sitenote_active":false,"_exactmetrics_sitenote_note":"","_exactmetrics_sitenote_category":0,"footnotes":""},"categories":[1],"tags":[],"class_list":["post-26128","post","type-post","status-publish","format-standard","has-post-thumbnail","hentry","category-geral"],"acf":[],"yoast_head":"<!-- This site is optimized with the Yoast SEO plugin v27.2 - https:\/\/yoast.com\/product\/yoast-seo-wordpress\/ -->\n<title>Nota de R$ 200 \u00e9 a s\u00e9tima da fam\u00edlia de notas do real; veja a origem de cada uma - R\u00e1dio Life FM<\/title>\n<meta name=\"robots\" content=\"index, follow, max-snippet:-1, max-image-preview:large, max-video-preview:-1\" \/>\n<link rel=\"canonical\" href=\"https:\/\/radiolifefm.com.br\/noticias\/nota-de-r-200-e-a-setima-da-familia-de-notas-do-real-veja-a-origem-de-cada-uma\/\" \/>\n<meta property=\"og:locale\" content=\"pt_BR\" \/>\n<meta property=\"og:type\" content=\"article\" \/>\n<meta property=\"og:title\" content=\"Nota de R$ 200 \u00e9 a s\u00e9tima da fam\u00edlia de notas do real; veja a origem de cada uma - R\u00e1dio Life FM\" \/>\n<meta property=\"og:description\" content=\"O\u00a0Banco Central\u00a0colocou em\u00a0circula\u00e7\u00e3o nesta quarta-feira (2) a nova c\u00e9dula de R$ 200. Ser\u00e3o produzidas neste ano 450 milh\u00f5es de unidades da nota, que se junta a outras seis em uso no pa\u00eds. O lan\u00e7amento da c\u00e9dula tem por objetivo diminuir as transa\u00e7\u00f5es feitas com dinheiro vivo, economizando com impress\u00e3o de papel moeda. Ao mesmo tempo, [&hellip;]\" \/>\n<meta property=\"og:url\" content=\"https:\/\/radiolifefm.com.br\/noticias\/nota-de-r-200-e-a-setima-da-familia-de-notas-do-real-veja-a-origem-de-cada-uma\/\" \/>\n<meta property=\"og:site_name\" content=\"R\u00e1dio Life FM\" \/>\n<meta property=\"article:publisher\" content=\"https:\/\/www.facebook.com\/radiolifefm\/\" \/>\n<meta property=\"article:published_time\" content=\"2020-09-02T17:13:31+00:00\" \/>\n<meta property=\"article:modified_time\" content=\"2026-05-03T13:37:57+00:00\" \/>\n<meta property=\"og:image\" content=\"https:\/\/radiolifefm.com.br\/noticias\/wp-content\/uploads\/2020\/09\/apresentacao-nota-de-r-200-1599065226479_v2_900x506.jpg\" \/>\n\t<meta property=\"og:image:width\" content=\"900\" \/>\n\t<meta property=\"og:image:height\" content=\"506\" \/>\n\t<meta property=\"og:image:type\" content=\"image\/jpeg\" \/>\n<meta name=\"author\" content=\"joaograndao\" \/>\n<meta name=\"twitter:card\" content=\"summary_large_image\" \/>\n<meta name=\"twitter:label1\" content=\"Escrito por\" \/>\n\t<meta name=\"twitter:data1\" content=\"joaograndao\" \/>\n\t<meta name=\"twitter:label2\" content=\"Est. tempo de leitura\" \/>\n\t<meta name=\"twitter:data2\" content=\"1 minuto\" \/>\n<script type=\"application\/ld+json\" class=\"yoast-schema-graph\">{\"@context\":\"https:\/\/schema.org\",\"@graph\":[{\"@type\":\"Article\",\"@id\":\"https:\/\/radiolifefm.com.br\/noticias\/nota-de-r-200-e-a-setima-da-familia-de-notas-do-real-veja-a-origem-de-cada-uma\/#article\",\"isPartOf\":{\"@id\":\"https:\/\/radiolifefm.com.br\/noticias\/nota-de-r-200-e-a-setima-da-familia-de-notas-do-real-veja-a-origem-de-cada-uma\/\"},\"author\":{\"name\":\"joaograndao\",\"@id\":\"https:\/\/radiolifefm.com.br\/noticias\/#\/schema\/person\/6876e1240feffe6e1b63fd5cb85abf28\"},\"headline\":\"Nota de R$ 200 \u00e9 a s\u00e9tima da fam\u00edlia de notas do real; veja a origem de cada uma\",\"datePublished\":\"2020-09-02T17:13:31+00:00\",\"dateModified\":\"2026-05-03T13:37:57+00:00\",\"mainEntityOfPage\":{\"@id\":\"https:\/\/radiolifefm.com.br\/noticias\/nota-de-r-200-e-a-setima-da-familia-de-notas-do-real-veja-a-origem-de-cada-uma\/\"},\"wordCount\":225,\"publisher\":{\"@id\":\"https:\/\/radiolifefm.com.br\/noticias\/#organization\"},\"image\":{\"@id\":\"https:\/\/radiolifefm.com.br\/noticias\/nota-de-r-200-e-a-setima-da-familia-de-notas-do-real-veja-a-origem-de-cada-uma\/#primaryimage\"},\"thumbnailUrl\":\"https:\/\/radiolifefm.com.br\/noticias\/wp-content\/uploads\/2020\/09\/apresentacao-nota-de-r-200-1599065226479_v2_900x506.jpg\",\"articleSection\":[\"Geral\"],\"inLanguage\":\"pt-BR\"},{\"@type\":\"WebPage\",\"@id\":\"https:\/\/radiolifefm.com.br\/noticias\/nota-de-r-200-e-a-setima-da-familia-de-notas-do-real-veja-a-origem-de-cada-uma\/\",\"url\":\"https:\/\/radiolifefm.com.br\/noticias\/nota-de-r-200-e-a-setima-da-familia-de-notas-do-real-veja-a-origem-de-cada-uma\/\",\"name\":\"Nota de R$ 200 \u00e9 a s\u00e9tima da fam\u00edlia de notas do real; veja a origem de cada uma - R\u00e1dio Life FM\",\"isPartOf\":{\"@id\":\"https:\/\/radiolifefm.com.br\/noticias\/#website\"},\"primaryImageOfPage\":{\"@id\":\"https:\/\/radiolifefm.com.br\/noticias\/nota-de-r-200-e-a-setima-da-familia-de-notas-do-real-veja-a-origem-de-cada-uma\/#primaryimage\"},\"image\":{\"@id\":\"https:\/\/radiolifefm.com.br\/noticias\/nota-de-r-200-e-a-setima-da-familia-de-notas-do-real-veja-a-origem-de-cada-uma\/#primaryimage\"},\"thumbnailUrl\":\"https:\/\/radiolifefm.com.br\/noticias\/wp-content\/uploads\/2020\/09\/apresentacao-nota-de-r-200-1599065226479_v2_900x506.jpg\",\"datePublished\":\"2020-09-02T17:13:31+00:00\",\"dateModified\":\"2026-05-03T13:37:57+00:00\",\"breadcrumb\":{\"@id\":\"https:\/\/radiolifefm.com.br\/noticias\/nota-de-r-200-e-a-setima-da-familia-de-notas-do-real-veja-a-origem-de-cada-uma\/#breadcrumb\"},\"inLanguage\":\"pt-BR\",\"potentialAction\":[{\"@type\":\"ReadAction\",\"target\":[\"https:\/\/radiolifefm.com.br\/noticias\/nota-de-r-200-e-a-setima-da-familia-de-notas-do-real-veja-a-origem-de-cada-uma\/\"]}]},{\"@type\":\"ImageObject\",\"inLanguage\":\"pt-BR\",\"@id\":\"https:\/\/radiolifefm.com.br\/noticias\/nota-de-r-200-e-a-setima-da-familia-de-notas-do-real-veja-a-origem-de-cada-uma\/#primaryimage\",\"url\":\"https:\/\/radiolifefm.com.br\/noticias\/wp-content\/uploads\/2020\/09\/apresentacao-nota-de-r-200-1599065226479_v2_900x506.jpg\",\"contentUrl\":\"https:\/\/radiolifefm.com.br\/noticias\/wp-content\/uploads\/2020\/09\/apresentacao-nota-de-r-200-1599065226479_v2_900x506.jpg\",\"width\":900,\"height\":506,\"caption\":\"Novo valor \u00e9 o primeiro em 18 anos, mas c\u00e9dulas passaram por remodela\u00e7\u00e3o nos anos 2010.\"},{\"@type\":\"BreadcrumbList\",\"@id\":\"https:\/\/radiolifefm.com.br\/noticias\/nota-de-r-200-e-a-setima-da-familia-de-notas-do-real-veja-a-origem-de-cada-uma\/#breadcrumb\",\"itemListElement\":[{\"@type\":\"ListItem\",\"position\":1,\"name\":\"In\u00edcio\",\"item\":\"https:\/\/radiolifefm.com.br\/noticias\/\"},{\"@type\":\"ListItem\",\"position\":2,\"name\":\"Nota de R$ 200 \u00e9 a s\u00e9tima da fam\u00edlia de notas do real; veja a origem de cada uma\"}]},{\"@type\":\"WebSite\",\"@id\":\"https:\/\/radiolifefm.com.br\/noticias\/#website\",\"url\":\"https:\/\/radiolifefm.com.br\/noticias\/\",\"name\":\"R\u00e1dio Life FM\",\"description\":\"O Portal de Not\u00edcias de Adamantina\",\"publisher\":{\"@id\":\"https:\/\/radiolifefm.com.br\/noticias\/#organization\"},\"alternateName\":\"Life FM\",\"potentialAction\":[{\"@type\":\"SearchAction\",\"target\":{\"@type\":\"EntryPoint\",\"urlTemplate\":\"https:\/\/radiolifefm.com.br\/noticias\/?s={search_term_string}\"},\"query-input\":{\"@type\":\"PropertyValueSpecification\",\"valueRequired\":true,\"valueName\":\"search_term_string\"}}],\"inLanguage\":\"pt-BR\"},{\"@type\":\"Organization\",\"@id\":\"https:\/\/radiolifefm.com.br\/noticias\/#organization\",\"name\":\"R\u00e1dio Life FM\",\"alternateName\":\"Life FM\",\"url\":\"https:\/\/radiolifefm.com.br\/noticias\/\",\"logo\":{\"@type\":\"ImageObject\",\"inLanguage\":\"pt-BR\",\"@id\":\"https:\/\/radiolifefm.com.br\/noticias\/#\/schema\/logo\/image\/\",\"url\":\"https:\/\/static.radiolifefm.com.br\/noticias\/wp-content\/uploads\/2019\/10\/logo-lifefm.png\",\"contentUrl\":\"https:\/\/static.radiolifefm.com.br\/noticias\/wp-content\/uploads\/2019\/10\/logo-lifefm.png\",\"width\":196,\"height\":47,\"caption\":\"R\u00e1dio Life FM\"},\"image\":{\"@id\":\"https:\/\/radiolifefm.com.br\/noticias\/#\/schema\/logo\/image\/\"},\"sameAs\":[\"https:\/\/www.facebook.com\/radiolifefm\/\",\"https:\/\/www.instagram.com\/life1079fm\/\"]},{\"@type\":\"Person\",\"@id\":\"https:\/\/radiolifefm.com.br\/noticias\/#\/schema\/person\/6876e1240feffe6e1b63fd5cb85abf28\",\"name\":\"joaograndao\",\"image\":{\"@type\":\"ImageObject\",\"inLanguage\":\"pt-BR\",\"@id\":\"https:\/\/secure.gravatar.com\/avatar\/d5b1a3cf357ed9c50404e256a1294083aa8ab5d2a994001567302786016cb32c?s=96&d=mm&r=g\",\"url\":\"https:\/\/secure.gravatar.com\/avatar\/d5b1a3cf357ed9c50404e256a1294083aa8ab5d2a994001567302786016cb32c?s=96&d=mm&r=g\",\"contentUrl\":\"https:\/\/secure.gravatar.com\/avatar\/d5b1a3cf357ed9c50404e256a1294083aa8ab5d2a994001567302786016cb32c?s=96&d=mm&r=g\",\"caption\":\"joaograndao\"}}]}<\/script>\n<!-- \/ Yoast SEO plugin. -->","yoast_head_json":{"title":"Nota de R$ 200 \u00e9 a s\u00e9tima da fam\u00edlia de notas do real; veja a origem de cada uma - R\u00e1dio Life FM","robots":{"index":"index","follow":"follow","max-snippet":"max-snippet:-1","max-image-preview":"max-image-preview:large","max-video-preview":"max-video-preview:-1"},"canonical":"https:\/\/radiolifefm.com.br\/noticias\/nota-de-r-200-e-a-setima-da-familia-de-notas-do-real-veja-a-origem-de-cada-uma\/","og_locale":"pt_BR","og_type":"article","og_title":"Nota de R$ 200 \u00e9 a s\u00e9tima da fam\u00edlia de notas do real; veja a origem de cada uma - R\u00e1dio Life FM","og_description":"O\u00a0Banco Central\u00a0colocou em\u00a0circula\u00e7\u00e3o nesta quarta-feira (2) a nova c\u00e9dula de R$ 200. Ser\u00e3o produzidas neste ano 450 milh\u00f5es de unidades da nota, que se junta a outras seis em uso no pa\u00eds. O lan\u00e7amento da c\u00e9dula tem por objetivo diminuir as transa\u00e7\u00f5es feitas com dinheiro vivo, economizando com impress\u00e3o de papel moeda. Ao mesmo tempo, [&hellip;]","og_url":"https:\/\/radiolifefm.com.br\/noticias\/nota-de-r-200-e-a-setima-da-familia-de-notas-do-real-veja-a-origem-de-cada-uma\/","og_site_name":"R\u00e1dio Life FM","article_publisher":"https:\/\/www.facebook.com\/radiolifefm\/","article_published_time":"2020-09-02T17:13:31+00:00","article_modified_time":"2026-05-03T13:37:57+00:00","og_image":[{"width":900,"height":506,"url":"https:\/\/radiolifefm.com.br\/noticias\/wp-content\/uploads\/2020\/09\/apresentacao-nota-de-r-200-1599065226479_v2_900x506.jpg","type":"image\/jpeg"}],"author":"joaograndao","twitter_card":"summary_large_image","twitter_misc":{"Escrito por":"joaograndao","Est. tempo de leitura":"1 minuto"},"schema":{"@context":"https:\/\/schema.org","@graph":[{"@type":"Article","@id":"https:\/\/radiolifefm.com.br\/noticias\/nota-de-r-200-e-a-setima-da-familia-de-notas-do-real-veja-a-origem-de-cada-uma\/#article","isPartOf":{"@id":"https:\/\/radiolifefm.com.br\/noticias\/nota-de-r-200-e-a-setima-da-familia-de-notas-do-real-veja-a-origem-de-cada-uma\/"},"author":{"name":"joaograndao","@id":"https:\/\/radiolifefm.com.br\/noticias\/#\/schema\/person\/6876e1240feffe6e1b63fd5cb85abf28"},"headline":"Nota de R$ 200 \u00e9 a s\u00e9tima da fam\u00edlia de notas do real; veja a origem de cada uma","datePublished":"2020-09-02T17:13:31+00:00","dateModified":"2026-05-03T13:37:57+00:00","mainEntityOfPage":{"@id":"https:\/\/radiolifefm.com.br\/noticias\/nota-de-r-200-e-a-setima-da-familia-de-notas-do-real-veja-a-origem-de-cada-uma\/"},"wordCount":225,"publisher":{"@id":"https:\/\/radiolifefm.com.br\/noticias\/#organization"},"image":{"@id":"https:\/\/radiolifefm.com.br\/noticias\/nota-de-r-200-e-a-setima-da-familia-de-notas-do-real-veja-a-origem-de-cada-uma\/#primaryimage"},"thumbnailUrl":"https:\/\/radiolifefm.com.br\/noticias\/wp-content\/uploads\/2020\/09\/apresentacao-nota-de-r-200-1599065226479_v2_900x506.jpg","articleSection":["Geral"],"inLanguage":"pt-BR"},{"@type":"WebPage","@id":"https:\/\/radiolifefm.com.br\/noticias\/nota-de-r-200-e-a-setima-da-familia-de-notas-do-real-veja-a-origem-de-cada-uma\/","url":"https:\/\/radiolifefm.com.br\/noticias\/nota-de-r-200-e-a-setima-da-familia-de-notas-do-real-veja-a-origem-de-cada-uma\/","name":"Nota de R$ 200 \u00e9 a s\u00e9tima da fam\u00edlia de notas do real; veja a origem de cada uma - R\u00e1dio Life FM","isPartOf":{"@id":"https:\/\/radiolifefm.com.br\/noticias\/#website"},"primaryImageOfPage":{"@id":"https:\/\/radiolifefm.com.br\/noticias\/nota-de-r-200-e-a-setima-da-familia-de-notas-do-real-veja-a-origem-de-cada-uma\/#primaryimage"},"image":{"@id":"https:\/\/radiolifefm.com.br\/noticias\/nota-de-r-200-e-a-setima-da-familia-de-notas-do-real-veja-a-origem-de-cada-uma\/#primaryimage"},"thumbnailUrl":"https:\/\/radiolifefm.com.br\/noticias\/wp-content\/uploads\/2020\/09\/apresentacao-nota-de-r-200-1599065226479_v2_900x506.jpg","datePublished":"2020-09-02T17:13:31+00:00","dateModified":"2026-05-03T13:37:57+00:00","breadcrumb":{"@id":"https:\/\/radiolifefm.com.br\/noticias\/nota-de-r-200-e-a-setima-da-familia-de-notas-do-real-veja-a-origem-de-cada-uma\/#breadcrumb"},"inLanguage":"pt-BR","potentialAction":[{"@type":"ReadAction","target":["https:\/\/radiolifefm.com.br\/noticias\/nota-de-r-200-e-a-setima-da-familia-de-notas-do-real-veja-a-origem-de-cada-uma\/"]}]},{"@type":"ImageObject","inLanguage":"pt-BR","@id":"https:\/\/radiolifefm.com.br\/noticias\/nota-de-r-200-e-a-setima-da-familia-de-notas-do-real-veja-a-origem-de-cada-uma\/#primaryimage","url":"https:\/\/radiolifefm.com.br\/noticias\/wp-content\/uploads\/2020\/09\/apresentacao-nota-de-r-200-1599065226479_v2_900x506.jpg","contentUrl":"https:\/\/radiolifefm.com.br\/noticias\/wp-content\/uploads\/2020\/09\/apresentacao-nota-de-r-200-1599065226479_v2_900x506.jpg","width":900,"height":506,"caption":"Novo valor \u00e9 o primeiro em 18 anos, mas c\u00e9dulas passaram por remodela\u00e7\u00e3o nos anos 2010."},{"@type":"BreadcrumbList","@id":"https:\/\/radiolifefm.com.br\/noticias\/nota-de-r-200-e-a-setima-da-familia-de-notas-do-real-veja-a-origem-de-cada-uma\/#breadcrumb","itemListElement":[{"@type":"ListItem","position":1,"name":"In\u00edcio","item":"https:\/\/radiolifefm.com.br\/noticias\/"},{"@type":"ListItem","position":2,"name":"Nota de R$ 200 \u00e9 a s\u00e9tima da fam\u00edlia de notas do real; veja a origem de cada uma"}]},{"@type":"WebSite","@id":"https:\/\/radiolifefm.com.br\/noticias\/#website","url":"https:\/\/radiolifefm.com.br\/noticias\/","name":"R\u00e1dio Life FM","description":"O Portal de Not\u00edcias de Adamantina","publisher":{"@id":"https:\/\/radiolifefm.com.br\/noticias\/#organization"},"alternateName":"Life FM","potentialAction":[{"@type":"SearchAction","target":{"@type":"EntryPoint","urlTemplate":"https:\/\/radiolifefm.com.br\/noticias\/?s={search_term_string}"},"query-input":{"@type":"PropertyValueSpecification","valueRequired":true,"valueName":"search_term_string"}}],"inLanguage":"pt-BR"},{"@type":"Organization","@id":"https:\/\/radiolifefm.com.br\/noticias\/#organization","name":"R\u00e1dio Life FM","alternateName":"Life FM","url":"https:\/\/radiolifefm.com.br\/noticias\/","logo":{"@type":"ImageObject","inLanguage":"pt-BR","@id":"https:\/\/radiolifefm.com.br\/noticias\/#\/schema\/logo\/image\/","url":"https:\/\/static.radiolifefm.com.br\/noticias\/wp-content\/uploads\/2019\/10\/logo-lifefm.png","contentUrl":"https:\/\/static.radiolifefm.com.br\/noticias\/wp-content\/uploads\/2019\/10\/logo-lifefm.png","width":196,"height":47,"caption":"R\u00e1dio Life FM"},"image":{"@id":"https:\/\/radiolifefm.com.br\/noticias\/#\/schema\/logo\/image\/"},"sameAs":["https:\/\/www.facebook.com\/radiolifefm\/","https:\/\/www.instagram.com\/life1079fm\/"]},{"@type":"Person","@id":"https:\/\/radiolifefm.com.br\/noticias\/#\/schema\/person\/6876e1240feffe6e1b63fd5cb85abf28","name":"joaograndao","image":{"@type":"ImageObject","inLanguage":"pt-BR","@id":"https:\/\/secure.gravatar.com\/avatar\/d5b1a3cf357ed9c50404e256a1294083aa8ab5d2a994001567302786016cb32c?s=96&d=mm&r=g","url":"https:\/\/secure.gravatar.com\/avatar\/d5b1a3cf357ed9c50404e256a1294083aa8ab5d2a994001567302786016cb32c?s=96&d=mm&r=g","contentUrl":"https:\/\/secure.gravatar.com\/avatar\/d5b1a3cf357ed9c50404e256a1294083aa8ab5d2a994001567302786016cb32c?s=96&d=mm&r=g","caption":"joaograndao"}}]}},"amp_enabled":true,"_links":{"self":[{"href":"https:\/\/radiolifefm.com.br\/noticias\/wp-json\/wp\/v2\/posts\/26128","targetHints":{"allow":["GET"]}}],"collection":[{"href":"https:\/\/radiolifefm.com.br\/noticias\/wp-json\/wp\/v2\/posts"}],"about":[{"href":"https:\/\/radiolifefm.com.br\/noticias\/wp-json\/wp\/v2\/types\/post"}],"author":[{"embeddable":true,"href":"https:\/\/radiolifefm.com.br\/noticias\/wp-json\/wp\/v2\/users\/8"}],"replies":[{"embeddable":true,"href":"https:\/\/radiolifefm.com.br\/noticias\/wp-json\/wp\/v2\/comments?post=26128"}],"version-history":[{"count":3,"href":"https:\/\/radiolifefm.com.br\/noticias\/wp-json\/wp\/v2\/posts\/26128\/revisions"}],"predecessor-version":[{"id":26134,"href":"https:\/\/radiolifefm.com.br\/noticias\/wp-json\/wp\/v2\/posts\/26128\/revisions\/26134"}],"wp:featuredmedia":[{"embeddable":true,"href":"https:\/\/radiolifefm.com.br\/noticias\/wp-json\/wp\/v2\/media\/26131"}],"wp:attachment":[{"href":"https:\/\/radiolifefm.com.br\/noticias\/wp-json\/wp\/v2\/media?parent=26128"}],"wp:term":[{"taxonomy":"category","embeddable":true,"href":"https:\/\/radiolifefm.com.br\/noticias\/wp-json\/wp\/v2\/categories?post=26128"},{"taxonomy":"post_tag","embeddable":true,"href":"https:\/\/radiolifefm.com.br\/noticias\/wp-json\/wp\/v2\/tags?post=26128"}],"curies":[{"name":"wp","href":"https:\/\/api.w.org\/{rel}","templated":true}]}}