{"id":26037,"date":"2020-09-01T14:40:23","date_gmt":"2020-09-01T17:40:23","guid":{"rendered":"https:\/\/radiolifefm.com.br\/noticias\/?p=26037"},"modified":"2026-03-17T12:39:43","modified_gmt":"2026-03-17T15:39:43","slug":"policiais-civis-de-junqueiropolis-prende-em-flagrante-homem-por-posse-de-arma-de-fogo","status":"publish","type":"post","link":"https:\/\/radiolifefm.com.br\/noticias\/policiais-civis-de-junqueiropolis-prende-em-flagrante-homem-por-posse-de-arma-de-fogo\/","title":{"rendered":"Policiais Civis de Junqueir\u00f3polis prende em flagrante homem por posse de arma de fogo"},"content":{"rendered":"<div id=\"fb-root\"><\/div>\n<p>A Pol\u00edcia Civil de Junqueir\u00f3polis prendeu na manh\u00e3 desta ter\u00e7a-feira (01), um indiv\u00edduo que mantinha em sua posse (no interior de sua resid\u00eancia), duas armas de fogo e farta muni\u00e7\u00e3o.<\/p>\n<p>&nbsp;<\/p>\n<p>No curso de investiga\u00e7\u00f5es sobre a pr\u00e1tica de tr\u00e1fico de drogas no munic\u00edpio, policiais civis realizaram uma incurs\u00e3o na resid\u00eancia do investigado e ao ser questionado, revelou que possu\u00eda uma arma de fogo para sua prote\u00e7\u00e3o e autorizou que os policiais realizassem busca no im\u00f3vel.<\/p>\n<p>&nbsp;<\/p>\n<p>Durante os trabalhos de busca e apreens\u00e3o, no entanto, foi localizada outra arma e muni\u00e7\u00e3o. Diante das circunstancias foi exarada voz de pris\u00e3o ao investigado e o mesmo foi conduzido \u00e0 presenta da Autoridade Policial que iniciou os procedimentos de Pol\u00edcia Judici\u00e1ria pertinente. O autuado j\u00e1 havia cumprido pena por tr\u00e1fico de armas e por assalto e n\u00e3o resistiu a pris\u00e3o. \u00a0Ele ser\u00e1 autuado por posse ilegal de arma de fogo.<\/p>\n<p>&nbsp;<\/p>\n<p>Maiores informa\u00e7\u00f5es:<\/p>\n<p>Delegacia de Pol\u00edcia de Junqueir\u00f3polis<\/p>\n<p>Fone: 18-3841-1531<\/p>\n","protected":false},"excerpt":{"rendered":"<p>A Pol\u00edcia Civil de Junqueir\u00f3polis prendeu na manh\u00e3 desta ter\u00e7a-feira (01), um indiv\u00edduo que mantinha em sua posse (no interior de sua resid\u00eancia), duas armas de fogo e farta muni\u00e7\u00e3o. &nbsp; No curso de investiga\u00e7\u00f5es sobre a pr\u00e1tica de tr\u00e1fico de drogas no munic\u00edpio, policiais civis realizaram uma incurs\u00e3o na resid\u00eancia do investigado e ao [&hellip;]<\/p>\n","protected":false},"author":8,"featured_media":26038,"comment_status":"closed","ping_status":"open","sticky":false,"template":"","format":"standard","meta":{"_acf_changed":false,"_exactmetrics_skip_tracking":false,"_exactmetrics_sitenote_active":false,"_exactmetrics_sitenote_note":"","_exactmetrics_sitenote_category":0,"footnotes":""},"categories":[24],"tags":[],"class_list":["post-26037","post","type-post","status-publish","format-standard","has-post-thumbnail","hentry","category-regiao"],"acf":[],"yoast_head":"<!-- This site is optimized with the Yoast SEO plugin v27.2 - https:\/\/yoast.com\/product\/yoast-seo-wordpress\/ -->\n<title>Policiais Civis de Junqueir\u00f3polis prende em flagrante homem por posse de arma de fogo - R\u00e1dio Life FM<\/title>\n<meta name=\"robots\" content=\"index, follow, max-snippet:-1, max-image-preview:large, max-video-preview:-1\" \/>\n<link rel=\"canonical\" href=\"https:\/\/radiolifefm.com.br\/noticias\/policiais-civis-de-junqueiropolis-prende-em-flagrante-homem-por-posse-de-arma-de-fogo\/\" \/>\n<meta property=\"og:locale\" content=\"pt_BR\" \/>\n<meta property=\"og:type\" content=\"article\" \/>\n<meta property=\"og:title\" content=\"Policiais Civis de Junqueir\u00f3polis prende em flagrante homem por posse de arma de fogo - R\u00e1dio Life FM\" \/>\n<meta property=\"og:description\" content=\"A Pol\u00edcia Civil de Junqueir\u00f3polis prendeu na manh\u00e3 desta ter\u00e7a-feira (01), um indiv\u00edduo que mantinha em sua posse (no interior de sua resid\u00eancia), duas armas de fogo e farta muni\u00e7\u00e3o. &nbsp; No curso de investiga\u00e7\u00f5es sobre a pr\u00e1tica de tr\u00e1fico de drogas no munic\u00edpio, policiais civis realizaram uma incurs\u00e3o na resid\u00eancia do investigado e ao [&hellip;]\" \/>\n<meta property=\"og:url\" content=\"https:\/\/radiolifefm.com.br\/noticias\/policiais-civis-de-junqueiropolis-prende-em-flagrante-homem-por-posse-de-arma-de-fogo\/\" \/>\n<meta property=\"og:site_name\" content=\"R\u00e1dio Life FM\" \/>\n<meta property=\"article:publisher\" content=\"https:\/\/www.facebook.com\/radiolifefm\/\" \/>\n<meta property=\"article:published_time\" content=\"2020-09-01T17:40:23+00:00\" \/>\n<meta property=\"article:modified_time\" content=\"2026-03-17T15:39:43+00:00\" \/>\n<meta property=\"og:image\" content=\"https:\/\/radiolifefm.com.br\/noticias\/wp-content\/uploads\/2020\/09\/WhatsApp-Image-2020-09-01-at-12.20.05.jpeg\" \/>\n\t<meta property=\"og:image:width\" content=\"960\" \/>\n\t<meta property=\"og:image:height\" content=\"1280\" \/>\n\t<meta property=\"og:image:type\" content=\"image\/jpeg\" \/>\n<meta name=\"author\" content=\"joaograndao\" \/>\n<meta name=\"twitter:card\" content=\"summary_large_image\" \/>\n<meta name=\"twitter:label1\" content=\"Escrito por\" \/>\n\t<meta name=\"twitter:data1\" content=\"joaograndao\" \/>\n\t<meta name=\"twitter:label2\" content=\"Est. tempo de leitura\" \/>\n\t<meta name=\"twitter:data2\" content=\"1 minuto\" \/>\n<script type=\"application\/ld+json\" class=\"yoast-schema-graph\">{\"@context\":\"https:\/\/schema.org\",\"@graph\":[{\"@type\":\"Article\",\"@id\":\"https:\/\/radiolifefm.com.br\/noticias\/policiais-civis-de-junqueiropolis-prende-em-flagrante-homem-por-posse-de-arma-de-fogo\/#article\",\"isPartOf\":{\"@id\":\"https:\/\/radiolifefm.com.br\/noticias\/policiais-civis-de-junqueiropolis-prende-em-flagrante-homem-por-posse-de-arma-de-fogo\/\"},\"author\":{\"name\":\"joaograndao\",\"@id\":\"https:\/\/radiolifefm.com.br\/noticias\/#\/schema\/person\/6876e1240feffe6e1b63fd5cb85abf28\"},\"headline\":\"Policiais Civis de Junqueir\u00f3polis prende em flagrante homem por posse de arma de fogo\",\"datePublished\":\"2020-09-01T17:40:23+00:00\",\"dateModified\":\"2026-03-17T15:39:43+00:00\",\"mainEntityOfPage\":{\"@id\":\"https:\/\/radiolifefm.com.br\/noticias\/policiais-civis-de-junqueiropolis-prende-em-flagrante-homem-por-posse-de-arma-de-fogo\/\"},\"wordCount\":198,\"publisher\":{\"@id\":\"https:\/\/radiolifefm.com.br\/noticias\/#organization\"},\"image\":{\"@id\":\"https:\/\/radiolifefm.com.br\/noticias\/policiais-civis-de-junqueiropolis-prende-em-flagrante-homem-por-posse-de-arma-de-fogo\/#primaryimage\"},\"thumbnailUrl\":\"https:\/\/radiolifefm.com.br\/noticias\/wp-content\/uploads\/2020\/09\/WhatsApp-Image-2020-09-01-at-12.20.05.jpeg\",\"articleSection\":[\"Regi\u00e3o\"],\"inLanguage\":\"pt-BR\"},{\"@type\":\"WebPage\",\"@id\":\"https:\/\/radiolifefm.com.br\/noticias\/policiais-civis-de-junqueiropolis-prende-em-flagrante-homem-por-posse-de-arma-de-fogo\/\",\"url\":\"https:\/\/radiolifefm.com.br\/noticias\/policiais-civis-de-junqueiropolis-prende-em-flagrante-homem-por-posse-de-arma-de-fogo\/\",\"name\":\"Policiais Civis de Junqueir\u00f3polis prende em flagrante homem por posse de arma de fogo - R\u00e1dio Life FM\",\"isPartOf\":{\"@id\":\"https:\/\/radiolifefm.com.br\/noticias\/#website\"},\"primaryImageOfPage\":{\"@id\":\"https:\/\/radiolifefm.com.br\/noticias\/policiais-civis-de-junqueiropolis-prende-em-flagrante-homem-por-posse-de-arma-de-fogo\/#primaryimage\"},\"image\":{\"@id\":\"https:\/\/radiolifefm.com.br\/noticias\/policiais-civis-de-junqueiropolis-prende-em-flagrante-homem-por-posse-de-arma-de-fogo\/#primaryimage\"},\"thumbnailUrl\":\"https:\/\/radiolifefm.com.br\/noticias\/wp-content\/uploads\/2020\/09\/WhatsApp-Image-2020-09-01-at-12.20.05.jpeg\",\"datePublished\":\"2020-09-01T17:40:23+00:00\",\"dateModified\":\"2026-03-17T15:39:43+00:00\",\"breadcrumb\":{\"@id\":\"https:\/\/radiolifefm.com.br\/noticias\/policiais-civis-de-junqueiropolis-prende-em-flagrante-homem-por-posse-de-arma-de-fogo\/#breadcrumb\"},\"inLanguage\":\"pt-BR\",\"potentialAction\":[{\"@type\":\"ReadAction\",\"target\":[\"https:\/\/radiolifefm.com.br\/noticias\/policiais-civis-de-junqueiropolis-prende-em-flagrante-homem-por-posse-de-arma-de-fogo\/\"]}]},{\"@type\":\"ImageObject\",\"inLanguage\":\"pt-BR\",\"@id\":\"https:\/\/radiolifefm.com.br\/noticias\/policiais-civis-de-junqueiropolis-prende-em-flagrante-homem-por-posse-de-arma-de-fogo\/#primaryimage\",\"url\":\"https:\/\/radiolifefm.com.br\/noticias\/wp-content\/uploads\/2020\/09\/WhatsApp-Image-2020-09-01-at-12.20.05.jpeg\",\"contentUrl\":\"https:\/\/radiolifefm.com.br\/noticias\/wp-content\/uploads\/2020\/09\/WhatsApp-Image-2020-09-01-at-12.20.05.jpeg\",\"width\":960,\"height\":1280,\"caption\":\"Indiv\u00edduo foi preso na manh\u00e3 desta ter\u00e7a-feira em Junqueir\u00f3polis\"},{\"@type\":\"BreadcrumbList\",\"@id\":\"https:\/\/radiolifefm.com.br\/noticias\/policiais-civis-de-junqueiropolis-prende-em-flagrante-homem-por-posse-de-arma-de-fogo\/#breadcrumb\",\"itemListElement\":[{\"@type\":\"ListItem\",\"position\":1,\"name\":\"In\u00edcio\",\"item\":\"https:\/\/radiolifefm.com.br\/noticias\/\"},{\"@type\":\"ListItem\",\"position\":2,\"name\":\"Policiais Civis de Junqueir\u00f3polis prende em flagrante homem por posse de arma de fogo\"}]},{\"@type\":\"WebSite\",\"@id\":\"https:\/\/radiolifefm.com.br\/noticias\/#website\",\"url\":\"https:\/\/radiolifefm.com.br\/noticias\/\",\"name\":\"R\u00e1dio Life FM\",\"description\":\"O Portal de Not\u00edcias de Adamantina\",\"publisher\":{\"@id\":\"https:\/\/radiolifefm.com.br\/noticias\/#organization\"},\"alternateName\":\"Life FM\",\"potentialAction\":[{\"@type\":\"SearchAction\",\"target\":{\"@type\":\"EntryPoint\",\"urlTemplate\":\"https:\/\/radiolifefm.com.br\/noticias\/?s={search_term_string}\"},\"query-input\":{\"@type\":\"PropertyValueSpecification\",\"valueRequired\":true,\"valueName\":\"search_term_string\"}}],\"inLanguage\":\"pt-BR\"},{\"@type\":\"Organization\",\"@id\":\"https:\/\/radiolifefm.com.br\/noticias\/#organization\",\"name\":\"R\u00e1dio Life FM\",\"alternateName\":\"Life FM\",\"url\":\"https:\/\/radiolifefm.com.br\/noticias\/\",\"logo\":{\"@type\":\"ImageObject\",\"inLanguage\":\"pt-BR\",\"@id\":\"https:\/\/radiolifefm.com.br\/noticias\/#\/schema\/logo\/image\/\",\"url\":\"https:\/\/static.radiolifefm.com.br\/noticias\/wp-content\/uploads\/2019\/10\/logo-lifefm.png\",\"contentUrl\":\"https:\/\/static.radiolifefm.com.br\/noticias\/wp-content\/uploads\/2019\/10\/logo-lifefm.png\",\"width\":196,\"height\":47,\"caption\":\"R\u00e1dio Life FM\"},\"image\":{\"@id\":\"https:\/\/radiolifefm.com.br\/noticias\/#\/schema\/logo\/image\/\"},\"sameAs\":[\"https:\/\/www.facebook.com\/radiolifefm\/\",\"https:\/\/www.instagram.com\/life1079fm\/\"]},{\"@type\":\"Person\",\"@id\":\"https:\/\/radiolifefm.com.br\/noticias\/#\/schema\/person\/6876e1240feffe6e1b63fd5cb85abf28\",\"name\":\"joaograndao\",\"image\":{\"@type\":\"ImageObject\",\"inLanguage\":\"pt-BR\",\"@id\":\"https:\/\/secure.gravatar.com\/avatar\/d5b1a3cf357ed9c50404e256a1294083aa8ab5d2a994001567302786016cb32c?s=96&d=mm&r=g\",\"url\":\"https:\/\/secure.gravatar.com\/avatar\/d5b1a3cf357ed9c50404e256a1294083aa8ab5d2a994001567302786016cb32c?s=96&d=mm&r=g\",\"contentUrl\":\"https:\/\/secure.gravatar.com\/avatar\/d5b1a3cf357ed9c50404e256a1294083aa8ab5d2a994001567302786016cb32c?s=96&d=mm&r=g\",\"caption\":\"joaograndao\"}}]}<\/script>\n<!-- \/ Yoast SEO plugin. -->","yoast_head_json":{"title":"Policiais Civis de Junqueir\u00f3polis prende em flagrante homem por posse de arma de fogo - R\u00e1dio Life FM","robots":{"index":"index","follow":"follow","max-snippet":"max-snippet:-1","max-image-preview":"max-image-preview:large","max-video-preview":"max-video-preview:-1"},"canonical":"https:\/\/radiolifefm.com.br\/noticias\/policiais-civis-de-junqueiropolis-prende-em-flagrante-homem-por-posse-de-arma-de-fogo\/","og_locale":"pt_BR","og_type":"article","og_title":"Policiais Civis de Junqueir\u00f3polis prende em flagrante homem por posse de arma de fogo - R\u00e1dio Life FM","og_description":"A Pol\u00edcia Civil de Junqueir\u00f3polis prendeu na manh\u00e3 desta ter\u00e7a-feira (01), um indiv\u00edduo que mantinha em sua posse (no interior de sua resid\u00eancia), duas armas de fogo e farta muni\u00e7\u00e3o. &nbsp; No curso de investiga\u00e7\u00f5es sobre a pr\u00e1tica de tr\u00e1fico de drogas no munic\u00edpio, policiais civis realizaram uma incurs\u00e3o na resid\u00eancia do investigado e ao [&hellip;]","og_url":"https:\/\/radiolifefm.com.br\/noticias\/policiais-civis-de-junqueiropolis-prende-em-flagrante-homem-por-posse-de-arma-de-fogo\/","og_site_name":"R\u00e1dio Life FM","article_publisher":"https:\/\/www.facebook.com\/radiolifefm\/","article_published_time":"2020-09-01T17:40:23+00:00","article_modified_time":"2026-03-17T15:39:43+00:00","og_image":[{"width":960,"height":1280,"url":"https:\/\/radiolifefm.com.br\/noticias\/wp-content\/uploads\/2020\/09\/WhatsApp-Image-2020-09-01-at-12.20.05.jpeg","type":"image\/jpeg"}],"author":"joaograndao","twitter_card":"summary_large_image","twitter_misc":{"Escrito por":"joaograndao","Est. tempo de leitura":"1 minuto"},"schema":{"@context":"https:\/\/schema.org","@graph":[{"@type":"Article","@id":"https:\/\/radiolifefm.com.br\/noticias\/policiais-civis-de-junqueiropolis-prende-em-flagrante-homem-por-posse-de-arma-de-fogo\/#article","isPartOf":{"@id":"https:\/\/radiolifefm.com.br\/noticias\/policiais-civis-de-junqueiropolis-prende-em-flagrante-homem-por-posse-de-arma-de-fogo\/"},"author":{"name":"joaograndao","@id":"https:\/\/radiolifefm.com.br\/noticias\/#\/schema\/person\/6876e1240feffe6e1b63fd5cb85abf28"},"headline":"Policiais Civis de Junqueir\u00f3polis prende em flagrante homem por posse de arma de fogo","datePublished":"2020-09-01T17:40:23+00:00","dateModified":"2026-03-17T15:39:43+00:00","mainEntityOfPage":{"@id":"https:\/\/radiolifefm.com.br\/noticias\/policiais-civis-de-junqueiropolis-prende-em-flagrante-homem-por-posse-de-arma-de-fogo\/"},"wordCount":198,"publisher":{"@id":"https:\/\/radiolifefm.com.br\/noticias\/#organization"},"image":{"@id":"https:\/\/radiolifefm.com.br\/noticias\/policiais-civis-de-junqueiropolis-prende-em-flagrante-homem-por-posse-de-arma-de-fogo\/#primaryimage"},"thumbnailUrl":"https:\/\/radiolifefm.com.br\/noticias\/wp-content\/uploads\/2020\/09\/WhatsApp-Image-2020-09-01-at-12.20.05.jpeg","articleSection":["Regi\u00e3o"],"inLanguage":"pt-BR"},{"@type":"WebPage","@id":"https:\/\/radiolifefm.com.br\/noticias\/policiais-civis-de-junqueiropolis-prende-em-flagrante-homem-por-posse-de-arma-de-fogo\/","url":"https:\/\/radiolifefm.com.br\/noticias\/policiais-civis-de-junqueiropolis-prende-em-flagrante-homem-por-posse-de-arma-de-fogo\/","name":"Policiais Civis de Junqueir\u00f3polis prende em flagrante homem por posse de arma de fogo - R\u00e1dio Life FM","isPartOf":{"@id":"https:\/\/radiolifefm.com.br\/noticias\/#website"},"primaryImageOfPage":{"@id":"https:\/\/radiolifefm.com.br\/noticias\/policiais-civis-de-junqueiropolis-prende-em-flagrante-homem-por-posse-de-arma-de-fogo\/#primaryimage"},"image":{"@id":"https:\/\/radiolifefm.com.br\/noticias\/policiais-civis-de-junqueiropolis-prende-em-flagrante-homem-por-posse-de-arma-de-fogo\/#primaryimage"},"thumbnailUrl":"https:\/\/radiolifefm.com.br\/noticias\/wp-content\/uploads\/2020\/09\/WhatsApp-Image-2020-09-01-at-12.20.05.jpeg","datePublished":"2020-09-01T17:40:23+00:00","dateModified":"2026-03-17T15:39:43+00:00","breadcrumb":{"@id":"https:\/\/radiolifefm.com.br\/noticias\/policiais-civis-de-junqueiropolis-prende-em-flagrante-homem-por-posse-de-arma-de-fogo\/#breadcrumb"},"inLanguage":"pt-BR","potentialAction":[{"@type":"ReadAction","target":["https:\/\/radiolifefm.com.br\/noticias\/policiais-civis-de-junqueiropolis-prende-em-flagrante-homem-por-posse-de-arma-de-fogo\/"]}]},{"@type":"ImageObject","inLanguage":"pt-BR","@id":"https:\/\/radiolifefm.com.br\/noticias\/policiais-civis-de-junqueiropolis-prende-em-flagrante-homem-por-posse-de-arma-de-fogo\/#primaryimage","url":"https:\/\/radiolifefm.com.br\/noticias\/wp-content\/uploads\/2020\/09\/WhatsApp-Image-2020-09-01-at-12.20.05.jpeg","contentUrl":"https:\/\/radiolifefm.com.br\/noticias\/wp-content\/uploads\/2020\/09\/WhatsApp-Image-2020-09-01-at-12.20.05.jpeg","width":960,"height":1280,"caption":"Indiv\u00edduo foi preso na manh\u00e3 desta ter\u00e7a-feira em Junqueir\u00f3polis"},{"@type":"BreadcrumbList","@id":"https:\/\/radiolifefm.com.br\/noticias\/policiais-civis-de-junqueiropolis-prende-em-flagrante-homem-por-posse-de-arma-de-fogo\/#breadcrumb","itemListElement":[{"@type":"ListItem","position":1,"name":"In\u00edcio","item":"https:\/\/radiolifefm.com.br\/noticias\/"},{"@type":"ListItem","position":2,"name":"Policiais Civis de Junqueir\u00f3polis prende em flagrante homem por posse de arma de fogo"}]},{"@type":"WebSite","@id":"https:\/\/radiolifefm.com.br\/noticias\/#website","url":"https:\/\/radiolifefm.com.br\/noticias\/","name":"R\u00e1dio Life FM","description":"O Portal de Not\u00edcias de Adamantina","publisher":{"@id":"https:\/\/radiolifefm.com.br\/noticias\/#organization"},"alternateName":"Life FM","potentialAction":[{"@type":"SearchAction","target":{"@type":"EntryPoint","urlTemplate":"https:\/\/radiolifefm.com.br\/noticias\/?s={search_term_string}"},"query-input":{"@type":"PropertyValueSpecification","valueRequired":true,"valueName":"search_term_string"}}],"inLanguage":"pt-BR"},{"@type":"Organization","@id":"https:\/\/radiolifefm.com.br\/noticias\/#organization","name":"R\u00e1dio Life FM","alternateName":"Life FM","url":"https:\/\/radiolifefm.com.br\/noticias\/","logo":{"@type":"ImageObject","inLanguage":"pt-BR","@id":"https:\/\/radiolifefm.com.br\/noticias\/#\/schema\/logo\/image\/","url":"https:\/\/static.radiolifefm.com.br\/noticias\/wp-content\/uploads\/2019\/10\/logo-lifefm.png","contentUrl":"https:\/\/static.radiolifefm.com.br\/noticias\/wp-content\/uploads\/2019\/10\/logo-lifefm.png","width":196,"height":47,"caption":"R\u00e1dio Life FM"},"image":{"@id":"https:\/\/radiolifefm.com.br\/noticias\/#\/schema\/logo\/image\/"},"sameAs":["https:\/\/www.facebook.com\/radiolifefm\/","https:\/\/www.instagram.com\/life1079fm\/"]},{"@type":"Person","@id":"https:\/\/radiolifefm.com.br\/noticias\/#\/schema\/person\/6876e1240feffe6e1b63fd5cb85abf28","name":"joaograndao","image":{"@type":"ImageObject","inLanguage":"pt-BR","@id":"https:\/\/secure.gravatar.com\/avatar\/d5b1a3cf357ed9c50404e256a1294083aa8ab5d2a994001567302786016cb32c?s=96&d=mm&r=g","url":"https:\/\/secure.gravatar.com\/avatar\/d5b1a3cf357ed9c50404e256a1294083aa8ab5d2a994001567302786016cb32c?s=96&d=mm&r=g","contentUrl":"https:\/\/secure.gravatar.com\/avatar\/d5b1a3cf357ed9c50404e256a1294083aa8ab5d2a994001567302786016cb32c?s=96&d=mm&r=g","caption":"joaograndao"}}]}},"amp_enabled":true,"_links":{"self":[{"href":"https:\/\/radiolifefm.com.br\/noticias\/wp-json\/wp\/v2\/posts\/26037","targetHints":{"allow":["GET"]}}],"collection":[{"href":"https:\/\/radiolifefm.com.br\/noticias\/wp-json\/wp\/v2\/posts"}],"about":[{"href":"https:\/\/radiolifefm.com.br\/noticias\/wp-json\/wp\/v2\/types\/post"}],"author":[{"embeddable":true,"href":"https:\/\/radiolifefm.com.br\/noticias\/wp-json\/wp\/v2\/users\/8"}],"replies":[{"embeddable":true,"href":"https:\/\/radiolifefm.com.br\/noticias\/wp-json\/wp\/v2\/comments?post=26037"}],"version-history":[{"count":1,"href":"https:\/\/radiolifefm.com.br\/noticias\/wp-json\/wp\/v2\/posts\/26037\/revisions"}],"predecessor-version":[{"id":26039,"href":"https:\/\/radiolifefm.com.br\/noticias\/wp-json\/wp\/v2\/posts\/26037\/revisions\/26039"}],"wp:featuredmedia":[{"embeddable":true,"href":"https:\/\/radiolifefm.com.br\/noticias\/wp-json\/wp\/v2\/media\/26038"}],"wp:attachment":[{"href":"https:\/\/radiolifefm.com.br\/noticias\/wp-json\/wp\/v2\/media?parent=26037"}],"wp:term":[{"taxonomy":"category","embeddable":true,"href":"https:\/\/radiolifefm.com.br\/noticias\/wp-json\/wp\/v2\/categories?post=26037"},{"taxonomy":"post_tag","embeddable":true,"href":"https:\/\/radiolifefm.com.br\/noticias\/wp-json\/wp\/v2\/tags?post=26037"}],"curies":[{"name":"wp","href":"https:\/\/api.w.org\/{rel}","templated":true}]}}