{"id":26012,"date":"2020-09-01T09:31:21","date_gmt":"2020-09-01T12:31:21","guid":{"rendered":"https:\/\/radiolifefm.com.br\/noticias\/?p=26012"},"modified":"2024-08-19T03:15:16","modified_gmt":"2024-08-19T06:15:16","slug":"policia-civil-cumpre-mandado-de-prisao-preventiva-por-violencia-domestica-em-dracena","status":"publish","type":"post","link":"https:\/\/radiolifefm.com.br\/noticias\/policia-civil-cumpre-mandado-de-prisao-preventiva-por-violencia-domestica-em-dracena\/","title":{"rendered":"Pol\u00edcia Civil cumpre mandado de pris\u00e3o preventiva por viol\u00eancia dom\u00e9stica em Dracena"},"content":{"rendered":"<div id=\"fb-root\"><\/div>\n<p style=\"font-weight: 400\">A Pol\u00edcia Civil, por interm\u00e9dio da Delegacia de Defesa da Mulher \u2013 DDM, com apoio das Unidades Especializadas (Delegacia de Investiga\u00e7\u00f5es Gerais e Delegacia de Investiga\u00e7\u00e3o Sobre Entorpecentes), deu cumprimento na segunda-feira (31) a um mandado de pris\u00e3o preventiva em desfavor de um homem, de 37 anos,\u00a0\u00a0em raz\u00e3o da pr\u00e1tica de viol\u00eancia dom\u00e9stica, em Dracena.<\/p>\n<p style=\"font-weight: 400\">O investigado estava descumprindo medidas protetivas de urg\u00eancia. Os procedimentos iniciais foram feitos pela Delegacia de Defesa da Mulher\u00a0\u00a0e a pris\u00e3o foi decretada pelo Juiz da Vara de Plant\u00e3o de Dracena.<\/p>\n<p style=\"font-weight: 400\">A pris\u00e3o foi realizada no bairro Metr\u00f3poles, em Dracena, e ap\u00f3s os procedimentos inerentes aos atos\u00a0\u00a0de pol\u00edcia judici\u00e1ria, o preso foi encaminhado a uma unidade prisional, onde permanecer\u00e1 \u00e0 disposi\u00e7\u00e3o da Justi\u00e7a.<\/p>\n<p style=\"font-weight: 400\">\n<p style=\"font-weight: 400\">Maiores informa\u00e7\u00f5es<\/p>\n<p style=\"font-weight: 400\">Delegacia Seccional de Pol\u00edcia de Dracena<\/p>\n<p style=\"font-weight: 400\">18-3822-2023<\/p>\n","protected":false},"excerpt":{"rendered":"<p>A Pol\u00edcia Civil, por interm\u00e9dio da Delegacia de Defesa da Mulher \u2013 DDM, com apoio das Unidades Especializadas (Delegacia de Investiga\u00e7\u00f5es Gerais e Delegacia de Investiga\u00e7\u00e3o Sobre Entorpecentes), deu cumprimento na segunda-feira (31) a um mandado de pris\u00e3o preventiva em desfavor de um homem, de 37 anos,\u00a0\u00a0em raz\u00e3o da pr\u00e1tica de viol\u00eancia dom\u00e9stica, em Dracena. [&hellip;]<\/p>\n","protected":false},"author":8,"featured_media":26013,"comment_status":"closed","ping_status":"open","sticky":false,"template":"","format":"standard","meta":{"_acf_changed":false,"_exactmetrics_skip_tracking":false,"_exactmetrics_sitenote_active":false,"_exactmetrics_sitenote_note":"","_exactmetrics_sitenote_category":0,"footnotes":""},"categories":[24],"tags":[],"class_list":["post-26012","post","type-post","status-publish","format-standard","has-post-thumbnail","hentry","category-regiao"],"acf":[],"yoast_head":"<!-- This site is optimized with the Yoast SEO plugin v27.2 - https:\/\/yoast.com\/product\/yoast-seo-wordpress\/ -->\n<title>Pol\u00edcia Civil cumpre mandado de pris\u00e3o preventiva por viol\u00eancia dom\u00e9stica em Dracena - R\u00e1dio Life FM<\/title>\n<meta name=\"robots\" content=\"index, follow, max-snippet:-1, max-image-preview:large, max-video-preview:-1\" \/>\n<link rel=\"canonical\" href=\"https:\/\/radiolifefm.com.br\/noticias\/policia-civil-cumpre-mandado-de-prisao-preventiva-por-violencia-domestica-em-dracena\/\" \/>\n<meta property=\"og:locale\" content=\"pt_BR\" \/>\n<meta property=\"og:type\" content=\"article\" \/>\n<meta property=\"og:title\" content=\"Pol\u00edcia Civil cumpre mandado de pris\u00e3o preventiva por viol\u00eancia dom\u00e9stica em Dracena - R\u00e1dio Life FM\" \/>\n<meta property=\"og:description\" content=\"A Pol\u00edcia Civil, por interm\u00e9dio da Delegacia de Defesa da Mulher \u2013 DDM, com apoio das Unidades Especializadas (Delegacia de Investiga\u00e7\u00f5es Gerais e Delegacia de Investiga\u00e7\u00e3o Sobre Entorpecentes), deu cumprimento na segunda-feira (31) a um mandado de pris\u00e3o preventiva em desfavor de um homem, de 37 anos,\u00a0\u00a0em raz\u00e3o da pr\u00e1tica de viol\u00eancia dom\u00e9stica, em Dracena. [&hellip;]\" \/>\n<meta property=\"og:url\" content=\"https:\/\/radiolifefm.com.br\/noticias\/policia-civil-cumpre-mandado-de-prisao-preventiva-por-violencia-domestica-em-dracena\/\" \/>\n<meta property=\"og:site_name\" content=\"R\u00e1dio Life FM\" \/>\n<meta property=\"article:publisher\" content=\"https:\/\/www.facebook.com\/radiolifefm\/\" \/>\n<meta property=\"article:published_time\" content=\"2020-09-01T12:31:21+00:00\" \/>\n<meta property=\"article:modified_time\" content=\"2024-08-19T06:15:16+00:00\" \/>\n<meta property=\"og:image\" content=\"https:\/\/static.radiolifefm.com.br\/noticias\/wp-content\/uploads\/2020\/09\/DDM.-DRACENA.jpg\" \/>\n\t<meta property=\"og:image:width\" content=\"1152\" \/>\n\t<meta property=\"og:image:height\" content=\"864\" \/>\n\t<meta property=\"og:image:type\" content=\"image\/jpeg\" \/>\n<meta name=\"author\" content=\"joaograndao\" \/>\n<meta name=\"twitter:card\" content=\"summary_large_image\" \/>\n<meta name=\"twitter:label1\" content=\"Escrito por\" \/>\n\t<meta name=\"twitter:data1\" content=\"joaograndao\" \/>\n\t<meta name=\"twitter:label2\" content=\"Est. tempo de leitura\" \/>\n\t<meta name=\"twitter:data2\" content=\"1 minuto\" \/>\n<script type=\"application\/ld+json\" class=\"yoast-schema-graph\">{\"@context\":\"https:\/\/schema.org\",\"@graph\":[{\"@type\":\"Article\",\"@id\":\"https:\/\/radiolifefm.com.br\/noticias\/policia-civil-cumpre-mandado-de-prisao-preventiva-por-violencia-domestica-em-dracena\/#article\",\"isPartOf\":{\"@id\":\"https:\/\/radiolifefm.com.br\/noticias\/policia-civil-cumpre-mandado-de-prisao-preventiva-por-violencia-domestica-em-dracena\/\"},\"author\":{\"name\":\"joaograndao\",\"@id\":\"https:\/\/radiolifefm.com.br\/noticias\/#\/schema\/person\/6876e1240feffe6e1b63fd5cb85abf28\"},\"headline\":\"Pol\u00edcia Civil cumpre mandado de pris\u00e3o preventiva por viol\u00eancia dom\u00e9stica em Dracena\",\"datePublished\":\"2020-09-01T12:31:21+00:00\",\"dateModified\":\"2024-08-19T06:15:16+00:00\",\"mainEntityOfPage\":{\"@id\":\"https:\/\/radiolifefm.com.br\/noticias\/policia-civil-cumpre-mandado-de-prisao-preventiva-por-violencia-domestica-em-dracena\/\"},\"wordCount\":164,\"publisher\":{\"@id\":\"https:\/\/radiolifefm.com.br\/noticias\/#organization\"},\"image\":{\"@id\":\"https:\/\/radiolifefm.com.br\/noticias\/policia-civil-cumpre-mandado-de-prisao-preventiva-por-violencia-domestica-em-dracena\/#primaryimage\"},\"thumbnailUrl\":\"https:\/\/radiolifefm.com.br\/noticias\/wp-content\/uploads\/2020\/09\/DDM.-DRACENA.jpg\",\"articleSection\":[\"Regi\u00e3o\"],\"inLanguage\":\"pt-BR\"},{\"@type\":\"WebPage\",\"@id\":\"https:\/\/radiolifefm.com.br\/noticias\/policia-civil-cumpre-mandado-de-prisao-preventiva-por-violencia-domestica-em-dracena\/\",\"url\":\"https:\/\/radiolifefm.com.br\/noticias\/policia-civil-cumpre-mandado-de-prisao-preventiva-por-violencia-domestica-em-dracena\/\",\"name\":\"Pol\u00edcia Civil cumpre mandado de pris\u00e3o preventiva por viol\u00eancia dom\u00e9stica em Dracena - R\u00e1dio Life FM\",\"isPartOf\":{\"@id\":\"https:\/\/radiolifefm.com.br\/noticias\/#website\"},\"primaryImageOfPage\":{\"@id\":\"https:\/\/radiolifefm.com.br\/noticias\/policia-civil-cumpre-mandado-de-prisao-preventiva-por-violencia-domestica-em-dracena\/#primaryimage\"},\"image\":{\"@id\":\"https:\/\/radiolifefm.com.br\/noticias\/policia-civil-cumpre-mandado-de-prisao-preventiva-por-violencia-domestica-em-dracena\/#primaryimage\"},\"thumbnailUrl\":\"https:\/\/radiolifefm.com.br\/noticias\/wp-content\/uploads\/2020\/09\/DDM.-DRACENA.jpg\",\"datePublished\":\"2020-09-01T12:31:21+00:00\",\"dateModified\":\"2024-08-19T06:15:16+00:00\",\"breadcrumb\":{\"@id\":\"https:\/\/radiolifefm.com.br\/noticias\/policia-civil-cumpre-mandado-de-prisao-preventiva-por-violencia-domestica-em-dracena\/#breadcrumb\"},\"inLanguage\":\"pt-BR\",\"potentialAction\":[{\"@type\":\"ReadAction\",\"target\":[\"https:\/\/radiolifefm.com.br\/noticias\/policia-civil-cumpre-mandado-de-prisao-preventiva-por-violencia-domestica-em-dracena\/\"]}]},{\"@type\":\"ImageObject\",\"inLanguage\":\"pt-BR\",\"@id\":\"https:\/\/radiolifefm.com.br\/noticias\/policia-civil-cumpre-mandado-de-prisao-preventiva-por-violencia-domestica-em-dracena\/#primaryimage\",\"url\":\"https:\/\/radiolifefm.com.br\/noticias\/wp-content\/uploads\/2020\/09\/DDM.-DRACENA.jpg\",\"contentUrl\":\"https:\/\/radiolifefm.com.br\/noticias\/wp-content\/uploads\/2020\/09\/DDM.-DRACENA.jpg\",\"width\":1152,\"height\":864},{\"@type\":\"BreadcrumbList\",\"@id\":\"https:\/\/radiolifefm.com.br\/noticias\/policia-civil-cumpre-mandado-de-prisao-preventiva-por-violencia-domestica-em-dracena\/#breadcrumb\",\"itemListElement\":[{\"@type\":\"ListItem\",\"position\":1,\"name\":\"In\u00edcio\",\"item\":\"https:\/\/radiolifefm.com.br\/noticias\/\"},{\"@type\":\"ListItem\",\"position\":2,\"name\":\"Pol\u00edcia Civil cumpre mandado de pris\u00e3o preventiva por viol\u00eancia dom\u00e9stica em Dracena\"}]},{\"@type\":\"WebSite\",\"@id\":\"https:\/\/radiolifefm.com.br\/noticias\/#website\",\"url\":\"https:\/\/radiolifefm.com.br\/noticias\/\",\"name\":\"R\u00e1dio Life FM\",\"description\":\"O Portal de Not\u00edcias de Adamantina\",\"publisher\":{\"@id\":\"https:\/\/radiolifefm.com.br\/noticias\/#organization\"},\"alternateName\":\"Life FM\",\"potentialAction\":[{\"@type\":\"SearchAction\",\"target\":{\"@type\":\"EntryPoint\",\"urlTemplate\":\"https:\/\/radiolifefm.com.br\/noticias\/?s={search_term_string}\"},\"query-input\":{\"@type\":\"PropertyValueSpecification\",\"valueRequired\":true,\"valueName\":\"search_term_string\"}}],\"inLanguage\":\"pt-BR\"},{\"@type\":\"Organization\",\"@id\":\"https:\/\/radiolifefm.com.br\/noticias\/#organization\",\"name\":\"R\u00e1dio Life FM\",\"alternateName\":\"Life FM\",\"url\":\"https:\/\/radiolifefm.com.br\/noticias\/\",\"logo\":{\"@type\":\"ImageObject\",\"inLanguage\":\"pt-BR\",\"@id\":\"https:\/\/radiolifefm.com.br\/noticias\/#\/schema\/logo\/image\/\",\"url\":\"https:\/\/static.radiolifefm.com.br\/noticias\/wp-content\/uploads\/2019\/10\/logo-lifefm.png\",\"contentUrl\":\"https:\/\/static.radiolifefm.com.br\/noticias\/wp-content\/uploads\/2019\/10\/logo-lifefm.png\",\"width\":196,\"height\":47,\"caption\":\"R\u00e1dio Life FM\"},\"image\":{\"@id\":\"https:\/\/radiolifefm.com.br\/noticias\/#\/schema\/logo\/image\/\"},\"sameAs\":[\"https:\/\/www.facebook.com\/radiolifefm\/\",\"https:\/\/www.instagram.com\/life1079fm\/\"]},{\"@type\":\"Person\",\"@id\":\"https:\/\/radiolifefm.com.br\/noticias\/#\/schema\/person\/6876e1240feffe6e1b63fd5cb85abf28\",\"name\":\"joaograndao\",\"image\":{\"@type\":\"ImageObject\",\"inLanguage\":\"pt-BR\",\"@id\":\"https:\/\/secure.gravatar.com\/avatar\/d5b1a3cf357ed9c50404e256a1294083aa8ab5d2a994001567302786016cb32c?s=96&d=mm&r=g\",\"url\":\"https:\/\/secure.gravatar.com\/avatar\/d5b1a3cf357ed9c50404e256a1294083aa8ab5d2a994001567302786016cb32c?s=96&d=mm&r=g\",\"contentUrl\":\"https:\/\/secure.gravatar.com\/avatar\/d5b1a3cf357ed9c50404e256a1294083aa8ab5d2a994001567302786016cb32c?s=96&d=mm&r=g\",\"caption\":\"joaograndao\"}}]}<\/script>\n<!-- \/ Yoast SEO plugin. -->","yoast_head_json":{"title":"Pol\u00edcia Civil cumpre mandado de pris\u00e3o preventiva por viol\u00eancia dom\u00e9stica em Dracena - R\u00e1dio Life FM","robots":{"index":"index","follow":"follow","max-snippet":"max-snippet:-1","max-image-preview":"max-image-preview:large","max-video-preview":"max-video-preview:-1"},"canonical":"https:\/\/radiolifefm.com.br\/noticias\/policia-civil-cumpre-mandado-de-prisao-preventiva-por-violencia-domestica-em-dracena\/","og_locale":"pt_BR","og_type":"article","og_title":"Pol\u00edcia Civil cumpre mandado de pris\u00e3o preventiva por viol\u00eancia dom\u00e9stica em Dracena - R\u00e1dio Life FM","og_description":"A Pol\u00edcia Civil, por interm\u00e9dio da Delegacia de Defesa da Mulher \u2013 DDM, com apoio das Unidades Especializadas (Delegacia de Investiga\u00e7\u00f5es Gerais e Delegacia de Investiga\u00e7\u00e3o Sobre Entorpecentes), deu cumprimento na segunda-feira (31) a um mandado de pris\u00e3o preventiva em desfavor de um homem, de 37 anos,\u00a0\u00a0em raz\u00e3o da pr\u00e1tica de viol\u00eancia dom\u00e9stica, em Dracena. [&hellip;]","og_url":"https:\/\/radiolifefm.com.br\/noticias\/policia-civil-cumpre-mandado-de-prisao-preventiva-por-violencia-domestica-em-dracena\/","og_site_name":"R\u00e1dio Life FM","article_publisher":"https:\/\/www.facebook.com\/radiolifefm\/","article_published_time":"2020-09-01T12:31:21+00:00","article_modified_time":"2024-08-19T06:15:16+00:00","og_image":[{"width":1152,"height":864,"url":"https:\/\/static.radiolifefm.com.br\/noticias\/wp-content\/uploads\/2020\/09\/DDM.-DRACENA.jpg","type":"image\/jpeg"}],"author":"joaograndao","twitter_card":"summary_large_image","twitter_misc":{"Escrito por":"joaograndao","Est. tempo de leitura":"1 minuto"},"schema":{"@context":"https:\/\/schema.org","@graph":[{"@type":"Article","@id":"https:\/\/radiolifefm.com.br\/noticias\/policia-civil-cumpre-mandado-de-prisao-preventiva-por-violencia-domestica-em-dracena\/#article","isPartOf":{"@id":"https:\/\/radiolifefm.com.br\/noticias\/policia-civil-cumpre-mandado-de-prisao-preventiva-por-violencia-domestica-em-dracena\/"},"author":{"name":"joaograndao","@id":"https:\/\/radiolifefm.com.br\/noticias\/#\/schema\/person\/6876e1240feffe6e1b63fd5cb85abf28"},"headline":"Pol\u00edcia Civil cumpre mandado de pris\u00e3o preventiva por viol\u00eancia dom\u00e9stica em Dracena","datePublished":"2020-09-01T12:31:21+00:00","dateModified":"2024-08-19T06:15:16+00:00","mainEntityOfPage":{"@id":"https:\/\/radiolifefm.com.br\/noticias\/policia-civil-cumpre-mandado-de-prisao-preventiva-por-violencia-domestica-em-dracena\/"},"wordCount":164,"publisher":{"@id":"https:\/\/radiolifefm.com.br\/noticias\/#organization"},"image":{"@id":"https:\/\/radiolifefm.com.br\/noticias\/policia-civil-cumpre-mandado-de-prisao-preventiva-por-violencia-domestica-em-dracena\/#primaryimage"},"thumbnailUrl":"https:\/\/radiolifefm.com.br\/noticias\/wp-content\/uploads\/2020\/09\/DDM.-DRACENA.jpg","articleSection":["Regi\u00e3o"],"inLanguage":"pt-BR"},{"@type":"WebPage","@id":"https:\/\/radiolifefm.com.br\/noticias\/policia-civil-cumpre-mandado-de-prisao-preventiva-por-violencia-domestica-em-dracena\/","url":"https:\/\/radiolifefm.com.br\/noticias\/policia-civil-cumpre-mandado-de-prisao-preventiva-por-violencia-domestica-em-dracena\/","name":"Pol\u00edcia Civil cumpre mandado de pris\u00e3o preventiva por viol\u00eancia dom\u00e9stica em Dracena - R\u00e1dio Life FM","isPartOf":{"@id":"https:\/\/radiolifefm.com.br\/noticias\/#website"},"primaryImageOfPage":{"@id":"https:\/\/radiolifefm.com.br\/noticias\/policia-civil-cumpre-mandado-de-prisao-preventiva-por-violencia-domestica-em-dracena\/#primaryimage"},"image":{"@id":"https:\/\/radiolifefm.com.br\/noticias\/policia-civil-cumpre-mandado-de-prisao-preventiva-por-violencia-domestica-em-dracena\/#primaryimage"},"thumbnailUrl":"https:\/\/radiolifefm.com.br\/noticias\/wp-content\/uploads\/2020\/09\/DDM.-DRACENA.jpg","datePublished":"2020-09-01T12:31:21+00:00","dateModified":"2024-08-19T06:15:16+00:00","breadcrumb":{"@id":"https:\/\/radiolifefm.com.br\/noticias\/policia-civil-cumpre-mandado-de-prisao-preventiva-por-violencia-domestica-em-dracena\/#breadcrumb"},"inLanguage":"pt-BR","potentialAction":[{"@type":"ReadAction","target":["https:\/\/radiolifefm.com.br\/noticias\/policia-civil-cumpre-mandado-de-prisao-preventiva-por-violencia-domestica-em-dracena\/"]}]},{"@type":"ImageObject","inLanguage":"pt-BR","@id":"https:\/\/radiolifefm.com.br\/noticias\/policia-civil-cumpre-mandado-de-prisao-preventiva-por-violencia-domestica-em-dracena\/#primaryimage","url":"https:\/\/radiolifefm.com.br\/noticias\/wp-content\/uploads\/2020\/09\/DDM.-DRACENA.jpg","contentUrl":"https:\/\/radiolifefm.com.br\/noticias\/wp-content\/uploads\/2020\/09\/DDM.-DRACENA.jpg","width":1152,"height":864},{"@type":"BreadcrumbList","@id":"https:\/\/radiolifefm.com.br\/noticias\/policia-civil-cumpre-mandado-de-prisao-preventiva-por-violencia-domestica-em-dracena\/#breadcrumb","itemListElement":[{"@type":"ListItem","position":1,"name":"In\u00edcio","item":"https:\/\/radiolifefm.com.br\/noticias\/"},{"@type":"ListItem","position":2,"name":"Pol\u00edcia Civil cumpre mandado de pris\u00e3o preventiva por viol\u00eancia dom\u00e9stica em Dracena"}]},{"@type":"WebSite","@id":"https:\/\/radiolifefm.com.br\/noticias\/#website","url":"https:\/\/radiolifefm.com.br\/noticias\/","name":"R\u00e1dio Life FM","description":"O Portal de Not\u00edcias de Adamantina","publisher":{"@id":"https:\/\/radiolifefm.com.br\/noticias\/#organization"},"alternateName":"Life FM","potentialAction":[{"@type":"SearchAction","target":{"@type":"EntryPoint","urlTemplate":"https:\/\/radiolifefm.com.br\/noticias\/?s={search_term_string}"},"query-input":{"@type":"PropertyValueSpecification","valueRequired":true,"valueName":"search_term_string"}}],"inLanguage":"pt-BR"},{"@type":"Organization","@id":"https:\/\/radiolifefm.com.br\/noticias\/#organization","name":"R\u00e1dio Life FM","alternateName":"Life FM","url":"https:\/\/radiolifefm.com.br\/noticias\/","logo":{"@type":"ImageObject","inLanguage":"pt-BR","@id":"https:\/\/radiolifefm.com.br\/noticias\/#\/schema\/logo\/image\/","url":"https:\/\/static.radiolifefm.com.br\/noticias\/wp-content\/uploads\/2019\/10\/logo-lifefm.png","contentUrl":"https:\/\/static.radiolifefm.com.br\/noticias\/wp-content\/uploads\/2019\/10\/logo-lifefm.png","width":196,"height":47,"caption":"R\u00e1dio Life FM"},"image":{"@id":"https:\/\/radiolifefm.com.br\/noticias\/#\/schema\/logo\/image\/"},"sameAs":["https:\/\/www.facebook.com\/radiolifefm\/","https:\/\/www.instagram.com\/life1079fm\/"]},{"@type":"Person","@id":"https:\/\/radiolifefm.com.br\/noticias\/#\/schema\/person\/6876e1240feffe6e1b63fd5cb85abf28","name":"joaograndao","image":{"@type":"ImageObject","inLanguage":"pt-BR","@id":"https:\/\/secure.gravatar.com\/avatar\/d5b1a3cf357ed9c50404e256a1294083aa8ab5d2a994001567302786016cb32c?s=96&d=mm&r=g","url":"https:\/\/secure.gravatar.com\/avatar\/d5b1a3cf357ed9c50404e256a1294083aa8ab5d2a994001567302786016cb32c?s=96&d=mm&r=g","contentUrl":"https:\/\/secure.gravatar.com\/avatar\/d5b1a3cf357ed9c50404e256a1294083aa8ab5d2a994001567302786016cb32c?s=96&d=mm&r=g","caption":"joaograndao"}}]}},"amp_enabled":true,"_links":{"self":[{"href":"https:\/\/radiolifefm.com.br\/noticias\/wp-json\/wp\/v2\/posts\/26012","targetHints":{"allow":["GET"]}}],"collection":[{"href":"https:\/\/radiolifefm.com.br\/noticias\/wp-json\/wp\/v2\/posts"}],"about":[{"href":"https:\/\/radiolifefm.com.br\/noticias\/wp-json\/wp\/v2\/types\/post"}],"author":[{"embeddable":true,"href":"https:\/\/radiolifefm.com.br\/noticias\/wp-json\/wp\/v2\/users\/8"}],"replies":[{"embeddable":true,"href":"https:\/\/radiolifefm.com.br\/noticias\/wp-json\/wp\/v2\/comments?post=26012"}],"version-history":[{"count":4,"href":"https:\/\/radiolifefm.com.br\/noticias\/wp-json\/wp\/v2\/posts\/26012\/revisions"}],"predecessor-version":[{"id":26017,"href":"https:\/\/radiolifefm.com.br\/noticias\/wp-json\/wp\/v2\/posts\/26012\/revisions\/26017"}],"wp:featuredmedia":[{"embeddable":true,"href":"https:\/\/radiolifefm.com.br\/noticias\/wp-json\/wp\/v2\/media\/26013"}],"wp:attachment":[{"href":"https:\/\/radiolifefm.com.br\/noticias\/wp-json\/wp\/v2\/media?parent=26012"}],"wp:term":[{"taxonomy":"category","embeddable":true,"href":"https:\/\/radiolifefm.com.br\/noticias\/wp-json\/wp\/v2\/categories?post=26012"},{"taxonomy":"post_tag","embeddable":true,"href":"https:\/\/radiolifefm.com.br\/noticias\/wp-json\/wp\/v2\/tags?post=26012"}],"curies":[{"name":"wp","href":"https:\/\/api.w.org\/{rel}","templated":true}]}}