{"id":25999,"date":"2020-09-01T08:35:45","date_gmt":"2020-09-01T11:35:45","guid":{"rendered":"https:\/\/radiolifefm.com.br\/noticias\/?p=25999"},"modified":"2025-08-16T13:10:13","modified_gmt":"2025-08-16T16:10:13","slug":"policia-civil-realiza-operacao-camaleao","status":"publish","type":"post","link":"https:\/\/radiolifefm.com.br\/noticias\/policia-civil-realiza-operacao-camaleao\/","title":{"rendered":"POL\u00cdCIA CIVIL REALIZA OPERA\u00c7\u00c3O CAMALE\u00c3O"},"content":{"rendered":"<div id=\"fb-root\"><\/div>\n<p style=\"font-weight: 400\">Na tarde deste dia 31 de agosto, perto das 13h,\u00a0<strong>a POL\u00cdCIA CIVIL<\/strong>, atrav\u00e9s da 1\u00aa Delegacia de Investiga\u00e7\u00f5es Gerais\u00a0<strong>(DIG)<\/strong>\u00a0da Divis\u00e3o Especializada de Investiga\u00e7\u00f5es Criminais de Presidente Prudente \u2013\u00a0<strong>DEIC 8<\/strong>\u00a0\u2013 realizou a\u00a0<strong>opera\u00e7\u00e3o \u201cCAMALE\u00c3O\u201d.<\/strong><\/p>\n<p style=\"font-weight: 400\">Ap\u00f3s material residual de outra a\u00e7\u00e3o da Pol\u00edcia Civil no ano de 2019 (compartilhamento da Opera\u00e7\u00e3o de Pol\u00edcia Judici\u00e1ria Transponder) identificaram-se ind\u00edcios de participa\u00e7\u00e3o de advogado militante da cidade de Presidente Prudente em atividade criminosa.<\/p>\n<p style=\"font-weight: 400\">A investiga\u00e7\u00e3o formal foi realizada em Inqu\u00e9rito Policial, apurando-se que o advogado sediado em Presidente Prudente (W.L.A.) trabalhava para a organiza\u00e7\u00e3o criminosa\u00a0realizando pesquisas sobre Autoridades P\u00fablicas, sobre material usado rotineiramente em a\u00e7\u00f5es do bando (explosivos, armas, emuls\u00f5es, drones, etc), al\u00e9m de articular o que chamou de \u201ctabuleiro\u201d (planos de a\u00e7\u00e3o criminosa) e \u201camea\u00e7as\u201d a outros detentos do sistema prisional, a depender a conveni\u00eancia determinada.<\/p>\n<p style=\"font-weight: 400\">Neste momento, al\u00e9m da pris\u00e3o preventiva decretada pela justi\u00e7a, est\u00e3o sendo cumpridas duas buscas em im\u00f3veis do investigado (uma na resid\u00eancia e outra no escrit\u00f3rio), na presen\u00e7a de representantes da entidade de classe, em respeito \u00e0s garantias consagradas em lei, todos em Presidente Prudente.<\/p>\n<p style=\"font-weight: 400\">Ap\u00f3s o t\u00e9rmino das dilig\u00eancias e registros o preso ser\u00e1 encaminhado \u00e0 Administra\u00e7\u00e3o Penitenci\u00e1ria onde permanecer\u00e1 a disposi\u00e7\u00e3o da Justi\u00e7a P\u00fablica.<\/p>\n<p style=\"font-weight: 400\">Junto ao advogado foram apreendios equipamentos de inform\u00e1tica e um simulacro de arma de fogo.<\/p>\n<p style=\"font-weight: 400\">Maiores informa\u00e7\u00f5es:<\/p>\n<p style=\"font-weight: 400\">1\u00aa DIG\/Deic\/D8<\/p>\n<p style=\"font-weight: 400\">Fone: 18-3221-9700<\/p>\n","protected":false},"excerpt":{"rendered":"<p>Na tarde deste dia 31 de agosto, perto das 13h,\u00a0a POL\u00cdCIA CIVIL, atrav\u00e9s da 1\u00aa Delegacia de Investiga\u00e7\u00f5es Gerais\u00a0(DIG)\u00a0da Divis\u00e3o Especializada de Investiga\u00e7\u00f5es Criminais de Presidente Prudente \u2013\u00a0DEIC 8\u00a0\u2013 realizou a\u00a0opera\u00e7\u00e3o \u201cCAMALE\u00c3O\u201d. Ap\u00f3s material residual de outra a\u00e7\u00e3o da Pol\u00edcia Civil no ano de 2019 (compartilhamento da Opera\u00e7\u00e3o de Pol\u00edcia Judici\u00e1ria Transponder) identificaram-se ind\u00edcios de [&hellip;]<\/p>\n","protected":false},"author":8,"featured_media":26000,"comment_status":"closed","ping_status":"open","sticky":false,"template":"","format":"standard","meta":{"_acf_changed":false,"_exactmetrics_skip_tracking":false,"_exactmetrics_sitenote_active":false,"_exactmetrics_sitenote_note":"","_exactmetrics_sitenote_category":0,"footnotes":""},"categories":[24],"tags":[],"class_list":["post-25999","post","type-post","status-publish","format-standard","has-post-thumbnail","hentry","category-regiao"],"acf":[],"yoast_head":"<!-- This site is optimized with the Yoast SEO plugin v27.2 - https:\/\/yoast.com\/product\/yoast-seo-wordpress\/ -->\n<title>POL\u00cdCIA CIVIL REALIZA OPERA\u00c7\u00c3O CAMALE\u00c3O - R\u00e1dio Life FM<\/title>\n<meta name=\"robots\" content=\"index, follow, max-snippet:-1, max-image-preview:large, max-video-preview:-1\" \/>\n<link rel=\"canonical\" href=\"https:\/\/radiolifefm.com.br\/noticias\/policia-civil-realiza-operacao-camaleao\/\" \/>\n<meta property=\"og:locale\" content=\"pt_BR\" \/>\n<meta property=\"og:type\" content=\"article\" \/>\n<meta property=\"og:title\" content=\"POL\u00cdCIA CIVIL REALIZA OPERA\u00c7\u00c3O CAMALE\u00c3O - R\u00e1dio Life FM\" \/>\n<meta property=\"og:description\" content=\"Na tarde deste dia 31 de agosto, perto das 13h,\u00a0a POL\u00cdCIA CIVIL, atrav\u00e9s da 1\u00aa Delegacia de Investiga\u00e7\u00f5es Gerais\u00a0(DIG)\u00a0da Divis\u00e3o Especializada de Investiga\u00e7\u00f5es Criminais de Presidente Prudente \u2013\u00a0DEIC 8\u00a0\u2013 realizou a\u00a0opera\u00e7\u00e3o \u201cCAMALE\u00c3O\u201d. Ap\u00f3s material residual de outra a\u00e7\u00e3o da Pol\u00edcia Civil no ano de 2019 (compartilhamento da Opera\u00e7\u00e3o de Pol\u00edcia Judici\u00e1ria Transponder) identificaram-se ind\u00edcios de [&hellip;]\" \/>\n<meta property=\"og:url\" content=\"https:\/\/radiolifefm.com.br\/noticias\/policia-civil-realiza-operacao-camaleao\/\" \/>\n<meta property=\"og:site_name\" content=\"R\u00e1dio Life FM\" \/>\n<meta property=\"article:publisher\" content=\"https:\/\/www.facebook.com\/radiolifefm\/\" \/>\n<meta property=\"article:published_time\" content=\"2020-09-01T11:35:45+00:00\" \/>\n<meta property=\"article:modified_time\" content=\"2025-08-16T16:10:13+00:00\" \/>\n<meta property=\"og:image\" content=\"https:\/\/static.radiolifefm.com.br\/noticias\/wp-content\/uploads\/2020\/09\/WhatsApp-Image-2020-08-31-at-16.34.21.jpeg\" \/>\n\t<meta property=\"og:image:width\" content=\"1280\" \/>\n\t<meta property=\"og:image:height\" content=\"960\" \/>\n\t<meta property=\"og:image:type\" content=\"image\/jpeg\" \/>\n<meta name=\"author\" content=\"joaograndao\" \/>\n<meta name=\"twitter:card\" content=\"summary_large_image\" \/>\n<meta name=\"twitter:label1\" content=\"Escrito por\" \/>\n\t<meta name=\"twitter:data1\" content=\"joaograndao\" \/>\n\t<meta name=\"twitter:label2\" content=\"Est. tempo de leitura\" \/>\n\t<meta name=\"twitter:data2\" content=\"1 minuto\" \/>\n<script type=\"application\/ld+json\" class=\"yoast-schema-graph\">{\"@context\":\"https:\/\/schema.org\",\"@graph\":[{\"@type\":\"Article\",\"@id\":\"https:\/\/radiolifefm.com.br\/noticias\/policia-civil-realiza-operacao-camaleao\/#article\",\"isPartOf\":{\"@id\":\"https:\/\/radiolifefm.com.br\/noticias\/policia-civil-realiza-operacao-camaleao\/\"},\"author\":{\"name\":\"joaograndao\",\"@id\":\"https:\/\/radiolifefm.com.br\/noticias\/#\/schema\/person\/6876e1240feffe6e1b63fd5cb85abf28\"},\"headline\":\"POL\u00cdCIA CIVIL REALIZA OPERA\u00c7\u00c3O CAMALE\u00c3O\",\"datePublished\":\"2020-09-01T11:35:45+00:00\",\"dateModified\":\"2025-08-16T16:10:13+00:00\",\"mainEntityOfPage\":{\"@id\":\"https:\/\/radiolifefm.com.br\/noticias\/policia-civil-realiza-operacao-camaleao\/\"},\"wordCount\":272,\"publisher\":{\"@id\":\"https:\/\/radiolifefm.com.br\/noticias\/#organization\"},\"image\":{\"@id\":\"https:\/\/radiolifefm.com.br\/noticias\/policia-civil-realiza-operacao-camaleao\/#primaryimage\"},\"thumbnailUrl\":\"https:\/\/radiolifefm.com.br\/noticias\/wp-content\/uploads\/2020\/09\/WhatsApp-Image-2020-08-31-at-16.34.21.jpeg\",\"articleSection\":[\"Regi\u00e3o\"],\"inLanguage\":\"pt-BR\"},{\"@type\":\"WebPage\",\"@id\":\"https:\/\/radiolifefm.com.br\/noticias\/policia-civil-realiza-operacao-camaleao\/\",\"url\":\"https:\/\/radiolifefm.com.br\/noticias\/policia-civil-realiza-operacao-camaleao\/\",\"name\":\"POL\u00cdCIA CIVIL REALIZA OPERA\u00c7\u00c3O CAMALE\u00c3O - R\u00e1dio Life FM\",\"isPartOf\":{\"@id\":\"https:\/\/radiolifefm.com.br\/noticias\/#website\"},\"primaryImageOfPage\":{\"@id\":\"https:\/\/radiolifefm.com.br\/noticias\/policia-civil-realiza-operacao-camaleao\/#primaryimage\"},\"image\":{\"@id\":\"https:\/\/radiolifefm.com.br\/noticias\/policia-civil-realiza-operacao-camaleao\/#primaryimage\"},\"thumbnailUrl\":\"https:\/\/radiolifefm.com.br\/noticias\/wp-content\/uploads\/2020\/09\/WhatsApp-Image-2020-08-31-at-16.34.21.jpeg\",\"datePublished\":\"2020-09-01T11:35:45+00:00\",\"dateModified\":\"2025-08-16T16:10:13+00:00\",\"breadcrumb\":{\"@id\":\"https:\/\/radiolifefm.com.br\/noticias\/policia-civil-realiza-operacao-camaleao\/#breadcrumb\"},\"inLanguage\":\"pt-BR\",\"potentialAction\":[{\"@type\":\"ReadAction\",\"target\":[\"https:\/\/radiolifefm.com.br\/noticias\/policia-civil-realiza-operacao-camaleao\/\"]}]},{\"@type\":\"ImageObject\",\"inLanguage\":\"pt-BR\",\"@id\":\"https:\/\/radiolifefm.com.br\/noticias\/policia-civil-realiza-operacao-camaleao\/#primaryimage\",\"url\":\"https:\/\/radiolifefm.com.br\/noticias\/wp-content\/uploads\/2020\/09\/WhatsApp-Image-2020-08-31-at-16.34.21.jpeg\",\"contentUrl\":\"https:\/\/radiolifefm.com.br\/noticias\/wp-content\/uploads\/2020\/09\/WhatsApp-Image-2020-08-31-at-16.34.21.jpeg\",\"width\":1280,\"height\":960,\"caption\":\"Opera\u00e7\u00e3o Camale\u00e3o\"},{\"@type\":\"BreadcrumbList\",\"@id\":\"https:\/\/radiolifefm.com.br\/noticias\/policia-civil-realiza-operacao-camaleao\/#breadcrumb\",\"itemListElement\":[{\"@type\":\"ListItem\",\"position\":1,\"name\":\"In\u00edcio\",\"item\":\"https:\/\/radiolifefm.com.br\/noticias\/\"},{\"@type\":\"ListItem\",\"position\":2,\"name\":\"POL\u00cdCIA CIVIL REALIZA OPERA\u00c7\u00c3O CAMALE\u00c3O\"}]},{\"@type\":\"WebSite\",\"@id\":\"https:\/\/radiolifefm.com.br\/noticias\/#website\",\"url\":\"https:\/\/radiolifefm.com.br\/noticias\/\",\"name\":\"R\u00e1dio Life FM\",\"description\":\"O Portal de Not\u00edcias de Adamantina\",\"publisher\":{\"@id\":\"https:\/\/radiolifefm.com.br\/noticias\/#organization\"},\"alternateName\":\"Life FM\",\"potentialAction\":[{\"@type\":\"SearchAction\",\"target\":{\"@type\":\"EntryPoint\",\"urlTemplate\":\"https:\/\/radiolifefm.com.br\/noticias\/?s={search_term_string}\"},\"query-input\":{\"@type\":\"PropertyValueSpecification\",\"valueRequired\":true,\"valueName\":\"search_term_string\"}}],\"inLanguage\":\"pt-BR\"},{\"@type\":\"Organization\",\"@id\":\"https:\/\/radiolifefm.com.br\/noticias\/#organization\",\"name\":\"R\u00e1dio Life FM\",\"alternateName\":\"Life FM\",\"url\":\"https:\/\/radiolifefm.com.br\/noticias\/\",\"logo\":{\"@type\":\"ImageObject\",\"inLanguage\":\"pt-BR\",\"@id\":\"https:\/\/radiolifefm.com.br\/noticias\/#\/schema\/logo\/image\/\",\"url\":\"https:\/\/static.radiolifefm.com.br\/noticias\/wp-content\/uploads\/2019\/10\/logo-lifefm.png\",\"contentUrl\":\"https:\/\/static.radiolifefm.com.br\/noticias\/wp-content\/uploads\/2019\/10\/logo-lifefm.png\",\"width\":196,\"height\":47,\"caption\":\"R\u00e1dio Life FM\"},\"image\":{\"@id\":\"https:\/\/radiolifefm.com.br\/noticias\/#\/schema\/logo\/image\/\"},\"sameAs\":[\"https:\/\/www.facebook.com\/radiolifefm\/\",\"https:\/\/www.instagram.com\/life1079fm\/\"]},{\"@type\":\"Person\",\"@id\":\"https:\/\/radiolifefm.com.br\/noticias\/#\/schema\/person\/6876e1240feffe6e1b63fd5cb85abf28\",\"name\":\"joaograndao\",\"image\":{\"@type\":\"ImageObject\",\"inLanguage\":\"pt-BR\",\"@id\":\"https:\/\/secure.gravatar.com\/avatar\/d5b1a3cf357ed9c50404e256a1294083aa8ab5d2a994001567302786016cb32c?s=96&d=mm&r=g\",\"url\":\"https:\/\/secure.gravatar.com\/avatar\/d5b1a3cf357ed9c50404e256a1294083aa8ab5d2a994001567302786016cb32c?s=96&d=mm&r=g\",\"contentUrl\":\"https:\/\/secure.gravatar.com\/avatar\/d5b1a3cf357ed9c50404e256a1294083aa8ab5d2a994001567302786016cb32c?s=96&d=mm&r=g\",\"caption\":\"joaograndao\"}}]}<\/script>\n<!-- \/ Yoast SEO plugin. -->","yoast_head_json":{"title":"POL\u00cdCIA CIVIL REALIZA OPERA\u00c7\u00c3O CAMALE\u00c3O - R\u00e1dio Life FM","robots":{"index":"index","follow":"follow","max-snippet":"max-snippet:-1","max-image-preview":"max-image-preview:large","max-video-preview":"max-video-preview:-1"},"canonical":"https:\/\/radiolifefm.com.br\/noticias\/policia-civil-realiza-operacao-camaleao\/","og_locale":"pt_BR","og_type":"article","og_title":"POL\u00cdCIA CIVIL REALIZA OPERA\u00c7\u00c3O CAMALE\u00c3O - R\u00e1dio Life FM","og_description":"Na tarde deste dia 31 de agosto, perto das 13h,\u00a0a POL\u00cdCIA CIVIL, atrav\u00e9s da 1\u00aa Delegacia de Investiga\u00e7\u00f5es Gerais\u00a0(DIG)\u00a0da Divis\u00e3o Especializada de Investiga\u00e7\u00f5es Criminais de Presidente Prudente \u2013\u00a0DEIC 8\u00a0\u2013 realizou a\u00a0opera\u00e7\u00e3o \u201cCAMALE\u00c3O\u201d. Ap\u00f3s material residual de outra a\u00e7\u00e3o da Pol\u00edcia Civil no ano de 2019 (compartilhamento da Opera\u00e7\u00e3o de Pol\u00edcia Judici\u00e1ria Transponder) identificaram-se ind\u00edcios de [&hellip;]","og_url":"https:\/\/radiolifefm.com.br\/noticias\/policia-civil-realiza-operacao-camaleao\/","og_site_name":"R\u00e1dio Life FM","article_publisher":"https:\/\/www.facebook.com\/radiolifefm\/","article_published_time":"2020-09-01T11:35:45+00:00","article_modified_time":"2025-08-16T16:10:13+00:00","og_image":[{"width":1280,"height":960,"url":"https:\/\/static.radiolifefm.com.br\/noticias\/wp-content\/uploads\/2020\/09\/WhatsApp-Image-2020-08-31-at-16.34.21.jpeg","type":"image\/jpeg"}],"author":"joaograndao","twitter_card":"summary_large_image","twitter_misc":{"Escrito por":"joaograndao","Est. tempo de leitura":"1 minuto"},"schema":{"@context":"https:\/\/schema.org","@graph":[{"@type":"Article","@id":"https:\/\/radiolifefm.com.br\/noticias\/policia-civil-realiza-operacao-camaleao\/#article","isPartOf":{"@id":"https:\/\/radiolifefm.com.br\/noticias\/policia-civil-realiza-operacao-camaleao\/"},"author":{"name":"joaograndao","@id":"https:\/\/radiolifefm.com.br\/noticias\/#\/schema\/person\/6876e1240feffe6e1b63fd5cb85abf28"},"headline":"POL\u00cdCIA CIVIL REALIZA OPERA\u00c7\u00c3O CAMALE\u00c3O","datePublished":"2020-09-01T11:35:45+00:00","dateModified":"2025-08-16T16:10:13+00:00","mainEntityOfPage":{"@id":"https:\/\/radiolifefm.com.br\/noticias\/policia-civil-realiza-operacao-camaleao\/"},"wordCount":272,"publisher":{"@id":"https:\/\/radiolifefm.com.br\/noticias\/#organization"},"image":{"@id":"https:\/\/radiolifefm.com.br\/noticias\/policia-civil-realiza-operacao-camaleao\/#primaryimage"},"thumbnailUrl":"https:\/\/radiolifefm.com.br\/noticias\/wp-content\/uploads\/2020\/09\/WhatsApp-Image-2020-08-31-at-16.34.21.jpeg","articleSection":["Regi\u00e3o"],"inLanguage":"pt-BR"},{"@type":"WebPage","@id":"https:\/\/radiolifefm.com.br\/noticias\/policia-civil-realiza-operacao-camaleao\/","url":"https:\/\/radiolifefm.com.br\/noticias\/policia-civil-realiza-operacao-camaleao\/","name":"POL\u00cdCIA CIVIL REALIZA OPERA\u00c7\u00c3O CAMALE\u00c3O - R\u00e1dio Life FM","isPartOf":{"@id":"https:\/\/radiolifefm.com.br\/noticias\/#website"},"primaryImageOfPage":{"@id":"https:\/\/radiolifefm.com.br\/noticias\/policia-civil-realiza-operacao-camaleao\/#primaryimage"},"image":{"@id":"https:\/\/radiolifefm.com.br\/noticias\/policia-civil-realiza-operacao-camaleao\/#primaryimage"},"thumbnailUrl":"https:\/\/radiolifefm.com.br\/noticias\/wp-content\/uploads\/2020\/09\/WhatsApp-Image-2020-08-31-at-16.34.21.jpeg","datePublished":"2020-09-01T11:35:45+00:00","dateModified":"2025-08-16T16:10:13+00:00","breadcrumb":{"@id":"https:\/\/radiolifefm.com.br\/noticias\/policia-civil-realiza-operacao-camaleao\/#breadcrumb"},"inLanguage":"pt-BR","potentialAction":[{"@type":"ReadAction","target":["https:\/\/radiolifefm.com.br\/noticias\/policia-civil-realiza-operacao-camaleao\/"]}]},{"@type":"ImageObject","inLanguage":"pt-BR","@id":"https:\/\/radiolifefm.com.br\/noticias\/policia-civil-realiza-operacao-camaleao\/#primaryimage","url":"https:\/\/radiolifefm.com.br\/noticias\/wp-content\/uploads\/2020\/09\/WhatsApp-Image-2020-08-31-at-16.34.21.jpeg","contentUrl":"https:\/\/radiolifefm.com.br\/noticias\/wp-content\/uploads\/2020\/09\/WhatsApp-Image-2020-08-31-at-16.34.21.jpeg","width":1280,"height":960,"caption":"Opera\u00e7\u00e3o Camale\u00e3o"},{"@type":"BreadcrumbList","@id":"https:\/\/radiolifefm.com.br\/noticias\/policia-civil-realiza-operacao-camaleao\/#breadcrumb","itemListElement":[{"@type":"ListItem","position":1,"name":"In\u00edcio","item":"https:\/\/radiolifefm.com.br\/noticias\/"},{"@type":"ListItem","position":2,"name":"POL\u00cdCIA CIVIL REALIZA OPERA\u00c7\u00c3O CAMALE\u00c3O"}]},{"@type":"WebSite","@id":"https:\/\/radiolifefm.com.br\/noticias\/#website","url":"https:\/\/radiolifefm.com.br\/noticias\/","name":"R\u00e1dio Life FM","description":"O Portal de Not\u00edcias de Adamantina","publisher":{"@id":"https:\/\/radiolifefm.com.br\/noticias\/#organization"},"alternateName":"Life FM","potentialAction":[{"@type":"SearchAction","target":{"@type":"EntryPoint","urlTemplate":"https:\/\/radiolifefm.com.br\/noticias\/?s={search_term_string}"},"query-input":{"@type":"PropertyValueSpecification","valueRequired":true,"valueName":"search_term_string"}}],"inLanguage":"pt-BR"},{"@type":"Organization","@id":"https:\/\/radiolifefm.com.br\/noticias\/#organization","name":"R\u00e1dio Life FM","alternateName":"Life FM","url":"https:\/\/radiolifefm.com.br\/noticias\/","logo":{"@type":"ImageObject","inLanguage":"pt-BR","@id":"https:\/\/radiolifefm.com.br\/noticias\/#\/schema\/logo\/image\/","url":"https:\/\/static.radiolifefm.com.br\/noticias\/wp-content\/uploads\/2019\/10\/logo-lifefm.png","contentUrl":"https:\/\/static.radiolifefm.com.br\/noticias\/wp-content\/uploads\/2019\/10\/logo-lifefm.png","width":196,"height":47,"caption":"R\u00e1dio Life FM"},"image":{"@id":"https:\/\/radiolifefm.com.br\/noticias\/#\/schema\/logo\/image\/"},"sameAs":["https:\/\/www.facebook.com\/radiolifefm\/","https:\/\/www.instagram.com\/life1079fm\/"]},{"@type":"Person","@id":"https:\/\/radiolifefm.com.br\/noticias\/#\/schema\/person\/6876e1240feffe6e1b63fd5cb85abf28","name":"joaograndao","image":{"@type":"ImageObject","inLanguage":"pt-BR","@id":"https:\/\/secure.gravatar.com\/avatar\/d5b1a3cf357ed9c50404e256a1294083aa8ab5d2a994001567302786016cb32c?s=96&d=mm&r=g","url":"https:\/\/secure.gravatar.com\/avatar\/d5b1a3cf357ed9c50404e256a1294083aa8ab5d2a994001567302786016cb32c?s=96&d=mm&r=g","contentUrl":"https:\/\/secure.gravatar.com\/avatar\/d5b1a3cf357ed9c50404e256a1294083aa8ab5d2a994001567302786016cb32c?s=96&d=mm&r=g","caption":"joaograndao"}}]}},"amp_enabled":true,"_links":{"self":[{"href":"https:\/\/radiolifefm.com.br\/noticias\/wp-json\/wp\/v2\/posts\/25999","targetHints":{"allow":["GET"]}}],"collection":[{"href":"https:\/\/radiolifefm.com.br\/noticias\/wp-json\/wp\/v2\/posts"}],"about":[{"href":"https:\/\/radiolifefm.com.br\/noticias\/wp-json\/wp\/v2\/types\/post"}],"author":[{"embeddable":true,"href":"https:\/\/radiolifefm.com.br\/noticias\/wp-json\/wp\/v2\/users\/8"}],"replies":[{"embeddable":true,"href":"https:\/\/radiolifefm.com.br\/noticias\/wp-json\/wp\/v2\/comments?post=25999"}],"version-history":[{"count":5,"href":"https:\/\/radiolifefm.com.br\/noticias\/wp-json\/wp\/v2\/posts\/25999\/revisions"}],"predecessor-version":[{"id":26005,"href":"https:\/\/radiolifefm.com.br\/noticias\/wp-json\/wp\/v2\/posts\/25999\/revisions\/26005"}],"wp:featuredmedia":[{"embeddable":true,"href":"https:\/\/radiolifefm.com.br\/noticias\/wp-json\/wp\/v2\/media\/26000"}],"wp:attachment":[{"href":"https:\/\/radiolifefm.com.br\/noticias\/wp-json\/wp\/v2\/media?parent=25999"}],"wp:term":[{"taxonomy":"category","embeddable":true,"href":"https:\/\/radiolifefm.com.br\/noticias\/wp-json\/wp\/v2\/categories?post=25999"},{"taxonomy":"post_tag","embeddable":true,"href":"https:\/\/radiolifefm.com.br\/noticias\/wp-json\/wp\/v2\/tags?post=25999"}],"curies":[{"name":"wp","href":"https:\/\/api.w.org\/{rel}","templated":true}]}}