{"id":25979,"date":"2020-08-31T18:51:00","date_gmt":"2020-08-31T21:51:00","guid":{"rendered":"https:\/\/radiolifefm.com.br\/noticias\/?p=25979"},"modified":"2026-03-24T18:38:10","modified_gmt":"2026-03-24T21:38:10","slug":"incendio-em-area-de-preservacao-permanente-mobiliza-corpo-de-bombeiros-em-presidente-epitacio","status":"publish","type":"post","link":"https:\/\/radiolifefm.com.br\/noticias\/incendio-em-area-de-preservacao-permanente-mobiliza-corpo-de-bombeiros-em-presidente-epitacio\/","title":{"rendered":"Inc\u00eandio em \u00c1rea de Preserva\u00e7\u00e3o Permanente mobiliza Corpo de Bombeiros em Presidente Epit\u00e1cio"},"content":{"rendered":"<div id=\"fb-root\"><\/div>\n<div class=\"mc-column content-text active-extra-styles \" data-block-type=\"unstyled\" data-block-weight=\"35\" data-block-id=\"2\">\n<p class=\"content-text__container \" data-track-category=\"Link no Texto\" data-track-links=\"\">Equipes do Corpo de Bombeiros se mobilizaram na tarde desta segunda-feira (31) para conter um inc\u00eandio de grande propor\u00e7\u00e3o que atingiu uma \u00c1rea de Preserva\u00e7\u00e3o Permanente nas margens do C\u00f3rrego do Veado, em\u00a0<a href=\"https:\/\/g1.globo.com\/sp\/presidente-prudente-regiao\/cidade\/presidente-epitacio\/\">Presidente Epit\u00e1cio<\/a>.<\/p>\n<\/div>\n<div class=\"wall protected-content\">\n<div class=\"mc-column content-text active-extra-styles \" data-block-type=\"unstyled\" data-block-weight=\"20\" data-block-id=\"3\">\n<p class=\"content-text__container \" data-track-category=\"Link no Texto\" data-track-links=\"\">A corpora\u00e7\u00e3o teve o apoio do helic\u00f3ptero \u00c1guia e da Companhia Energ\u00e9tica de S\u00e3o Paulo (Cesp) para conter as chamas.<\/p>\n<\/div>\n<div class=\"mc-column content-text active-extra-styles \" data-block-type=\"unstyled\" data-block-weight=\"31\" data-block-id=\"4\">\n<p class=\"content-text__container \" data-track-category=\"Link no Texto\" data-track-links=\"\">De acordo com o ambientalista Djalma Weffort, o fogo atingiu cerca de 20 hectares tanto da Associa\u00e7\u00e3o em Defesa do Rio Paran\u00e1, Afluentes e Mata Ciliar (Apoena) quanto de propriedades vizinhas.<\/p>\n<\/div>\n<div class=\"mc-column content-text active-extra-styles \" data-block-type=\"unstyled\" data-block-weight=\"9\" data-block-id=\"5\">\n<p class=\"content-text__container \" data-track-category=\"Link no Texto\" data-track-links=\"\">No domingo (30), tamb\u00e9m foram registrados focos de inc\u00eandio.<\/p>\n<p><em><strong>Por G1 Presidente Prudente\u00a0<\/strong><\/em><\/p>\n<\/div>\n<\/div>\n","protected":false},"excerpt":{"rendered":"<p>Equipes do Corpo de Bombeiros se mobilizaram na tarde desta segunda-feira (31) para conter um inc\u00eandio de grande propor\u00e7\u00e3o que atingiu uma \u00c1rea de Preserva\u00e7\u00e3o Permanente nas margens do C\u00f3rrego do Veado, em\u00a0Presidente Epit\u00e1cio. A corpora\u00e7\u00e3o teve o apoio do helic\u00f3ptero \u00c1guia e da Companhia Energ\u00e9tica de S\u00e3o Paulo (Cesp) para conter as chamas. De [&hellip;]<\/p>\n","protected":false},"author":11,"featured_media":25983,"comment_status":"open","ping_status":"open","sticky":false,"template":"","format":"standard","meta":{"_acf_changed":false,"_exactmetrics_skip_tracking":false,"_exactmetrics_sitenote_active":false,"_exactmetrics_sitenote_note":"","_exactmetrics_sitenote_category":0,"footnotes":""},"categories":[24],"tags":[],"class_list":["post-25979","post","type-post","status-publish","format-standard","has-post-thumbnail","hentry","category-regiao"],"acf":[],"yoast_head":"<!-- This site is optimized with the Yoast SEO plugin v27.2 - https:\/\/yoast.com\/product\/yoast-seo-wordpress\/ -->\n<title>Inc\u00eandio em \u00c1rea de Preserva\u00e7\u00e3o Permanente mobiliza Corpo de Bombeiros em Presidente Epit\u00e1cio - R\u00e1dio Life FM<\/title>\n<meta name=\"description\" content=\"No domingo (30), tamb\u00e9m foram registrados focos de inc\u00eandio.\" \/>\n<meta name=\"robots\" content=\"index, follow, max-snippet:-1, max-image-preview:large, max-video-preview:-1\" \/>\n<link rel=\"canonical\" href=\"https:\/\/radiolifefm.com.br\/noticias\/incendio-em-area-de-preservacao-permanente-mobiliza-corpo-de-bombeiros-em-presidente-epitacio\/\" \/>\n<meta property=\"og:locale\" content=\"pt_BR\" \/>\n<meta property=\"og:type\" content=\"article\" \/>\n<meta property=\"og:title\" content=\"Inc\u00eandio em \u00c1rea de Preserva\u00e7\u00e3o Permanente mobiliza Corpo de Bombeiros em Presidente Epit\u00e1cio - R\u00e1dio Life FM\" \/>\n<meta property=\"og:description\" content=\"No domingo (30), tamb\u00e9m foram registrados focos de inc\u00eandio.\" \/>\n<meta property=\"og:url\" content=\"https:\/\/radiolifefm.com.br\/noticias\/incendio-em-area-de-preservacao-permanente-mobiliza-corpo-de-bombeiros-em-presidente-epitacio\/\" \/>\n<meta property=\"og:site_name\" content=\"R\u00e1dio Life FM\" \/>\n<meta property=\"article:publisher\" content=\"https:\/\/www.facebook.com\/radiolifefm\/\" \/>\n<meta property=\"article:published_time\" content=\"2020-08-31T21:51:00+00:00\" \/>\n<meta property=\"article:modified_time\" content=\"2026-03-24T21:38:10+00:00\" \/>\n<meta property=\"og:image\" content=\"https:\/\/radiolifefm.com.br\/noticias\/wp-content\/uploads\/2020\/08\/whatsapp-image-2020-08-31-at-18.32.41-1-.jpeg\" \/>\n\t<meta property=\"og:image:width\" content=\"1000\" \/>\n\t<meta property=\"og:image:height\" content=\"500\" \/>\n\t<meta property=\"og:image:type\" content=\"image\/jpeg\" \/>\n<meta name=\"author\" content=\"palomaborzan\" \/>\n<meta name=\"twitter:card\" content=\"summary_large_image\" \/>\n<meta name=\"twitter:label1\" content=\"Escrito por\" \/>\n\t<meta name=\"twitter:data1\" content=\"palomaborzan\" \/>\n\t<meta name=\"twitter:label2\" content=\"Est. tempo de leitura\" \/>\n\t<meta name=\"twitter:data2\" content=\"1 minuto\" \/>\n<script type=\"application\/ld+json\" class=\"yoast-schema-graph\">{\"@context\":\"https:\/\/schema.org\",\"@graph\":[{\"@type\":\"Article\",\"@id\":\"https:\/\/radiolifefm.com.br\/noticias\/incendio-em-area-de-preservacao-permanente-mobiliza-corpo-de-bombeiros-em-presidente-epitacio\/#article\",\"isPartOf\":{\"@id\":\"https:\/\/radiolifefm.com.br\/noticias\/incendio-em-area-de-preservacao-permanente-mobiliza-corpo-de-bombeiros-em-presidente-epitacio\/\"},\"author\":{\"name\":\"palomaborzan\",\"@id\":\"https:\/\/radiolifefm.com.br\/noticias\/#\/schema\/person\/58af3e98e78c224fbe3e142e87d53f9d\"},\"headline\":\"Inc\u00eandio em \u00c1rea de Preserva\u00e7\u00e3o Permanente mobiliza Corpo de Bombeiros em Presidente Epit\u00e1cio\",\"datePublished\":\"2020-08-31T21:51:00+00:00\",\"dateModified\":\"2026-03-24T21:38:10+00:00\",\"mainEntityOfPage\":{\"@id\":\"https:\/\/radiolifefm.com.br\/noticias\/incendio-em-area-de-preservacao-permanente-mobiliza-corpo-de-bombeiros-em-presidente-epitacio\/\"},\"wordCount\":124,\"commentCount\":0,\"publisher\":{\"@id\":\"https:\/\/radiolifefm.com.br\/noticias\/#organization\"},\"image\":{\"@id\":\"https:\/\/radiolifefm.com.br\/noticias\/incendio-em-area-de-preservacao-permanente-mobiliza-corpo-de-bombeiros-em-presidente-epitacio\/#primaryimage\"},\"thumbnailUrl\":\"https:\/\/radiolifefm.com.br\/noticias\/wp-content\/uploads\/2020\/08\/whatsapp-image-2020-08-31-at-18.32.41-1-.jpeg\",\"articleSection\":[\"Regi\u00e3o\"],\"inLanguage\":\"pt-BR\",\"potentialAction\":[{\"@type\":\"CommentAction\",\"name\":\"Comment\",\"target\":[\"https:\/\/radiolifefm.com.br\/noticias\/incendio-em-area-de-preservacao-permanente-mobiliza-corpo-de-bombeiros-em-presidente-epitacio\/#respond\"]}]},{\"@type\":\"WebPage\",\"@id\":\"https:\/\/radiolifefm.com.br\/noticias\/incendio-em-area-de-preservacao-permanente-mobiliza-corpo-de-bombeiros-em-presidente-epitacio\/\",\"url\":\"https:\/\/radiolifefm.com.br\/noticias\/incendio-em-area-de-preservacao-permanente-mobiliza-corpo-de-bombeiros-em-presidente-epitacio\/\",\"name\":\"Inc\u00eandio em \u00c1rea de Preserva\u00e7\u00e3o Permanente mobiliza Corpo de Bombeiros em Presidente Epit\u00e1cio - R\u00e1dio Life FM\",\"isPartOf\":{\"@id\":\"https:\/\/radiolifefm.com.br\/noticias\/#website\"},\"primaryImageOfPage\":{\"@id\":\"https:\/\/radiolifefm.com.br\/noticias\/incendio-em-area-de-preservacao-permanente-mobiliza-corpo-de-bombeiros-em-presidente-epitacio\/#primaryimage\"},\"image\":{\"@id\":\"https:\/\/radiolifefm.com.br\/noticias\/incendio-em-area-de-preservacao-permanente-mobiliza-corpo-de-bombeiros-em-presidente-epitacio\/#primaryimage\"},\"thumbnailUrl\":\"https:\/\/radiolifefm.com.br\/noticias\/wp-content\/uploads\/2020\/08\/whatsapp-image-2020-08-31-at-18.32.41-1-.jpeg\",\"datePublished\":\"2020-08-31T21:51:00+00:00\",\"dateModified\":\"2026-03-24T21:38:10+00:00\",\"description\":\"No domingo (30), tamb\u00e9m foram registrados focos de inc\u00eandio.\",\"breadcrumb\":{\"@id\":\"https:\/\/radiolifefm.com.br\/noticias\/incendio-em-area-de-preservacao-permanente-mobiliza-corpo-de-bombeiros-em-presidente-epitacio\/#breadcrumb\"},\"inLanguage\":\"pt-BR\",\"potentialAction\":[{\"@type\":\"ReadAction\",\"target\":[\"https:\/\/radiolifefm.com.br\/noticias\/incendio-em-area-de-preservacao-permanente-mobiliza-corpo-de-bombeiros-em-presidente-epitacio\/\"]}]},{\"@type\":\"ImageObject\",\"inLanguage\":\"pt-BR\",\"@id\":\"https:\/\/radiolifefm.com.br\/noticias\/incendio-em-area-de-preservacao-permanente-mobiliza-corpo-de-bombeiros-em-presidente-epitacio\/#primaryimage\",\"url\":\"https:\/\/radiolifefm.com.br\/noticias\/wp-content\/uploads\/2020\/08\/whatsapp-image-2020-08-31-at-18.32.41-1-.jpeg\",\"contentUrl\":\"https:\/\/radiolifefm.com.br\/noticias\/wp-content\/uploads\/2020\/08\/whatsapp-image-2020-08-31-at-18.32.41-1-.jpeg\",\"width\":1000,\"height\":500,\"caption\":\"Fogo atingiu reserva ambiental em Presidente Epit\u00e1cio \u2014 Foto: Djalma Weffort\/Apoena\"},{\"@type\":\"BreadcrumbList\",\"@id\":\"https:\/\/radiolifefm.com.br\/noticias\/incendio-em-area-de-preservacao-permanente-mobiliza-corpo-de-bombeiros-em-presidente-epitacio\/#breadcrumb\",\"itemListElement\":[{\"@type\":\"ListItem\",\"position\":1,\"name\":\"In\u00edcio\",\"item\":\"https:\/\/radiolifefm.com.br\/noticias\/\"},{\"@type\":\"ListItem\",\"position\":2,\"name\":\"Inc\u00eandio em \u00c1rea de Preserva\u00e7\u00e3o Permanente mobiliza Corpo de Bombeiros em Presidente Epit\u00e1cio\"}]},{\"@type\":\"WebSite\",\"@id\":\"https:\/\/radiolifefm.com.br\/noticias\/#website\",\"url\":\"https:\/\/radiolifefm.com.br\/noticias\/\",\"name\":\"R\u00e1dio Life FM\",\"description\":\"O Portal de Not\u00edcias de Adamantina\",\"publisher\":{\"@id\":\"https:\/\/radiolifefm.com.br\/noticias\/#organization\"},\"alternateName\":\"Life FM\",\"potentialAction\":[{\"@type\":\"SearchAction\",\"target\":{\"@type\":\"EntryPoint\",\"urlTemplate\":\"https:\/\/radiolifefm.com.br\/noticias\/?s={search_term_string}\"},\"query-input\":{\"@type\":\"PropertyValueSpecification\",\"valueRequired\":true,\"valueName\":\"search_term_string\"}}],\"inLanguage\":\"pt-BR\"},{\"@type\":\"Organization\",\"@id\":\"https:\/\/radiolifefm.com.br\/noticias\/#organization\",\"name\":\"R\u00e1dio Life FM\",\"alternateName\":\"Life FM\",\"url\":\"https:\/\/radiolifefm.com.br\/noticias\/\",\"logo\":{\"@type\":\"ImageObject\",\"inLanguage\":\"pt-BR\",\"@id\":\"https:\/\/radiolifefm.com.br\/noticias\/#\/schema\/logo\/image\/\",\"url\":\"https:\/\/static.radiolifefm.com.br\/noticias\/wp-content\/uploads\/2019\/10\/logo-lifefm.png\",\"contentUrl\":\"https:\/\/static.radiolifefm.com.br\/noticias\/wp-content\/uploads\/2019\/10\/logo-lifefm.png\",\"width\":196,\"height\":47,\"caption\":\"R\u00e1dio Life FM\"},\"image\":{\"@id\":\"https:\/\/radiolifefm.com.br\/noticias\/#\/schema\/logo\/image\/\"},\"sameAs\":[\"https:\/\/www.facebook.com\/radiolifefm\/\",\"https:\/\/www.instagram.com\/life1079fm\/\"]},{\"@type\":\"Person\",\"@id\":\"https:\/\/radiolifefm.com.br\/noticias\/#\/schema\/person\/58af3e98e78c224fbe3e142e87d53f9d\",\"name\":\"palomaborzan\",\"image\":{\"@type\":\"ImageObject\",\"inLanguage\":\"pt-BR\",\"@id\":\"https:\/\/secure.gravatar.com\/avatar\/495dd4d309288e9e8b97792861022a1857603be0c564711b6748b454e0a374dd?s=96&d=mm&r=g\",\"url\":\"https:\/\/secure.gravatar.com\/avatar\/495dd4d309288e9e8b97792861022a1857603be0c564711b6748b454e0a374dd?s=96&d=mm&r=g\",\"contentUrl\":\"https:\/\/secure.gravatar.com\/avatar\/495dd4d309288e9e8b97792861022a1857603be0c564711b6748b454e0a374dd?s=96&d=mm&r=g\",\"caption\":\"palomaborzan\"}}]}<\/script>\n<!-- \/ Yoast SEO plugin. -->","yoast_head_json":{"title":"Inc\u00eandio em \u00c1rea de Preserva\u00e7\u00e3o Permanente mobiliza Corpo de Bombeiros em Presidente Epit\u00e1cio - R\u00e1dio Life FM","description":"No domingo (30), tamb\u00e9m foram registrados focos de inc\u00eandio.","robots":{"index":"index","follow":"follow","max-snippet":"max-snippet:-1","max-image-preview":"max-image-preview:large","max-video-preview":"max-video-preview:-1"},"canonical":"https:\/\/radiolifefm.com.br\/noticias\/incendio-em-area-de-preservacao-permanente-mobiliza-corpo-de-bombeiros-em-presidente-epitacio\/","og_locale":"pt_BR","og_type":"article","og_title":"Inc\u00eandio em \u00c1rea de Preserva\u00e7\u00e3o Permanente mobiliza Corpo de Bombeiros em Presidente Epit\u00e1cio - R\u00e1dio Life FM","og_description":"No domingo (30), tamb\u00e9m foram registrados focos de inc\u00eandio.","og_url":"https:\/\/radiolifefm.com.br\/noticias\/incendio-em-area-de-preservacao-permanente-mobiliza-corpo-de-bombeiros-em-presidente-epitacio\/","og_site_name":"R\u00e1dio Life FM","article_publisher":"https:\/\/www.facebook.com\/radiolifefm\/","article_published_time":"2020-08-31T21:51:00+00:00","article_modified_time":"2026-03-24T21:38:10+00:00","og_image":[{"width":1000,"height":500,"url":"https:\/\/radiolifefm.com.br\/noticias\/wp-content\/uploads\/2020\/08\/whatsapp-image-2020-08-31-at-18.32.41-1-.jpeg","type":"image\/jpeg"}],"author":"palomaborzan","twitter_card":"summary_large_image","twitter_misc":{"Escrito por":"palomaborzan","Est. tempo de leitura":"1 minuto"},"schema":{"@context":"https:\/\/schema.org","@graph":[{"@type":"Article","@id":"https:\/\/radiolifefm.com.br\/noticias\/incendio-em-area-de-preservacao-permanente-mobiliza-corpo-de-bombeiros-em-presidente-epitacio\/#article","isPartOf":{"@id":"https:\/\/radiolifefm.com.br\/noticias\/incendio-em-area-de-preservacao-permanente-mobiliza-corpo-de-bombeiros-em-presidente-epitacio\/"},"author":{"name":"palomaborzan","@id":"https:\/\/radiolifefm.com.br\/noticias\/#\/schema\/person\/58af3e98e78c224fbe3e142e87d53f9d"},"headline":"Inc\u00eandio em \u00c1rea de Preserva\u00e7\u00e3o Permanente mobiliza Corpo de Bombeiros em Presidente Epit\u00e1cio","datePublished":"2020-08-31T21:51:00+00:00","dateModified":"2026-03-24T21:38:10+00:00","mainEntityOfPage":{"@id":"https:\/\/radiolifefm.com.br\/noticias\/incendio-em-area-de-preservacao-permanente-mobiliza-corpo-de-bombeiros-em-presidente-epitacio\/"},"wordCount":124,"commentCount":0,"publisher":{"@id":"https:\/\/radiolifefm.com.br\/noticias\/#organization"},"image":{"@id":"https:\/\/radiolifefm.com.br\/noticias\/incendio-em-area-de-preservacao-permanente-mobiliza-corpo-de-bombeiros-em-presidente-epitacio\/#primaryimage"},"thumbnailUrl":"https:\/\/radiolifefm.com.br\/noticias\/wp-content\/uploads\/2020\/08\/whatsapp-image-2020-08-31-at-18.32.41-1-.jpeg","articleSection":["Regi\u00e3o"],"inLanguage":"pt-BR","potentialAction":[{"@type":"CommentAction","name":"Comment","target":["https:\/\/radiolifefm.com.br\/noticias\/incendio-em-area-de-preservacao-permanente-mobiliza-corpo-de-bombeiros-em-presidente-epitacio\/#respond"]}]},{"@type":"WebPage","@id":"https:\/\/radiolifefm.com.br\/noticias\/incendio-em-area-de-preservacao-permanente-mobiliza-corpo-de-bombeiros-em-presidente-epitacio\/","url":"https:\/\/radiolifefm.com.br\/noticias\/incendio-em-area-de-preservacao-permanente-mobiliza-corpo-de-bombeiros-em-presidente-epitacio\/","name":"Inc\u00eandio em \u00c1rea de Preserva\u00e7\u00e3o Permanente mobiliza Corpo de Bombeiros em Presidente Epit\u00e1cio - R\u00e1dio Life FM","isPartOf":{"@id":"https:\/\/radiolifefm.com.br\/noticias\/#website"},"primaryImageOfPage":{"@id":"https:\/\/radiolifefm.com.br\/noticias\/incendio-em-area-de-preservacao-permanente-mobiliza-corpo-de-bombeiros-em-presidente-epitacio\/#primaryimage"},"image":{"@id":"https:\/\/radiolifefm.com.br\/noticias\/incendio-em-area-de-preservacao-permanente-mobiliza-corpo-de-bombeiros-em-presidente-epitacio\/#primaryimage"},"thumbnailUrl":"https:\/\/radiolifefm.com.br\/noticias\/wp-content\/uploads\/2020\/08\/whatsapp-image-2020-08-31-at-18.32.41-1-.jpeg","datePublished":"2020-08-31T21:51:00+00:00","dateModified":"2026-03-24T21:38:10+00:00","description":"No domingo (30), tamb\u00e9m foram registrados focos de inc\u00eandio.","breadcrumb":{"@id":"https:\/\/radiolifefm.com.br\/noticias\/incendio-em-area-de-preservacao-permanente-mobiliza-corpo-de-bombeiros-em-presidente-epitacio\/#breadcrumb"},"inLanguage":"pt-BR","potentialAction":[{"@type":"ReadAction","target":["https:\/\/radiolifefm.com.br\/noticias\/incendio-em-area-de-preservacao-permanente-mobiliza-corpo-de-bombeiros-em-presidente-epitacio\/"]}]},{"@type":"ImageObject","inLanguage":"pt-BR","@id":"https:\/\/radiolifefm.com.br\/noticias\/incendio-em-area-de-preservacao-permanente-mobiliza-corpo-de-bombeiros-em-presidente-epitacio\/#primaryimage","url":"https:\/\/radiolifefm.com.br\/noticias\/wp-content\/uploads\/2020\/08\/whatsapp-image-2020-08-31-at-18.32.41-1-.jpeg","contentUrl":"https:\/\/radiolifefm.com.br\/noticias\/wp-content\/uploads\/2020\/08\/whatsapp-image-2020-08-31-at-18.32.41-1-.jpeg","width":1000,"height":500,"caption":"Fogo atingiu reserva ambiental em Presidente Epit\u00e1cio \u2014 Foto: Djalma Weffort\/Apoena"},{"@type":"BreadcrumbList","@id":"https:\/\/radiolifefm.com.br\/noticias\/incendio-em-area-de-preservacao-permanente-mobiliza-corpo-de-bombeiros-em-presidente-epitacio\/#breadcrumb","itemListElement":[{"@type":"ListItem","position":1,"name":"In\u00edcio","item":"https:\/\/radiolifefm.com.br\/noticias\/"},{"@type":"ListItem","position":2,"name":"Inc\u00eandio em \u00c1rea de Preserva\u00e7\u00e3o Permanente mobiliza Corpo de Bombeiros em Presidente Epit\u00e1cio"}]},{"@type":"WebSite","@id":"https:\/\/radiolifefm.com.br\/noticias\/#website","url":"https:\/\/radiolifefm.com.br\/noticias\/","name":"R\u00e1dio Life FM","description":"O Portal de Not\u00edcias de Adamantina","publisher":{"@id":"https:\/\/radiolifefm.com.br\/noticias\/#organization"},"alternateName":"Life FM","potentialAction":[{"@type":"SearchAction","target":{"@type":"EntryPoint","urlTemplate":"https:\/\/radiolifefm.com.br\/noticias\/?s={search_term_string}"},"query-input":{"@type":"PropertyValueSpecification","valueRequired":true,"valueName":"search_term_string"}}],"inLanguage":"pt-BR"},{"@type":"Organization","@id":"https:\/\/radiolifefm.com.br\/noticias\/#organization","name":"R\u00e1dio Life FM","alternateName":"Life FM","url":"https:\/\/radiolifefm.com.br\/noticias\/","logo":{"@type":"ImageObject","inLanguage":"pt-BR","@id":"https:\/\/radiolifefm.com.br\/noticias\/#\/schema\/logo\/image\/","url":"https:\/\/static.radiolifefm.com.br\/noticias\/wp-content\/uploads\/2019\/10\/logo-lifefm.png","contentUrl":"https:\/\/static.radiolifefm.com.br\/noticias\/wp-content\/uploads\/2019\/10\/logo-lifefm.png","width":196,"height":47,"caption":"R\u00e1dio Life FM"},"image":{"@id":"https:\/\/radiolifefm.com.br\/noticias\/#\/schema\/logo\/image\/"},"sameAs":["https:\/\/www.facebook.com\/radiolifefm\/","https:\/\/www.instagram.com\/life1079fm\/"]},{"@type":"Person","@id":"https:\/\/radiolifefm.com.br\/noticias\/#\/schema\/person\/58af3e98e78c224fbe3e142e87d53f9d","name":"palomaborzan","image":{"@type":"ImageObject","inLanguage":"pt-BR","@id":"https:\/\/secure.gravatar.com\/avatar\/495dd4d309288e9e8b97792861022a1857603be0c564711b6748b454e0a374dd?s=96&d=mm&r=g","url":"https:\/\/secure.gravatar.com\/avatar\/495dd4d309288e9e8b97792861022a1857603be0c564711b6748b454e0a374dd?s=96&d=mm&r=g","contentUrl":"https:\/\/secure.gravatar.com\/avatar\/495dd4d309288e9e8b97792861022a1857603be0c564711b6748b454e0a374dd?s=96&d=mm&r=g","caption":"palomaborzan"}}]}},"amp_enabled":true,"_links":{"self":[{"href":"https:\/\/radiolifefm.com.br\/noticias\/wp-json\/wp\/v2\/posts\/25979","targetHints":{"allow":["GET"]}}],"collection":[{"href":"https:\/\/radiolifefm.com.br\/noticias\/wp-json\/wp\/v2\/posts"}],"about":[{"href":"https:\/\/radiolifefm.com.br\/noticias\/wp-json\/wp\/v2\/types\/post"}],"author":[{"embeddable":true,"href":"https:\/\/radiolifefm.com.br\/noticias\/wp-json\/wp\/v2\/users\/11"}],"replies":[{"embeddable":true,"href":"https:\/\/radiolifefm.com.br\/noticias\/wp-json\/wp\/v2\/comments?post=25979"}],"version-history":[{"count":2,"href":"https:\/\/radiolifefm.com.br\/noticias\/wp-json\/wp\/v2\/posts\/25979\/revisions"}],"predecessor-version":[{"id":25985,"href":"https:\/\/radiolifefm.com.br\/noticias\/wp-json\/wp\/v2\/posts\/25979\/revisions\/25985"}],"wp:featuredmedia":[{"embeddable":true,"href":"https:\/\/radiolifefm.com.br\/noticias\/wp-json\/wp\/v2\/media\/25983"}],"wp:attachment":[{"href":"https:\/\/radiolifefm.com.br\/noticias\/wp-json\/wp\/v2\/media?parent=25979"}],"wp:term":[{"taxonomy":"category","embeddable":true,"href":"https:\/\/radiolifefm.com.br\/noticias\/wp-json\/wp\/v2\/categories?post=25979"},{"taxonomy":"post_tag","embeddable":true,"href":"https:\/\/radiolifefm.com.br\/noticias\/wp-json\/wp\/v2\/tags?post=25979"}],"curies":[{"name":"wp","href":"https:\/\/api.w.org\/{rel}","templated":true}]}}