{"id":25940,"date":"2020-08-31T14:36:35","date_gmt":"2020-08-31T17:36:35","guid":{"rendered":"https:\/\/radiolifefm.com.br\/noticias\/?p=25940"},"modified":"2026-04-19T13:44:55","modified_gmt":"2026-04-19T16:44:55","slug":"menino-de-12-anos-e-golpeado-a-facada-durante-discussao","status":"publish","type":"post","link":"https:\/\/radiolifefm.com.br\/noticias\/menino-de-12-anos-e-golpeado-a-facada-durante-discussao\/","title":{"rendered":"Menino de 12 anos \u00e9 golpeado a facada durante discuss\u00e3o"},"content":{"rendered":"<div id=\"fb-root\"><\/div>\n<p>Duas pessoas ficaram feridas durante uma discuss\u00e3o em\u00a0<a href=\"https:\/\/www.imparcial.com.br\/guia\/assunto\/ouro-verde\" data-gid=\"1286\">Ouro Verde<\/a>. No s\u00e1bado, m\u00e3e e filho foram atingidos a golpes de faca pelo ex-companheiro da mulher, que foi preso logo ap\u00f3s o crime.<\/p>\n<p>De acordo com a\u00a0<a href=\"https:\/\/www.imparcial.com.br\/guia\/assunto\/policia-civil\" data-gid=\"1507\">Pol\u00edcia Civil<\/a>, o casal est\u00e1 em processo de separa\u00e7\u00e3o, e, aparentemente, a briga ocorreu por ci\u00fames do acusado em rela\u00e7\u00e3o \u00e0 mulher.<\/p>\n<p>Durante o desentendimento, o agressor atacou a v\u00edtima de 28 anos com uma faca de cozinha na regi\u00e3o do abd\u00f4men. Ao ver a cena, o filho da mulher, 12 anos, tentou defender a m\u00e3e, mas tamb\u00e9m acabou sendo golpeado no bra\u00e7o direito.<\/p>\n<p>Ap\u00f3s o crime, as v\u00edtimas foram socorridas ao Pronto-Atendimento Municipal, onde foram medicadas.<\/p>\n<p>Conforme a Pol\u00edcia Civil, apesar de a arma utilizada ter sido uma faca, os ferimentos causados foram de natureza leve.<\/p>\n<p>Logo ap\u00f3s o crime o agressor foi detido pela\u00a0<a href=\"https:\/\/www.imparcial.com.br\/guia\/assunto\/policia-militar\" data-gid=\"1509\">Pol\u00edcia Militar<\/a>\u00a0nas imedia\u00e7\u00f5es do Pronto-Atendimento, enquanto tentava dar partida no carro. Durante a abordagem ele confessou o crime.<\/p>\n<p>Depois da pris\u00e3o as v\u00edtimas estiveram na delegacia onde prestaram depoimento. Devido ao flagrante, o autor foi preso e permanece \u00e0 disposi\u00e7\u00e3o da Justi\u00e7a.<\/p>\n<p>A faca utilizada foi apreendida e ser\u00e1 periciada.<\/p>\n<p><em><strong>Por O Imparcial Presidente Prudente\u00a0<\/strong><\/em><\/p>\n","protected":false},"excerpt":{"rendered":"<p>Duas pessoas ficaram feridas durante uma discuss\u00e3o em\u00a0Ouro Verde. No s\u00e1bado, m\u00e3e e filho foram atingidos a golpes de faca pelo ex-companheiro da mulher, que foi preso logo ap\u00f3s o crime. De acordo com a\u00a0Pol\u00edcia Civil, o casal est\u00e1 em processo de separa\u00e7\u00e3o, e, aparentemente, a briga ocorreu por ci\u00fames do acusado em rela\u00e7\u00e3o \u00e0 [&hellip;]<\/p>\n","protected":false},"author":11,"featured_media":25942,"comment_status":"closed","ping_status":"open","sticky":false,"template":"","format":"standard","meta":{"_acf_changed":false,"_exactmetrics_skip_tracking":false,"_exactmetrics_sitenote_active":false,"_exactmetrics_sitenote_note":"","_exactmetrics_sitenote_category":0,"footnotes":""},"categories":[24],"tags":[],"class_list":["post-25940","post","type-post","status-publish","format-standard","has-post-thumbnail","hentry","category-regiao"],"acf":[],"yoast_head":"<!-- This site is optimized with the Yoast SEO plugin v27.2 - https:\/\/yoast.com\/product\/yoast-seo-wordpress\/ -->\n<title>Menino de 12 anos \u00e9 golpeado a facada durante discuss\u00e3o - R\u00e1dio Life FM<\/title>\n<meta name=\"robots\" content=\"index, follow, max-snippet:-1, max-image-preview:large, max-video-preview:-1\" \/>\n<link rel=\"canonical\" href=\"https:\/\/radiolifefm.com.br\/noticias\/menino-de-12-anos-e-golpeado-a-facada-durante-discussao\/\" \/>\n<meta property=\"og:locale\" content=\"pt_BR\" \/>\n<meta property=\"og:type\" content=\"article\" \/>\n<meta property=\"og:title\" content=\"Menino de 12 anos \u00e9 golpeado a facada durante discuss\u00e3o - R\u00e1dio Life FM\" \/>\n<meta property=\"og:description\" content=\"Duas pessoas ficaram feridas durante uma discuss\u00e3o em\u00a0Ouro Verde. No s\u00e1bado, m\u00e3e e filho foram atingidos a golpes de faca pelo ex-companheiro da mulher, que foi preso logo ap\u00f3s o crime. De acordo com a\u00a0Pol\u00edcia Civil, o casal est\u00e1 em processo de separa\u00e7\u00e3o, e, aparentemente, a briga ocorreu por ci\u00fames do acusado em rela\u00e7\u00e3o \u00e0 [&hellip;]\" \/>\n<meta property=\"og:url\" content=\"https:\/\/radiolifefm.com.br\/noticias\/menino-de-12-anos-e-golpeado-a-facada-durante-discussao\/\" \/>\n<meta property=\"og:site_name\" content=\"R\u00e1dio Life FM\" \/>\n<meta property=\"article:publisher\" content=\"https:\/\/www.facebook.com\/radiolifefm\/\" \/>\n<meta property=\"article:published_time\" content=\"2020-08-31T17:36:35+00:00\" \/>\n<meta property=\"article:modified_time\" content=\"2026-04-19T16:44:55+00:00\" \/>\n<meta property=\"og:image\" content=\"https:\/\/radiolifefm.com.br\/noticias\/wp-content\/uploads\/2020\/08\/Sem-titulo.png\" \/>\n\t<meta property=\"og:image:width\" content=\"573\" \/>\n\t<meta property=\"og:image:height\" content=\"425\" \/>\n\t<meta property=\"og:image:type\" content=\"image\/png\" \/>\n<meta name=\"author\" content=\"palomaborzan\" \/>\n<meta name=\"twitter:card\" content=\"summary_large_image\" \/>\n<meta name=\"twitter:label1\" content=\"Escrito por\" \/>\n\t<meta name=\"twitter:data1\" content=\"palomaborzan\" \/>\n\t<meta name=\"twitter:label2\" content=\"Est. tempo de leitura\" \/>\n\t<meta name=\"twitter:data2\" content=\"1 minuto\" \/>\n<script type=\"application\/ld+json\" class=\"yoast-schema-graph\">{\"@context\":\"https:\/\/schema.org\",\"@graph\":[{\"@type\":\"Article\",\"@id\":\"https:\/\/radiolifefm.com.br\/noticias\/menino-de-12-anos-e-golpeado-a-facada-durante-discussao\/#article\",\"isPartOf\":{\"@id\":\"https:\/\/radiolifefm.com.br\/noticias\/menino-de-12-anos-e-golpeado-a-facada-durante-discussao\/\"},\"author\":{\"name\":\"palomaborzan\",\"@id\":\"https:\/\/radiolifefm.com.br\/noticias\/#\/schema\/person\/58af3e98e78c224fbe3e142e87d53f9d\"},\"headline\":\"Menino de 12 anos \u00e9 golpeado a facada durante discuss\u00e3o\",\"datePublished\":\"2020-08-31T17:36:35+00:00\",\"dateModified\":\"2026-04-19T16:44:55+00:00\",\"mainEntityOfPage\":{\"@id\":\"https:\/\/radiolifefm.com.br\/noticias\/menino-de-12-anos-e-golpeado-a-facada-durante-discussao\/\"},\"wordCount\":227,\"publisher\":{\"@id\":\"https:\/\/radiolifefm.com.br\/noticias\/#organization\"},\"image\":{\"@id\":\"https:\/\/radiolifefm.com.br\/noticias\/menino-de-12-anos-e-golpeado-a-facada-durante-discussao\/#primaryimage\"},\"thumbnailUrl\":\"https:\/\/radiolifefm.com.br\/noticias\/wp-content\/uploads\/2020\/08\/Sem-titulo.png\",\"articleSection\":[\"Regi\u00e3o\"],\"inLanguage\":\"pt-BR\"},{\"@type\":\"WebPage\",\"@id\":\"https:\/\/radiolifefm.com.br\/noticias\/menino-de-12-anos-e-golpeado-a-facada-durante-discussao\/\",\"url\":\"https:\/\/radiolifefm.com.br\/noticias\/menino-de-12-anos-e-golpeado-a-facada-durante-discussao\/\",\"name\":\"Menino de 12 anos \u00e9 golpeado a facada durante discuss\u00e3o - R\u00e1dio Life FM\",\"isPartOf\":{\"@id\":\"https:\/\/radiolifefm.com.br\/noticias\/#website\"},\"primaryImageOfPage\":{\"@id\":\"https:\/\/radiolifefm.com.br\/noticias\/menino-de-12-anos-e-golpeado-a-facada-durante-discussao\/#primaryimage\"},\"image\":{\"@id\":\"https:\/\/radiolifefm.com.br\/noticias\/menino-de-12-anos-e-golpeado-a-facada-durante-discussao\/#primaryimage\"},\"thumbnailUrl\":\"https:\/\/radiolifefm.com.br\/noticias\/wp-content\/uploads\/2020\/08\/Sem-titulo.png\",\"datePublished\":\"2020-08-31T17:36:35+00:00\",\"dateModified\":\"2026-04-19T16:44:55+00:00\",\"breadcrumb\":{\"@id\":\"https:\/\/radiolifefm.com.br\/noticias\/menino-de-12-anos-e-golpeado-a-facada-durante-discussao\/#breadcrumb\"},\"inLanguage\":\"pt-BR\",\"potentialAction\":[{\"@type\":\"ReadAction\",\"target\":[\"https:\/\/radiolifefm.com.br\/noticias\/menino-de-12-anos-e-golpeado-a-facada-durante-discussao\/\"]}]},{\"@type\":\"ImageObject\",\"inLanguage\":\"pt-BR\",\"@id\":\"https:\/\/radiolifefm.com.br\/noticias\/menino-de-12-anos-e-golpeado-a-facada-durante-discussao\/#primaryimage\",\"url\":\"https:\/\/radiolifefm.com.br\/noticias\/wp-content\/uploads\/2020\/08\/Sem-titulo.png\",\"contentUrl\":\"https:\/\/radiolifefm.com.br\/noticias\/wp-content\/uploads\/2020\/08\/Sem-titulo.png\",\"width\":573,\"height\":425,\"caption\":\"Foto: Pol\u00edcia Civil - Faca utilizada no crime foi apreendida e ser\u00e1 periciada\"},{\"@type\":\"BreadcrumbList\",\"@id\":\"https:\/\/radiolifefm.com.br\/noticias\/menino-de-12-anos-e-golpeado-a-facada-durante-discussao\/#breadcrumb\",\"itemListElement\":[{\"@type\":\"ListItem\",\"position\":1,\"name\":\"In\u00edcio\",\"item\":\"https:\/\/radiolifefm.com.br\/noticias\/\"},{\"@type\":\"ListItem\",\"position\":2,\"name\":\"Menino de 12 anos \u00e9 golpeado a facada durante discuss\u00e3o\"}]},{\"@type\":\"WebSite\",\"@id\":\"https:\/\/radiolifefm.com.br\/noticias\/#website\",\"url\":\"https:\/\/radiolifefm.com.br\/noticias\/\",\"name\":\"R\u00e1dio Life FM\",\"description\":\"O Portal de Not\u00edcias de Adamantina\",\"publisher\":{\"@id\":\"https:\/\/radiolifefm.com.br\/noticias\/#organization\"},\"alternateName\":\"Life FM\",\"potentialAction\":[{\"@type\":\"SearchAction\",\"target\":{\"@type\":\"EntryPoint\",\"urlTemplate\":\"https:\/\/radiolifefm.com.br\/noticias\/?s={search_term_string}\"},\"query-input\":{\"@type\":\"PropertyValueSpecification\",\"valueRequired\":true,\"valueName\":\"search_term_string\"}}],\"inLanguage\":\"pt-BR\"},{\"@type\":\"Organization\",\"@id\":\"https:\/\/radiolifefm.com.br\/noticias\/#organization\",\"name\":\"R\u00e1dio Life FM\",\"alternateName\":\"Life FM\",\"url\":\"https:\/\/radiolifefm.com.br\/noticias\/\",\"logo\":{\"@type\":\"ImageObject\",\"inLanguage\":\"pt-BR\",\"@id\":\"https:\/\/radiolifefm.com.br\/noticias\/#\/schema\/logo\/image\/\",\"url\":\"https:\/\/static.radiolifefm.com.br\/noticias\/wp-content\/uploads\/2019\/10\/logo-lifefm.png\",\"contentUrl\":\"https:\/\/static.radiolifefm.com.br\/noticias\/wp-content\/uploads\/2019\/10\/logo-lifefm.png\",\"width\":196,\"height\":47,\"caption\":\"R\u00e1dio Life FM\"},\"image\":{\"@id\":\"https:\/\/radiolifefm.com.br\/noticias\/#\/schema\/logo\/image\/\"},\"sameAs\":[\"https:\/\/www.facebook.com\/radiolifefm\/\",\"https:\/\/www.instagram.com\/life1079fm\/\"]},{\"@type\":\"Person\",\"@id\":\"https:\/\/radiolifefm.com.br\/noticias\/#\/schema\/person\/58af3e98e78c224fbe3e142e87d53f9d\",\"name\":\"palomaborzan\",\"image\":{\"@type\":\"ImageObject\",\"inLanguage\":\"pt-BR\",\"@id\":\"https:\/\/secure.gravatar.com\/avatar\/495dd4d309288e9e8b97792861022a1857603be0c564711b6748b454e0a374dd?s=96&d=mm&r=g\",\"url\":\"https:\/\/secure.gravatar.com\/avatar\/495dd4d309288e9e8b97792861022a1857603be0c564711b6748b454e0a374dd?s=96&d=mm&r=g\",\"contentUrl\":\"https:\/\/secure.gravatar.com\/avatar\/495dd4d309288e9e8b97792861022a1857603be0c564711b6748b454e0a374dd?s=96&d=mm&r=g\",\"caption\":\"palomaborzan\"}}]}<\/script>\n<!-- \/ Yoast SEO plugin. -->","yoast_head_json":{"title":"Menino de 12 anos \u00e9 golpeado a facada durante discuss\u00e3o - R\u00e1dio Life FM","robots":{"index":"index","follow":"follow","max-snippet":"max-snippet:-1","max-image-preview":"max-image-preview:large","max-video-preview":"max-video-preview:-1"},"canonical":"https:\/\/radiolifefm.com.br\/noticias\/menino-de-12-anos-e-golpeado-a-facada-durante-discussao\/","og_locale":"pt_BR","og_type":"article","og_title":"Menino de 12 anos \u00e9 golpeado a facada durante discuss\u00e3o - R\u00e1dio Life FM","og_description":"Duas pessoas ficaram feridas durante uma discuss\u00e3o em\u00a0Ouro Verde. No s\u00e1bado, m\u00e3e e filho foram atingidos a golpes de faca pelo ex-companheiro da mulher, que foi preso logo ap\u00f3s o crime. De acordo com a\u00a0Pol\u00edcia Civil, o casal est\u00e1 em processo de separa\u00e7\u00e3o, e, aparentemente, a briga ocorreu por ci\u00fames do acusado em rela\u00e7\u00e3o \u00e0 [&hellip;]","og_url":"https:\/\/radiolifefm.com.br\/noticias\/menino-de-12-anos-e-golpeado-a-facada-durante-discussao\/","og_site_name":"R\u00e1dio Life FM","article_publisher":"https:\/\/www.facebook.com\/radiolifefm\/","article_published_time":"2020-08-31T17:36:35+00:00","article_modified_time":"2026-04-19T16:44:55+00:00","og_image":[{"width":573,"height":425,"url":"https:\/\/radiolifefm.com.br\/noticias\/wp-content\/uploads\/2020\/08\/Sem-titulo.png","type":"image\/png"}],"author":"palomaborzan","twitter_card":"summary_large_image","twitter_misc":{"Escrito por":"palomaborzan","Est. tempo de leitura":"1 minuto"},"schema":{"@context":"https:\/\/schema.org","@graph":[{"@type":"Article","@id":"https:\/\/radiolifefm.com.br\/noticias\/menino-de-12-anos-e-golpeado-a-facada-durante-discussao\/#article","isPartOf":{"@id":"https:\/\/radiolifefm.com.br\/noticias\/menino-de-12-anos-e-golpeado-a-facada-durante-discussao\/"},"author":{"name":"palomaborzan","@id":"https:\/\/radiolifefm.com.br\/noticias\/#\/schema\/person\/58af3e98e78c224fbe3e142e87d53f9d"},"headline":"Menino de 12 anos \u00e9 golpeado a facada durante discuss\u00e3o","datePublished":"2020-08-31T17:36:35+00:00","dateModified":"2026-04-19T16:44:55+00:00","mainEntityOfPage":{"@id":"https:\/\/radiolifefm.com.br\/noticias\/menino-de-12-anos-e-golpeado-a-facada-durante-discussao\/"},"wordCount":227,"publisher":{"@id":"https:\/\/radiolifefm.com.br\/noticias\/#organization"},"image":{"@id":"https:\/\/radiolifefm.com.br\/noticias\/menino-de-12-anos-e-golpeado-a-facada-durante-discussao\/#primaryimage"},"thumbnailUrl":"https:\/\/radiolifefm.com.br\/noticias\/wp-content\/uploads\/2020\/08\/Sem-titulo.png","articleSection":["Regi\u00e3o"],"inLanguage":"pt-BR"},{"@type":"WebPage","@id":"https:\/\/radiolifefm.com.br\/noticias\/menino-de-12-anos-e-golpeado-a-facada-durante-discussao\/","url":"https:\/\/radiolifefm.com.br\/noticias\/menino-de-12-anos-e-golpeado-a-facada-durante-discussao\/","name":"Menino de 12 anos \u00e9 golpeado a facada durante discuss\u00e3o - R\u00e1dio Life FM","isPartOf":{"@id":"https:\/\/radiolifefm.com.br\/noticias\/#website"},"primaryImageOfPage":{"@id":"https:\/\/radiolifefm.com.br\/noticias\/menino-de-12-anos-e-golpeado-a-facada-durante-discussao\/#primaryimage"},"image":{"@id":"https:\/\/radiolifefm.com.br\/noticias\/menino-de-12-anos-e-golpeado-a-facada-durante-discussao\/#primaryimage"},"thumbnailUrl":"https:\/\/radiolifefm.com.br\/noticias\/wp-content\/uploads\/2020\/08\/Sem-titulo.png","datePublished":"2020-08-31T17:36:35+00:00","dateModified":"2026-04-19T16:44:55+00:00","breadcrumb":{"@id":"https:\/\/radiolifefm.com.br\/noticias\/menino-de-12-anos-e-golpeado-a-facada-durante-discussao\/#breadcrumb"},"inLanguage":"pt-BR","potentialAction":[{"@type":"ReadAction","target":["https:\/\/radiolifefm.com.br\/noticias\/menino-de-12-anos-e-golpeado-a-facada-durante-discussao\/"]}]},{"@type":"ImageObject","inLanguage":"pt-BR","@id":"https:\/\/radiolifefm.com.br\/noticias\/menino-de-12-anos-e-golpeado-a-facada-durante-discussao\/#primaryimage","url":"https:\/\/radiolifefm.com.br\/noticias\/wp-content\/uploads\/2020\/08\/Sem-titulo.png","contentUrl":"https:\/\/radiolifefm.com.br\/noticias\/wp-content\/uploads\/2020\/08\/Sem-titulo.png","width":573,"height":425,"caption":"Foto: Pol\u00edcia Civil - Faca utilizada no crime foi apreendida e ser\u00e1 periciada"},{"@type":"BreadcrumbList","@id":"https:\/\/radiolifefm.com.br\/noticias\/menino-de-12-anos-e-golpeado-a-facada-durante-discussao\/#breadcrumb","itemListElement":[{"@type":"ListItem","position":1,"name":"In\u00edcio","item":"https:\/\/radiolifefm.com.br\/noticias\/"},{"@type":"ListItem","position":2,"name":"Menino de 12 anos \u00e9 golpeado a facada durante discuss\u00e3o"}]},{"@type":"WebSite","@id":"https:\/\/radiolifefm.com.br\/noticias\/#website","url":"https:\/\/radiolifefm.com.br\/noticias\/","name":"R\u00e1dio Life FM","description":"O Portal de Not\u00edcias de Adamantina","publisher":{"@id":"https:\/\/radiolifefm.com.br\/noticias\/#organization"},"alternateName":"Life FM","potentialAction":[{"@type":"SearchAction","target":{"@type":"EntryPoint","urlTemplate":"https:\/\/radiolifefm.com.br\/noticias\/?s={search_term_string}"},"query-input":{"@type":"PropertyValueSpecification","valueRequired":true,"valueName":"search_term_string"}}],"inLanguage":"pt-BR"},{"@type":"Organization","@id":"https:\/\/radiolifefm.com.br\/noticias\/#organization","name":"R\u00e1dio Life FM","alternateName":"Life FM","url":"https:\/\/radiolifefm.com.br\/noticias\/","logo":{"@type":"ImageObject","inLanguage":"pt-BR","@id":"https:\/\/radiolifefm.com.br\/noticias\/#\/schema\/logo\/image\/","url":"https:\/\/static.radiolifefm.com.br\/noticias\/wp-content\/uploads\/2019\/10\/logo-lifefm.png","contentUrl":"https:\/\/static.radiolifefm.com.br\/noticias\/wp-content\/uploads\/2019\/10\/logo-lifefm.png","width":196,"height":47,"caption":"R\u00e1dio Life FM"},"image":{"@id":"https:\/\/radiolifefm.com.br\/noticias\/#\/schema\/logo\/image\/"},"sameAs":["https:\/\/www.facebook.com\/radiolifefm\/","https:\/\/www.instagram.com\/life1079fm\/"]},{"@type":"Person","@id":"https:\/\/radiolifefm.com.br\/noticias\/#\/schema\/person\/58af3e98e78c224fbe3e142e87d53f9d","name":"palomaborzan","image":{"@type":"ImageObject","inLanguage":"pt-BR","@id":"https:\/\/secure.gravatar.com\/avatar\/495dd4d309288e9e8b97792861022a1857603be0c564711b6748b454e0a374dd?s=96&d=mm&r=g","url":"https:\/\/secure.gravatar.com\/avatar\/495dd4d309288e9e8b97792861022a1857603be0c564711b6748b454e0a374dd?s=96&d=mm&r=g","contentUrl":"https:\/\/secure.gravatar.com\/avatar\/495dd4d309288e9e8b97792861022a1857603be0c564711b6748b454e0a374dd?s=96&d=mm&r=g","caption":"palomaborzan"}}]}},"amp_enabled":true,"_links":{"self":[{"href":"https:\/\/radiolifefm.com.br\/noticias\/wp-json\/wp\/v2\/posts\/25940","targetHints":{"allow":["GET"]}}],"collection":[{"href":"https:\/\/radiolifefm.com.br\/noticias\/wp-json\/wp\/v2\/posts"}],"about":[{"href":"https:\/\/radiolifefm.com.br\/noticias\/wp-json\/wp\/v2\/types\/post"}],"author":[{"embeddable":true,"href":"https:\/\/radiolifefm.com.br\/noticias\/wp-json\/wp\/v2\/users\/11"}],"replies":[{"embeddable":true,"href":"https:\/\/radiolifefm.com.br\/noticias\/wp-json\/wp\/v2\/comments?post=25940"}],"version-history":[{"count":1,"href":"https:\/\/radiolifefm.com.br\/noticias\/wp-json\/wp\/v2\/posts\/25940\/revisions"}],"predecessor-version":[{"id":25944,"href":"https:\/\/radiolifefm.com.br\/noticias\/wp-json\/wp\/v2\/posts\/25940\/revisions\/25944"}],"wp:featuredmedia":[{"embeddable":true,"href":"https:\/\/radiolifefm.com.br\/noticias\/wp-json\/wp\/v2\/media\/25942"}],"wp:attachment":[{"href":"https:\/\/radiolifefm.com.br\/noticias\/wp-json\/wp\/v2\/media?parent=25940"}],"wp:term":[{"taxonomy":"category","embeddable":true,"href":"https:\/\/radiolifefm.com.br\/noticias\/wp-json\/wp\/v2\/categories?post=25940"},{"taxonomy":"post_tag","embeddable":true,"href":"https:\/\/radiolifefm.com.br\/noticias\/wp-json\/wp\/v2\/tags?post=25940"}],"curies":[{"name":"wp","href":"https:\/\/api.w.org\/{rel}","templated":true}]}}