{"id":25935,"date":"2020-08-31T14:31:29","date_gmt":"2020-08-31T17:31:29","guid":{"rendered":"https:\/\/radiolifefm.com.br\/noticias\/?p=25935"},"modified":"2026-04-11T21:56:32","modified_gmt":"2026-04-12T00:56:32","slug":"violencia-domestica-mulher-tem-o-dedo-quebrado-durante-discussao","status":"publish","type":"post","link":"https:\/\/radiolifefm.com.br\/noticias\/violencia-domestica-mulher-tem-o-dedo-quebrado-durante-discussao\/","title":{"rendered":"Viol\u00eancia dom\u00e9stica: mulher tem o dedo quebrado durante discuss\u00e3o"},"content":{"rendered":"<div id=\"fb-root\"><\/div>\n<p>Uma mulher de 48 anos teve o dedo quebrado durante uma discuss\u00e3o com o companheiro em\u00a0<a href=\"https:\/\/www.imparcial.com.br\/guia\/assunto\/presidente-epitacio\" data-gid=\"1856\">Presidente Epit\u00e1cio<\/a>. O caso de\u00a0<a href=\"https:\/\/www.imparcial.com.br\/guia\/assunto\/violencia-domestica\" data-gid=\"1887\">viol\u00eancia dom\u00e9stica<\/a>\u00a0ocorreu no s\u00e1bado, e resultou na pris\u00e3o em flagrante de um homem de 30 anos.<\/p>\n<p>A\u00a0<a href=\"https:\/\/www.imparcial.com.br\/guia\/assunto\/policia-militar\" data-gid=\"1509\">Pol\u00edcia Militar<\/a>\u00a0foi acionada via Copom (Centro de Opera\u00e7\u00f5es da Pol\u00edcia Militar) para atendimento \u00e0 ocorr\u00eancia, na Avenida Ana de Paula. No local, a v\u00edtima informou ter sido agredida por seu companheiro, e que estava com o dedo quebrado em decorr\u00eancia das agress\u00f5es.<\/p>\n<p>Conforme a pol\u00edcia, o homem foi detido e submetido \u00e0 busca pessoal, por\u00e9m, nada de il\u00edcito foi encontrado. Ao ser questionado sobre a acusa\u00e7\u00e3o, ele confirmou a discuss\u00e3o, e afirmou que a companheira come\u00e7ou a quebrar objetos da casa. No entanto, nada disse sobre o dedo quebrado.<\/p>\n<p>Ap\u00f3s o flagrante a mulher foi socorrida ao pronto-socorro, onde foi medicada e liberada.<\/p>\n<p>Diante dos fatos, o homem foi conduzido ao plant\u00e3o da\u00a0<a href=\"https:\/\/www.imparcial.com.br\/guia\/assunto\/policia-civil\" data-gid=\"1507\">Pol\u00edcia Civil<\/a>\u00a0onde foi autuado por viol\u00eancia dom\u00e9stica.<\/p>\n<p>Por O Imparcial Presidente Prudente<\/p>\n","protected":false},"excerpt":{"rendered":"<p>Uma mulher de 48 anos teve o dedo quebrado durante uma discuss\u00e3o com o companheiro em\u00a0Presidente Epit\u00e1cio. O caso de\u00a0viol\u00eancia dom\u00e9stica\u00a0ocorreu no s\u00e1bado, e resultou na pris\u00e3o em flagrante de um homem de 30 anos. A\u00a0Pol\u00edcia Militar\u00a0foi acionada via Copom (Centro de Opera\u00e7\u00f5es da Pol\u00edcia Militar) para atendimento \u00e0 ocorr\u00eancia, na Avenida Ana de Paula. [&hellip;]<\/p>\n","protected":false},"author":11,"featured_media":25937,"comment_status":"closed","ping_status":"open","sticky":false,"template":"","format":"standard","meta":{"_acf_changed":false,"_exactmetrics_skip_tracking":false,"_exactmetrics_sitenote_active":false,"_exactmetrics_sitenote_note":"","_exactmetrics_sitenote_category":0,"footnotes":""},"categories":[24],"tags":[],"class_list":["post-25935","post","type-post","status-publish","format-standard","has-post-thumbnail","hentry","category-regiao"],"acf":[],"yoast_head":"<!-- This site is optimized with the Yoast SEO plugin v27.2 - https:\/\/yoast.com\/product\/yoast-seo-wordpress\/ -->\n<title>Viol\u00eancia dom\u00e9stica: mulher tem o dedo quebrado durante discuss\u00e3o - R\u00e1dio Life FM<\/title>\n<meta name=\"description\" content=\"Uma mulher de 48 anos teve o dedo quebrado durante uma discuss\u00e3o com o companheiro em\u00a0Presidente Epit\u00e1cio. O caso de\u00a0viol\u00eancia dom\u00e9stica\u00a0ocorreu no s\u00e1bado, e resultou na pris\u00e3o em flagrante de um homem de 30 anos.\u00a0\" \/>\n<meta name=\"robots\" content=\"index, follow, max-snippet:-1, max-image-preview:large, max-video-preview:-1\" \/>\n<link rel=\"canonical\" href=\"https:\/\/radiolifefm.com.br\/noticias\/violencia-domestica-mulher-tem-o-dedo-quebrado-durante-discussao\/\" \/>\n<meta property=\"og:locale\" content=\"pt_BR\" \/>\n<meta property=\"og:type\" content=\"article\" \/>\n<meta property=\"og:title\" content=\"Viol\u00eancia dom\u00e9stica: mulher tem o dedo quebrado durante discuss\u00e3o - R\u00e1dio Life FM\" \/>\n<meta property=\"og:description\" content=\"Uma mulher de 48 anos teve o dedo quebrado durante uma discuss\u00e3o com o companheiro em\u00a0Presidente Epit\u00e1cio. O caso de\u00a0viol\u00eancia dom\u00e9stica\u00a0ocorreu no s\u00e1bado, e resultou na pris\u00e3o em flagrante de um homem de 30 anos.\u00a0\" \/>\n<meta property=\"og:url\" content=\"https:\/\/radiolifefm.com.br\/noticias\/violencia-domestica-mulher-tem-o-dedo-quebrado-durante-discussao\/\" \/>\n<meta property=\"og:site_name\" content=\"R\u00e1dio Life FM\" \/>\n<meta property=\"article:publisher\" content=\"https:\/\/www.facebook.com\/radiolifefm\/\" \/>\n<meta property=\"article:published_time\" content=\"2020-08-31T17:31:29+00:00\" \/>\n<meta property=\"article:modified_time\" content=\"2026-04-12T00:56:32+00:00\" \/>\n<meta property=\"og:image\" content=\"https:\/\/radiolifefm.com.br\/noticias\/wp-content\/uploads\/2020\/08\/Sem-titulo.jpg\" \/>\n\t<meta property=\"og:image:width\" content=\"770\" \/>\n\t<meta property=\"og:image:height\" content=\"358\" \/>\n\t<meta property=\"og:image:type\" content=\"image\/jpeg\" \/>\n<meta name=\"author\" content=\"palomaborzan\" \/>\n<meta name=\"twitter:card\" content=\"summary_large_image\" \/>\n<meta name=\"twitter:label1\" content=\"Escrito por\" \/>\n\t<meta name=\"twitter:data1\" content=\"palomaborzan\" \/>\n\t<meta name=\"twitter:label2\" content=\"Est. tempo de leitura\" \/>\n\t<meta name=\"twitter:data2\" content=\"1 minuto\" \/>\n<script type=\"application\/ld+json\" class=\"yoast-schema-graph\">{\"@context\":\"https:\/\/schema.org\",\"@graph\":[{\"@type\":\"Article\",\"@id\":\"https:\/\/radiolifefm.com.br\/noticias\/violencia-domestica-mulher-tem-o-dedo-quebrado-durante-discussao\/#article\",\"isPartOf\":{\"@id\":\"https:\/\/radiolifefm.com.br\/noticias\/violencia-domestica-mulher-tem-o-dedo-quebrado-durante-discussao\/\"},\"author\":{\"name\":\"palomaborzan\",\"@id\":\"https:\/\/radiolifefm.com.br\/noticias\/#\/schema\/person\/58af3e98e78c224fbe3e142e87d53f9d\"},\"headline\":\"Viol\u00eancia dom\u00e9stica: mulher tem o dedo quebrado durante discuss\u00e3o\",\"datePublished\":\"2020-08-31T17:31:29+00:00\",\"dateModified\":\"2026-04-12T00:56:32+00:00\",\"mainEntityOfPage\":{\"@id\":\"https:\/\/radiolifefm.com.br\/noticias\/violencia-domestica-mulher-tem-o-dedo-quebrado-durante-discussao\/\"},\"wordCount\":198,\"publisher\":{\"@id\":\"https:\/\/radiolifefm.com.br\/noticias\/#organization\"},\"image\":{\"@id\":\"https:\/\/radiolifefm.com.br\/noticias\/violencia-domestica-mulher-tem-o-dedo-quebrado-durante-discussao\/#primaryimage\"},\"thumbnailUrl\":\"https:\/\/radiolifefm.com.br\/noticias\/wp-content\/uploads\/2020\/08\/Sem-titulo.jpg\",\"articleSection\":[\"Regi\u00e3o\"],\"inLanguage\":\"pt-BR\"},{\"@type\":\"WebPage\",\"@id\":\"https:\/\/radiolifefm.com.br\/noticias\/violencia-domestica-mulher-tem-o-dedo-quebrado-durante-discussao\/\",\"url\":\"https:\/\/radiolifefm.com.br\/noticias\/violencia-domestica-mulher-tem-o-dedo-quebrado-durante-discussao\/\",\"name\":\"Viol\u00eancia dom\u00e9stica: mulher tem o dedo quebrado durante discuss\u00e3o - R\u00e1dio Life FM\",\"isPartOf\":{\"@id\":\"https:\/\/radiolifefm.com.br\/noticias\/#website\"},\"primaryImageOfPage\":{\"@id\":\"https:\/\/radiolifefm.com.br\/noticias\/violencia-domestica-mulher-tem-o-dedo-quebrado-durante-discussao\/#primaryimage\"},\"image\":{\"@id\":\"https:\/\/radiolifefm.com.br\/noticias\/violencia-domestica-mulher-tem-o-dedo-quebrado-durante-discussao\/#primaryimage\"},\"thumbnailUrl\":\"https:\/\/radiolifefm.com.br\/noticias\/wp-content\/uploads\/2020\/08\/Sem-titulo.jpg\",\"datePublished\":\"2020-08-31T17:31:29+00:00\",\"dateModified\":\"2026-04-12T00:56:32+00:00\",\"description\":\"Uma mulher de 48 anos teve o dedo quebrado durante uma discuss\u00e3o com o companheiro em\u00a0Presidente Epit\u00e1cio. O caso de\u00a0viol\u00eancia dom\u00e9stica\u00a0ocorreu no s\u00e1bado, e resultou na pris\u00e3o em flagrante de um homem de 30 anos.\u00a0\",\"breadcrumb\":{\"@id\":\"https:\/\/radiolifefm.com.br\/noticias\/violencia-domestica-mulher-tem-o-dedo-quebrado-durante-discussao\/#breadcrumb\"},\"inLanguage\":\"pt-BR\",\"potentialAction\":[{\"@type\":\"ReadAction\",\"target\":[\"https:\/\/radiolifefm.com.br\/noticias\/violencia-domestica-mulher-tem-o-dedo-quebrado-durante-discussao\/\"]}]},{\"@type\":\"ImageObject\",\"inLanguage\":\"pt-BR\",\"@id\":\"https:\/\/radiolifefm.com.br\/noticias\/violencia-domestica-mulher-tem-o-dedo-quebrado-durante-discussao\/#primaryimage\",\"url\":\"https:\/\/radiolifefm.com.br\/noticias\/wp-content\/uploads\/2020\/08\/Sem-titulo.jpg\",\"contentUrl\":\"https:\/\/radiolifefm.com.br\/noticias\/wp-content\/uploads\/2020\/08\/Sem-titulo.jpg\",\"width\":770,\"height\":358,\"caption\":\"Foto: Pol\u00edcia Civil - Crime ocorreu no s\u00e1bado, na Avenida Ana de Paula, em Epit\u00e1cio\"},{\"@type\":\"BreadcrumbList\",\"@id\":\"https:\/\/radiolifefm.com.br\/noticias\/violencia-domestica-mulher-tem-o-dedo-quebrado-durante-discussao\/#breadcrumb\",\"itemListElement\":[{\"@type\":\"ListItem\",\"position\":1,\"name\":\"In\u00edcio\",\"item\":\"https:\/\/radiolifefm.com.br\/noticias\/\"},{\"@type\":\"ListItem\",\"position\":2,\"name\":\"Viol\u00eancia dom\u00e9stica: mulher tem o dedo quebrado durante discuss\u00e3o\"}]},{\"@type\":\"WebSite\",\"@id\":\"https:\/\/radiolifefm.com.br\/noticias\/#website\",\"url\":\"https:\/\/radiolifefm.com.br\/noticias\/\",\"name\":\"R\u00e1dio Life FM\",\"description\":\"O Portal de Not\u00edcias de Adamantina\",\"publisher\":{\"@id\":\"https:\/\/radiolifefm.com.br\/noticias\/#organization\"},\"alternateName\":\"Life FM\",\"potentialAction\":[{\"@type\":\"SearchAction\",\"target\":{\"@type\":\"EntryPoint\",\"urlTemplate\":\"https:\/\/radiolifefm.com.br\/noticias\/?s={search_term_string}\"},\"query-input\":{\"@type\":\"PropertyValueSpecification\",\"valueRequired\":true,\"valueName\":\"search_term_string\"}}],\"inLanguage\":\"pt-BR\"},{\"@type\":\"Organization\",\"@id\":\"https:\/\/radiolifefm.com.br\/noticias\/#organization\",\"name\":\"R\u00e1dio Life FM\",\"alternateName\":\"Life FM\",\"url\":\"https:\/\/radiolifefm.com.br\/noticias\/\",\"logo\":{\"@type\":\"ImageObject\",\"inLanguage\":\"pt-BR\",\"@id\":\"https:\/\/radiolifefm.com.br\/noticias\/#\/schema\/logo\/image\/\",\"url\":\"https:\/\/static.radiolifefm.com.br\/noticias\/wp-content\/uploads\/2019\/10\/logo-lifefm.png\",\"contentUrl\":\"https:\/\/static.radiolifefm.com.br\/noticias\/wp-content\/uploads\/2019\/10\/logo-lifefm.png\",\"width\":196,\"height\":47,\"caption\":\"R\u00e1dio Life FM\"},\"image\":{\"@id\":\"https:\/\/radiolifefm.com.br\/noticias\/#\/schema\/logo\/image\/\"},\"sameAs\":[\"https:\/\/www.facebook.com\/radiolifefm\/\",\"https:\/\/www.instagram.com\/life1079fm\/\"]},{\"@type\":\"Person\",\"@id\":\"https:\/\/radiolifefm.com.br\/noticias\/#\/schema\/person\/58af3e98e78c224fbe3e142e87d53f9d\",\"name\":\"palomaborzan\",\"image\":{\"@type\":\"ImageObject\",\"inLanguage\":\"pt-BR\",\"@id\":\"https:\/\/secure.gravatar.com\/avatar\/495dd4d309288e9e8b97792861022a1857603be0c564711b6748b454e0a374dd?s=96&d=mm&r=g\",\"url\":\"https:\/\/secure.gravatar.com\/avatar\/495dd4d309288e9e8b97792861022a1857603be0c564711b6748b454e0a374dd?s=96&d=mm&r=g\",\"contentUrl\":\"https:\/\/secure.gravatar.com\/avatar\/495dd4d309288e9e8b97792861022a1857603be0c564711b6748b454e0a374dd?s=96&d=mm&r=g\",\"caption\":\"palomaborzan\"}}]}<\/script>\n<!-- \/ Yoast SEO plugin. -->","yoast_head_json":{"title":"Viol\u00eancia dom\u00e9stica: mulher tem o dedo quebrado durante discuss\u00e3o - R\u00e1dio Life FM","description":"Uma mulher de 48 anos teve o dedo quebrado durante uma discuss\u00e3o com o companheiro em\u00a0Presidente Epit\u00e1cio. O caso de\u00a0viol\u00eancia dom\u00e9stica\u00a0ocorreu no s\u00e1bado, e resultou na pris\u00e3o em flagrante de um homem de 30 anos.\u00a0","robots":{"index":"index","follow":"follow","max-snippet":"max-snippet:-1","max-image-preview":"max-image-preview:large","max-video-preview":"max-video-preview:-1"},"canonical":"https:\/\/radiolifefm.com.br\/noticias\/violencia-domestica-mulher-tem-o-dedo-quebrado-durante-discussao\/","og_locale":"pt_BR","og_type":"article","og_title":"Viol\u00eancia dom\u00e9stica: mulher tem o dedo quebrado durante discuss\u00e3o - R\u00e1dio Life FM","og_description":"Uma mulher de 48 anos teve o dedo quebrado durante uma discuss\u00e3o com o companheiro em\u00a0Presidente Epit\u00e1cio. O caso de\u00a0viol\u00eancia dom\u00e9stica\u00a0ocorreu no s\u00e1bado, e resultou na pris\u00e3o em flagrante de um homem de 30 anos.\u00a0","og_url":"https:\/\/radiolifefm.com.br\/noticias\/violencia-domestica-mulher-tem-o-dedo-quebrado-durante-discussao\/","og_site_name":"R\u00e1dio Life FM","article_publisher":"https:\/\/www.facebook.com\/radiolifefm\/","article_published_time":"2020-08-31T17:31:29+00:00","article_modified_time":"2026-04-12T00:56:32+00:00","og_image":[{"width":770,"height":358,"url":"https:\/\/radiolifefm.com.br\/noticias\/wp-content\/uploads\/2020\/08\/Sem-titulo.jpg","type":"image\/jpeg"}],"author":"palomaborzan","twitter_card":"summary_large_image","twitter_misc":{"Escrito por":"palomaborzan","Est. tempo de leitura":"1 minuto"},"schema":{"@context":"https:\/\/schema.org","@graph":[{"@type":"Article","@id":"https:\/\/radiolifefm.com.br\/noticias\/violencia-domestica-mulher-tem-o-dedo-quebrado-durante-discussao\/#article","isPartOf":{"@id":"https:\/\/radiolifefm.com.br\/noticias\/violencia-domestica-mulher-tem-o-dedo-quebrado-durante-discussao\/"},"author":{"name":"palomaborzan","@id":"https:\/\/radiolifefm.com.br\/noticias\/#\/schema\/person\/58af3e98e78c224fbe3e142e87d53f9d"},"headline":"Viol\u00eancia dom\u00e9stica: mulher tem o dedo quebrado durante discuss\u00e3o","datePublished":"2020-08-31T17:31:29+00:00","dateModified":"2026-04-12T00:56:32+00:00","mainEntityOfPage":{"@id":"https:\/\/radiolifefm.com.br\/noticias\/violencia-domestica-mulher-tem-o-dedo-quebrado-durante-discussao\/"},"wordCount":198,"publisher":{"@id":"https:\/\/radiolifefm.com.br\/noticias\/#organization"},"image":{"@id":"https:\/\/radiolifefm.com.br\/noticias\/violencia-domestica-mulher-tem-o-dedo-quebrado-durante-discussao\/#primaryimage"},"thumbnailUrl":"https:\/\/radiolifefm.com.br\/noticias\/wp-content\/uploads\/2020\/08\/Sem-titulo.jpg","articleSection":["Regi\u00e3o"],"inLanguage":"pt-BR"},{"@type":"WebPage","@id":"https:\/\/radiolifefm.com.br\/noticias\/violencia-domestica-mulher-tem-o-dedo-quebrado-durante-discussao\/","url":"https:\/\/radiolifefm.com.br\/noticias\/violencia-domestica-mulher-tem-o-dedo-quebrado-durante-discussao\/","name":"Viol\u00eancia dom\u00e9stica: mulher tem o dedo quebrado durante discuss\u00e3o - R\u00e1dio Life FM","isPartOf":{"@id":"https:\/\/radiolifefm.com.br\/noticias\/#website"},"primaryImageOfPage":{"@id":"https:\/\/radiolifefm.com.br\/noticias\/violencia-domestica-mulher-tem-o-dedo-quebrado-durante-discussao\/#primaryimage"},"image":{"@id":"https:\/\/radiolifefm.com.br\/noticias\/violencia-domestica-mulher-tem-o-dedo-quebrado-durante-discussao\/#primaryimage"},"thumbnailUrl":"https:\/\/radiolifefm.com.br\/noticias\/wp-content\/uploads\/2020\/08\/Sem-titulo.jpg","datePublished":"2020-08-31T17:31:29+00:00","dateModified":"2026-04-12T00:56:32+00:00","description":"Uma mulher de 48 anos teve o dedo quebrado durante uma discuss\u00e3o com o companheiro em\u00a0Presidente Epit\u00e1cio. O caso de\u00a0viol\u00eancia dom\u00e9stica\u00a0ocorreu no s\u00e1bado, e resultou na pris\u00e3o em flagrante de um homem de 30 anos.\u00a0","breadcrumb":{"@id":"https:\/\/radiolifefm.com.br\/noticias\/violencia-domestica-mulher-tem-o-dedo-quebrado-durante-discussao\/#breadcrumb"},"inLanguage":"pt-BR","potentialAction":[{"@type":"ReadAction","target":["https:\/\/radiolifefm.com.br\/noticias\/violencia-domestica-mulher-tem-o-dedo-quebrado-durante-discussao\/"]}]},{"@type":"ImageObject","inLanguage":"pt-BR","@id":"https:\/\/radiolifefm.com.br\/noticias\/violencia-domestica-mulher-tem-o-dedo-quebrado-durante-discussao\/#primaryimage","url":"https:\/\/radiolifefm.com.br\/noticias\/wp-content\/uploads\/2020\/08\/Sem-titulo.jpg","contentUrl":"https:\/\/radiolifefm.com.br\/noticias\/wp-content\/uploads\/2020\/08\/Sem-titulo.jpg","width":770,"height":358,"caption":"Foto: Pol\u00edcia Civil - Crime ocorreu no s\u00e1bado, na Avenida Ana de Paula, em Epit\u00e1cio"},{"@type":"BreadcrumbList","@id":"https:\/\/radiolifefm.com.br\/noticias\/violencia-domestica-mulher-tem-o-dedo-quebrado-durante-discussao\/#breadcrumb","itemListElement":[{"@type":"ListItem","position":1,"name":"In\u00edcio","item":"https:\/\/radiolifefm.com.br\/noticias\/"},{"@type":"ListItem","position":2,"name":"Viol\u00eancia dom\u00e9stica: mulher tem o dedo quebrado durante discuss\u00e3o"}]},{"@type":"WebSite","@id":"https:\/\/radiolifefm.com.br\/noticias\/#website","url":"https:\/\/radiolifefm.com.br\/noticias\/","name":"R\u00e1dio Life FM","description":"O Portal de Not\u00edcias de Adamantina","publisher":{"@id":"https:\/\/radiolifefm.com.br\/noticias\/#organization"},"alternateName":"Life FM","potentialAction":[{"@type":"SearchAction","target":{"@type":"EntryPoint","urlTemplate":"https:\/\/radiolifefm.com.br\/noticias\/?s={search_term_string}"},"query-input":{"@type":"PropertyValueSpecification","valueRequired":true,"valueName":"search_term_string"}}],"inLanguage":"pt-BR"},{"@type":"Organization","@id":"https:\/\/radiolifefm.com.br\/noticias\/#organization","name":"R\u00e1dio Life FM","alternateName":"Life FM","url":"https:\/\/radiolifefm.com.br\/noticias\/","logo":{"@type":"ImageObject","inLanguage":"pt-BR","@id":"https:\/\/radiolifefm.com.br\/noticias\/#\/schema\/logo\/image\/","url":"https:\/\/static.radiolifefm.com.br\/noticias\/wp-content\/uploads\/2019\/10\/logo-lifefm.png","contentUrl":"https:\/\/static.radiolifefm.com.br\/noticias\/wp-content\/uploads\/2019\/10\/logo-lifefm.png","width":196,"height":47,"caption":"R\u00e1dio Life FM"},"image":{"@id":"https:\/\/radiolifefm.com.br\/noticias\/#\/schema\/logo\/image\/"},"sameAs":["https:\/\/www.facebook.com\/radiolifefm\/","https:\/\/www.instagram.com\/life1079fm\/"]},{"@type":"Person","@id":"https:\/\/radiolifefm.com.br\/noticias\/#\/schema\/person\/58af3e98e78c224fbe3e142e87d53f9d","name":"palomaborzan","image":{"@type":"ImageObject","inLanguage":"pt-BR","@id":"https:\/\/secure.gravatar.com\/avatar\/495dd4d309288e9e8b97792861022a1857603be0c564711b6748b454e0a374dd?s=96&d=mm&r=g","url":"https:\/\/secure.gravatar.com\/avatar\/495dd4d309288e9e8b97792861022a1857603be0c564711b6748b454e0a374dd?s=96&d=mm&r=g","contentUrl":"https:\/\/secure.gravatar.com\/avatar\/495dd4d309288e9e8b97792861022a1857603be0c564711b6748b454e0a374dd?s=96&d=mm&r=g","caption":"palomaborzan"}}]}},"amp_enabled":true,"_links":{"self":[{"href":"https:\/\/radiolifefm.com.br\/noticias\/wp-json\/wp\/v2\/posts\/25935","targetHints":{"allow":["GET"]}}],"collection":[{"href":"https:\/\/radiolifefm.com.br\/noticias\/wp-json\/wp\/v2\/posts"}],"about":[{"href":"https:\/\/radiolifefm.com.br\/noticias\/wp-json\/wp\/v2\/types\/post"}],"author":[{"embeddable":true,"href":"https:\/\/radiolifefm.com.br\/noticias\/wp-json\/wp\/v2\/users\/11"}],"replies":[{"embeddable":true,"href":"https:\/\/radiolifefm.com.br\/noticias\/wp-json\/wp\/v2\/comments?post=25935"}],"version-history":[{"count":2,"href":"https:\/\/radiolifefm.com.br\/noticias\/wp-json\/wp\/v2\/posts\/25935\/revisions"}],"predecessor-version":[{"id":25939,"href":"https:\/\/radiolifefm.com.br\/noticias\/wp-json\/wp\/v2\/posts\/25935\/revisions\/25939"}],"wp:featuredmedia":[{"embeddable":true,"href":"https:\/\/radiolifefm.com.br\/noticias\/wp-json\/wp\/v2\/media\/25937"}],"wp:attachment":[{"href":"https:\/\/radiolifefm.com.br\/noticias\/wp-json\/wp\/v2\/media?parent=25935"}],"wp:term":[{"taxonomy":"category","embeddable":true,"href":"https:\/\/radiolifefm.com.br\/noticias\/wp-json\/wp\/v2\/categories?post=25935"},{"taxonomy":"post_tag","embeddable":true,"href":"https:\/\/radiolifefm.com.br\/noticias\/wp-json\/wp\/v2\/tags?post=25935"}],"curies":[{"name":"wp","href":"https:\/\/api.w.org\/{rel}","templated":true}]}}