{"id":25890,"date":"2020-08-31T08:45:24","date_gmt":"2020-08-31T11:45:24","guid":{"rendered":"https:\/\/radiolifefm.com.br\/noticias\/?p=25890"},"modified":"2026-03-22T15:24:20","modified_gmt":"2026-03-22T18:24:20","slug":"energisa-sul-sudeste-alerta-para-os-cuidados-com-a-rede-eletrica-na-construcao-civil","status":"publish","type":"post","link":"https:\/\/radiolifefm.com.br\/noticias\/energisa-sul-sudeste-alerta-para-os-cuidados-com-a-rede-eletrica-na-construcao-civil\/","title":{"rendered":"Energisa Sul-Sudeste alerta para os cuidados com a rede el\u00e9trica na constru\u00e7\u00e3o civil"},"content":{"rendered":"<div id=\"fb-root\"><\/div>\n<p>Durante constru\u00e7\u00f5es, reformas, servi\u00e7os de pinturas ou ainda nos reparos e instala\u00e7\u00f5es de antenas de TV, \u00e9 preciso ficar atento aos procedimentos de seguran\u00e7a. O trabalho pr\u00f3ximo \u00e0s redes el\u00e9tricas exige a m\u00e1xima aten\u00e7\u00e3o. A falta de cuidado no manuseio de materiais ou com as dist\u00e2ncias seguras do sistema el\u00e9trico pode ocasionar acidentes e interrup\u00e7\u00f5es de energia.<\/p>\n<p>O \u00faltimo levantamento da Associa\u00e7\u00e3o Brasileira de Distribuidores de Energia El\u00e9trica (Abradee), aponta que o principal respons\u00e1vel pelas mortes ocasionadas pelo contato com a rede de energia \u00e9 a constru\u00e7\u00e3o\/manuten\u00e7\u00e3o predial, com 55% dos casos, em 2018, onde foram registrados 891 acidentes no total, sendo 271 com v\u00edtimas fatais.<\/p>\n<p>Nos 82 munic\u00edpios atendidos pela Energisa Sul-Sudeste no interior de S\u00e3o Paulo, sul de Minas Gerais e Guarapuava (Paran\u00e1), n\u00e3o foram registrados acidentes em 2019 e at\u00e9 o m\u00eas de agosto de 2020. Mas apesar dos acidentes n\u00e3o acontecerem, diversas situa\u00e7\u00f5es de risco s\u00e3o encontradas.<\/p>\n<p>\u201cRealizamos um trabalho de conscientiza\u00e7\u00e3o com os profissionais que atuam no ramo da constru\u00e7\u00e3o civil, manuten\u00e7\u00e3o predial e tamb\u00e9m com as lojas de materiais de constru\u00e7\u00e3o e pinturas. E quando nossas equipes encontram situa\u00e7\u00f5es de perigo, os profissionais s\u00e3o orientados e, se for necess\u00e1rio, paralisamos a obra at\u00e9 que ela n\u00e3o ofere\u00e7a mais risco de acidente envolvendo a rede el\u00e9trica\u201d, explica o coordenador de Sa\u00fade e Seguran\u00e7a da Energisa Sul-Sudeste, Roberto Cleverton Salles.<\/p>\n<p>Roberto ainda explica que o trabalho deve executado respeitando as normas de seguran\u00e7a. \u201c\u00c9 preciso muita aten\u00e7\u00e3o durante os servi\u00e7os que s\u00e3o realizados perto das redes de energia. Qualquer descuido pode ser fatal. Queimaduras, fraturas por quedas e at\u00e9 fatalidades podem acontecer quando a dist\u00e2ncia m\u00ednima de dois metros de seguran\u00e7a da rede de energia n\u00e3o \u00e9 respeitada. Alguns materiais met\u00e1licos n\u00e3o precisam nem mesmo tocar os fios para provocar um choque el\u00e9trico.\u202fContratar um profissional especializado e seguir todos os procedimentos de seguran\u00e7a \u00e9 o recomend\u00e1vel\u201d.<\/p>\n<p>A responsabilidade \u00e9 de todos. Fiquem atentos aos cuidados que podem salvar vidas:<\/p>\n<p>Monte andaimes longe da rede el\u00e9trica e nunca deixe vergalh\u00f5es e calhas tocarem na rede;<\/p>\n<p>Ao manobrar caminh\u00f5es cuidado com a rede el\u00e9trica. Verifique a altura do caminh\u00e3o e tamb\u00e9m da rede;<\/p>\n<p>Sempre use os equipamentos de seguran\u00e7a;<\/p>\n<p>Instale antenas com uma dist\u00e2ncia segura para que, em caso de queda, ela n\u00e3o toque nos fios da rede el\u00e9trica. Caso a antena caia perto dos fios, n\u00e3o tente recuper\u00e1-la, pois poder\u00e1 receber uma descarga el\u00e9trica;<\/p>\n<p>Certifique-se de que as instala\u00e7\u00f5es n\u00e3o est\u00e3o danificadas e que s\u00e3o adequadas \u00e0 carga el\u00e9trica;<\/p>\n<p>Ao fazer pequenos reparos em aparelhos el\u00e9tricos, certifique-se de deslig\u00e1-los da tomada.<\/p>\n<p><em><strong>Interven\u00e7\u00f5es na rede<\/strong><\/em><br \/>\nAs atividades que envolvem energia el\u00e9trica devem ser realizadas de forma segura e respons\u00e1vel, por profissionais qualificados e autorizados. Subir em postes, trocar transformadores, fazer instala\u00e7\u00e3o de medidores, manobrar chaves seccionadoras na rede de energia s\u00e3o servi\u00e7os que s\u00f3 as equipes da Energisa podem realizar, pois s\u00e3o preparadas para desenvolver o trabalho com seguran\u00e7a.<\/p>\n<p><em><strong>Al\u00e9m de serem crime, essas atividades s\u00e3o perigosas e podem causar acidentes fatais. A\u00e7\u00f5es que s\u00e3o proibidas de serem realizadas na rede de energia ou pr\u00f3ximas a elas:<\/strong><\/em><\/p>\n<p>&#8211; Instalar c\u00e2meras de vigil\u00e2ncia, placas publicit\u00e1rias, cabos de rede de internet e demais equipamentos particulares nos postes;<\/p>\n<p>&#8211; Instalar, retirar ou adulterar medidores de energia;<\/p>\n<p>&#8211; Realizar pintura de fachadas improvisando extensores no rolo de pintura;<\/p>\n<p>&#8211; Fazer cercas ou alambrados sob a rede el\u00e9trica sem aterramento e\/ou seccionamento;<\/p>\n<p>&#8211; Subir em transformadores ou estruturas de rede de energia. Somente as equipes da concession\u00e1ria est\u00e3o habilitadas a fazer interven\u00e7\u00f5es no sistema.<\/p>\n<p>Quer instalar uma antena, como fazer com seguran\u00e7a?<\/p>\n<p>&#8211; Contrate um profissional qualificado e experiente;<\/p>\n<p>&#8211; Garanta que a instala\u00e7\u00e3o ser\u00e1 feita longe de para-raios e jamais interligue o cabo da antena aos condutores el\u00e9tricos;<\/p>\n<p>&#8211; Na hora da instala\u00e7\u00e3o n\u00e3o arremesse cabos sobre a rede el\u00e9trica. Mesmo eles estando encapados, a capacidade de isolamento do material pode n\u00e3o ser suficiente para evitar a passagem da eletricidade;<\/p>\n<p>&#8211; N\u00e3o se aproxime ou toque na rede el\u00e9trica;<\/p>\n<p>&#8211; O local ideal da instala\u00e7\u00e3o da antena \u00e9 o lado oposto da fia\u00e7\u00e3o de energia el\u00e9trica.<\/p>\n<p>\u201cEstamos sempre \u00e0 disposi\u00e7\u00e3o da popula\u00e7\u00e3o ou dos profissionais para sanar todas as d\u00favidas. Os acidentes com a energia el\u00e9trica podem ser evitados. E mais, ao identificar qualquer situa\u00e7\u00e3o de risco, entre em contato imediatamente com a distribuidora\u201d, enfatiza Roberto.<\/p>\n<p><em><strong>Voc\u00ea pode entrar em contato com a Energisa Sul-Sudeste pelos canais:<\/strong><\/em><\/p>\n<p>&#8211; Aplicativo para celular Energisa On<\/p>\n<p>&#8211; Gisa &#8211; (18) 99120-3365 (assistente virtual da Energisa pelo WhatsApp)<br \/>\n&#8211; www.energisa.com.br<\/p>\n<p>&#8211; Call center \u2013 0800 70 10 326<\/p>\n<p>Lembre-se: mantenha sempre seu cadastro atualizado na distribuidora e receba informa\u00e7\u00f5es importantes.<\/p>\n","protected":false},"excerpt":{"rendered":"<p>Durante constru\u00e7\u00f5es, reformas, servi\u00e7os de pinturas ou ainda nos reparos e instala\u00e7\u00f5es de antenas de TV, \u00e9 preciso ficar atento aos procedimentos de seguran\u00e7a. O trabalho pr\u00f3ximo \u00e0s redes el\u00e9tricas exige a m\u00e1xima aten\u00e7\u00e3o. A falta de cuidado no manuseio de materiais ou com as dist\u00e2ncias seguras do sistema el\u00e9trico pode ocasionar acidentes e interrup\u00e7\u00f5es [&hellip;]<\/p>\n","protected":false},"author":3,"featured_media":25891,"comment_status":"closed","ping_status":"open","sticky":false,"template":"","format":"standard","meta":{"_acf_changed":false,"_exactmetrics_skip_tracking":false,"_exactmetrics_sitenote_active":false,"_exactmetrics_sitenote_note":"","_exactmetrics_sitenote_category":0,"footnotes":""},"categories":[24],"tags":[],"class_list":["post-25890","post","type-post","status-publish","format-standard","has-post-thumbnail","hentry","category-regiao"],"acf":[],"yoast_head":"<!-- This site is optimized with the Yoast SEO plugin v27.2 - https:\/\/yoast.com\/product\/yoast-seo-wordpress\/ -->\n<title>Energisa Sul-Sudeste alerta para os cuidados com a rede el\u00e9trica na constru\u00e7\u00e3o civil - R\u00e1dio Life FM<\/title>\n<meta name=\"robots\" content=\"index, follow, max-snippet:-1, max-image-preview:large, max-video-preview:-1\" \/>\n<link rel=\"canonical\" href=\"https:\/\/radiolifefm.com.br\/noticias\/energisa-sul-sudeste-alerta-para-os-cuidados-com-a-rede-eletrica-na-construcao-civil\/\" \/>\n<meta property=\"og:locale\" content=\"pt_BR\" \/>\n<meta property=\"og:type\" content=\"article\" \/>\n<meta property=\"og:title\" content=\"Energisa Sul-Sudeste alerta para os cuidados com a rede el\u00e9trica na constru\u00e7\u00e3o civil - R\u00e1dio Life FM\" \/>\n<meta property=\"og:description\" content=\"Durante constru\u00e7\u00f5es, reformas, servi\u00e7os de pinturas ou ainda nos reparos e instala\u00e7\u00f5es de antenas de TV, \u00e9 preciso ficar atento aos procedimentos de seguran\u00e7a. O trabalho pr\u00f3ximo \u00e0s redes el\u00e9tricas exige a m\u00e1xima aten\u00e7\u00e3o. A falta de cuidado no manuseio de materiais ou com as dist\u00e2ncias seguras do sistema el\u00e9trico pode ocasionar acidentes e interrup\u00e7\u00f5es [&hellip;]\" \/>\n<meta property=\"og:url\" content=\"https:\/\/radiolifefm.com.br\/noticias\/energisa-sul-sudeste-alerta-para-os-cuidados-com-a-rede-eletrica-na-construcao-civil\/\" \/>\n<meta property=\"og:site_name\" content=\"R\u00e1dio Life FM\" \/>\n<meta property=\"article:publisher\" content=\"https:\/\/www.facebook.com\/radiolifefm\/\" \/>\n<meta property=\"article:published_time\" content=\"2020-08-31T11:45:24+00:00\" \/>\n<meta property=\"article:modified_time\" content=\"2026-03-22T18:24:20+00:00\" \/>\n<meta property=\"og:image\" content=\"https:\/\/radiolifefm.com.br\/noticias\/wp-content\/uploads\/2020\/08\/Energisa-Imagem-4_Cortada-1.jpg\" \/>\n\t<meta property=\"og:image:width\" content=\"1200\" \/>\n\t<meta property=\"og:image:height\" content=\"465\" \/>\n\t<meta property=\"og:image:type\" content=\"image\/jpeg\" \/>\n<meta name=\"author\" content=\"lifefm\" \/>\n<meta name=\"twitter:card\" content=\"summary_large_image\" \/>\n<meta name=\"twitter:label1\" content=\"Escrito por\" \/>\n\t<meta name=\"twitter:data1\" content=\"lifefm\" \/>\n\t<meta name=\"twitter:label2\" content=\"Est. tempo de leitura\" \/>\n\t<meta name=\"twitter:data2\" content=\"4 minutos\" \/>\n<script type=\"application\/ld+json\" class=\"yoast-schema-graph\">{\"@context\":\"https:\/\/schema.org\",\"@graph\":[{\"@type\":\"Article\",\"@id\":\"https:\/\/radiolifefm.com.br\/noticias\/energisa-sul-sudeste-alerta-para-os-cuidados-com-a-rede-eletrica-na-construcao-civil\/#article\",\"isPartOf\":{\"@id\":\"https:\/\/radiolifefm.com.br\/noticias\/energisa-sul-sudeste-alerta-para-os-cuidados-com-a-rede-eletrica-na-construcao-civil\/\"},\"author\":{\"name\":\"lifefm\",\"@id\":\"https:\/\/radiolifefm.com.br\/noticias\/#\/schema\/person\/1d4e4b1301322090c6221bf1c8420490\"},\"headline\":\"Energisa Sul-Sudeste alerta para os cuidados com a rede el\u00e9trica na constru\u00e7\u00e3o civil\",\"datePublished\":\"2020-08-31T11:45:24+00:00\",\"dateModified\":\"2026-03-22T18:24:20+00:00\",\"mainEntityOfPage\":{\"@id\":\"https:\/\/radiolifefm.com.br\/noticias\/energisa-sul-sudeste-alerta-para-os-cuidados-com-a-rede-eletrica-na-construcao-civil\/\"},\"wordCount\":871,\"publisher\":{\"@id\":\"https:\/\/radiolifefm.com.br\/noticias\/#organization\"},\"image\":{\"@id\":\"https:\/\/radiolifefm.com.br\/noticias\/energisa-sul-sudeste-alerta-para-os-cuidados-com-a-rede-eletrica-na-construcao-civil\/#primaryimage\"},\"thumbnailUrl\":\"https:\/\/radiolifefm.com.br\/noticias\/wp-content\/uploads\/2020\/08\/Energisa-Imagem-4_Cortada-1.jpg\",\"articleSection\":[\"Regi\u00e3o\"],\"inLanguage\":\"pt-BR\"},{\"@type\":\"WebPage\",\"@id\":\"https:\/\/radiolifefm.com.br\/noticias\/energisa-sul-sudeste-alerta-para-os-cuidados-com-a-rede-eletrica-na-construcao-civil\/\",\"url\":\"https:\/\/radiolifefm.com.br\/noticias\/energisa-sul-sudeste-alerta-para-os-cuidados-com-a-rede-eletrica-na-construcao-civil\/\",\"name\":\"Energisa Sul-Sudeste alerta para os cuidados com a rede el\u00e9trica na constru\u00e7\u00e3o civil - R\u00e1dio Life FM\",\"isPartOf\":{\"@id\":\"https:\/\/radiolifefm.com.br\/noticias\/#website\"},\"primaryImageOfPage\":{\"@id\":\"https:\/\/radiolifefm.com.br\/noticias\/energisa-sul-sudeste-alerta-para-os-cuidados-com-a-rede-eletrica-na-construcao-civil\/#primaryimage\"},\"image\":{\"@id\":\"https:\/\/radiolifefm.com.br\/noticias\/energisa-sul-sudeste-alerta-para-os-cuidados-com-a-rede-eletrica-na-construcao-civil\/#primaryimage\"},\"thumbnailUrl\":\"https:\/\/radiolifefm.com.br\/noticias\/wp-content\/uploads\/2020\/08\/Energisa-Imagem-4_Cortada-1.jpg\",\"datePublished\":\"2020-08-31T11:45:24+00:00\",\"dateModified\":\"2026-03-22T18:24:20+00:00\",\"breadcrumb\":{\"@id\":\"https:\/\/radiolifefm.com.br\/noticias\/energisa-sul-sudeste-alerta-para-os-cuidados-com-a-rede-eletrica-na-construcao-civil\/#breadcrumb\"},\"inLanguage\":\"pt-BR\",\"potentialAction\":[{\"@type\":\"ReadAction\",\"target\":[\"https:\/\/radiolifefm.com.br\/noticias\/energisa-sul-sudeste-alerta-para-os-cuidados-com-a-rede-eletrica-na-construcao-civil\/\"]}]},{\"@type\":\"ImageObject\",\"inLanguage\":\"pt-BR\",\"@id\":\"https:\/\/radiolifefm.com.br\/noticias\/energisa-sul-sudeste-alerta-para-os-cuidados-com-a-rede-eletrica-na-construcao-civil\/#primaryimage\",\"url\":\"https:\/\/radiolifefm.com.br\/noticias\/wp-content\/uploads\/2020\/08\/Energisa-Imagem-4_Cortada-1.jpg\",\"contentUrl\":\"https:\/\/radiolifefm.com.br\/noticias\/wp-content\/uploads\/2020\/08\/Energisa-Imagem-4_Cortada-1.jpg\",\"width\":1200,\"height\":465},{\"@type\":\"BreadcrumbList\",\"@id\":\"https:\/\/radiolifefm.com.br\/noticias\/energisa-sul-sudeste-alerta-para-os-cuidados-com-a-rede-eletrica-na-construcao-civil\/#breadcrumb\",\"itemListElement\":[{\"@type\":\"ListItem\",\"position\":1,\"name\":\"In\u00edcio\",\"item\":\"https:\/\/radiolifefm.com.br\/noticias\/\"},{\"@type\":\"ListItem\",\"position\":2,\"name\":\"Energisa Sul-Sudeste alerta para os cuidados com a rede el\u00e9trica na constru\u00e7\u00e3o civil\"}]},{\"@type\":\"WebSite\",\"@id\":\"https:\/\/radiolifefm.com.br\/noticias\/#website\",\"url\":\"https:\/\/radiolifefm.com.br\/noticias\/\",\"name\":\"R\u00e1dio Life FM\",\"description\":\"O Portal de Not\u00edcias de Adamantina\",\"publisher\":{\"@id\":\"https:\/\/radiolifefm.com.br\/noticias\/#organization\"},\"alternateName\":\"Life FM\",\"potentialAction\":[{\"@type\":\"SearchAction\",\"target\":{\"@type\":\"EntryPoint\",\"urlTemplate\":\"https:\/\/radiolifefm.com.br\/noticias\/?s={search_term_string}\"},\"query-input\":{\"@type\":\"PropertyValueSpecification\",\"valueRequired\":true,\"valueName\":\"search_term_string\"}}],\"inLanguage\":\"pt-BR\"},{\"@type\":\"Organization\",\"@id\":\"https:\/\/radiolifefm.com.br\/noticias\/#organization\",\"name\":\"R\u00e1dio Life FM\",\"alternateName\":\"Life FM\",\"url\":\"https:\/\/radiolifefm.com.br\/noticias\/\",\"logo\":{\"@type\":\"ImageObject\",\"inLanguage\":\"pt-BR\",\"@id\":\"https:\/\/radiolifefm.com.br\/noticias\/#\/schema\/logo\/image\/\",\"url\":\"https:\/\/static.radiolifefm.com.br\/noticias\/wp-content\/uploads\/2019\/10\/logo-lifefm.png\",\"contentUrl\":\"https:\/\/static.radiolifefm.com.br\/noticias\/wp-content\/uploads\/2019\/10\/logo-lifefm.png\",\"width\":196,\"height\":47,\"caption\":\"R\u00e1dio Life FM\"},\"image\":{\"@id\":\"https:\/\/radiolifefm.com.br\/noticias\/#\/schema\/logo\/image\/\"},\"sameAs\":[\"https:\/\/www.facebook.com\/radiolifefm\/\",\"https:\/\/www.instagram.com\/life1079fm\/\"]},{\"@type\":\"Person\",\"@id\":\"https:\/\/radiolifefm.com.br\/noticias\/#\/schema\/person\/1d4e4b1301322090c6221bf1c8420490\",\"name\":\"lifefm\",\"image\":{\"@type\":\"ImageObject\",\"inLanguage\":\"pt-BR\",\"@id\":\"https:\/\/secure.gravatar.com\/avatar\/eca268467d925ec97d20641bb054fd944c0abb2f92854171620706bbe6474e7c?s=96&d=mm&r=g\",\"url\":\"https:\/\/secure.gravatar.com\/avatar\/eca268467d925ec97d20641bb054fd944c0abb2f92854171620706bbe6474e7c?s=96&d=mm&r=g\",\"contentUrl\":\"https:\/\/secure.gravatar.com\/avatar\/eca268467d925ec97d20641bb054fd944c0abb2f92854171620706bbe6474e7c?s=96&d=mm&r=g\",\"caption\":\"lifefm\"}}]}<\/script>\n<!-- \/ Yoast SEO plugin. -->","yoast_head_json":{"title":"Energisa Sul-Sudeste alerta para os cuidados com a rede el\u00e9trica na constru\u00e7\u00e3o civil - R\u00e1dio Life FM","robots":{"index":"index","follow":"follow","max-snippet":"max-snippet:-1","max-image-preview":"max-image-preview:large","max-video-preview":"max-video-preview:-1"},"canonical":"https:\/\/radiolifefm.com.br\/noticias\/energisa-sul-sudeste-alerta-para-os-cuidados-com-a-rede-eletrica-na-construcao-civil\/","og_locale":"pt_BR","og_type":"article","og_title":"Energisa Sul-Sudeste alerta para os cuidados com a rede el\u00e9trica na constru\u00e7\u00e3o civil - R\u00e1dio Life FM","og_description":"Durante constru\u00e7\u00f5es, reformas, servi\u00e7os de pinturas ou ainda nos reparos e instala\u00e7\u00f5es de antenas de TV, \u00e9 preciso ficar atento aos procedimentos de seguran\u00e7a. O trabalho pr\u00f3ximo \u00e0s redes el\u00e9tricas exige a m\u00e1xima aten\u00e7\u00e3o. A falta de cuidado no manuseio de materiais ou com as dist\u00e2ncias seguras do sistema el\u00e9trico pode ocasionar acidentes e interrup\u00e7\u00f5es [&hellip;]","og_url":"https:\/\/radiolifefm.com.br\/noticias\/energisa-sul-sudeste-alerta-para-os-cuidados-com-a-rede-eletrica-na-construcao-civil\/","og_site_name":"R\u00e1dio Life FM","article_publisher":"https:\/\/www.facebook.com\/radiolifefm\/","article_published_time":"2020-08-31T11:45:24+00:00","article_modified_time":"2026-03-22T18:24:20+00:00","og_image":[{"width":1200,"height":465,"url":"https:\/\/radiolifefm.com.br\/noticias\/wp-content\/uploads\/2020\/08\/Energisa-Imagem-4_Cortada-1.jpg","type":"image\/jpeg"}],"author":"lifefm","twitter_card":"summary_large_image","twitter_misc":{"Escrito por":"lifefm","Est. tempo de leitura":"4 minutos"},"schema":{"@context":"https:\/\/schema.org","@graph":[{"@type":"Article","@id":"https:\/\/radiolifefm.com.br\/noticias\/energisa-sul-sudeste-alerta-para-os-cuidados-com-a-rede-eletrica-na-construcao-civil\/#article","isPartOf":{"@id":"https:\/\/radiolifefm.com.br\/noticias\/energisa-sul-sudeste-alerta-para-os-cuidados-com-a-rede-eletrica-na-construcao-civil\/"},"author":{"name":"lifefm","@id":"https:\/\/radiolifefm.com.br\/noticias\/#\/schema\/person\/1d4e4b1301322090c6221bf1c8420490"},"headline":"Energisa Sul-Sudeste alerta para os cuidados com a rede el\u00e9trica na constru\u00e7\u00e3o civil","datePublished":"2020-08-31T11:45:24+00:00","dateModified":"2026-03-22T18:24:20+00:00","mainEntityOfPage":{"@id":"https:\/\/radiolifefm.com.br\/noticias\/energisa-sul-sudeste-alerta-para-os-cuidados-com-a-rede-eletrica-na-construcao-civil\/"},"wordCount":871,"publisher":{"@id":"https:\/\/radiolifefm.com.br\/noticias\/#organization"},"image":{"@id":"https:\/\/radiolifefm.com.br\/noticias\/energisa-sul-sudeste-alerta-para-os-cuidados-com-a-rede-eletrica-na-construcao-civil\/#primaryimage"},"thumbnailUrl":"https:\/\/radiolifefm.com.br\/noticias\/wp-content\/uploads\/2020\/08\/Energisa-Imagem-4_Cortada-1.jpg","articleSection":["Regi\u00e3o"],"inLanguage":"pt-BR"},{"@type":"WebPage","@id":"https:\/\/radiolifefm.com.br\/noticias\/energisa-sul-sudeste-alerta-para-os-cuidados-com-a-rede-eletrica-na-construcao-civil\/","url":"https:\/\/radiolifefm.com.br\/noticias\/energisa-sul-sudeste-alerta-para-os-cuidados-com-a-rede-eletrica-na-construcao-civil\/","name":"Energisa Sul-Sudeste alerta para os cuidados com a rede el\u00e9trica na constru\u00e7\u00e3o civil - R\u00e1dio Life FM","isPartOf":{"@id":"https:\/\/radiolifefm.com.br\/noticias\/#website"},"primaryImageOfPage":{"@id":"https:\/\/radiolifefm.com.br\/noticias\/energisa-sul-sudeste-alerta-para-os-cuidados-com-a-rede-eletrica-na-construcao-civil\/#primaryimage"},"image":{"@id":"https:\/\/radiolifefm.com.br\/noticias\/energisa-sul-sudeste-alerta-para-os-cuidados-com-a-rede-eletrica-na-construcao-civil\/#primaryimage"},"thumbnailUrl":"https:\/\/radiolifefm.com.br\/noticias\/wp-content\/uploads\/2020\/08\/Energisa-Imagem-4_Cortada-1.jpg","datePublished":"2020-08-31T11:45:24+00:00","dateModified":"2026-03-22T18:24:20+00:00","breadcrumb":{"@id":"https:\/\/radiolifefm.com.br\/noticias\/energisa-sul-sudeste-alerta-para-os-cuidados-com-a-rede-eletrica-na-construcao-civil\/#breadcrumb"},"inLanguage":"pt-BR","potentialAction":[{"@type":"ReadAction","target":["https:\/\/radiolifefm.com.br\/noticias\/energisa-sul-sudeste-alerta-para-os-cuidados-com-a-rede-eletrica-na-construcao-civil\/"]}]},{"@type":"ImageObject","inLanguage":"pt-BR","@id":"https:\/\/radiolifefm.com.br\/noticias\/energisa-sul-sudeste-alerta-para-os-cuidados-com-a-rede-eletrica-na-construcao-civil\/#primaryimage","url":"https:\/\/radiolifefm.com.br\/noticias\/wp-content\/uploads\/2020\/08\/Energisa-Imagem-4_Cortada-1.jpg","contentUrl":"https:\/\/radiolifefm.com.br\/noticias\/wp-content\/uploads\/2020\/08\/Energisa-Imagem-4_Cortada-1.jpg","width":1200,"height":465},{"@type":"BreadcrumbList","@id":"https:\/\/radiolifefm.com.br\/noticias\/energisa-sul-sudeste-alerta-para-os-cuidados-com-a-rede-eletrica-na-construcao-civil\/#breadcrumb","itemListElement":[{"@type":"ListItem","position":1,"name":"In\u00edcio","item":"https:\/\/radiolifefm.com.br\/noticias\/"},{"@type":"ListItem","position":2,"name":"Energisa Sul-Sudeste alerta para os cuidados com a rede el\u00e9trica na constru\u00e7\u00e3o civil"}]},{"@type":"WebSite","@id":"https:\/\/radiolifefm.com.br\/noticias\/#website","url":"https:\/\/radiolifefm.com.br\/noticias\/","name":"R\u00e1dio Life FM","description":"O Portal de Not\u00edcias de Adamantina","publisher":{"@id":"https:\/\/radiolifefm.com.br\/noticias\/#organization"},"alternateName":"Life FM","potentialAction":[{"@type":"SearchAction","target":{"@type":"EntryPoint","urlTemplate":"https:\/\/radiolifefm.com.br\/noticias\/?s={search_term_string}"},"query-input":{"@type":"PropertyValueSpecification","valueRequired":true,"valueName":"search_term_string"}}],"inLanguage":"pt-BR"},{"@type":"Organization","@id":"https:\/\/radiolifefm.com.br\/noticias\/#organization","name":"R\u00e1dio Life FM","alternateName":"Life FM","url":"https:\/\/radiolifefm.com.br\/noticias\/","logo":{"@type":"ImageObject","inLanguage":"pt-BR","@id":"https:\/\/radiolifefm.com.br\/noticias\/#\/schema\/logo\/image\/","url":"https:\/\/static.radiolifefm.com.br\/noticias\/wp-content\/uploads\/2019\/10\/logo-lifefm.png","contentUrl":"https:\/\/static.radiolifefm.com.br\/noticias\/wp-content\/uploads\/2019\/10\/logo-lifefm.png","width":196,"height":47,"caption":"R\u00e1dio Life FM"},"image":{"@id":"https:\/\/radiolifefm.com.br\/noticias\/#\/schema\/logo\/image\/"},"sameAs":["https:\/\/www.facebook.com\/radiolifefm\/","https:\/\/www.instagram.com\/life1079fm\/"]},{"@type":"Person","@id":"https:\/\/radiolifefm.com.br\/noticias\/#\/schema\/person\/1d4e4b1301322090c6221bf1c8420490","name":"lifefm","image":{"@type":"ImageObject","inLanguage":"pt-BR","@id":"https:\/\/secure.gravatar.com\/avatar\/eca268467d925ec97d20641bb054fd944c0abb2f92854171620706bbe6474e7c?s=96&d=mm&r=g","url":"https:\/\/secure.gravatar.com\/avatar\/eca268467d925ec97d20641bb054fd944c0abb2f92854171620706bbe6474e7c?s=96&d=mm&r=g","contentUrl":"https:\/\/secure.gravatar.com\/avatar\/eca268467d925ec97d20641bb054fd944c0abb2f92854171620706bbe6474e7c?s=96&d=mm&r=g","caption":"lifefm"}}]}},"amp_enabled":true,"_links":{"self":[{"href":"https:\/\/radiolifefm.com.br\/noticias\/wp-json\/wp\/v2\/posts\/25890","targetHints":{"allow":["GET"]}}],"collection":[{"href":"https:\/\/radiolifefm.com.br\/noticias\/wp-json\/wp\/v2\/posts"}],"about":[{"href":"https:\/\/radiolifefm.com.br\/noticias\/wp-json\/wp\/v2\/types\/post"}],"author":[{"embeddable":true,"href":"https:\/\/radiolifefm.com.br\/noticias\/wp-json\/wp\/v2\/users\/3"}],"replies":[{"embeddable":true,"href":"https:\/\/radiolifefm.com.br\/noticias\/wp-json\/wp\/v2\/comments?post=25890"}],"version-history":[{"count":1,"href":"https:\/\/radiolifefm.com.br\/noticias\/wp-json\/wp\/v2\/posts\/25890\/revisions"}],"predecessor-version":[{"id":25892,"href":"https:\/\/radiolifefm.com.br\/noticias\/wp-json\/wp\/v2\/posts\/25890\/revisions\/25892"}],"wp:featuredmedia":[{"embeddable":true,"href":"https:\/\/radiolifefm.com.br\/noticias\/wp-json\/wp\/v2\/media\/25891"}],"wp:attachment":[{"href":"https:\/\/radiolifefm.com.br\/noticias\/wp-json\/wp\/v2\/media?parent=25890"}],"wp:term":[{"taxonomy":"category","embeddable":true,"href":"https:\/\/radiolifefm.com.br\/noticias\/wp-json\/wp\/v2\/categories?post=25890"},{"taxonomy":"post_tag","embeddable":true,"href":"https:\/\/radiolifefm.com.br\/noticias\/wp-json\/wp\/v2\/tags?post=25890"}],"curies":[{"name":"wp","href":"https:\/\/api.w.org\/{rel}","templated":true}]}}