{"id":25884,"date":"2020-08-31T07:52:17","date_gmt":"2020-08-31T10:52:17","guid":{"rendered":"https:\/\/radiolifefm.com.br\/noticias\/?p=25884"},"modified":"2026-04-24T01:55:04","modified_gmt":"2026-04-24T04:55:04","slug":"tudo-na-mesmice-de-sempre-na-provincia-sergio-barbosa-opiniao","status":"publish","type":"post","link":"https:\/\/radiolifefm.com.br\/noticias\/tudo-na-mesmice-de-sempre-na-provincia-sergio-barbosa-opiniao\/","title":{"rendered":"Tudo na mesmice de sempre na Prov\u00edncia&#8230;   &#8211;  S\u00e9rgio Barbosa &#8211; Opini\u00e3o"},"content":{"rendered":"<div id=\"fb-root\"><\/div>\n<p><em><strong>Tudo na mesmice de sempre na Prov\u00edncia&#8230;<\/strong><\/em><\/p>\n<p><em>\u201cN\u00e3o h\u00e1 nada mais pat\u00e9tico do que algu\u00e9m que finge n\u00e3o saber do que voc\u00ea est\u00e1 falando, distorcendo suas palavras, e fazendo delas, o que ele quer que voc\u00ea diga.\u201d (Ikaro Veras)<\/em><\/p>\n<p><em>S\u00e9rgio Barbosa (*)<\/em><\/p>\n<p>Entre as idas e voltas das CORES patrocinadas e mediadas pelo EXECUTIVO ESTADUAL neste VELHO TEMPO NOVO, ainda, em meio aos desencontros coordenados em todas as \u00e1reas pelo PSEUDO-GOVERNO do COISO com COISAS, n\u00e3o tem como levar adiante as propostas em nome da PREVEN\u00c7\u00c3O frente ao COVID-19&#8230;<\/p>\n<p>Como sempre, pode-se registrar sem mais e com muito menos que a COMUNIDADE LOCAL n\u00e3o colabora, isso \u00e9, muitas pessoas continuam agindo como se nada estivesse ocorrendo neste cen\u00e1rio de PANDEMIA&#8230;<\/p>\n<p>Portanto, mais do que nunca, tudo pode acontecer daqui pra frente neste contexto GLOCAL, ou seja, do GLOBAL PARA O LOCAL, tendo em vista que a PREVEN\u00c7\u00c3O deve ser COLETIVA de um jeito ou de outro&#8230;<\/p>\n<p>Por\u00e9m, os problemas continuam se acumulando em todas as \u00e1reas do MERCADO, desta forma, causando os mais diversos preju\u00edzos por causa da FALTA DE CONSCIENTIZA\u00c7\u00c3O da popula\u00e7\u00e3o com rela\u00e7\u00e3o ao controle do COVID-19&#8230;<\/p>\n<p>Ainda, deve-se registrar que os poderes p\u00fablicos em n\u00edveis estadual e municipal continuam tentando levar adiante medidas diversas para um CONTROLE EFETIVO dos problemas causados pelo aumento de n\u00fameros de PACIENTES e assim por diante&#8230;<\/p>\n<p>Entretanto, n\u00e3o se pode esquecer que em ANO ELEITORAL, talvez, ELEITOREIRO para a maioria dos interessados em participar do processo agendado para o dia 15 de novembro deste ano, assim, devem ocorrem muitas decis\u00f5es em nome deste ou do outro lado de um mesmo lado&#8230;<\/p>\n<p>Em tempo de COISO, as denominadas MENTES BOVINAS continuam seguindo o TOQUE do BERRANTE, portanto, a MANADA est\u00e1 de acordo com o BOZZO de sempre, por isso e aquilo a PROV\u00cdNCIA continua na MESMICE DE SEMPRE&#8230;<\/p>\n<p>Existem muitas alternativas para um enfretamento RADICAL em tempo de PANDEMIA, todavia, como descrito acima, o cen\u00e1rio est\u00e1 contaminado pelo V\u00cdRUS DAS ELEI\u00c7\u00d5ES para o EXECUTIVO E LEGISLATIVO municipal em tempo de PANDEMIA GLOCAL&#8230;<\/p>\n<p>Os interesses continuam os mesmo de sempre, ou seja, quem est\u00e1 no PODER n\u00e3o quer sair e quem quer entrar vai ter que esperar pelas ELEI\u00c7\u00d5ES de um jeito ou de outro, desta forma, NADA DE NOVO EM TERRAS PROVINCIANAS&#8230;<\/p>\n<p>Algumas CARTAS est\u00e3o em cima da MESA deste jogo um tanto complicado para quem n\u00e3o quer deixar o PODER e pra quem est\u00e1 desejando este mesmo PODER, assim, cada qual com suas neuroses frente ao PODER PELO PODER&#8230;<\/p>\n<p>Ainda, QUEM SOBREVIVER VAI SABER&#8230;<\/p>\n<div class='flex flex-wrap items-center -mx-1'>\r\n<a class='thumbnail gallery p-1 w-1\/2 md:w-1\/4' href='https:\/\/radiolifefm.com.br\/noticias\/wp-content\/uploads\/2020\/08\/Sebar-5-scaled.jpg'><img class='border border-white' src='https:\/\/radiolifefm.com.br\/noticias\/wp-content\/uploads\/2020\/08\/Sebar-5-200x200.jpg' alt='Sebar' \/><\/a><a class='thumbnail gallery p-1 w-1\/2 md:w-1\/4' href='https:\/\/radiolifefm.com.br\/noticias\/wp-content\/uploads\/2020\/08\/Sebar-1-3-scaled.jpg'><img class='border border-white' src='https:\/\/radiolifefm.com.br\/noticias\/wp-content\/uploads\/2020\/08\/Sebar-1-3-200x200.jpg' alt='Sebar   1' \/><\/a><a class='thumbnail gallery p-1 w-1\/2 md:w-1\/4' href='https:\/\/radiolifefm.com.br\/noticias\/wp-content\/uploads\/2020\/08\/Sebar-2-4-scaled.jpg'><img class='border border-white' src='https:\/\/radiolifefm.com.br\/noticias\/wp-content\/uploads\/2020\/08\/Sebar-2-4-200x200.jpg' alt='Sebar   2' \/><\/a><\/div>\n<p>___________________<br \/>\n(*) jornalista diplomado e professor universit\u00e1rio.<\/p>\n","protected":false},"excerpt":{"rendered":"<p>Tudo na mesmice de sempre na Prov\u00edncia&#8230; \u201cN\u00e3o h\u00e1 nada mais pat\u00e9tico do que algu\u00e9m que finge n\u00e3o saber do que voc\u00ea est\u00e1 falando, distorcendo suas palavras, e fazendo delas, o que ele quer que voc\u00ea diga.\u201d (Ikaro Veras) S\u00e9rgio Barbosa (*) Entre as idas e voltas das CORES patrocinadas e mediadas pelo EXECUTIVO ESTADUAL [&hellip;]<\/p>\n","protected":false},"author":3,"featured_media":25885,"comment_status":"closed","ping_status":"open","sticky":false,"template":"","format":"standard","meta":{"_acf_changed":false,"_exactmetrics_skip_tracking":false,"_exactmetrics_sitenote_active":false,"_exactmetrics_sitenote_note":"","_exactmetrics_sitenote_category":0,"footnotes":""},"categories":[59],"tags":[],"class_list":["post-25884","post","type-post","status-publish","format-standard","has-post-thumbnail","hentry","category-opiniao"],"acf":[],"yoast_head":"<!-- This site is optimized with the Yoast SEO plugin v27.2 - https:\/\/yoast.com\/product\/yoast-seo-wordpress\/ -->\n<title>Tudo na mesmice de sempre na Prov\u00edncia...  - S\u00e9rgio Barbosa - Opini\u00e3o - R\u00e1dio Life FM<\/title>\n<meta name=\"robots\" content=\"index, follow, max-snippet:-1, max-image-preview:large, max-video-preview:-1\" \/>\n<link rel=\"canonical\" href=\"https:\/\/radiolifefm.com.br\/noticias\/tudo-na-mesmice-de-sempre-na-provincia-sergio-barbosa-opiniao\/\" \/>\n<meta property=\"og:locale\" content=\"pt_BR\" \/>\n<meta property=\"og:type\" content=\"article\" \/>\n<meta property=\"og:title\" content=\"Tudo na mesmice de sempre na Prov\u00edncia...  - S\u00e9rgio Barbosa - Opini\u00e3o - R\u00e1dio Life FM\" \/>\n<meta property=\"og:description\" content=\"Tudo na mesmice de sempre na Prov\u00edncia&#8230; \u201cN\u00e3o h\u00e1 nada mais pat\u00e9tico do que algu\u00e9m que finge n\u00e3o saber do que voc\u00ea est\u00e1 falando, distorcendo suas palavras, e fazendo delas, o que ele quer que voc\u00ea diga.\u201d (Ikaro Veras) S\u00e9rgio Barbosa (*) Entre as idas e voltas das CORES patrocinadas e mediadas pelo EXECUTIVO ESTADUAL [&hellip;]\" \/>\n<meta property=\"og:url\" content=\"https:\/\/radiolifefm.com.br\/noticias\/tudo-na-mesmice-de-sempre-na-provincia-sergio-barbosa-opiniao\/\" \/>\n<meta property=\"og:site_name\" content=\"R\u00e1dio Life FM\" \/>\n<meta property=\"article:publisher\" content=\"https:\/\/www.facebook.com\/radiolifefm\/\" \/>\n<meta property=\"article:published_time\" content=\"2020-08-31T10:52:17+00:00\" \/>\n<meta property=\"article:modified_time\" content=\"2026-04-24T04:55:04+00:00\" \/>\n<meta property=\"og:image\" content=\"https:\/\/radiolifefm.com.br\/noticias\/wp-content\/uploads\/2020\/08\/Sebar_Cortada.jpg\" \/>\n\t<meta property=\"og:image:width\" content=\"1200\" \/>\n\t<meta property=\"og:image:height\" content=\"630\" \/>\n\t<meta property=\"og:image:type\" content=\"image\/jpeg\" \/>\n<meta name=\"author\" content=\"lifefm\" \/>\n<meta name=\"twitter:card\" content=\"summary_large_image\" \/>\n<meta name=\"twitter:label1\" content=\"Escrito por\" \/>\n\t<meta name=\"twitter:data1\" content=\"lifefm\" \/>\n\t<meta name=\"twitter:label2\" content=\"Est. tempo de leitura\" \/>\n\t<meta name=\"twitter:data2\" content=\"2 minutos\" \/>\n<script type=\"application\/ld+json\" class=\"yoast-schema-graph\">{\"@context\":\"https:\/\/schema.org\",\"@graph\":[{\"@type\":\"Article\",\"@id\":\"https:\/\/radiolifefm.com.br\/noticias\/tudo-na-mesmice-de-sempre-na-provincia-sergio-barbosa-opiniao\/#article\",\"isPartOf\":{\"@id\":\"https:\/\/radiolifefm.com.br\/noticias\/tudo-na-mesmice-de-sempre-na-provincia-sergio-barbosa-opiniao\/\"},\"author\":{\"name\":\"lifefm\",\"@id\":\"https:\/\/radiolifefm.com.br\/noticias\/#\/schema\/person\/1d4e4b1301322090c6221bf1c8420490\"},\"headline\":\"Tudo na mesmice de sempre na Prov\u00edncia&#8230; &#8211; S\u00e9rgio Barbosa &#8211; Opini\u00e3o\",\"datePublished\":\"2020-08-31T10:52:17+00:00\",\"dateModified\":\"2026-04-24T04:55:04+00:00\",\"mainEntityOfPage\":{\"@id\":\"https:\/\/radiolifefm.com.br\/noticias\/tudo-na-mesmice-de-sempre-na-provincia-sergio-barbosa-opiniao\/\"},\"wordCount\":471,\"publisher\":{\"@id\":\"https:\/\/radiolifefm.com.br\/noticias\/#organization\"},\"image\":{\"@id\":\"https:\/\/radiolifefm.com.br\/noticias\/tudo-na-mesmice-de-sempre-na-provincia-sergio-barbosa-opiniao\/#primaryimage\"},\"thumbnailUrl\":\"https:\/\/radiolifefm.com.br\/noticias\/wp-content\/uploads\/2020\/08\/Sebar_Cortada.jpg\",\"articleSection\":[\"Opini\u00e3o\"],\"inLanguage\":\"pt-BR\"},{\"@type\":\"WebPage\",\"@id\":\"https:\/\/radiolifefm.com.br\/noticias\/tudo-na-mesmice-de-sempre-na-provincia-sergio-barbosa-opiniao\/\",\"url\":\"https:\/\/radiolifefm.com.br\/noticias\/tudo-na-mesmice-de-sempre-na-provincia-sergio-barbosa-opiniao\/\",\"name\":\"Tudo na mesmice de sempre na Prov\u00edncia... - S\u00e9rgio Barbosa - Opini\u00e3o - R\u00e1dio Life FM\",\"isPartOf\":{\"@id\":\"https:\/\/radiolifefm.com.br\/noticias\/#website\"},\"primaryImageOfPage\":{\"@id\":\"https:\/\/radiolifefm.com.br\/noticias\/tudo-na-mesmice-de-sempre-na-provincia-sergio-barbosa-opiniao\/#primaryimage\"},\"image\":{\"@id\":\"https:\/\/radiolifefm.com.br\/noticias\/tudo-na-mesmice-de-sempre-na-provincia-sergio-barbosa-opiniao\/#primaryimage\"},\"thumbnailUrl\":\"https:\/\/radiolifefm.com.br\/noticias\/wp-content\/uploads\/2020\/08\/Sebar_Cortada.jpg\",\"datePublished\":\"2020-08-31T10:52:17+00:00\",\"dateModified\":\"2026-04-24T04:55:04+00:00\",\"breadcrumb\":{\"@id\":\"https:\/\/radiolifefm.com.br\/noticias\/tudo-na-mesmice-de-sempre-na-provincia-sergio-barbosa-opiniao\/#breadcrumb\"},\"inLanguage\":\"pt-BR\",\"potentialAction\":[{\"@type\":\"ReadAction\",\"target\":[\"https:\/\/radiolifefm.com.br\/noticias\/tudo-na-mesmice-de-sempre-na-provincia-sergio-barbosa-opiniao\/\"]}]},{\"@type\":\"ImageObject\",\"inLanguage\":\"pt-BR\",\"@id\":\"https:\/\/radiolifefm.com.br\/noticias\/tudo-na-mesmice-de-sempre-na-provincia-sergio-barbosa-opiniao\/#primaryimage\",\"url\":\"https:\/\/radiolifefm.com.br\/noticias\/wp-content\/uploads\/2020\/08\/Sebar_Cortada.jpg\",\"contentUrl\":\"https:\/\/radiolifefm.com.br\/noticias\/wp-content\/uploads\/2020\/08\/Sebar_Cortada.jpg\",\"width\":1200,\"height\":630},{\"@type\":\"BreadcrumbList\",\"@id\":\"https:\/\/radiolifefm.com.br\/noticias\/tudo-na-mesmice-de-sempre-na-provincia-sergio-barbosa-opiniao\/#breadcrumb\",\"itemListElement\":[{\"@type\":\"ListItem\",\"position\":1,\"name\":\"In\u00edcio\",\"item\":\"https:\/\/radiolifefm.com.br\/noticias\/\"},{\"@type\":\"ListItem\",\"position\":2,\"name\":\"Tudo na mesmice de sempre na Prov\u00edncia&#8230; &#8211; S\u00e9rgio Barbosa &#8211; Opini\u00e3o\"}]},{\"@type\":\"WebSite\",\"@id\":\"https:\/\/radiolifefm.com.br\/noticias\/#website\",\"url\":\"https:\/\/radiolifefm.com.br\/noticias\/\",\"name\":\"R\u00e1dio Life FM\",\"description\":\"O Portal de Not\u00edcias de Adamantina\",\"publisher\":{\"@id\":\"https:\/\/radiolifefm.com.br\/noticias\/#organization\"},\"alternateName\":\"Life FM\",\"potentialAction\":[{\"@type\":\"SearchAction\",\"target\":{\"@type\":\"EntryPoint\",\"urlTemplate\":\"https:\/\/radiolifefm.com.br\/noticias\/?s={search_term_string}\"},\"query-input\":{\"@type\":\"PropertyValueSpecification\",\"valueRequired\":true,\"valueName\":\"search_term_string\"}}],\"inLanguage\":\"pt-BR\"},{\"@type\":\"Organization\",\"@id\":\"https:\/\/radiolifefm.com.br\/noticias\/#organization\",\"name\":\"R\u00e1dio Life FM\",\"alternateName\":\"Life FM\",\"url\":\"https:\/\/radiolifefm.com.br\/noticias\/\",\"logo\":{\"@type\":\"ImageObject\",\"inLanguage\":\"pt-BR\",\"@id\":\"https:\/\/radiolifefm.com.br\/noticias\/#\/schema\/logo\/image\/\",\"url\":\"https:\/\/static.radiolifefm.com.br\/noticias\/wp-content\/uploads\/2019\/10\/logo-lifefm.png\",\"contentUrl\":\"https:\/\/static.radiolifefm.com.br\/noticias\/wp-content\/uploads\/2019\/10\/logo-lifefm.png\",\"width\":196,\"height\":47,\"caption\":\"R\u00e1dio Life FM\"},\"image\":{\"@id\":\"https:\/\/radiolifefm.com.br\/noticias\/#\/schema\/logo\/image\/\"},\"sameAs\":[\"https:\/\/www.facebook.com\/radiolifefm\/\",\"https:\/\/www.instagram.com\/life1079fm\/\"]},{\"@type\":\"Person\",\"@id\":\"https:\/\/radiolifefm.com.br\/noticias\/#\/schema\/person\/1d4e4b1301322090c6221bf1c8420490\",\"name\":\"lifefm\",\"image\":{\"@type\":\"ImageObject\",\"inLanguage\":\"pt-BR\",\"@id\":\"https:\/\/secure.gravatar.com\/avatar\/eca268467d925ec97d20641bb054fd944c0abb2f92854171620706bbe6474e7c?s=96&d=mm&r=g\",\"url\":\"https:\/\/secure.gravatar.com\/avatar\/eca268467d925ec97d20641bb054fd944c0abb2f92854171620706bbe6474e7c?s=96&d=mm&r=g\",\"contentUrl\":\"https:\/\/secure.gravatar.com\/avatar\/eca268467d925ec97d20641bb054fd944c0abb2f92854171620706bbe6474e7c?s=96&d=mm&r=g\",\"caption\":\"lifefm\"}}]}<\/script>\n<!-- \/ Yoast SEO plugin. -->","yoast_head_json":{"title":"Tudo na mesmice de sempre na Prov\u00edncia...  - S\u00e9rgio Barbosa - Opini\u00e3o - R\u00e1dio Life FM","robots":{"index":"index","follow":"follow","max-snippet":"max-snippet:-1","max-image-preview":"max-image-preview:large","max-video-preview":"max-video-preview:-1"},"canonical":"https:\/\/radiolifefm.com.br\/noticias\/tudo-na-mesmice-de-sempre-na-provincia-sergio-barbosa-opiniao\/","og_locale":"pt_BR","og_type":"article","og_title":"Tudo na mesmice de sempre na Prov\u00edncia...  - S\u00e9rgio Barbosa - Opini\u00e3o - R\u00e1dio Life FM","og_description":"Tudo na mesmice de sempre na Prov\u00edncia&#8230; \u201cN\u00e3o h\u00e1 nada mais pat\u00e9tico do que algu\u00e9m que finge n\u00e3o saber do que voc\u00ea est\u00e1 falando, distorcendo suas palavras, e fazendo delas, o que ele quer que voc\u00ea diga.\u201d (Ikaro Veras) S\u00e9rgio Barbosa (*) Entre as idas e voltas das CORES patrocinadas e mediadas pelo EXECUTIVO ESTADUAL [&hellip;]","og_url":"https:\/\/radiolifefm.com.br\/noticias\/tudo-na-mesmice-de-sempre-na-provincia-sergio-barbosa-opiniao\/","og_site_name":"R\u00e1dio Life FM","article_publisher":"https:\/\/www.facebook.com\/radiolifefm\/","article_published_time":"2020-08-31T10:52:17+00:00","article_modified_time":"2026-04-24T04:55:04+00:00","og_image":[{"width":1200,"height":630,"url":"https:\/\/radiolifefm.com.br\/noticias\/wp-content\/uploads\/2020\/08\/Sebar_Cortada.jpg","type":"image\/jpeg"}],"author":"lifefm","twitter_card":"summary_large_image","twitter_misc":{"Escrito por":"lifefm","Est. tempo de leitura":"2 minutos"},"schema":{"@context":"https:\/\/schema.org","@graph":[{"@type":"Article","@id":"https:\/\/radiolifefm.com.br\/noticias\/tudo-na-mesmice-de-sempre-na-provincia-sergio-barbosa-opiniao\/#article","isPartOf":{"@id":"https:\/\/radiolifefm.com.br\/noticias\/tudo-na-mesmice-de-sempre-na-provincia-sergio-barbosa-opiniao\/"},"author":{"name":"lifefm","@id":"https:\/\/radiolifefm.com.br\/noticias\/#\/schema\/person\/1d4e4b1301322090c6221bf1c8420490"},"headline":"Tudo na mesmice de sempre na Prov\u00edncia&#8230; &#8211; S\u00e9rgio Barbosa &#8211; Opini\u00e3o","datePublished":"2020-08-31T10:52:17+00:00","dateModified":"2026-04-24T04:55:04+00:00","mainEntityOfPage":{"@id":"https:\/\/radiolifefm.com.br\/noticias\/tudo-na-mesmice-de-sempre-na-provincia-sergio-barbosa-opiniao\/"},"wordCount":471,"publisher":{"@id":"https:\/\/radiolifefm.com.br\/noticias\/#organization"},"image":{"@id":"https:\/\/radiolifefm.com.br\/noticias\/tudo-na-mesmice-de-sempre-na-provincia-sergio-barbosa-opiniao\/#primaryimage"},"thumbnailUrl":"https:\/\/radiolifefm.com.br\/noticias\/wp-content\/uploads\/2020\/08\/Sebar_Cortada.jpg","articleSection":["Opini\u00e3o"],"inLanguage":"pt-BR"},{"@type":"WebPage","@id":"https:\/\/radiolifefm.com.br\/noticias\/tudo-na-mesmice-de-sempre-na-provincia-sergio-barbosa-opiniao\/","url":"https:\/\/radiolifefm.com.br\/noticias\/tudo-na-mesmice-de-sempre-na-provincia-sergio-barbosa-opiniao\/","name":"Tudo na mesmice de sempre na Prov\u00edncia... - S\u00e9rgio Barbosa - Opini\u00e3o - R\u00e1dio Life FM","isPartOf":{"@id":"https:\/\/radiolifefm.com.br\/noticias\/#website"},"primaryImageOfPage":{"@id":"https:\/\/radiolifefm.com.br\/noticias\/tudo-na-mesmice-de-sempre-na-provincia-sergio-barbosa-opiniao\/#primaryimage"},"image":{"@id":"https:\/\/radiolifefm.com.br\/noticias\/tudo-na-mesmice-de-sempre-na-provincia-sergio-barbosa-opiniao\/#primaryimage"},"thumbnailUrl":"https:\/\/radiolifefm.com.br\/noticias\/wp-content\/uploads\/2020\/08\/Sebar_Cortada.jpg","datePublished":"2020-08-31T10:52:17+00:00","dateModified":"2026-04-24T04:55:04+00:00","breadcrumb":{"@id":"https:\/\/radiolifefm.com.br\/noticias\/tudo-na-mesmice-de-sempre-na-provincia-sergio-barbosa-opiniao\/#breadcrumb"},"inLanguage":"pt-BR","potentialAction":[{"@type":"ReadAction","target":["https:\/\/radiolifefm.com.br\/noticias\/tudo-na-mesmice-de-sempre-na-provincia-sergio-barbosa-opiniao\/"]}]},{"@type":"ImageObject","inLanguage":"pt-BR","@id":"https:\/\/radiolifefm.com.br\/noticias\/tudo-na-mesmice-de-sempre-na-provincia-sergio-barbosa-opiniao\/#primaryimage","url":"https:\/\/radiolifefm.com.br\/noticias\/wp-content\/uploads\/2020\/08\/Sebar_Cortada.jpg","contentUrl":"https:\/\/radiolifefm.com.br\/noticias\/wp-content\/uploads\/2020\/08\/Sebar_Cortada.jpg","width":1200,"height":630},{"@type":"BreadcrumbList","@id":"https:\/\/radiolifefm.com.br\/noticias\/tudo-na-mesmice-de-sempre-na-provincia-sergio-barbosa-opiniao\/#breadcrumb","itemListElement":[{"@type":"ListItem","position":1,"name":"In\u00edcio","item":"https:\/\/radiolifefm.com.br\/noticias\/"},{"@type":"ListItem","position":2,"name":"Tudo na mesmice de sempre na Prov\u00edncia&#8230; &#8211; S\u00e9rgio Barbosa &#8211; Opini\u00e3o"}]},{"@type":"WebSite","@id":"https:\/\/radiolifefm.com.br\/noticias\/#website","url":"https:\/\/radiolifefm.com.br\/noticias\/","name":"R\u00e1dio Life FM","description":"O Portal de Not\u00edcias de Adamantina","publisher":{"@id":"https:\/\/radiolifefm.com.br\/noticias\/#organization"},"alternateName":"Life FM","potentialAction":[{"@type":"SearchAction","target":{"@type":"EntryPoint","urlTemplate":"https:\/\/radiolifefm.com.br\/noticias\/?s={search_term_string}"},"query-input":{"@type":"PropertyValueSpecification","valueRequired":true,"valueName":"search_term_string"}}],"inLanguage":"pt-BR"},{"@type":"Organization","@id":"https:\/\/radiolifefm.com.br\/noticias\/#organization","name":"R\u00e1dio Life FM","alternateName":"Life FM","url":"https:\/\/radiolifefm.com.br\/noticias\/","logo":{"@type":"ImageObject","inLanguage":"pt-BR","@id":"https:\/\/radiolifefm.com.br\/noticias\/#\/schema\/logo\/image\/","url":"https:\/\/static.radiolifefm.com.br\/noticias\/wp-content\/uploads\/2019\/10\/logo-lifefm.png","contentUrl":"https:\/\/static.radiolifefm.com.br\/noticias\/wp-content\/uploads\/2019\/10\/logo-lifefm.png","width":196,"height":47,"caption":"R\u00e1dio Life FM"},"image":{"@id":"https:\/\/radiolifefm.com.br\/noticias\/#\/schema\/logo\/image\/"},"sameAs":["https:\/\/www.facebook.com\/radiolifefm\/","https:\/\/www.instagram.com\/life1079fm\/"]},{"@type":"Person","@id":"https:\/\/radiolifefm.com.br\/noticias\/#\/schema\/person\/1d4e4b1301322090c6221bf1c8420490","name":"lifefm","image":{"@type":"ImageObject","inLanguage":"pt-BR","@id":"https:\/\/secure.gravatar.com\/avatar\/eca268467d925ec97d20641bb054fd944c0abb2f92854171620706bbe6474e7c?s=96&d=mm&r=g","url":"https:\/\/secure.gravatar.com\/avatar\/eca268467d925ec97d20641bb054fd944c0abb2f92854171620706bbe6474e7c?s=96&d=mm&r=g","contentUrl":"https:\/\/secure.gravatar.com\/avatar\/eca268467d925ec97d20641bb054fd944c0abb2f92854171620706bbe6474e7c?s=96&d=mm&r=g","caption":"lifefm"}}]}},"amp_enabled":true,"_links":{"self":[{"href":"https:\/\/radiolifefm.com.br\/noticias\/wp-json\/wp\/v2\/posts\/25884","targetHints":{"allow":["GET"]}}],"collection":[{"href":"https:\/\/radiolifefm.com.br\/noticias\/wp-json\/wp\/v2\/posts"}],"about":[{"href":"https:\/\/radiolifefm.com.br\/noticias\/wp-json\/wp\/v2\/types\/post"}],"author":[{"embeddable":true,"href":"https:\/\/radiolifefm.com.br\/noticias\/wp-json\/wp\/v2\/users\/3"}],"replies":[{"embeddable":true,"href":"https:\/\/radiolifefm.com.br\/noticias\/wp-json\/wp\/v2\/comments?post=25884"}],"version-history":[{"count":1,"href":"https:\/\/radiolifefm.com.br\/noticias\/wp-json\/wp\/v2\/posts\/25884\/revisions"}],"predecessor-version":[{"id":25889,"href":"https:\/\/radiolifefm.com.br\/noticias\/wp-json\/wp\/v2\/posts\/25884\/revisions\/25889"}],"wp:featuredmedia":[{"embeddable":true,"href":"https:\/\/radiolifefm.com.br\/noticias\/wp-json\/wp\/v2\/media\/25885"}],"wp:attachment":[{"href":"https:\/\/radiolifefm.com.br\/noticias\/wp-json\/wp\/v2\/media?parent=25884"}],"wp:term":[{"taxonomy":"category","embeddable":true,"href":"https:\/\/radiolifefm.com.br\/noticias\/wp-json\/wp\/v2\/categories?post=25884"},{"taxonomy":"post_tag","embeddable":true,"href":"https:\/\/radiolifefm.com.br\/noticias\/wp-json\/wp\/v2\/tags?post=25884"}],"curies":[{"name":"wp","href":"https:\/\/api.w.org\/{rel}","templated":true}]}}