{"id":25835,"date":"2020-08-29T21:59:20","date_gmt":"2020-08-30T00:59:20","guid":{"rendered":"https:\/\/radiolifefm.com.br\/noticias\/?p=25835"},"modified":"2026-02-15T02:34:16","modified_gmt":"2026-02-15T05:34:16","slug":"homem-sofre-ferimentos-em-acidente-registrado-na-sp-294-em-osvaldo-cruz","status":"publish","type":"post","link":"https:\/\/radiolifefm.com.br\/noticias\/homem-sofre-ferimentos-em-acidente-registrado-na-sp-294-em-osvaldo-cruz\/","title":{"rendered":"Homem sofre ferimentos em acidente registrado na SP-294, em Osvaldo Cruz"},"content":{"rendered":"<div id=\"fb-root\"><\/div>\n<p>Um homem, de 69 anos, ficou levemente ferido em um acidente registrado na tarde deste s\u00e1bado (29), na Rodovia Comandante Jo\u00e3o Ribeiro de Barros, a SP-294, em Osvaldo Cruz.<\/p>\n<p>Segundo informa\u00e7\u00f5es colhidas no local pela reportagem do Portal Metr\u00f3pole de Not\u00edcias, a v\u00edtima conduzia um ve\u00edculo VW Saveiro, placas de Osvaldo Cruz, sentido Osvaldo Cruz a Parapu\u00e3, quando no km 567 ao tentar entrar em uma estrada rural \u00e0s margens da Rodovia, um caminh\u00e3o carregado com combust\u00edvel, que realizava manobra de ultrapassagem de um outro caminh\u00e3o, colidiu transversalmente contra a Saveiro.<\/p>\n<p>Com o impacto, a v\u00edtima perdeu o controle da dire\u00e7\u00e3o e parou em um barranco \u00e0s margens da rodovia.<\/p>\n<p>A vitima foi socorrida pela Unidade Resgate do Corpo de Bombeiros de Osvaldo Cruz, para a Santa Casa do munic\u00edpio, com ferimentos leves nos bra\u00e7os e escoria\u00e7\u00f5es pelo corpo.<\/p>\n<p>Atenderam a ocorr\u00eancia, uma equipe da Pol\u00edcia Militar Rodovi\u00e1ria base Operacional de Adamantina, com apoio do Policiamento de \u00c1rea de Osvaldo Cruz e Eixo-SP.<\/p>\n<p><em><b>Fonte: FM Metr\u00f3pole<\/b><\/em><\/p>\n","protected":false},"excerpt":{"rendered":"<p>Um homem, de 69 anos, ficou levemente ferido em um acidente registrado na tarde deste s\u00e1bado (29), na Rodovia Comandante Jo\u00e3o Ribeiro de Barros, a SP-294, em Osvaldo Cruz. Segundo informa\u00e7\u00f5es colhidas no local pela reportagem do Portal Metr\u00f3pole de Not\u00edcias, a v\u00edtima conduzia um ve\u00edculo VW Saveiro, placas de Osvaldo Cruz, sentido Osvaldo Cruz [&hellip;]<\/p>\n","protected":false},"author":8,"featured_media":25827,"comment_status":"closed","ping_status":"open","sticky":false,"template":"","format":"standard","meta":{"_acf_changed":false,"_exactmetrics_skip_tracking":false,"_exactmetrics_sitenote_active":false,"_exactmetrics_sitenote_note":"","_exactmetrics_sitenote_category":0,"footnotes":""},"categories":[24],"tags":[],"class_list":["post-25835","post","type-post","status-publish","format-standard","has-post-thumbnail","hentry","category-regiao"],"acf":[],"yoast_head":"<!-- This site is optimized with the Yoast SEO plugin v27.2 - https:\/\/yoast.com\/product\/yoast-seo-wordpress\/ -->\n<title>Homem sofre ferimentos em acidente registrado na SP-294, em Osvaldo Cruz - R\u00e1dio Life FM<\/title>\n<meta name=\"robots\" content=\"index, follow, max-snippet:-1, max-image-preview:large, max-video-preview:-1\" \/>\n<link rel=\"canonical\" href=\"https:\/\/radiolifefm.com.br\/noticias\/homem-sofre-ferimentos-em-acidente-registrado-na-sp-294-em-osvaldo-cruz\/\" \/>\n<meta property=\"og:locale\" content=\"pt_BR\" \/>\n<meta property=\"og:type\" content=\"article\" \/>\n<meta property=\"og:title\" content=\"Homem sofre ferimentos em acidente registrado na SP-294, em Osvaldo Cruz - R\u00e1dio Life FM\" \/>\n<meta property=\"og:description\" content=\"Um homem, de 69 anos, ficou levemente ferido em um acidente registrado na tarde deste s\u00e1bado (29), na Rodovia Comandante Jo\u00e3o Ribeiro de Barros, a SP-294, em Osvaldo Cruz. Segundo informa\u00e7\u00f5es colhidas no local pela reportagem do Portal Metr\u00f3pole de Not\u00edcias, a v\u00edtima conduzia um ve\u00edculo VW Saveiro, placas de Osvaldo Cruz, sentido Osvaldo Cruz [&hellip;]\" \/>\n<meta property=\"og:url\" content=\"https:\/\/radiolifefm.com.br\/noticias\/homem-sofre-ferimentos-em-acidente-registrado-na-sp-294-em-osvaldo-cruz\/\" \/>\n<meta property=\"og:site_name\" content=\"R\u00e1dio Life FM\" \/>\n<meta property=\"article:publisher\" content=\"https:\/\/www.facebook.com\/radiolifefm\/\" \/>\n<meta property=\"article:published_time\" content=\"2020-08-30T00:59:20+00:00\" \/>\n<meta property=\"article:modified_time\" content=\"2026-02-15T05:34:16+00:00\" \/>\n<meta property=\"og:image\" content=\"https:\/\/radiolifefm.com.br\/noticias\/wp-content\/uploads\/2020\/08\/15987387950_kXxkI5GyYN9oDdk-1.jpg\" \/>\n\t<meta property=\"og:image:width\" content=\"741\" \/>\n\t<meta property=\"og:image:height\" content=\"410\" \/>\n\t<meta property=\"og:image:type\" content=\"image\/jpeg\" \/>\n<meta name=\"author\" content=\"joaograndao\" \/>\n<meta name=\"twitter:card\" content=\"summary_large_image\" \/>\n<meta name=\"twitter:label1\" content=\"Escrito por\" \/>\n\t<meta name=\"twitter:data1\" content=\"joaograndao\" \/>\n\t<meta name=\"twitter:label2\" content=\"Est. tempo de leitura\" \/>\n\t<meta name=\"twitter:data2\" content=\"1 minuto\" \/>\n<script type=\"application\/ld+json\" class=\"yoast-schema-graph\">{\"@context\":\"https:\/\/schema.org\",\"@graph\":[{\"@type\":\"Article\",\"@id\":\"https:\/\/radiolifefm.com.br\/noticias\/homem-sofre-ferimentos-em-acidente-registrado-na-sp-294-em-osvaldo-cruz\/#article\",\"isPartOf\":{\"@id\":\"https:\/\/radiolifefm.com.br\/noticias\/homem-sofre-ferimentos-em-acidente-registrado-na-sp-294-em-osvaldo-cruz\/\"},\"author\":{\"name\":\"joaograndao\",\"@id\":\"https:\/\/radiolifefm.com.br\/noticias\/#\/schema\/person\/6876e1240feffe6e1b63fd5cb85abf28\"},\"headline\":\"Homem sofre ferimentos em acidente registrado na SP-294, em Osvaldo Cruz\",\"datePublished\":\"2020-08-30T00:59:20+00:00\",\"dateModified\":\"2026-02-15T05:34:16+00:00\",\"mainEntityOfPage\":{\"@id\":\"https:\/\/radiolifefm.com.br\/noticias\/homem-sofre-ferimentos-em-acidente-registrado-na-sp-294-em-osvaldo-cruz\/\"},\"wordCount\":193,\"publisher\":{\"@id\":\"https:\/\/radiolifefm.com.br\/noticias\/#organization\"},\"image\":{\"@id\":\"https:\/\/radiolifefm.com.br\/noticias\/homem-sofre-ferimentos-em-acidente-registrado-na-sp-294-em-osvaldo-cruz\/#primaryimage\"},\"thumbnailUrl\":\"https:\/\/radiolifefm.com.br\/noticias\/wp-content\/uploads\/2020\/08\/15987387950_kXxkI5GyYN9oDdk-1.jpg\",\"articleSection\":[\"Regi\u00e3o\"],\"inLanguage\":\"pt-BR\"},{\"@type\":\"WebPage\",\"@id\":\"https:\/\/radiolifefm.com.br\/noticias\/homem-sofre-ferimentos-em-acidente-registrado-na-sp-294-em-osvaldo-cruz\/\",\"url\":\"https:\/\/radiolifefm.com.br\/noticias\/homem-sofre-ferimentos-em-acidente-registrado-na-sp-294-em-osvaldo-cruz\/\",\"name\":\"Homem sofre ferimentos em acidente registrado na SP-294, em Osvaldo Cruz - R\u00e1dio Life FM\",\"isPartOf\":{\"@id\":\"https:\/\/radiolifefm.com.br\/noticias\/#website\"},\"primaryImageOfPage\":{\"@id\":\"https:\/\/radiolifefm.com.br\/noticias\/homem-sofre-ferimentos-em-acidente-registrado-na-sp-294-em-osvaldo-cruz\/#primaryimage\"},\"image\":{\"@id\":\"https:\/\/radiolifefm.com.br\/noticias\/homem-sofre-ferimentos-em-acidente-registrado-na-sp-294-em-osvaldo-cruz\/#primaryimage\"},\"thumbnailUrl\":\"https:\/\/radiolifefm.com.br\/noticias\/wp-content\/uploads\/2020\/08\/15987387950_kXxkI5GyYN9oDdk-1.jpg\",\"datePublished\":\"2020-08-30T00:59:20+00:00\",\"dateModified\":\"2026-02-15T05:34:16+00:00\",\"breadcrumb\":{\"@id\":\"https:\/\/radiolifefm.com.br\/noticias\/homem-sofre-ferimentos-em-acidente-registrado-na-sp-294-em-osvaldo-cruz\/#breadcrumb\"},\"inLanguage\":\"pt-BR\",\"potentialAction\":[{\"@type\":\"ReadAction\",\"target\":[\"https:\/\/radiolifefm.com.br\/noticias\/homem-sofre-ferimentos-em-acidente-registrado-na-sp-294-em-osvaldo-cruz\/\"]}]},{\"@type\":\"ImageObject\",\"inLanguage\":\"pt-BR\",\"@id\":\"https:\/\/radiolifefm.com.br\/noticias\/homem-sofre-ferimentos-em-acidente-registrado-na-sp-294-em-osvaldo-cruz\/#primaryimage\",\"url\":\"https:\/\/radiolifefm.com.br\/noticias\/wp-content\/uploads\/2020\/08\/15987387950_kXxkI5GyYN9oDdk-1.jpg\",\"contentUrl\":\"https:\/\/radiolifefm.com.br\/noticias\/wp-content\/uploads\/2020\/08\/15987387950_kXxkI5GyYN9oDdk-1.jpg\",\"width\":741,\"height\":410,\"caption\":\"Acidente registrado na tarde deste s\u00e1bado na SP-294.\"},{\"@type\":\"BreadcrumbList\",\"@id\":\"https:\/\/radiolifefm.com.br\/noticias\/homem-sofre-ferimentos-em-acidente-registrado-na-sp-294-em-osvaldo-cruz\/#breadcrumb\",\"itemListElement\":[{\"@type\":\"ListItem\",\"position\":1,\"name\":\"In\u00edcio\",\"item\":\"https:\/\/radiolifefm.com.br\/noticias\/\"},{\"@type\":\"ListItem\",\"position\":2,\"name\":\"Homem sofre ferimentos em acidente registrado na SP-294, em Osvaldo Cruz\"}]},{\"@type\":\"WebSite\",\"@id\":\"https:\/\/radiolifefm.com.br\/noticias\/#website\",\"url\":\"https:\/\/radiolifefm.com.br\/noticias\/\",\"name\":\"R\u00e1dio Life FM\",\"description\":\"O Portal de Not\u00edcias de Adamantina\",\"publisher\":{\"@id\":\"https:\/\/radiolifefm.com.br\/noticias\/#organization\"},\"alternateName\":\"Life FM\",\"potentialAction\":[{\"@type\":\"SearchAction\",\"target\":{\"@type\":\"EntryPoint\",\"urlTemplate\":\"https:\/\/radiolifefm.com.br\/noticias\/?s={search_term_string}\"},\"query-input\":{\"@type\":\"PropertyValueSpecification\",\"valueRequired\":true,\"valueName\":\"search_term_string\"}}],\"inLanguage\":\"pt-BR\"},{\"@type\":\"Organization\",\"@id\":\"https:\/\/radiolifefm.com.br\/noticias\/#organization\",\"name\":\"R\u00e1dio Life FM\",\"alternateName\":\"Life FM\",\"url\":\"https:\/\/radiolifefm.com.br\/noticias\/\",\"logo\":{\"@type\":\"ImageObject\",\"inLanguage\":\"pt-BR\",\"@id\":\"https:\/\/radiolifefm.com.br\/noticias\/#\/schema\/logo\/image\/\",\"url\":\"https:\/\/static.radiolifefm.com.br\/noticias\/wp-content\/uploads\/2019\/10\/logo-lifefm.png\",\"contentUrl\":\"https:\/\/static.radiolifefm.com.br\/noticias\/wp-content\/uploads\/2019\/10\/logo-lifefm.png\",\"width\":196,\"height\":47,\"caption\":\"R\u00e1dio Life FM\"},\"image\":{\"@id\":\"https:\/\/radiolifefm.com.br\/noticias\/#\/schema\/logo\/image\/\"},\"sameAs\":[\"https:\/\/www.facebook.com\/radiolifefm\/\",\"https:\/\/www.instagram.com\/life1079fm\/\"]},{\"@type\":\"Person\",\"@id\":\"https:\/\/radiolifefm.com.br\/noticias\/#\/schema\/person\/6876e1240feffe6e1b63fd5cb85abf28\",\"name\":\"joaograndao\",\"image\":{\"@type\":\"ImageObject\",\"inLanguage\":\"pt-BR\",\"@id\":\"https:\/\/secure.gravatar.com\/avatar\/d5b1a3cf357ed9c50404e256a1294083aa8ab5d2a994001567302786016cb32c?s=96&d=mm&r=g\",\"url\":\"https:\/\/secure.gravatar.com\/avatar\/d5b1a3cf357ed9c50404e256a1294083aa8ab5d2a994001567302786016cb32c?s=96&d=mm&r=g\",\"contentUrl\":\"https:\/\/secure.gravatar.com\/avatar\/d5b1a3cf357ed9c50404e256a1294083aa8ab5d2a994001567302786016cb32c?s=96&d=mm&r=g\",\"caption\":\"joaograndao\"}}]}<\/script>\n<!-- \/ Yoast SEO plugin. -->","yoast_head_json":{"title":"Homem sofre ferimentos em acidente registrado na SP-294, em Osvaldo Cruz - R\u00e1dio Life FM","robots":{"index":"index","follow":"follow","max-snippet":"max-snippet:-1","max-image-preview":"max-image-preview:large","max-video-preview":"max-video-preview:-1"},"canonical":"https:\/\/radiolifefm.com.br\/noticias\/homem-sofre-ferimentos-em-acidente-registrado-na-sp-294-em-osvaldo-cruz\/","og_locale":"pt_BR","og_type":"article","og_title":"Homem sofre ferimentos em acidente registrado na SP-294, em Osvaldo Cruz - R\u00e1dio Life FM","og_description":"Um homem, de 69 anos, ficou levemente ferido em um acidente registrado na tarde deste s\u00e1bado (29), na Rodovia Comandante Jo\u00e3o Ribeiro de Barros, a SP-294, em Osvaldo Cruz. Segundo informa\u00e7\u00f5es colhidas no local pela reportagem do Portal Metr\u00f3pole de Not\u00edcias, a v\u00edtima conduzia um ve\u00edculo VW Saveiro, placas de Osvaldo Cruz, sentido Osvaldo Cruz [&hellip;]","og_url":"https:\/\/radiolifefm.com.br\/noticias\/homem-sofre-ferimentos-em-acidente-registrado-na-sp-294-em-osvaldo-cruz\/","og_site_name":"R\u00e1dio Life FM","article_publisher":"https:\/\/www.facebook.com\/radiolifefm\/","article_published_time":"2020-08-30T00:59:20+00:00","article_modified_time":"2026-02-15T05:34:16+00:00","og_image":[{"width":741,"height":410,"url":"https:\/\/radiolifefm.com.br\/noticias\/wp-content\/uploads\/2020\/08\/15987387950_kXxkI5GyYN9oDdk-1.jpg","type":"image\/jpeg"}],"author":"joaograndao","twitter_card":"summary_large_image","twitter_misc":{"Escrito por":"joaograndao","Est. tempo de leitura":"1 minuto"},"schema":{"@context":"https:\/\/schema.org","@graph":[{"@type":"Article","@id":"https:\/\/radiolifefm.com.br\/noticias\/homem-sofre-ferimentos-em-acidente-registrado-na-sp-294-em-osvaldo-cruz\/#article","isPartOf":{"@id":"https:\/\/radiolifefm.com.br\/noticias\/homem-sofre-ferimentos-em-acidente-registrado-na-sp-294-em-osvaldo-cruz\/"},"author":{"name":"joaograndao","@id":"https:\/\/radiolifefm.com.br\/noticias\/#\/schema\/person\/6876e1240feffe6e1b63fd5cb85abf28"},"headline":"Homem sofre ferimentos em acidente registrado na SP-294, em Osvaldo Cruz","datePublished":"2020-08-30T00:59:20+00:00","dateModified":"2026-02-15T05:34:16+00:00","mainEntityOfPage":{"@id":"https:\/\/radiolifefm.com.br\/noticias\/homem-sofre-ferimentos-em-acidente-registrado-na-sp-294-em-osvaldo-cruz\/"},"wordCount":193,"publisher":{"@id":"https:\/\/radiolifefm.com.br\/noticias\/#organization"},"image":{"@id":"https:\/\/radiolifefm.com.br\/noticias\/homem-sofre-ferimentos-em-acidente-registrado-na-sp-294-em-osvaldo-cruz\/#primaryimage"},"thumbnailUrl":"https:\/\/radiolifefm.com.br\/noticias\/wp-content\/uploads\/2020\/08\/15987387950_kXxkI5GyYN9oDdk-1.jpg","articleSection":["Regi\u00e3o"],"inLanguage":"pt-BR"},{"@type":"WebPage","@id":"https:\/\/radiolifefm.com.br\/noticias\/homem-sofre-ferimentos-em-acidente-registrado-na-sp-294-em-osvaldo-cruz\/","url":"https:\/\/radiolifefm.com.br\/noticias\/homem-sofre-ferimentos-em-acidente-registrado-na-sp-294-em-osvaldo-cruz\/","name":"Homem sofre ferimentos em acidente registrado na SP-294, em Osvaldo Cruz - R\u00e1dio Life FM","isPartOf":{"@id":"https:\/\/radiolifefm.com.br\/noticias\/#website"},"primaryImageOfPage":{"@id":"https:\/\/radiolifefm.com.br\/noticias\/homem-sofre-ferimentos-em-acidente-registrado-na-sp-294-em-osvaldo-cruz\/#primaryimage"},"image":{"@id":"https:\/\/radiolifefm.com.br\/noticias\/homem-sofre-ferimentos-em-acidente-registrado-na-sp-294-em-osvaldo-cruz\/#primaryimage"},"thumbnailUrl":"https:\/\/radiolifefm.com.br\/noticias\/wp-content\/uploads\/2020\/08\/15987387950_kXxkI5GyYN9oDdk-1.jpg","datePublished":"2020-08-30T00:59:20+00:00","dateModified":"2026-02-15T05:34:16+00:00","breadcrumb":{"@id":"https:\/\/radiolifefm.com.br\/noticias\/homem-sofre-ferimentos-em-acidente-registrado-na-sp-294-em-osvaldo-cruz\/#breadcrumb"},"inLanguage":"pt-BR","potentialAction":[{"@type":"ReadAction","target":["https:\/\/radiolifefm.com.br\/noticias\/homem-sofre-ferimentos-em-acidente-registrado-na-sp-294-em-osvaldo-cruz\/"]}]},{"@type":"ImageObject","inLanguage":"pt-BR","@id":"https:\/\/radiolifefm.com.br\/noticias\/homem-sofre-ferimentos-em-acidente-registrado-na-sp-294-em-osvaldo-cruz\/#primaryimage","url":"https:\/\/radiolifefm.com.br\/noticias\/wp-content\/uploads\/2020\/08\/15987387950_kXxkI5GyYN9oDdk-1.jpg","contentUrl":"https:\/\/radiolifefm.com.br\/noticias\/wp-content\/uploads\/2020\/08\/15987387950_kXxkI5GyYN9oDdk-1.jpg","width":741,"height":410,"caption":"Acidente registrado na tarde deste s\u00e1bado na SP-294."},{"@type":"BreadcrumbList","@id":"https:\/\/radiolifefm.com.br\/noticias\/homem-sofre-ferimentos-em-acidente-registrado-na-sp-294-em-osvaldo-cruz\/#breadcrumb","itemListElement":[{"@type":"ListItem","position":1,"name":"In\u00edcio","item":"https:\/\/radiolifefm.com.br\/noticias\/"},{"@type":"ListItem","position":2,"name":"Homem sofre ferimentos em acidente registrado na SP-294, em Osvaldo Cruz"}]},{"@type":"WebSite","@id":"https:\/\/radiolifefm.com.br\/noticias\/#website","url":"https:\/\/radiolifefm.com.br\/noticias\/","name":"R\u00e1dio Life FM","description":"O Portal de Not\u00edcias de Adamantina","publisher":{"@id":"https:\/\/radiolifefm.com.br\/noticias\/#organization"},"alternateName":"Life FM","potentialAction":[{"@type":"SearchAction","target":{"@type":"EntryPoint","urlTemplate":"https:\/\/radiolifefm.com.br\/noticias\/?s={search_term_string}"},"query-input":{"@type":"PropertyValueSpecification","valueRequired":true,"valueName":"search_term_string"}}],"inLanguage":"pt-BR"},{"@type":"Organization","@id":"https:\/\/radiolifefm.com.br\/noticias\/#organization","name":"R\u00e1dio Life FM","alternateName":"Life FM","url":"https:\/\/radiolifefm.com.br\/noticias\/","logo":{"@type":"ImageObject","inLanguage":"pt-BR","@id":"https:\/\/radiolifefm.com.br\/noticias\/#\/schema\/logo\/image\/","url":"https:\/\/static.radiolifefm.com.br\/noticias\/wp-content\/uploads\/2019\/10\/logo-lifefm.png","contentUrl":"https:\/\/static.radiolifefm.com.br\/noticias\/wp-content\/uploads\/2019\/10\/logo-lifefm.png","width":196,"height":47,"caption":"R\u00e1dio Life FM"},"image":{"@id":"https:\/\/radiolifefm.com.br\/noticias\/#\/schema\/logo\/image\/"},"sameAs":["https:\/\/www.facebook.com\/radiolifefm\/","https:\/\/www.instagram.com\/life1079fm\/"]},{"@type":"Person","@id":"https:\/\/radiolifefm.com.br\/noticias\/#\/schema\/person\/6876e1240feffe6e1b63fd5cb85abf28","name":"joaograndao","image":{"@type":"ImageObject","inLanguage":"pt-BR","@id":"https:\/\/secure.gravatar.com\/avatar\/d5b1a3cf357ed9c50404e256a1294083aa8ab5d2a994001567302786016cb32c?s=96&d=mm&r=g","url":"https:\/\/secure.gravatar.com\/avatar\/d5b1a3cf357ed9c50404e256a1294083aa8ab5d2a994001567302786016cb32c?s=96&d=mm&r=g","contentUrl":"https:\/\/secure.gravatar.com\/avatar\/d5b1a3cf357ed9c50404e256a1294083aa8ab5d2a994001567302786016cb32c?s=96&d=mm&r=g","caption":"joaograndao"}}]}},"amp_enabled":true,"_links":{"self":[{"href":"https:\/\/radiolifefm.com.br\/noticias\/wp-json\/wp\/v2\/posts\/25835","targetHints":{"allow":["GET"]}}],"collection":[{"href":"https:\/\/radiolifefm.com.br\/noticias\/wp-json\/wp\/v2\/posts"}],"about":[{"href":"https:\/\/radiolifefm.com.br\/noticias\/wp-json\/wp\/v2\/types\/post"}],"author":[{"embeddable":true,"href":"https:\/\/radiolifefm.com.br\/noticias\/wp-json\/wp\/v2\/users\/8"}],"replies":[{"embeddable":true,"href":"https:\/\/radiolifefm.com.br\/noticias\/wp-json\/wp\/v2\/comments?post=25835"}],"version-history":[{"count":1,"href":"https:\/\/radiolifefm.com.br\/noticias\/wp-json\/wp\/v2\/posts\/25835\/revisions"}],"predecessor-version":[{"id":25836,"href":"https:\/\/radiolifefm.com.br\/noticias\/wp-json\/wp\/v2\/posts\/25835\/revisions\/25836"}],"wp:featuredmedia":[{"embeddable":true,"href":"https:\/\/radiolifefm.com.br\/noticias\/wp-json\/wp\/v2\/media\/25827"}],"wp:attachment":[{"href":"https:\/\/radiolifefm.com.br\/noticias\/wp-json\/wp\/v2\/media?parent=25835"}],"wp:term":[{"taxonomy":"category","embeddable":true,"href":"https:\/\/radiolifefm.com.br\/noticias\/wp-json\/wp\/v2\/categories?post=25835"},{"taxonomy":"post_tag","embeddable":true,"href":"https:\/\/radiolifefm.com.br\/noticias\/wp-json\/wp\/v2\/tags?post=25835"}],"curies":[{"name":"wp","href":"https:\/\/api.w.org\/{rel}","templated":true}]}}