{"id":25751,"date":"2020-08-28T09:08:14","date_gmt":"2020-08-28T12:08:14","guid":{"rendered":"https:\/\/radiolifefm.com.br\/noticias\/?p=25751"},"modified":"2026-02-07T14:57:01","modified_gmt":"2026-02-07T17:57:01","slug":"o-que-e-ser-humano-e-ser-uma-tarefa","status":"publish","type":"post","link":"https:\/\/radiolifefm.com.br\/noticias\/o-que-e-ser-humano-e-ser-uma-tarefa\/","title":{"rendered":"O que \u00e9 ser humano?  \u00c9 ser uma tarefa!"},"content":{"rendered":"<div id=\"fb-root\"><\/div>\n<p>O que n\u00f3s sabemos sobre a vida? Tenho d\u00favidas a respeito do quanto as pessoas sabem sobre a arte de viver. O que me parece \u00e9 que alguns apenas vivem. E vivem em relativa mediocridade. Est\u00e3o no b\u00e1sico e n\u00e3o v\u00e3o sair dele. Quando falo em b\u00e1sico n\u00e3o me refiro ao essencial. O essencial exige aten\u00e7\u00e3o, empenho, busca e me faz mergulhar na profundidade da vida. O b\u00e1sico \u00e9 simplesmente viver sem perguntar-se sobre o porqu\u00ea afinal estamos neste mundo.<\/p>\n<p>A vida para que seja boa e verdadeira deve ser assumida como tarefa. Tarefa n\u00e3o \u00e9 um peso. A vida deve ser leve, fluir, n\u00e3o se sobrecarregar e nem travar. Isso depende do nosso jeito de encar\u00e1-la. Eu preciso assumir a tarefa de constru\u00e7\u00e3o de mim mesmo. N\u00e3o posso delegar a outros essa tarefa. Eu mesmo sou art\u00edfice da minha vida.<\/p>\n<p>Somos seres inacabados. Estamos sempre em constru\u00e7\u00e3o at\u00e9 o instante final. Podemos apreender de tudo e fazer-se e refazer-se a cada momento. Nenhuma pessoa que assume essa tarefa de ser sempre mais gente, dir\u00e1 \u201cj\u00e1 fiz tudo\u201d, \u201csei tudo\u201d, \u201cn\u00e3o preciso mais aprender\u201d. O fazer-se a cada instante envolve a humildade de ver sempre uma nova oportunidade de ser, fazer melhor, aprender com tudo no objetivo de ser o melhor que podemos. E o melhor que podemos ser \u00e9 humanos. O humano, embora se diga sempre, \u201csomos humanos, por isso erramos\u201d, n\u00e3o possui aqui sentido negativo. Isso porque mesmo quando dizemos que o humano erra estamos falando a verdade. O que seria se n\u00e3o err\u00e1ssemos? O que seriamos se n\u00e3o tiv\u00e9ssemos a possibilidade real de crescimento? Por isso, humano \u00e9 exatamente aquele que percebe essa possibilidade de crescimento e na humildade percebe que todos est\u00e3o no mesmo caminho. Ningu\u00e9m chegou l\u00e1 ainda. Ningu\u00e9m \u00e9 perfeito. Aquele que se tornou humano \u00e9 mais compreensivo, tolerante, acolhedor e inclusivo. Quem aprende a ser gente n\u00e3o exclui ningu\u00e9m.<\/p>\n<p>Se olharmos para Jesus, Ele primeiramente defende o humano. Ele olha e quer exaltar a caracter\u00edstica comum a todos. N\u00e3o se det\u00e9m em r\u00f3tulos, posi\u00e7\u00e3o social, tipo de religi\u00e3o ou ra\u00e7a. Exatamente porque toca naquilo que \u00e9 humano \u00e9 que pode tocar a todos e salvar a todos. Se olharmos para o humano da pessoa e n\u00e3o para outras caracter\u00edsticas, estamos olhando o m\u00ednimo humano. O m\u00ednimo humano \u00e9 o elemento b\u00e1sico que aproxima toda a humanidade e faz com que nos demos as m\u00e3os. O m\u00ednimo humano \u00e9 ver na pessoa a grandeza e o valor independente disso ou daquilo. Por isso, antes de tudo assumamos a tarefa de sermos humanos e n\u00e3o outras coisas. O resto vem de acr\u00e9scimo. Mas o nosso valor inviol\u00e1vel est\u00e1 em nossa humanidade, que \u00e9 imagem e semelhan\u00e7a do Criador.<\/p>\n<p>&nbsp;<\/p>\n<p>&nbsp;<\/p>\n<p><strong>Padre Ezequiel Dal Pozzo<\/strong><\/p>\n<p><strong>contato@padreezequiel.com.br<\/strong><\/p>\n","protected":false},"excerpt":{"rendered":"<p>O que n\u00f3s sabemos sobre a vida? Tenho d\u00favidas a respeito do quanto as pessoas sabem sobre a arte de viver. O que me parece \u00e9 que alguns apenas vivem. E vivem em relativa mediocridade. Est\u00e3o no b\u00e1sico e n\u00e3o v\u00e3o sair dele. Quando falo em b\u00e1sico n\u00e3o me refiro ao essencial. O essencial exige [&hellip;]<\/p>\n","protected":false},"author":8,"featured_media":25752,"comment_status":"closed","ping_status":"open","sticky":false,"template":"","format":"standard","meta":{"_acf_changed":false,"_exactmetrics_skip_tracking":false,"_exactmetrics_sitenote_active":false,"_exactmetrics_sitenote_note":"","_exactmetrics_sitenote_category":0,"footnotes":""},"categories":[24],"tags":[],"class_list":["post-25751","post","type-post","status-publish","format-standard","has-post-thumbnail","hentry","category-regiao"],"acf":[],"yoast_head":"<!-- This site is optimized with the Yoast SEO plugin v27.2 - https:\/\/yoast.com\/product\/yoast-seo-wordpress\/ -->\n<title>O que \u00e9 ser humano? \u00c9 ser uma tarefa! - R\u00e1dio Life FM<\/title>\n<meta name=\"robots\" content=\"index, follow, max-snippet:-1, max-image-preview:large, max-video-preview:-1\" \/>\n<link rel=\"canonical\" href=\"https:\/\/radiolifefm.com.br\/noticias\/o-que-e-ser-humano-e-ser-uma-tarefa\/\" \/>\n<meta property=\"og:locale\" content=\"pt_BR\" \/>\n<meta property=\"og:type\" content=\"article\" \/>\n<meta property=\"og:title\" content=\"O que \u00e9 ser humano? \u00c9 ser uma tarefa! - R\u00e1dio Life FM\" \/>\n<meta property=\"og:description\" content=\"O que n\u00f3s sabemos sobre a vida? Tenho d\u00favidas a respeito do quanto as pessoas sabem sobre a arte de viver. O que me parece \u00e9 que alguns apenas vivem. E vivem em relativa mediocridade. Est\u00e3o no b\u00e1sico e n\u00e3o v\u00e3o sair dele. Quando falo em b\u00e1sico n\u00e3o me refiro ao essencial. O essencial exige [&hellip;]\" \/>\n<meta property=\"og:url\" content=\"https:\/\/radiolifefm.com.br\/noticias\/o-que-e-ser-humano-e-ser-uma-tarefa\/\" \/>\n<meta property=\"og:site_name\" content=\"R\u00e1dio Life FM\" \/>\n<meta property=\"article:publisher\" content=\"https:\/\/www.facebook.com\/radiolifefm\/\" \/>\n<meta property=\"article:published_time\" content=\"2020-08-28T12:08:14+00:00\" \/>\n<meta property=\"article:modified_time\" content=\"2026-02-07T17:57:01+00:00\" \/>\n<meta property=\"og:image\" content=\"https:\/\/radiolifefm.com.br\/noticias\/wp-content\/uploads\/2020\/08\/ez.jpg\" \/>\n\t<meta property=\"og:image:width\" content=\"754\" \/>\n\t<meta property=\"og:image:height\" content=\"284\" \/>\n\t<meta property=\"og:image:type\" content=\"image\/jpeg\" \/>\n<meta name=\"author\" content=\"joaograndao\" \/>\n<meta name=\"twitter:card\" content=\"summary_large_image\" \/>\n<meta name=\"twitter:label1\" content=\"Escrito por\" \/>\n\t<meta name=\"twitter:data1\" content=\"joaograndao\" \/>\n\t<meta name=\"twitter:label2\" content=\"Est. tempo de leitura\" \/>\n\t<meta name=\"twitter:data2\" content=\"2 minutos\" \/>\n<script type=\"application\/ld+json\" class=\"yoast-schema-graph\">{\"@context\":\"https:\/\/schema.org\",\"@graph\":[{\"@type\":\"Article\",\"@id\":\"https:\/\/radiolifefm.com.br\/noticias\/o-que-e-ser-humano-e-ser-uma-tarefa\/#article\",\"isPartOf\":{\"@id\":\"https:\/\/radiolifefm.com.br\/noticias\/o-que-e-ser-humano-e-ser-uma-tarefa\/\"},\"author\":{\"name\":\"joaograndao\",\"@id\":\"https:\/\/radiolifefm.com.br\/noticias\/#\/schema\/person\/6876e1240feffe6e1b63fd5cb85abf28\"},\"headline\":\"O que \u00e9 ser humano? \u00c9 ser uma tarefa!\",\"datePublished\":\"2020-08-28T12:08:14+00:00\",\"dateModified\":\"2026-02-07T17:57:01+00:00\",\"mainEntityOfPage\":{\"@id\":\"https:\/\/radiolifefm.com.br\/noticias\/o-que-e-ser-humano-e-ser-uma-tarefa\/\"},\"wordCount\":504,\"publisher\":{\"@id\":\"https:\/\/radiolifefm.com.br\/noticias\/#organization\"},\"image\":{\"@id\":\"https:\/\/radiolifefm.com.br\/noticias\/o-que-e-ser-humano-e-ser-uma-tarefa\/#primaryimage\"},\"thumbnailUrl\":\"https:\/\/radiolifefm.com.br\/noticias\/wp-content\/uploads\/2020\/08\/ez.jpg\",\"articleSection\":[\"Regi\u00e3o\"],\"inLanguage\":\"pt-BR\"},{\"@type\":\"WebPage\",\"@id\":\"https:\/\/radiolifefm.com.br\/noticias\/o-que-e-ser-humano-e-ser-uma-tarefa\/\",\"url\":\"https:\/\/radiolifefm.com.br\/noticias\/o-que-e-ser-humano-e-ser-uma-tarefa\/\",\"name\":\"O que \u00e9 ser humano? \u00c9 ser uma tarefa! - R\u00e1dio Life FM\",\"isPartOf\":{\"@id\":\"https:\/\/radiolifefm.com.br\/noticias\/#website\"},\"primaryImageOfPage\":{\"@id\":\"https:\/\/radiolifefm.com.br\/noticias\/o-que-e-ser-humano-e-ser-uma-tarefa\/#primaryimage\"},\"image\":{\"@id\":\"https:\/\/radiolifefm.com.br\/noticias\/o-que-e-ser-humano-e-ser-uma-tarefa\/#primaryimage\"},\"thumbnailUrl\":\"https:\/\/radiolifefm.com.br\/noticias\/wp-content\/uploads\/2020\/08\/ez.jpg\",\"datePublished\":\"2020-08-28T12:08:14+00:00\",\"dateModified\":\"2026-02-07T17:57:01+00:00\",\"breadcrumb\":{\"@id\":\"https:\/\/radiolifefm.com.br\/noticias\/o-que-e-ser-humano-e-ser-uma-tarefa\/#breadcrumb\"},\"inLanguage\":\"pt-BR\",\"potentialAction\":[{\"@type\":\"ReadAction\",\"target\":[\"https:\/\/radiolifefm.com.br\/noticias\/o-que-e-ser-humano-e-ser-uma-tarefa\/\"]}]},{\"@type\":\"ImageObject\",\"inLanguage\":\"pt-BR\",\"@id\":\"https:\/\/radiolifefm.com.br\/noticias\/o-que-e-ser-humano-e-ser-uma-tarefa\/#primaryimage\",\"url\":\"https:\/\/radiolifefm.com.br\/noticias\/wp-content\/uploads\/2020\/08\/ez.jpg\",\"contentUrl\":\"https:\/\/radiolifefm.com.br\/noticias\/wp-content\/uploads\/2020\/08\/ez.jpg\",\"width\":754,\"height\":284},{\"@type\":\"BreadcrumbList\",\"@id\":\"https:\/\/radiolifefm.com.br\/noticias\/o-que-e-ser-humano-e-ser-uma-tarefa\/#breadcrumb\",\"itemListElement\":[{\"@type\":\"ListItem\",\"position\":1,\"name\":\"In\u00edcio\",\"item\":\"https:\/\/radiolifefm.com.br\/noticias\/\"},{\"@type\":\"ListItem\",\"position\":2,\"name\":\"O que \u00e9 ser humano? \u00c9 ser uma tarefa!\"}]},{\"@type\":\"WebSite\",\"@id\":\"https:\/\/radiolifefm.com.br\/noticias\/#website\",\"url\":\"https:\/\/radiolifefm.com.br\/noticias\/\",\"name\":\"R\u00e1dio Life FM\",\"description\":\"O Portal de Not\u00edcias de Adamantina\",\"publisher\":{\"@id\":\"https:\/\/radiolifefm.com.br\/noticias\/#organization\"},\"alternateName\":\"Life FM\",\"potentialAction\":[{\"@type\":\"SearchAction\",\"target\":{\"@type\":\"EntryPoint\",\"urlTemplate\":\"https:\/\/radiolifefm.com.br\/noticias\/?s={search_term_string}\"},\"query-input\":{\"@type\":\"PropertyValueSpecification\",\"valueRequired\":true,\"valueName\":\"search_term_string\"}}],\"inLanguage\":\"pt-BR\"},{\"@type\":\"Organization\",\"@id\":\"https:\/\/radiolifefm.com.br\/noticias\/#organization\",\"name\":\"R\u00e1dio Life FM\",\"alternateName\":\"Life FM\",\"url\":\"https:\/\/radiolifefm.com.br\/noticias\/\",\"logo\":{\"@type\":\"ImageObject\",\"inLanguage\":\"pt-BR\",\"@id\":\"https:\/\/radiolifefm.com.br\/noticias\/#\/schema\/logo\/image\/\",\"url\":\"https:\/\/static.radiolifefm.com.br\/noticias\/wp-content\/uploads\/2019\/10\/logo-lifefm.png\",\"contentUrl\":\"https:\/\/static.radiolifefm.com.br\/noticias\/wp-content\/uploads\/2019\/10\/logo-lifefm.png\",\"width\":196,\"height\":47,\"caption\":\"R\u00e1dio Life FM\"},\"image\":{\"@id\":\"https:\/\/radiolifefm.com.br\/noticias\/#\/schema\/logo\/image\/\"},\"sameAs\":[\"https:\/\/www.facebook.com\/radiolifefm\/\",\"https:\/\/www.instagram.com\/life1079fm\/\"]},{\"@type\":\"Person\",\"@id\":\"https:\/\/radiolifefm.com.br\/noticias\/#\/schema\/person\/6876e1240feffe6e1b63fd5cb85abf28\",\"name\":\"joaograndao\",\"image\":{\"@type\":\"ImageObject\",\"inLanguage\":\"pt-BR\",\"@id\":\"https:\/\/secure.gravatar.com\/avatar\/d5b1a3cf357ed9c50404e256a1294083aa8ab5d2a994001567302786016cb32c?s=96&d=mm&r=g\",\"url\":\"https:\/\/secure.gravatar.com\/avatar\/d5b1a3cf357ed9c50404e256a1294083aa8ab5d2a994001567302786016cb32c?s=96&d=mm&r=g\",\"contentUrl\":\"https:\/\/secure.gravatar.com\/avatar\/d5b1a3cf357ed9c50404e256a1294083aa8ab5d2a994001567302786016cb32c?s=96&d=mm&r=g\",\"caption\":\"joaograndao\"}}]}<\/script>\n<!-- \/ Yoast SEO plugin. -->","yoast_head_json":{"title":"O que \u00e9 ser humano? \u00c9 ser uma tarefa! - R\u00e1dio Life FM","robots":{"index":"index","follow":"follow","max-snippet":"max-snippet:-1","max-image-preview":"max-image-preview:large","max-video-preview":"max-video-preview:-1"},"canonical":"https:\/\/radiolifefm.com.br\/noticias\/o-que-e-ser-humano-e-ser-uma-tarefa\/","og_locale":"pt_BR","og_type":"article","og_title":"O que \u00e9 ser humano? \u00c9 ser uma tarefa! - R\u00e1dio Life FM","og_description":"O que n\u00f3s sabemos sobre a vida? Tenho d\u00favidas a respeito do quanto as pessoas sabem sobre a arte de viver. O que me parece \u00e9 que alguns apenas vivem. E vivem em relativa mediocridade. Est\u00e3o no b\u00e1sico e n\u00e3o v\u00e3o sair dele. Quando falo em b\u00e1sico n\u00e3o me refiro ao essencial. O essencial exige [&hellip;]","og_url":"https:\/\/radiolifefm.com.br\/noticias\/o-que-e-ser-humano-e-ser-uma-tarefa\/","og_site_name":"R\u00e1dio Life FM","article_publisher":"https:\/\/www.facebook.com\/radiolifefm\/","article_published_time":"2020-08-28T12:08:14+00:00","article_modified_time":"2026-02-07T17:57:01+00:00","og_image":[{"width":754,"height":284,"url":"https:\/\/radiolifefm.com.br\/noticias\/wp-content\/uploads\/2020\/08\/ez.jpg","type":"image\/jpeg"}],"author":"joaograndao","twitter_card":"summary_large_image","twitter_misc":{"Escrito por":"joaograndao","Est. tempo de leitura":"2 minutos"},"schema":{"@context":"https:\/\/schema.org","@graph":[{"@type":"Article","@id":"https:\/\/radiolifefm.com.br\/noticias\/o-que-e-ser-humano-e-ser-uma-tarefa\/#article","isPartOf":{"@id":"https:\/\/radiolifefm.com.br\/noticias\/o-que-e-ser-humano-e-ser-uma-tarefa\/"},"author":{"name":"joaograndao","@id":"https:\/\/radiolifefm.com.br\/noticias\/#\/schema\/person\/6876e1240feffe6e1b63fd5cb85abf28"},"headline":"O que \u00e9 ser humano? \u00c9 ser uma tarefa!","datePublished":"2020-08-28T12:08:14+00:00","dateModified":"2026-02-07T17:57:01+00:00","mainEntityOfPage":{"@id":"https:\/\/radiolifefm.com.br\/noticias\/o-que-e-ser-humano-e-ser-uma-tarefa\/"},"wordCount":504,"publisher":{"@id":"https:\/\/radiolifefm.com.br\/noticias\/#organization"},"image":{"@id":"https:\/\/radiolifefm.com.br\/noticias\/o-que-e-ser-humano-e-ser-uma-tarefa\/#primaryimage"},"thumbnailUrl":"https:\/\/radiolifefm.com.br\/noticias\/wp-content\/uploads\/2020\/08\/ez.jpg","articleSection":["Regi\u00e3o"],"inLanguage":"pt-BR"},{"@type":"WebPage","@id":"https:\/\/radiolifefm.com.br\/noticias\/o-que-e-ser-humano-e-ser-uma-tarefa\/","url":"https:\/\/radiolifefm.com.br\/noticias\/o-que-e-ser-humano-e-ser-uma-tarefa\/","name":"O que \u00e9 ser humano? \u00c9 ser uma tarefa! - R\u00e1dio Life FM","isPartOf":{"@id":"https:\/\/radiolifefm.com.br\/noticias\/#website"},"primaryImageOfPage":{"@id":"https:\/\/radiolifefm.com.br\/noticias\/o-que-e-ser-humano-e-ser-uma-tarefa\/#primaryimage"},"image":{"@id":"https:\/\/radiolifefm.com.br\/noticias\/o-que-e-ser-humano-e-ser-uma-tarefa\/#primaryimage"},"thumbnailUrl":"https:\/\/radiolifefm.com.br\/noticias\/wp-content\/uploads\/2020\/08\/ez.jpg","datePublished":"2020-08-28T12:08:14+00:00","dateModified":"2026-02-07T17:57:01+00:00","breadcrumb":{"@id":"https:\/\/radiolifefm.com.br\/noticias\/o-que-e-ser-humano-e-ser-uma-tarefa\/#breadcrumb"},"inLanguage":"pt-BR","potentialAction":[{"@type":"ReadAction","target":["https:\/\/radiolifefm.com.br\/noticias\/o-que-e-ser-humano-e-ser-uma-tarefa\/"]}]},{"@type":"ImageObject","inLanguage":"pt-BR","@id":"https:\/\/radiolifefm.com.br\/noticias\/o-que-e-ser-humano-e-ser-uma-tarefa\/#primaryimage","url":"https:\/\/radiolifefm.com.br\/noticias\/wp-content\/uploads\/2020\/08\/ez.jpg","contentUrl":"https:\/\/radiolifefm.com.br\/noticias\/wp-content\/uploads\/2020\/08\/ez.jpg","width":754,"height":284},{"@type":"BreadcrumbList","@id":"https:\/\/radiolifefm.com.br\/noticias\/o-que-e-ser-humano-e-ser-uma-tarefa\/#breadcrumb","itemListElement":[{"@type":"ListItem","position":1,"name":"In\u00edcio","item":"https:\/\/radiolifefm.com.br\/noticias\/"},{"@type":"ListItem","position":2,"name":"O que \u00e9 ser humano? \u00c9 ser uma tarefa!"}]},{"@type":"WebSite","@id":"https:\/\/radiolifefm.com.br\/noticias\/#website","url":"https:\/\/radiolifefm.com.br\/noticias\/","name":"R\u00e1dio Life FM","description":"O Portal de Not\u00edcias de Adamantina","publisher":{"@id":"https:\/\/radiolifefm.com.br\/noticias\/#organization"},"alternateName":"Life FM","potentialAction":[{"@type":"SearchAction","target":{"@type":"EntryPoint","urlTemplate":"https:\/\/radiolifefm.com.br\/noticias\/?s={search_term_string}"},"query-input":{"@type":"PropertyValueSpecification","valueRequired":true,"valueName":"search_term_string"}}],"inLanguage":"pt-BR"},{"@type":"Organization","@id":"https:\/\/radiolifefm.com.br\/noticias\/#organization","name":"R\u00e1dio Life FM","alternateName":"Life FM","url":"https:\/\/radiolifefm.com.br\/noticias\/","logo":{"@type":"ImageObject","inLanguage":"pt-BR","@id":"https:\/\/radiolifefm.com.br\/noticias\/#\/schema\/logo\/image\/","url":"https:\/\/static.radiolifefm.com.br\/noticias\/wp-content\/uploads\/2019\/10\/logo-lifefm.png","contentUrl":"https:\/\/static.radiolifefm.com.br\/noticias\/wp-content\/uploads\/2019\/10\/logo-lifefm.png","width":196,"height":47,"caption":"R\u00e1dio Life FM"},"image":{"@id":"https:\/\/radiolifefm.com.br\/noticias\/#\/schema\/logo\/image\/"},"sameAs":["https:\/\/www.facebook.com\/radiolifefm\/","https:\/\/www.instagram.com\/life1079fm\/"]},{"@type":"Person","@id":"https:\/\/radiolifefm.com.br\/noticias\/#\/schema\/person\/6876e1240feffe6e1b63fd5cb85abf28","name":"joaograndao","image":{"@type":"ImageObject","inLanguage":"pt-BR","@id":"https:\/\/secure.gravatar.com\/avatar\/d5b1a3cf357ed9c50404e256a1294083aa8ab5d2a994001567302786016cb32c?s=96&d=mm&r=g","url":"https:\/\/secure.gravatar.com\/avatar\/d5b1a3cf357ed9c50404e256a1294083aa8ab5d2a994001567302786016cb32c?s=96&d=mm&r=g","contentUrl":"https:\/\/secure.gravatar.com\/avatar\/d5b1a3cf357ed9c50404e256a1294083aa8ab5d2a994001567302786016cb32c?s=96&d=mm&r=g","caption":"joaograndao"}}]}},"amp_enabled":true,"_links":{"self":[{"href":"https:\/\/radiolifefm.com.br\/noticias\/wp-json\/wp\/v2\/posts\/25751","targetHints":{"allow":["GET"]}}],"collection":[{"href":"https:\/\/radiolifefm.com.br\/noticias\/wp-json\/wp\/v2\/posts"}],"about":[{"href":"https:\/\/radiolifefm.com.br\/noticias\/wp-json\/wp\/v2\/types\/post"}],"author":[{"embeddable":true,"href":"https:\/\/radiolifefm.com.br\/noticias\/wp-json\/wp\/v2\/users\/8"}],"replies":[{"embeddable":true,"href":"https:\/\/radiolifefm.com.br\/noticias\/wp-json\/wp\/v2\/comments?post=25751"}],"version-history":[{"count":1,"href":"https:\/\/radiolifefm.com.br\/noticias\/wp-json\/wp\/v2\/posts\/25751\/revisions"}],"predecessor-version":[{"id":25753,"href":"https:\/\/radiolifefm.com.br\/noticias\/wp-json\/wp\/v2\/posts\/25751\/revisions\/25753"}],"wp:featuredmedia":[{"embeddable":true,"href":"https:\/\/radiolifefm.com.br\/noticias\/wp-json\/wp\/v2\/media\/25752"}],"wp:attachment":[{"href":"https:\/\/radiolifefm.com.br\/noticias\/wp-json\/wp\/v2\/media?parent=25751"}],"wp:term":[{"taxonomy":"category","embeddable":true,"href":"https:\/\/radiolifefm.com.br\/noticias\/wp-json\/wp\/v2\/categories?post=25751"},{"taxonomy":"post_tag","embeddable":true,"href":"https:\/\/radiolifefm.com.br\/noticias\/wp-json\/wp\/v2\/tags?post=25751"}],"curies":[{"name":"wp","href":"https:\/\/api.w.org\/{rel}","templated":true}]}}