{"id":25683,"date":"2020-08-27T15:36:25","date_gmt":"2020-08-27T18:36:25","guid":{"rendered":"https:\/\/radiolifefm.com.br\/noticias\/?p=25683"},"modified":"2026-04-24T10:27:24","modified_gmt":"2026-04-24T13:27:24","slug":"policia-militar-prende-homem-por-trafico-de-drogas-em-tupi-paulista","status":"publish","type":"post","link":"https:\/\/radiolifefm.com.br\/noticias\/policia-militar-prende-homem-por-trafico-de-drogas-em-tupi-paulista\/","title":{"rendered":"Pol\u00edcia militar prende homem por tr\u00e1fico de drogas em Tupi Paulista"},"content":{"rendered":"<div id=\"fb-root\"><\/div>\n<p style=\"background: white;margin: 0cm 0cm 4.5pt 0cm\"><span style=\"font-size: 10.5pt;font-family: 'Helvetica','sans-serif';color: #1d2129\">Nesta ultima quarta-feira (26), por volta das 23h, foi preso um homem de 31 anos em Tupi Paulista pelo crime de tr\u00e1fego de drogas.<\/span><\/p>\n<p style=\"background: white;text-align: start;margin: 4.5pt 0cm 4.5pt 0cm\"><span style=\"font-size: 10.5pt;font-family: 'Helvetica','sans-serif';color: #1d2129\">Ap\u00f3s diversas denuncias de um indiv\u00edduo comercializando entorpecente pr\u00f3ximo a um bar, os policiais militares em patrulhamento, avistaram o indiv\u00edduo, j\u00e1 conhecido nos meios policiais pela pr\u00e1tica de tr\u00e1fico de drogas. Ao ser abordado demonstrou extremo nervosismo, sendo autorizado pelo infrator a vistoria domiciliar. Com apoio da Equipe do Canil foi localizado no interior da resid\u00eancia do autor 01 (uma) balan\u00e7a de precis\u00e3o, 02 (duas) por\u00e7\u00f5es de crack e a quantia de R$2050,00 (dois mil e cinquenta reais) escondidos no colch\u00e3o. A a\u00e7\u00e3o da Pol\u00edcia Militar, culminou na retirada de mais um infrator da lei das ruas do munic\u00edpio, sendo o indiv\u00edduo preso em flagrante pelo crime de Tr\u00e1fico de Drogas e conduzido a Delegacia de Pol\u00edcia, permanecendo a disposi\u00e7\u00e3o da justi\u00e7a.<\/p>\n<p><a style=\"cursor: pointer\" href=\"https:\/\/www.facebook.com\/hashtag\/25bpmi4ciapm?__eep__=6&amp;source=feed_text&amp;epa=HASHTAG\" data-ft=\"{&quot;type&quot;:104,&quot;tn&quot;:&quot;*N&quot;}\"><span class=\"58cl\"><span aria-label=\"hashtag\"><span style=\"font-family: 'inherit','serif';color: #365899;text-decoration: none\"><span>#<\/span><\/span><\/span><span class=\"58cm\"><span style=\"font-family: 'inherit','serif';color: #385898;text-decoration: none\">25BPMI4CIAPM<\/span><\/span><\/span><\/a><br \/>\n<a style=\"cursor: pointer\" href=\"https:\/\/www.facebook.com\/hashtag\/pol%C3%ADciamilitarsp?__eep__=6&amp;source=feed_text&amp;epa=HASHTAG\" data-ft=\"{&quot;type&quot;:104,&quot;tn&quot;:&quot;*N&quot;}\"><span class=\"58cl\"><span aria-label=\"hashtag\"><span style=\"font-family: 'inherit','serif';color: #365899;text-decoration: none\"><span>#<\/span><\/span><\/span><span class=\"58cm\"><span style=\"font-family: 'inherit','serif';color: #385898;text-decoration: none\">POL\u00cdCIAMILITARSP<\/span><\/span><\/span><\/a><br \/>\n<a style=\"cursor: pointer\" href=\"https:\/\/www.facebook.com\/hashtag\/afor%C3%A7ap%C3%BAblicades%C3%A3opaulo?__eep__=6&amp;source=feed_text&amp;epa=HASHTAG\" data-ft=\"{&quot;type&quot;:104,&quot;tn&quot;:&quot;*N&quot;}\"><span class=\"58cl\"><span aria-label=\"hashtag\"><span style=\"font-family: 'inherit','serif';color: #365899;text-decoration: none\"><span>#<\/span><\/span><\/span><span class=\"58cm\"><span style=\"font-family: 'inherit','serif';color: #385898;text-decoration: none\">AFOR\u00c7AP\u00daBLICADES\u00c3OPAULO<\/span><\/span><\/span><\/a><\/span><\/p>\n<p style=\"background: white;text-align: start;margin: 4.5pt 0cm .0001pt 0cm\"><span style=\"font-size: 10.5pt;font-family: 'Helvetica','sans-serif';color: #1d2129\">COMUNICA\u00c7\u00c3O SOCIAL DO 25\u00ba BPM\/I 4\u00aa CIA PM<\/span><\/p>\n","protected":false},"excerpt":{"rendered":"<p>Nesta ultima quarta-feira (26), por volta das 23h, foi preso um homem de 31 anos em Tupi Paulista pelo crime de tr\u00e1fego de drogas. Ap\u00f3s diversas denuncias de um indiv\u00edduo comercializando entorpecente pr\u00f3ximo a um bar, os policiais militares em patrulhamento, avistaram o indiv\u00edduo, j\u00e1 conhecido nos meios policiais pela pr\u00e1tica de tr\u00e1fico de drogas. [&hellip;]<\/p>\n","protected":false},"author":8,"featured_media":25684,"comment_status":"closed","ping_status":"open","sticky":false,"template":"","format":"standard","meta":{"_acf_changed":false,"_exactmetrics_skip_tracking":false,"_exactmetrics_sitenote_active":false,"_exactmetrics_sitenote_note":"","_exactmetrics_sitenote_category":0,"footnotes":""},"categories":[24],"tags":[],"class_list":["post-25683","post","type-post","status-publish","format-standard","has-post-thumbnail","hentry","category-regiao"],"acf":[],"yoast_head":"<!-- This site is optimized with the Yoast SEO plugin v27.2 - https:\/\/yoast.com\/product\/yoast-seo-wordpress\/ -->\n<title>Pol\u00edcia militar prende homem por tr\u00e1fico de drogas em Tupi Paulista - R\u00e1dio Life FM<\/title>\n<meta name=\"robots\" content=\"index, follow, max-snippet:-1, max-image-preview:large, max-video-preview:-1\" \/>\n<link rel=\"canonical\" href=\"https:\/\/radiolifefm.com.br\/noticias\/policia-militar-prende-homem-por-trafico-de-drogas-em-tupi-paulista\/\" \/>\n<meta property=\"og:locale\" content=\"pt_BR\" \/>\n<meta property=\"og:type\" content=\"article\" \/>\n<meta property=\"og:title\" content=\"Pol\u00edcia militar prende homem por tr\u00e1fico de drogas em Tupi Paulista - R\u00e1dio Life FM\" \/>\n<meta property=\"og:description\" content=\"Nesta ultima quarta-feira (26), por volta das 23h, foi preso um homem de 31 anos em Tupi Paulista pelo crime de tr\u00e1fego de drogas. Ap\u00f3s diversas denuncias de um indiv\u00edduo comercializando entorpecente pr\u00f3ximo a um bar, os policiais militares em patrulhamento, avistaram o indiv\u00edduo, j\u00e1 conhecido nos meios policiais pela pr\u00e1tica de tr\u00e1fico de drogas. [&hellip;]\" \/>\n<meta property=\"og:url\" content=\"https:\/\/radiolifefm.com.br\/noticias\/policia-militar-prende-homem-por-trafico-de-drogas-em-tupi-paulista\/\" \/>\n<meta property=\"og:site_name\" content=\"R\u00e1dio Life FM\" \/>\n<meta property=\"article:publisher\" content=\"https:\/\/www.facebook.com\/radiolifefm\/\" \/>\n<meta property=\"article:published_time\" content=\"2020-08-27T18:36:25+00:00\" \/>\n<meta property=\"article:modified_time\" content=\"2026-04-24T13:27:24+00:00\" \/>\n<meta property=\"og:image\" content=\"https:\/\/radiolifefm.com.br\/noticias\/wp-content\/uploads\/2020\/08\/118052989_2707514832683400_8782221170955548306_o.jpg\" \/>\n\t<meta property=\"og:image:width\" content=\"720\" \/>\n\t<meta property=\"og:image:height\" content=\"960\" \/>\n\t<meta property=\"og:image:type\" content=\"image\/jpeg\" \/>\n<meta name=\"author\" content=\"joaograndao\" \/>\n<meta name=\"twitter:card\" content=\"summary_large_image\" \/>\n<meta name=\"twitter:label1\" content=\"Escrito por\" \/>\n\t<meta name=\"twitter:data1\" content=\"joaograndao\" \/>\n\t<meta name=\"twitter:label2\" content=\"Est. tempo de leitura\" \/>\n\t<meta name=\"twitter:data2\" content=\"1 minuto\" \/>\n<script type=\"application\/ld+json\" class=\"yoast-schema-graph\">{\"@context\":\"https:\/\/schema.org\",\"@graph\":[{\"@type\":\"Article\",\"@id\":\"https:\/\/radiolifefm.com.br\/noticias\/policia-militar-prende-homem-por-trafico-de-drogas-em-tupi-paulista\/#article\",\"isPartOf\":{\"@id\":\"https:\/\/radiolifefm.com.br\/noticias\/policia-militar-prende-homem-por-trafico-de-drogas-em-tupi-paulista\/\"},\"author\":{\"name\":\"joaograndao\",\"@id\":\"https:\/\/radiolifefm.com.br\/noticias\/#\/schema\/person\/6876e1240feffe6e1b63fd5cb85abf28\"},\"headline\":\"Pol\u00edcia militar prende homem por tr\u00e1fico de drogas em Tupi Paulista\",\"datePublished\":\"2020-08-27T18:36:25+00:00\",\"dateModified\":\"2026-04-24T13:27:24+00:00\",\"mainEntityOfPage\":{\"@id\":\"https:\/\/radiolifefm.com.br\/noticias\/policia-militar-prende-homem-por-trafico-de-drogas-em-tupi-paulista\/\"},\"wordCount\":191,\"publisher\":{\"@id\":\"https:\/\/radiolifefm.com.br\/noticias\/#organization\"},\"image\":{\"@id\":\"https:\/\/radiolifefm.com.br\/noticias\/policia-militar-prende-homem-por-trafico-de-drogas-em-tupi-paulista\/#primaryimage\"},\"thumbnailUrl\":\"https:\/\/radiolifefm.com.br\/noticias\/wp-content\/uploads\/2020\/08\/118052989_2707514832683400_8782221170955548306_o.jpg\",\"articleSection\":[\"Regi\u00e3o\"],\"inLanguage\":\"pt-BR\"},{\"@type\":\"WebPage\",\"@id\":\"https:\/\/radiolifefm.com.br\/noticias\/policia-militar-prende-homem-por-trafico-de-drogas-em-tupi-paulista\/\",\"url\":\"https:\/\/radiolifefm.com.br\/noticias\/policia-militar-prende-homem-por-trafico-de-drogas-em-tupi-paulista\/\",\"name\":\"Pol\u00edcia militar prende homem por tr\u00e1fico de drogas em Tupi Paulista - R\u00e1dio Life FM\",\"isPartOf\":{\"@id\":\"https:\/\/radiolifefm.com.br\/noticias\/#website\"},\"primaryImageOfPage\":{\"@id\":\"https:\/\/radiolifefm.com.br\/noticias\/policia-militar-prende-homem-por-trafico-de-drogas-em-tupi-paulista\/#primaryimage\"},\"image\":{\"@id\":\"https:\/\/radiolifefm.com.br\/noticias\/policia-militar-prende-homem-por-trafico-de-drogas-em-tupi-paulista\/#primaryimage\"},\"thumbnailUrl\":\"https:\/\/radiolifefm.com.br\/noticias\/wp-content\/uploads\/2020\/08\/118052989_2707514832683400_8782221170955548306_o.jpg\",\"datePublished\":\"2020-08-27T18:36:25+00:00\",\"dateModified\":\"2026-04-24T13:27:24+00:00\",\"breadcrumb\":{\"@id\":\"https:\/\/radiolifefm.com.br\/noticias\/policia-militar-prende-homem-por-trafico-de-drogas-em-tupi-paulista\/#breadcrumb\"},\"inLanguage\":\"pt-BR\",\"potentialAction\":[{\"@type\":\"ReadAction\",\"target\":[\"https:\/\/radiolifefm.com.br\/noticias\/policia-militar-prende-homem-por-trafico-de-drogas-em-tupi-paulista\/\"]}]},{\"@type\":\"ImageObject\",\"inLanguage\":\"pt-BR\",\"@id\":\"https:\/\/radiolifefm.com.br\/noticias\/policia-militar-prende-homem-por-trafico-de-drogas-em-tupi-paulista\/#primaryimage\",\"url\":\"https:\/\/radiolifefm.com.br\/noticias\/wp-content\/uploads\/2020\/08\/118052989_2707514832683400_8782221170955548306_o.jpg\",\"contentUrl\":\"https:\/\/radiolifefm.com.br\/noticias\/wp-content\/uploads\/2020\/08\/118052989_2707514832683400_8782221170955548306_o.jpg\",\"width\":720,\"height\":960,\"caption\":\"Homem de 31 anos em Tupi Paulista pelo crime de tr\u00e1fego de drogas.\"},{\"@type\":\"BreadcrumbList\",\"@id\":\"https:\/\/radiolifefm.com.br\/noticias\/policia-militar-prende-homem-por-trafico-de-drogas-em-tupi-paulista\/#breadcrumb\",\"itemListElement\":[{\"@type\":\"ListItem\",\"position\":1,\"name\":\"In\u00edcio\",\"item\":\"https:\/\/radiolifefm.com.br\/noticias\/\"},{\"@type\":\"ListItem\",\"position\":2,\"name\":\"Pol\u00edcia militar prende homem por tr\u00e1fico de drogas em Tupi Paulista\"}]},{\"@type\":\"WebSite\",\"@id\":\"https:\/\/radiolifefm.com.br\/noticias\/#website\",\"url\":\"https:\/\/radiolifefm.com.br\/noticias\/\",\"name\":\"R\u00e1dio Life FM\",\"description\":\"O Portal de Not\u00edcias de Adamantina\",\"publisher\":{\"@id\":\"https:\/\/radiolifefm.com.br\/noticias\/#organization\"},\"alternateName\":\"Life FM\",\"potentialAction\":[{\"@type\":\"SearchAction\",\"target\":{\"@type\":\"EntryPoint\",\"urlTemplate\":\"https:\/\/radiolifefm.com.br\/noticias\/?s={search_term_string}\"},\"query-input\":{\"@type\":\"PropertyValueSpecification\",\"valueRequired\":true,\"valueName\":\"search_term_string\"}}],\"inLanguage\":\"pt-BR\"},{\"@type\":\"Organization\",\"@id\":\"https:\/\/radiolifefm.com.br\/noticias\/#organization\",\"name\":\"R\u00e1dio Life FM\",\"alternateName\":\"Life FM\",\"url\":\"https:\/\/radiolifefm.com.br\/noticias\/\",\"logo\":{\"@type\":\"ImageObject\",\"inLanguage\":\"pt-BR\",\"@id\":\"https:\/\/radiolifefm.com.br\/noticias\/#\/schema\/logo\/image\/\",\"url\":\"https:\/\/static.radiolifefm.com.br\/noticias\/wp-content\/uploads\/2019\/10\/logo-lifefm.png\",\"contentUrl\":\"https:\/\/static.radiolifefm.com.br\/noticias\/wp-content\/uploads\/2019\/10\/logo-lifefm.png\",\"width\":196,\"height\":47,\"caption\":\"R\u00e1dio Life FM\"},\"image\":{\"@id\":\"https:\/\/radiolifefm.com.br\/noticias\/#\/schema\/logo\/image\/\"},\"sameAs\":[\"https:\/\/www.facebook.com\/radiolifefm\/\",\"https:\/\/www.instagram.com\/life1079fm\/\"]},{\"@type\":\"Person\",\"@id\":\"https:\/\/radiolifefm.com.br\/noticias\/#\/schema\/person\/6876e1240feffe6e1b63fd5cb85abf28\",\"name\":\"joaograndao\",\"image\":{\"@type\":\"ImageObject\",\"inLanguage\":\"pt-BR\",\"@id\":\"https:\/\/secure.gravatar.com\/avatar\/d5b1a3cf357ed9c50404e256a1294083aa8ab5d2a994001567302786016cb32c?s=96&d=mm&r=g\",\"url\":\"https:\/\/secure.gravatar.com\/avatar\/d5b1a3cf357ed9c50404e256a1294083aa8ab5d2a994001567302786016cb32c?s=96&d=mm&r=g\",\"contentUrl\":\"https:\/\/secure.gravatar.com\/avatar\/d5b1a3cf357ed9c50404e256a1294083aa8ab5d2a994001567302786016cb32c?s=96&d=mm&r=g\",\"caption\":\"joaograndao\"}}]}<\/script>\n<!-- \/ Yoast SEO plugin. -->","yoast_head_json":{"title":"Pol\u00edcia militar prende homem por tr\u00e1fico de drogas em Tupi Paulista - R\u00e1dio Life FM","robots":{"index":"index","follow":"follow","max-snippet":"max-snippet:-1","max-image-preview":"max-image-preview:large","max-video-preview":"max-video-preview:-1"},"canonical":"https:\/\/radiolifefm.com.br\/noticias\/policia-militar-prende-homem-por-trafico-de-drogas-em-tupi-paulista\/","og_locale":"pt_BR","og_type":"article","og_title":"Pol\u00edcia militar prende homem por tr\u00e1fico de drogas em Tupi Paulista - R\u00e1dio Life FM","og_description":"Nesta ultima quarta-feira (26), por volta das 23h, foi preso um homem de 31 anos em Tupi Paulista pelo crime de tr\u00e1fego de drogas. Ap\u00f3s diversas denuncias de um indiv\u00edduo comercializando entorpecente pr\u00f3ximo a um bar, os policiais militares em patrulhamento, avistaram o indiv\u00edduo, j\u00e1 conhecido nos meios policiais pela pr\u00e1tica de tr\u00e1fico de drogas. [&hellip;]","og_url":"https:\/\/radiolifefm.com.br\/noticias\/policia-militar-prende-homem-por-trafico-de-drogas-em-tupi-paulista\/","og_site_name":"R\u00e1dio Life FM","article_publisher":"https:\/\/www.facebook.com\/radiolifefm\/","article_published_time":"2020-08-27T18:36:25+00:00","article_modified_time":"2026-04-24T13:27:24+00:00","og_image":[{"width":720,"height":960,"url":"https:\/\/radiolifefm.com.br\/noticias\/wp-content\/uploads\/2020\/08\/118052989_2707514832683400_8782221170955548306_o.jpg","type":"image\/jpeg"}],"author":"joaograndao","twitter_card":"summary_large_image","twitter_misc":{"Escrito por":"joaograndao","Est. tempo de leitura":"1 minuto"},"schema":{"@context":"https:\/\/schema.org","@graph":[{"@type":"Article","@id":"https:\/\/radiolifefm.com.br\/noticias\/policia-militar-prende-homem-por-trafico-de-drogas-em-tupi-paulista\/#article","isPartOf":{"@id":"https:\/\/radiolifefm.com.br\/noticias\/policia-militar-prende-homem-por-trafico-de-drogas-em-tupi-paulista\/"},"author":{"name":"joaograndao","@id":"https:\/\/radiolifefm.com.br\/noticias\/#\/schema\/person\/6876e1240feffe6e1b63fd5cb85abf28"},"headline":"Pol\u00edcia militar prende homem por tr\u00e1fico de drogas em Tupi Paulista","datePublished":"2020-08-27T18:36:25+00:00","dateModified":"2026-04-24T13:27:24+00:00","mainEntityOfPage":{"@id":"https:\/\/radiolifefm.com.br\/noticias\/policia-militar-prende-homem-por-trafico-de-drogas-em-tupi-paulista\/"},"wordCount":191,"publisher":{"@id":"https:\/\/radiolifefm.com.br\/noticias\/#organization"},"image":{"@id":"https:\/\/radiolifefm.com.br\/noticias\/policia-militar-prende-homem-por-trafico-de-drogas-em-tupi-paulista\/#primaryimage"},"thumbnailUrl":"https:\/\/radiolifefm.com.br\/noticias\/wp-content\/uploads\/2020\/08\/118052989_2707514832683400_8782221170955548306_o.jpg","articleSection":["Regi\u00e3o"],"inLanguage":"pt-BR"},{"@type":"WebPage","@id":"https:\/\/radiolifefm.com.br\/noticias\/policia-militar-prende-homem-por-trafico-de-drogas-em-tupi-paulista\/","url":"https:\/\/radiolifefm.com.br\/noticias\/policia-militar-prende-homem-por-trafico-de-drogas-em-tupi-paulista\/","name":"Pol\u00edcia militar prende homem por tr\u00e1fico de drogas em Tupi Paulista - R\u00e1dio Life FM","isPartOf":{"@id":"https:\/\/radiolifefm.com.br\/noticias\/#website"},"primaryImageOfPage":{"@id":"https:\/\/radiolifefm.com.br\/noticias\/policia-militar-prende-homem-por-trafico-de-drogas-em-tupi-paulista\/#primaryimage"},"image":{"@id":"https:\/\/radiolifefm.com.br\/noticias\/policia-militar-prende-homem-por-trafico-de-drogas-em-tupi-paulista\/#primaryimage"},"thumbnailUrl":"https:\/\/radiolifefm.com.br\/noticias\/wp-content\/uploads\/2020\/08\/118052989_2707514832683400_8782221170955548306_o.jpg","datePublished":"2020-08-27T18:36:25+00:00","dateModified":"2026-04-24T13:27:24+00:00","breadcrumb":{"@id":"https:\/\/radiolifefm.com.br\/noticias\/policia-militar-prende-homem-por-trafico-de-drogas-em-tupi-paulista\/#breadcrumb"},"inLanguage":"pt-BR","potentialAction":[{"@type":"ReadAction","target":["https:\/\/radiolifefm.com.br\/noticias\/policia-militar-prende-homem-por-trafico-de-drogas-em-tupi-paulista\/"]}]},{"@type":"ImageObject","inLanguage":"pt-BR","@id":"https:\/\/radiolifefm.com.br\/noticias\/policia-militar-prende-homem-por-trafico-de-drogas-em-tupi-paulista\/#primaryimage","url":"https:\/\/radiolifefm.com.br\/noticias\/wp-content\/uploads\/2020\/08\/118052989_2707514832683400_8782221170955548306_o.jpg","contentUrl":"https:\/\/radiolifefm.com.br\/noticias\/wp-content\/uploads\/2020\/08\/118052989_2707514832683400_8782221170955548306_o.jpg","width":720,"height":960,"caption":"Homem de 31 anos em Tupi Paulista pelo crime de tr\u00e1fego de drogas."},{"@type":"BreadcrumbList","@id":"https:\/\/radiolifefm.com.br\/noticias\/policia-militar-prende-homem-por-trafico-de-drogas-em-tupi-paulista\/#breadcrumb","itemListElement":[{"@type":"ListItem","position":1,"name":"In\u00edcio","item":"https:\/\/radiolifefm.com.br\/noticias\/"},{"@type":"ListItem","position":2,"name":"Pol\u00edcia militar prende homem por tr\u00e1fico de drogas em Tupi Paulista"}]},{"@type":"WebSite","@id":"https:\/\/radiolifefm.com.br\/noticias\/#website","url":"https:\/\/radiolifefm.com.br\/noticias\/","name":"R\u00e1dio Life FM","description":"O Portal de Not\u00edcias de Adamantina","publisher":{"@id":"https:\/\/radiolifefm.com.br\/noticias\/#organization"},"alternateName":"Life FM","potentialAction":[{"@type":"SearchAction","target":{"@type":"EntryPoint","urlTemplate":"https:\/\/radiolifefm.com.br\/noticias\/?s={search_term_string}"},"query-input":{"@type":"PropertyValueSpecification","valueRequired":true,"valueName":"search_term_string"}}],"inLanguage":"pt-BR"},{"@type":"Organization","@id":"https:\/\/radiolifefm.com.br\/noticias\/#organization","name":"R\u00e1dio Life FM","alternateName":"Life FM","url":"https:\/\/radiolifefm.com.br\/noticias\/","logo":{"@type":"ImageObject","inLanguage":"pt-BR","@id":"https:\/\/radiolifefm.com.br\/noticias\/#\/schema\/logo\/image\/","url":"https:\/\/static.radiolifefm.com.br\/noticias\/wp-content\/uploads\/2019\/10\/logo-lifefm.png","contentUrl":"https:\/\/static.radiolifefm.com.br\/noticias\/wp-content\/uploads\/2019\/10\/logo-lifefm.png","width":196,"height":47,"caption":"R\u00e1dio Life FM"},"image":{"@id":"https:\/\/radiolifefm.com.br\/noticias\/#\/schema\/logo\/image\/"},"sameAs":["https:\/\/www.facebook.com\/radiolifefm\/","https:\/\/www.instagram.com\/life1079fm\/"]},{"@type":"Person","@id":"https:\/\/radiolifefm.com.br\/noticias\/#\/schema\/person\/6876e1240feffe6e1b63fd5cb85abf28","name":"joaograndao","image":{"@type":"ImageObject","inLanguage":"pt-BR","@id":"https:\/\/secure.gravatar.com\/avatar\/d5b1a3cf357ed9c50404e256a1294083aa8ab5d2a994001567302786016cb32c?s=96&d=mm&r=g","url":"https:\/\/secure.gravatar.com\/avatar\/d5b1a3cf357ed9c50404e256a1294083aa8ab5d2a994001567302786016cb32c?s=96&d=mm&r=g","contentUrl":"https:\/\/secure.gravatar.com\/avatar\/d5b1a3cf357ed9c50404e256a1294083aa8ab5d2a994001567302786016cb32c?s=96&d=mm&r=g","caption":"joaograndao"}}]}},"amp_enabled":true,"_links":{"self":[{"href":"https:\/\/radiolifefm.com.br\/noticias\/wp-json\/wp\/v2\/posts\/25683","targetHints":{"allow":["GET"]}}],"collection":[{"href":"https:\/\/radiolifefm.com.br\/noticias\/wp-json\/wp\/v2\/posts"}],"about":[{"href":"https:\/\/radiolifefm.com.br\/noticias\/wp-json\/wp\/v2\/types\/post"}],"author":[{"embeddable":true,"href":"https:\/\/radiolifefm.com.br\/noticias\/wp-json\/wp\/v2\/users\/8"}],"replies":[{"embeddable":true,"href":"https:\/\/radiolifefm.com.br\/noticias\/wp-json\/wp\/v2\/comments?post=25683"}],"version-history":[{"count":2,"href":"https:\/\/radiolifefm.com.br\/noticias\/wp-json\/wp\/v2\/posts\/25683\/revisions"}],"predecessor-version":[{"id":25686,"href":"https:\/\/radiolifefm.com.br\/noticias\/wp-json\/wp\/v2\/posts\/25683\/revisions\/25686"}],"wp:featuredmedia":[{"embeddable":true,"href":"https:\/\/radiolifefm.com.br\/noticias\/wp-json\/wp\/v2\/media\/25684"}],"wp:attachment":[{"href":"https:\/\/radiolifefm.com.br\/noticias\/wp-json\/wp\/v2\/media?parent=25683"}],"wp:term":[{"taxonomy":"category","embeddable":true,"href":"https:\/\/radiolifefm.com.br\/noticias\/wp-json\/wp\/v2\/categories?post=25683"},{"taxonomy":"post_tag","embeddable":true,"href":"https:\/\/radiolifefm.com.br\/noticias\/wp-json\/wp\/v2\/tags?post=25683"}],"curies":[{"name":"wp","href":"https:\/\/api.w.org\/{rel}","templated":true}]}}