{"id":25629,"date":"2020-08-26T22:30:26","date_gmt":"2020-08-27T01:30:26","guid":{"rendered":"https:\/\/radiolifefm.com.br\/noticias\/?p=25629"},"modified":"2026-05-01T10:01:31","modified_gmt":"2026-05-01T13:01:31","slug":"vasos-com-pes-de-maconha-sao-apreendidos-em-quintal-de-residencia-de-bastos","status":"publish","type":"post","link":"https:\/\/radiolifefm.com.br\/noticias\/vasos-com-pes-de-maconha-sao-apreendidos-em-quintal-de-residencia-de-bastos\/","title":{"rendered":"Vasos com p\u00e9s de maconha s\u00e3o apreendidos em quintal de resid\u00eancia de Bastos"},"content":{"rendered":"<div id=\"fb-root\"><\/div>\n<p>Vasos com p\u00e9s de maconha foram apreendidos em uma resid\u00eancia em Bastos. O fato se deu durante opera\u00e7\u00e3o de combate ao tr\u00e1fico de drogas realizada pela Pol\u00edcia Civil de Bastos, que cumpriu cinco mandados de buscas domiciliares na cidade, durante o final da madrugada desta quarta-feira, dia 26.<\/p>\n<p>As dilig\u00eancias foram determinadas pelo Poder Judici\u00e1rio de Bastos, atendendo representa\u00e7\u00f5es formalizadas pelo delegado Sandro Resina Sim\u00f5es. \u201cForam apreendidos vasos contendo maconha, que estavam sendo cultivados no quintal da resid\u00eancia de um dos alvos, homem de 25 anos\u201d informou o delegado bastense.<\/p>\n<p>Sandro Resina Sim\u00f5es revelou ainda que o acusado \u201cj\u00e1 registrava antecedente criminal por porte de drogas. Ser\u00e1 processado por tr\u00e1fico de drogas e poder\u00e1 ser condenado a pena de reclus\u00e3o de at\u00e9 15 anos\u201d.<\/p>\n<p>O delegado ressaltou que o sucesso da opera\u00e7\u00e3o se deve \u201cao brilhante trabalho dos policiais civis Nei, Nilton, Maran, Galego, Jaqueline, Nelson e Evandro, todos lotados na Delegacia de Pol\u00edcia Civil de Bastos e que participaram das dilig\u00eancias.\u201d<\/p>\n<p>Reda\u00e7\u00e3o: Bastos J\u00e1<\/p>\n","protected":false},"excerpt":{"rendered":"<p>Vasos com p\u00e9s de maconha foram apreendidos em uma resid\u00eancia em Bastos. O fato se deu durante opera\u00e7\u00e3o de combate ao tr\u00e1fico de drogas realizada pela Pol\u00edcia Civil de Bastos, que cumpriu cinco mandados de buscas domiciliares na cidade, durante o final da madrugada desta quarta-feira, dia 26. As dilig\u00eancias foram determinadas pelo Poder Judici\u00e1rio [&hellip;]<\/p>\n","protected":false},"author":8,"featured_media":25630,"comment_status":"open","ping_status":"open","sticky":false,"template":"","format":"standard","meta":{"_acf_changed":false,"_exactmetrics_skip_tracking":false,"_exactmetrics_sitenote_active":false,"_exactmetrics_sitenote_note":"","_exactmetrics_sitenote_category":0,"footnotes":""},"categories":[24],"tags":[],"class_list":["post-25629","post","type-post","status-publish","format-standard","has-post-thumbnail","hentry","category-regiao"],"acf":[],"yoast_head":"<!-- This site is optimized with the Yoast SEO plugin v27.2 - https:\/\/yoast.com\/product\/yoast-seo-wordpress\/ -->\n<title>Vasos com p\u00e9s de maconha s\u00e3o apreendidos em quintal de resid\u00eancia de Bastos - R\u00e1dio Life FM<\/title>\n<meta name=\"robots\" content=\"index, follow, max-snippet:-1, max-image-preview:large, max-video-preview:-1\" \/>\n<link rel=\"canonical\" href=\"https:\/\/radiolifefm.com.br\/noticias\/vasos-com-pes-de-maconha-sao-apreendidos-em-quintal-de-residencia-de-bastos\/\" \/>\n<meta property=\"og:locale\" content=\"pt_BR\" \/>\n<meta property=\"og:type\" content=\"article\" \/>\n<meta property=\"og:title\" content=\"Vasos com p\u00e9s de maconha s\u00e3o apreendidos em quintal de resid\u00eancia de Bastos - R\u00e1dio Life FM\" \/>\n<meta property=\"og:description\" content=\"Vasos com p\u00e9s de maconha foram apreendidos em uma resid\u00eancia em Bastos. O fato se deu durante opera\u00e7\u00e3o de combate ao tr\u00e1fico de drogas realizada pela Pol\u00edcia Civil de Bastos, que cumpriu cinco mandados de buscas domiciliares na cidade, durante o final da madrugada desta quarta-feira, dia 26. As dilig\u00eancias foram determinadas pelo Poder Judici\u00e1rio [&hellip;]\" \/>\n<meta property=\"og:url\" content=\"https:\/\/radiolifefm.com.br\/noticias\/vasos-com-pes-de-maconha-sao-apreendidos-em-quintal-de-residencia-de-bastos\/\" \/>\n<meta property=\"og:site_name\" content=\"R\u00e1dio Life FM\" \/>\n<meta property=\"article:publisher\" content=\"https:\/\/www.facebook.com\/radiolifefm\/\" \/>\n<meta property=\"article:published_time\" content=\"2020-08-27T01:30:26+00:00\" \/>\n<meta property=\"article:modified_time\" content=\"2026-05-01T13:01:31+00:00\" \/>\n<meta property=\"og:image\" content=\"https:\/\/radiolifefm.com.br\/noticias\/wp-content\/uploads\/2020\/08\/15984567310_X2LJxzl00QLihLl.jpg\" \/>\n\t<meta property=\"og:image:width\" content=\"800\" \/>\n\t<meta property=\"og:image:height\" content=\"545\" \/>\n\t<meta property=\"og:image:type\" content=\"image\/jpeg\" \/>\n<meta name=\"author\" content=\"joaograndao\" \/>\n<meta name=\"twitter:card\" content=\"summary_large_image\" \/>\n<meta name=\"twitter:label1\" content=\"Escrito por\" \/>\n\t<meta name=\"twitter:data1\" content=\"joaograndao\" \/>\n\t<meta name=\"twitter:label2\" content=\"Est. tempo de leitura\" \/>\n\t<meta name=\"twitter:data2\" content=\"1 minuto\" \/>\n<script type=\"application\/ld+json\" class=\"yoast-schema-graph\">{\"@context\":\"https:\/\/schema.org\",\"@graph\":[{\"@type\":\"Article\",\"@id\":\"https:\/\/radiolifefm.com.br\/noticias\/vasos-com-pes-de-maconha-sao-apreendidos-em-quintal-de-residencia-de-bastos\/#article\",\"isPartOf\":{\"@id\":\"https:\/\/radiolifefm.com.br\/noticias\/vasos-com-pes-de-maconha-sao-apreendidos-em-quintal-de-residencia-de-bastos\/\"},\"author\":{\"name\":\"joaograndao\",\"@id\":\"https:\/\/radiolifefm.com.br\/noticias\/#\/schema\/person\/6876e1240feffe6e1b63fd5cb85abf28\"},\"headline\":\"Vasos com p\u00e9s de maconha s\u00e3o apreendidos em quintal de resid\u00eancia de Bastos\",\"datePublished\":\"2020-08-27T01:30:26+00:00\",\"dateModified\":\"2026-05-01T13:01:31+00:00\",\"mainEntityOfPage\":{\"@id\":\"https:\/\/radiolifefm.com.br\/noticias\/vasos-com-pes-de-maconha-sao-apreendidos-em-quintal-de-residencia-de-bastos\/\"},\"wordCount\":195,\"commentCount\":0,\"publisher\":{\"@id\":\"https:\/\/radiolifefm.com.br\/noticias\/#organization\"},\"image\":{\"@id\":\"https:\/\/radiolifefm.com.br\/noticias\/vasos-com-pes-de-maconha-sao-apreendidos-em-quintal-de-residencia-de-bastos\/#primaryimage\"},\"thumbnailUrl\":\"https:\/\/radiolifefm.com.br\/noticias\/wp-content\/uploads\/2020\/08\/15984567310_X2LJxzl00QLihLl.jpg\",\"articleSection\":[\"Regi\u00e3o\"],\"inLanguage\":\"pt-BR\",\"potentialAction\":[{\"@type\":\"CommentAction\",\"name\":\"Comment\",\"target\":[\"https:\/\/radiolifefm.com.br\/noticias\/vasos-com-pes-de-maconha-sao-apreendidos-em-quintal-de-residencia-de-bastos\/#respond\"]}]},{\"@type\":\"WebPage\",\"@id\":\"https:\/\/radiolifefm.com.br\/noticias\/vasos-com-pes-de-maconha-sao-apreendidos-em-quintal-de-residencia-de-bastos\/\",\"url\":\"https:\/\/radiolifefm.com.br\/noticias\/vasos-com-pes-de-maconha-sao-apreendidos-em-quintal-de-residencia-de-bastos\/\",\"name\":\"Vasos com p\u00e9s de maconha s\u00e3o apreendidos em quintal de resid\u00eancia de Bastos - R\u00e1dio Life FM\",\"isPartOf\":{\"@id\":\"https:\/\/radiolifefm.com.br\/noticias\/#website\"},\"primaryImageOfPage\":{\"@id\":\"https:\/\/radiolifefm.com.br\/noticias\/vasos-com-pes-de-maconha-sao-apreendidos-em-quintal-de-residencia-de-bastos\/#primaryimage\"},\"image\":{\"@id\":\"https:\/\/radiolifefm.com.br\/noticias\/vasos-com-pes-de-maconha-sao-apreendidos-em-quintal-de-residencia-de-bastos\/#primaryimage\"},\"thumbnailUrl\":\"https:\/\/radiolifefm.com.br\/noticias\/wp-content\/uploads\/2020\/08\/15984567310_X2LJxzl00QLihLl.jpg\",\"datePublished\":\"2020-08-27T01:30:26+00:00\",\"dateModified\":\"2026-05-01T13:01:31+00:00\",\"breadcrumb\":{\"@id\":\"https:\/\/radiolifefm.com.br\/noticias\/vasos-com-pes-de-maconha-sao-apreendidos-em-quintal-de-residencia-de-bastos\/#breadcrumb\"},\"inLanguage\":\"pt-BR\",\"potentialAction\":[{\"@type\":\"ReadAction\",\"target\":[\"https:\/\/radiolifefm.com.br\/noticias\/vasos-com-pes-de-maconha-sao-apreendidos-em-quintal-de-residencia-de-bastos\/\"]}]},{\"@type\":\"ImageObject\",\"inLanguage\":\"pt-BR\",\"@id\":\"https:\/\/radiolifefm.com.br\/noticias\/vasos-com-pes-de-maconha-sao-apreendidos-em-quintal-de-residencia-de-bastos\/#primaryimage\",\"url\":\"https:\/\/radiolifefm.com.br\/noticias\/wp-content\/uploads\/2020\/08\/15984567310_X2LJxzl00QLihLl.jpg\",\"contentUrl\":\"https:\/\/radiolifefm.com.br\/noticias\/wp-content\/uploads\/2020\/08\/15984567310_X2LJxzl00QLihLl.jpg\",\"width\":800,\"height\":545,\"caption\":\"Vasos com p\u00e9s de maconha, foram apreendidos em uma resid\u00eancia em Bastos.\"},{\"@type\":\"BreadcrumbList\",\"@id\":\"https:\/\/radiolifefm.com.br\/noticias\/vasos-com-pes-de-maconha-sao-apreendidos-em-quintal-de-residencia-de-bastos\/#breadcrumb\",\"itemListElement\":[{\"@type\":\"ListItem\",\"position\":1,\"name\":\"In\u00edcio\",\"item\":\"https:\/\/radiolifefm.com.br\/noticias\/\"},{\"@type\":\"ListItem\",\"position\":2,\"name\":\"Vasos com p\u00e9s de maconha s\u00e3o apreendidos em quintal de resid\u00eancia de Bastos\"}]},{\"@type\":\"WebSite\",\"@id\":\"https:\/\/radiolifefm.com.br\/noticias\/#website\",\"url\":\"https:\/\/radiolifefm.com.br\/noticias\/\",\"name\":\"R\u00e1dio Life FM\",\"description\":\"O Portal de Not\u00edcias de Adamantina\",\"publisher\":{\"@id\":\"https:\/\/radiolifefm.com.br\/noticias\/#organization\"},\"alternateName\":\"Life FM\",\"potentialAction\":[{\"@type\":\"SearchAction\",\"target\":{\"@type\":\"EntryPoint\",\"urlTemplate\":\"https:\/\/radiolifefm.com.br\/noticias\/?s={search_term_string}\"},\"query-input\":{\"@type\":\"PropertyValueSpecification\",\"valueRequired\":true,\"valueName\":\"search_term_string\"}}],\"inLanguage\":\"pt-BR\"},{\"@type\":\"Organization\",\"@id\":\"https:\/\/radiolifefm.com.br\/noticias\/#organization\",\"name\":\"R\u00e1dio Life FM\",\"alternateName\":\"Life FM\",\"url\":\"https:\/\/radiolifefm.com.br\/noticias\/\",\"logo\":{\"@type\":\"ImageObject\",\"inLanguage\":\"pt-BR\",\"@id\":\"https:\/\/radiolifefm.com.br\/noticias\/#\/schema\/logo\/image\/\",\"url\":\"https:\/\/static.radiolifefm.com.br\/noticias\/wp-content\/uploads\/2019\/10\/logo-lifefm.png\",\"contentUrl\":\"https:\/\/static.radiolifefm.com.br\/noticias\/wp-content\/uploads\/2019\/10\/logo-lifefm.png\",\"width\":196,\"height\":47,\"caption\":\"R\u00e1dio Life FM\"},\"image\":{\"@id\":\"https:\/\/radiolifefm.com.br\/noticias\/#\/schema\/logo\/image\/\"},\"sameAs\":[\"https:\/\/www.facebook.com\/radiolifefm\/\",\"https:\/\/www.instagram.com\/life1079fm\/\"]},{\"@type\":\"Person\",\"@id\":\"https:\/\/radiolifefm.com.br\/noticias\/#\/schema\/person\/6876e1240feffe6e1b63fd5cb85abf28\",\"name\":\"joaograndao\",\"image\":{\"@type\":\"ImageObject\",\"inLanguage\":\"pt-BR\",\"@id\":\"https:\/\/secure.gravatar.com\/avatar\/d5b1a3cf357ed9c50404e256a1294083aa8ab5d2a994001567302786016cb32c?s=96&d=mm&r=g\",\"url\":\"https:\/\/secure.gravatar.com\/avatar\/d5b1a3cf357ed9c50404e256a1294083aa8ab5d2a994001567302786016cb32c?s=96&d=mm&r=g\",\"contentUrl\":\"https:\/\/secure.gravatar.com\/avatar\/d5b1a3cf357ed9c50404e256a1294083aa8ab5d2a994001567302786016cb32c?s=96&d=mm&r=g\",\"caption\":\"joaograndao\"}}]}<\/script>\n<!-- \/ Yoast SEO plugin. -->","yoast_head_json":{"title":"Vasos com p\u00e9s de maconha s\u00e3o apreendidos em quintal de resid\u00eancia de Bastos - R\u00e1dio Life FM","robots":{"index":"index","follow":"follow","max-snippet":"max-snippet:-1","max-image-preview":"max-image-preview:large","max-video-preview":"max-video-preview:-1"},"canonical":"https:\/\/radiolifefm.com.br\/noticias\/vasos-com-pes-de-maconha-sao-apreendidos-em-quintal-de-residencia-de-bastos\/","og_locale":"pt_BR","og_type":"article","og_title":"Vasos com p\u00e9s de maconha s\u00e3o apreendidos em quintal de resid\u00eancia de Bastos - R\u00e1dio Life FM","og_description":"Vasos com p\u00e9s de maconha foram apreendidos em uma resid\u00eancia em Bastos. O fato se deu durante opera\u00e7\u00e3o de combate ao tr\u00e1fico de drogas realizada pela Pol\u00edcia Civil de Bastos, que cumpriu cinco mandados de buscas domiciliares na cidade, durante o final da madrugada desta quarta-feira, dia 26. As dilig\u00eancias foram determinadas pelo Poder Judici\u00e1rio [&hellip;]","og_url":"https:\/\/radiolifefm.com.br\/noticias\/vasos-com-pes-de-maconha-sao-apreendidos-em-quintal-de-residencia-de-bastos\/","og_site_name":"R\u00e1dio Life FM","article_publisher":"https:\/\/www.facebook.com\/radiolifefm\/","article_published_time":"2020-08-27T01:30:26+00:00","article_modified_time":"2026-05-01T13:01:31+00:00","og_image":[{"width":800,"height":545,"url":"https:\/\/radiolifefm.com.br\/noticias\/wp-content\/uploads\/2020\/08\/15984567310_X2LJxzl00QLihLl.jpg","type":"image\/jpeg"}],"author":"joaograndao","twitter_card":"summary_large_image","twitter_misc":{"Escrito por":"joaograndao","Est. tempo de leitura":"1 minuto"},"schema":{"@context":"https:\/\/schema.org","@graph":[{"@type":"Article","@id":"https:\/\/radiolifefm.com.br\/noticias\/vasos-com-pes-de-maconha-sao-apreendidos-em-quintal-de-residencia-de-bastos\/#article","isPartOf":{"@id":"https:\/\/radiolifefm.com.br\/noticias\/vasos-com-pes-de-maconha-sao-apreendidos-em-quintal-de-residencia-de-bastos\/"},"author":{"name":"joaograndao","@id":"https:\/\/radiolifefm.com.br\/noticias\/#\/schema\/person\/6876e1240feffe6e1b63fd5cb85abf28"},"headline":"Vasos com p\u00e9s de maconha s\u00e3o apreendidos em quintal de resid\u00eancia de Bastos","datePublished":"2020-08-27T01:30:26+00:00","dateModified":"2026-05-01T13:01:31+00:00","mainEntityOfPage":{"@id":"https:\/\/radiolifefm.com.br\/noticias\/vasos-com-pes-de-maconha-sao-apreendidos-em-quintal-de-residencia-de-bastos\/"},"wordCount":195,"commentCount":0,"publisher":{"@id":"https:\/\/radiolifefm.com.br\/noticias\/#organization"},"image":{"@id":"https:\/\/radiolifefm.com.br\/noticias\/vasos-com-pes-de-maconha-sao-apreendidos-em-quintal-de-residencia-de-bastos\/#primaryimage"},"thumbnailUrl":"https:\/\/radiolifefm.com.br\/noticias\/wp-content\/uploads\/2020\/08\/15984567310_X2LJxzl00QLihLl.jpg","articleSection":["Regi\u00e3o"],"inLanguage":"pt-BR","potentialAction":[{"@type":"CommentAction","name":"Comment","target":["https:\/\/radiolifefm.com.br\/noticias\/vasos-com-pes-de-maconha-sao-apreendidos-em-quintal-de-residencia-de-bastos\/#respond"]}]},{"@type":"WebPage","@id":"https:\/\/radiolifefm.com.br\/noticias\/vasos-com-pes-de-maconha-sao-apreendidos-em-quintal-de-residencia-de-bastos\/","url":"https:\/\/radiolifefm.com.br\/noticias\/vasos-com-pes-de-maconha-sao-apreendidos-em-quintal-de-residencia-de-bastos\/","name":"Vasos com p\u00e9s de maconha s\u00e3o apreendidos em quintal de resid\u00eancia de Bastos - R\u00e1dio Life FM","isPartOf":{"@id":"https:\/\/radiolifefm.com.br\/noticias\/#website"},"primaryImageOfPage":{"@id":"https:\/\/radiolifefm.com.br\/noticias\/vasos-com-pes-de-maconha-sao-apreendidos-em-quintal-de-residencia-de-bastos\/#primaryimage"},"image":{"@id":"https:\/\/radiolifefm.com.br\/noticias\/vasos-com-pes-de-maconha-sao-apreendidos-em-quintal-de-residencia-de-bastos\/#primaryimage"},"thumbnailUrl":"https:\/\/radiolifefm.com.br\/noticias\/wp-content\/uploads\/2020\/08\/15984567310_X2LJxzl00QLihLl.jpg","datePublished":"2020-08-27T01:30:26+00:00","dateModified":"2026-05-01T13:01:31+00:00","breadcrumb":{"@id":"https:\/\/radiolifefm.com.br\/noticias\/vasos-com-pes-de-maconha-sao-apreendidos-em-quintal-de-residencia-de-bastos\/#breadcrumb"},"inLanguage":"pt-BR","potentialAction":[{"@type":"ReadAction","target":["https:\/\/radiolifefm.com.br\/noticias\/vasos-com-pes-de-maconha-sao-apreendidos-em-quintal-de-residencia-de-bastos\/"]}]},{"@type":"ImageObject","inLanguage":"pt-BR","@id":"https:\/\/radiolifefm.com.br\/noticias\/vasos-com-pes-de-maconha-sao-apreendidos-em-quintal-de-residencia-de-bastos\/#primaryimage","url":"https:\/\/radiolifefm.com.br\/noticias\/wp-content\/uploads\/2020\/08\/15984567310_X2LJxzl00QLihLl.jpg","contentUrl":"https:\/\/radiolifefm.com.br\/noticias\/wp-content\/uploads\/2020\/08\/15984567310_X2LJxzl00QLihLl.jpg","width":800,"height":545,"caption":"Vasos com p\u00e9s de maconha, foram apreendidos em uma resid\u00eancia em Bastos."},{"@type":"BreadcrumbList","@id":"https:\/\/radiolifefm.com.br\/noticias\/vasos-com-pes-de-maconha-sao-apreendidos-em-quintal-de-residencia-de-bastos\/#breadcrumb","itemListElement":[{"@type":"ListItem","position":1,"name":"In\u00edcio","item":"https:\/\/radiolifefm.com.br\/noticias\/"},{"@type":"ListItem","position":2,"name":"Vasos com p\u00e9s de maconha s\u00e3o apreendidos em quintal de resid\u00eancia de Bastos"}]},{"@type":"WebSite","@id":"https:\/\/radiolifefm.com.br\/noticias\/#website","url":"https:\/\/radiolifefm.com.br\/noticias\/","name":"R\u00e1dio Life FM","description":"O Portal de Not\u00edcias de Adamantina","publisher":{"@id":"https:\/\/radiolifefm.com.br\/noticias\/#organization"},"alternateName":"Life FM","potentialAction":[{"@type":"SearchAction","target":{"@type":"EntryPoint","urlTemplate":"https:\/\/radiolifefm.com.br\/noticias\/?s={search_term_string}"},"query-input":{"@type":"PropertyValueSpecification","valueRequired":true,"valueName":"search_term_string"}}],"inLanguage":"pt-BR"},{"@type":"Organization","@id":"https:\/\/radiolifefm.com.br\/noticias\/#organization","name":"R\u00e1dio Life FM","alternateName":"Life FM","url":"https:\/\/radiolifefm.com.br\/noticias\/","logo":{"@type":"ImageObject","inLanguage":"pt-BR","@id":"https:\/\/radiolifefm.com.br\/noticias\/#\/schema\/logo\/image\/","url":"https:\/\/static.radiolifefm.com.br\/noticias\/wp-content\/uploads\/2019\/10\/logo-lifefm.png","contentUrl":"https:\/\/static.radiolifefm.com.br\/noticias\/wp-content\/uploads\/2019\/10\/logo-lifefm.png","width":196,"height":47,"caption":"R\u00e1dio Life FM"},"image":{"@id":"https:\/\/radiolifefm.com.br\/noticias\/#\/schema\/logo\/image\/"},"sameAs":["https:\/\/www.facebook.com\/radiolifefm\/","https:\/\/www.instagram.com\/life1079fm\/"]},{"@type":"Person","@id":"https:\/\/radiolifefm.com.br\/noticias\/#\/schema\/person\/6876e1240feffe6e1b63fd5cb85abf28","name":"joaograndao","image":{"@type":"ImageObject","inLanguage":"pt-BR","@id":"https:\/\/secure.gravatar.com\/avatar\/d5b1a3cf357ed9c50404e256a1294083aa8ab5d2a994001567302786016cb32c?s=96&d=mm&r=g","url":"https:\/\/secure.gravatar.com\/avatar\/d5b1a3cf357ed9c50404e256a1294083aa8ab5d2a994001567302786016cb32c?s=96&d=mm&r=g","contentUrl":"https:\/\/secure.gravatar.com\/avatar\/d5b1a3cf357ed9c50404e256a1294083aa8ab5d2a994001567302786016cb32c?s=96&d=mm&r=g","caption":"joaograndao"}}]}},"amp_enabled":true,"_links":{"self":[{"href":"https:\/\/radiolifefm.com.br\/noticias\/wp-json\/wp\/v2\/posts\/25629","targetHints":{"allow":["GET"]}}],"collection":[{"href":"https:\/\/radiolifefm.com.br\/noticias\/wp-json\/wp\/v2\/posts"}],"about":[{"href":"https:\/\/radiolifefm.com.br\/noticias\/wp-json\/wp\/v2\/types\/post"}],"author":[{"embeddable":true,"href":"https:\/\/radiolifefm.com.br\/noticias\/wp-json\/wp\/v2\/users\/8"}],"replies":[{"embeddable":true,"href":"https:\/\/radiolifefm.com.br\/noticias\/wp-json\/wp\/v2\/comments?post=25629"}],"version-history":[{"count":1,"href":"https:\/\/radiolifefm.com.br\/noticias\/wp-json\/wp\/v2\/posts\/25629\/revisions"}],"predecessor-version":[{"id":25631,"href":"https:\/\/radiolifefm.com.br\/noticias\/wp-json\/wp\/v2\/posts\/25629\/revisions\/25631"}],"wp:featuredmedia":[{"embeddable":true,"href":"https:\/\/radiolifefm.com.br\/noticias\/wp-json\/wp\/v2\/media\/25630"}],"wp:attachment":[{"href":"https:\/\/radiolifefm.com.br\/noticias\/wp-json\/wp\/v2\/media?parent=25629"}],"wp:term":[{"taxonomy":"category","embeddable":true,"href":"https:\/\/radiolifefm.com.br\/noticias\/wp-json\/wp\/v2\/categories?post=25629"},{"taxonomy":"post_tag","embeddable":true,"href":"https:\/\/radiolifefm.com.br\/noticias\/wp-json\/wp\/v2\/tags?post=25629"}],"curies":[{"name":"wp","href":"https:\/\/api.w.org\/{rel}","templated":true}]}}