{"id":25462,"date":"2020-08-24T11:11:58","date_gmt":"2020-08-24T14:11:58","guid":{"rendered":"https:\/\/radiolifefm.com.br\/noticias\/?p=25462"},"modified":"2026-04-07T10:20:39","modified_gmt":"2026-04-07T13:20:39","slug":"no-mais-em-meio-ao-tudo-de-menos-na-provincia-sergio-barbosa-opiniao","status":"publish","type":"post","link":"https:\/\/radiolifefm.com.br\/noticias\/no-mais-em-meio-ao-tudo-de-menos-na-provincia-sergio-barbosa-opiniao\/","title":{"rendered":"No mais em meio ao tudo de menos na Prov\u00edncia&#8230;    &#8211; S\u00e9rgio Barbosa &#8211; Opini\u00e3o"},"content":{"rendered":"<div id=\"fb-root\"><\/div>\n<p><em><strong>No mais em meio ao tudo de menos na Prov\u00edncia&#8230;<\/strong><\/em><\/p>\n<p><em>\u201cQuerer n\u00e3o \u00e9 poder. Quem p\u00f4de, quis antes de poder s\u00f3 depois de poder. Quem quer nunca h\u00e1-de poder, porque se perde em querer.\u201d (Fernando Pessoa)<\/em><br \/>\n<em>S\u00e9rgio Barbosa (*)<\/em><\/p>\n<p>Espera-se que daqui pra frente em meio \u00e0s idas e vindas desta PANDEMIA que tudo possa ficar de acordo com a mesmice de sempre, ou seja, QUEM SOBREVIVER VAI SABER&#8230;<\/p>\n<p>Al\u00e9m disto, ou daquilo nestes desencontros relacionados com os procedimentos visando a PREVEN\u00c7\u00c3O contra o COVID-19 em terras provincianas, talvez, exista outros ocasos entre o jogo mediado pelo PODER com o PODER em busca do PODER&#8230;<\/p>\n<p>As CARTAS visando \u00e0s pr\u00f3ximas elei\u00e7\u00f5es est\u00e3o sendo colocadas em cima de uma mesa que esconde as cadeiras e jogadores\/as, tendo em vista os interesses quase sempre escusos por causa disto ou daquilo&#8230;<\/p>\n<p>As PROPOSTAS quase sempre s\u00e3o as mesas do outro tempo do tempo, haja vista que MUDAM AS MOSCAS, MAS A M&#8230; \u00c9 SEMPRE A MESMA nos quatro cantos deste PA\u00cdS DO FAZ DE CONTA em tempo de COISO com COISAS&#8230;<\/p>\n<p>Por\u00e9m, diz o dito popular que NADA COMO UM DIA DEPOIS DO OUTRO em todas as \u00e1reas, assim, cada qual do seu jeito de SER sem ESTAR, deve tentar buscar as suas contradi\u00e7\u00f5es neste cen\u00e1rio provinciano&#8230;<\/p>\n<p>Todas as possibilidades visando o processo eleitoral est\u00e3o sendo definidos em cima disto ou daquilo, quase sempre em cima dos interesses de uma MINORIA que continua dominado tudo e todos\/as&#8230;<\/p>\n<p>Entretanto, pode-se deixar levar pelas surpresas em nome desta ou daquela bandeira que est\u00e1 no mesmo lugar de sempre, todavia, n\u00e3o se podem deixar de lado os mastros que s\u00e3o escolhidos para que tal BANDEIRA possa tremular sem mais e sem menos&#8230;<\/p>\n<p>Entendo que neste contexto com mais de uma BANDEIRA deste ou daquele PARTIDO POL\u00cdTICO, talvez possa aparecer um SINAL tal qual a ESTRELA GUIA naquele outro tempo do tempo&#8230;<\/p>\n<p>Portanto, daqui pra frente tudo pode acontecer neste PICADEIRO PROVINCIANO com seus PERSONAGENS e CEN\u00c1RIOS mais do que viciados pelas manobras de sempre e ponto quase final&#8230;<\/p>\n<p>N\u00e3o se podem deixar de lado as media\u00e7\u00f5es relacionadas com a PANDEMIA nos quatro cantos deste PA\u00cdS DO FAZ DE CONTA, bem como, com os n\u00fameros dos casos para isto ou aquilo desta PROV\u00cdNCIA DO FAZ DE CONTA&#8230;<\/p>\n<p>ASSIM, DE TUDO O QUE SE PODE ESPERAR EST\u00c1 NESTA ESPERA&#8230;<\/p>\n<div class='flex flex-wrap items-center -mx-1'>\r\n<a class='thumbnail gallery p-1 w-1\/2 md:w-1\/4' href='https:\/\/radiolifefm.com.br\/noticias\/wp-content\/uploads\/2020\/08\/Sebar_Easy-M.jpg'><img class='border border-white' src='https:\/\/radiolifefm.com.br\/noticias\/wp-content\/uploads\/2020\/08\/Sebar_Easy-M-200x200.jpg' alt='Sebar_Easy M' \/><\/a><a class='thumbnail gallery p-1 w-1\/2 md:w-1\/4' href='https:\/\/radiolifefm.com.br\/noticias\/wp-content\/uploads\/2020\/08\/Sebar-1_Easy-M.jpg'><img class='border border-white' src='https:\/\/radiolifefm.com.br\/noticias\/wp-content\/uploads\/2020\/08\/Sebar-1_Easy-M-200x200.jpg' alt='Sebar   1_Easy M' \/><\/a><a class='thumbnail gallery p-1 w-1\/2 md:w-1\/4' href='https:\/\/radiolifefm.com.br\/noticias\/wp-content\/uploads\/2020\/08\/Sebar-2-3-scaled.jpg'><img class='border border-white' src='https:\/\/radiolifefm.com.br\/noticias\/wp-content\/uploads\/2020\/08\/Sebar-2-3-200x200.jpg' alt='Sebar   2' \/><\/a><\/div>\n<p>&nbsp;<\/p>\n<p>______________________<br \/>\n(*) jornalista diplomado e professor universit\u00e1rio.<\/p>\n","protected":false},"excerpt":{"rendered":"<p>No mais em meio ao tudo de menos na Prov\u00edncia&#8230; \u201cQuerer n\u00e3o \u00e9 poder. Quem p\u00f4de, quis antes de poder s\u00f3 depois de poder. Quem quer nunca h\u00e1-de poder, porque se perde em querer.\u201d (Fernando Pessoa) S\u00e9rgio Barbosa (*) Espera-se que daqui pra frente em meio \u00e0s idas e vindas desta PANDEMIA que tudo possa [&hellip;]<\/p>\n","protected":false},"author":3,"featured_media":25471,"comment_status":"closed","ping_status":"open","sticky":false,"template":"","format":"standard","meta":{"_acf_changed":false,"_exactmetrics_skip_tracking":false,"_exactmetrics_sitenote_active":false,"_exactmetrics_sitenote_note":"","_exactmetrics_sitenote_category":0,"footnotes":""},"categories":[59],"tags":[],"class_list":["post-25462","post","type-post","status-publish","format-standard","has-post-thumbnail","hentry","category-opiniao"],"acf":[],"yoast_head":"<!-- This site is optimized with the Yoast SEO plugin v27.2 - https:\/\/yoast.com\/product\/yoast-seo-wordpress\/ -->\n<title>No mais em meio ao tudo de menos na Prov\u00edncia...  - S\u00e9rgio Barbosa - Opini\u00e3o - R\u00e1dio Life FM<\/title>\n<meta name=\"robots\" content=\"index, follow, max-snippet:-1, max-image-preview:large, max-video-preview:-1\" \/>\n<link rel=\"canonical\" href=\"https:\/\/radiolifefm.com.br\/noticias\/no-mais-em-meio-ao-tudo-de-menos-na-provincia-sergio-barbosa-opiniao\/\" \/>\n<meta property=\"og:locale\" content=\"pt_BR\" \/>\n<meta property=\"og:type\" content=\"article\" \/>\n<meta property=\"og:title\" content=\"No mais em meio ao tudo de menos na Prov\u00edncia...  - S\u00e9rgio Barbosa - Opini\u00e3o - R\u00e1dio Life FM\" \/>\n<meta property=\"og:description\" content=\"No mais em meio ao tudo de menos na Prov\u00edncia&#8230; \u201cQuerer n\u00e3o \u00e9 poder. Quem p\u00f4de, quis antes de poder s\u00f3 depois de poder. Quem quer nunca h\u00e1-de poder, porque se perde em querer.\u201d (Fernando Pessoa) S\u00e9rgio Barbosa (*) Espera-se que daqui pra frente em meio \u00e0s idas e vindas desta PANDEMIA que tudo possa [&hellip;]\" \/>\n<meta property=\"og:url\" content=\"https:\/\/radiolifefm.com.br\/noticias\/no-mais-em-meio-ao-tudo-de-menos-na-provincia-sergio-barbosa-opiniao\/\" \/>\n<meta property=\"og:site_name\" content=\"R\u00e1dio Life FM\" \/>\n<meta property=\"article:publisher\" content=\"https:\/\/www.facebook.com\/radiolifefm\/\" \/>\n<meta property=\"article:published_time\" content=\"2020-08-24T14:11:58+00:00\" \/>\n<meta property=\"article:modified_time\" content=\"2026-04-07T13:20:39+00:00\" \/>\n<meta property=\"og:image\" content=\"https:\/\/radiolifefm.com.br\/noticias\/wp-content\/uploads\/2020\/08\/Sebar_Easy-M.jpg\" \/>\n\t<meta property=\"og:image:width\" content=\"1280\" \/>\n\t<meta property=\"og:image:height\" content=\"960\" \/>\n\t<meta property=\"og:image:type\" content=\"image\/jpeg\" \/>\n<meta name=\"author\" content=\"lifefm\" \/>\n<meta name=\"twitter:card\" content=\"summary_large_image\" \/>\n<meta name=\"twitter:label1\" content=\"Escrito por\" \/>\n\t<meta name=\"twitter:data1\" content=\"lifefm\" \/>\n\t<meta name=\"twitter:label2\" content=\"Est. tempo de leitura\" \/>\n\t<meta name=\"twitter:data2\" content=\"2 minutos\" \/>\n<script type=\"application\/ld+json\" class=\"yoast-schema-graph\">{\"@context\":\"https:\/\/schema.org\",\"@graph\":[{\"@type\":\"Article\",\"@id\":\"https:\/\/radiolifefm.com.br\/noticias\/no-mais-em-meio-ao-tudo-de-menos-na-provincia-sergio-barbosa-opiniao\/#article\",\"isPartOf\":{\"@id\":\"https:\/\/radiolifefm.com.br\/noticias\/no-mais-em-meio-ao-tudo-de-menos-na-provincia-sergio-barbosa-opiniao\/\"},\"author\":{\"name\":\"lifefm\",\"@id\":\"https:\/\/radiolifefm.com.br\/noticias\/#\/schema\/person\/1d4e4b1301322090c6221bf1c8420490\"},\"headline\":\"No mais em meio ao tudo de menos na Prov\u00edncia&#8230; &#8211; S\u00e9rgio Barbosa &#8211; Opini\u00e3o\",\"datePublished\":\"2020-08-24T14:11:58+00:00\",\"dateModified\":\"2026-04-07T13:20:39+00:00\",\"mainEntityOfPage\":{\"@id\":\"https:\/\/radiolifefm.com.br\/noticias\/no-mais-em-meio-ao-tudo-de-menos-na-provincia-sergio-barbosa-opiniao\/\"},\"wordCount\":442,\"publisher\":{\"@id\":\"https:\/\/radiolifefm.com.br\/noticias\/#organization\"},\"image\":{\"@id\":\"https:\/\/radiolifefm.com.br\/noticias\/no-mais-em-meio-ao-tudo-de-menos-na-provincia-sergio-barbosa-opiniao\/#primaryimage\"},\"thumbnailUrl\":\"https:\/\/radiolifefm.com.br\/noticias\/wp-content\/uploads\/2020\/08\/Sebar_Easy-M.jpg\",\"articleSection\":[\"Opini\u00e3o\"],\"inLanguage\":\"pt-BR\"},{\"@type\":\"WebPage\",\"@id\":\"https:\/\/radiolifefm.com.br\/noticias\/no-mais-em-meio-ao-tudo-de-menos-na-provincia-sergio-barbosa-opiniao\/\",\"url\":\"https:\/\/radiolifefm.com.br\/noticias\/no-mais-em-meio-ao-tudo-de-menos-na-provincia-sergio-barbosa-opiniao\/\",\"name\":\"No mais em meio ao tudo de menos na Prov\u00edncia... - S\u00e9rgio Barbosa - Opini\u00e3o - R\u00e1dio Life FM\",\"isPartOf\":{\"@id\":\"https:\/\/radiolifefm.com.br\/noticias\/#website\"},\"primaryImageOfPage\":{\"@id\":\"https:\/\/radiolifefm.com.br\/noticias\/no-mais-em-meio-ao-tudo-de-menos-na-provincia-sergio-barbosa-opiniao\/#primaryimage\"},\"image\":{\"@id\":\"https:\/\/radiolifefm.com.br\/noticias\/no-mais-em-meio-ao-tudo-de-menos-na-provincia-sergio-barbosa-opiniao\/#primaryimage\"},\"thumbnailUrl\":\"https:\/\/radiolifefm.com.br\/noticias\/wp-content\/uploads\/2020\/08\/Sebar_Easy-M.jpg\",\"datePublished\":\"2020-08-24T14:11:58+00:00\",\"dateModified\":\"2026-04-07T13:20:39+00:00\",\"breadcrumb\":{\"@id\":\"https:\/\/radiolifefm.com.br\/noticias\/no-mais-em-meio-ao-tudo-de-menos-na-provincia-sergio-barbosa-opiniao\/#breadcrumb\"},\"inLanguage\":\"pt-BR\",\"potentialAction\":[{\"@type\":\"ReadAction\",\"target\":[\"https:\/\/radiolifefm.com.br\/noticias\/no-mais-em-meio-ao-tudo-de-menos-na-provincia-sergio-barbosa-opiniao\/\"]}]},{\"@type\":\"ImageObject\",\"inLanguage\":\"pt-BR\",\"@id\":\"https:\/\/radiolifefm.com.br\/noticias\/no-mais-em-meio-ao-tudo-de-menos-na-provincia-sergio-barbosa-opiniao\/#primaryimage\",\"url\":\"https:\/\/radiolifefm.com.br\/noticias\/wp-content\/uploads\/2020\/08\/Sebar_Easy-M.jpg\",\"contentUrl\":\"https:\/\/radiolifefm.com.br\/noticias\/wp-content\/uploads\/2020\/08\/Sebar_Easy-M.jpg\",\"width\":1280,\"height\":960},{\"@type\":\"BreadcrumbList\",\"@id\":\"https:\/\/radiolifefm.com.br\/noticias\/no-mais-em-meio-ao-tudo-de-menos-na-provincia-sergio-barbosa-opiniao\/#breadcrumb\",\"itemListElement\":[{\"@type\":\"ListItem\",\"position\":1,\"name\":\"In\u00edcio\",\"item\":\"https:\/\/radiolifefm.com.br\/noticias\/\"},{\"@type\":\"ListItem\",\"position\":2,\"name\":\"No mais em meio ao tudo de menos na Prov\u00edncia&#8230; &#8211; S\u00e9rgio Barbosa &#8211; Opini\u00e3o\"}]},{\"@type\":\"WebSite\",\"@id\":\"https:\/\/radiolifefm.com.br\/noticias\/#website\",\"url\":\"https:\/\/radiolifefm.com.br\/noticias\/\",\"name\":\"R\u00e1dio Life FM\",\"description\":\"O Portal de Not\u00edcias de Adamantina\",\"publisher\":{\"@id\":\"https:\/\/radiolifefm.com.br\/noticias\/#organization\"},\"alternateName\":\"Life FM\",\"potentialAction\":[{\"@type\":\"SearchAction\",\"target\":{\"@type\":\"EntryPoint\",\"urlTemplate\":\"https:\/\/radiolifefm.com.br\/noticias\/?s={search_term_string}\"},\"query-input\":{\"@type\":\"PropertyValueSpecification\",\"valueRequired\":true,\"valueName\":\"search_term_string\"}}],\"inLanguage\":\"pt-BR\"},{\"@type\":\"Organization\",\"@id\":\"https:\/\/radiolifefm.com.br\/noticias\/#organization\",\"name\":\"R\u00e1dio Life FM\",\"alternateName\":\"Life FM\",\"url\":\"https:\/\/radiolifefm.com.br\/noticias\/\",\"logo\":{\"@type\":\"ImageObject\",\"inLanguage\":\"pt-BR\",\"@id\":\"https:\/\/radiolifefm.com.br\/noticias\/#\/schema\/logo\/image\/\",\"url\":\"https:\/\/static.radiolifefm.com.br\/noticias\/wp-content\/uploads\/2019\/10\/logo-lifefm.png\",\"contentUrl\":\"https:\/\/static.radiolifefm.com.br\/noticias\/wp-content\/uploads\/2019\/10\/logo-lifefm.png\",\"width\":196,\"height\":47,\"caption\":\"R\u00e1dio Life FM\"},\"image\":{\"@id\":\"https:\/\/radiolifefm.com.br\/noticias\/#\/schema\/logo\/image\/\"},\"sameAs\":[\"https:\/\/www.facebook.com\/radiolifefm\/\",\"https:\/\/www.instagram.com\/life1079fm\/\"]},{\"@type\":\"Person\",\"@id\":\"https:\/\/radiolifefm.com.br\/noticias\/#\/schema\/person\/1d4e4b1301322090c6221bf1c8420490\",\"name\":\"lifefm\",\"image\":{\"@type\":\"ImageObject\",\"inLanguage\":\"pt-BR\",\"@id\":\"https:\/\/secure.gravatar.com\/avatar\/eca268467d925ec97d20641bb054fd944c0abb2f92854171620706bbe6474e7c?s=96&d=mm&r=g\",\"url\":\"https:\/\/secure.gravatar.com\/avatar\/eca268467d925ec97d20641bb054fd944c0abb2f92854171620706bbe6474e7c?s=96&d=mm&r=g\",\"contentUrl\":\"https:\/\/secure.gravatar.com\/avatar\/eca268467d925ec97d20641bb054fd944c0abb2f92854171620706bbe6474e7c?s=96&d=mm&r=g\",\"caption\":\"lifefm\"}}]}<\/script>\n<!-- \/ Yoast SEO plugin. -->","yoast_head_json":{"title":"No mais em meio ao tudo de menos na Prov\u00edncia...  - S\u00e9rgio Barbosa - Opini\u00e3o - R\u00e1dio Life FM","robots":{"index":"index","follow":"follow","max-snippet":"max-snippet:-1","max-image-preview":"max-image-preview:large","max-video-preview":"max-video-preview:-1"},"canonical":"https:\/\/radiolifefm.com.br\/noticias\/no-mais-em-meio-ao-tudo-de-menos-na-provincia-sergio-barbosa-opiniao\/","og_locale":"pt_BR","og_type":"article","og_title":"No mais em meio ao tudo de menos na Prov\u00edncia...  - S\u00e9rgio Barbosa - Opini\u00e3o - R\u00e1dio Life FM","og_description":"No mais em meio ao tudo de menos na Prov\u00edncia&#8230; \u201cQuerer n\u00e3o \u00e9 poder. Quem p\u00f4de, quis antes de poder s\u00f3 depois de poder. Quem quer nunca h\u00e1-de poder, porque se perde em querer.\u201d (Fernando Pessoa) S\u00e9rgio Barbosa (*) Espera-se que daqui pra frente em meio \u00e0s idas e vindas desta PANDEMIA que tudo possa [&hellip;]","og_url":"https:\/\/radiolifefm.com.br\/noticias\/no-mais-em-meio-ao-tudo-de-menos-na-provincia-sergio-barbosa-opiniao\/","og_site_name":"R\u00e1dio Life FM","article_publisher":"https:\/\/www.facebook.com\/radiolifefm\/","article_published_time":"2020-08-24T14:11:58+00:00","article_modified_time":"2026-04-07T13:20:39+00:00","og_image":[{"width":1280,"height":960,"url":"https:\/\/radiolifefm.com.br\/noticias\/wp-content\/uploads\/2020\/08\/Sebar_Easy-M.jpg","type":"image\/jpeg"}],"author":"lifefm","twitter_card":"summary_large_image","twitter_misc":{"Escrito por":"lifefm","Est. tempo de leitura":"2 minutos"},"schema":{"@context":"https:\/\/schema.org","@graph":[{"@type":"Article","@id":"https:\/\/radiolifefm.com.br\/noticias\/no-mais-em-meio-ao-tudo-de-menos-na-provincia-sergio-barbosa-opiniao\/#article","isPartOf":{"@id":"https:\/\/radiolifefm.com.br\/noticias\/no-mais-em-meio-ao-tudo-de-menos-na-provincia-sergio-barbosa-opiniao\/"},"author":{"name":"lifefm","@id":"https:\/\/radiolifefm.com.br\/noticias\/#\/schema\/person\/1d4e4b1301322090c6221bf1c8420490"},"headline":"No mais em meio ao tudo de menos na Prov\u00edncia&#8230; &#8211; S\u00e9rgio Barbosa &#8211; Opini\u00e3o","datePublished":"2020-08-24T14:11:58+00:00","dateModified":"2026-04-07T13:20:39+00:00","mainEntityOfPage":{"@id":"https:\/\/radiolifefm.com.br\/noticias\/no-mais-em-meio-ao-tudo-de-menos-na-provincia-sergio-barbosa-opiniao\/"},"wordCount":442,"publisher":{"@id":"https:\/\/radiolifefm.com.br\/noticias\/#organization"},"image":{"@id":"https:\/\/radiolifefm.com.br\/noticias\/no-mais-em-meio-ao-tudo-de-menos-na-provincia-sergio-barbosa-opiniao\/#primaryimage"},"thumbnailUrl":"https:\/\/radiolifefm.com.br\/noticias\/wp-content\/uploads\/2020\/08\/Sebar_Easy-M.jpg","articleSection":["Opini\u00e3o"],"inLanguage":"pt-BR"},{"@type":"WebPage","@id":"https:\/\/radiolifefm.com.br\/noticias\/no-mais-em-meio-ao-tudo-de-menos-na-provincia-sergio-barbosa-opiniao\/","url":"https:\/\/radiolifefm.com.br\/noticias\/no-mais-em-meio-ao-tudo-de-menos-na-provincia-sergio-barbosa-opiniao\/","name":"No mais em meio ao tudo de menos na Prov\u00edncia... - S\u00e9rgio Barbosa - Opini\u00e3o - R\u00e1dio Life FM","isPartOf":{"@id":"https:\/\/radiolifefm.com.br\/noticias\/#website"},"primaryImageOfPage":{"@id":"https:\/\/radiolifefm.com.br\/noticias\/no-mais-em-meio-ao-tudo-de-menos-na-provincia-sergio-barbosa-opiniao\/#primaryimage"},"image":{"@id":"https:\/\/radiolifefm.com.br\/noticias\/no-mais-em-meio-ao-tudo-de-menos-na-provincia-sergio-barbosa-opiniao\/#primaryimage"},"thumbnailUrl":"https:\/\/radiolifefm.com.br\/noticias\/wp-content\/uploads\/2020\/08\/Sebar_Easy-M.jpg","datePublished":"2020-08-24T14:11:58+00:00","dateModified":"2026-04-07T13:20:39+00:00","breadcrumb":{"@id":"https:\/\/radiolifefm.com.br\/noticias\/no-mais-em-meio-ao-tudo-de-menos-na-provincia-sergio-barbosa-opiniao\/#breadcrumb"},"inLanguage":"pt-BR","potentialAction":[{"@type":"ReadAction","target":["https:\/\/radiolifefm.com.br\/noticias\/no-mais-em-meio-ao-tudo-de-menos-na-provincia-sergio-barbosa-opiniao\/"]}]},{"@type":"ImageObject","inLanguage":"pt-BR","@id":"https:\/\/radiolifefm.com.br\/noticias\/no-mais-em-meio-ao-tudo-de-menos-na-provincia-sergio-barbosa-opiniao\/#primaryimage","url":"https:\/\/radiolifefm.com.br\/noticias\/wp-content\/uploads\/2020\/08\/Sebar_Easy-M.jpg","contentUrl":"https:\/\/radiolifefm.com.br\/noticias\/wp-content\/uploads\/2020\/08\/Sebar_Easy-M.jpg","width":1280,"height":960},{"@type":"BreadcrumbList","@id":"https:\/\/radiolifefm.com.br\/noticias\/no-mais-em-meio-ao-tudo-de-menos-na-provincia-sergio-barbosa-opiniao\/#breadcrumb","itemListElement":[{"@type":"ListItem","position":1,"name":"In\u00edcio","item":"https:\/\/radiolifefm.com.br\/noticias\/"},{"@type":"ListItem","position":2,"name":"No mais em meio ao tudo de menos na Prov\u00edncia&#8230; &#8211; S\u00e9rgio Barbosa &#8211; Opini\u00e3o"}]},{"@type":"WebSite","@id":"https:\/\/radiolifefm.com.br\/noticias\/#website","url":"https:\/\/radiolifefm.com.br\/noticias\/","name":"R\u00e1dio Life FM","description":"O Portal de Not\u00edcias de Adamantina","publisher":{"@id":"https:\/\/radiolifefm.com.br\/noticias\/#organization"},"alternateName":"Life FM","potentialAction":[{"@type":"SearchAction","target":{"@type":"EntryPoint","urlTemplate":"https:\/\/radiolifefm.com.br\/noticias\/?s={search_term_string}"},"query-input":{"@type":"PropertyValueSpecification","valueRequired":true,"valueName":"search_term_string"}}],"inLanguage":"pt-BR"},{"@type":"Organization","@id":"https:\/\/radiolifefm.com.br\/noticias\/#organization","name":"R\u00e1dio Life FM","alternateName":"Life FM","url":"https:\/\/radiolifefm.com.br\/noticias\/","logo":{"@type":"ImageObject","inLanguage":"pt-BR","@id":"https:\/\/radiolifefm.com.br\/noticias\/#\/schema\/logo\/image\/","url":"https:\/\/static.radiolifefm.com.br\/noticias\/wp-content\/uploads\/2019\/10\/logo-lifefm.png","contentUrl":"https:\/\/static.radiolifefm.com.br\/noticias\/wp-content\/uploads\/2019\/10\/logo-lifefm.png","width":196,"height":47,"caption":"R\u00e1dio Life FM"},"image":{"@id":"https:\/\/radiolifefm.com.br\/noticias\/#\/schema\/logo\/image\/"},"sameAs":["https:\/\/www.facebook.com\/radiolifefm\/","https:\/\/www.instagram.com\/life1079fm\/"]},{"@type":"Person","@id":"https:\/\/radiolifefm.com.br\/noticias\/#\/schema\/person\/1d4e4b1301322090c6221bf1c8420490","name":"lifefm","image":{"@type":"ImageObject","inLanguage":"pt-BR","@id":"https:\/\/secure.gravatar.com\/avatar\/eca268467d925ec97d20641bb054fd944c0abb2f92854171620706bbe6474e7c?s=96&d=mm&r=g","url":"https:\/\/secure.gravatar.com\/avatar\/eca268467d925ec97d20641bb054fd944c0abb2f92854171620706bbe6474e7c?s=96&d=mm&r=g","contentUrl":"https:\/\/secure.gravatar.com\/avatar\/eca268467d925ec97d20641bb054fd944c0abb2f92854171620706bbe6474e7c?s=96&d=mm&r=g","caption":"lifefm"}}]}},"amp_enabled":true,"_links":{"self":[{"href":"https:\/\/radiolifefm.com.br\/noticias\/wp-json\/wp\/v2\/posts\/25462","targetHints":{"allow":["GET"]}}],"collection":[{"href":"https:\/\/radiolifefm.com.br\/noticias\/wp-json\/wp\/v2\/posts"}],"about":[{"href":"https:\/\/radiolifefm.com.br\/noticias\/wp-json\/wp\/v2\/types\/post"}],"author":[{"embeddable":true,"href":"https:\/\/radiolifefm.com.br\/noticias\/wp-json\/wp\/v2\/users\/3"}],"replies":[{"embeddable":true,"href":"https:\/\/radiolifefm.com.br\/noticias\/wp-json\/wp\/v2\/comments?post=25462"}],"version-history":[{"count":1,"href":"https:\/\/radiolifefm.com.br\/noticias\/wp-json\/wp\/v2\/posts\/25462\/revisions"}],"predecessor-version":[{"id":25474,"href":"https:\/\/radiolifefm.com.br\/noticias\/wp-json\/wp\/v2\/posts\/25462\/revisions\/25474"}],"wp:featuredmedia":[{"embeddable":true,"href":"https:\/\/radiolifefm.com.br\/noticias\/wp-json\/wp\/v2\/media\/25471"}],"wp:attachment":[{"href":"https:\/\/radiolifefm.com.br\/noticias\/wp-json\/wp\/v2\/media?parent=25462"}],"wp:term":[{"taxonomy":"category","embeddable":true,"href":"https:\/\/radiolifefm.com.br\/noticias\/wp-json\/wp\/v2\/categories?post=25462"},{"taxonomy":"post_tag","embeddable":true,"href":"https:\/\/radiolifefm.com.br\/noticias\/wp-json\/wp\/v2\/tags?post=25462"}],"curies":[{"name":"wp","href":"https:\/\/api.w.org\/{rel}","templated":true}]}}