{"id":25285,"date":"2020-08-19T16:11:19","date_gmt":"2020-08-19T19:11:19","guid":{"rendered":"https:\/\/radiolifefm.com.br\/noticias\/?p=25285"},"modified":"2026-04-07T19:22:55","modified_gmt":"2026-04-07T22:22:55","slug":"governo-de-sp-autoriza-jornada-de-8h-para-comercios-da-fase-amarela","status":"publish","type":"post","link":"https:\/\/radiolifefm.com.br\/noticias\/governo-de-sp-autoriza-jornada-de-8h-para-comercios-da-fase-amarela\/","title":{"rendered":"Governo de SP autoriza jornada de 8h para com\u00e9rcios da fase amarela"},"content":{"rendered":"<div id=\"fb-root\"><\/div>\n<p>&nbsp;<\/p>\n<p>&nbsp;<\/p>\n<h5><strong>Decreto estadual autoriza amplia\u00e7\u00e3o de hor\u00e1rio de funcionamento de bares, restaurante e com\u00e9rcios de 6 para 8 horas diretas ou intercaladas.<\/strong><\/h5>\n<p>&nbsp;<\/p>\n<p>O vice-governador de S\u00e3o Paulo, Rodrigo Garcia, autorizou nesta quarta-feira (19), a amplia\u00e7\u00e3o do hor\u00e1rio de funcionamento de bares, restaurantes e com\u00e9rcios de 6 para 8 horas nas regi\u00f5es que estiverem na fase amarela do Plano S\u00e3o Paulo.<strong>\u00a0<\/strong>A medida ser\u00e1 oficializada por meio de um decreto publicado na sexta-feira (21). Os empres\u00e1rios poder\u00e3o escolher se adotam uma jornada cont\u00ednua ou fracionada, respeitando o per\u00edodo determinado.<\/p>\n<p>&nbsp;<\/p>\n<p>O secret\u00e1rio de habita\u00e7\u00e3o Fl\u00e1vio Amary afirmou que a mudan\u00e7a \u00e9 v\u00e1lida para shoppings centers, com\u00e9rcio, servi\u00e7os, restaurantes, sal\u00f5es de beleza, academias e eventos. &#8220;O funcionamento pode ser de forma cont\u00ednua ou fracionada&#8221;, disse. &#8220;Apesar disso, os prefeitos t\u00eam autonomia para aplicar a medida e decidir em que momento ela ser\u00e1 adotada.&#8221;<\/p>\n<p>&nbsp;<\/p>\n<p>Segundo a secret\u00e1ria de Desenvolvimento Econ\u00f4mico, Patr\u00edcia Ellen, a atualiza\u00e7\u00e3o determina que o hor\u00e1rio de atendimento presencial seja at\u00e9 22 horas na fase 4 (verde). O secret\u00e1rio de sa\u00fade Jean Gorinchteyn reafirmou que 86% da popula\u00e7\u00e3o do Estado vive em regi\u00f5es da fase amarela. &#8220;Estamos ainda no meio do caminho e n\u00e3o voltamos ainda nem ao &#8216;novo normal&#8217;. S\u00f3 voltaremos ao normal ap\u00f3s a vacina.&#8221;<\/p>\n<p>&nbsp;<\/p>\n<p>O governador Jo\u00e3o Doria, que participou da coletiva de imprensa por video-confer\u00eancia, afirmou que continua assintom\u00e1tico e cumpre o 8\u00ba dia de isolamento. Doria recomendou ainda que a popula\u00e7\u00e3o adote as medidas sanit\u00e1rias preventivas. &#8220;Aos que t\u00eam mais de 60 anos, n\u00e3o s\u00f3 se protejam como protejam tamb\u00e9m seus familiares&#8221;, disse. &#8220;As mulheres s\u00e3o as que mais defendem o isolamento social em S\u00e3o Paulo.&#8221;<\/p>\n<p>&nbsp;<\/p>\n<p>&nbsp;<\/p>\n<p><span style=\"color: #999999\">Fonte: Divulga Rin\u00f3polis<\/span><\/p>\n","protected":false},"excerpt":{"rendered":"<p>&nbsp; &nbsp; Decreto estadual autoriza amplia\u00e7\u00e3o de hor\u00e1rio de funcionamento de bares, restaurante e com\u00e9rcios de 6 para 8 horas diretas ou intercaladas. &nbsp; O vice-governador de S\u00e3o Paulo, Rodrigo Garcia, autorizou nesta quarta-feira (19), a amplia\u00e7\u00e3o do hor\u00e1rio de funcionamento de bares, restaurantes e com\u00e9rcios de 6 para 8 horas nas regi\u00f5es que estiverem [&hellip;]<\/p>\n","protected":false},"author":12,"featured_media":25287,"comment_status":"closed","ping_status":"open","sticky":false,"template":"","format":"standard","meta":{"_acf_changed":false,"_exactmetrics_skip_tracking":false,"_exactmetrics_sitenote_active":false,"_exactmetrics_sitenote_note":"","_exactmetrics_sitenote_category":0,"footnotes":""},"categories":[24],"tags":[],"class_list":["post-25285","post","type-post","status-publish","format-standard","has-post-thumbnail","hentry","category-regiao"],"acf":[],"yoast_head":"<!-- This site is optimized with the Yoast SEO plugin v27.2 - https:\/\/yoast.com\/product\/yoast-seo-wordpress\/ -->\n<title>Governo de SP autoriza jornada de 8h para com\u00e9rcios da fase amarela - R\u00e1dio Life FM<\/title>\n<meta name=\"robots\" content=\"index, follow, max-snippet:-1, max-image-preview:large, max-video-preview:-1\" \/>\n<link rel=\"canonical\" href=\"https:\/\/radiolifefm.com.br\/noticias\/governo-de-sp-autoriza-jornada-de-8h-para-comercios-da-fase-amarela\/\" \/>\n<meta property=\"og:locale\" content=\"pt_BR\" \/>\n<meta property=\"og:type\" content=\"article\" \/>\n<meta property=\"og:title\" content=\"Governo de SP autoriza jornada de 8h para com\u00e9rcios da fase amarela - R\u00e1dio Life FM\" \/>\n<meta property=\"og:description\" content=\"&nbsp; &nbsp; Decreto estadual autoriza amplia\u00e7\u00e3o de hor\u00e1rio de funcionamento de bares, restaurante e com\u00e9rcios de 6 para 8 horas diretas ou intercaladas. &nbsp; O vice-governador de S\u00e3o Paulo, Rodrigo Garcia, autorizou nesta quarta-feira (19), a amplia\u00e7\u00e3o do hor\u00e1rio de funcionamento de bares, restaurantes e com\u00e9rcios de 6 para 8 horas nas regi\u00f5es que estiverem [&hellip;]\" \/>\n<meta property=\"og:url\" content=\"https:\/\/radiolifefm.com.br\/noticias\/governo-de-sp-autoriza-jornada-de-8h-para-comercios-da-fase-amarela\/\" \/>\n<meta property=\"og:site_name\" content=\"R\u00e1dio Life FM\" \/>\n<meta property=\"article:publisher\" content=\"https:\/\/www.facebook.com\/radiolifefm\/\" \/>\n<meta property=\"article:published_time\" content=\"2020-08-19T19:11:19+00:00\" \/>\n<meta property=\"article:modified_time\" content=\"2026-04-07T22:22:55+00:00\" \/>\n<meta property=\"og:image\" content=\"https:\/\/radiolifefm.com.br\/noticias\/wp-content\/uploads\/2020\/08\/fases_mapa-e1597864183851.jpg\" \/>\n\t<meta property=\"og:image:width\" content=\"1261\" \/>\n\t<meta property=\"og:image:height\" content=\"666\" \/>\n\t<meta property=\"og:image:type\" content=\"image\/jpeg\" \/>\n<meta name=\"author\" content=\"mayraferrari\" \/>\n<meta name=\"twitter:card\" content=\"summary_large_image\" \/>\n<meta name=\"twitter:label1\" content=\"Escrito por\" \/>\n\t<meta name=\"twitter:data1\" content=\"mayraferrari\" \/>\n\t<meta name=\"twitter:label2\" content=\"Est. tempo de leitura\" \/>\n\t<meta name=\"twitter:data2\" content=\"2 minutos\" \/>\n<script type=\"application\/ld+json\" class=\"yoast-schema-graph\">{\"@context\":\"https:\/\/schema.org\",\"@graph\":[{\"@type\":\"Article\",\"@id\":\"https:\/\/radiolifefm.com.br\/noticias\/governo-de-sp-autoriza-jornada-de-8h-para-comercios-da-fase-amarela\/#article\",\"isPartOf\":{\"@id\":\"https:\/\/radiolifefm.com.br\/noticias\/governo-de-sp-autoriza-jornada-de-8h-para-comercios-da-fase-amarela\/\"},\"author\":{\"name\":\"mayraferrari\",\"@id\":\"https:\/\/radiolifefm.com.br\/noticias\/#\/schema\/person\/d37940c51f50a0c5db4e065bb527a35d\"},\"headline\":\"Governo de SP autoriza jornada de 8h para com\u00e9rcios da fase amarela\",\"datePublished\":\"2020-08-19T19:11:19+00:00\",\"dateModified\":\"2026-04-07T22:22:55+00:00\",\"mainEntityOfPage\":{\"@id\":\"https:\/\/radiolifefm.com.br\/noticias\/governo-de-sp-autoriza-jornada-de-8h-para-comercios-da-fase-amarela\/\"},\"wordCount\":325,\"publisher\":{\"@id\":\"https:\/\/radiolifefm.com.br\/noticias\/#organization\"},\"image\":{\"@id\":\"https:\/\/radiolifefm.com.br\/noticias\/governo-de-sp-autoriza-jornada-de-8h-para-comercios-da-fase-amarela\/#primaryimage\"},\"thumbnailUrl\":\"https:\/\/radiolifefm.com.br\/noticias\/wp-content\/uploads\/2020\/08\/fases_mapa-e1597864183851.jpg\",\"articleSection\":[\"Regi\u00e3o\"],\"inLanguage\":\"pt-BR\"},{\"@type\":\"WebPage\",\"@id\":\"https:\/\/radiolifefm.com.br\/noticias\/governo-de-sp-autoriza-jornada-de-8h-para-comercios-da-fase-amarela\/\",\"url\":\"https:\/\/radiolifefm.com.br\/noticias\/governo-de-sp-autoriza-jornada-de-8h-para-comercios-da-fase-amarela\/\",\"name\":\"Governo de SP autoriza jornada de 8h para com\u00e9rcios da fase amarela - R\u00e1dio Life FM\",\"isPartOf\":{\"@id\":\"https:\/\/radiolifefm.com.br\/noticias\/#website\"},\"primaryImageOfPage\":{\"@id\":\"https:\/\/radiolifefm.com.br\/noticias\/governo-de-sp-autoriza-jornada-de-8h-para-comercios-da-fase-amarela\/#primaryimage\"},\"image\":{\"@id\":\"https:\/\/radiolifefm.com.br\/noticias\/governo-de-sp-autoriza-jornada-de-8h-para-comercios-da-fase-amarela\/#primaryimage\"},\"thumbnailUrl\":\"https:\/\/radiolifefm.com.br\/noticias\/wp-content\/uploads\/2020\/08\/fases_mapa-e1597864183851.jpg\",\"datePublished\":\"2020-08-19T19:11:19+00:00\",\"dateModified\":\"2026-04-07T22:22:55+00:00\",\"breadcrumb\":{\"@id\":\"https:\/\/radiolifefm.com.br\/noticias\/governo-de-sp-autoriza-jornada-de-8h-para-comercios-da-fase-amarela\/#breadcrumb\"},\"inLanguage\":\"pt-BR\",\"potentialAction\":[{\"@type\":\"ReadAction\",\"target\":[\"https:\/\/radiolifefm.com.br\/noticias\/governo-de-sp-autoriza-jornada-de-8h-para-comercios-da-fase-amarela\/\"]}]},{\"@type\":\"ImageObject\",\"inLanguage\":\"pt-BR\",\"@id\":\"https:\/\/radiolifefm.com.br\/noticias\/governo-de-sp-autoriza-jornada-de-8h-para-comercios-da-fase-amarela\/#primaryimage\",\"url\":\"https:\/\/radiolifefm.com.br\/noticias\/wp-content\/uploads\/2020\/08\/fases_mapa-e1597864183851.jpg\",\"contentUrl\":\"https:\/\/radiolifefm.com.br\/noticias\/wp-content\/uploads\/2020\/08\/fases_mapa-e1597864183851.jpg\",\"width\":1261,\"height\":666},{\"@type\":\"BreadcrumbList\",\"@id\":\"https:\/\/radiolifefm.com.br\/noticias\/governo-de-sp-autoriza-jornada-de-8h-para-comercios-da-fase-amarela\/#breadcrumb\",\"itemListElement\":[{\"@type\":\"ListItem\",\"position\":1,\"name\":\"In\u00edcio\",\"item\":\"https:\/\/radiolifefm.com.br\/noticias\/\"},{\"@type\":\"ListItem\",\"position\":2,\"name\":\"Governo de SP autoriza jornada de 8h para com\u00e9rcios da fase amarela\"}]},{\"@type\":\"WebSite\",\"@id\":\"https:\/\/radiolifefm.com.br\/noticias\/#website\",\"url\":\"https:\/\/radiolifefm.com.br\/noticias\/\",\"name\":\"R\u00e1dio Life FM\",\"description\":\"O Portal de Not\u00edcias de Adamantina\",\"publisher\":{\"@id\":\"https:\/\/radiolifefm.com.br\/noticias\/#organization\"},\"alternateName\":\"Life FM\",\"potentialAction\":[{\"@type\":\"SearchAction\",\"target\":{\"@type\":\"EntryPoint\",\"urlTemplate\":\"https:\/\/radiolifefm.com.br\/noticias\/?s={search_term_string}\"},\"query-input\":{\"@type\":\"PropertyValueSpecification\",\"valueRequired\":true,\"valueName\":\"search_term_string\"}}],\"inLanguage\":\"pt-BR\"},{\"@type\":\"Organization\",\"@id\":\"https:\/\/radiolifefm.com.br\/noticias\/#organization\",\"name\":\"R\u00e1dio Life FM\",\"alternateName\":\"Life FM\",\"url\":\"https:\/\/radiolifefm.com.br\/noticias\/\",\"logo\":{\"@type\":\"ImageObject\",\"inLanguage\":\"pt-BR\",\"@id\":\"https:\/\/radiolifefm.com.br\/noticias\/#\/schema\/logo\/image\/\",\"url\":\"https:\/\/static.radiolifefm.com.br\/noticias\/wp-content\/uploads\/2019\/10\/logo-lifefm.png\",\"contentUrl\":\"https:\/\/static.radiolifefm.com.br\/noticias\/wp-content\/uploads\/2019\/10\/logo-lifefm.png\",\"width\":196,\"height\":47,\"caption\":\"R\u00e1dio Life FM\"},\"image\":{\"@id\":\"https:\/\/radiolifefm.com.br\/noticias\/#\/schema\/logo\/image\/\"},\"sameAs\":[\"https:\/\/www.facebook.com\/radiolifefm\/\",\"https:\/\/www.instagram.com\/life1079fm\/\"]},{\"@type\":\"Person\",\"@id\":\"https:\/\/radiolifefm.com.br\/noticias\/#\/schema\/person\/d37940c51f50a0c5db4e065bb527a35d\",\"name\":\"mayraferrari\",\"image\":{\"@type\":\"ImageObject\",\"inLanguage\":\"pt-BR\",\"@id\":\"https:\/\/secure.gravatar.com\/avatar\/69374fafea2eae004e87f555bcb8bb6e24c5d501c2ffec6bbedf0a8f25427b93?s=96&d=mm&r=g\",\"url\":\"https:\/\/secure.gravatar.com\/avatar\/69374fafea2eae004e87f555bcb8bb6e24c5d501c2ffec6bbedf0a8f25427b93?s=96&d=mm&r=g\",\"contentUrl\":\"https:\/\/secure.gravatar.com\/avatar\/69374fafea2eae004e87f555bcb8bb6e24c5d501c2ffec6bbedf0a8f25427b93?s=96&d=mm&r=g\",\"caption\":\"mayraferrari\"}}]}<\/script>\n<!-- \/ Yoast SEO plugin. -->","yoast_head_json":{"title":"Governo de SP autoriza jornada de 8h para com\u00e9rcios da fase amarela - R\u00e1dio Life FM","robots":{"index":"index","follow":"follow","max-snippet":"max-snippet:-1","max-image-preview":"max-image-preview:large","max-video-preview":"max-video-preview:-1"},"canonical":"https:\/\/radiolifefm.com.br\/noticias\/governo-de-sp-autoriza-jornada-de-8h-para-comercios-da-fase-amarela\/","og_locale":"pt_BR","og_type":"article","og_title":"Governo de SP autoriza jornada de 8h para com\u00e9rcios da fase amarela - R\u00e1dio Life FM","og_description":"&nbsp; &nbsp; Decreto estadual autoriza amplia\u00e7\u00e3o de hor\u00e1rio de funcionamento de bares, restaurante e com\u00e9rcios de 6 para 8 horas diretas ou intercaladas. &nbsp; O vice-governador de S\u00e3o Paulo, Rodrigo Garcia, autorizou nesta quarta-feira (19), a amplia\u00e7\u00e3o do hor\u00e1rio de funcionamento de bares, restaurantes e com\u00e9rcios de 6 para 8 horas nas regi\u00f5es que estiverem [&hellip;]","og_url":"https:\/\/radiolifefm.com.br\/noticias\/governo-de-sp-autoriza-jornada-de-8h-para-comercios-da-fase-amarela\/","og_site_name":"R\u00e1dio Life FM","article_publisher":"https:\/\/www.facebook.com\/radiolifefm\/","article_published_time":"2020-08-19T19:11:19+00:00","article_modified_time":"2026-04-07T22:22:55+00:00","og_image":[{"width":1261,"height":666,"url":"https:\/\/radiolifefm.com.br\/noticias\/wp-content\/uploads\/2020\/08\/fases_mapa-e1597864183851.jpg","type":"image\/jpeg"}],"author":"mayraferrari","twitter_card":"summary_large_image","twitter_misc":{"Escrito por":"mayraferrari","Est. tempo de leitura":"2 minutos"},"schema":{"@context":"https:\/\/schema.org","@graph":[{"@type":"Article","@id":"https:\/\/radiolifefm.com.br\/noticias\/governo-de-sp-autoriza-jornada-de-8h-para-comercios-da-fase-amarela\/#article","isPartOf":{"@id":"https:\/\/radiolifefm.com.br\/noticias\/governo-de-sp-autoriza-jornada-de-8h-para-comercios-da-fase-amarela\/"},"author":{"name":"mayraferrari","@id":"https:\/\/radiolifefm.com.br\/noticias\/#\/schema\/person\/d37940c51f50a0c5db4e065bb527a35d"},"headline":"Governo de SP autoriza jornada de 8h para com\u00e9rcios da fase amarela","datePublished":"2020-08-19T19:11:19+00:00","dateModified":"2026-04-07T22:22:55+00:00","mainEntityOfPage":{"@id":"https:\/\/radiolifefm.com.br\/noticias\/governo-de-sp-autoriza-jornada-de-8h-para-comercios-da-fase-amarela\/"},"wordCount":325,"publisher":{"@id":"https:\/\/radiolifefm.com.br\/noticias\/#organization"},"image":{"@id":"https:\/\/radiolifefm.com.br\/noticias\/governo-de-sp-autoriza-jornada-de-8h-para-comercios-da-fase-amarela\/#primaryimage"},"thumbnailUrl":"https:\/\/radiolifefm.com.br\/noticias\/wp-content\/uploads\/2020\/08\/fases_mapa-e1597864183851.jpg","articleSection":["Regi\u00e3o"],"inLanguage":"pt-BR"},{"@type":"WebPage","@id":"https:\/\/radiolifefm.com.br\/noticias\/governo-de-sp-autoriza-jornada-de-8h-para-comercios-da-fase-amarela\/","url":"https:\/\/radiolifefm.com.br\/noticias\/governo-de-sp-autoriza-jornada-de-8h-para-comercios-da-fase-amarela\/","name":"Governo de SP autoriza jornada de 8h para com\u00e9rcios da fase amarela - R\u00e1dio Life FM","isPartOf":{"@id":"https:\/\/radiolifefm.com.br\/noticias\/#website"},"primaryImageOfPage":{"@id":"https:\/\/radiolifefm.com.br\/noticias\/governo-de-sp-autoriza-jornada-de-8h-para-comercios-da-fase-amarela\/#primaryimage"},"image":{"@id":"https:\/\/radiolifefm.com.br\/noticias\/governo-de-sp-autoriza-jornada-de-8h-para-comercios-da-fase-amarela\/#primaryimage"},"thumbnailUrl":"https:\/\/radiolifefm.com.br\/noticias\/wp-content\/uploads\/2020\/08\/fases_mapa-e1597864183851.jpg","datePublished":"2020-08-19T19:11:19+00:00","dateModified":"2026-04-07T22:22:55+00:00","breadcrumb":{"@id":"https:\/\/radiolifefm.com.br\/noticias\/governo-de-sp-autoriza-jornada-de-8h-para-comercios-da-fase-amarela\/#breadcrumb"},"inLanguage":"pt-BR","potentialAction":[{"@type":"ReadAction","target":["https:\/\/radiolifefm.com.br\/noticias\/governo-de-sp-autoriza-jornada-de-8h-para-comercios-da-fase-amarela\/"]}]},{"@type":"ImageObject","inLanguage":"pt-BR","@id":"https:\/\/radiolifefm.com.br\/noticias\/governo-de-sp-autoriza-jornada-de-8h-para-comercios-da-fase-amarela\/#primaryimage","url":"https:\/\/radiolifefm.com.br\/noticias\/wp-content\/uploads\/2020\/08\/fases_mapa-e1597864183851.jpg","contentUrl":"https:\/\/radiolifefm.com.br\/noticias\/wp-content\/uploads\/2020\/08\/fases_mapa-e1597864183851.jpg","width":1261,"height":666},{"@type":"BreadcrumbList","@id":"https:\/\/radiolifefm.com.br\/noticias\/governo-de-sp-autoriza-jornada-de-8h-para-comercios-da-fase-amarela\/#breadcrumb","itemListElement":[{"@type":"ListItem","position":1,"name":"In\u00edcio","item":"https:\/\/radiolifefm.com.br\/noticias\/"},{"@type":"ListItem","position":2,"name":"Governo de SP autoriza jornada de 8h para com\u00e9rcios da fase amarela"}]},{"@type":"WebSite","@id":"https:\/\/radiolifefm.com.br\/noticias\/#website","url":"https:\/\/radiolifefm.com.br\/noticias\/","name":"R\u00e1dio Life FM","description":"O Portal de Not\u00edcias de Adamantina","publisher":{"@id":"https:\/\/radiolifefm.com.br\/noticias\/#organization"},"alternateName":"Life FM","potentialAction":[{"@type":"SearchAction","target":{"@type":"EntryPoint","urlTemplate":"https:\/\/radiolifefm.com.br\/noticias\/?s={search_term_string}"},"query-input":{"@type":"PropertyValueSpecification","valueRequired":true,"valueName":"search_term_string"}}],"inLanguage":"pt-BR"},{"@type":"Organization","@id":"https:\/\/radiolifefm.com.br\/noticias\/#organization","name":"R\u00e1dio Life FM","alternateName":"Life FM","url":"https:\/\/radiolifefm.com.br\/noticias\/","logo":{"@type":"ImageObject","inLanguage":"pt-BR","@id":"https:\/\/radiolifefm.com.br\/noticias\/#\/schema\/logo\/image\/","url":"https:\/\/static.radiolifefm.com.br\/noticias\/wp-content\/uploads\/2019\/10\/logo-lifefm.png","contentUrl":"https:\/\/static.radiolifefm.com.br\/noticias\/wp-content\/uploads\/2019\/10\/logo-lifefm.png","width":196,"height":47,"caption":"R\u00e1dio Life FM"},"image":{"@id":"https:\/\/radiolifefm.com.br\/noticias\/#\/schema\/logo\/image\/"},"sameAs":["https:\/\/www.facebook.com\/radiolifefm\/","https:\/\/www.instagram.com\/life1079fm\/"]},{"@type":"Person","@id":"https:\/\/radiolifefm.com.br\/noticias\/#\/schema\/person\/d37940c51f50a0c5db4e065bb527a35d","name":"mayraferrari","image":{"@type":"ImageObject","inLanguage":"pt-BR","@id":"https:\/\/secure.gravatar.com\/avatar\/69374fafea2eae004e87f555bcb8bb6e24c5d501c2ffec6bbedf0a8f25427b93?s=96&d=mm&r=g","url":"https:\/\/secure.gravatar.com\/avatar\/69374fafea2eae004e87f555bcb8bb6e24c5d501c2ffec6bbedf0a8f25427b93?s=96&d=mm&r=g","contentUrl":"https:\/\/secure.gravatar.com\/avatar\/69374fafea2eae004e87f555bcb8bb6e24c5d501c2ffec6bbedf0a8f25427b93?s=96&d=mm&r=g","caption":"mayraferrari"}}]}},"amp_enabled":true,"_links":{"self":[{"href":"https:\/\/radiolifefm.com.br\/noticias\/wp-json\/wp\/v2\/posts\/25285","targetHints":{"allow":["GET"]}}],"collection":[{"href":"https:\/\/radiolifefm.com.br\/noticias\/wp-json\/wp\/v2\/posts"}],"about":[{"href":"https:\/\/radiolifefm.com.br\/noticias\/wp-json\/wp\/v2\/types\/post"}],"author":[{"embeddable":true,"href":"https:\/\/radiolifefm.com.br\/noticias\/wp-json\/wp\/v2\/users\/12"}],"replies":[{"embeddable":true,"href":"https:\/\/radiolifefm.com.br\/noticias\/wp-json\/wp\/v2\/comments?post=25285"}],"version-history":[{"count":2,"href":"https:\/\/radiolifefm.com.br\/noticias\/wp-json\/wp\/v2\/posts\/25285\/revisions"}],"predecessor-version":[{"id":25289,"href":"https:\/\/radiolifefm.com.br\/noticias\/wp-json\/wp\/v2\/posts\/25285\/revisions\/25289"}],"wp:featuredmedia":[{"embeddable":true,"href":"https:\/\/radiolifefm.com.br\/noticias\/wp-json\/wp\/v2\/media\/25287"}],"wp:attachment":[{"href":"https:\/\/radiolifefm.com.br\/noticias\/wp-json\/wp\/v2\/media?parent=25285"}],"wp:term":[{"taxonomy":"category","embeddable":true,"href":"https:\/\/radiolifefm.com.br\/noticias\/wp-json\/wp\/v2\/categories?post=25285"},{"taxonomy":"post_tag","embeddable":true,"href":"https:\/\/radiolifefm.com.br\/noticias\/wp-json\/wp\/v2\/tags?post=25285"}],"curies":[{"name":"wp","href":"https:\/\/api.w.org\/{rel}","templated":true}]}}