{"id":25078,"date":"2020-08-13T08:21:24","date_gmt":"2020-08-13T11:21:24","guid":{"rendered":"https:\/\/radiolifefm.com.br\/noticias\/?p=25078"},"modified":"2026-03-27T17:09:38","modified_gmt":"2026-03-27T20:09:38","slug":"concessionaria-eixo-sp-recupera-pavimento-na-sp-294-trecho-entre-osvaldo-cruz-e-lucelia","status":"publish","type":"post","link":"https:\/\/radiolifefm.com.br\/noticias\/concessionaria-eixo-sp-recupera-pavimento-na-sp-294-trecho-entre-osvaldo-cruz-e-lucelia\/","title":{"rendered":"Concession\u00e1ria Eixo SP recupera pavimento na SP-294, trecho entre Osvaldo Cruz e Luc\u00e9lia"},"content":{"rendered":"<div id=\"fb-root\"><\/div>\n<p><em>Interven\u00e7\u00f5es est\u00e3o programadas at\u00e9 s\u00e1bado (15)<\/em><\/p>\n<p>A concession\u00e1ria Eixo SP mobiliza frentes de trabalho para recupera\u00e7\u00e3o do pavimento das rodovias sob sua administra\u00e7\u00e3o na regi\u00e3o, em especial na Rodovia Comandante Jo\u00e3o Ribeiro de Barros (SP-294) e Rodovia Assis Chateaubriand (SP-425).<\/p>\n<p>Diariamente, das 7h \u00e0s 18h \u2013 at\u00e9 o pr\u00f3ximo s\u00e1bado (15), trechos espec\u00edficos, previamente mapeados pelo setor de planejamento da concession\u00e1ria ser\u00e3o recuperados em diferentes procedimentos, conforme a necessidade.<\/p>\n<p>De acordo com a Eixo SP, cada local de interven\u00e7\u00e3o estar\u00e1 devidamente sinalizado para a orienta\u00e7\u00e3o e seguran\u00e7a do motorista. Em caso de chuva, os servi\u00e7os ser\u00e3o reprogramados.<\/p>\n<p>\u201cAs melhorias na SP 294 fazem parte do plano inicial de investimentos em franca execu\u00e7\u00e3o nesta rodovia, fundamental para o desenvolvimento regional e muito utilizada para deslocamentos intermunicipais. Os transtornos com o estreitamento pontual de faixas s\u00e3o parte deste processo, que ter\u00e1 como resultado uma malha moderna e de qualidade, como prop\u00f5e o programa paulista de concess\u00f5es rodovi\u00e1rias\u201d, conclui Jos\u00e9 Geraldo de Andrade, superintendente de obras da Eixo SP.<\/p>\n<p>&nbsp;<\/p>\n<p><em><strong>OBRAS NA SP-294<\/strong><\/em><br \/>\nDe acordo com informa\u00e7\u00f5es divulgadas \u00e0 imprensa, a fresagem e recomposi\u00e7\u00e3o de pavimento, retirada do asfalto deteriorado e substitui\u00e7\u00e3o por nova capa, ser\u00e1 executada em tr\u00eas segmentos de pista, na SP-294: do quil\u00f4metro 475 ao 495, entre Oriente e Pompeia; km 568 ao 585, nos munic\u00edpios de Osvaldo Cruz, In\u00fabia Paulista e Luc\u00e9lia; e do km 635 ao 645, de Junqueir\u00f3polis a Dracena.<\/p>\n<p>Na extens\u00e3o de 124 quil\u00f4metros que compreende 14 munic\u00edpios, de Dracena a Panorama \u2013 km 561 ao 685, a Eixo SP ir\u00e1 executar reparos localizados com a opera\u00e7\u00e3o tapa-buraco.<\/p>\n<p>No trecho de Bauru a Mar\u00edlia, entre os quil\u00f4metros 347 e 451, ser\u00e1 adotado o microrrevestimento a frio, t\u00e9cnica que protege e impermeabiliza a superf\u00edcie desgastada pela a\u00e7\u00e3o do tr\u00e1fego.<\/p>\n<p>&nbsp;<\/p>\n<p>Assessoria de Imprensa<\/p>\n","protected":false},"excerpt":{"rendered":"<p>Interven\u00e7\u00f5es est\u00e3o programadas at\u00e9 s\u00e1bado (15) A concession\u00e1ria Eixo SP mobiliza frentes de trabalho para recupera\u00e7\u00e3o do pavimento das rodovias sob sua administra\u00e7\u00e3o na regi\u00e3o, em especial na Rodovia Comandante Jo\u00e3o Ribeiro de Barros (SP-294) e Rodovia Assis Chateaubriand (SP-425). Diariamente, das 7h \u00e0s 18h \u2013 at\u00e9 o pr\u00f3ximo s\u00e1bado (15), trechos espec\u00edficos, previamente mapeados [&hellip;]<\/p>\n","protected":false},"author":3,"featured_media":25079,"comment_status":"closed","ping_status":"open","sticky":false,"template":"","format":"standard","meta":{"_acf_changed":false,"_exactmetrics_skip_tracking":false,"_exactmetrics_sitenote_active":false,"_exactmetrics_sitenote_note":"","_exactmetrics_sitenote_category":0,"footnotes":""},"categories":[24],"tags":[],"class_list":["post-25078","post","type-post","status-publish","format-standard","has-post-thumbnail","hentry","category-regiao"],"acf":[],"yoast_head":"<!-- This site is optimized with the Yoast SEO plugin v27.2 - https:\/\/yoast.com\/product\/yoast-seo-wordpress\/ -->\n<title>Concession\u00e1ria Eixo SP recupera pavimento na SP-294, trecho entre Osvaldo Cruz e Luc\u00e9lia - R\u00e1dio Life FM<\/title>\n<meta name=\"robots\" content=\"index, follow, max-snippet:-1, max-image-preview:large, max-video-preview:-1\" \/>\n<link rel=\"canonical\" href=\"https:\/\/radiolifefm.com.br\/noticias\/concessionaria-eixo-sp-recupera-pavimento-na-sp-294-trecho-entre-osvaldo-cruz-e-lucelia\/\" \/>\n<meta property=\"og:locale\" content=\"pt_BR\" \/>\n<meta property=\"og:type\" content=\"article\" \/>\n<meta property=\"og:title\" content=\"Concession\u00e1ria Eixo SP recupera pavimento na SP-294, trecho entre Osvaldo Cruz e Luc\u00e9lia - R\u00e1dio Life FM\" \/>\n<meta property=\"og:description\" content=\"Interven\u00e7\u00f5es est\u00e3o programadas at\u00e9 s\u00e1bado (15) A concession\u00e1ria Eixo SP mobiliza frentes de trabalho para recupera\u00e7\u00e3o do pavimento das rodovias sob sua administra\u00e7\u00e3o na regi\u00e3o, em especial na Rodovia Comandante Jo\u00e3o Ribeiro de Barros (SP-294) e Rodovia Assis Chateaubriand (SP-425). Diariamente, das 7h \u00e0s 18h \u2013 at\u00e9 o pr\u00f3ximo s\u00e1bado (15), trechos espec\u00edficos, previamente mapeados [&hellip;]\" \/>\n<meta property=\"og:url\" content=\"https:\/\/radiolifefm.com.br\/noticias\/concessionaria-eixo-sp-recupera-pavimento-na-sp-294-trecho-entre-osvaldo-cruz-e-lucelia\/\" \/>\n<meta property=\"og:site_name\" content=\"R\u00e1dio Life FM\" \/>\n<meta property=\"article:publisher\" content=\"https:\/\/www.facebook.com\/radiolifefm\/\" \/>\n<meta property=\"article:published_time\" content=\"2020-08-13T11:21:24+00:00\" \/>\n<meta property=\"article:modified_time\" content=\"2026-03-27T20:09:38+00:00\" \/>\n<meta property=\"og:image\" content=\"https:\/\/radiolifefm.com.br\/noticias\/wp-content\/uploads\/2020\/08\/Eixo-OC-Luc\u00e9lia.jpg\" \/>\n\t<meta property=\"og:image:width\" content=\"600\" \/>\n\t<meta property=\"og:image:height\" content=\"356\" \/>\n\t<meta property=\"og:image:type\" content=\"image\/jpeg\" \/>\n<meta name=\"author\" content=\"lifefm\" \/>\n<meta name=\"twitter:card\" content=\"summary_large_image\" \/>\n<meta name=\"twitter:label1\" content=\"Escrito por\" \/>\n\t<meta name=\"twitter:data1\" content=\"lifefm\" \/>\n\t<meta name=\"twitter:label2\" content=\"Est. tempo de leitura\" \/>\n\t<meta name=\"twitter:data2\" content=\"2 minutos\" \/>\n<script type=\"application\/ld+json\" class=\"yoast-schema-graph\">{\"@context\":\"https:\/\/schema.org\",\"@graph\":[{\"@type\":\"Article\",\"@id\":\"https:\/\/radiolifefm.com.br\/noticias\/concessionaria-eixo-sp-recupera-pavimento-na-sp-294-trecho-entre-osvaldo-cruz-e-lucelia\/#article\",\"isPartOf\":{\"@id\":\"https:\/\/radiolifefm.com.br\/noticias\/concessionaria-eixo-sp-recupera-pavimento-na-sp-294-trecho-entre-osvaldo-cruz-e-lucelia\/\"},\"author\":{\"name\":\"lifefm\",\"@id\":\"https:\/\/radiolifefm.com.br\/noticias\/#\/schema\/person\/1d4e4b1301322090c6221bf1c8420490\"},\"headline\":\"Concession\u00e1ria Eixo SP recupera pavimento na SP-294, trecho entre Osvaldo Cruz e Luc\u00e9lia\",\"datePublished\":\"2020-08-13T11:21:24+00:00\",\"dateModified\":\"2026-03-27T20:09:38+00:00\",\"mainEntityOfPage\":{\"@id\":\"https:\/\/radiolifefm.com.br\/noticias\/concessionaria-eixo-sp-recupera-pavimento-na-sp-294-trecho-entre-osvaldo-cruz-e-lucelia\/\"},\"wordCount\":335,\"publisher\":{\"@id\":\"https:\/\/radiolifefm.com.br\/noticias\/#organization\"},\"image\":{\"@id\":\"https:\/\/radiolifefm.com.br\/noticias\/concessionaria-eixo-sp-recupera-pavimento-na-sp-294-trecho-entre-osvaldo-cruz-e-lucelia\/#primaryimage\"},\"thumbnailUrl\":\"https:\/\/radiolifefm.com.br\/noticias\/wp-content\/uploads\/2020\/08\/Eixo-OC-Luc\u00e9lia.jpg\",\"articleSection\":[\"Regi\u00e3o\"],\"inLanguage\":\"pt-BR\"},{\"@type\":\"WebPage\",\"@id\":\"https:\/\/radiolifefm.com.br\/noticias\/concessionaria-eixo-sp-recupera-pavimento-na-sp-294-trecho-entre-osvaldo-cruz-e-lucelia\/\",\"url\":\"https:\/\/radiolifefm.com.br\/noticias\/concessionaria-eixo-sp-recupera-pavimento-na-sp-294-trecho-entre-osvaldo-cruz-e-lucelia\/\",\"name\":\"Concession\u00e1ria Eixo SP recupera pavimento na SP-294, trecho entre Osvaldo Cruz e Luc\u00e9lia - R\u00e1dio Life FM\",\"isPartOf\":{\"@id\":\"https:\/\/radiolifefm.com.br\/noticias\/#website\"},\"primaryImageOfPage\":{\"@id\":\"https:\/\/radiolifefm.com.br\/noticias\/concessionaria-eixo-sp-recupera-pavimento-na-sp-294-trecho-entre-osvaldo-cruz-e-lucelia\/#primaryimage\"},\"image\":{\"@id\":\"https:\/\/radiolifefm.com.br\/noticias\/concessionaria-eixo-sp-recupera-pavimento-na-sp-294-trecho-entre-osvaldo-cruz-e-lucelia\/#primaryimage\"},\"thumbnailUrl\":\"https:\/\/radiolifefm.com.br\/noticias\/wp-content\/uploads\/2020\/08\/Eixo-OC-Luc\u00e9lia.jpg\",\"datePublished\":\"2020-08-13T11:21:24+00:00\",\"dateModified\":\"2026-03-27T20:09:38+00:00\",\"breadcrumb\":{\"@id\":\"https:\/\/radiolifefm.com.br\/noticias\/concessionaria-eixo-sp-recupera-pavimento-na-sp-294-trecho-entre-osvaldo-cruz-e-lucelia\/#breadcrumb\"},\"inLanguage\":\"pt-BR\",\"potentialAction\":[{\"@type\":\"ReadAction\",\"target\":[\"https:\/\/radiolifefm.com.br\/noticias\/concessionaria-eixo-sp-recupera-pavimento-na-sp-294-trecho-entre-osvaldo-cruz-e-lucelia\/\"]}]},{\"@type\":\"ImageObject\",\"inLanguage\":\"pt-BR\",\"@id\":\"https:\/\/radiolifefm.com.br\/noticias\/concessionaria-eixo-sp-recupera-pavimento-na-sp-294-trecho-entre-osvaldo-cruz-e-lucelia\/#primaryimage\",\"url\":\"https:\/\/radiolifefm.com.br\/noticias\/wp-content\/uploads\/2020\/08\/Eixo-OC-Luc\u00e9lia.jpg\",\"contentUrl\":\"https:\/\/radiolifefm.com.br\/noticias\/wp-content\/uploads\/2020\/08\/Eixo-OC-Luc\u00e9lia.jpg\",\"width\":600,\"height\":356},{\"@type\":\"BreadcrumbList\",\"@id\":\"https:\/\/radiolifefm.com.br\/noticias\/concessionaria-eixo-sp-recupera-pavimento-na-sp-294-trecho-entre-osvaldo-cruz-e-lucelia\/#breadcrumb\",\"itemListElement\":[{\"@type\":\"ListItem\",\"position\":1,\"name\":\"In\u00edcio\",\"item\":\"https:\/\/radiolifefm.com.br\/noticias\/\"},{\"@type\":\"ListItem\",\"position\":2,\"name\":\"Concession\u00e1ria Eixo SP recupera pavimento na SP-294, trecho entre Osvaldo Cruz e Luc\u00e9lia\"}]},{\"@type\":\"WebSite\",\"@id\":\"https:\/\/radiolifefm.com.br\/noticias\/#website\",\"url\":\"https:\/\/radiolifefm.com.br\/noticias\/\",\"name\":\"R\u00e1dio Life FM\",\"description\":\"O Portal de Not\u00edcias de Adamantina\",\"publisher\":{\"@id\":\"https:\/\/radiolifefm.com.br\/noticias\/#organization\"},\"alternateName\":\"Life FM\",\"potentialAction\":[{\"@type\":\"SearchAction\",\"target\":{\"@type\":\"EntryPoint\",\"urlTemplate\":\"https:\/\/radiolifefm.com.br\/noticias\/?s={search_term_string}\"},\"query-input\":{\"@type\":\"PropertyValueSpecification\",\"valueRequired\":true,\"valueName\":\"search_term_string\"}}],\"inLanguage\":\"pt-BR\"},{\"@type\":\"Organization\",\"@id\":\"https:\/\/radiolifefm.com.br\/noticias\/#organization\",\"name\":\"R\u00e1dio Life FM\",\"alternateName\":\"Life FM\",\"url\":\"https:\/\/radiolifefm.com.br\/noticias\/\",\"logo\":{\"@type\":\"ImageObject\",\"inLanguage\":\"pt-BR\",\"@id\":\"https:\/\/radiolifefm.com.br\/noticias\/#\/schema\/logo\/image\/\",\"url\":\"https:\/\/static.radiolifefm.com.br\/noticias\/wp-content\/uploads\/2019\/10\/logo-lifefm.png\",\"contentUrl\":\"https:\/\/static.radiolifefm.com.br\/noticias\/wp-content\/uploads\/2019\/10\/logo-lifefm.png\",\"width\":196,\"height\":47,\"caption\":\"R\u00e1dio Life FM\"},\"image\":{\"@id\":\"https:\/\/radiolifefm.com.br\/noticias\/#\/schema\/logo\/image\/\"},\"sameAs\":[\"https:\/\/www.facebook.com\/radiolifefm\/\",\"https:\/\/www.instagram.com\/life1079fm\/\"]},{\"@type\":\"Person\",\"@id\":\"https:\/\/radiolifefm.com.br\/noticias\/#\/schema\/person\/1d4e4b1301322090c6221bf1c8420490\",\"name\":\"lifefm\",\"image\":{\"@type\":\"ImageObject\",\"inLanguage\":\"pt-BR\",\"@id\":\"https:\/\/secure.gravatar.com\/avatar\/eca268467d925ec97d20641bb054fd944c0abb2f92854171620706bbe6474e7c?s=96&d=mm&r=g\",\"url\":\"https:\/\/secure.gravatar.com\/avatar\/eca268467d925ec97d20641bb054fd944c0abb2f92854171620706bbe6474e7c?s=96&d=mm&r=g\",\"contentUrl\":\"https:\/\/secure.gravatar.com\/avatar\/eca268467d925ec97d20641bb054fd944c0abb2f92854171620706bbe6474e7c?s=96&d=mm&r=g\",\"caption\":\"lifefm\"}}]}<\/script>\n<!-- \/ Yoast SEO plugin. -->","yoast_head_json":{"title":"Concession\u00e1ria Eixo SP recupera pavimento na SP-294, trecho entre Osvaldo Cruz e Luc\u00e9lia - R\u00e1dio Life FM","robots":{"index":"index","follow":"follow","max-snippet":"max-snippet:-1","max-image-preview":"max-image-preview:large","max-video-preview":"max-video-preview:-1"},"canonical":"https:\/\/radiolifefm.com.br\/noticias\/concessionaria-eixo-sp-recupera-pavimento-na-sp-294-trecho-entre-osvaldo-cruz-e-lucelia\/","og_locale":"pt_BR","og_type":"article","og_title":"Concession\u00e1ria Eixo SP recupera pavimento na SP-294, trecho entre Osvaldo Cruz e Luc\u00e9lia - R\u00e1dio Life FM","og_description":"Interven\u00e7\u00f5es est\u00e3o programadas at\u00e9 s\u00e1bado (15) A concession\u00e1ria Eixo SP mobiliza frentes de trabalho para recupera\u00e7\u00e3o do pavimento das rodovias sob sua administra\u00e7\u00e3o na regi\u00e3o, em especial na Rodovia Comandante Jo\u00e3o Ribeiro de Barros (SP-294) e Rodovia Assis Chateaubriand (SP-425). Diariamente, das 7h \u00e0s 18h \u2013 at\u00e9 o pr\u00f3ximo s\u00e1bado (15), trechos espec\u00edficos, previamente mapeados [&hellip;]","og_url":"https:\/\/radiolifefm.com.br\/noticias\/concessionaria-eixo-sp-recupera-pavimento-na-sp-294-trecho-entre-osvaldo-cruz-e-lucelia\/","og_site_name":"R\u00e1dio Life FM","article_publisher":"https:\/\/www.facebook.com\/radiolifefm\/","article_published_time":"2020-08-13T11:21:24+00:00","article_modified_time":"2026-03-27T20:09:38+00:00","og_image":[{"width":600,"height":356,"url":"https:\/\/radiolifefm.com.br\/noticias\/wp-content\/uploads\/2020\/08\/Eixo-OC-Luc\u00e9lia.jpg","type":"image\/jpeg"}],"author":"lifefm","twitter_card":"summary_large_image","twitter_misc":{"Escrito por":"lifefm","Est. tempo de leitura":"2 minutos"},"schema":{"@context":"https:\/\/schema.org","@graph":[{"@type":"Article","@id":"https:\/\/radiolifefm.com.br\/noticias\/concessionaria-eixo-sp-recupera-pavimento-na-sp-294-trecho-entre-osvaldo-cruz-e-lucelia\/#article","isPartOf":{"@id":"https:\/\/radiolifefm.com.br\/noticias\/concessionaria-eixo-sp-recupera-pavimento-na-sp-294-trecho-entre-osvaldo-cruz-e-lucelia\/"},"author":{"name":"lifefm","@id":"https:\/\/radiolifefm.com.br\/noticias\/#\/schema\/person\/1d4e4b1301322090c6221bf1c8420490"},"headline":"Concession\u00e1ria Eixo SP recupera pavimento na SP-294, trecho entre Osvaldo Cruz e Luc\u00e9lia","datePublished":"2020-08-13T11:21:24+00:00","dateModified":"2026-03-27T20:09:38+00:00","mainEntityOfPage":{"@id":"https:\/\/radiolifefm.com.br\/noticias\/concessionaria-eixo-sp-recupera-pavimento-na-sp-294-trecho-entre-osvaldo-cruz-e-lucelia\/"},"wordCount":335,"publisher":{"@id":"https:\/\/radiolifefm.com.br\/noticias\/#organization"},"image":{"@id":"https:\/\/radiolifefm.com.br\/noticias\/concessionaria-eixo-sp-recupera-pavimento-na-sp-294-trecho-entre-osvaldo-cruz-e-lucelia\/#primaryimage"},"thumbnailUrl":"https:\/\/radiolifefm.com.br\/noticias\/wp-content\/uploads\/2020\/08\/Eixo-OC-Luc\u00e9lia.jpg","articleSection":["Regi\u00e3o"],"inLanguage":"pt-BR"},{"@type":"WebPage","@id":"https:\/\/radiolifefm.com.br\/noticias\/concessionaria-eixo-sp-recupera-pavimento-na-sp-294-trecho-entre-osvaldo-cruz-e-lucelia\/","url":"https:\/\/radiolifefm.com.br\/noticias\/concessionaria-eixo-sp-recupera-pavimento-na-sp-294-trecho-entre-osvaldo-cruz-e-lucelia\/","name":"Concession\u00e1ria Eixo SP recupera pavimento na SP-294, trecho entre Osvaldo Cruz e Luc\u00e9lia - R\u00e1dio Life FM","isPartOf":{"@id":"https:\/\/radiolifefm.com.br\/noticias\/#website"},"primaryImageOfPage":{"@id":"https:\/\/radiolifefm.com.br\/noticias\/concessionaria-eixo-sp-recupera-pavimento-na-sp-294-trecho-entre-osvaldo-cruz-e-lucelia\/#primaryimage"},"image":{"@id":"https:\/\/radiolifefm.com.br\/noticias\/concessionaria-eixo-sp-recupera-pavimento-na-sp-294-trecho-entre-osvaldo-cruz-e-lucelia\/#primaryimage"},"thumbnailUrl":"https:\/\/radiolifefm.com.br\/noticias\/wp-content\/uploads\/2020\/08\/Eixo-OC-Luc\u00e9lia.jpg","datePublished":"2020-08-13T11:21:24+00:00","dateModified":"2026-03-27T20:09:38+00:00","breadcrumb":{"@id":"https:\/\/radiolifefm.com.br\/noticias\/concessionaria-eixo-sp-recupera-pavimento-na-sp-294-trecho-entre-osvaldo-cruz-e-lucelia\/#breadcrumb"},"inLanguage":"pt-BR","potentialAction":[{"@type":"ReadAction","target":["https:\/\/radiolifefm.com.br\/noticias\/concessionaria-eixo-sp-recupera-pavimento-na-sp-294-trecho-entre-osvaldo-cruz-e-lucelia\/"]}]},{"@type":"ImageObject","inLanguage":"pt-BR","@id":"https:\/\/radiolifefm.com.br\/noticias\/concessionaria-eixo-sp-recupera-pavimento-na-sp-294-trecho-entre-osvaldo-cruz-e-lucelia\/#primaryimage","url":"https:\/\/radiolifefm.com.br\/noticias\/wp-content\/uploads\/2020\/08\/Eixo-OC-Luc\u00e9lia.jpg","contentUrl":"https:\/\/radiolifefm.com.br\/noticias\/wp-content\/uploads\/2020\/08\/Eixo-OC-Luc\u00e9lia.jpg","width":600,"height":356},{"@type":"BreadcrumbList","@id":"https:\/\/radiolifefm.com.br\/noticias\/concessionaria-eixo-sp-recupera-pavimento-na-sp-294-trecho-entre-osvaldo-cruz-e-lucelia\/#breadcrumb","itemListElement":[{"@type":"ListItem","position":1,"name":"In\u00edcio","item":"https:\/\/radiolifefm.com.br\/noticias\/"},{"@type":"ListItem","position":2,"name":"Concession\u00e1ria Eixo SP recupera pavimento na SP-294, trecho entre Osvaldo Cruz e Luc\u00e9lia"}]},{"@type":"WebSite","@id":"https:\/\/radiolifefm.com.br\/noticias\/#website","url":"https:\/\/radiolifefm.com.br\/noticias\/","name":"R\u00e1dio Life FM","description":"O Portal de Not\u00edcias de Adamantina","publisher":{"@id":"https:\/\/radiolifefm.com.br\/noticias\/#organization"},"alternateName":"Life FM","potentialAction":[{"@type":"SearchAction","target":{"@type":"EntryPoint","urlTemplate":"https:\/\/radiolifefm.com.br\/noticias\/?s={search_term_string}"},"query-input":{"@type":"PropertyValueSpecification","valueRequired":true,"valueName":"search_term_string"}}],"inLanguage":"pt-BR"},{"@type":"Organization","@id":"https:\/\/radiolifefm.com.br\/noticias\/#organization","name":"R\u00e1dio Life FM","alternateName":"Life FM","url":"https:\/\/radiolifefm.com.br\/noticias\/","logo":{"@type":"ImageObject","inLanguage":"pt-BR","@id":"https:\/\/radiolifefm.com.br\/noticias\/#\/schema\/logo\/image\/","url":"https:\/\/static.radiolifefm.com.br\/noticias\/wp-content\/uploads\/2019\/10\/logo-lifefm.png","contentUrl":"https:\/\/static.radiolifefm.com.br\/noticias\/wp-content\/uploads\/2019\/10\/logo-lifefm.png","width":196,"height":47,"caption":"R\u00e1dio Life FM"},"image":{"@id":"https:\/\/radiolifefm.com.br\/noticias\/#\/schema\/logo\/image\/"},"sameAs":["https:\/\/www.facebook.com\/radiolifefm\/","https:\/\/www.instagram.com\/life1079fm\/"]},{"@type":"Person","@id":"https:\/\/radiolifefm.com.br\/noticias\/#\/schema\/person\/1d4e4b1301322090c6221bf1c8420490","name":"lifefm","image":{"@type":"ImageObject","inLanguage":"pt-BR","@id":"https:\/\/secure.gravatar.com\/avatar\/eca268467d925ec97d20641bb054fd944c0abb2f92854171620706bbe6474e7c?s=96&d=mm&r=g","url":"https:\/\/secure.gravatar.com\/avatar\/eca268467d925ec97d20641bb054fd944c0abb2f92854171620706bbe6474e7c?s=96&d=mm&r=g","contentUrl":"https:\/\/secure.gravatar.com\/avatar\/eca268467d925ec97d20641bb054fd944c0abb2f92854171620706bbe6474e7c?s=96&d=mm&r=g","caption":"lifefm"}}]}},"amp_enabled":true,"_links":{"self":[{"href":"https:\/\/radiolifefm.com.br\/noticias\/wp-json\/wp\/v2\/posts\/25078","targetHints":{"allow":["GET"]}}],"collection":[{"href":"https:\/\/radiolifefm.com.br\/noticias\/wp-json\/wp\/v2\/posts"}],"about":[{"href":"https:\/\/radiolifefm.com.br\/noticias\/wp-json\/wp\/v2\/types\/post"}],"author":[{"embeddable":true,"href":"https:\/\/radiolifefm.com.br\/noticias\/wp-json\/wp\/v2\/users\/3"}],"replies":[{"embeddable":true,"href":"https:\/\/radiolifefm.com.br\/noticias\/wp-json\/wp\/v2\/comments?post=25078"}],"version-history":[{"count":1,"href":"https:\/\/radiolifefm.com.br\/noticias\/wp-json\/wp\/v2\/posts\/25078\/revisions"}],"predecessor-version":[{"id":25080,"href":"https:\/\/radiolifefm.com.br\/noticias\/wp-json\/wp\/v2\/posts\/25078\/revisions\/25080"}],"wp:featuredmedia":[{"embeddable":true,"href":"https:\/\/radiolifefm.com.br\/noticias\/wp-json\/wp\/v2\/media\/25079"}],"wp:attachment":[{"href":"https:\/\/radiolifefm.com.br\/noticias\/wp-json\/wp\/v2\/media?parent=25078"}],"wp:term":[{"taxonomy":"category","embeddable":true,"href":"https:\/\/radiolifefm.com.br\/noticias\/wp-json\/wp\/v2\/categories?post=25078"},{"taxonomy":"post_tag","embeddable":true,"href":"https:\/\/radiolifefm.com.br\/noticias\/wp-json\/wp\/v2\/tags?post=25078"}],"curies":[{"name":"wp","href":"https:\/\/api.w.org\/{rel}","templated":true}]}}