{"id":24992,"date":"2020-08-10T08:00:33","date_gmt":"2020-08-10T11:00:33","guid":{"rendered":"https:\/\/radiolifefm.com.br\/noticias\/?p=24992"},"modified":"2026-03-26T22:42:55","modified_gmt":"2026-03-27T01:42:55","slug":"pandemia-em-nivel-regiocal-sergio-barbosa-opiniao","status":"publish","type":"post","link":"https:\/\/radiolifefm.com.br\/noticias\/pandemia-em-nivel-regiocal-sergio-barbosa-opiniao\/","title":{"rendered":"PANDEMIA EM N\u00cdVEL REGIOCAL&#8230;   &#8211;  S\u00e9rgio Barbosa  &#8211;  Opini\u00e3o"},"content":{"rendered":"<div id=\"fb-root\"><\/div>\n<p><em><strong>PANDEMIA EM N\u00cdVEL REGIOCAL&#8230;<\/strong><\/em><\/p>\n<p><em>\u201cDeixe as suas esperan\u00e7as, e n\u00e3o as suas dores, moldarem o seu futuro.\u201d (Robert H. Schiller)<\/em><\/p>\n<p><em>S\u00e9rgio Barbosa (*)<\/em><\/p>\n<p>Pode-se afirmar que daqui pra frente ocorram muitos desencontros nos quatro cantos deste PA\u00cdS DO FAZ DE CONTA por causa disto ou daquilo, por\u00e9m, todos\/as est\u00e3o comprometidos com a mesma CAUSA, ou seja, seguir as recomenda\u00e7\u00f5es m\u00e9dicas quanto ao COVID-19 em tempo de p\u00f3s-globaliza\u00e7\u00e3o da PANDEMIA&#8230;<\/p>\n<p>Talvez apare\u00e7a uma VACINA at\u00e9 o final deste ano, entretanto, o cen\u00e1rio continua o mesmo nestes \u00faltimos meses em n\u00edvel mundial, portanto, TODO CUIDADO \u00c9 POUCO neste contexto plural para a sociedade&#8230;<\/p>\n<p>Todas as preocupa\u00e7\u00f5es quanto ao CORONAV\u00cdRUS s\u00e3o necess\u00e1rias para que a PREVEN\u00c7\u00c3O possa fazer a diferen\u00e7a em todas as \u00e1reas do MERCADO, bem como, na EDUCA\u00c7\u00c3O e atividades afins da comunidade em n\u00edvel REGIONAL, a saber, do REGIONCAL para o LOCAL&#8230;<\/p>\n<p>De acordo com os\/as Especialistas que atuam e buscam resultados efetivos quanto ao problema em pauta, atestam que o MUNDO dever\u00e1 seguir outros rumos depois deste processo mediado pela PANDEMIA&#8230;<\/p>\n<p>Desta forma, a comunidade local deve continuar com os mesmos CUIDADOS de sempre, tamb\u00e9m, procurar de todas as formas darem apoio \u00e0s iniciativas das autoridades especializadas na \u00e1rea da SA\u00daDE e tudo mais em meio ao tudo de menos nestes ocasos do COVID-19&#8230;<\/p>\n<p>Tamb\u00e9m, n\u00e3o se pode esquecer que as ditas AUTORIDADES constitu\u00eddas nas \u00e1reas do EXECUTIVO, LEGISLATIVO E JUDICI\u00c1RIO, continuam com suas preocupa\u00e7\u00f5es e determina\u00e7\u00f5es de acordo com os interesses pautados pelo MERCADO GLOCAL&#8230;<\/p>\n<p>Entretanto, existem diversas PREOCUPA\u00c7\u00d5ES que envolvem aspectos SOCIAIS neste cen\u00e1rio de PANDEMIA, tendo em vista as dificuldades de sobreviv\u00eancias das denominadas MINORIAS e ponto quase final&#8230;<\/p>\n<p>O COMPROMISSO deve estar acima dos interesses espec\u00edficos desta ou daquela \u00e1rea, tendo em vista que a SOBREVIV\u00caNCIA da SOCIEDADE est\u00e1 ref\u00e9m deste cen\u00e1rio complicado para a maioria da popula\u00e7\u00e3o&#8230;<\/p>\n<p>Por\u00e9m, como sempre, QUEM SOBREVIVER VAI SABER e tudo pode ficar na mesma de sempre, pelo menos neste PA\u00cdS DO FAZ DE CONTA, bem como, nesta PROV\u00cdNCIA que continua na mesmice de sempre nas suas eternas contradi\u00e7\u00f5es sobre tudo e todos\/as&#8230;<\/p>\n<p>QUEM SOBREVIVER&#8230;<\/p>\n<div class='flex flex-wrap items-center -mx-1'>\r\n<a class='thumbnail gallery p-1 w-1\/2 md:w-1\/4' href='https:\/\/radiolifefm.com.br\/noticias\/wp-content\/uploads\/2020\/08\/Sebar-3-scaled.jpg'><img class='border border-white' src='https:\/\/radiolifefm.com.br\/noticias\/wp-content\/uploads\/2020\/08\/Sebar-3-200x200.jpg' alt='Sebar' \/><\/a><a class='thumbnail gallery p-1 w-1\/2 md:w-1\/4' href='https:\/\/radiolifefm.com.br\/noticias\/wp-content\/uploads\/2020\/08\/Sebar-1-1-scaled.jpg'><img class='border border-white' src='https:\/\/radiolifefm.com.br\/noticias\/wp-content\/uploads\/2020\/08\/Sebar-1-1-200x200.jpg' alt='Sebar   1' \/><\/a><a class='thumbnail gallery p-1 w-1\/2 md:w-1\/4' href='https:\/\/radiolifefm.com.br\/noticias\/wp-content\/uploads\/2020\/08\/Sebar-2-1.jpg'><img class='border border-white' src='https:\/\/radiolifefm.com.br\/noticias\/wp-content\/uploads\/2020\/08\/Sebar-2-1-200x200.jpg' alt='Sebar   2' \/><\/a><\/div>\n<p>_________________________<br \/>\n(*) jornalista diplomado e professor universit\u00e1rio.<\/p>\n","protected":false},"excerpt":{"rendered":"<p>PANDEMIA EM N\u00cdVEL REGIOCAL&#8230; \u201cDeixe as suas esperan\u00e7as, e n\u00e3o as suas dores, moldarem o seu futuro.\u201d (Robert H. Schiller) S\u00e9rgio Barbosa (*) Pode-se afirmar que daqui pra frente ocorram muitos desencontros nos quatro cantos deste PA\u00cdS DO FAZ DE CONTA por causa disto ou daquilo, por\u00e9m, todos\/as est\u00e3o comprometidos com a mesma CAUSA, ou [&hellip;]<\/p>\n","protected":false},"author":3,"featured_media":24993,"comment_status":"closed","ping_status":"open","sticky":false,"template":"","format":"standard","meta":{"_acf_changed":false,"_exactmetrics_skip_tracking":false,"_exactmetrics_sitenote_active":false,"_exactmetrics_sitenote_note":"","_exactmetrics_sitenote_category":0,"footnotes":""},"categories":[59],"tags":[],"class_list":["post-24992","post","type-post","status-publish","format-standard","has-post-thumbnail","hentry","category-opiniao"],"acf":[],"yoast_head":"<!-- This site is optimized with the Yoast SEO plugin v27.2 - https:\/\/yoast.com\/product\/yoast-seo-wordpress\/ -->\n<title>PANDEMIA EM N\u00cdVEL REGIOCAL...  - S\u00e9rgio Barbosa - Opini\u00e3o - R\u00e1dio Life FM<\/title>\n<meta name=\"robots\" content=\"index, follow, max-snippet:-1, max-image-preview:large, max-video-preview:-1\" \/>\n<link rel=\"canonical\" href=\"https:\/\/radiolifefm.com.br\/noticias\/pandemia-em-nivel-regiocal-sergio-barbosa-opiniao\/\" \/>\n<meta property=\"og:locale\" content=\"pt_BR\" \/>\n<meta property=\"og:type\" content=\"article\" \/>\n<meta property=\"og:title\" content=\"PANDEMIA EM N\u00cdVEL REGIOCAL...  - S\u00e9rgio Barbosa - Opini\u00e3o - R\u00e1dio Life FM\" \/>\n<meta property=\"og:description\" content=\"PANDEMIA EM N\u00cdVEL REGIOCAL&#8230; \u201cDeixe as suas esperan\u00e7as, e n\u00e3o as suas dores, moldarem o seu futuro.\u201d (Robert H. Schiller) S\u00e9rgio Barbosa (*) Pode-se afirmar que daqui pra frente ocorram muitos desencontros nos quatro cantos deste PA\u00cdS DO FAZ DE CONTA por causa disto ou daquilo, por\u00e9m, todos\/as est\u00e3o comprometidos com a mesma CAUSA, ou [&hellip;]\" \/>\n<meta property=\"og:url\" content=\"https:\/\/radiolifefm.com.br\/noticias\/pandemia-em-nivel-regiocal-sergio-barbosa-opiniao\/\" \/>\n<meta property=\"og:site_name\" content=\"R\u00e1dio Life FM\" \/>\n<meta property=\"article:publisher\" content=\"https:\/\/www.facebook.com\/radiolifefm\/\" \/>\n<meta property=\"article:published_time\" content=\"2020-08-10T11:00:33+00:00\" \/>\n<meta property=\"article:modified_time\" content=\"2026-03-27T01:42:55+00:00\" \/>\n<meta property=\"og:image\" content=\"https:\/\/radiolifefm.com.br\/noticias\/wp-content\/uploads\/2020\/08\/Sebar-3-scaled.jpg\" \/>\n\t<meta property=\"og:image:width\" content=\"2560\" \/>\n\t<meta property=\"og:image:height\" content=\"1920\" \/>\n\t<meta property=\"og:image:type\" content=\"image\/jpeg\" \/>\n<meta name=\"author\" content=\"lifefm\" \/>\n<meta name=\"twitter:card\" content=\"summary_large_image\" \/>\n<meta name=\"twitter:label1\" content=\"Escrito por\" \/>\n\t<meta name=\"twitter:data1\" content=\"lifefm\" \/>\n\t<meta name=\"twitter:label2\" content=\"Est. tempo de leitura\" \/>\n\t<meta name=\"twitter:data2\" content=\"2 minutos\" \/>\n<script type=\"application\/ld+json\" class=\"yoast-schema-graph\">{\"@context\":\"https:\/\/schema.org\",\"@graph\":[{\"@type\":\"Article\",\"@id\":\"https:\/\/radiolifefm.com.br\/noticias\/pandemia-em-nivel-regiocal-sergio-barbosa-opiniao\/#article\",\"isPartOf\":{\"@id\":\"https:\/\/radiolifefm.com.br\/noticias\/pandemia-em-nivel-regiocal-sergio-barbosa-opiniao\/\"},\"author\":{\"name\":\"lifefm\",\"@id\":\"https:\/\/radiolifefm.com.br\/noticias\/#\/schema\/person\/1d4e4b1301322090c6221bf1c8420490\"},\"headline\":\"PANDEMIA EM N\u00cdVEL REGIOCAL&#8230; &#8211; S\u00e9rgio Barbosa &#8211; Opini\u00e3o\",\"datePublished\":\"2020-08-10T11:00:33+00:00\",\"dateModified\":\"2026-03-27T01:42:55+00:00\",\"mainEntityOfPage\":{\"@id\":\"https:\/\/radiolifefm.com.br\/noticias\/pandemia-em-nivel-regiocal-sergio-barbosa-opiniao\/\"},\"wordCount\":409,\"publisher\":{\"@id\":\"https:\/\/radiolifefm.com.br\/noticias\/#organization\"},\"image\":{\"@id\":\"https:\/\/radiolifefm.com.br\/noticias\/pandemia-em-nivel-regiocal-sergio-barbosa-opiniao\/#primaryimage\"},\"thumbnailUrl\":\"https:\/\/radiolifefm.com.br\/noticias\/wp-content\/uploads\/2020\/08\/Sebar-3-scaled.jpg\",\"articleSection\":[\"Opini\u00e3o\"],\"inLanguage\":\"pt-BR\"},{\"@type\":\"WebPage\",\"@id\":\"https:\/\/radiolifefm.com.br\/noticias\/pandemia-em-nivel-regiocal-sergio-barbosa-opiniao\/\",\"url\":\"https:\/\/radiolifefm.com.br\/noticias\/pandemia-em-nivel-regiocal-sergio-barbosa-opiniao\/\",\"name\":\"PANDEMIA EM N\u00cdVEL REGIOCAL... - S\u00e9rgio Barbosa - Opini\u00e3o - R\u00e1dio Life FM\",\"isPartOf\":{\"@id\":\"https:\/\/radiolifefm.com.br\/noticias\/#website\"},\"primaryImageOfPage\":{\"@id\":\"https:\/\/radiolifefm.com.br\/noticias\/pandemia-em-nivel-regiocal-sergio-barbosa-opiniao\/#primaryimage\"},\"image\":{\"@id\":\"https:\/\/radiolifefm.com.br\/noticias\/pandemia-em-nivel-regiocal-sergio-barbosa-opiniao\/#primaryimage\"},\"thumbnailUrl\":\"https:\/\/radiolifefm.com.br\/noticias\/wp-content\/uploads\/2020\/08\/Sebar-3-scaled.jpg\",\"datePublished\":\"2020-08-10T11:00:33+00:00\",\"dateModified\":\"2026-03-27T01:42:55+00:00\",\"breadcrumb\":{\"@id\":\"https:\/\/radiolifefm.com.br\/noticias\/pandemia-em-nivel-regiocal-sergio-barbosa-opiniao\/#breadcrumb\"},\"inLanguage\":\"pt-BR\",\"potentialAction\":[{\"@type\":\"ReadAction\",\"target\":[\"https:\/\/radiolifefm.com.br\/noticias\/pandemia-em-nivel-regiocal-sergio-barbosa-opiniao\/\"]}]},{\"@type\":\"ImageObject\",\"inLanguage\":\"pt-BR\",\"@id\":\"https:\/\/radiolifefm.com.br\/noticias\/pandemia-em-nivel-regiocal-sergio-barbosa-opiniao\/#primaryimage\",\"url\":\"https:\/\/radiolifefm.com.br\/noticias\/wp-content\/uploads\/2020\/08\/Sebar-3-scaled.jpg\",\"contentUrl\":\"https:\/\/radiolifefm.com.br\/noticias\/wp-content\/uploads\/2020\/08\/Sebar-3-scaled.jpg\",\"width\":2560,\"height\":1920},{\"@type\":\"BreadcrumbList\",\"@id\":\"https:\/\/radiolifefm.com.br\/noticias\/pandemia-em-nivel-regiocal-sergio-barbosa-opiniao\/#breadcrumb\",\"itemListElement\":[{\"@type\":\"ListItem\",\"position\":1,\"name\":\"In\u00edcio\",\"item\":\"https:\/\/radiolifefm.com.br\/noticias\/\"},{\"@type\":\"ListItem\",\"position\":2,\"name\":\"PANDEMIA EM N\u00cdVEL REGIOCAL&#8230; &#8211; S\u00e9rgio Barbosa &#8211; Opini\u00e3o\"}]},{\"@type\":\"WebSite\",\"@id\":\"https:\/\/radiolifefm.com.br\/noticias\/#website\",\"url\":\"https:\/\/radiolifefm.com.br\/noticias\/\",\"name\":\"R\u00e1dio Life FM\",\"description\":\"O Portal de Not\u00edcias de Adamantina\",\"publisher\":{\"@id\":\"https:\/\/radiolifefm.com.br\/noticias\/#organization\"},\"alternateName\":\"Life FM\",\"potentialAction\":[{\"@type\":\"SearchAction\",\"target\":{\"@type\":\"EntryPoint\",\"urlTemplate\":\"https:\/\/radiolifefm.com.br\/noticias\/?s={search_term_string}\"},\"query-input\":{\"@type\":\"PropertyValueSpecification\",\"valueRequired\":true,\"valueName\":\"search_term_string\"}}],\"inLanguage\":\"pt-BR\"},{\"@type\":\"Organization\",\"@id\":\"https:\/\/radiolifefm.com.br\/noticias\/#organization\",\"name\":\"R\u00e1dio Life FM\",\"alternateName\":\"Life FM\",\"url\":\"https:\/\/radiolifefm.com.br\/noticias\/\",\"logo\":{\"@type\":\"ImageObject\",\"inLanguage\":\"pt-BR\",\"@id\":\"https:\/\/radiolifefm.com.br\/noticias\/#\/schema\/logo\/image\/\",\"url\":\"https:\/\/static.radiolifefm.com.br\/noticias\/wp-content\/uploads\/2019\/10\/logo-lifefm.png\",\"contentUrl\":\"https:\/\/static.radiolifefm.com.br\/noticias\/wp-content\/uploads\/2019\/10\/logo-lifefm.png\",\"width\":196,\"height\":47,\"caption\":\"R\u00e1dio Life FM\"},\"image\":{\"@id\":\"https:\/\/radiolifefm.com.br\/noticias\/#\/schema\/logo\/image\/\"},\"sameAs\":[\"https:\/\/www.facebook.com\/radiolifefm\/\",\"https:\/\/www.instagram.com\/life1079fm\/\"]},{\"@type\":\"Person\",\"@id\":\"https:\/\/radiolifefm.com.br\/noticias\/#\/schema\/person\/1d4e4b1301322090c6221bf1c8420490\",\"name\":\"lifefm\",\"image\":{\"@type\":\"ImageObject\",\"inLanguage\":\"pt-BR\",\"@id\":\"https:\/\/secure.gravatar.com\/avatar\/eca268467d925ec97d20641bb054fd944c0abb2f92854171620706bbe6474e7c?s=96&d=mm&r=g\",\"url\":\"https:\/\/secure.gravatar.com\/avatar\/eca268467d925ec97d20641bb054fd944c0abb2f92854171620706bbe6474e7c?s=96&d=mm&r=g\",\"contentUrl\":\"https:\/\/secure.gravatar.com\/avatar\/eca268467d925ec97d20641bb054fd944c0abb2f92854171620706bbe6474e7c?s=96&d=mm&r=g\",\"caption\":\"lifefm\"}}]}<\/script>\n<!-- \/ Yoast SEO plugin. -->","yoast_head_json":{"title":"PANDEMIA EM N\u00cdVEL REGIOCAL...  - S\u00e9rgio Barbosa - Opini\u00e3o - R\u00e1dio Life FM","robots":{"index":"index","follow":"follow","max-snippet":"max-snippet:-1","max-image-preview":"max-image-preview:large","max-video-preview":"max-video-preview:-1"},"canonical":"https:\/\/radiolifefm.com.br\/noticias\/pandemia-em-nivel-regiocal-sergio-barbosa-opiniao\/","og_locale":"pt_BR","og_type":"article","og_title":"PANDEMIA EM N\u00cdVEL REGIOCAL...  - S\u00e9rgio Barbosa - Opini\u00e3o - R\u00e1dio Life FM","og_description":"PANDEMIA EM N\u00cdVEL REGIOCAL&#8230; \u201cDeixe as suas esperan\u00e7as, e n\u00e3o as suas dores, moldarem o seu futuro.\u201d (Robert H. Schiller) S\u00e9rgio Barbosa (*) Pode-se afirmar que daqui pra frente ocorram muitos desencontros nos quatro cantos deste PA\u00cdS DO FAZ DE CONTA por causa disto ou daquilo, por\u00e9m, todos\/as est\u00e3o comprometidos com a mesma CAUSA, ou [&hellip;]","og_url":"https:\/\/radiolifefm.com.br\/noticias\/pandemia-em-nivel-regiocal-sergio-barbosa-opiniao\/","og_site_name":"R\u00e1dio Life FM","article_publisher":"https:\/\/www.facebook.com\/radiolifefm\/","article_published_time":"2020-08-10T11:00:33+00:00","article_modified_time":"2026-03-27T01:42:55+00:00","og_image":[{"width":2560,"height":1920,"url":"https:\/\/radiolifefm.com.br\/noticias\/wp-content\/uploads\/2020\/08\/Sebar-3-scaled.jpg","type":"image\/jpeg"}],"author":"lifefm","twitter_card":"summary_large_image","twitter_misc":{"Escrito por":"lifefm","Est. tempo de leitura":"2 minutos"},"schema":{"@context":"https:\/\/schema.org","@graph":[{"@type":"Article","@id":"https:\/\/radiolifefm.com.br\/noticias\/pandemia-em-nivel-regiocal-sergio-barbosa-opiniao\/#article","isPartOf":{"@id":"https:\/\/radiolifefm.com.br\/noticias\/pandemia-em-nivel-regiocal-sergio-barbosa-opiniao\/"},"author":{"name":"lifefm","@id":"https:\/\/radiolifefm.com.br\/noticias\/#\/schema\/person\/1d4e4b1301322090c6221bf1c8420490"},"headline":"PANDEMIA EM N\u00cdVEL REGIOCAL&#8230; &#8211; S\u00e9rgio Barbosa &#8211; Opini\u00e3o","datePublished":"2020-08-10T11:00:33+00:00","dateModified":"2026-03-27T01:42:55+00:00","mainEntityOfPage":{"@id":"https:\/\/radiolifefm.com.br\/noticias\/pandemia-em-nivel-regiocal-sergio-barbosa-opiniao\/"},"wordCount":409,"publisher":{"@id":"https:\/\/radiolifefm.com.br\/noticias\/#organization"},"image":{"@id":"https:\/\/radiolifefm.com.br\/noticias\/pandemia-em-nivel-regiocal-sergio-barbosa-opiniao\/#primaryimage"},"thumbnailUrl":"https:\/\/radiolifefm.com.br\/noticias\/wp-content\/uploads\/2020\/08\/Sebar-3-scaled.jpg","articleSection":["Opini\u00e3o"],"inLanguage":"pt-BR"},{"@type":"WebPage","@id":"https:\/\/radiolifefm.com.br\/noticias\/pandemia-em-nivel-regiocal-sergio-barbosa-opiniao\/","url":"https:\/\/radiolifefm.com.br\/noticias\/pandemia-em-nivel-regiocal-sergio-barbosa-opiniao\/","name":"PANDEMIA EM N\u00cdVEL REGIOCAL... - S\u00e9rgio Barbosa - Opini\u00e3o - R\u00e1dio Life FM","isPartOf":{"@id":"https:\/\/radiolifefm.com.br\/noticias\/#website"},"primaryImageOfPage":{"@id":"https:\/\/radiolifefm.com.br\/noticias\/pandemia-em-nivel-regiocal-sergio-barbosa-opiniao\/#primaryimage"},"image":{"@id":"https:\/\/radiolifefm.com.br\/noticias\/pandemia-em-nivel-regiocal-sergio-barbosa-opiniao\/#primaryimage"},"thumbnailUrl":"https:\/\/radiolifefm.com.br\/noticias\/wp-content\/uploads\/2020\/08\/Sebar-3-scaled.jpg","datePublished":"2020-08-10T11:00:33+00:00","dateModified":"2026-03-27T01:42:55+00:00","breadcrumb":{"@id":"https:\/\/radiolifefm.com.br\/noticias\/pandemia-em-nivel-regiocal-sergio-barbosa-opiniao\/#breadcrumb"},"inLanguage":"pt-BR","potentialAction":[{"@type":"ReadAction","target":["https:\/\/radiolifefm.com.br\/noticias\/pandemia-em-nivel-regiocal-sergio-barbosa-opiniao\/"]}]},{"@type":"ImageObject","inLanguage":"pt-BR","@id":"https:\/\/radiolifefm.com.br\/noticias\/pandemia-em-nivel-regiocal-sergio-barbosa-opiniao\/#primaryimage","url":"https:\/\/radiolifefm.com.br\/noticias\/wp-content\/uploads\/2020\/08\/Sebar-3-scaled.jpg","contentUrl":"https:\/\/radiolifefm.com.br\/noticias\/wp-content\/uploads\/2020\/08\/Sebar-3-scaled.jpg","width":2560,"height":1920},{"@type":"BreadcrumbList","@id":"https:\/\/radiolifefm.com.br\/noticias\/pandemia-em-nivel-regiocal-sergio-barbosa-opiniao\/#breadcrumb","itemListElement":[{"@type":"ListItem","position":1,"name":"In\u00edcio","item":"https:\/\/radiolifefm.com.br\/noticias\/"},{"@type":"ListItem","position":2,"name":"PANDEMIA EM N\u00cdVEL REGIOCAL&#8230; &#8211; S\u00e9rgio Barbosa &#8211; Opini\u00e3o"}]},{"@type":"WebSite","@id":"https:\/\/radiolifefm.com.br\/noticias\/#website","url":"https:\/\/radiolifefm.com.br\/noticias\/","name":"R\u00e1dio Life FM","description":"O Portal de Not\u00edcias de Adamantina","publisher":{"@id":"https:\/\/radiolifefm.com.br\/noticias\/#organization"},"alternateName":"Life FM","potentialAction":[{"@type":"SearchAction","target":{"@type":"EntryPoint","urlTemplate":"https:\/\/radiolifefm.com.br\/noticias\/?s={search_term_string}"},"query-input":{"@type":"PropertyValueSpecification","valueRequired":true,"valueName":"search_term_string"}}],"inLanguage":"pt-BR"},{"@type":"Organization","@id":"https:\/\/radiolifefm.com.br\/noticias\/#organization","name":"R\u00e1dio Life FM","alternateName":"Life FM","url":"https:\/\/radiolifefm.com.br\/noticias\/","logo":{"@type":"ImageObject","inLanguage":"pt-BR","@id":"https:\/\/radiolifefm.com.br\/noticias\/#\/schema\/logo\/image\/","url":"https:\/\/static.radiolifefm.com.br\/noticias\/wp-content\/uploads\/2019\/10\/logo-lifefm.png","contentUrl":"https:\/\/static.radiolifefm.com.br\/noticias\/wp-content\/uploads\/2019\/10\/logo-lifefm.png","width":196,"height":47,"caption":"R\u00e1dio Life FM"},"image":{"@id":"https:\/\/radiolifefm.com.br\/noticias\/#\/schema\/logo\/image\/"},"sameAs":["https:\/\/www.facebook.com\/radiolifefm\/","https:\/\/www.instagram.com\/life1079fm\/"]},{"@type":"Person","@id":"https:\/\/radiolifefm.com.br\/noticias\/#\/schema\/person\/1d4e4b1301322090c6221bf1c8420490","name":"lifefm","image":{"@type":"ImageObject","inLanguage":"pt-BR","@id":"https:\/\/secure.gravatar.com\/avatar\/eca268467d925ec97d20641bb054fd944c0abb2f92854171620706bbe6474e7c?s=96&d=mm&r=g","url":"https:\/\/secure.gravatar.com\/avatar\/eca268467d925ec97d20641bb054fd944c0abb2f92854171620706bbe6474e7c?s=96&d=mm&r=g","contentUrl":"https:\/\/secure.gravatar.com\/avatar\/eca268467d925ec97d20641bb054fd944c0abb2f92854171620706bbe6474e7c?s=96&d=mm&r=g","caption":"lifefm"}}]}},"amp_enabled":true,"_links":{"self":[{"href":"https:\/\/radiolifefm.com.br\/noticias\/wp-json\/wp\/v2\/posts\/24992","targetHints":{"allow":["GET"]}}],"collection":[{"href":"https:\/\/radiolifefm.com.br\/noticias\/wp-json\/wp\/v2\/posts"}],"about":[{"href":"https:\/\/radiolifefm.com.br\/noticias\/wp-json\/wp\/v2\/types\/post"}],"author":[{"embeddable":true,"href":"https:\/\/radiolifefm.com.br\/noticias\/wp-json\/wp\/v2\/users\/3"}],"replies":[{"embeddable":true,"href":"https:\/\/radiolifefm.com.br\/noticias\/wp-json\/wp\/v2\/comments?post=24992"}],"version-history":[{"count":1,"href":"https:\/\/radiolifefm.com.br\/noticias\/wp-json\/wp\/v2\/posts\/24992\/revisions"}],"predecessor-version":[{"id":24996,"href":"https:\/\/radiolifefm.com.br\/noticias\/wp-json\/wp\/v2\/posts\/24992\/revisions\/24996"}],"wp:featuredmedia":[{"embeddable":true,"href":"https:\/\/radiolifefm.com.br\/noticias\/wp-json\/wp\/v2\/media\/24993"}],"wp:attachment":[{"href":"https:\/\/radiolifefm.com.br\/noticias\/wp-json\/wp\/v2\/media?parent=24992"}],"wp:term":[{"taxonomy":"category","embeddable":true,"href":"https:\/\/radiolifefm.com.br\/noticias\/wp-json\/wp\/v2\/categories?post=24992"},{"taxonomy":"post_tag","embeddable":true,"href":"https:\/\/radiolifefm.com.br\/noticias\/wp-json\/wp\/v2\/tags?post=24992"}],"curies":[{"name":"wp","href":"https:\/\/api.w.org\/{rel}","templated":true}]}}