{"id":24913,"date":"2020-08-03T08:02:14","date_gmt":"2020-08-03T11:02:14","guid":{"rendered":"https:\/\/radiolifefm.com.br\/noticias\/?p=24913"},"modified":"2026-04-18T04:12:30","modified_gmt":"2026-04-18T07:12:30","slug":"provincia-pandemia-e-mercado-sergio-barbosa-opiniao","status":"publish","type":"post","link":"https:\/\/radiolifefm.com.br\/noticias\/provincia-pandemia-e-mercado-sergio-barbosa-opiniao\/","title":{"rendered":"PROV\u00cdNCIA, PANDEMIA E MERCADO&#8230;    &#8211;  S\u00e9rgio Barbosa &#8211; Opini\u00e3o"},"content":{"rendered":"<div id=\"fb-root\"><\/div>\n<p><em><strong>PROV\u00cdNCIA, PANDEMIA E MERCADO&#8230;<\/strong><\/em><br \/>\nS\u00e9rgio Barbosa (*)<\/p>\n<p>Pode-se afirmar que o cen\u00e1rio atual em tempo de PANDEMIA est\u00e1 mais incerto do que nunca para o MERCADO em tempo de p\u00f3s-globaliza\u00e7\u00e3o organizacional&#8230;<\/p>\n<p>Por\u00e9m, n\u00e3o se pode descartar o avan\u00e7o do COVID-19 nos quatro cantos deste PA\u00cdS DO FAZ DE CONTA neste contexto das MENTES BOVINAS e tudo mais em meio ao tudo de menos&#8230;<\/p>\n<p>Entretanto, torna-se importante e fundamental a continuidade das pol\u00edticas p\u00fablicas nas \u00e1reas estadual e municipal, tendo em vista que na esfera federal n\u00e3o existe compromisso do atual governo e ponto quase final&#8230;<\/p>\n<p>Tamb\u00e9m, as denominadas MENTES BOVINAS continuam seguindo o toque do BERRANTE do BOZZO com seus COISOS e COISAS, bem como, os\/as seguidores\/as em terras provincianas&#8230;<\/p>\n<p>Se bem que na maioria das vezes, escrever sobre tais idiotices \u00e9 continuar CHOVENDO NO MOLHADO ou PATINANDO sempre no mesmo lugar, todavia, \u00c1GUA MOLE EM PEDRA DURA, TANTO BATE AT\u00c9 QUE FURA&#8230;<\/p>\n<p>Alguns nomes est\u00e3o em cima da mesa visando \u00e0s pr\u00f3ximas elei\u00e7\u00f5es para o EXECUTIVO e o LEGISLATIVO da PROV\u00cdNCIA, desta forma, TODO CUIDADO \u00c9 POUCO com os diversos cantos das sereias (sic) em tempo de REDES SOCIAIS&#8230;<\/p>\n<p>Outra coisa desta mesma coisa, tamb\u00e9m, pode ser o COISO entre os tantos COISOS que est\u00e3o circulando pelos diversos cantos provincianos, est\u00e1 mediado e patrocinado pelo eterno VIGILANTE PROVINCIANO&#8230;<\/p>\n<p>Tais desencontros fazem parte deste cen\u00e1rio local e tudo pode continuar na mesmice de sempre em nome disto ou daquilo, tendo em vista a predomin\u00e2ncia das TROCAS NADA SIMB\u00d3LICAS entre os interesses predominantes&#8230;<\/p>\n<p>Assim, daqui pra frente tudo pode acontecer neste meio dominado pelo PODER em nome do PODER com o PODER&#8230;<\/p>\n<p>Neste contexto plural para o MERCADO em n\u00edvel GLOCAL, ou seja, do GLOBAL para o LOCAL, talvez seja necess\u00e1rio uma AN\u00c1LISE DE CONJUNTURA para uma aproxima\u00e7\u00e3o com o cen\u00e1rio provinciano&#8230;<\/p>\n<p>Todavia, pelo andar desta CARRUAGEM, anda, considerando que a mesma est\u00e1 sendo comandada pelas MENTES BOVINAS de sempre, pode-se projetar um FUTURO sem PRESENTE e muito menos com PASSADO&#8230;<\/p>\n<p>De acordo com a maioria dos ANALISTAS, ainda, representando todas as \u00e1reas do MERCADO em tempo de p\u00f3s-globaliza\u00e7\u00e3o do COVID-19, o denominado MUNDO que existia antes da PANDEMIA, nunca mais ser\u00e1 o mesmo depois&#8230;<\/p>\n<p>Portanto, QUEM SOBREVIVER VAI SABER&#8230;<\/p>\n<div class='flex flex-wrap items-center -mx-1'>\r\n<a class='thumbnail gallery p-1 w-1\/2 md:w-1\/4' href='https:\/\/radiolifefm.com.br\/noticias\/wp-content\/uploads\/2020\/08\/Sebar.jpg'><img class='border border-white' src='https:\/\/radiolifefm.com.br\/noticias\/wp-content\/uploads\/2020\/08\/Sebar-200x200.jpg' alt='Sebar' \/><\/a><a class='thumbnail gallery p-1 w-1\/2 md:w-1\/4' href='https:\/\/radiolifefm.com.br\/noticias\/wp-content\/uploads\/2020\/08\/Sebar-1.jpg'><img class='border border-white' src='https:\/\/radiolifefm.com.br\/noticias\/wp-content\/uploads\/2020\/08\/Sebar-1-200x200.jpg' alt='Sebar   1' \/><\/a><a class='thumbnail gallery p-1 w-1\/2 md:w-1\/4' href='https:\/\/radiolifefm.com.br\/noticias\/wp-content\/uploads\/2020\/08\/Sebar-2.jpg'><img class='border border-white' src='https:\/\/radiolifefm.com.br\/noticias\/wp-content\/uploads\/2020\/08\/Sebar-2-200x200.jpg' alt='Sebar   2' \/><\/a><\/div>\n<p>&nbsp;<\/p>\n<p>____________________<br \/>\n(*) jornalista diplomado e professor universit\u00e1rio.<\/p>\n","protected":false},"excerpt":{"rendered":"<p>PROV\u00cdNCIA, PANDEMIA E MERCADO&#8230; S\u00e9rgio Barbosa (*) Pode-se afirmar que o cen\u00e1rio atual em tempo de PANDEMIA est\u00e1 mais incerto do que nunca para o MERCADO em tempo de p\u00f3s-globaliza\u00e7\u00e3o organizacional&#8230; Por\u00e9m, n\u00e3o se pode descartar o avan\u00e7o do COVID-19 nos quatro cantos deste PA\u00cdS DO FAZ DE CONTA neste contexto das MENTES BOVINAS e [&hellip;]<\/p>\n","protected":false},"author":3,"featured_media":24914,"comment_status":"closed","ping_status":"open","sticky":false,"template":"","format":"standard","meta":{"_acf_changed":false,"_exactmetrics_skip_tracking":false,"_exactmetrics_sitenote_active":false,"_exactmetrics_sitenote_note":"","_exactmetrics_sitenote_category":0,"footnotes":""},"categories":[59],"tags":[],"class_list":["post-24913","post","type-post","status-publish","format-standard","has-post-thumbnail","hentry","category-opiniao"],"acf":[],"yoast_head":"<!-- This site is optimized with the Yoast SEO plugin v27.2 - https:\/\/yoast.com\/product\/yoast-seo-wordpress\/ -->\n<title>PROV\u00cdNCIA, PANDEMIA E MERCADO...  - S\u00e9rgio Barbosa - Opini\u00e3o - R\u00e1dio Life FM<\/title>\n<meta name=\"robots\" content=\"index, follow, max-snippet:-1, max-image-preview:large, max-video-preview:-1\" \/>\n<link rel=\"canonical\" href=\"https:\/\/radiolifefm.com.br\/noticias\/provincia-pandemia-e-mercado-sergio-barbosa-opiniao\/\" \/>\n<meta property=\"og:locale\" content=\"pt_BR\" \/>\n<meta property=\"og:type\" content=\"article\" \/>\n<meta property=\"og:title\" content=\"PROV\u00cdNCIA, PANDEMIA E MERCADO...  - S\u00e9rgio Barbosa - Opini\u00e3o - R\u00e1dio Life FM\" \/>\n<meta property=\"og:description\" content=\"PROV\u00cdNCIA, PANDEMIA E MERCADO&#8230; S\u00e9rgio Barbosa (*) Pode-se afirmar que o cen\u00e1rio atual em tempo de PANDEMIA est\u00e1 mais incerto do que nunca para o MERCADO em tempo de p\u00f3s-globaliza\u00e7\u00e3o organizacional&#8230; Por\u00e9m, n\u00e3o se pode descartar o avan\u00e7o do COVID-19 nos quatro cantos deste PA\u00cdS DO FAZ DE CONTA neste contexto das MENTES BOVINAS e [&hellip;]\" \/>\n<meta property=\"og:url\" content=\"https:\/\/radiolifefm.com.br\/noticias\/provincia-pandemia-e-mercado-sergio-barbosa-opiniao\/\" \/>\n<meta property=\"og:site_name\" content=\"R\u00e1dio Life FM\" \/>\n<meta property=\"article:publisher\" content=\"https:\/\/www.facebook.com\/radiolifefm\/\" \/>\n<meta property=\"article:published_time\" content=\"2020-08-03T11:02:14+00:00\" \/>\n<meta property=\"article:modified_time\" content=\"2026-04-18T07:12:30+00:00\" \/>\n<meta property=\"og:image\" content=\"https:\/\/radiolifefm.com.br\/noticias\/wp-content\/uploads\/2020\/08\/Sebar.jpg\" \/>\n\t<meta property=\"og:image:width\" content=\"1024\" \/>\n\t<meta property=\"og:image:height\" content=\"768\" \/>\n\t<meta property=\"og:image:type\" content=\"image\/jpeg\" \/>\n<meta name=\"author\" content=\"lifefm\" \/>\n<meta name=\"twitter:card\" content=\"summary_large_image\" \/>\n<meta name=\"twitter:label1\" content=\"Escrito por\" \/>\n\t<meta name=\"twitter:data1\" content=\"lifefm\" \/>\n\t<meta name=\"twitter:label2\" content=\"Est. tempo de leitura\" \/>\n\t<meta name=\"twitter:data2\" content=\"2 minutos\" \/>\n<script type=\"application\/ld+json\" class=\"yoast-schema-graph\">{\"@context\":\"https:\/\/schema.org\",\"@graph\":[{\"@type\":\"Article\",\"@id\":\"https:\/\/radiolifefm.com.br\/noticias\/provincia-pandemia-e-mercado-sergio-barbosa-opiniao\/#article\",\"isPartOf\":{\"@id\":\"https:\/\/radiolifefm.com.br\/noticias\/provincia-pandemia-e-mercado-sergio-barbosa-opiniao\/\"},\"author\":{\"name\":\"lifefm\",\"@id\":\"https:\/\/radiolifefm.com.br\/noticias\/#\/schema\/person\/1d4e4b1301322090c6221bf1c8420490\"},\"headline\":\"PROV\u00cdNCIA, PANDEMIA E MERCADO&#8230; &#8211; S\u00e9rgio Barbosa &#8211; Opini\u00e3o\",\"datePublished\":\"2020-08-03T11:02:14+00:00\",\"dateModified\":\"2026-04-18T07:12:30+00:00\",\"mainEntityOfPage\":{\"@id\":\"https:\/\/radiolifefm.com.br\/noticias\/provincia-pandemia-e-mercado-sergio-barbosa-opiniao\/\"},\"wordCount\":418,\"publisher\":{\"@id\":\"https:\/\/radiolifefm.com.br\/noticias\/#organization\"},\"image\":{\"@id\":\"https:\/\/radiolifefm.com.br\/noticias\/provincia-pandemia-e-mercado-sergio-barbosa-opiniao\/#primaryimage\"},\"thumbnailUrl\":\"https:\/\/radiolifefm.com.br\/noticias\/wp-content\/uploads\/2020\/08\/Sebar.jpg\",\"articleSection\":[\"Opini\u00e3o\"],\"inLanguage\":\"pt-BR\"},{\"@type\":\"WebPage\",\"@id\":\"https:\/\/radiolifefm.com.br\/noticias\/provincia-pandemia-e-mercado-sergio-barbosa-opiniao\/\",\"url\":\"https:\/\/radiolifefm.com.br\/noticias\/provincia-pandemia-e-mercado-sergio-barbosa-opiniao\/\",\"name\":\"PROV\u00cdNCIA, PANDEMIA E MERCADO... - S\u00e9rgio Barbosa - Opini\u00e3o - R\u00e1dio Life FM\",\"isPartOf\":{\"@id\":\"https:\/\/radiolifefm.com.br\/noticias\/#website\"},\"primaryImageOfPage\":{\"@id\":\"https:\/\/radiolifefm.com.br\/noticias\/provincia-pandemia-e-mercado-sergio-barbosa-opiniao\/#primaryimage\"},\"image\":{\"@id\":\"https:\/\/radiolifefm.com.br\/noticias\/provincia-pandemia-e-mercado-sergio-barbosa-opiniao\/#primaryimage\"},\"thumbnailUrl\":\"https:\/\/radiolifefm.com.br\/noticias\/wp-content\/uploads\/2020\/08\/Sebar.jpg\",\"datePublished\":\"2020-08-03T11:02:14+00:00\",\"dateModified\":\"2026-04-18T07:12:30+00:00\",\"breadcrumb\":{\"@id\":\"https:\/\/radiolifefm.com.br\/noticias\/provincia-pandemia-e-mercado-sergio-barbosa-opiniao\/#breadcrumb\"},\"inLanguage\":\"pt-BR\",\"potentialAction\":[{\"@type\":\"ReadAction\",\"target\":[\"https:\/\/radiolifefm.com.br\/noticias\/provincia-pandemia-e-mercado-sergio-barbosa-opiniao\/\"]}]},{\"@type\":\"ImageObject\",\"inLanguage\":\"pt-BR\",\"@id\":\"https:\/\/radiolifefm.com.br\/noticias\/provincia-pandemia-e-mercado-sergio-barbosa-opiniao\/#primaryimage\",\"url\":\"https:\/\/radiolifefm.com.br\/noticias\/wp-content\/uploads\/2020\/08\/Sebar.jpg\",\"contentUrl\":\"https:\/\/radiolifefm.com.br\/noticias\/wp-content\/uploads\/2020\/08\/Sebar.jpg\",\"width\":1024,\"height\":768},{\"@type\":\"BreadcrumbList\",\"@id\":\"https:\/\/radiolifefm.com.br\/noticias\/provincia-pandemia-e-mercado-sergio-barbosa-opiniao\/#breadcrumb\",\"itemListElement\":[{\"@type\":\"ListItem\",\"position\":1,\"name\":\"In\u00edcio\",\"item\":\"https:\/\/radiolifefm.com.br\/noticias\/\"},{\"@type\":\"ListItem\",\"position\":2,\"name\":\"PROV\u00cdNCIA, PANDEMIA E MERCADO&#8230; &#8211; S\u00e9rgio Barbosa &#8211; Opini\u00e3o\"}]},{\"@type\":\"WebSite\",\"@id\":\"https:\/\/radiolifefm.com.br\/noticias\/#website\",\"url\":\"https:\/\/radiolifefm.com.br\/noticias\/\",\"name\":\"R\u00e1dio Life FM\",\"description\":\"O Portal de Not\u00edcias de Adamantina\",\"publisher\":{\"@id\":\"https:\/\/radiolifefm.com.br\/noticias\/#organization\"},\"alternateName\":\"Life FM\",\"potentialAction\":[{\"@type\":\"SearchAction\",\"target\":{\"@type\":\"EntryPoint\",\"urlTemplate\":\"https:\/\/radiolifefm.com.br\/noticias\/?s={search_term_string}\"},\"query-input\":{\"@type\":\"PropertyValueSpecification\",\"valueRequired\":true,\"valueName\":\"search_term_string\"}}],\"inLanguage\":\"pt-BR\"},{\"@type\":\"Organization\",\"@id\":\"https:\/\/radiolifefm.com.br\/noticias\/#organization\",\"name\":\"R\u00e1dio Life FM\",\"alternateName\":\"Life FM\",\"url\":\"https:\/\/radiolifefm.com.br\/noticias\/\",\"logo\":{\"@type\":\"ImageObject\",\"inLanguage\":\"pt-BR\",\"@id\":\"https:\/\/radiolifefm.com.br\/noticias\/#\/schema\/logo\/image\/\",\"url\":\"https:\/\/static.radiolifefm.com.br\/noticias\/wp-content\/uploads\/2019\/10\/logo-lifefm.png\",\"contentUrl\":\"https:\/\/static.radiolifefm.com.br\/noticias\/wp-content\/uploads\/2019\/10\/logo-lifefm.png\",\"width\":196,\"height\":47,\"caption\":\"R\u00e1dio Life FM\"},\"image\":{\"@id\":\"https:\/\/radiolifefm.com.br\/noticias\/#\/schema\/logo\/image\/\"},\"sameAs\":[\"https:\/\/www.facebook.com\/radiolifefm\/\",\"https:\/\/www.instagram.com\/life1079fm\/\"]},{\"@type\":\"Person\",\"@id\":\"https:\/\/radiolifefm.com.br\/noticias\/#\/schema\/person\/1d4e4b1301322090c6221bf1c8420490\",\"name\":\"lifefm\",\"image\":{\"@type\":\"ImageObject\",\"inLanguage\":\"pt-BR\",\"@id\":\"https:\/\/secure.gravatar.com\/avatar\/eca268467d925ec97d20641bb054fd944c0abb2f92854171620706bbe6474e7c?s=96&d=mm&r=g\",\"url\":\"https:\/\/secure.gravatar.com\/avatar\/eca268467d925ec97d20641bb054fd944c0abb2f92854171620706bbe6474e7c?s=96&d=mm&r=g\",\"contentUrl\":\"https:\/\/secure.gravatar.com\/avatar\/eca268467d925ec97d20641bb054fd944c0abb2f92854171620706bbe6474e7c?s=96&d=mm&r=g\",\"caption\":\"lifefm\"}}]}<\/script>\n<!-- \/ Yoast SEO plugin. -->","yoast_head_json":{"title":"PROV\u00cdNCIA, PANDEMIA E MERCADO...  - S\u00e9rgio Barbosa - Opini\u00e3o - R\u00e1dio Life FM","robots":{"index":"index","follow":"follow","max-snippet":"max-snippet:-1","max-image-preview":"max-image-preview:large","max-video-preview":"max-video-preview:-1"},"canonical":"https:\/\/radiolifefm.com.br\/noticias\/provincia-pandemia-e-mercado-sergio-barbosa-opiniao\/","og_locale":"pt_BR","og_type":"article","og_title":"PROV\u00cdNCIA, PANDEMIA E MERCADO...  - S\u00e9rgio Barbosa - Opini\u00e3o - R\u00e1dio Life FM","og_description":"PROV\u00cdNCIA, PANDEMIA E MERCADO&#8230; S\u00e9rgio Barbosa (*) Pode-se afirmar que o cen\u00e1rio atual em tempo de PANDEMIA est\u00e1 mais incerto do que nunca para o MERCADO em tempo de p\u00f3s-globaliza\u00e7\u00e3o organizacional&#8230; Por\u00e9m, n\u00e3o se pode descartar o avan\u00e7o do COVID-19 nos quatro cantos deste PA\u00cdS DO FAZ DE CONTA neste contexto das MENTES BOVINAS e [&hellip;]","og_url":"https:\/\/radiolifefm.com.br\/noticias\/provincia-pandemia-e-mercado-sergio-barbosa-opiniao\/","og_site_name":"R\u00e1dio Life FM","article_publisher":"https:\/\/www.facebook.com\/radiolifefm\/","article_published_time":"2020-08-03T11:02:14+00:00","article_modified_time":"2026-04-18T07:12:30+00:00","og_image":[{"width":1024,"height":768,"url":"https:\/\/radiolifefm.com.br\/noticias\/wp-content\/uploads\/2020\/08\/Sebar.jpg","type":"image\/jpeg"}],"author":"lifefm","twitter_card":"summary_large_image","twitter_misc":{"Escrito por":"lifefm","Est. tempo de leitura":"2 minutos"},"schema":{"@context":"https:\/\/schema.org","@graph":[{"@type":"Article","@id":"https:\/\/radiolifefm.com.br\/noticias\/provincia-pandemia-e-mercado-sergio-barbosa-opiniao\/#article","isPartOf":{"@id":"https:\/\/radiolifefm.com.br\/noticias\/provincia-pandemia-e-mercado-sergio-barbosa-opiniao\/"},"author":{"name":"lifefm","@id":"https:\/\/radiolifefm.com.br\/noticias\/#\/schema\/person\/1d4e4b1301322090c6221bf1c8420490"},"headline":"PROV\u00cdNCIA, PANDEMIA E MERCADO&#8230; &#8211; S\u00e9rgio Barbosa &#8211; Opini\u00e3o","datePublished":"2020-08-03T11:02:14+00:00","dateModified":"2026-04-18T07:12:30+00:00","mainEntityOfPage":{"@id":"https:\/\/radiolifefm.com.br\/noticias\/provincia-pandemia-e-mercado-sergio-barbosa-opiniao\/"},"wordCount":418,"publisher":{"@id":"https:\/\/radiolifefm.com.br\/noticias\/#organization"},"image":{"@id":"https:\/\/radiolifefm.com.br\/noticias\/provincia-pandemia-e-mercado-sergio-barbosa-opiniao\/#primaryimage"},"thumbnailUrl":"https:\/\/radiolifefm.com.br\/noticias\/wp-content\/uploads\/2020\/08\/Sebar.jpg","articleSection":["Opini\u00e3o"],"inLanguage":"pt-BR"},{"@type":"WebPage","@id":"https:\/\/radiolifefm.com.br\/noticias\/provincia-pandemia-e-mercado-sergio-barbosa-opiniao\/","url":"https:\/\/radiolifefm.com.br\/noticias\/provincia-pandemia-e-mercado-sergio-barbosa-opiniao\/","name":"PROV\u00cdNCIA, PANDEMIA E MERCADO... - S\u00e9rgio Barbosa - Opini\u00e3o - R\u00e1dio Life FM","isPartOf":{"@id":"https:\/\/radiolifefm.com.br\/noticias\/#website"},"primaryImageOfPage":{"@id":"https:\/\/radiolifefm.com.br\/noticias\/provincia-pandemia-e-mercado-sergio-barbosa-opiniao\/#primaryimage"},"image":{"@id":"https:\/\/radiolifefm.com.br\/noticias\/provincia-pandemia-e-mercado-sergio-barbosa-opiniao\/#primaryimage"},"thumbnailUrl":"https:\/\/radiolifefm.com.br\/noticias\/wp-content\/uploads\/2020\/08\/Sebar.jpg","datePublished":"2020-08-03T11:02:14+00:00","dateModified":"2026-04-18T07:12:30+00:00","breadcrumb":{"@id":"https:\/\/radiolifefm.com.br\/noticias\/provincia-pandemia-e-mercado-sergio-barbosa-opiniao\/#breadcrumb"},"inLanguage":"pt-BR","potentialAction":[{"@type":"ReadAction","target":["https:\/\/radiolifefm.com.br\/noticias\/provincia-pandemia-e-mercado-sergio-barbosa-opiniao\/"]}]},{"@type":"ImageObject","inLanguage":"pt-BR","@id":"https:\/\/radiolifefm.com.br\/noticias\/provincia-pandemia-e-mercado-sergio-barbosa-opiniao\/#primaryimage","url":"https:\/\/radiolifefm.com.br\/noticias\/wp-content\/uploads\/2020\/08\/Sebar.jpg","contentUrl":"https:\/\/radiolifefm.com.br\/noticias\/wp-content\/uploads\/2020\/08\/Sebar.jpg","width":1024,"height":768},{"@type":"BreadcrumbList","@id":"https:\/\/radiolifefm.com.br\/noticias\/provincia-pandemia-e-mercado-sergio-barbosa-opiniao\/#breadcrumb","itemListElement":[{"@type":"ListItem","position":1,"name":"In\u00edcio","item":"https:\/\/radiolifefm.com.br\/noticias\/"},{"@type":"ListItem","position":2,"name":"PROV\u00cdNCIA, PANDEMIA E MERCADO&#8230; &#8211; S\u00e9rgio Barbosa &#8211; Opini\u00e3o"}]},{"@type":"WebSite","@id":"https:\/\/radiolifefm.com.br\/noticias\/#website","url":"https:\/\/radiolifefm.com.br\/noticias\/","name":"R\u00e1dio Life FM","description":"O Portal de Not\u00edcias de Adamantina","publisher":{"@id":"https:\/\/radiolifefm.com.br\/noticias\/#organization"},"alternateName":"Life FM","potentialAction":[{"@type":"SearchAction","target":{"@type":"EntryPoint","urlTemplate":"https:\/\/radiolifefm.com.br\/noticias\/?s={search_term_string}"},"query-input":{"@type":"PropertyValueSpecification","valueRequired":true,"valueName":"search_term_string"}}],"inLanguage":"pt-BR"},{"@type":"Organization","@id":"https:\/\/radiolifefm.com.br\/noticias\/#organization","name":"R\u00e1dio Life FM","alternateName":"Life FM","url":"https:\/\/radiolifefm.com.br\/noticias\/","logo":{"@type":"ImageObject","inLanguage":"pt-BR","@id":"https:\/\/radiolifefm.com.br\/noticias\/#\/schema\/logo\/image\/","url":"https:\/\/static.radiolifefm.com.br\/noticias\/wp-content\/uploads\/2019\/10\/logo-lifefm.png","contentUrl":"https:\/\/static.radiolifefm.com.br\/noticias\/wp-content\/uploads\/2019\/10\/logo-lifefm.png","width":196,"height":47,"caption":"R\u00e1dio Life FM"},"image":{"@id":"https:\/\/radiolifefm.com.br\/noticias\/#\/schema\/logo\/image\/"},"sameAs":["https:\/\/www.facebook.com\/radiolifefm\/","https:\/\/www.instagram.com\/life1079fm\/"]},{"@type":"Person","@id":"https:\/\/radiolifefm.com.br\/noticias\/#\/schema\/person\/1d4e4b1301322090c6221bf1c8420490","name":"lifefm","image":{"@type":"ImageObject","inLanguage":"pt-BR","@id":"https:\/\/secure.gravatar.com\/avatar\/eca268467d925ec97d20641bb054fd944c0abb2f92854171620706bbe6474e7c?s=96&d=mm&r=g","url":"https:\/\/secure.gravatar.com\/avatar\/eca268467d925ec97d20641bb054fd944c0abb2f92854171620706bbe6474e7c?s=96&d=mm&r=g","contentUrl":"https:\/\/secure.gravatar.com\/avatar\/eca268467d925ec97d20641bb054fd944c0abb2f92854171620706bbe6474e7c?s=96&d=mm&r=g","caption":"lifefm"}}]}},"amp_enabled":true,"_links":{"self":[{"href":"https:\/\/radiolifefm.com.br\/noticias\/wp-json\/wp\/v2\/posts\/24913","targetHints":{"allow":["GET"]}}],"collection":[{"href":"https:\/\/radiolifefm.com.br\/noticias\/wp-json\/wp\/v2\/posts"}],"about":[{"href":"https:\/\/radiolifefm.com.br\/noticias\/wp-json\/wp\/v2\/types\/post"}],"author":[{"embeddable":true,"href":"https:\/\/radiolifefm.com.br\/noticias\/wp-json\/wp\/v2\/users\/3"}],"replies":[{"embeddable":true,"href":"https:\/\/radiolifefm.com.br\/noticias\/wp-json\/wp\/v2\/comments?post=24913"}],"version-history":[{"count":1,"href":"https:\/\/radiolifefm.com.br\/noticias\/wp-json\/wp\/v2\/posts\/24913\/revisions"}],"predecessor-version":[{"id":24917,"href":"https:\/\/radiolifefm.com.br\/noticias\/wp-json\/wp\/v2\/posts\/24913\/revisions\/24917"}],"wp:featuredmedia":[{"embeddable":true,"href":"https:\/\/radiolifefm.com.br\/noticias\/wp-json\/wp\/v2\/media\/24914"}],"wp:attachment":[{"href":"https:\/\/radiolifefm.com.br\/noticias\/wp-json\/wp\/v2\/media?parent=24913"}],"wp:term":[{"taxonomy":"category","embeddable":true,"href":"https:\/\/radiolifefm.com.br\/noticias\/wp-json\/wp\/v2\/categories?post=24913"},{"taxonomy":"post_tag","embeddable":true,"href":"https:\/\/radiolifefm.com.br\/noticias\/wp-json\/wp\/v2\/tags?post=24913"}],"curies":[{"name":"wp","href":"https:\/\/api.w.org\/{rel}","templated":true}]}}