{"id":24781,"date":"2020-07-27T08:28:41","date_gmt":"2020-07-27T11:28:41","guid":{"rendered":"https:\/\/radiolifefm.com.br\/noticias\/?p=24781"},"modified":"2026-04-24T04:48:37","modified_gmt":"2026-04-24T07:48:37","slug":"a-provincia-no-cenario-do-tudo-ao-mesmo-tempo-do-tempo-sergio-barbosa-opiniao","status":"publish","type":"post","link":"https:\/\/radiolifefm.com.br\/noticias\/a-provincia-no-cenario-do-tudo-ao-mesmo-tempo-do-tempo-sergio-barbosa-opiniao\/","title":{"rendered":"A PROV\u00cdNCIA NO CEN\u00c1RIO DO TUDO AO MESMO TEMPO DO TEMPO&#8230;   &#8211; S\u00e9rgio Barbosa &#8211; Opini\u00e3o"},"content":{"rendered":"<div id=\"fb-root\"><\/div>\n<p><strong><em>A PROV\u00cdNCIA NO CEN\u00c1RIO DO TUDO AO MESMO TEMPO DO TEMPO&#8230;<\/em><\/strong><\/p>\n<p><em>\u201cVou-lhe dizer um grande segredo, meu caro. N\u00e3o espere o ju\u00edzo final. Ele realiza-se todos os dias.\u201d (Albert Camus)<\/em><br \/>\n<em>S\u00e9rgio Barbosa (*)<\/em><\/p>\n<p>O cen\u00e1rio em n\u00edvel GLOCAL, ou seja, do GLOBAL para o LOCAL em tempo de p\u00f3s-globaliza\u00e7\u00e3o \u00b4da PANDEMIA continua de mal a pior, ainda, na regi\u00e3o OESTE do estado, tamb\u00e9m, acompanha os \u00edndices negativos relacionados com o COVID-19&#8230;<\/p>\n<p>O mercado nas \u00e1reas de produ\u00e7\u00e3o, servi\u00e7os e outros, continuam em ESTADO DE ALERTA frente aos desencontros patrocinados pelas in\u00fameras restri\u00e7\u00f5es quanto ao funcionamento disto ou daquilo, bem como, sem mais e sem menos&#8230;<\/p>\n<p>Pode-se afirmar que a PREVEN\u00c7\u00c3O continua sendo o MELHOR REM\u00c9DIO pra tudo e todos\/as neste contexto mais do que complicado para a comunidade provinciana&#8230;<\/p>\n<p>Todavia, de acordo com os n\u00fameros divulgados pela m\u00eddia local e regional nestes ocasos quanto ao avan\u00e7o da PANDEMIA, pode-se registrar que as CAMPANHAS promovidas pelos poder p\u00fablico n\u00e3o est\u00e3o conseguindo dar conta do recado e ponto quase final&#8230;<\/p>\n<p>Assim, a CONSCIENTIZA\u00c7\u00c3O deve ser o fator principal em todas as \u00e1reas nas quais a comunidade circula por causa disto ou daquilo, entretanto, as MENTES BOVINAS continuam seguindo o BERRANTE tocado pelo COISO com suas COISAS&#8230;<\/p>\n<p>As contradi\u00e7\u00f5es s\u00e3o muitas quanto aos processos midi\u00e1ticos e mediados quase sempre pela prolifera\u00e7\u00e3o dos denominados FAKE NEWS, desta forma, a DESINFORMA\u00c7\u00c3O acaba proporcionando in\u00fameras dificuldades para todos os lados de um mesmo lado&#8230;<\/p>\n<p>Outra COISA deste COISO est\u00e1 relacionada com o famoso SENSO COMUM do dito cujo sobre tais desencontros relacionados com os problemas causados pelo COVID-19 nos quatro cantos deste PA\u00cdS DO FAZ DE CONTA&#8230;<\/p>\n<p>Pra complicar mais o contexto tupiniquim com reflexos na PROV\u00cdNCIA, existem os compromissos mediados pelo MERCADO e determinados pelos interesses meramente ECON\u00d4MICOS da maioria dos\/as Empres\u00e1rios\/as&#8230;<\/p>\n<p>Tamb\u00e9m, a realiza\u00e7\u00e3o das ELEI\u00c7\u00d5ES para o EXECUTIVO e LEGISLATIVO neste cen\u00e1rio um tanto quanto complicado para todos\/as os\/as LEITORES\/AS, entretanto, daqui pra frente tudo pode acontecer em nome dos FALSOS PROFETAS PROVINCIANOS&#8230;<\/p>\n<p>A realidade continua CRUEL em todos os sentidos e em todas as \u00e1reas do MERCADO neste NOVO TEMPO NOVO, haja vista o contexto relacionado com a PANDEMIA, assim, pode-se registrar que a PROV\u00cdNCIA continua na mesmice de sempre e patinando nas suas contradi\u00e7\u00f5es patrocinadas pelas TROCAS NADA SIMB\u00d3LICAS do PODER pelo PODER em busca do PODER&#8230;<\/p>\n<p>QUEM SOBREVIVER VAI ESCOLHER&#8230;<\/p>\n<div class='flex flex-wrap items-center -mx-1'>\r\n<a class='thumbnail gallery p-1 w-1\/2 md:w-1\/4' href='https:\/\/radiolifefm.com.br\/noticias\/wp-content\/uploads\/2020\/07\/Sebar-5.jpg'><img class='border border-white' src='https:\/\/radiolifefm.com.br\/noticias\/wp-content\/uploads\/2020\/07\/Sebar-5-200x200.jpg' alt='Sebar' \/><\/a><a class='thumbnail gallery p-1 w-1\/2 md:w-1\/4' href='https:\/\/radiolifefm.com.br\/noticias\/wp-content\/uploads\/2020\/07\/Sebar-1-3.jpg'><img class='border border-white' src='https:\/\/radiolifefm.com.br\/noticias\/wp-content\/uploads\/2020\/07\/Sebar-1-3-200x200.jpg' alt='Sebar   1' \/><\/a><a class='thumbnail gallery p-1 w-1\/2 md:w-1\/4' href='https:\/\/radiolifefm.com.br\/noticias\/wp-content\/uploads\/2020\/07\/Sebar-2-3.jpg'><img class='border border-white' src='https:\/\/radiolifefm.com.br\/noticias\/wp-content\/uploads\/2020\/07\/Sebar-2-3-200x200.jpg' alt='Sebar   2' \/><\/a><\/div>\n<p>_____________________________<br \/>\n(*) jornalista diplomado e professor universit\u00e1rio.<\/p>\n","protected":false},"excerpt":{"rendered":"<p>A PROV\u00cdNCIA NO CEN\u00c1RIO DO TUDO AO MESMO TEMPO DO TEMPO&#8230; \u201cVou-lhe dizer um grande segredo, meu caro. N\u00e3o espere o ju\u00edzo final. Ele realiza-se todos os dias.\u201d (Albert Camus) S\u00e9rgio Barbosa (*) O cen\u00e1rio em n\u00edvel GLOCAL, ou seja, do GLOBAL para o LOCAL em tempo de p\u00f3s-globaliza\u00e7\u00e3o \u00b4da PANDEMIA continua de mal a [&hellip;]<\/p>\n","protected":false},"author":3,"featured_media":24782,"comment_status":"closed","ping_status":"open","sticky":false,"template":"","format":"standard","meta":{"_acf_changed":false,"_exactmetrics_skip_tracking":false,"_exactmetrics_sitenote_active":false,"_exactmetrics_sitenote_note":"","_exactmetrics_sitenote_category":0,"footnotes":""},"categories":[59],"tags":[],"class_list":["post-24781","post","type-post","status-publish","format-standard","has-post-thumbnail","hentry","category-opiniao"],"acf":[],"yoast_head":"<!-- This site is optimized with the Yoast SEO plugin v27.2 - https:\/\/yoast.com\/product\/yoast-seo-wordpress\/ -->\n<title>A PROV\u00cdNCIA NO CEN\u00c1RIO DO TUDO AO MESMO TEMPO DO TEMPO...  - S\u00e9rgio Barbosa - Opini\u00e3o - R\u00e1dio Life FM<\/title>\n<meta name=\"robots\" content=\"index, follow, max-snippet:-1, max-image-preview:large, max-video-preview:-1\" \/>\n<link rel=\"canonical\" href=\"https:\/\/radiolifefm.com.br\/noticias\/a-provincia-no-cenario-do-tudo-ao-mesmo-tempo-do-tempo-sergio-barbosa-opiniao\/\" \/>\n<meta property=\"og:locale\" content=\"pt_BR\" \/>\n<meta property=\"og:type\" content=\"article\" \/>\n<meta property=\"og:title\" content=\"A PROV\u00cdNCIA NO CEN\u00c1RIO DO TUDO AO MESMO TEMPO DO TEMPO...  - S\u00e9rgio Barbosa - Opini\u00e3o - R\u00e1dio Life FM\" \/>\n<meta property=\"og:description\" content=\"A PROV\u00cdNCIA NO CEN\u00c1RIO DO TUDO AO MESMO TEMPO DO TEMPO&#8230; \u201cVou-lhe dizer um grande segredo, meu caro. N\u00e3o espere o ju\u00edzo final. Ele realiza-se todos os dias.\u201d (Albert Camus) S\u00e9rgio Barbosa (*) O cen\u00e1rio em n\u00edvel GLOCAL, ou seja, do GLOBAL para o LOCAL em tempo de p\u00f3s-globaliza\u00e7\u00e3o \u00b4da PANDEMIA continua de mal a [&hellip;]\" \/>\n<meta property=\"og:url\" content=\"https:\/\/radiolifefm.com.br\/noticias\/a-provincia-no-cenario-do-tudo-ao-mesmo-tempo-do-tempo-sergio-barbosa-opiniao\/\" \/>\n<meta property=\"og:site_name\" content=\"R\u00e1dio Life FM\" \/>\n<meta property=\"article:publisher\" content=\"https:\/\/www.facebook.com\/radiolifefm\/\" \/>\n<meta property=\"article:published_time\" content=\"2020-07-27T11:28:41+00:00\" \/>\n<meta property=\"article:modified_time\" content=\"2026-04-24T07:48:37+00:00\" \/>\n<meta property=\"og:image\" content=\"https:\/\/radiolifefm.com.br\/noticias\/wp-content\/uploads\/2020\/07\/Sebar-5.jpg\" \/>\n\t<meta property=\"og:image:width\" content=\"1920\" \/>\n\t<meta property=\"og:image:height\" content=\"1080\" \/>\n\t<meta property=\"og:image:type\" content=\"image\/jpeg\" \/>\n<meta name=\"author\" content=\"lifefm\" \/>\n<meta name=\"twitter:card\" content=\"summary_large_image\" \/>\n<meta name=\"twitter:label1\" content=\"Escrito por\" \/>\n\t<meta name=\"twitter:data1\" content=\"lifefm\" \/>\n\t<meta name=\"twitter:label2\" content=\"Est. tempo de leitura\" \/>\n\t<meta name=\"twitter:data2\" content=\"2 minutos\" \/>\n<script type=\"application\/ld+json\" class=\"yoast-schema-graph\">{\"@context\":\"https:\/\/schema.org\",\"@graph\":[{\"@type\":\"Article\",\"@id\":\"https:\/\/radiolifefm.com.br\/noticias\/a-provincia-no-cenario-do-tudo-ao-mesmo-tempo-do-tempo-sergio-barbosa-opiniao\/#article\",\"isPartOf\":{\"@id\":\"https:\/\/radiolifefm.com.br\/noticias\/a-provincia-no-cenario-do-tudo-ao-mesmo-tempo-do-tempo-sergio-barbosa-opiniao\/\"},\"author\":{\"name\":\"lifefm\",\"@id\":\"https:\/\/radiolifefm.com.br\/noticias\/#\/schema\/person\/1d4e4b1301322090c6221bf1c8420490\"},\"headline\":\"A PROV\u00cdNCIA NO CEN\u00c1RIO DO TUDO AO MESMO TEMPO DO TEMPO&#8230; &#8211; S\u00e9rgio Barbosa &#8211; Opini\u00e3o\",\"datePublished\":\"2020-07-27T11:28:41+00:00\",\"dateModified\":\"2026-04-24T07:48:37+00:00\",\"mainEntityOfPage\":{\"@id\":\"https:\/\/radiolifefm.com.br\/noticias\/a-provincia-no-cenario-do-tudo-ao-mesmo-tempo-do-tempo-sergio-barbosa-opiniao\/\"},\"wordCount\":464,\"publisher\":{\"@id\":\"https:\/\/radiolifefm.com.br\/noticias\/#organization\"},\"image\":{\"@id\":\"https:\/\/radiolifefm.com.br\/noticias\/a-provincia-no-cenario-do-tudo-ao-mesmo-tempo-do-tempo-sergio-barbosa-opiniao\/#primaryimage\"},\"thumbnailUrl\":\"https:\/\/radiolifefm.com.br\/noticias\/wp-content\/uploads\/2020\/07\/Sebar-5.jpg\",\"articleSection\":[\"Opini\u00e3o\"],\"inLanguage\":\"pt-BR\"},{\"@type\":\"WebPage\",\"@id\":\"https:\/\/radiolifefm.com.br\/noticias\/a-provincia-no-cenario-do-tudo-ao-mesmo-tempo-do-tempo-sergio-barbosa-opiniao\/\",\"url\":\"https:\/\/radiolifefm.com.br\/noticias\/a-provincia-no-cenario-do-tudo-ao-mesmo-tempo-do-tempo-sergio-barbosa-opiniao\/\",\"name\":\"A PROV\u00cdNCIA NO CEN\u00c1RIO DO TUDO AO MESMO TEMPO DO TEMPO... - S\u00e9rgio Barbosa - Opini\u00e3o - R\u00e1dio Life FM\",\"isPartOf\":{\"@id\":\"https:\/\/radiolifefm.com.br\/noticias\/#website\"},\"primaryImageOfPage\":{\"@id\":\"https:\/\/radiolifefm.com.br\/noticias\/a-provincia-no-cenario-do-tudo-ao-mesmo-tempo-do-tempo-sergio-barbosa-opiniao\/#primaryimage\"},\"image\":{\"@id\":\"https:\/\/radiolifefm.com.br\/noticias\/a-provincia-no-cenario-do-tudo-ao-mesmo-tempo-do-tempo-sergio-barbosa-opiniao\/#primaryimage\"},\"thumbnailUrl\":\"https:\/\/radiolifefm.com.br\/noticias\/wp-content\/uploads\/2020\/07\/Sebar-5.jpg\",\"datePublished\":\"2020-07-27T11:28:41+00:00\",\"dateModified\":\"2026-04-24T07:48:37+00:00\",\"breadcrumb\":{\"@id\":\"https:\/\/radiolifefm.com.br\/noticias\/a-provincia-no-cenario-do-tudo-ao-mesmo-tempo-do-tempo-sergio-barbosa-opiniao\/#breadcrumb\"},\"inLanguage\":\"pt-BR\",\"potentialAction\":[{\"@type\":\"ReadAction\",\"target\":[\"https:\/\/radiolifefm.com.br\/noticias\/a-provincia-no-cenario-do-tudo-ao-mesmo-tempo-do-tempo-sergio-barbosa-opiniao\/\"]}]},{\"@type\":\"ImageObject\",\"inLanguage\":\"pt-BR\",\"@id\":\"https:\/\/radiolifefm.com.br\/noticias\/a-provincia-no-cenario-do-tudo-ao-mesmo-tempo-do-tempo-sergio-barbosa-opiniao\/#primaryimage\",\"url\":\"https:\/\/radiolifefm.com.br\/noticias\/wp-content\/uploads\/2020\/07\/Sebar-5.jpg\",\"contentUrl\":\"https:\/\/radiolifefm.com.br\/noticias\/wp-content\/uploads\/2020\/07\/Sebar-5.jpg\",\"width\":1920,\"height\":1080},{\"@type\":\"BreadcrumbList\",\"@id\":\"https:\/\/radiolifefm.com.br\/noticias\/a-provincia-no-cenario-do-tudo-ao-mesmo-tempo-do-tempo-sergio-barbosa-opiniao\/#breadcrumb\",\"itemListElement\":[{\"@type\":\"ListItem\",\"position\":1,\"name\":\"In\u00edcio\",\"item\":\"https:\/\/radiolifefm.com.br\/noticias\/\"},{\"@type\":\"ListItem\",\"position\":2,\"name\":\"A PROV\u00cdNCIA NO CEN\u00c1RIO DO TUDO AO MESMO TEMPO DO TEMPO&#8230; &#8211; S\u00e9rgio Barbosa &#8211; Opini\u00e3o\"}]},{\"@type\":\"WebSite\",\"@id\":\"https:\/\/radiolifefm.com.br\/noticias\/#website\",\"url\":\"https:\/\/radiolifefm.com.br\/noticias\/\",\"name\":\"R\u00e1dio Life FM\",\"description\":\"O Portal de Not\u00edcias de Adamantina\",\"publisher\":{\"@id\":\"https:\/\/radiolifefm.com.br\/noticias\/#organization\"},\"alternateName\":\"Life FM\",\"potentialAction\":[{\"@type\":\"SearchAction\",\"target\":{\"@type\":\"EntryPoint\",\"urlTemplate\":\"https:\/\/radiolifefm.com.br\/noticias\/?s={search_term_string}\"},\"query-input\":{\"@type\":\"PropertyValueSpecification\",\"valueRequired\":true,\"valueName\":\"search_term_string\"}}],\"inLanguage\":\"pt-BR\"},{\"@type\":\"Organization\",\"@id\":\"https:\/\/radiolifefm.com.br\/noticias\/#organization\",\"name\":\"R\u00e1dio Life FM\",\"alternateName\":\"Life FM\",\"url\":\"https:\/\/radiolifefm.com.br\/noticias\/\",\"logo\":{\"@type\":\"ImageObject\",\"inLanguage\":\"pt-BR\",\"@id\":\"https:\/\/radiolifefm.com.br\/noticias\/#\/schema\/logo\/image\/\",\"url\":\"https:\/\/static.radiolifefm.com.br\/noticias\/wp-content\/uploads\/2019\/10\/logo-lifefm.png\",\"contentUrl\":\"https:\/\/static.radiolifefm.com.br\/noticias\/wp-content\/uploads\/2019\/10\/logo-lifefm.png\",\"width\":196,\"height\":47,\"caption\":\"R\u00e1dio Life FM\"},\"image\":{\"@id\":\"https:\/\/radiolifefm.com.br\/noticias\/#\/schema\/logo\/image\/\"},\"sameAs\":[\"https:\/\/www.facebook.com\/radiolifefm\/\",\"https:\/\/www.instagram.com\/life1079fm\/\"]},{\"@type\":\"Person\",\"@id\":\"https:\/\/radiolifefm.com.br\/noticias\/#\/schema\/person\/1d4e4b1301322090c6221bf1c8420490\",\"name\":\"lifefm\",\"image\":{\"@type\":\"ImageObject\",\"inLanguage\":\"pt-BR\",\"@id\":\"https:\/\/secure.gravatar.com\/avatar\/eca268467d925ec97d20641bb054fd944c0abb2f92854171620706bbe6474e7c?s=96&d=mm&r=g\",\"url\":\"https:\/\/secure.gravatar.com\/avatar\/eca268467d925ec97d20641bb054fd944c0abb2f92854171620706bbe6474e7c?s=96&d=mm&r=g\",\"contentUrl\":\"https:\/\/secure.gravatar.com\/avatar\/eca268467d925ec97d20641bb054fd944c0abb2f92854171620706bbe6474e7c?s=96&d=mm&r=g\",\"caption\":\"lifefm\"}}]}<\/script>\n<!-- \/ Yoast SEO plugin. -->","yoast_head_json":{"title":"A PROV\u00cdNCIA NO CEN\u00c1RIO DO TUDO AO MESMO TEMPO DO TEMPO...  - S\u00e9rgio Barbosa - Opini\u00e3o - R\u00e1dio Life FM","robots":{"index":"index","follow":"follow","max-snippet":"max-snippet:-1","max-image-preview":"max-image-preview:large","max-video-preview":"max-video-preview:-1"},"canonical":"https:\/\/radiolifefm.com.br\/noticias\/a-provincia-no-cenario-do-tudo-ao-mesmo-tempo-do-tempo-sergio-barbosa-opiniao\/","og_locale":"pt_BR","og_type":"article","og_title":"A PROV\u00cdNCIA NO CEN\u00c1RIO DO TUDO AO MESMO TEMPO DO TEMPO...  - S\u00e9rgio Barbosa - Opini\u00e3o - R\u00e1dio Life FM","og_description":"A PROV\u00cdNCIA NO CEN\u00c1RIO DO TUDO AO MESMO TEMPO DO TEMPO&#8230; \u201cVou-lhe dizer um grande segredo, meu caro. N\u00e3o espere o ju\u00edzo final. Ele realiza-se todos os dias.\u201d (Albert Camus) S\u00e9rgio Barbosa (*) O cen\u00e1rio em n\u00edvel GLOCAL, ou seja, do GLOBAL para o LOCAL em tempo de p\u00f3s-globaliza\u00e7\u00e3o \u00b4da PANDEMIA continua de mal a [&hellip;]","og_url":"https:\/\/radiolifefm.com.br\/noticias\/a-provincia-no-cenario-do-tudo-ao-mesmo-tempo-do-tempo-sergio-barbosa-opiniao\/","og_site_name":"R\u00e1dio Life FM","article_publisher":"https:\/\/www.facebook.com\/radiolifefm\/","article_published_time":"2020-07-27T11:28:41+00:00","article_modified_time":"2026-04-24T07:48:37+00:00","og_image":[{"width":1920,"height":1080,"url":"https:\/\/radiolifefm.com.br\/noticias\/wp-content\/uploads\/2020\/07\/Sebar-5.jpg","type":"image\/jpeg"}],"author":"lifefm","twitter_card":"summary_large_image","twitter_misc":{"Escrito por":"lifefm","Est. tempo de leitura":"2 minutos"},"schema":{"@context":"https:\/\/schema.org","@graph":[{"@type":"Article","@id":"https:\/\/radiolifefm.com.br\/noticias\/a-provincia-no-cenario-do-tudo-ao-mesmo-tempo-do-tempo-sergio-barbosa-opiniao\/#article","isPartOf":{"@id":"https:\/\/radiolifefm.com.br\/noticias\/a-provincia-no-cenario-do-tudo-ao-mesmo-tempo-do-tempo-sergio-barbosa-opiniao\/"},"author":{"name":"lifefm","@id":"https:\/\/radiolifefm.com.br\/noticias\/#\/schema\/person\/1d4e4b1301322090c6221bf1c8420490"},"headline":"A PROV\u00cdNCIA NO CEN\u00c1RIO DO TUDO AO MESMO TEMPO DO TEMPO&#8230; &#8211; S\u00e9rgio Barbosa &#8211; Opini\u00e3o","datePublished":"2020-07-27T11:28:41+00:00","dateModified":"2026-04-24T07:48:37+00:00","mainEntityOfPage":{"@id":"https:\/\/radiolifefm.com.br\/noticias\/a-provincia-no-cenario-do-tudo-ao-mesmo-tempo-do-tempo-sergio-barbosa-opiniao\/"},"wordCount":464,"publisher":{"@id":"https:\/\/radiolifefm.com.br\/noticias\/#organization"},"image":{"@id":"https:\/\/radiolifefm.com.br\/noticias\/a-provincia-no-cenario-do-tudo-ao-mesmo-tempo-do-tempo-sergio-barbosa-opiniao\/#primaryimage"},"thumbnailUrl":"https:\/\/radiolifefm.com.br\/noticias\/wp-content\/uploads\/2020\/07\/Sebar-5.jpg","articleSection":["Opini\u00e3o"],"inLanguage":"pt-BR"},{"@type":"WebPage","@id":"https:\/\/radiolifefm.com.br\/noticias\/a-provincia-no-cenario-do-tudo-ao-mesmo-tempo-do-tempo-sergio-barbosa-opiniao\/","url":"https:\/\/radiolifefm.com.br\/noticias\/a-provincia-no-cenario-do-tudo-ao-mesmo-tempo-do-tempo-sergio-barbosa-opiniao\/","name":"A PROV\u00cdNCIA NO CEN\u00c1RIO DO TUDO AO MESMO TEMPO DO TEMPO... - S\u00e9rgio Barbosa - Opini\u00e3o - R\u00e1dio Life FM","isPartOf":{"@id":"https:\/\/radiolifefm.com.br\/noticias\/#website"},"primaryImageOfPage":{"@id":"https:\/\/radiolifefm.com.br\/noticias\/a-provincia-no-cenario-do-tudo-ao-mesmo-tempo-do-tempo-sergio-barbosa-opiniao\/#primaryimage"},"image":{"@id":"https:\/\/radiolifefm.com.br\/noticias\/a-provincia-no-cenario-do-tudo-ao-mesmo-tempo-do-tempo-sergio-barbosa-opiniao\/#primaryimage"},"thumbnailUrl":"https:\/\/radiolifefm.com.br\/noticias\/wp-content\/uploads\/2020\/07\/Sebar-5.jpg","datePublished":"2020-07-27T11:28:41+00:00","dateModified":"2026-04-24T07:48:37+00:00","breadcrumb":{"@id":"https:\/\/radiolifefm.com.br\/noticias\/a-provincia-no-cenario-do-tudo-ao-mesmo-tempo-do-tempo-sergio-barbosa-opiniao\/#breadcrumb"},"inLanguage":"pt-BR","potentialAction":[{"@type":"ReadAction","target":["https:\/\/radiolifefm.com.br\/noticias\/a-provincia-no-cenario-do-tudo-ao-mesmo-tempo-do-tempo-sergio-barbosa-opiniao\/"]}]},{"@type":"ImageObject","inLanguage":"pt-BR","@id":"https:\/\/radiolifefm.com.br\/noticias\/a-provincia-no-cenario-do-tudo-ao-mesmo-tempo-do-tempo-sergio-barbosa-opiniao\/#primaryimage","url":"https:\/\/radiolifefm.com.br\/noticias\/wp-content\/uploads\/2020\/07\/Sebar-5.jpg","contentUrl":"https:\/\/radiolifefm.com.br\/noticias\/wp-content\/uploads\/2020\/07\/Sebar-5.jpg","width":1920,"height":1080},{"@type":"BreadcrumbList","@id":"https:\/\/radiolifefm.com.br\/noticias\/a-provincia-no-cenario-do-tudo-ao-mesmo-tempo-do-tempo-sergio-barbosa-opiniao\/#breadcrumb","itemListElement":[{"@type":"ListItem","position":1,"name":"In\u00edcio","item":"https:\/\/radiolifefm.com.br\/noticias\/"},{"@type":"ListItem","position":2,"name":"A PROV\u00cdNCIA NO CEN\u00c1RIO DO TUDO AO MESMO TEMPO DO TEMPO&#8230; &#8211; S\u00e9rgio Barbosa &#8211; Opini\u00e3o"}]},{"@type":"WebSite","@id":"https:\/\/radiolifefm.com.br\/noticias\/#website","url":"https:\/\/radiolifefm.com.br\/noticias\/","name":"R\u00e1dio Life FM","description":"O Portal de Not\u00edcias de Adamantina","publisher":{"@id":"https:\/\/radiolifefm.com.br\/noticias\/#organization"},"alternateName":"Life FM","potentialAction":[{"@type":"SearchAction","target":{"@type":"EntryPoint","urlTemplate":"https:\/\/radiolifefm.com.br\/noticias\/?s={search_term_string}"},"query-input":{"@type":"PropertyValueSpecification","valueRequired":true,"valueName":"search_term_string"}}],"inLanguage":"pt-BR"},{"@type":"Organization","@id":"https:\/\/radiolifefm.com.br\/noticias\/#organization","name":"R\u00e1dio Life FM","alternateName":"Life FM","url":"https:\/\/radiolifefm.com.br\/noticias\/","logo":{"@type":"ImageObject","inLanguage":"pt-BR","@id":"https:\/\/radiolifefm.com.br\/noticias\/#\/schema\/logo\/image\/","url":"https:\/\/static.radiolifefm.com.br\/noticias\/wp-content\/uploads\/2019\/10\/logo-lifefm.png","contentUrl":"https:\/\/static.radiolifefm.com.br\/noticias\/wp-content\/uploads\/2019\/10\/logo-lifefm.png","width":196,"height":47,"caption":"R\u00e1dio Life FM"},"image":{"@id":"https:\/\/radiolifefm.com.br\/noticias\/#\/schema\/logo\/image\/"},"sameAs":["https:\/\/www.facebook.com\/radiolifefm\/","https:\/\/www.instagram.com\/life1079fm\/"]},{"@type":"Person","@id":"https:\/\/radiolifefm.com.br\/noticias\/#\/schema\/person\/1d4e4b1301322090c6221bf1c8420490","name":"lifefm","image":{"@type":"ImageObject","inLanguage":"pt-BR","@id":"https:\/\/secure.gravatar.com\/avatar\/eca268467d925ec97d20641bb054fd944c0abb2f92854171620706bbe6474e7c?s=96&d=mm&r=g","url":"https:\/\/secure.gravatar.com\/avatar\/eca268467d925ec97d20641bb054fd944c0abb2f92854171620706bbe6474e7c?s=96&d=mm&r=g","contentUrl":"https:\/\/secure.gravatar.com\/avatar\/eca268467d925ec97d20641bb054fd944c0abb2f92854171620706bbe6474e7c?s=96&d=mm&r=g","caption":"lifefm"}}]}},"amp_enabled":true,"_links":{"self":[{"href":"https:\/\/radiolifefm.com.br\/noticias\/wp-json\/wp\/v2\/posts\/24781","targetHints":{"allow":["GET"]}}],"collection":[{"href":"https:\/\/radiolifefm.com.br\/noticias\/wp-json\/wp\/v2\/posts"}],"about":[{"href":"https:\/\/radiolifefm.com.br\/noticias\/wp-json\/wp\/v2\/types\/post"}],"author":[{"embeddable":true,"href":"https:\/\/radiolifefm.com.br\/noticias\/wp-json\/wp\/v2\/users\/3"}],"replies":[{"embeddable":true,"href":"https:\/\/radiolifefm.com.br\/noticias\/wp-json\/wp\/v2\/comments?post=24781"}],"version-history":[{"count":1,"href":"https:\/\/radiolifefm.com.br\/noticias\/wp-json\/wp\/v2\/posts\/24781\/revisions"}],"predecessor-version":[{"id":24785,"href":"https:\/\/radiolifefm.com.br\/noticias\/wp-json\/wp\/v2\/posts\/24781\/revisions\/24785"}],"wp:featuredmedia":[{"embeddable":true,"href":"https:\/\/radiolifefm.com.br\/noticias\/wp-json\/wp\/v2\/media\/24782"}],"wp:attachment":[{"href":"https:\/\/radiolifefm.com.br\/noticias\/wp-json\/wp\/v2\/media?parent=24781"}],"wp:term":[{"taxonomy":"category","embeddable":true,"href":"https:\/\/radiolifefm.com.br\/noticias\/wp-json\/wp\/v2\/categories?post=24781"},{"taxonomy":"post_tag","embeddable":true,"href":"https:\/\/radiolifefm.com.br\/noticias\/wp-json\/wp\/v2\/tags?post=24781"}],"curies":[{"name":"wp","href":"https:\/\/api.w.org\/{rel}","templated":true}]}}