{"id":24708,"date":"2020-07-22T16:52:13","date_gmt":"2020-07-22T19:52:13","guid":{"rendered":"https:\/\/radiolifefm.com.br\/noticias\/?p=24708"},"modified":"2026-04-24T08:04:25","modified_gmt":"2026-04-24T11:04:25","slug":"a-7a-temporada-de-masterchef-tera-participacao-de-uma-prudentina","status":"publish","type":"post","link":"https:\/\/radiolifefm.com.br\/noticias\/a-7a-temporada-de-masterchef-tera-participacao-de-uma-prudentina\/","title":{"rendered":"A 7\u00aa temporada de MasterChef ter\u00e1 participa\u00e7\u00e3o de uma prudentina"},"content":{"rendered":"<div id=\"fb-root\"><\/div>\n<p>&nbsp;<\/p>\n<p>&nbsp;<\/p>\n<p>Na ter\u00e7a-feira (14), estreou a 7\u00aa temporada do MasterChef Brasil. Os apresentadores explicaram sobre como foram as grava\u00e7\u00f5es do programa feitas durante a pandemia do coronav\u00edrus.<\/p>\n<div class=\"code-block code-block-22\"><\/div>\n<p>Entre os participantes do reality, est\u00e1 a prudentina Fernanda Lee que \u00e9 propriet\u00e1ria de alguns restaurantes na cidade, como: Ariga Food, Gr\u00e3o Seleto e Rota 390.<\/p>\n<p>&nbsp;<\/p>\n<p>A principal mudan\u00e7a do programa ser\u00e1 no fato de que n\u00e3o haver\u00e1 uma sequ\u00eancia ao longo da temporada. Cada epis\u00f3dio ter\u00e1 oito participantes diferentes e um vencedor, que receber\u00e1 pr\u00eamios, um trof\u00e9u e a possibilidade de ajudar a uma institui\u00e7\u00e3o de caridade.<\/p>\n<p>&nbsp;<\/p>\n<div class=\"code-block code-block-24\"><\/div>\n<p>\u201cA gente n\u00e3o vai ter um supercampe\u00e3o. Vai ter v\u00e1rios campe\u00f5es ao longo da temporada. Cada epis\u00f3dio se resume nele mesmo. Isso \u00e9 para reduzir o tempo das pessoas dentro do est\u00fadio. Com oito de cada vez, temos mais gente participando e mais sonhos sendo realizados\u201d, explicou Ana Paula Padr\u00e3o. \u201cIsso muda a din\u00e2mica porque quem est\u00e1 acostumado a estudar o MasterChef pela estrat\u00e9gia do que \u00e9 o jogo, n\u00e3o vai ter tempo para isso agora. Em um epis\u00f3dio a gente tem duas ou tr\u00eas provas, n\u00e3o d\u00e1 para ficar num patamar mediano.\u201d, ressaltou ela.<\/p>\n<p>&nbsp;<\/p>\n<div class=\"code-block code-block-4\">\n<div class=\"pg-lazy\" data-gpt-parent=\"prudenteimprudente_728x90_Desktop\"><\/div>\n<\/div>\n<p>A apresentadora ainda afirmou que outras mudan\u00e7as aconteceram em momentos tradicionais do programa. \u201cN\u00e3o teremos provas em dupla por conta do isolamento social. As provas s\u00e3o todas individuais, ent\u00e3o n\u00e3o d\u00e1 para fazer aliados. Ningu\u00e9m vai para o Mezanino\u201d.<\/p>\n<div class=\"code-block code-block-6\">\n<div class=\"pg-lazy\" data-gpt-parent=\"prudenteimprudente_336x280_Mobile\"><\/div>\n<\/div>\n<div class=\"code-block code-block-25\"><\/div>\n<p>\u201cToda nossa equipe de bastidores est\u00e1 paramentada para n\u00e3o haver nenhum tipo de contamina\u00e7\u00e3o. Aumentamos a din\u00e2mica de limpeza que j\u00e1 existia, por ser um programa de comida\u201d, disse a diretora do programa, Marisa Mesti\u00e7o.<\/p>\n<p>&nbsp;<\/p>\n<p>&nbsp;<\/p>\n<p>Em rela\u00e7\u00e3o ao pr\u00eamio, ele ser\u00e1 menor em rela\u00e7\u00e3o as outras temporadas. O vencedor de cada epis\u00f3dio ganhar\u00e1 R$ 5 mil e poder\u00e1 destinar outros R$ 5 mil para uma institui\u00e7\u00e3o beneficente.<\/p>\n<p>&nbsp;<\/p>\n<p>&nbsp;<\/p>\n<p>Al\u00e9m disso, o ganhador receber\u00e1 o trof\u00e9u do MasterChef e pr\u00eamios de patrocinadores ligados \u00e0 ind\u00fastria de panelas, geladeiras, universidades e sites de compra.<\/p>\n<p>&nbsp;<\/p>\n<p>&nbsp;<\/p>\n<p><img loading=\"lazy\" decoding=\"async\" class=\"alignnone size-medium wp-image-24709\" src=\"https:\/\/static.radiolifefm.com.br\/wp-content\/uploads\/sites\/2\/2020\/07\/000013-156x300.jpeg\" alt=\"\" width=\"156\" height=\"300\" srcset=\"https:\/\/radiolifefm.com.br\/noticias\/wp-content\/uploads\/2020\/07\/000013-156x300.jpeg 156w, https:\/\/radiolifefm.com.br\/noticias\/wp-content\/uploads\/2020\/07\/000013.jpeg 534w\" sizes=\"auto, (max-width: 156px) 100vw, 156px\" \/><\/p>\n<p>&nbsp;<\/p>\n<p>&nbsp;<\/p>\n<p><span style=\"color: #808080\">Fonte: Presidente Imprudente<\/span><\/p>\n","protected":false},"excerpt":{"rendered":"<p>&nbsp; &nbsp; Na ter\u00e7a-feira (14), estreou a 7\u00aa temporada do MasterChef Brasil. Os apresentadores explicaram sobre como foram as grava\u00e7\u00f5es do programa feitas durante a pandemia do coronav\u00edrus. Entre os participantes do reality, est\u00e1 a prudentina Fernanda Lee que \u00e9 propriet\u00e1ria de alguns restaurantes na cidade, como: Ariga Food, Gr\u00e3o Seleto e Rota 390. &nbsp; [&hellip;]<\/p>\n","protected":false},"author":12,"featured_media":24710,"comment_status":"closed","ping_status":"open","sticky":false,"template":"","format":"standard","meta":{"_acf_changed":false,"_exactmetrics_skip_tracking":false,"_exactmetrics_sitenote_active":false,"_exactmetrics_sitenote_note":"","_exactmetrics_sitenote_category":0,"footnotes":""},"categories":[24],"tags":[],"class_list":["post-24708","post","type-post","status-publish","format-standard","has-post-thumbnail","hentry","category-regiao"],"acf":[],"yoast_head":"<!-- This site is optimized with the Yoast SEO plugin v27.2 - https:\/\/yoast.com\/product\/yoast-seo-wordpress\/ -->\n<title>A 7\u00aa temporada de MasterChef ter\u00e1 participa\u00e7\u00e3o de uma prudentina - R\u00e1dio Life FM<\/title>\n<meta name=\"robots\" content=\"index, follow, max-snippet:-1, max-image-preview:large, max-video-preview:-1\" \/>\n<link rel=\"canonical\" href=\"https:\/\/radiolifefm.com.br\/noticias\/a-7a-temporada-de-masterchef-tera-participacao-de-uma-prudentina\/\" \/>\n<meta property=\"og:locale\" content=\"pt_BR\" \/>\n<meta property=\"og:type\" content=\"article\" \/>\n<meta property=\"og:title\" content=\"A 7\u00aa temporada de MasterChef ter\u00e1 participa\u00e7\u00e3o de uma prudentina - R\u00e1dio Life FM\" \/>\n<meta property=\"og:description\" content=\"&nbsp; &nbsp; Na ter\u00e7a-feira (14), estreou a 7\u00aa temporada do MasterChef Brasil. Os apresentadores explicaram sobre como foram as grava\u00e7\u00f5es do programa feitas durante a pandemia do coronav\u00edrus. Entre os participantes do reality, est\u00e1 a prudentina Fernanda Lee que \u00e9 propriet\u00e1ria de alguns restaurantes na cidade, como: Ariga Food, Gr\u00e3o Seleto e Rota 390. &nbsp; [&hellip;]\" \/>\n<meta property=\"og:url\" content=\"https:\/\/radiolifefm.com.br\/noticias\/a-7a-temporada-de-masterchef-tera-participacao-de-uma-prudentina\/\" \/>\n<meta property=\"og:site_name\" content=\"R\u00e1dio Life FM\" \/>\n<meta property=\"article:publisher\" content=\"https:\/\/www.facebook.com\/radiolifefm\/\" \/>\n<meta property=\"article:published_time\" content=\"2020-07-22T19:52:13+00:00\" \/>\n<meta property=\"article:modified_time\" content=\"2026-04-24T11:04:25+00:00\" \/>\n<meta property=\"og:image\" content=\"https:\/\/radiolifefm.com.br\/noticias\/wp-content\/uploads\/2020\/07\/00000012-e1595447456810.jpg\" \/>\n\t<meta property=\"og:image:width\" content=\"960\" \/>\n\t<meta property=\"og:image:height\" content=\"631\" \/>\n\t<meta property=\"og:image:type\" content=\"image\/jpeg\" \/>\n<meta name=\"author\" content=\"mayraferrari\" \/>\n<meta name=\"twitter:card\" content=\"summary_large_image\" \/>\n<meta name=\"twitter:label1\" content=\"Escrito por\" \/>\n\t<meta name=\"twitter:data1\" content=\"mayraferrari\" \/>\n\t<meta name=\"twitter:label2\" content=\"Est. tempo de leitura\" \/>\n\t<meta name=\"twitter:data2\" content=\"2 minutos\" \/>\n<script type=\"application\/ld+json\" class=\"yoast-schema-graph\">{\"@context\":\"https:\/\/schema.org\",\"@graph\":[{\"@type\":\"Article\",\"@id\":\"https:\/\/radiolifefm.com.br\/noticias\/a-7a-temporada-de-masterchef-tera-participacao-de-uma-prudentina\/#article\",\"isPartOf\":{\"@id\":\"https:\/\/radiolifefm.com.br\/noticias\/a-7a-temporada-de-masterchef-tera-participacao-de-uma-prudentina\/\"},\"author\":{\"name\":\"mayraferrari\",\"@id\":\"https:\/\/radiolifefm.com.br\/noticias\/#\/schema\/person\/d37940c51f50a0c5db4e065bb527a35d\"},\"headline\":\"A 7\u00aa temporada de MasterChef ter\u00e1 participa\u00e7\u00e3o de uma prudentina\",\"datePublished\":\"2020-07-22T19:52:13+00:00\",\"dateModified\":\"2026-04-24T11:04:25+00:00\",\"mainEntityOfPage\":{\"@id\":\"https:\/\/radiolifefm.com.br\/noticias\/a-7a-temporada-de-masterchef-tera-participacao-de-uma-prudentina\/\"},\"wordCount\":380,\"publisher\":{\"@id\":\"https:\/\/radiolifefm.com.br\/noticias\/#organization\"},\"image\":{\"@id\":\"https:\/\/radiolifefm.com.br\/noticias\/a-7a-temporada-de-masterchef-tera-participacao-de-uma-prudentina\/#primaryimage\"},\"thumbnailUrl\":\"https:\/\/radiolifefm.com.br\/noticias\/wp-content\/uploads\/2020\/07\/00000012-e1595447456810.jpg\",\"articleSection\":[\"Regi\u00e3o\"],\"inLanguage\":\"pt-BR\"},{\"@type\":\"WebPage\",\"@id\":\"https:\/\/radiolifefm.com.br\/noticias\/a-7a-temporada-de-masterchef-tera-participacao-de-uma-prudentina\/\",\"url\":\"https:\/\/radiolifefm.com.br\/noticias\/a-7a-temporada-de-masterchef-tera-participacao-de-uma-prudentina\/\",\"name\":\"A 7\u00aa temporada de MasterChef ter\u00e1 participa\u00e7\u00e3o de uma prudentina - R\u00e1dio Life FM\",\"isPartOf\":{\"@id\":\"https:\/\/radiolifefm.com.br\/noticias\/#website\"},\"primaryImageOfPage\":{\"@id\":\"https:\/\/radiolifefm.com.br\/noticias\/a-7a-temporada-de-masterchef-tera-participacao-de-uma-prudentina\/#primaryimage\"},\"image\":{\"@id\":\"https:\/\/radiolifefm.com.br\/noticias\/a-7a-temporada-de-masterchef-tera-participacao-de-uma-prudentina\/#primaryimage\"},\"thumbnailUrl\":\"https:\/\/radiolifefm.com.br\/noticias\/wp-content\/uploads\/2020\/07\/00000012-e1595447456810.jpg\",\"datePublished\":\"2020-07-22T19:52:13+00:00\",\"dateModified\":\"2026-04-24T11:04:25+00:00\",\"breadcrumb\":{\"@id\":\"https:\/\/radiolifefm.com.br\/noticias\/a-7a-temporada-de-masterchef-tera-participacao-de-uma-prudentina\/#breadcrumb\"},\"inLanguage\":\"pt-BR\",\"potentialAction\":[{\"@type\":\"ReadAction\",\"target\":[\"https:\/\/radiolifefm.com.br\/noticias\/a-7a-temporada-de-masterchef-tera-participacao-de-uma-prudentina\/\"]}]},{\"@type\":\"ImageObject\",\"inLanguage\":\"pt-BR\",\"@id\":\"https:\/\/radiolifefm.com.br\/noticias\/a-7a-temporada-de-masterchef-tera-participacao-de-uma-prudentina\/#primaryimage\",\"url\":\"https:\/\/radiolifefm.com.br\/noticias\/wp-content\/uploads\/2020\/07\/00000012-e1595447456810.jpg\",\"contentUrl\":\"https:\/\/radiolifefm.com.br\/noticias\/wp-content\/uploads\/2020\/07\/00000012-e1595447456810.jpg\",\"width\":960,\"height\":631},{\"@type\":\"BreadcrumbList\",\"@id\":\"https:\/\/radiolifefm.com.br\/noticias\/a-7a-temporada-de-masterchef-tera-participacao-de-uma-prudentina\/#breadcrumb\",\"itemListElement\":[{\"@type\":\"ListItem\",\"position\":1,\"name\":\"In\u00edcio\",\"item\":\"https:\/\/radiolifefm.com.br\/noticias\/\"},{\"@type\":\"ListItem\",\"position\":2,\"name\":\"A 7\u00aa temporada de MasterChef ter\u00e1 participa\u00e7\u00e3o de uma prudentina\"}]},{\"@type\":\"WebSite\",\"@id\":\"https:\/\/radiolifefm.com.br\/noticias\/#website\",\"url\":\"https:\/\/radiolifefm.com.br\/noticias\/\",\"name\":\"R\u00e1dio Life FM\",\"description\":\"O Portal de Not\u00edcias de Adamantina\",\"publisher\":{\"@id\":\"https:\/\/radiolifefm.com.br\/noticias\/#organization\"},\"alternateName\":\"Life FM\",\"potentialAction\":[{\"@type\":\"SearchAction\",\"target\":{\"@type\":\"EntryPoint\",\"urlTemplate\":\"https:\/\/radiolifefm.com.br\/noticias\/?s={search_term_string}\"},\"query-input\":{\"@type\":\"PropertyValueSpecification\",\"valueRequired\":true,\"valueName\":\"search_term_string\"}}],\"inLanguage\":\"pt-BR\"},{\"@type\":\"Organization\",\"@id\":\"https:\/\/radiolifefm.com.br\/noticias\/#organization\",\"name\":\"R\u00e1dio Life FM\",\"alternateName\":\"Life FM\",\"url\":\"https:\/\/radiolifefm.com.br\/noticias\/\",\"logo\":{\"@type\":\"ImageObject\",\"inLanguage\":\"pt-BR\",\"@id\":\"https:\/\/radiolifefm.com.br\/noticias\/#\/schema\/logo\/image\/\",\"url\":\"https:\/\/static.radiolifefm.com.br\/noticias\/wp-content\/uploads\/2019\/10\/logo-lifefm.png\",\"contentUrl\":\"https:\/\/static.radiolifefm.com.br\/noticias\/wp-content\/uploads\/2019\/10\/logo-lifefm.png\",\"width\":196,\"height\":47,\"caption\":\"R\u00e1dio Life FM\"},\"image\":{\"@id\":\"https:\/\/radiolifefm.com.br\/noticias\/#\/schema\/logo\/image\/\"},\"sameAs\":[\"https:\/\/www.facebook.com\/radiolifefm\/\",\"https:\/\/www.instagram.com\/life1079fm\/\"]},{\"@type\":\"Person\",\"@id\":\"https:\/\/radiolifefm.com.br\/noticias\/#\/schema\/person\/d37940c51f50a0c5db4e065bb527a35d\",\"name\":\"mayraferrari\",\"image\":{\"@type\":\"ImageObject\",\"inLanguage\":\"pt-BR\",\"@id\":\"https:\/\/secure.gravatar.com\/avatar\/69374fafea2eae004e87f555bcb8bb6e24c5d501c2ffec6bbedf0a8f25427b93?s=96&d=mm&r=g\",\"url\":\"https:\/\/secure.gravatar.com\/avatar\/69374fafea2eae004e87f555bcb8bb6e24c5d501c2ffec6bbedf0a8f25427b93?s=96&d=mm&r=g\",\"contentUrl\":\"https:\/\/secure.gravatar.com\/avatar\/69374fafea2eae004e87f555bcb8bb6e24c5d501c2ffec6bbedf0a8f25427b93?s=96&d=mm&r=g\",\"caption\":\"mayraferrari\"}}]}<\/script>\n<!-- \/ Yoast SEO plugin. -->","yoast_head_json":{"title":"A 7\u00aa temporada de MasterChef ter\u00e1 participa\u00e7\u00e3o de uma prudentina - R\u00e1dio Life FM","robots":{"index":"index","follow":"follow","max-snippet":"max-snippet:-1","max-image-preview":"max-image-preview:large","max-video-preview":"max-video-preview:-1"},"canonical":"https:\/\/radiolifefm.com.br\/noticias\/a-7a-temporada-de-masterchef-tera-participacao-de-uma-prudentina\/","og_locale":"pt_BR","og_type":"article","og_title":"A 7\u00aa temporada de MasterChef ter\u00e1 participa\u00e7\u00e3o de uma prudentina - R\u00e1dio Life FM","og_description":"&nbsp; &nbsp; Na ter\u00e7a-feira (14), estreou a 7\u00aa temporada do MasterChef Brasil. Os apresentadores explicaram sobre como foram as grava\u00e7\u00f5es do programa feitas durante a pandemia do coronav\u00edrus. Entre os participantes do reality, est\u00e1 a prudentina Fernanda Lee que \u00e9 propriet\u00e1ria de alguns restaurantes na cidade, como: Ariga Food, Gr\u00e3o Seleto e Rota 390. &nbsp; [&hellip;]","og_url":"https:\/\/radiolifefm.com.br\/noticias\/a-7a-temporada-de-masterchef-tera-participacao-de-uma-prudentina\/","og_site_name":"R\u00e1dio Life FM","article_publisher":"https:\/\/www.facebook.com\/radiolifefm\/","article_published_time":"2020-07-22T19:52:13+00:00","article_modified_time":"2026-04-24T11:04:25+00:00","og_image":[{"width":960,"height":631,"url":"https:\/\/radiolifefm.com.br\/noticias\/wp-content\/uploads\/2020\/07\/00000012-e1595447456810.jpg","type":"image\/jpeg"}],"author":"mayraferrari","twitter_card":"summary_large_image","twitter_misc":{"Escrito por":"mayraferrari","Est. tempo de leitura":"2 minutos"},"schema":{"@context":"https:\/\/schema.org","@graph":[{"@type":"Article","@id":"https:\/\/radiolifefm.com.br\/noticias\/a-7a-temporada-de-masterchef-tera-participacao-de-uma-prudentina\/#article","isPartOf":{"@id":"https:\/\/radiolifefm.com.br\/noticias\/a-7a-temporada-de-masterchef-tera-participacao-de-uma-prudentina\/"},"author":{"name":"mayraferrari","@id":"https:\/\/radiolifefm.com.br\/noticias\/#\/schema\/person\/d37940c51f50a0c5db4e065bb527a35d"},"headline":"A 7\u00aa temporada de MasterChef ter\u00e1 participa\u00e7\u00e3o de uma prudentina","datePublished":"2020-07-22T19:52:13+00:00","dateModified":"2026-04-24T11:04:25+00:00","mainEntityOfPage":{"@id":"https:\/\/radiolifefm.com.br\/noticias\/a-7a-temporada-de-masterchef-tera-participacao-de-uma-prudentina\/"},"wordCount":380,"publisher":{"@id":"https:\/\/radiolifefm.com.br\/noticias\/#organization"},"image":{"@id":"https:\/\/radiolifefm.com.br\/noticias\/a-7a-temporada-de-masterchef-tera-participacao-de-uma-prudentina\/#primaryimage"},"thumbnailUrl":"https:\/\/radiolifefm.com.br\/noticias\/wp-content\/uploads\/2020\/07\/00000012-e1595447456810.jpg","articleSection":["Regi\u00e3o"],"inLanguage":"pt-BR"},{"@type":"WebPage","@id":"https:\/\/radiolifefm.com.br\/noticias\/a-7a-temporada-de-masterchef-tera-participacao-de-uma-prudentina\/","url":"https:\/\/radiolifefm.com.br\/noticias\/a-7a-temporada-de-masterchef-tera-participacao-de-uma-prudentina\/","name":"A 7\u00aa temporada de MasterChef ter\u00e1 participa\u00e7\u00e3o de uma prudentina - R\u00e1dio Life FM","isPartOf":{"@id":"https:\/\/radiolifefm.com.br\/noticias\/#website"},"primaryImageOfPage":{"@id":"https:\/\/radiolifefm.com.br\/noticias\/a-7a-temporada-de-masterchef-tera-participacao-de-uma-prudentina\/#primaryimage"},"image":{"@id":"https:\/\/radiolifefm.com.br\/noticias\/a-7a-temporada-de-masterchef-tera-participacao-de-uma-prudentina\/#primaryimage"},"thumbnailUrl":"https:\/\/radiolifefm.com.br\/noticias\/wp-content\/uploads\/2020\/07\/00000012-e1595447456810.jpg","datePublished":"2020-07-22T19:52:13+00:00","dateModified":"2026-04-24T11:04:25+00:00","breadcrumb":{"@id":"https:\/\/radiolifefm.com.br\/noticias\/a-7a-temporada-de-masterchef-tera-participacao-de-uma-prudentina\/#breadcrumb"},"inLanguage":"pt-BR","potentialAction":[{"@type":"ReadAction","target":["https:\/\/radiolifefm.com.br\/noticias\/a-7a-temporada-de-masterchef-tera-participacao-de-uma-prudentina\/"]}]},{"@type":"ImageObject","inLanguage":"pt-BR","@id":"https:\/\/radiolifefm.com.br\/noticias\/a-7a-temporada-de-masterchef-tera-participacao-de-uma-prudentina\/#primaryimage","url":"https:\/\/radiolifefm.com.br\/noticias\/wp-content\/uploads\/2020\/07\/00000012-e1595447456810.jpg","contentUrl":"https:\/\/radiolifefm.com.br\/noticias\/wp-content\/uploads\/2020\/07\/00000012-e1595447456810.jpg","width":960,"height":631},{"@type":"BreadcrumbList","@id":"https:\/\/radiolifefm.com.br\/noticias\/a-7a-temporada-de-masterchef-tera-participacao-de-uma-prudentina\/#breadcrumb","itemListElement":[{"@type":"ListItem","position":1,"name":"In\u00edcio","item":"https:\/\/radiolifefm.com.br\/noticias\/"},{"@type":"ListItem","position":2,"name":"A 7\u00aa temporada de MasterChef ter\u00e1 participa\u00e7\u00e3o de uma prudentina"}]},{"@type":"WebSite","@id":"https:\/\/radiolifefm.com.br\/noticias\/#website","url":"https:\/\/radiolifefm.com.br\/noticias\/","name":"R\u00e1dio Life FM","description":"O Portal de Not\u00edcias de Adamantina","publisher":{"@id":"https:\/\/radiolifefm.com.br\/noticias\/#organization"},"alternateName":"Life FM","potentialAction":[{"@type":"SearchAction","target":{"@type":"EntryPoint","urlTemplate":"https:\/\/radiolifefm.com.br\/noticias\/?s={search_term_string}"},"query-input":{"@type":"PropertyValueSpecification","valueRequired":true,"valueName":"search_term_string"}}],"inLanguage":"pt-BR"},{"@type":"Organization","@id":"https:\/\/radiolifefm.com.br\/noticias\/#organization","name":"R\u00e1dio Life FM","alternateName":"Life FM","url":"https:\/\/radiolifefm.com.br\/noticias\/","logo":{"@type":"ImageObject","inLanguage":"pt-BR","@id":"https:\/\/radiolifefm.com.br\/noticias\/#\/schema\/logo\/image\/","url":"https:\/\/static.radiolifefm.com.br\/noticias\/wp-content\/uploads\/2019\/10\/logo-lifefm.png","contentUrl":"https:\/\/static.radiolifefm.com.br\/noticias\/wp-content\/uploads\/2019\/10\/logo-lifefm.png","width":196,"height":47,"caption":"R\u00e1dio Life FM"},"image":{"@id":"https:\/\/radiolifefm.com.br\/noticias\/#\/schema\/logo\/image\/"},"sameAs":["https:\/\/www.facebook.com\/radiolifefm\/","https:\/\/www.instagram.com\/life1079fm\/"]},{"@type":"Person","@id":"https:\/\/radiolifefm.com.br\/noticias\/#\/schema\/person\/d37940c51f50a0c5db4e065bb527a35d","name":"mayraferrari","image":{"@type":"ImageObject","inLanguage":"pt-BR","@id":"https:\/\/secure.gravatar.com\/avatar\/69374fafea2eae004e87f555bcb8bb6e24c5d501c2ffec6bbedf0a8f25427b93?s=96&d=mm&r=g","url":"https:\/\/secure.gravatar.com\/avatar\/69374fafea2eae004e87f555bcb8bb6e24c5d501c2ffec6bbedf0a8f25427b93?s=96&d=mm&r=g","contentUrl":"https:\/\/secure.gravatar.com\/avatar\/69374fafea2eae004e87f555bcb8bb6e24c5d501c2ffec6bbedf0a8f25427b93?s=96&d=mm&r=g","caption":"mayraferrari"}}]}},"amp_enabled":true,"_links":{"self":[{"href":"https:\/\/radiolifefm.com.br\/noticias\/wp-json\/wp\/v2\/posts\/24708","targetHints":{"allow":["GET"]}}],"collection":[{"href":"https:\/\/radiolifefm.com.br\/noticias\/wp-json\/wp\/v2\/posts"}],"about":[{"href":"https:\/\/radiolifefm.com.br\/noticias\/wp-json\/wp\/v2\/types\/post"}],"author":[{"embeddable":true,"href":"https:\/\/radiolifefm.com.br\/noticias\/wp-json\/wp\/v2\/users\/12"}],"replies":[{"embeddable":true,"href":"https:\/\/radiolifefm.com.br\/noticias\/wp-json\/wp\/v2\/comments?post=24708"}],"version-history":[{"count":7,"href":"https:\/\/radiolifefm.com.br\/noticias\/wp-json\/wp\/v2\/posts\/24708\/revisions"}],"predecessor-version":[{"id":24717,"href":"https:\/\/radiolifefm.com.br\/noticias\/wp-json\/wp\/v2\/posts\/24708\/revisions\/24717"}],"wp:featuredmedia":[{"embeddable":true,"href":"https:\/\/radiolifefm.com.br\/noticias\/wp-json\/wp\/v2\/media\/24710"}],"wp:attachment":[{"href":"https:\/\/radiolifefm.com.br\/noticias\/wp-json\/wp\/v2\/media?parent=24708"}],"wp:term":[{"taxonomy":"category","embeddable":true,"href":"https:\/\/radiolifefm.com.br\/noticias\/wp-json\/wp\/v2\/categories?post=24708"},{"taxonomy":"post_tag","embeddable":true,"href":"https:\/\/radiolifefm.com.br\/noticias\/wp-json\/wp\/v2\/tags?post=24708"}],"curies":[{"name":"wp","href":"https:\/\/api.w.org\/{rel}","templated":true}]}}