{"id":24693,"date":"2020-07-22T09:27:17","date_gmt":"2020-07-22T12:27:17","guid":{"rendered":"https:\/\/radiolifefm.com.br\/noticias\/?p=24693"},"modified":"2026-04-28T05:59:16","modified_gmt":"2026-04-28T08:59:16","slug":"reparo-em-viaduto-interdita-faixa-da-sp-294-em-inubia-paulista","status":"publish","type":"post","link":"https:\/\/radiolifefm.com.br\/noticias\/reparo-em-viaduto-interdita-faixa-da-sp-294-em-inubia-paulista\/","title":{"rendered":"Reparo em viaduto interdita faixa da SP 294, em In\u00fabia Paulista"},"content":{"rendered":"<div id=\"fb-root\"><\/div>\n<p><em>Manuten\u00e7\u00e3o segue at\u00e9 31 de julho com altera\u00e7\u00f5es no tr\u00e1fego<\/em><\/p>\n<p>Interven\u00e7\u00f5es em viaduto localizado na SP 294 \u2013 Rodovia Comandante Jo\u00e3o Ribeiro de Barros causam o fechamento de faixa em trecho do munic\u00edpio de In\u00fabia Paulista. A previs\u00e3o \u00e9 que o tr\u00e1fego no quil\u00f4metro 579 permane\u00e7a alterado durante os trabalhos, diariamente, das 7h \u00e0s 17h, at\u00e9 31 de julho.<\/p>\n<p>Neste per\u00edodo, a faixa para quem segue no sentido Mar\u00edlia estar\u00e1 bloqueada e a circula\u00e7\u00e3o de ve\u00edculos ser\u00e1 desviada para al\u00e7a do trecho. O local segue sinalizado e a Eixo SP Concession\u00e1ria de Rodovias tem o apoio da PMRv \u2013 Pol\u00edcia Militar Rodovi\u00e1ria na opera\u00e7\u00e3o.<\/p>\n<p>O viaduto est\u00e1 em conformidade para o tr\u00e1fego, mas o reparo \u00e9 pontual para a corre\u00e7\u00e3o de dano superficial causado por choque de caminh\u00e3o. \u201cEste \u00e9 um dos procedimentos que a concession\u00e1ria realiza rotineiramente com foco na manuten\u00e7\u00e3o e revitaliza\u00e7\u00e3o do corredor rodovi\u00e1rio que administra. Integra o plano de a\u00e7\u00f5es que j\u00e1 iniciou a recupera\u00e7\u00e3o de obras de arte, sistemas de drenagem e sinaliza\u00e7\u00e3o das rodovias\u201d, afirma Jos\u00e9 Pereira, gerente de Conserva\u00e7\u00e3o da Eixo SP na regional de Martin\u00f3polis.<\/p>\n<p>As obras ser\u00e3o executadas diariamente das 7h \u00e0s 17h. Em caso de chuva, o cronograma dos servi\u00e7os poder\u00e1 sofrer altera\u00e7\u00f5es. A Eixo SP recomenda ao motorista redobrar a aten\u00e7\u00e3o ao passar por trechos em manuten\u00e7\u00e3o, diminuir a velocidade e jamais parar para observar a movimenta\u00e7\u00e3o de m\u00e1quinas e trabalhadores na pista, conduta que oferece o risco de colis\u00e3o traseira.<\/p>\n<p>&nbsp;<\/p>\n<p><strong>Sobre a Eixo SP<\/strong><\/p>\n<p>A Eixo SP Concession\u00e1ria de Rodovias administra o lote Pipa (Piracicaba-Panorama), malha com mais de 1.273 km de estradas que passam por 62 munic\u00edpios da regi\u00e3o de Rio Claro, no centro do Estado, at\u00e9 Panorama, no extremo oeste, na divisa com o Mato Grosso do Sul. O maior contrato sob supervis\u00e3o da Artesp \u2013 Ag\u00eancia Reguladora de Transportes do Estado de S\u00e3o Paulo, ter\u00e1 investimentos na ordem de R$ 14 bilh\u00f5es em obras de amplia\u00e7\u00e3o, conserva\u00e7\u00e3o, al\u00e9m da moderniza\u00e7\u00e3o de servi\u00e7os ao usu\u00e1rio. Mais informa\u00e7\u00f5es acesse: www.eixosp.com.br.<\/p>\n","protected":false},"excerpt":{"rendered":"<p>Manuten\u00e7\u00e3o segue at\u00e9 31 de julho com altera\u00e7\u00f5es no tr\u00e1fego Interven\u00e7\u00f5es em viaduto localizado na SP 294 \u2013 Rodovia Comandante Jo\u00e3o Ribeiro de Barros causam o fechamento de faixa em trecho do munic\u00edpio de In\u00fabia Paulista. A previs\u00e3o \u00e9 que o tr\u00e1fego no quil\u00f4metro 579 permane\u00e7a alterado durante os trabalhos, diariamente, das 7h \u00e0s 17h, [&hellip;]<\/p>\n","protected":false},"author":3,"featured_media":24694,"comment_status":"closed","ping_status":"open","sticky":false,"template":"","format":"standard","meta":{"_acf_changed":false,"_exactmetrics_skip_tracking":false,"_exactmetrics_sitenote_active":false,"_exactmetrics_sitenote_note":"","_exactmetrics_sitenote_category":0,"footnotes":""},"categories":[24],"tags":[],"class_list":["post-24693","post","type-post","status-publish","format-standard","has-post-thumbnail","hentry","category-regiao"],"acf":[],"yoast_head":"<!-- This site is optimized with the Yoast SEO plugin v27.2 - https:\/\/yoast.com\/product\/yoast-seo-wordpress\/ -->\n<title>Reparo em viaduto interdita faixa da SP 294, em In\u00fabia Paulista - R\u00e1dio Life FM<\/title>\n<meta name=\"robots\" content=\"index, follow, max-snippet:-1, max-image-preview:large, max-video-preview:-1\" \/>\n<link rel=\"canonical\" href=\"https:\/\/radiolifefm.com.br\/noticias\/reparo-em-viaduto-interdita-faixa-da-sp-294-em-inubia-paulista\/\" \/>\n<meta property=\"og:locale\" content=\"pt_BR\" \/>\n<meta property=\"og:type\" content=\"article\" \/>\n<meta property=\"og:title\" content=\"Reparo em viaduto interdita faixa da SP 294, em In\u00fabia Paulista - R\u00e1dio Life FM\" \/>\n<meta property=\"og:description\" content=\"Manuten\u00e7\u00e3o segue at\u00e9 31 de julho com altera\u00e7\u00f5es no tr\u00e1fego Interven\u00e7\u00f5es em viaduto localizado na SP 294 \u2013 Rodovia Comandante Jo\u00e3o Ribeiro de Barros causam o fechamento de faixa em trecho do munic\u00edpio de In\u00fabia Paulista. A previs\u00e3o \u00e9 que o tr\u00e1fego no quil\u00f4metro 579 permane\u00e7a alterado durante os trabalhos, diariamente, das 7h \u00e0s 17h, [&hellip;]\" \/>\n<meta property=\"og:url\" content=\"https:\/\/radiolifefm.com.br\/noticias\/reparo-em-viaduto-interdita-faixa-da-sp-294-em-inubia-paulista\/\" \/>\n<meta property=\"og:site_name\" content=\"R\u00e1dio Life FM\" \/>\n<meta property=\"article:publisher\" content=\"https:\/\/www.facebook.com\/radiolifefm\/\" \/>\n<meta property=\"article:published_time\" content=\"2020-07-22T12:27:17+00:00\" \/>\n<meta property=\"article:modified_time\" content=\"2026-04-28T08:59:16+00:00\" \/>\n<meta property=\"og:image\" content=\"https:\/\/radiolifefm.com.br\/noticias\/wp-content\/uploads\/2020\/07\/Eixo-Viaduto-In\u00fabia.jpg\" \/>\n\t<meta property=\"og:image:width\" content=\"342\" \/>\n\t<meta property=\"og:image:height\" content=\"212\" \/>\n\t<meta property=\"og:image:type\" content=\"image\/jpeg\" \/>\n<meta name=\"author\" content=\"lifefm\" \/>\n<meta name=\"twitter:card\" content=\"summary_large_image\" \/>\n<meta name=\"twitter:label1\" content=\"Escrito por\" \/>\n\t<meta name=\"twitter:data1\" content=\"lifefm\" \/>\n\t<meta name=\"twitter:label2\" content=\"Est. tempo de leitura\" \/>\n\t<meta name=\"twitter:data2\" content=\"2 minutos\" \/>\n<script type=\"application\/ld+json\" class=\"yoast-schema-graph\">{\"@context\":\"https:\/\/schema.org\",\"@graph\":[{\"@type\":\"Article\",\"@id\":\"https:\/\/radiolifefm.com.br\/noticias\/reparo-em-viaduto-interdita-faixa-da-sp-294-em-inubia-paulista\/#article\",\"isPartOf\":{\"@id\":\"https:\/\/radiolifefm.com.br\/noticias\/reparo-em-viaduto-interdita-faixa-da-sp-294-em-inubia-paulista\/\"},\"author\":{\"name\":\"lifefm\",\"@id\":\"https:\/\/radiolifefm.com.br\/noticias\/#\/schema\/person\/1d4e4b1301322090c6221bf1c8420490\"},\"headline\":\"Reparo em viaduto interdita faixa da SP 294, em In\u00fabia Paulista\",\"datePublished\":\"2020-07-22T12:27:17+00:00\",\"dateModified\":\"2026-04-28T08:59:16+00:00\",\"mainEntityOfPage\":{\"@id\":\"https:\/\/radiolifefm.com.br\/noticias\/reparo-em-viaduto-interdita-faixa-da-sp-294-em-inubia-paulista\/\"},\"wordCount\":389,\"publisher\":{\"@id\":\"https:\/\/radiolifefm.com.br\/noticias\/#organization\"},\"image\":{\"@id\":\"https:\/\/radiolifefm.com.br\/noticias\/reparo-em-viaduto-interdita-faixa-da-sp-294-em-inubia-paulista\/#primaryimage\"},\"thumbnailUrl\":\"https:\/\/radiolifefm.com.br\/noticias\/wp-content\/uploads\/2020\/07\/Eixo-Viaduto-In\u00fabia.jpg\",\"articleSection\":[\"Regi\u00e3o\"],\"inLanguage\":\"pt-BR\"},{\"@type\":\"WebPage\",\"@id\":\"https:\/\/radiolifefm.com.br\/noticias\/reparo-em-viaduto-interdita-faixa-da-sp-294-em-inubia-paulista\/\",\"url\":\"https:\/\/radiolifefm.com.br\/noticias\/reparo-em-viaduto-interdita-faixa-da-sp-294-em-inubia-paulista\/\",\"name\":\"Reparo em viaduto interdita faixa da SP 294, em In\u00fabia Paulista - R\u00e1dio Life FM\",\"isPartOf\":{\"@id\":\"https:\/\/radiolifefm.com.br\/noticias\/#website\"},\"primaryImageOfPage\":{\"@id\":\"https:\/\/radiolifefm.com.br\/noticias\/reparo-em-viaduto-interdita-faixa-da-sp-294-em-inubia-paulista\/#primaryimage\"},\"image\":{\"@id\":\"https:\/\/radiolifefm.com.br\/noticias\/reparo-em-viaduto-interdita-faixa-da-sp-294-em-inubia-paulista\/#primaryimage\"},\"thumbnailUrl\":\"https:\/\/radiolifefm.com.br\/noticias\/wp-content\/uploads\/2020\/07\/Eixo-Viaduto-In\u00fabia.jpg\",\"datePublished\":\"2020-07-22T12:27:17+00:00\",\"dateModified\":\"2026-04-28T08:59:16+00:00\",\"breadcrumb\":{\"@id\":\"https:\/\/radiolifefm.com.br\/noticias\/reparo-em-viaduto-interdita-faixa-da-sp-294-em-inubia-paulista\/#breadcrumb\"},\"inLanguage\":\"pt-BR\",\"potentialAction\":[{\"@type\":\"ReadAction\",\"target\":[\"https:\/\/radiolifefm.com.br\/noticias\/reparo-em-viaduto-interdita-faixa-da-sp-294-em-inubia-paulista\/\"]}]},{\"@type\":\"ImageObject\",\"inLanguage\":\"pt-BR\",\"@id\":\"https:\/\/radiolifefm.com.br\/noticias\/reparo-em-viaduto-interdita-faixa-da-sp-294-em-inubia-paulista\/#primaryimage\",\"url\":\"https:\/\/radiolifefm.com.br\/noticias\/wp-content\/uploads\/2020\/07\/Eixo-Viaduto-In\u00fabia.jpg\",\"contentUrl\":\"https:\/\/radiolifefm.com.br\/noticias\/wp-content\/uploads\/2020\/07\/Eixo-Viaduto-In\u00fabia.jpg\",\"width\":342,\"height\":212},{\"@type\":\"BreadcrumbList\",\"@id\":\"https:\/\/radiolifefm.com.br\/noticias\/reparo-em-viaduto-interdita-faixa-da-sp-294-em-inubia-paulista\/#breadcrumb\",\"itemListElement\":[{\"@type\":\"ListItem\",\"position\":1,\"name\":\"In\u00edcio\",\"item\":\"https:\/\/radiolifefm.com.br\/noticias\/\"},{\"@type\":\"ListItem\",\"position\":2,\"name\":\"Reparo em viaduto interdita faixa da SP 294, em In\u00fabia Paulista\"}]},{\"@type\":\"WebSite\",\"@id\":\"https:\/\/radiolifefm.com.br\/noticias\/#website\",\"url\":\"https:\/\/radiolifefm.com.br\/noticias\/\",\"name\":\"R\u00e1dio Life FM\",\"description\":\"O Portal de Not\u00edcias de Adamantina\",\"publisher\":{\"@id\":\"https:\/\/radiolifefm.com.br\/noticias\/#organization\"},\"alternateName\":\"Life FM\",\"potentialAction\":[{\"@type\":\"SearchAction\",\"target\":{\"@type\":\"EntryPoint\",\"urlTemplate\":\"https:\/\/radiolifefm.com.br\/noticias\/?s={search_term_string}\"},\"query-input\":{\"@type\":\"PropertyValueSpecification\",\"valueRequired\":true,\"valueName\":\"search_term_string\"}}],\"inLanguage\":\"pt-BR\"},{\"@type\":\"Organization\",\"@id\":\"https:\/\/radiolifefm.com.br\/noticias\/#organization\",\"name\":\"R\u00e1dio Life FM\",\"alternateName\":\"Life FM\",\"url\":\"https:\/\/radiolifefm.com.br\/noticias\/\",\"logo\":{\"@type\":\"ImageObject\",\"inLanguage\":\"pt-BR\",\"@id\":\"https:\/\/radiolifefm.com.br\/noticias\/#\/schema\/logo\/image\/\",\"url\":\"https:\/\/static.radiolifefm.com.br\/noticias\/wp-content\/uploads\/2019\/10\/logo-lifefm.png\",\"contentUrl\":\"https:\/\/static.radiolifefm.com.br\/noticias\/wp-content\/uploads\/2019\/10\/logo-lifefm.png\",\"width\":196,\"height\":47,\"caption\":\"R\u00e1dio Life FM\"},\"image\":{\"@id\":\"https:\/\/radiolifefm.com.br\/noticias\/#\/schema\/logo\/image\/\"},\"sameAs\":[\"https:\/\/www.facebook.com\/radiolifefm\/\",\"https:\/\/www.instagram.com\/life1079fm\/\"]},{\"@type\":\"Person\",\"@id\":\"https:\/\/radiolifefm.com.br\/noticias\/#\/schema\/person\/1d4e4b1301322090c6221bf1c8420490\",\"name\":\"lifefm\",\"image\":{\"@type\":\"ImageObject\",\"inLanguage\":\"pt-BR\",\"@id\":\"https:\/\/secure.gravatar.com\/avatar\/eca268467d925ec97d20641bb054fd944c0abb2f92854171620706bbe6474e7c?s=96&d=mm&r=g\",\"url\":\"https:\/\/secure.gravatar.com\/avatar\/eca268467d925ec97d20641bb054fd944c0abb2f92854171620706bbe6474e7c?s=96&d=mm&r=g\",\"contentUrl\":\"https:\/\/secure.gravatar.com\/avatar\/eca268467d925ec97d20641bb054fd944c0abb2f92854171620706bbe6474e7c?s=96&d=mm&r=g\",\"caption\":\"lifefm\"}}]}<\/script>\n<!-- \/ Yoast SEO plugin. -->","yoast_head_json":{"title":"Reparo em viaduto interdita faixa da SP 294, em In\u00fabia Paulista - R\u00e1dio Life FM","robots":{"index":"index","follow":"follow","max-snippet":"max-snippet:-1","max-image-preview":"max-image-preview:large","max-video-preview":"max-video-preview:-1"},"canonical":"https:\/\/radiolifefm.com.br\/noticias\/reparo-em-viaduto-interdita-faixa-da-sp-294-em-inubia-paulista\/","og_locale":"pt_BR","og_type":"article","og_title":"Reparo em viaduto interdita faixa da SP 294, em In\u00fabia Paulista - R\u00e1dio Life FM","og_description":"Manuten\u00e7\u00e3o segue at\u00e9 31 de julho com altera\u00e7\u00f5es no tr\u00e1fego Interven\u00e7\u00f5es em viaduto localizado na SP 294 \u2013 Rodovia Comandante Jo\u00e3o Ribeiro de Barros causam o fechamento de faixa em trecho do munic\u00edpio de In\u00fabia Paulista. A previs\u00e3o \u00e9 que o tr\u00e1fego no quil\u00f4metro 579 permane\u00e7a alterado durante os trabalhos, diariamente, das 7h \u00e0s 17h, [&hellip;]","og_url":"https:\/\/radiolifefm.com.br\/noticias\/reparo-em-viaduto-interdita-faixa-da-sp-294-em-inubia-paulista\/","og_site_name":"R\u00e1dio Life FM","article_publisher":"https:\/\/www.facebook.com\/radiolifefm\/","article_published_time":"2020-07-22T12:27:17+00:00","article_modified_time":"2026-04-28T08:59:16+00:00","og_image":[{"width":342,"height":212,"url":"https:\/\/radiolifefm.com.br\/noticias\/wp-content\/uploads\/2020\/07\/Eixo-Viaduto-In\u00fabia.jpg","type":"image\/jpeg"}],"author":"lifefm","twitter_card":"summary_large_image","twitter_misc":{"Escrito por":"lifefm","Est. tempo de leitura":"2 minutos"},"schema":{"@context":"https:\/\/schema.org","@graph":[{"@type":"Article","@id":"https:\/\/radiolifefm.com.br\/noticias\/reparo-em-viaduto-interdita-faixa-da-sp-294-em-inubia-paulista\/#article","isPartOf":{"@id":"https:\/\/radiolifefm.com.br\/noticias\/reparo-em-viaduto-interdita-faixa-da-sp-294-em-inubia-paulista\/"},"author":{"name":"lifefm","@id":"https:\/\/radiolifefm.com.br\/noticias\/#\/schema\/person\/1d4e4b1301322090c6221bf1c8420490"},"headline":"Reparo em viaduto interdita faixa da SP 294, em In\u00fabia Paulista","datePublished":"2020-07-22T12:27:17+00:00","dateModified":"2026-04-28T08:59:16+00:00","mainEntityOfPage":{"@id":"https:\/\/radiolifefm.com.br\/noticias\/reparo-em-viaduto-interdita-faixa-da-sp-294-em-inubia-paulista\/"},"wordCount":389,"publisher":{"@id":"https:\/\/radiolifefm.com.br\/noticias\/#organization"},"image":{"@id":"https:\/\/radiolifefm.com.br\/noticias\/reparo-em-viaduto-interdita-faixa-da-sp-294-em-inubia-paulista\/#primaryimage"},"thumbnailUrl":"https:\/\/radiolifefm.com.br\/noticias\/wp-content\/uploads\/2020\/07\/Eixo-Viaduto-In\u00fabia.jpg","articleSection":["Regi\u00e3o"],"inLanguage":"pt-BR"},{"@type":"WebPage","@id":"https:\/\/radiolifefm.com.br\/noticias\/reparo-em-viaduto-interdita-faixa-da-sp-294-em-inubia-paulista\/","url":"https:\/\/radiolifefm.com.br\/noticias\/reparo-em-viaduto-interdita-faixa-da-sp-294-em-inubia-paulista\/","name":"Reparo em viaduto interdita faixa da SP 294, em In\u00fabia Paulista - R\u00e1dio Life FM","isPartOf":{"@id":"https:\/\/radiolifefm.com.br\/noticias\/#website"},"primaryImageOfPage":{"@id":"https:\/\/radiolifefm.com.br\/noticias\/reparo-em-viaduto-interdita-faixa-da-sp-294-em-inubia-paulista\/#primaryimage"},"image":{"@id":"https:\/\/radiolifefm.com.br\/noticias\/reparo-em-viaduto-interdita-faixa-da-sp-294-em-inubia-paulista\/#primaryimage"},"thumbnailUrl":"https:\/\/radiolifefm.com.br\/noticias\/wp-content\/uploads\/2020\/07\/Eixo-Viaduto-In\u00fabia.jpg","datePublished":"2020-07-22T12:27:17+00:00","dateModified":"2026-04-28T08:59:16+00:00","breadcrumb":{"@id":"https:\/\/radiolifefm.com.br\/noticias\/reparo-em-viaduto-interdita-faixa-da-sp-294-em-inubia-paulista\/#breadcrumb"},"inLanguage":"pt-BR","potentialAction":[{"@type":"ReadAction","target":["https:\/\/radiolifefm.com.br\/noticias\/reparo-em-viaduto-interdita-faixa-da-sp-294-em-inubia-paulista\/"]}]},{"@type":"ImageObject","inLanguage":"pt-BR","@id":"https:\/\/radiolifefm.com.br\/noticias\/reparo-em-viaduto-interdita-faixa-da-sp-294-em-inubia-paulista\/#primaryimage","url":"https:\/\/radiolifefm.com.br\/noticias\/wp-content\/uploads\/2020\/07\/Eixo-Viaduto-In\u00fabia.jpg","contentUrl":"https:\/\/radiolifefm.com.br\/noticias\/wp-content\/uploads\/2020\/07\/Eixo-Viaduto-In\u00fabia.jpg","width":342,"height":212},{"@type":"BreadcrumbList","@id":"https:\/\/radiolifefm.com.br\/noticias\/reparo-em-viaduto-interdita-faixa-da-sp-294-em-inubia-paulista\/#breadcrumb","itemListElement":[{"@type":"ListItem","position":1,"name":"In\u00edcio","item":"https:\/\/radiolifefm.com.br\/noticias\/"},{"@type":"ListItem","position":2,"name":"Reparo em viaduto interdita faixa da SP 294, em In\u00fabia Paulista"}]},{"@type":"WebSite","@id":"https:\/\/radiolifefm.com.br\/noticias\/#website","url":"https:\/\/radiolifefm.com.br\/noticias\/","name":"R\u00e1dio Life FM","description":"O Portal de Not\u00edcias de Adamantina","publisher":{"@id":"https:\/\/radiolifefm.com.br\/noticias\/#organization"},"alternateName":"Life FM","potentialAction":[{"@type":"SearchAction","target":{"@type":"EntryPoint","urlTemplate":"https:\/\/radiolifefm.com.br\/noticias\/?s={search_term_string}"},"query-input":{"@type":"PropertyValueSpecification","valueRequired":true,"valueName":"search_term_string"}}],"inLanguage":"pt-BR"},{"@type":"Organization","@id":"https:\/\/radiolifefm.com.br\/noticias\/#organization","name":"R\u00e1dio Life FM","alternateName":"Life FM","url":"https:\/\/radiolifefm.com.br\/noticias\/","logo":{"@type":"ImageObject","inLanguage":"pt-BR","@id":"https:\/\/radiolifefm.com.br\/noticias\/#\/schema\/logo\/image\/","url":"https:\/\/static.radiolifefm.com.br\/noticias\/wp-content\/uploads\/2019\/10\/logo-lifefm.png","contentUrl":"https:\/\/static.radiolifefm.com.br\/noticias\/wp-content\/uploads\/2019\/10\/logo-lifefm.png","width":196,"height":47,"caption":"R\u00e1dio Life FM"},"image":{"@id":"https:\/\/radiolifefm.com.br\/noticias\/#\/schema\/logo\/image\/"},"sameAs":["https:\/\/www.facebook.com\/radiolifefm\/","https:\/\/www.instagram.com\/life1079fm\/"]},{"@type":"Person","@id":"https:\/\/radiolifefm.com.br\/noticias\/#\/schema\/person\/1d4e4b1301322090c6221bf1c8420490","name":"lifefm","image":{"@type":"ImageObject","inLanguage":"pt-BR","@id":"https:\/\/secure.gravatar.com\/avatar\/eca268467d925ec97d20641bb054fd944c0abb2f92854171620706bbe6474e7c?s=96&d=mm&r=g","url":"https:\/\/secure.gravatar.com\/avatar\/eca268467d925ec97d20641bb054fd944c0abb2f92854171620706bbe6474e7c?s=96&d=mm&r=g","contentUrl":"https:\/\/secure.gravatar.com\/avatar\/eca268467d925ec97d20641bb054fd944c0abb2f92854171620706bbe6474e7c?s=96&d=mm&r=g","caption":"lifefm"}}]}},"amp_enabled":true,"_links":{"self":[{"href":"https:\/\/radiolifefm.com.br\/noticias\/wp-json\/wp\/v2\/posts\/24693","targetHints":{"allow":["GET"]}}],"collection":[{"href":"https:\/\/radiolifefm.com.br\/noticias\/wp-json\/wp\/v2\/posts"}],"about":[{"href":"https:\/\/radiolifefm.com.br\/noticias\/wp-json\/wp\/v2\/types\/post"}],"author":[{"embeddable":true,"href":"https:\/\/radiolifefm.com.br\/noticias\/wp-json\/wp\/v2\/users\/3"}],"replies":[{"embeddable":true,"href":"https:\/\/radiolifefm.com.br\/noticias\/wp-json\/wp\/v2\/comments?post=24693"}],"version-history":[{"count":1,"href":"https:\/\/radiolifefm.com.br\/noticias\/wp-json\/wp\/v2\/posts\/24693\/revisions"}],"predecessor-version":[{"id":24695,"href":"https:\/\/radiolifefm.com.br\/noticias\/wp-json\/wp\/v2\/posts\/24693\/revisions\/24695"}],"wp:featuredmedia":[{"embeddable":true,"href":"https:\/\/radiolifefm.com.br\/noticias\/wp-json\/wp\/v2\/media\/24694"}],"wp:attachment":[{"href":"https:\/\/radiolifefm.com.br\/noticias\/wp-json\/wp\/v2\/media?parent=24693"}],"wp:term":[{"taxonomy":"category","embeddable":true,"href":"https:\/\/radiolifefm.com.br\/noticias\/wp-json\/wp\/v2\/categories?post=24693"},{"taxonomy":"post_tag","embeddable":true,"href":"https:\/\/radiolifefm.com.br\/noticias\/wp-json\/wp\/v2\/tags?post=24693"}],"curies":[{"name":"wp","href":"https:\/\/api.w.org\/{rel}","templated":true}]}}