{"id":24680,"date":"2020-07-21T11:10:54","date_gmt":"2020-07-21T14:10:54","guid":{"rendered":"https:\/\/radiolifefm.com.br\/noticias\/?p=24680"},"modified":"2026-04-02T08:55:29","modified_gmt":"2026-04-02T11:55:29","slug":"testagem-em-massa-avanca-em-presidios-do-estado-incluindo-regiao-de-presidente-prudente-e-aracatuba","status":"publish","type":"post","link":"https:\/\/radiolifefm.com.br\/noticias\/testagem-em-massa-avanca-em-presidios-do-estado-incluindo-regiao-de-presidente-prudente-e-aracatuba\/","title":{"rendered":"Testagem em massa avan\u00e7a em pres\u00eddios do estado incluindo regi\u00e3o de Presidente Prudente e Ara\u00e7atuba"},"content":{"rendered":"<div id=\"fb-root\"><\/div>\n<p><em>Unidades da capital e do interior recebem equipes desde o in\u00edcio do m\u00eas<\/em><\/p>\n<p>A Secretaria da Administra\u00e7\u00e3o Penitenci\u00e1ria (SAP) est\u00e1 dando continuidade \u00e0 testagem em massa de servidores e presos sob cust\u00f3dia da Pasta. Na regi\u00e3o, as unidades prisionais de Presidente Prudente, Presidente Venceslau, Irapuru, Pacaembu e Ara\u00e7atuba, juntamente com outras que formam um grupo de 26 pres\u00eddios, ser\u00e3o as pr\u00f3ximas a passar pelos testes, ap\u00f3s o bem-sucedido piloto que aconteceu na Penitenci\u00e1ria II de Sorocaba, em junho.<\/p>\n<p>Os exames em pres\u00eddios fazem parte do programa de testagem em massa do Governo do Estado de S\u00e3o Paulo em popula\u00e7\u00f5es vulner\u00e1veis, incluindo-se a\u00ed, as pessoas privadas de liberdade. As unidades prisionais foram inseridas num cronograma t\u00e9cnico elaborado por \u00f3rg\u00e3os de sa\u00fade. A iniciativa \u00e9 fruto de a\u00e7\u00f5es conjuntas entre as Secretarias da Administra\u00e7\u00e3o Penitenci\u00e1ria, da Sa\u00fade e de Desenvolvimento Econ\u00f4mico do Estado de S\u00e3o Paulo, por meio do Instituto Butantan e do Centro Paula Souza.<\/p>\n<p>Ap\u00f3s a PII de Sorocaba, a testagem teve continuidade no \u00faltimo dia 2\/07, com a participa\u00e7\u00e3o de unidades localizadas na capital paulista, Grande SP e Litoral Sul. Nesta primeira fase, al\u00e9m dos j\u00e1 citados pres\u00eddios da regi\u00e3o est\u00e3o inclusos os de Santo Andr\u00e9, Franco da Rocha, Osasco, Tai\u00fava, Guare\u00ed, Praia Grande, Mairinque, Casa Branca, Sorocaba, Americana, Campinas, Hortol\u00e2ndia e Capela do Alto.<\/p>\n<div class='flex flex-wrap items-center -mx-1'>\r\n<a class='thumbnail gallery p-1 w-1\/2 md:w-1\/4' href='https:\/\/radiolifefm.com.br\/noticias\/wp-content\/uploads\/2020\/07\/Teste-pres\u00eddio-scaled.jpg'><img class='border border-white' src='https:\/\/radiolifefm.com.br\/noticias\/wp-content\/uploads\/2020\/07\/Teste-pres\u00eddio-200x200.jpg' alt='Teste Pres\u00eddio' \/><\/a><a class='thumbnail gallery p-1 w-1\/2 md:w-1\/4' href='https:\/\/radiolifefm.com.br\/noticias\/wp-content\/uploads\/2020\/07\/Teste-pres\u00eddio-1-scaled.jpg'><img class='border border-white' src='https:\/\/radiolifefm.com.br\/noticias\/wp-content\/uploads\/2020\/07\/Teste-pres\u00eddio-1-200x200.jpg' alt='Teste Pres\u00eddio   1' \/><\/a><\/div>\n<p>Os presos com resultado positivo no Teste R\u00e1pido (que identifica a presen\u00e7a de anticorpos no organismo testado) ter\u00e3o coletado material para an\u00e1lise laboratorial do teste RT-PCR (que detecta a presen\u00e7a de v\u00edrus no organismo). Do balan\u00e7o feito em Sorocaba, n\u00e3o houve qualquer interna\u00e7\u00e3o hospitalar e todos com resultado positivo para a Covid-19 estavam assintom\u00e1ticos e com boa sa\u00fade.<\/p>\n<p>&nbsp;<\/p>\n<p><img loading=\"lazy\" decoding=\"async\" class=\"alignnone size-medium wp-image-24681\" src=\"https:\/\/static.radiolifefm.com.br\/wp-content\/uploads\/sites\/2\/2020\/07\/Teste-pres\u00eddio-imagem-300x95.jpg\" alt=\"\" width=\"300\" height=\"95\" srcset=\"https:\/\/radiolifefm.com.br\/noticias\/wp-content\/uploads\/2020\/07\/Teste-pres\u00eddio-imagem-300x95.jpg 300w, https:\/\/radiolifefm.com.br\/noticias\/wp-content\/uploads\/2020\/07\/Teste-pres\u00eddio-imagem.jpg 400w\" sizes=\"auto, (max-width: 300px) 100vw, 300px\" \/><\/p>\n","protected":false},"excerpt":{"rendered":"<p>Unidades da capital e do interior recebem equipes desde o in\u00edcio do m\u00eas A Secretaria da Administra\u00e7\u00e3o Penitenci\u00e1ria (SAP) est\u00e1 dando continuidade \u00e0 testagem em massa de servidores e presos sob cust\u00f3dia da Pasta. Na regi\u00e3o, as unidades prisionais de Presidente Prudente, Presidente Venceslau, Irapuru, Pacaembu e Ara\u00e7atuba, juntamente com outras que formam um grupo [&hellip;]<\/p>\n","protected":false},"author":3,"featured_media":24684,"comment_status":"closed","ping_status":"open","sticky":false,"template":"","format":"standard","meta":{"_acf_changed":false,"_exactmetrics_skip_tracking":false,"_exactmetrics_sitenote_active":false,"_exactmetrics_sitenote_note":"","_exactmetrics_sitenote_category":0,"footnotes":""},"categories":[24],"tags":[],"class_list":["post-24680","post","type-post","status-publish","format-standard","has-post-thumbnail","hentry","category-regiao"],"acf":[],"yoast_head":"<!-- This site is optimized with the Yoast SEO plugin v27.2 - https:\/\/yoast.com\/product\/yoast-seo-wordpress\/ -->\n<title>Testagem em massa avan\u00e7a em pres\u00eddios do estado incluindo regi\u00e3o de Presidente Prudente e Ara\u00e7atuba - R\u00e1dio Life FM<\/title>\n<meta name=\"robots\" content=\"index, follow, max-snippet:-1, max-image-preview:large, max-video-preview:-1\" \/>\n<link rel=\"canonical\" href=\"https:\/\/radiolifefm.com.br\/noticias\/testagem-em-massa-avanca-em-presidios-do-estado-incluindo-regiao-de-presidente-prudente-e-aracatuba\/\" \/>\n<meta property=\"og:locale\" content=\"pt_BR\" \/>\n<meta property=\"og:type\" content=\"article\" \/>\n<meta property=\"og:title\" content=\"Testagem em massa avan\u00e7a em pres\u00eddios do estado incluindo regi\u00e3o de Presidente Prudente e Ara\u00e7atuba - R\u00e1dio Life FM\" \/>\n<meta property=\"og:description\" content=\"Unidades da capital e do interior recebem equipes desde o in\u00edcio do m\u00eas A Secretaria da Administra\u00e7\u00e3o Penitenci\u00e1ria (SAP) est\u00e1 dando continuidade \u00e0 testagem em massa de servidores e presos sob cust\u00f3dia da Pasta. Na regi\u00e3o, as unidades prisionais de Presidente Prudente, Presidente Venceslau, Irapuru, Pacaembu e Ara\u00e7atuba, juntamente com outras que formam um grupo [&hellip;]\" \/>\n<meta property=\"og:url\" content=\"https:\/\/radiolifefm.com.br\/noticias\/testagem-em-massa-avanca-em-presidios-do-estado-incluindo-regiao-de-presidente-prudente-e-aracatuba\/\" \/>\n<meta property=\"og:site_name\" content=\"R\u00e1dio Life FM\" \/>\n<meta property=\"article:publisher\" content=\"https:\/\/www.facebook.com\/radiolifefm\/\" \/>\n<meta property=\"article:published_time\" content=\"2020-07-21T14:10:54+00:00\" \/>\n<meta property=\"article:modified_time\" content=\"2026-04-02T11:55:29+00:00\" \/>\n<meta property=\"og:image\" content=\"https:\/\/radiolifefm.com.br\/noticias\/wp-content\/uploads\/2020\/07\/Teste-pres\u00eddio-2-scaled.jpg\" \/>\n\t<meta property=\"og:image:width\" content=\"2560\" \/>\n\t<meta property=\"og:image:height\" content=\"1920\" \/>\n\t<meta property=\"og:image:type\" content=\"image\/jpeg\" \/>\n<meta name=\"author\" content=\"lifefm\" \/>\n<meta name=\"twitter:card\" content=\"summary_large_image\" \/>\n<meta name=\"twitter:label1\" content=\"Escrito por\" \/>\n\t<meta name=\"twitter:data1\" content=\"lifefm\" \/>\n\t<meta name=\"twitter:label2\" content=\"Est. tempo de leitura\" \/>\n\t<meta name=\"twitter:data2\" content=\"2 minutos\" \/>\n<script type=\"application\/ld+json\" class=\"yoast-schema-graph\">{\"@context\":\"https:\/\/schema.org\",\"@graph\":[{\"@type\":\"Article\",\"@id\":\"https:\/\/radiolifefm.com.br\/noticias\/testagem-em-massa-avanca-em-presidios-do-estado-incluindo-regiao-de-presidente-prudente-e-aracatuba\/#article\",\"isPartOf\":{\"@id\":\"https:\/\/radiolifefm.com.br\/noticias\/testagem-em-massa-avanca-em-presidios-do-estado-incluindo-regiao-de-presidente-prudente-e-aracatuba\/\"},\"author\":{\"name\":\"lifefm\",\"@id\":\"https:\/\/radiolifefm.com.br\/noticias\/#\/schema\/person\/1d4e4b1301322090c6221bf1c8420490\"},\"headline\":\"Testagem em massa avan\u00e7a em pres\u00eddios do estado incluindo regi\u00e3o de Presidente Prudente e Ara\u00e7atuba\",\"datePublished\":\"2020-07-21T14:10:54+00:00\",\"dateModified\":\"2026-04-02T11:55:29+00:00\",\"mainEntityOfPage\":{\"@id\":\"https:\/\/radiolifefm.com.br\/noticias\/testagem-em-massa-avanca-em-presidios-do-estado-incluindo-regiao-de-presidente-prudente-e-aracatuba\/\"},\"wordCount\":336,\"publisher\":{\"@id\":\"https:\/\/radiolifefm.com.br\/noticias\/#organization\"},\"image\":{\"@id\":\"https:\/\/radiolifefm.com.br\/noticias\/testagem-em-massa-avanca-em-presidios-do-estado-incluindo-regiao-de-presidente-prudente-e-aracatuba\/#primaryimage\"},\"thumbnailUrl\":\"https:\/\/radiolifefm.com.br\/noticias\/wp-content\/uploads\/2020\/07\/Teste-pres\u00eddio-2-scaled.jpg\",\"articleSection\":[\"Regi\u00e3o\"],\"inLanguage\":\"pt-BR\"},{\"@type\":\"WebPage\",\"@id\":\"https:\/\/radiolifefm.com.br\/noticias\/testagem-em-massa-avanca-em-presidios-do-estado-incluindo-regiao-de-presidente-prudente-e-aracatuba\/\",\"url\":\"https:\/\/radiolifefm.com.br\/noticias\/testagem-em-massa-avanca-em-presidios-do-estado-incluindo-regiao-de-presidente-prudente-e-aracatuba\/\",\"name\":\"Testagem em massa avan\u00e7a em pres\u00eddios do estado incluindo regi\u00e3o de Presidente Prudente e Ara\u00e7atuba - R\u00e1dio Life FM\",\"isPartOf\":{\"@id\":\"https:\/\/radiolifefm.com.br\/noticias\/#website\"},\"primaryImageOfPage\":{\"@id\":\"https:\/\/radiolifefm.com.br\/noticias\/testagem-em-massa-avanca-em-presidios-do-estado-incluindo-regiao-de-presidente-prudente-e-aracatuba\/#primaryimage\"},\"image\":{\"@id\":\"https:\/\/radiolifefm.com.br\/noticias\/testagem-em-massa-avanca-em-presidios-do-estado-incluindo-regiao-de-presidente-prudente-e-aracatuba\/#primaryimage\"},\"thumbnailUrl\":\"https:\/\/radiolifefm.com.br\/noticias\/wp-content\/uploads\/2020\/07\/Teste-pres\u00eddio-2-scaled.jpg\",\"datePublished\":\"2020-07-21T14:10:54+00:00\",\"dateModified\":\"2026-04-02T11:55:29+00:00\",\"breadcrumb\":{\"@id\":\"https:\/\/radiolifefm.com.br\/noticias\/testagem-em-massa-avanca-em-presidios-do-estado-incluindo-regiao-de-presidente-prudente-e-aracatuba\/#breadcrumb\"},\"inLanguage\":\"pt-BR\",\"potentialAction\":[{\"@type\":\"ReadAction\",\"target\":[\"https:\/\/radiolifefm.com.br\/noticias\/testagem-em-massa-avanca-em-presidios-do-estado-incluindo-regiao-de-presidente-prudente-e-aracatuba\/\"]}]},{\"@type\":\"ImageObject\",\"inLanguage\":\"pt-BR\",\"@id\":\"https:\/\/radiolifefm.com.br\/noticias\/testagem-em-massa-avanca-em-presidios-do-estado-incluindo-regiao-de-presidente-prudente-e-aracatuba\/#primaryimage\",\"url\":\"https:\/\/radiolifefm.com.br\/noticias\/wp-content\/uploads\/2020\/07\/Teste-pres\u00eddio-2-scaled.jpg\",\"contentUrl\":\"https:\/\/radiolifefm.com.br\/noticias\/wp-content\/uploads\/2020\/07\/Teste-pres\u00eddio-2-scaled.jpg\",\"width\":2560,\"height\":1920},{\"@type\":\"BreadcrumbList\",\"@id\":\"https:\/\/radiolifefm.com.br\/noticias\/testagem-em-massa-avanca-em-presidios-do-estado-incluindo-regiao-de-presidente-prudente-e-aracatuba\/#breadcrumb\",\"itemListElement\":[{\"@type\":\"ListItem\",\"position\":1,\"name\":\"In\u00edcio\",\"item\":\"https:\/\/radiolifefm.com.br\/noticias\/\"},{\"@type\":\"ListItem\",\"position\":2,\"name\":\"Testagem em massa avan\u00e7a em pres\u00eddios do estado incluindo regi\u00e3o de Presidente Prudente e Ara\u00e7atuba\"}]},{\"@type\":\"WebSite\",\"@id\":\"https:\/\/radiolifefm.com.br\/noticias\/#website\",\"url\":\"https:\/\/radiolifefm.com.br\/noticias\/\",\"name\":\"R\u00e1dio Life FM\",\"description\":\"O Portal de Not\u00edcias de Adamantina\",\"publisher\":{\"@id\":\"https:\/\/radiolifefm.com.br\/noticias\/#organization\"},\"alternateName\":\"Life FM\",\"potentialAction\":[{\"@type\":\"SearchAction\",\"target\":{\"@type\":\"EntryPoint\",\"urlTemplate\":\"https:\/\/radiolifefm.com.br\/noticias\/?s={search_term_string}\"},\"query-input\":{\"@type\":\"PropertyValueSpecification\",\"valueRequired\":true,\"valueName\":\"search_term_string\"}}],\"inLanguage\":\"pt-BR\"},{\"@type\":\"Organization\",\"@id\":\"https:\/\/radiolifefm.com.br\/noticias\/#organization\",\"name\":\"R\u00e1dio Life FM\",\"alternateName\":\"Life FM\",\"url\":\"https:\/\/radiolifefm.com.br\/noticias\/\",\"logo\":{\"@type\":\"ImageObject\",\"inLanguage\":\"pt-BR\",\"@id\":\"https:\/\/radiolifefm.com.br\/noticias\/#\/schema\/logo\/image\/\",\"url\":\"https:\/\/static.radiolifefm.com.br\/noticias\/wp-content\/uploads\/2019\/10\/logo-lifefm.png\",\"contentUrl\":\"https:\/\/static.radiolifefm.com.br\/noticias\/wp-content\/uploads\/2019\/10\/logo-lifefm.png\",\"width\":196,\"height\":47,\"caption\":\"R\u00e1dio Life FM\"},\"image\":{\"@id\":\"https:\/\/radiolifefm.com.br\/noticias\/#\/schema\/logo\/image\/\"},\"sameAs\":[\"https:\/\/www.facebook.com\/radiolifefm\/\",\"https:\/\/www.instagram.com\/life1079fm\/\"]},{\"@type\":\"Person\",\"@id\":\"https:\/\/radiolifefm.com.br\/noticias\/#\/schema\/person\/1d4e4b1301322090c6221bf1c8420490\",\"name\":\"lifefm\",\"image\":{\"@type\":\"ImageObject\",\"inLanguage\":\"pt-BR\",\"@id\":\"https:\/\/secure.gravatar.com\/avatar\/eca268467d925ec97d20641bb054fd944c0abb2f92854171620706bbe6474e7c?s=96&d=mm&r=g\",\"url\":\"https:\/\/secure.gravatar.com\/avatar\/eca268467d925ec97d20641bb054fd944c0abb2f92854171620706bbe6474e7c?s=96&d=mm&r=g\",\"contentUrl\":\"https:\/\/secure.gravatar.com\/avatar\/eca268467d925ec97d20641bb054fd944c0abb2f92854171620706bbe6474e7c?s=96&d=mm&r=g\",\"caption\":\"lifefm\"}}]}<\/script>\n<!-- \/ Yoast SEO plugin. -->","yoast_head_json":{"title":"Testagem em massa avan\u00e7a em pres\u00eddios do estado incluindo regi\u00e3o de Presidente Prudente e Ara\u00e7atuba - R\u00e1dio Life FM","robots":{"index":"index","follow":"follow","max-snippet":"max-snippet:-1","max-image-preview":"max-image-preview:large","max-video-preview":"max-video-preview:-1"},"canonical":"https:\/\/radiolifefm.com.br\/noticias\/testagem-em-massa-avanca-em-presidios-do-estado-incluindo-regiao-de-presidente-prudente-e-aracatuba\/","og_locale":"pt_BR","og_type":"article","og_title":"Testagem em massa avan\u00e7a em pres\u00eddios do estado incluindo regi\u00e3o de Presidente Prudente e Ara\u00e7atuba - R\u00e1dio Life FM","og_description":"Unidades da capital e do interior recebem equipes desde o in\u00edcio do m\u00eas A Secretaria da Administra\u00e7\u00e3o Penitenci\u00e1ria (SAP) est\u00e1 dando continuidade \u00e0 testagem em massa de servidores e presos sob cust\u00f3dia da Pasta. Na regi\u00e3o, as unidades prisionais de Presidente Prudente, Presidente Venceslau, Irapuru, Pacaembu e Ara\u00e7atuba, juntamente com outras que formam um grupo [&hellip;]","og_url":"https:\/\/radiolifefm.com.br\/noticias\/testagem-em-massa-avanca-em-presidios-do-estado-incluindo-regiao-de-presidente-prudente-e-aracatuba\/","og_site_name":"R\u00e1dio Life FM","article_publisher":"https:\/\/www.facebook.com\/radiolifefm\/","article_published_time":"2020-07-21T14:10:54+00:00","article_modified_time":"2026-04-02T11:55:29+00:00","og_image":[{"width":2560,"height":1920,"url":"https:\/\/radiolifefm.com.br\/noticias\/wp-content\/uploads\/2020\/07\/Teste-pres\u00eddio-2-scaled.jpg","type":"image\/jpeg"}],"author":"lifefm","twitter_card":"summary_large_image","twitter_misc":{"Escrito por":"lifefm","Est. tempo de leitura":"2 minutos"},"schema":{"@context":"https:\/\/schema.org","@graph":[{"@type":"Article","@id":"https:\/\/radiolifefm.com.br\/noticias\/testagem-em-massa-avanca-em-presidios-do-estado-incluindo-regiao-de-presidente-prudente-e-aracatuba\/#article","isPartOf":{"@id":"https:\/\/radiolifefm.com.br\/noticias\/testagem-em-massa-avanca-em-presidios-do-estado-incluindo-regiao-de-presidente-prudente-e-aracatuba\/"},"author":{"name":"lifefm","@id":"https:\/\/radiolifefm.com.br\/noticias\/#\/schema\/person\/1d4e4b1301322090c6221bf1c8420490"},"headline":"Testagem em massa avan\u00e7a em pres\u00eddios do estado incluindo regi\u00e3o de Presidente Prudente e Ara\u00e7atuba","datePublished":"2020-07-21T14:10:54+00:00","dateModified":"2026-04-02T11:55:29+00:00","mainEntityOfPage":{"@id":"https:\/\/radiolifefm.com.br\/noticias\/testagem-em-massa-avanca-em-presidios-do-estado-incluindo-regiao-de-presidente-prudente-e-aracatuba\/"},"wordCount":336,"publisher":{"@id":"https:\/\/radiolifefm.com.br\/noticias\/#organization"},"image":{"@id":"https:\/\/radiolifefm.com.br\/noticias\/testagem-em-massa-avanca-em-presidios-do-estado-incluindo-regiao-de-presidente-prudente-e-aracatuba\/#primaryimage"},"thumbnailUrl":"https:\/\/radiolifefm.com.br\/noticias\/wp-content\/uploads\/2020\/07\/Teste-pres\u00eddio-2-scaled.jpg","articleSection":["Regi\u00e3o"],"inLanguage":"pt-BR"},{"@type":"WebPage","@id":"https:\/\/radiolifefm.com.br\/noticias\/testagem-em-massa-avanca-em-presidios-do-estado-incluindo-regiao-de-presidente-prudente-e-aracatuba\/","url":"https:\/\/radiolifefm.com.br\/noticias\/testagem-em-massa-avanca-em-presidios-do-estado-incluindo-regiao-de-presidente-prudente-e-aracatuba\/","name":"Testagem em massa avan\u00e7a em pres\u00eddios do estado incluindo regi\u00e3o de Presidente Prudente e Ara\u00e7atuba - R\u00e1dio Life FM","isPartOf":{"@id":"https:\/\/radiolifefm.com.br\/noticias\/#website"},"primaryImageOfPage":{"@id":"https:\/\/radiolifefm.com.br\/noticias\/testagem-em-massa-avanca-em-presidios-do-estado-incluindo-regiao-de-presidente-prudente-e-aracatuba\/#primaryimage"},"image":{"@id":"https:\/\/radiolifefm.com.br\/noticias\/testagem-em-massa-avanca-em-presidios-do-estado-incluindo-regiao-de-presidente-prudente-e-aracatuba\/#primaryimage"},"thumbnailUrl":"https:\/\/radiolifefm.com.br\/noticias\/wp-content\/uploads\/2020\/07\/Teste-pres\u00eddio-2-scaled.jpg","datePublished":"2020-07-21T14:10:54+00:00","dateModified":"2026-04-02T11:55:29+00:00","breadcrumb":{"@id":"https:\/\/radiolifefm.com.br\/noticias\/testagem-em-massa-avanca-em-presidios-do-estado-incluindo-regiao-de-presidente-prudente-e-aracatuba\/#breadcrumb"},"inLanguage":"pt-BR","potentialAction":[{"@type":"ReadAction","target":["https:\/\/radiolifefm.com.br\/noticias\/testagem-em-massa-avanca-em-presidios-do-estado-incluindo-regiao-de-presidente-prudente-e-aracatuba\/"]}]},{"@type":"ImageObject","inLanguage":"pt-BR","@id":"https:\/\/radiolifefm.com.br\/noticias\/testagem-em-massa-avanca-em-presidios-do-estado-incluindo-regiao-de-presidente-prudente-e-aracatuba\/#primaryimage","url":"https:\/\/radiolifefm.com.br\/noticias\/wp-content\/uploads\/2020\/07\/Teste-pres\u00eddio-2-scaled.jpg","contentUrl":"https:\/\/radiolifefm.com.br\/noticias\/wp-content\/uploads\/2020\/07\/Teste-pres\u00eddio-2-scaled.jpg","width":2560,"height":1920},{"@type":"BreadcrumbList","@id":"https:\/\/radiolifefm.com.br\/noticias\/testagem-em-massa-avanca-em-presidios-do-estado-incluindo-regiao-de-presidente-prudente-e-aracatuba\/#breadcrumb","itemListElement":[{"@type":"ListItem","position":1,"name":"In\u00edcio","item":"https:\/\/radiolifefm.com.br\/noticias\/"},{"@type":"ListItem","position":2,"name":"Testagem em massa avan\u00e7a em pres\u00eddios do estado incluindo regi\u00e3o de Presidente Prudente e Ara\u00e7atuba"}]},{"@type":"WebSite","@id":"https:\/\/radiolifefm.com.br\/noticias\/#website","url":"https:\/\/radiolifefm.com.br\/noticias\/","name":"R\u00e1dio Life FM","description":"O Portal de Not\u00edcias de Adamantina","publisher":{"@id":"https:\/\/radiolifefm.com.br\/noticias\/#organization"},"alternateName":"Life FM","potentialAction":[{"@type":"SearchAction","target":{"@type":"EntryPoint","urlTemplate":"https:\/\/radiolifefm.com.br\/noticias\/?s={search_term_string}"},"query-input":{"@type":"PropertyValueSpecification","valueRequired":true,"valueName":"search_term_string"}}],"inLanguage":"pt-BR"},{"@type":"Organization","@id":"https:\/\/radiolifefm.com.br\/noticias\/#organization","name":"R\u00e1dio Life FM","alternateName":"Life FM","url":"https:\/\/radiolifefm.com.br\/noticias\/","logo":{"@type":"ImageObject","inLanguage":"pt-BR","@id":"https:\/\/radiolifefm.com.br\/noticias\/#\/schema\/logo\/image\/","url":"https:\/\/static.radiolifefm.com.br\/noticias\/wp-content\/uploads\/2019\/10\/logo-lifefm.png","contentUrl":"https:\/\/static.radiolifefm.com.br\/noticias\/wp-content\/uploads\/2019\/10\/logo-lifefm.png","width":196,"height":47,"caption":"R\u00e1dio Life FM"},"image":{"@id":"https:\/\/radiolifefm.com.br\/noticias\/#\/schema\/logo\/image\/"},"sameAs":["https:\/\/www.facebook.com\/radiolifefm\/","https:\/\/www.instagram.com\/life1079fm\/"]},{"@type":"Person","@id":"https:\/\/radiolifefm.com.br\/noticias\/#\/schema\/person\/1d4e4b1301322090c6221bf1c8420490","name":"lifefm","image":{"@type":"ImageObject","inLanguage":"pt-BR","@id":"https:\/\/secure.gravatar.com\/avatar\/eca268467d925ec97d20641bb054fd944c0abb2f92854171620706bbe6474e7c?s=96&d=mm&r=g","url":"https:\/\/secure.gravatar.com\/avatar\/eca268467d925ec97d20641bb054fd944c0abb2f92854171620706bbe6474e7c?s=96&d=mm&r=g","contentUrl":"https:\/\/secure.gravatar.com\/avatar\/eca268467d925ec97d20641bb054fd944c0abb2f92854171620706bbe6474e7c?s=96&d=mm&r=g","caption":"lifefm"}}]}},"amp_enabled":true,"_links":{"self":[{"href":"https:\/\/radiolifefm.com.br\/noticias\/wp-json\/wp\/v2\/posts\/24680","targetHints":{"allow":["GET"]}}],"collection":[{"href":"https:\/\/radiolifefm.com.br\/noticias\/wp-json\/wp\/v2\/posts"}],"about":[{"href":"https:\/\/radiolifefm.com.br\/noticias\/wp-json\/wp\/v2\/types\/post"}],"author":[{"embeddable":true,"href":"https:\/\/radiolifefm.com.br\/noticias\/wp-json\/wp\/v2\/users\/3"}],"replies":[{"embeddable":true,"href":"https:\/\/radiolifefm.com.br\/noticias\/wp-json\/wp\/v2\/comments?post=24680"}],"version-history":[{"count":1,"href":"https:\/\/radiolifefm.com.br\/noticias\/wp-json\/wp\/v2\/posts\/24680\/revisions"}],"predecessor-version":[{"id":24685,"href":"https:\/\/radiolifefm.com.br\/noticias\/wp-json\/wp\/v2\/posts\/24680\/revisions\/24685"}],"wp:featuredmedia":[{"embeddable":true,"href":"https:\/\/radiolifefm.com.br\/noticias\/wp-json\/wp\/v2\/media\/24684"}],"wp:attachment":[{"href":"https:\/\/radiolifefm.com.br\/noticias\/wp-json\/wp\/v2\/media?parent=24680"}],"wp:term":[{"taxonomy":"category","embeddable":true,"href":"https:\/\/radiolifefm.com.br\/noticias\/wp-json\/wp\/v2\/categories?post=24680"},{"taxonomy":"post_tag","embeddable":true,"href":"https:\/\/radiolifefm.com.br\/noticias\/wp-json\/wp\/v2\/tags?post=24680"}],"curies":[{"name":"wp","href":"https:\/\/api.w.org\/{rel}","templated":true}]}}