{"id":24662,"date":"2020-07-20T10:15:31","date_gmt":"2020-07-20T13:15:31","guid":{"rendered":"https:\/\/radiolifefm.com.br\/noticias\/?p=24662"},"modified":"2026-04-18T11:00:51","modified_gmt":"2026-04-18T14:00:51","slug":"a-provincia-acima-de-tudo-e-de-todos-as-sergio-barbosa-opiniao","status":"publish","type":"post","link":"https:\/\/radiolifefm.com.br\/noticias\/a-provincia-acima-de-tudo-e-de-todos-as-sergio-barbosa-opiniao\/","title":{"rendered":"A Prov\u00edncia acima de tudo e de todos\/as&#8230;  &#8211; S\u00e9rgio Barbosa &#8211; Opini\u00e3o"},"content":{"rendered":"<div id=\"fb-root\"><\/div>\n<p><em>A Prov\u00edncia acima de tudo e de todos\/as&#8230;<\/em><br \/>\n<em>\u00c0s vezes constru\u00edmos sonhos em cima de grandes pessoas\u2026 O tempo passa\u2026 E descobrimos que grandes mesmo eram os sonhos e as pessoas pequenas demais para torn\u00e1-los reais! (Bob Marley)<\/em><br \/>\n<em>S\u00e9rgio Barbosa (*)<\/em><\/p>\n<p>Mesmo com o VELHO ANO NOVO em andamento em terras provincianas, pode-se escrever que o cen\u00e1rio continua quase o mesmo de sempre em tempo de PANDEMIA, portanto, n\u00e3o se pode ficar sempre na espera da espera neste cen\u00e1rio mais do que complicado para a Prov\u00edncia em n\u00edvel GLOCAL, ou seja, do GLOBAL para o LOCAL&#8230;<\/p>\n<p>O ano vigente est\u00e1 de acordo com as idas e vindas proporcionadas pelo contexto mediado pela PANDEMIA GLOBAL, assim, a PROV\u00cdNCIA est\u00e1 inserida neste cen\u00e1rio mais do que complicado em todas as \u00e1reas do mercado em tempo de p\u00f3s-globaliza\u00e7\u00e3o organizacional&#8230;<\/p>\n<p>As atividades de responsabilidades da \u00e1rea p\u00fablica est\u00e3o em fase de readapta\u00e7\u00e3o sob o comando do Gestor municipal, ainda, eleito pela maioria dos\/as provincianos, bem como, com apoio da equipe escolhida pra dar suporte aos projetos e tudo mais em meio ao tudo de menos&#8230;<\/p>\n<p>Assim, torna-se necess\u00e1rio estar em conex\u00e3o com as diretrizes dos governos estadual para um olhar al\u00e9m do cotidiano local, por\u00e9m, a proposta deve levar em considera\u00e7\u00e3o que a &#8220;uni\u00e3o&#8221; pode fazer a diferen\u00e7a neste tempo que se chama hoje para a Prov\u00edncia&#8230;<\/p>\n<p>Tamb\u00e9m, n\u00e3o se podem deixar de lado as muitas diferen\u00e7as que existem neste cen\u00e1rio mais &#8220;politiqueiro&#8221; do que pol\u00edtico, haja vista os interesses que est\u00e3o sempre comprometidos pela &#8220;causa pessoal&#8221; deste ou do outro lado em terras provincianas&#8230;<\/p>\n<p>Por isso, o atual gestor municipal e equipe devem estar atentos \u00e0s altera\u00e7\u00f5es do contexto local nas \u00e1reas da sa\u00fade, educa\u00e7\u00e3o e econ\u00f4mica, al\u00e9m das outras prioridades que acabam complicando as idas e vindas da comunidade, tais como: pavimenta\u00e7\u00e3o, coleta de lixos, meio ambiente e outros&#8230;<\/p>\n<p>A preocupa\u00e7\u00e3o deve ser ampla, geral e irrestrita, para superar tais desafios na Prov\u00edncia, os esfor\u00e7os devem atender o mesmo objetivo da organiza\u00e7\u00e3o, portanto, estar em sintonia interna pode evitar os desencontros externos&#8230;<\/p>\n<p>Nestas propostas descritas por meio da denominada &#8220;teoria&#8221; que apresenta algumas considera\u00e7\u00f5es apoiadas e mediadas pela &#8220;Comunica\u00e7\u00e3o Organizacional&#8221;, pode colaborar desde que haja interesse do poder p\u00fablico e ponto quase final&#8230;<\/p>\n<p>Afirma o dito popular que &#8220;de boas inten\u00e7\u00f5es o inferno est\u00e1 cheio&#8221;, mesmo assim, entendo que a comunidade provinciana pode fazer a diferen\u00e7a com suas contribui\u00e7\u00f5es em todas as \u00e1reas de atendimento afins aos interesses do poder p\u00fablico&#8230;<\/p>\n<p>Ent\u00e3o, de um jeito ou de outro, todos\/as devem participar deste processo em busca do progresso para a Prov\u00edncia, bem como, tentando da melhor forma poss\u00edvel acertar os desencontros deste ou do outro lado, haja vista, que os objetivos a serem alcan\u00e7ados atendem aos interesses nas esferas p\u00fablicos e privada&#8230;<\/p>\n<div class='flex flex-wrap items-center -mx-1'>\r\n<a class='thumbnail gallery p-1 w-1\/2 md:w-1\/4' href='https:\/\/radiolifefm.com.br\/noticias\/wp-content\/uploads\/2020\/07\/Sebar-4-scaled.jpg'><img class='border border-white' src='https:\/\/radiolifefm.com.br\/noticias\/wp-content\/uploads\/2020\/07\/Sebar-4-200x200.jpg' alt='Sebar' \/><\/a><a class='thumbnail gallery p-1 w-1\/2 md:w-1\/4' href='https:\/\/radiolifefm.com.br\/noticias\/wp-content\/uploads\/2020\/07\/Sebar-1-2-scaled.jpg'><img class='border border-white' src='https:\/\/radiolifefm.com.br\/noticias\/wp-content\/uploads\/2020\/07\/Sebar-1-2-200x200.jpg' alt='Sebar   1' \/><\/a><a class='thumbnail gallery p-1 w-1\/2 md:w-1\/4' href='https:\/\/radiolifefm.com.br\/noticias\/wp-content\/uploads\/2020\/07\/Sebar-2-2-scaled.jpg'><img class='border border-white' src='https:\/\/radiolifefm.com.br\/noticias\/wp-content\/uploads\/2020\/07\/Sebar-2-2-200x200.jpg' alt='Sebar   2' \/><\/a><\/div>\n<p>________________________________<br \/>\n(*) jornalista diplomado, professor universit\u00e1rio e consultor em gest\u00e3o da comunica\u00e7\u00e3o organizacional.<\/p>\n","protected":false},"excerpt":{"rendered":"<p>A Prov\u00edncia acima de tudo e de todos\/as&#8230; \u00c0s vezes constru\u00edmos sonhos em cima de grandes pessoas\u2026 O tempo passa\u2026 E descobrimos que grandes mesmo eram os sonhos e as pessoas pequenas demais para torn\u00e1-los reais! (Bob Marley) S\u00e9rgio Barbosa (*) Mesmo com o VELHO ANO NOVO em andamento em terras provincianas, pode-se escrever que [&hellip;]<\/p>\n","protected":false},"author":3,"featured_media":24663,"comment_status":"closed","ping_status":"open","sticky":false,"template":"","format":"standard","meta":{"_acf_changed":false,"_exactmetrics_skip_tracking":false,"_exactmetrics_sitenote_active":false,"_exactmetrics_sitenote_note":"","_exactmetrics_sitenote_category":0,"footnotes":""},"categories":[59],"tags":[],"class_list":["post-24662","post","type-post","status-publish","format-standard","has-post-thumbnail","hentry","category-opiniao"],"acf":[],"yoast_head":"<!-- This site is optimized with the Yoast SEO plugin v27.2 - https:\/\/yoast.com\/product\/yoast-seo-wordpress\/ -->\n<title>A Prov\u00edncia acima de tudo e de todos\/as... - S\u00e9rgio Barbosa - Opini\u00e3o - R\u00e1dio Life FM<\/title>\n<meta name=\"robots\" content=\"index, follow, max-snippet:-1, max-image-preview:large, max-video-preview:-1\" \/>\n<link rel=\"canonical\" href=\"https:\/\/radiolifefm.com.br\/noticias\/a-provincia-acima-de-tudo-e-de-todos-as-sergio-barbosa-opiniao\/\" \/>\n<meta property=\"og:locale\" content=\"pt_BR\" \/>\n<meta property=\"og:type\" content=\"article\" \/>\n<meta property=\"og:title\" content=\"A Prov\u00edncia acima de tudo e de todos\/as... - S\u00e9rgio Barbosa - Opini\u00e3o - R\u00e1dio Life FM\" \/>\n<meta property=\"og:description\" content=\"A Prov\u00edncia acima de tudo e de todos\/as&#8230; \u00c0s vezes constru\u00edmos sonhos em cima de grandes pessoas\u2026 O tempo passa\u2026 E descobrimos que grandes mesmo eram os sonhos e as pessoas pequenas demais para torn\u00e1-los reais! (Bob Marley) S\u00e9rgio Barbosa (*) Mesmo com o VELHO ANO NOVO em andamento em terras provincianas, pode-se escrever que [&hellip;]\" \/>\n<meta property=\"og:url\" content=\"https:\/\/radiolifefm.com.br\/noticias\/a-provincia-acima-de-tudo-e-de-todos-as-sergio-barbosa-opiniao\/\" \/>\n<meta property=\"og:site_name\" content=\"R\u00e1dio Life FM\" \/>\n<meta property=\"article:publisher\" content=\"https:\/\/www.facebook.com\/radiolifefm\/\" \/>\n<meta property=\"article:published_time\" content=\"2020-07-20T13:15:31+00:00\" \/>\n<meta property=\"article:modified_time\" content=\"2026-04-18T14:00:51+00:00\" \/>\n<meta property=\"og:image\" content=\"https:\/\/radiolifefm.com.br\/noticias\/wp-content\/uploads\/2020\/07\/Sebar-4-scaled.jpg\" \/>\n\t<meta property=\"og:image:width\" content=\"2560\" \/>\n\t<meta property=\"og:image:height\" content=\"1920\" \/>\n\t<meta property=\"og:image:type\" content=\"image\/jpeg\" \/>\n<meta name=\"author\" content=\"lifefm\" \/>\n<meta name=\"twitter:card\" content=\"summary_large_image\" \/>\n<meta name=\"twitter:label1\" content=\"Escrito por\" \/>\n\t<meta name=\"twitter:data1\" content=\"lifefm\" \/>\n\t<meta name=\"twitter:label2\" content=\"Est. tempo de leitura\" \/>\n\t<meta name=\"twitter:data2\" content=\"3 minutos\" \/>\n<script type=\"application\/ld+json\" class=\"yoast-schema-graph\">{\"@context\":\"https:\/\/schema.org\",\"@graph\":[{\"@type\":\"Article\",\"@id\":\"https:\/\/radiolifefm.com.br\/noticias\/a-provincia-acima-de-tudo-e-de-todos-as-sergio-barbosa-opiniao\/#article\",\"isPartOf\":{\"@id\":\"https:\/\/radiolifefm.com.br\/noticias\/a-provincia-acima-de-tudo-e-de-todos-as-sergio-barbosa-opiniao\/\"},\"author\":{\"name\":\"lifefm\",\"@id\":\"https:\/\/radiolifefm.com.br\/noticias\/#\/schema\/person\/1d4e4b1301322090c6221bf1c8420490\"},\"headline\":\"A Prov\u00edncia acima de tudo e de todos\/as&#8230; &#8211; S\u00e9rgio Barbosa &#8211; Opini\u00e3o\",\"datePublished\":\"2020-07-20T13:15:31+00:00\",\"dateModified\":\"2026-04-18T14:00:51+00:00\",\"mainEntityOfPage\":{\"@id\":\"https:\/\/radiolifefm.com.br\/noticias\/a-provincia-acima-de-tudo-e-de-todos-as-sergio-barbosa-opiniao\/\"},\"wordCount\":546,\"publisher\":{\"@id\":\"https:\/\/radiolifefm.com.br\/noticias\/#organization\"},\"image\":{\"@id\":\"https:\/\/radiolifefm.com.br\/noticias\/a-provincia-acima-de-tudo-e-de-todos-as-sergio-barbosa-opiniao\/#primaryimage\"},\"thumbnailUrl\":\"https:\/\/radiolifefm.com.br\/noticias\/wp-content\/uploads\/2020\/07\/Sebar-4-scaled.jpg\",\"articleSection\":[\"Opini\u00e3o\"],\"inLanguage\":\"pt-BR\"},{\"@type\":\"WebPage\",\"@id\":\"https:\/\/radiolifefm.com.br\/noticias\/a-provincia-acima-de-tudo-e-de-todos-as-sergio-barbosa-opiniao\/\",\"url\":\"https:\/\/radiolifefm.com.br\/noticias\/a-provincia-acima-de-tudo-e-de-todos-as-sergio-barbosa-opiniao\/\",\"name\":\"A Prov\u00edncia acima de tudo e de todos\/as... - S\u00e9rgio Barbosa - Opini\u00e3o - R\u00e1dio Life FM\",\"isPartOf\":{\"@id\":\"https:\/\/radiolifefm.com.br\/noticias\/#website\"},\"primaryImageOfPage\":{\"@id\":\"https:\/\/radiolifefm.com.br\/noticias\/a-provincia-acima-de-tudo-e-de-todos-as-sergio-barbosa-opiniao\/#primaryimage\"},\"image\":{\"@id\":\"https:\/\/radiolifefm.com.br\/noticias\/a-provincia-acima-de-tudo-e-de-todos-as-sergio-barbosa-opiniao\/#primaryimage\"},\"thumbnailUrl\":\"https:\/\/radiolifefm.com.br\/noticias\/wp-content\/uploads\/2020\/07\/Sebar-4-scaled.jpg\",\"datePublished\":\"2020-07-20T13:15:31+00:00\",\"dateModified\":\"2026-04-18T14:00:51+00:00\",\"breadcrumb\":{\"@id\":\"https:\/\/radiolifefm.com.br\/noticias\/a-provincia-acima-de-tudo-e-de-todos-as-sergio-barbosa-opiniao\/#breadcrumb\"},\"inLanguage\":\"pt-BR\",\"potentialAction\":[{\"@type\":\"ReadAction\",\"target\":[\"https:\/\/radiolifefm.com.br\/noticias\/a-provincia-acima-de-tudo-e-de-todos-as-sergio-barbosa-opiniao\/\"]}]},{\"@type\":\"ImageObject\",\"inLanguage\":\"pt-BR\",\"@id\":\"https:\/\/radiolifefm.com.br\/noticias\/a-provincia-acima-de-tudo-e-de-todos-as-sergio-barbosa-opiniao\/#primaryimage\",\"url\":\"https:\/\/radiolifefm.com.br\/noticias\/wp-content\/uploads\/2020\/07\/Sebar-4-scaled.jpg\",\"contentUrl\":\"https:\/\/radiolifefm.com.br\/noticias\/wp-content\/uploads\/2020\/07\/Sebar-4-scaled.jpg\",\"width\":2560,\"height\":1920},{\"@type\":\"BreadcrumbList\",\"@id\":\"https:\/\/radiolifefm.com.br\/noticias\/a-provincia-acima-de-tudo-e-de-todos-as-sergio-barbosa-opiniao\/#breadcrumb\",\"itemListElement\":[{\"@type\":\"ListItem\",\"position\":1,\"name\":\"In\u00edcio\",\"item\":\"https:\/\/radiolifefm.com.br\/noticias\/\"},{\"@type\":\"ListItem\",\"position\":2,\"name\":\"A Prov\u00edncia acima de tudo e de todos\/as&#8230; &#8211; S\u00e9rgio Barbosa &#8211; Opini\u00e3o\"}]},{\"@type\":\"WebSite\",\"@id\":\"https:\/\/radiolifefm.com.br\/noticias\/#website\",\"url\":\"https:\/\/radiolifefm.com.br\/noticias\/\",\"name\":\"R\u00e1dio Life FM\",\"description\":\"O Portal de Not\u00edcias de Adamantina\",\"publisher\":{\"@id\":\"https:\/\/radiolifefm.com.br\/noticias\/#organization\"},\"alternateName\":\"Life FM\",\"potentialAction\":[{\"@type\":\"SearchAction\",\"target\":{\"@type\":\"EntryPoint\",\"urlTemplate\":\"https:\/\/radiolifefm.com.br\/noticias\/?s={search_term_string}\"},\"query-input\":{\"@type\":\"PropertyValueSpecification\",\"valueRequired\":true,\"valueName\":\"search_term_string\"}}],\"inLanguage\":\"pt-BR\"},{\"@type\":\"Organization\",\"@id\":\"https:\/\/radiolifefm.com.br\/noticias\/#organization\",\"name\":\"R\u00e1dio Life FM\",\"alternateName\":\"Life FM\",\"url\":\"https:\/\/radiolifefm.com.br\/noticias\/\",\"logo\":{\"@type\":\"ImageObject\",\"inLanguage\":\"pt-BR\",\"@id\":\"https:\/\/radiolifefm.com.br\/noticias\/#\/schema\/logo\/image\/\",\"url\":\"https:\/\/static.radiolifefm.com.br\/noticias\/wp-content\/uploads\/2019\/10\/logo-lifefm.png\",\"contentUrl\":\"https:\/\/static.radiolifefm.com.br\/noticias\/wp-content\/uploads\/2019\/10\/logo-lifefm.png\",\"width\":196,\"height\":47,\"caption\":\"R\u00e1dio Life FM\"},\"image\":{\"@id\":\"https:\/\/radiolifefm.com.br\/noticias\/#\/schema\/logo\/image\/\"},\"sameAs\":[\"https:\/\/www.facebook.com\/radiolifefm\/\",\"https:\/\/www.instagram.com\/life1079fm\/\"]},{\"@type\":\"Person\",\"@id\":\"https:\/\/radiolifefm.com.br\/noticias\/#\/schema\/person\/1d4e4b1301322090c6221bf1c8420490\",\"name\":\"lifefm\",\"image\":{\"@type\":\"ImageObject\",\"inLanguage\":\"pt-BR\",\"@id\":\"https:\/\/secure.gravatar.com\/avatar\/eca268467d925ec97d20641bb054fd944c0abb2f92854171620706bbe6474e7c?s=96&d=mm&r=g\",\"url\":\"https:\/\/secure.gravatar.com\/avatar\/eca268467d925ec97d20641bb054fd944c0abb2f92854171620706bbe6474e7c?s=96&d=mm&r=g\",\"contentUrl\":\"https:\/\/secure.gravatar.com\/avatar\/eca268467d925ec97d20641bb054fd944c0abb2f92854171620706bbe6474e7c?s=96&d=mm&r=g\",\"caption\":\"lifefm\"}}]}<\/script>\n<!-- \/ Yoast SEO plugin. -->","yoast_head_json":{"title":"A Prov\u00edncia acima de tudo e de todos\/as... - S\u00e9rgio Barbosa - Opini\u00e3o - R\u00e1dio Life FM","robots":{"index":"index","follow":"follow","max-snippet":"max-snippet:-1","max-image-preview":"max-image-preview:large","max-video-preview":"max-video-preview:-1"},"canonical":"https:\/\/radiolifefm.com.br\/noticias\/a-provincia-acima-de-tudo-e-de-todos-as-sergio-barbosa-opiniao\/","og_locale":"pt_BR","og_type":"article","og_title":"A Prov\u00edncia acima de tudo e de todos\/as... - S\u00e9rgio Barbosa - Opini\u00e3o - R\u00e1dio Life FM","og_description":"A Prov\u00edncia acima de tudo e de todos\/as&#8230; \u00c0s vezes constru\u00edmos sonhos em cima de grandes pessoas\u2026 O tempo passa\u2026 E descobrimos que grandes mesmo eram os sonhos e as pessoas pequenas demais para torn\u00e1-los reais! (Bob Marley) S\u00e9rgio Barbosa (*) Mesmo com o VELHO ANO NOVO em andamento em terras provincianas, pode-se escrever que [&hellip;]","og_url":"https:\/\/radiolifefm.com.br\/noticias\/a-provincia-acima-de-tudo-e-de-todos-as-sergio-barbosa-opiniao\/","og_site_name":"R\u00e1dio Life FM","article_publisher":"https:\/\/www.facebook.com\/radiolifefm\/","article_published_time":"2020-07-20T13:15:31+00:00","article_modified_time":"2026-04-18T14:00:51+00:00","og_image":[{"width":2560,"height":1920,"url":"https:\/\/radiolifefm.com.br\/noticias\/wp-content\/uploads\/2020\/07\/Sebar-4-scaled.jpg","type":"image\/jpeg"}],"author":"lifefm","twitter_card":"summary_large_image","twitter_misc":{"Escrito por":"lifefm","Est. tempo de leitura":"3 minutos"},"schema":{"@context":"https:\/\/schema.org","@graph":[{"@type":"Article","@id":"https:\/\/radiolifefm.com.br\/noticias\/a-provincia-acima-de-tudo-e-de-todos-as-sergio-barbosa-opiniao\/#article","isPartOf":{"@id":"https:\/\/radiolifefm.com.br\/noticias\/a-provincia-acima-de-tudo-e-de-todos-as-sergio-barbosa-opiniao\/"},"author":{"name":"lifefm","@id":"https:\/\/radiolifefm.com.br\/noticias\/#\/schema\/person\/1d4e4b1301322090c6221bf1c8420490"},"headline":"A Prov\u00edncia acima de tudo e de todos\/as&#8230; &#8211; S\u00e9rgio Barbosa &#8211; Opini\u00e3o","datePublished":"2020-07-20T13:15:31+00:00","dateModified":"2026-04-18T14:00:51+00:00","mainEntityOfPage":{"@id":"https:\/\/radiolifefm.com.br\/noticias\/a-provincia-acima-de-tudo-e-de-todos-as-sergio-barbosa-opiniao\/"},"wordCount":546,"publisher":{"@id":"https:\/\/radiolifefm.com.br\/noticias\/#organization"},"image":{"@id":"https:\/\/radiolifefm.com.br\/noticias\/a-provincia-acima-de-tudo-e-de-todos-as-sergio-barbosa-opiniao\/#primaryimage"},"thumbnailUrl":"https:\/\/radiolifefm.com.br\/noticias\/wp-content\/uploads\/2020\/07\/Sebar-4-scaled.jpg","articleSection":["Opini\u00e3o"],"inLanguage":"pt-BR"},{"@type":"WebPage","@id":"https:\/\/radiolifefm.com.br\/noticias\/a-provincia-acima-de-tudo-e-de-todos-as-sergio-barbosa-opiniao\/","url":"https:\/\/radiolifefm.com.br\/noticias\/a-provincia-acima-de-tudo-e-de-todos-as-sergio-barbosa-opiniao\/","name":"A Prov\u00edncia acima de tudo e de todos\/as... - S\u00e9rgio Barbosa - Opini\u00e3o - R\u00e1dio Life FM","isPartOf":{"@id":"https:\/\/radiolifefm.com.br\/noticias\/#website"},"primaryImageOfPage":{"@id":"https:\/\/radiolifefm.com.br\/noticias\/a-provincia-acima-de-tudo-e-de-todos-as-sergio-barbosa-opiniao\/#primaryimage"},"image":{"@id":"https:\/\/radiolifefm.com.br\/noticias\/a-provincia-acima-de-tudo-e-de-todos-as-sergio-barbosa-opiniao\/#primaryimage"},"thumbnailUrl":"https:\/\/radiolifefm.com.br\/noticias\/wp-content\/uploads\/2020\/07\/Sebar-4-scaled.jpg","datePublished":"2020-07-20T13:15:31+00:00","dateModified":"2026-04-18T14:00:51+00:00","breadcrumb":{"@id":"https:\/\/radiolifefm.com.br\/noticias\/a-provincia-acima-de-tudo-e-de-todos-as-sergio-barbosa-opiniao\/#breadcrumb"},"inLanguage":"pt-BR","potentialAction":[{"@type":"ReadAction","target":["https:\/\/radiolifefm.com.br\/noticias\/a-provincia-acima-de-tudo-e-de-todos-as-sergio-barbosa-opiniao\/"]}]},{"@type":"ImageObject","inLanguage":"pt-BR","@id":"https:\/\/radiolifefm.com.br\/noticias\/a-provincia-acima-de-tudo-e-de-todos-as-sergio-barbosa-opiniao\/#primaryimage","url":"https:\/\/radiolifefm.com.br\/noticias\/wp-content\/uploads\/2020\/07\/Sebar-4-scaled.jpg","contentUrl":"https:\/\/radiolifefm.com.br\/noticias\/wp-content\/uploads\/2020\/07\/Sebar-4-scaled.jpg","width":2560,"height":1920},{"@type":"BreadcrumbList","@id":"https:\/\/radiolifefm.com.br\/noticias\/a-provincia-acima-de-tudo-e-de-todos-as-sergio-barbosa-opiniao\/#breadcrumb","itemListElement":[{"@type":"ListItem","position":1,"name":"In\u00edcio","item":"https:\/\/radiolifefm.com.br\/noticias\/"},{"@type":"ListItem","position":2,"name":"A Prov\u00edncia acima de tudo e de todos\/as&#8230; &#8211; S\u00e9rgio Barbosa &#8211; Opini\u00e3o"}]},{"@type":"WebSite","@id":"https:\/\/radiolifefm.com.br\/noticias\/#website","url":"https:\/\/radiolifefm.com.br\/noticias\/","name":"R\u00e1dio Life FM","description":"O Portal de Not\u00edcias de Adamantina","publisher":{"@id":"https:\/\/radiolifefm.com.br\/noticias\/#organization"},"alternateName":"Life FM","potentialAction":[{"@type":"SearchAction","target":{"@type":"EntryPoint","urlTemplate":"https:\/\/radiolifefm.com.br\/noticias\/?s={search_term_string}"},"query-input":{"@type":"PropertyValueSpecification","valueRequired":true,"valueName":"search_term_string"}}],"inLanguage":"pt-BR"},{"@type":"Organization","@id":"https:\/\/radiolifefm.com.br\/noticias\/#organization","name":"R\u00e1dio Life FM","alternateName":"Life FM","url":"https:\/\/radiolifefm.com.br\/noticias\/","logo":{"@type":"ImageObject","inLanguage":"pt-BR","@id":"https:\/\/radiolifefm.com.br\/noticias\/#\/schema\/logo\/image\/","url":"https:\/\/static.radiolifefm.com.br\/noticias\/wp-content\/uploads\/2019\/10\/logo-lifefm.png","contentUrl":"https:\/\/static.radiolifefm.com.br\/noticias\/wp-content\/uploads\/2019\/10\/logo-lifefm.png","width":196,"height":47,"caption":"R\u00e1dio Life FM"},"image":{"@id":"https:\/\/radiolifefm.com.br\/noticias\/#\/schema\/logo\/image\/"},"sameAs":["https:\/\/www.facebook.com\/radiolifefm\/","https:\/\/www.instagram.com\/life1079fm\/"]},{"@type":"Person","@id":"https:\/\/radiolifefm.com.br\/noticias\/#\/schema\/person\/1d4e4b1301322090c6221bf1c8420490","name":"lifefm","image":{"@type":"ImageObject","inLanguage":"pt-BR","@id":"https:\/\/secure.gravatar.com\/avatar\/eca268467d925ec97d20641bb054fd944c0abb2f92854171620706bbe6474e7c?s=96&d=mm&r=g","url":"https:\/\/secure.gravatar.com\/avatar\/eca268467d925ec97d20641bb054fd944c0abb2f92854171620706bbe6474e7c?s=96&d=mm&r=g","contentUrl":"https:\/\/secure.gravatar.com\/avatar\/eca268467d925ec97d20641bb054fd944c0abb2f92854171620706bbe6474e7c?s=96&d=mm&r=g","caption":"lifefm"}}]}},"amp_enabled":true,"_links":{"self":[{"href":"https:\/\/radiolifefm.com.br\/noticias\/wp-json\/wp\/v2\/posts\/24662","targetHints":{"allow":["GET"]}}],"collection":[{"href":"https:\/\/radiolifefm.com.br\/noticias\/wp-json\/wp\/v2\/posts"}],"about":[{"href":"https:\/\/radiolifefm.com.br\/noticias\/wp-json\/wp\/v2\/types\/post"}],"author":[{"embeddable":true,"href":"https:\/\/radiolifefm.com.br\/noticias\/wp-json\/wp\/v2\/users\/3"}],"replies":[{"embeddable":true,"href":"https:\/\/radiolifefm.com.br\/noticias\/wp-json\/wp\/v2\/comments?post=24662"}],"version-history":[{"count":1,"href":"https:\/\/radiolifefm.com.br\/noticias\/wp-json\/wp\/v2\/posts\/24662\/revisions"}],"predecessor-version":[{"id":24666,"href":"https:\/\/radiolifefm.com.br\/noticias\/wp-json\/wp\/v2\/posts\/24662\/revisions\/24666"}],"wp:featuredmedia":[{"embeddable":true,"href":"https:\/\/radiolifefm.com.br\/noticias\/wp-json\/wp\/v2\/media\/24663"}],"wp:attachment":[{"href":"https:\/\/radiolifefm.com.br\/noticias\/wp-json\/wp\/v2\/media?parent=24662"}],"wp:term":[{"taxonomy":"category","embeddable":true,"href":"https:\/\/radiolifefm.com.br\/noticias\/wp-json\/wp\/v2\/categories?post=24662"},{"taxonomy":"post_tag","embeddable":true,"href":"https:\/\/radiolifefm.com.br\/noticias\/wp-json\/wp\/v2\/tags?post=24662"}],"curies":[{"name":"wp","href":"https:\/\/api.w.org\/{rel}","templated":true}]}}