{"id":24657,"date":"2020-07-20T09:06:35","date_gmt":"2020-07-20T12:06:35","guid":{"rendered":"https:\/\/radiolifefm.com.br\/noticias\/?p=24657"},"modified":"2026-05-01T14:10:49","modified_gmt":"2026-05-01T17:10:49","slug":"carro-se-choca-contra-uma-arvore-e-deixa-varios-feridos-leves-em-ouro-verde","status":"publish","type":"post","link":"https:\/\/radiolifefm.com.br\/noticias\/carro-se-choca-contra-uma-arvore-e-deixa-varios-feridos-leves-em-ouro-verde\/","title":{"rendered":"Carro se choca contra uma \u00e1rvore e deixa v\u00e1rios feridos leves em Ouro Verde"},"content":{"rendered":"<div id=\"fb-root\"><\/div>\n<p><em>Ocorr\u00eancia registrada pelo Acesso 127 da SP-563, Km 6, no munic\u00edpio de Ouro Verde<\/em><\/p>\n<p>Policiais Militares do Policiamento Rodovi\u00e1rio de Presidente Prudente, na tarde deste domingo, atenderam um Acidente de Tr\u00e2nsito com v\u00edtima leve.<\/p>\n<p>O acidente envolveu um ve\u00edculo \u00fanico, um Gol, cor prata, com placas de Dracena, que transitava no sentido Dracena a Ouro Verde, quando no local do fato, seu condutor, J.S.N.S., um homem de 26 anos, residente em Dracena, v\u00edtima leve, perdeu o controle da dire\u00e7\u00e3o, chocando-se contra uma \u00e1rvore e uma cerca al\u00e9m do acostamento a sua esquerda.<\/p>\n<p>O choque vitimou levemente os acompanhantes do condutor, sendo, P.R.F., uma mulher de 26 anos, residente em Dracena e, D.R.F., 1 crian\u00e7a, um garoto de 1 ano e 9 meses, tamb\u00e9m residente em Dracena.<\/p>\n<p>As v\u00edtimas foram socorridas ao PS de Dracena e a rodovia n\u00e3o foi interditada, o local foi sinalizado pelo policiamento rodovi\u00e1rio, juntamente com DER.<\/p>\n<p><img loading=\"lazy\" decoding=\"async\" class=\"alignnone size-medium wp-image-24659\" src=\"https:\/\/static.radiolifefm.com.br\/wp-content\/uploads\/sites\/2\/2020\/07\/Carro-\u00e1rvore-O-Verde-1-300x225.jpg\" alt=\"\" width=\"300\" height=\"225\" srcset=\"https:\/\/radiolifefm.com.br\/noticias\/wp-content\/uploads\/2020\/07\/Carro-\u00e1rvore-O-Verde-1-300x225.jpg 300w, https:\/\/radiolifefm.com.br\/noticias\/wp-content\/uploads\/2020\/07\/Carro-\u00e1rvore-O-Verde-1.jpg 517w\" sizes=\"auto, (max-width: 300px) 100vw, 300px\" \/><\/p>\n<p>Jorge Zanoni<\/p>\n","protected":false},"excerpt":{"rendered":"<p>Ocorr\u00eancia registrada pelo Acesso 127 da SP-563, Km 6, no munic\u00edpio de Ouro Verde Policiais Militares do Policiamento Rodovi\u00e1rio de Presidente Prudente, na tarde deste domingo, atenderam um Acidente de Tr\u00e2nsito com v\u00edtima leve. O acidente envolveu um ve\u00edculo \u00fanico, um Gol, cor prata, com placas de Dracena, que transitava no sentido Dracena a Ouro [&hellip;]<\/p>\n","protected":false},"author":3,"featured_media":24658,"comment_status":"closed","ping_status":"open","sticky":false,"template":"","format":"standard","meta":{"_acf_changed":false,"_exactmetrics_skip_tracking":false,"_exactmetrics_sitenote_active":false,"_exactmetrics_sitenote_note":"","_exactmetrics_sitenote_category":0,"footnotes":""},"categories":[24],"tags":[],"class_list":["post-24657","post","type-post","status-publish","format-standard","has-post-thumbnail","hentry","category-regiao"],"acf":[],"yoast_head":"<!-- This site is optimized with the Yoast SEO plugin v27.2 - https:\/\/yoast.com\/product\/yoast-seo-wordpress\/ -->\n<title>Carro se choca contra uma \u00e1rvore e deixa v\u00e1rios feridos leves em Ouro Verde - R\u00e1dio Life FM<\/title>\n<meta name=\"robots\" content=\"index, follow, max-snippet:-1, max-image-preview:large, max-video-preview:-1\" \/>\n<link rel=\"canonical\" href=\"https:\/\/radiolifefm.com.br\/noticias\/carro-se-choca-contra-uma-arvore-e-deixa-varios-feridos-leves-em-ouro-verde\/\" \/>\n<meta property=\"og:locale\" content=\"pt_BR\" \/>\n<meta property=\"og:type\" content=\"article\" \/>\n<meta property=\"og:title\" content=\"Carro se choca contra uma \u00e1rvore e deixa v\u00e1rios feridos leves em Ouro Verde - R\u00e1dio Life FM\" \/>\n<meta property=\"og:description\" content=\"Ocorr\u00eancia registrada pelo Acesso 127 da SP-563, Km 6, no munic\u00edpio de Ouro Verde Policiais Militares do Policiamento Rodovi\u00e1rio de Presidente Prudente, na tarde deste domingo, atenderam um Acidente de Tr\u00e2nsito com v\u00edtima leve. O acidente envolveu um ve\u00edculo \u00fanico, um Gol, cor prata, com placas de Dracena, que transitava no sentido Dracena a Ouro [&hellip;]\" \/>\n<meta property=\"og:url\" content=\"https:\/\/radiolifefm.com.br\/noticias\/carro-se-choca-contra-uma-arvore-e-deixa-varios-feridos-leves-em-ouro-verde\/\" \/>\n<meta property=\"og:site_name\" content=\"R\u00e1dio Life FM\" \/>\n<meta property=\"article:publisher\" content=\"https:\/\/www.facebook.com\/radiolifefm\/\" \/>\n<meta property=\"article:published_time\" content=\"2020-07-20T12:06:35+00:00\" \/>\n<meta property=\"article:modified_time\" content=\"2026-05-01T17:10:49+00:00\" \/>\n<meta property=\"og:image\" content=\"https:\/\/radiolifefm.com.br\/noticias\/wp-content\/uploads\/2020\/07\/Carro-\u00e1rvore-O-Verde.jpg\" \/>\n\t<meta property=\"og:image:width\" content=\"516\" \/>\n\t<meta property=\"og:image:height\" content=\"388\" \/>\n\t<meta property=\"og:image:type\" content=\"image\/jpeg\" \/>\n<meta name=\"author\" content=\"lifefm\" \/>\n<meta name=\"twitter:card\" content=\"summary_large_image\" \/>\n<meta name=\"twitter:label1\" content=\"Escrito por\" \/>\n\t<meta name=\"twitter:data1\" content=\"lifefm\" \/>\n\t<meta name=\"twitter:label2\" content=\"Est. tempo de leitura\" \/>\n\t<meta name=\"twitter:data2\" content=\"1 minuto\" \/>\n<script type=\"application\/ld+json\" class=\"yoast-schema-graph\">{\"@context\":\"https:\/\/schema.org\",\"@graph\":[{\"@type\":\"Article\",\"@id\":\"https:\/\/radiolifefm.com.br\/noticias\/carro-se-choca-contra-uma-arvore-e-deixa-varios-feridos-leves-em-ouro-verde\/#article\",\"isPartOf\":{\"@id\":\"https:\/\/radiolifefm.com.br\/noticias\/carro-se-choca-contra-uma-arvore-e-deixa-varios-feridos-leves-em-ouro-verde\/\"},\"author\":{\"name\":\"lifefm\",\"@id\":\"https:\/\/radiolifefm.com.br\/noticias\/#\/schema\/person\/1d4e4b1301322090c6221bf1c8420490\"},\"headline\":\"Carro se choca contra uma \u00e1rvore e deixa v\u00e1rios feridos leves em Ouro Verde\",\"datePublished\":\"2020-07-20T12:06:35+00:00\",\"dateModified\":\"2026-05-01T17:10:49+00:00\",\"mainEntityOfPage\":{\"@id\":\"https:\/\/radiolifefm.com.br\/noticias\/carro-se-choca-contra-uma-arvore-e-deixa-varios-feridos-leves-em-ouro-verde\/\"},\"wordCount\":181,\"publisher\":{\"@id\":\"https:\/\/radiolifefm.com.br\/noticias\/#organization\"},\"image\":{\"@id\":\"https:\/\/radiolifefm.com.br\/noticias\/carro-se-choca-contra-uma-arvore-e-deixa-varios-feridos-leves-em-ouro-verde\/#primaryimage\"},\"thumbnailUrl\":\"https:\/\/radiolifefm.com.br\/noticias\/wp-content\/uploads\/2020\/07\/Carro-\u00e1rvore-O-Verde.jpg\",\"articleSection\":[\"Regi\u00e3o\"],\"inLanguage\":\"pt-BR\"},{\"@type\":\"WebPage\",\"@id\":\"https:\/\/radiolifefm.com.br\/noticias\/carro-se-choca-contra-uma-arvore-e-deixa-varios-feridos-leves-em-ouro-verde\/\",\"url\":\"https:\/\/radiolifefm.com.br\/noticias\/carro-se-choca-contra-uma-arvore-e-deixa-varios-feridos-leves-em-ouro-verde\/\",\"name\":\"Carro se choca contra uma \u00e1rvore e deixa v\u00e1rios feridos leves em Ouro Verde - R\u00e1dio Life FM\",\"isPartOf\":{\"@id\":\"https:\/\/radiolifefm.com.br\/noticias\/#website\"},\"primaryImageOfPage\":{\"@id\":\"https:\/\/radiolifefm.com.br\/noticias\/carro-se-choca-contra-uma-arvore-e-deixa-varios-feridos-leves-em-ouro-verde\/#primaryimage\"},\"image\":{\"@id\":\"https:\/\/radiolifefm.com.br\/noticias\/carro-se-choca-contra-uma-arvore-e-deixa-varios-feridos-leves-em-ouro-verde\/#primaryimage\"},\"thumbnailUrl\":\"https:\/\/radiolifefm.com.br\/noticias\/wp-content\/uploads\/2020\/07\/Carro-\u00e1rvore-O-Verde.jpg\",\"datePublished\":\"2020-07-20T12:06:35+00:00\",\"dateModified\":\"2026-05-01T17:10:49+00:00\",\"breadcrumb\":{\"@id\":\"https:\/\/radiolifefm.com.br\/noticias\/carro-se-choca-contra-uma-arvore-e-deixa-varios-feridos-leves-em-ouro-verde\/#breadcrumb\"},\"inLanguage\":\"pt-BR\",\"potentialAction\":[{\"@type\":\"ReadAction\",\"target\":[\"https:\/\/radiolifefm.com.br\/noticias\/carro-se-choca-contra-uma-arvore-e-deixa-varios-feridos-leves-em-ouro-verde\/\"]}]},{\"@type\":\"ImageObject\",\"inLanguage\":\"pt-BR\",\"@id\":\"https:\/\/radiolifefm.com.br\/noticias\/carro-se-choca-contra-uma-arvore-e-deixa-varios-feridos-leves-em-ouro-verde\/#primaryimage\",\"url\":\"https:\/\/radiolifefm.com.br\/noticias\/wp-content\/uploads\/2020\/07\/Carro-\u00e1rvore-O-Verde.jpg\",\"contentUrl\":\"https:\/\/radiolifefm.com.br\/noticias\/wp-content\/uploads\/2020\/07\/Carro-\u00e1rvore-O-Verde.jpg\",\"width\":516,\"height\":388},{\"@type\":\"BreadcrumbList\",\"@id\":\"https:\/\/radiolifefm.com.br\/noticias\/carro-se-choca-contra-uma-arvore-e-deixa-varios-feridos-leves-em-ouro-verde\/#breadcrumb\",\"itemListElement\":[{\"@type\":\"ListItem\",\"position\":1,\"name\":\"In\u00edcio\",\"item\":\"https:\/\/radiolifefm.com.br\/noticias\/\"},{\"@type\":\"ListItem\",\"position\":2,\"name\":\"Carro se choca contra uma \u00e1rvore e deixa v\u00e1rios feridos leves em Ouro Verde\"}]},{\"@type\":\"WebSite\",\"@id\":\"https:\/\/radiolifefm.com.br\/noticias\/#website\",\"url\":\"https:\/\/radiolifefm.com.br\/noticias\/\",\"name\":\"R\u00e1dio Life FM\",\"description\":\"O Portal de Not\u00edcias de Adamantina\",\"publisher\":{\"@id\":\"https:\/\/radiolifefm.com.br\/noticias\/#organization\"},\"alternateName\":\"Life FM\",\"potentialAction\":[{\"@type\":\"SearchAction\",\"target\":{\"@type\":\"EntryPoint\",\"urlTemplate\":\"https:\/\/radiolifefm.com.br\/noticias\/?s={search_term_string}\"},\"query-input\":{\"@type\":\"PropertyValueSpecification\",\"valueRequired\":true,\"valueName\":\"search_term_string\"}}],\"inLanguage\":\"pt-BR\"},{\"@type\":\"Organization\",\"@id\":\"https:\/\/radiolifefm.com.br\/noticias\/#organization\",\"name\":\"R\u00e1dio Life FM\",\"alternateName\":\"Life FM\",\"url\":\"https:\/\/radiolifefm.com.br\/noticias\/\",\"logo\":{\"@type\":\"ImageObject\",\"inLanguage\":\"pt-BR\",\"@id\":\"https:\/\/radiolifefm.com.br\/noticias\/#\/schema\/logo\/image\/\",\"url\":\"https:\/\/static.radiolifefm.com.br\/noticias\/wp-content\/uploads\/2019\/10\/logo-lifefm.png\",\"contentUrl\":\"https:\/\/static.radiolifefm.com.br\/noticias\/wp-content\/uploads\/2019\/10\/logo-lifefm.png\",\"width\":196,\"height\":47,\"caption\":\"R\u00e1dio Life FM\"},\"image\":{\"@id\":\"https:\/\/radiolifefm.com.br\/noticias\/#\/schema\/logo\/image\/\"},\"sameAs\":[\"https:\/\/www.facebook.com\/radiolifefm\/\",\"https:\/\/www.instagram.com\/life1079fm\/\"]},{\"@type\":\"Person\",\"@id\":\"https:\/\/radiolifefm.com.br\/noticias\/#\/schema\/person\/1d4e4b1301322090c6221bf1c8420490\",\"name\":\"lifefm\",\"image\":{\"@type\":\"ImageObject\",\"inLanguage\":\"pt-BR\",\"@id\":\"https:\/\/secure.gravatar.com\/avatar\/eca268467d925ec97d20641bb054fd944c0abb2f92854171620706bbe6474e7c?s=96&d=mm&r=g\",\"url\":\"https:\/\/secure.gravatar.com\/avatar\/eca268467d925ec97d20641bb054fd944c0abb2f92854171620706bbe6474e7c?s=96&d=mm&r=g\",\"contentUrl\":\"https:\/\/secure.gravatar.com\/avatar\/eca268467d925ec97d20641bb054fd944c0abb2f92854171620706bbe6474e7c?s=96&d=mm&r=g\",\"caption\":\"lifefm\"}}]}<\/script>\n<!-- \/ Yoast SEO plugin. -->","yoast_head_json":{"title":"Carro se choca contra uma \u00e1rvore e deixa v\u00e1rios feridos leves em Ouro Verde - R\u00e1dio Life FM","robots":{"index":"index","follow":"follow","max-snippet":"max-snippet:-1","max-image-preview":"max-image-preview:large","max-video-preview":"max-video-preview:-1"},"canonical":"https:\/\/radiolifefm.com.br\/noticias\/carro-se-choca-contra-uma-arvore-e-deixa-varios-feridos-leves-em-ouro-verde\/","og_locale":"pt_BR","og_type":"article","og_title":"Carro se choca contra uma \u00e1rvore e deixa v\u00e1rios feridos leves em Ouro Verde - R\u00e1dio Life FM","og_description":"Ocorr\u00eancia registrada pelo Acesso 127 da SP-563, Km 6, no munic\u00edpio de Ouro Verde Policiais Militares do Policiamento Rodovi\u00e1rio de Presidente Prudente, na tarde deste domingo, atenderam um Acidente de Tr\u00e2nsito com v\u00edtima leve. O acidente envolveu um ve\u00edculo \u00fanico, um Gol, cor prata, com placas de Dracena, que transitava no sentido Dracena a Ouro [&hellip;]","og_url":"https:\/\/radiolifefm.com.br\/noticias\/carro-se-choca-contra-uma-arvore-e-deixa-varios-feridos-leves-em-ouro-verde\/","og_site_name":"R\u00e1dio Life FM","article_publisher":"https:\/\/www.facebook.com\/radiolifefm\/","article_published_time":"2020-07-20T12:06:35+00:00","article_modified_time":"2026-05-01T17:10:49+00:00","og_image":[{"width":516,"height":388,"url":"https:\/\/radiolifefm.com.br\/noticias\/wp-content\/uploads\/2020\/07\/Carro-\u00e1rvore-O-Verde.jpg","type":"image\/jpeg"}],"author":"lifefm","twitter_card":"summary_large_image","twitter_misc":{"Escrito por":"lifefm","Est. tempo de leitura":"1 minuto"},"schema":{"@context":"https:\/\/schema.org","@graph":[{"@type":"Article","@id":"https:\/\/radiolifefm.com.br\/noticias\/carro-se-choca-contra-uma-arvore-e-deixa-varios-feridos-leves-em-ouro-verde\/#article","isPartOf":{"@id":"https:\/\/radiolifefm.com.br\/noticias\/carro-se-choca-contra-uma-arvore-e-deixa-varios-feridos-leves-em-ouro-verde\/"},"author":{"name":"lifefm","@id":"https:\/\/radiolifefm.com.br\/noticias\/#\/schema\/person\/1d4e4b1301322090c6221bf1c8420490"},"headline":"Carro se choca contra uma \u00e1rvore e deixa v\u00e1rios feridos leves em Ouro Verde","datePublished":"2020-07-20T12:06:35+00:00","dateModified":"2026-05-01T17:10:49+00:00","mainEntityOfPage":{"@id":"https:\/\/radiolifefm.com.br\/noticias\/carro-se-choca-contra-uma-arvore-e-deixa-varios-feridos-leves-em-ouro-verde\/"},"wordCount":181,"publisher":{"@id":"https:\/\/radiolifefm.com.br\/noticias\/#organization"},"image":{"@id":"https:\/\/radiolifefm.com.br\/noticias\/carro-se-choca-contra-uma-arvore-e-deixa-varios-feridos-leves-em-ouro-verde\/#primaryimage"},"thumbnailUrl":"https:\/\/radiolifefm.com.br\/noticias\/wp-content\/uploads\/2020\/07\/Carro-\u00e1rvore-O-Verde.jpg","articleSection":["Regi\u00e3o"],"inLanguage":"pt-BR"},{"@type":"WebPage","@id":"https:\/\/radiolifefm.com.br\/noticias\/carro-se-choca-contra-uma-arvore-e-deixa-varios-feridos-leves-em-ouro-verde\/","url":"https:\/\/radiolifefm.com.br\/noticias\/carro-se-choca-contra-uma-arvore-e-deixa-varios-feridos-leves-em-ouro-verde\/","name":"Carro se choca contra uma \u00e1rvore e deixa v\u00e1rios feridos leves em Ouro Verde - R\u00e1dio Life FM","isPartOf":{"@id":"https:\/\/radiolifefm.com.br\/noticias\/#website"},"primaryImageOfPage":{"@id":"https:\/\/radiolifefm.com.br\/noticias\/carro-se-choca-contra-uma-arvore-e-deixa-varios-feridos-leves-em-ouro-verde\/#primaryimage"},"image":{"@id":"https:\/\/radiolifefm.com.br\/noticias\/carro-se-choca-contra-uma-arvore-e-deixa-varios-feridos-leves-em-ouro-verde\/#primaryimage"},"thumbnailUrl":"https:\/\/radiolifefm.com.br\/noticias\/wp-content\/uploads\/2020\/07\/Carro-\u00e1rvore-O-Verde.jpg","datePublished":"2020-07-20T12:06:35+00:00","dateModified":"2026-05-01T17:10:49+00:00","breadcrumb":{"@id":"https:\/\/radiolifefm.com.br\/noticias\/carro-se-choca-contra-uma-arvore-e-deixa-varios-feridos-leves-em-ouro-verde\/#breadcrumb"},"inLanguage":"pt-BR","potentialAction":[{"@type":"ReadAction","target":["https:\/\/radiolifefm.com.br\/noticias\/carro-se-choca-contra-uma-arvore-e-deixa-varios-feridos-leves-em-ouro-verde\/"]}]},{"@type":"ImageObject","inLanguage":"pt-BR","@id":"https:\/\/radiolifefm.com.br\/noticias\/carro-se-choca-contra-uma-arvore-e-deixa-varios-feridos-leves-em-ouro-verde\/#primaryimage","url":"https:\/\/radiolifefm.com.br\/noticias\/wp-content\/uploads\/2020\/07\/Carro-\u00e1rvore-O-Verde.jpg","contentUrl":"https:\/\/radiolifefm.com.br\/noticias\/wp-content\/uploads\/2020\/07\/Carro-\u00e1rvore-O-Verde.jpg","width":516,"height":388},{"@type":"BreadcrumbList","@id":"https:\/\/radiolifefm.com.br\/noticias\/carro-se-choca-contra-uma-arvore-e-deixa-varios-feridos-leves-em-ouro-verde\/#breadcrumb","itemListElement":[{"@type":"ListItem","position":1,"name":"In\u00edcio","item":"https:\/\/radiolifefm.com.br\/noticias\/"},{"@type":"ListItem","position":2,"name":"Carro se choca contra uma \u00e1rvore e deixa v\u00e1rios feridos leves em Ouro Verde"}]},{"@type":"WebSite","@id":"https:\/\/radiolifefm.com.br\/noticias\/#website","url":"https:\/\/radiolifefm.com.br\/noticias\/","name":"R\u00e1dio Life FM","description":"O Portal de Not\u00edcias de Adamantina","publisher":{"@id":"https:\/\/radiolifefm.com.br\/noticias\/#organization"},"alternateName":"Life FM","potentialAction":[{"@type":"SearchAction","target":{"@type":"EntryPoint","urlTemplate":"https:\/\/radiolifefm.com.br\/noticias\/?s={search_term_string}"},"query-input":{"@type":"PropertyValueSpecification","valueRequired":true,"valueName":"search_term_string"}}],"inLanguage":"pt-BR"},{"@type":"Organization","@id":"https:\/\/radiolifefm.com.br\/noticias\/#organization","name":"R\u00e1dio Life FM","alternateName":"Life FM","url":"https:\/\/radiolifefm.com.br\/noticias\/","logo":{"@type":"ImageObject","inLanguage":"pt-BR","@id":"https:\/\/radiolifefm.com.br\/noticias\/#\/schema\/logo\/image\/","url":"https:\/\/static.radiolifefm.com.br\/noticias\/wp-content\/uploads\/2019\/10\/logo-lifefm.png","contentUrl":"https:\/\/static.radiolifefm.com.br\/noticias\/wp-content\/uploads\/2019\/10\/logo-lifefm.png","width":196,"height":47,"caption":"R\u00e1dio Life FM"},"image":{"@id":"https:\/\/radiolifefm.com.br\/noticias\/#\/schema\/logo\/image\/"},"sameAs":["https:\/\/www.facebook.com\/radiolifefm\/","https:\/\/www.instagram.com\/life1079fm\/"]},{"@type":"Person","@id":"https:\/\/radiolifefm.com.br\/noticias\/#\/schema\/person\/1d4e4b1301322090c6221bf1c8420490","name":"lifefm","image":{"@type":"ImageObject","inLanguage":"pt-BR","@id":"https:\/\/secure.gravatar.com\/avatar\/eca268467d925ec97d20641bb054fd944c0abb2f92854171620706bbe6474e7c?s=96&d=mm&r=g","url":"https:\/\/secure.gravatar.com\/avatar\/eca268467d925ec97d20641bb054fd944c0abb2f92854171620706bbe6474e7c?s=96&d=mm&r=g","contentUrl":"https:\/\/secure.gravatar.com\/avatar\/eca268467d925ec97d20641bb054fd944c0abb2f92854171620706bbe6474e7c?s=96&d=mm&r=g","caption":"lifefm"}}]}},"amp_enabled":true,"_links":{"self":[{"href":"https:\/\/radiolifefm.com.br\/noticias\/wp-json\/wp\/v2\/posts\/24657","targetHints":{"allow":["GET"]}}],"collection":[{"href":"https:\/\/radiolifefm.com.br\/noticias\/wp-json\/wp\/v2\/posts"}],"about":[{"href":"https:\/\/radiolifefm.com.br\/noticias\/wp-json\/wp\/v2\/types\/post"}],"author":[{"embeddable":true,"href":"https:\/\/radiolifefm.com.br\/noticias\/wp-json\/wp\/v2\/users\/3"}],"replies":[{"embeddable":true,"href":"https:\/\/radiolifefm.com.br\/noticias\/wp-json\/wp\/v2\/comments?post=24657"}],"version-history":[{"count":2,"href":"https:\/\/radiolifefm.com.br\/noticias\/wp-json\/wp\/v2\/posts\/24657\/revisions"}],"predecessor-version":[{"id":24661,"href":"https:\/\/radiolifefm.com.br\/noticias\/wp-json\/wp\/v2\/posts\/24657\/revisions\/24661"}],"wp:featuredmedia":[{"embeddable":true,"href":"https:\/\/radiolifefm.com.br\/noticias\/wp-json\/wp\/v2\/media\/24658"}],"wp:attachment":[{"href":"https:\/\/radiolifefm.com.br\/noticias\/wp-json\/wp\/v2\/media?parent=24657"}],"wp:term":[{"taxonomy":"category","embeddable":true,"href":"https:\/\/radiolifefm.com.br\/noticias\/wp-json\/wp\/v2\/categories?post=24657"},{"taxonomy":"post_tag","embeddable":true,"href":"https:\/\/radiolifefm.com.br\/noticias\/wp-json\/wp\/v2\/tags?post=24657"}],"curies":[{"name":"wp","href":"https:\/\/api.w.org\/{rel}","templated":true}]}}