{"id":24527,"date":"2020-07-13T07:55:18","date_gmt":"2020-07-13T10:55:18","guid":{"rendered":"https:\/\/radiolifefm.com.br\/noticias\/?p=24527"},"modified":"2026-04-23T18:13:42","modified_gmt":"2026-04-23T21:13:42","slug":"a-provincia-e-o-os-dez-dias-que-abalaram-o-mundo-sergio-barbosa-opiniao","status":"publish","type":"post","link":"https:\/\/radiolifefm.com.br\/noticias\/a-provincia-e-o-os-dez-dias-que-abalaram-o-mundo-sergio-barbosa-opiniao\/","title":{"rendered":"A PROV\u00cdNCIA E O &#8220;OS DEZ DIAS QUE ABALARAM O MUNDO&#8221;  &#8211; S\u00e9rgio Barbosa &#8211; Opini\u00e3o"},"content":{"rendered":"<div id=\"fb-root\"><\/div>\n<p><em><strong>A PROV\u00cdNCIA E O &#8220;OS DEZ DIAS QUE ABALARAM O MUNDO&#8221;<\/strong><\/em><\/p>\n<p><em>\u201cR\u00fassia, 1917: A Revolu\u00e7\u00e3o Bolchevique. Os Dias que abalaram o Mundo\u201d (Hist\u00f3ria do S\u00e9culo 20, No. 28, Abril Cultural, SP, 1974)<\/em><\/p>\n<p><em>S\u00e9rgio Barbosa (*)<\/em><\/p>\n<p>A Hist\u00f3ria em n\u00edvel mundial proporciona diversas reflex\u00f5es para o cen\u00e1rio mais do que provinciano neste cen\u00e1rio al\u00e9m da imagina\u00e7\u00e3o para as mesmices de sempre, quando os desencontros em busca do poder pelo poder est\u00e3o acima do bem e do mal para os pol\u00edticos em tempo de p\u00f3s-globaliza\u00e7\u00e3o organizacional em terras provincianas&#8230;<\/p>\n<p>O pr\u00f3ximo m\u00eas, depois do abril das mil e uma mentiras, apresenta para os amantes da hist\u00f3ria um acontecimento internacional que abalou o mundo durante os denominados \u201cdez dias\u201d, na realidade, as coisas pipocaram bem antes, no m\u00eas de mar\u00e7o e assim por diante, passando pelas teses de abril para um quase finalmente em maio de 1917&#8230;<\/p>\n<p>A \u201cRevolu\u00e7\u00e3o Russa\u201d apresentou ao mundo uma nova proposta de governo, afinal de contas, \u201ctudo \u00e9 poss\u00edvel para aquele que cr\u00ea\u201d, por\u00e9m, neste caso em pauta, n\u00e3o tem nada a ver com os conceitos religiosos do mundo ocidental mediado pelo cristianismo.<\/p>\n<p>Durante o per\u00edodo revolucion\u00e1rio russo, aconteceram diversos confrontos ideol\u00f3gicos entre os membros do partido em busca, cada qual, do seu lugarzinho ao sol, se poss\u00edvel, bem longe das geleiras da Sib\u00e9ria&#8230;<\/p>\n<p>Neste contexto hist\u00f3rico, entretanto, ideol\u00f3gico para os donos do poder revolucion\u00e1rio russo, muitos personagens se perderam nas idas e vindas do poder em busca do poder, al\u00e9m do mais, n\u00e3o se podem ficar alheio aos vencedores que acabam eliminando os perdedores neste jogo p\u00f3s-maquiav\u00e9lico&#8230;<\/p>\n<p>O poder em pauta foi conquistado pelo l\u00edder russo L\u00eanin, por\u00e9m, por meio dos acordos entre muitos lados de um mesmo jogo, possibilitando diversas mudan\u00e7as ap\u00f3s a morte do mesmo e deixando para tr\u00e1s na sua passagem para al\u00e9m-t\u00famulo, \u00e0s sobras de um \u00fanico poder outorgado pelo Comit\u00ea Central do Partido&#8230;<\/p>\n<p>Os expurgos aconteceram de um lado para o outro, tamb\u00e9m, de um mesmo para ficar de bem com o outro lado e assim por diante, afinal de contas, o \u201cstalinismo russo\u201d se faz presente em todos os cantos para fazer a diferen\u00e7a em meio \u00e0s propostas dos pol\u00edticos de sempre na Prov\u00edncia&#8230;<\/p>\n<p>As li\u00e7\u00f5es outorgadas pelos acontecimentos p\u00f3s-Revolu\u00e7\u00e3o Russa continuam ecoando pelos quatro ou mais cantos do \u201cPa\u00eds do faz de conta\u201d com ru\u00eddos em terras provincianas, por\u00e9m, as ideologias se perderam no jogo dos interesses do poder pelo poder, deixando de lado, as conquistas do outro tempo para prevalecer apenas o interesse individual frente \u00e0s propostas para uma sociedade democr\u00e1tica&#8230;<\/p>\n<div class='flex flex-wrap items-center -mx-1'>\r\n<a class='thumbnail gallery p-1 w-1\/2 md:w-1\/4' href='https:\/\/radiolifefm.com.br\/noticias\/wp-content\/uploads\/2020\/07\/Sebar-3.jpg'><img class='border border-white' src='https:\/\/radiolifefm.com.br\/noticias\/wp-content\/uploads\/2020\/07\/Sebar-3-200x200.jpg' alt='Sebar' \/><\/a><a class='thumbnail gallery p-1 w-1\/2 md:w-1\/4' href='https:\/\/radiolifefm.com.br\/noticias\/wp-content\/uploads\/2020\/07\/Sebar-1-1-scaled.jpg'><img class='border border-white' src='https:\/\/radiolifefm.com.br\/noticias\/wp-content\/uploads\/2020\/07\/Sebar-1-1-200x200.jpg' alt='Sebar   1' \/><\/a><a class='thumbnail gallery p-1 w-1\/2 md:w-1\/4' href='https:\/\/radiolifefm.com.br\/noticias\/wp-content\/uploads\/2020\/07\/Sebar-2-1-scaled.jpg'><img class='border border-white' src='https:\/\/radiolifefm.com.br\/noticias\/wp-content\/uploads\/2020\/07\/Sebar-2-1-200x200.jpg' alt='Sebar   2' \/><\/a><\/div>\n<p>_______________________________<br \/>\n(*) jornalista diplomado e professor universit\u00e1rio.<\/p>\n","protected":false},"excerpt":{"rendered":"<p>A PROV\u00cdNCIA E O &#8220;OS DEZ DIAS QUE ABALARAM O MUNDO&#8221; \u201cR\u00fassia, 1917: A Revolu\u00e7\u00e3o Bolchevique. Os Dias que abalaram o Mundo\u201d (Hist\u00f3ria do S\u00e9culo 20, No. 28, Abril Cultural, SP, 1974) S\u00e9rgio Barbosa (*) A Hist\u00f3ria em n\u00edvel mundial proporciona diversas reflex\u00f5es para o cen\u00e1rio mais do que provinciano neste cen\u00e1rio al\u00e9m da imagina\u00e7\u00e3o [&hellip;]<\/p>\n","protected":false},"author":3,"featured_media":24528,"comment_status":"closed","ping_status":"open","sticky":false,"template":"","format":"standard","meta":{"_acf_changed":false,"_exactmetrics_skip_tracking":false,"_exactmetrics_sitenote_active":false,"_exactmetrics_sitenote_note":"","_exactmetrics_sitenote_category":0,"footnotes":""},"categories":[59],"tags":[],"class_list":["post-24527","post","type-post","status-publish","format-standard","has-post-thumbnail","hentry","category-opiniao"],"acf":[],"yoast_head":"<!-- This site is optimized with the Yoast SEO plugin v27.2 - https:\/\/yoast.com\/product\/yoast-seo-wordpress\/ -->\n<title>A PROV\u00cdNCIA E O &quot;OS DEZ DIAS QUE ABALARAM O MUNDO&quot; - S\u00e9rgio Barbosa - Opini\u00e3o - R\u00e1dio Life FM<\/title>\n<meta name=\"robots\" content=\"index, follow, max-snippet:-1, max-image-preview:large, max-video-preview:-1\" \/>\n<link rel=\"canonical\" href=\"https:\/\/radiolifefm.com.br\/noticias\/a-provincia-e-o-os-dez-dias-que-abalaram-o-mundo-sergio-barbosa-opiniao\/\" \/>\n<meta property=\"og:locale\" content=\"pt_BR\" \/>\n<meta property=\"og:type\" content=\"article\" \/>\n<meta property=\"og:title\" content=\"A PROV\u00cdNCIA E O &quot;OS DEZ DIAS QUE ABALARAM O MUNDO&quot; - S\u00e9rgio Barbosa - Opini\u00e3o - R\u00e1dio Life FM\" \/>\n<meta property=\"og:description\" content=\"A PROV\u00cdNCIA E O &#8220;OS DEZ DIAS QUE ABALARAM O MUNDO&#8221; \u201cR\u00fassia, 1917: A Revolu\u00e7\u00e3o Bolchevique. Os Dias que abalaram o Mundo\u201d (Hist\u00f3ria do S\u00e9culo 20, No. 28, Abril Cultural, SP, 1974) S\u00e9rgio Barbosa (*) A Hist\u00f3ria em n\u00edvel mundial proporciona diversas reflex\u00f5es para o cen\u00e1rio mais do que provinciano neste cen\u00e1rio al\u00e9m da imagina\u00e7\u00e3o [&hellip;]\" \/>\n<meta property=\"og:url\" content=\"https:\/\/radiolifefm.com.br\/noticias\/a-provincia-e-o-os-dez-dias-que-abalaram-o-mundo-sergio-barbosa-opiniao\/\" \/>\n<meta property=\"og:site_name\" content=\"R\u00e1dio Life FM\" \/>\n<meta property=\"article:publisher\" content=\"https:\/\/www.facebook.com\/radiolifefm\/\" \/>\n<meta property=\"article:published_time\" content=\"2020-07-13T10:55:18+00:00\" \/>\n<meta property=\"article:modified_time\" content=\"2026-04-23T21:13:42+00:00\" \/>\n<meta property=\"og:image\" content=\"https:\/\/radiolifefm.com.br\/noticias\/wp-content\/uploads\/2020\/07\/Sebar-3.jpg\" \/>\n\t<meta property=\"og:image:width\" content=\"1280\" \/>\n\t<meta property=\"og:image:height\" content=\"960\" \/>\n\t<meta property=\"og:image:type\" content=\"image\/jpeg\" \/>\n<meta name=\"author\" content=\"lifefm\" \/>\n<meta name=\"twitter:card\" content=\"summary_large_image\" \/>\n<meta name=\"twitter:label1\" content=\"Escrito por\" \/>\n\t<meta name=\"twitter:data1\" content=\"lifefm\" \/>\n\t<meta name=\"twitter:label2\" content=\"Est. tempo de leitura\" \/>\n\t<meta name=\"twitter:data2\" content=\"2 minutos\" \/>\n<script type=\"application\/ld+json\" class=\"yoast-schema-graph\">{\"@context\":\"https:\/\/schema.org\",\"@graph\":[{\"@type\":\"Article\",\"@id\":\"https:\/\/radiolifefm.com.br\/noticias\/a-provincia-e-o-os-dez-dias-que-abalaram-o-mundo-sergio-barbosa-opiniao\/#article\",\"isPartOf\":{\"@id\":\"https:\/\/radiolifefm.com.br\/noticias\/a-provincia-e-o-os-dez-dias-que-abalaram-o-mundo-sergio-barbosa-opiniao\/\"},\"author\":{\"name\":\"lifefm\",\"@id\":\"https:\/\/radiolifefm.com.br\/noticias\/#\/schema\/person\/1d4e4b1301322090c6221bf1c8420490\"},\"headline\":\"A PROV\u00cdNCIA E O &#8220;OS DEZ DIAS QUE ABALARAM O MUNDO&#8221; &#8211; S\u00e9rgio Barbosa &#8211; Opini\u00e3o\",\"datePublished\":\"2020-07-13T10:55:18+00:00\",\"dateModified\":\"2026-04-23T21:13:42+00:00\",\"mainEntityOfPage\":{\"@id\":\"https:\/\/radiolifefm.com.br\/noticias\/a-provincia-e-o-os-dez-dias-que-abalaram-o-mundo-sergio-barbosa-opiniao\/\"},\"wordCount\":499,\"publisher\":{\"@id\":\"https:\/\/radiolifefm.com.br\/noticias\/#organization\"},\"image\":{\"@id\":\"https:\/\/radiolifefm.com.br\/noticias\/a-provincia-e-o-os-dez-dias-que-abalaram-o-mundo-sergio-barbosa-opiniao\/#primaryimage\"},\"thumbnailUrl\":\"https:\/\/radiolifefm.com.br\/noticias\/wp-content\/uploads\/2020\/07\/Sebar-3.jpg\",\"articleSection\":[\"Opini\u00e3o\"],\"inLanguage\":\"pt-BR\"},{\"@type\":\"WebPage\",\"@id\":\"https:\/\/radiolifefm.com.br\/noticias\/a-provincia-e-o-os-dez-dias-que-abalaram-o-mundo-sergio-barbosa-opiniao\/\",\"url\":\"https:\/\/radiolifefm.com.br\/noticias\/a-provincia-e-o-os-dez-dias-que-abalaram-o-mundo-sergio-barbosa-opiniao\/\",\"name\":\"A PROV\u00cdNCIA E O \\\"OS DEZ DIAS QUE ABALARAM O MUNDO\\\" - S\u00e9rgio Barbosa - Opini\u00e3o - R\u00e1dio Life FM\",\"isPartOf\":{\"@id\":\"https:\/\/radiolifefm.com.br\/noticias\/#website\"},\"primaryImageOfPage\":{\"@id\":\"https:\/\/radiolifefm.com.br\/noticias\/a-provincia-e-o-os-dez-dias-que-abalaram-o-mundo-sergio-barbosa-opiniao\/#primaryimage\"},\"image\":{\"@id\":\"https:\/\/radiolifefm.com.br\/noticias\/a-provincia-e-o-os-dez-dias-que-abalaram-o-mundo-sergio-barbosa-opiniao\/#primaryimage\"},\"thumbnailUrl\":\"https:\/\/radiolifefm.com.br\/noticias\/wp-content\/uploads\/2020\/07\/Sebar-3.jpg\",\"datePublished\":\"2020-07-13T10:55:18+00:00\",\"dateModified\":\"2026-04-23T21:13:42+00:00\",\"breadcrumb\":{\"@id\":\"https:\/\/radiolifefm.com.br\/noticias\/a-provincia-e-o-os-dez-dias-que-abalaram-o-mundo-sergio-barbosa-opiniao\/#breadcrumb\"},\"inLanguage\":\"pt-BR\",\"potentialAction\":[{\"@type\":\"ReadAction\",\"target\":[\"https:\/\/radiolifefm.com.br\/noticias\/a-provincia-e-o-os-dez-dias-que-abalaram-o-mundo-sergio-barbosa-opiniao\/\"]}]},{\"@type\":\"ImageObject\",\"inLanguage\":\"pt-BR\",\"@id\":\"https:\/\/radiolifefm.com.br\/noticias\/a-provincia-e-o-os-dez-dias-que-abalaram-o-mundo-sergio-barbosa-opiniao\/#primaryimage\",\"url\":\"https:\/\/radiolifefm.com.br\/noticias\/wp-content\/uploads\/2020\/07\/Sebar-3.jpg\",\"contentUrl\":\"https:\/\/radiolifefm.com.br\/noticias\/wp-content\/uploads\/2020\/07\/Sebar-3.jpg\",\"width\":1280,\"height\":960},{\"@type\":\"BreadcrumbList\",\"@id\":\"https:\/\/radiolifefm.com.br\/noticias\/a-provincia-e-o-os-dez-dias-que-abalaram-o-mundo-sergio-barbosa-opiniao\/#breadcrumb\",\"itemListElement\":[{\"@type\":\"ListItem\",\"position\":1,\"name\":\"In\u00edcio\",\"item\":\"https:\/\/radiolifefm.com.br\/noticias\/\"},{\"@type\":\"ListItem\",\"position\":2,\"name\":\"A PROV\u00cdNCIA E O &#8220;OS DEZ DIAS QUE ABALARAM O MUNDO&#8221; &#8211; S\u00e9rgio Barbosa &#8211; Opini\u00e3o\"}]},{\"@type\":\"WebSite\",\"@id\":\"https:\/\/radiolifefm.com.br\/noticias\/#website\",\"url\":\"https:\/\/radiolifefm.com.br\/noticias\/\",\"name\":\"R\u00e1dio Life FM\",\"description\":\"O Portal de Not\u00edcias de Adamantina\",\"publisher\":{\"@id\":\"https:\/\/radiolifefm.com.br\/noticias\/#organization\"},\"alternateName\":\"Life FM\",\"potentialAction\":[{\"@type\":\"SearchAction\",\"target\":{\"@type\":\"EntryPoint\",\"urlTemplate\":\"https:\/\/radiolifefm.com.br\/noticias\/?s={search_term_string}\"},\"query-input\":{\"@type\":\"PropertyValueSpecification\",\"valueRequired\":true,\"valueName\":\"search_term_string\"}}],\"inLanguage\":\"pt-BR\"},{\"@type\":\"Organization\",\"@id\":\"https:\/\/radiolifefm.com.br\/noticias\/#organization\",\"name\":\"R\u00e1dio Life FM\",\"alternateName\":\"Life FM\",\"url\":\"https:\/\/radiolifefm.com.br\/noticias\/\",\"logo\":{\"@type\":\"ImageObject\",\"inLanguage\":\"pt-BR\",\"@id\":\"https:\/\/radiolifefm.com.br\/noticias\/#\/schema\/logo\/image\/\",\"url\":\"https:\/\/static.radiolifefm.com.br\/noticias\/wp-content\/uploads\/2019\/10\/logo-lifefm.png\",\"contentUrl\":\"https:\/\/static.radiolifefm.com.br\/noticias\/wp-content\/uploads\/2019\/10\/logo-lifefm.png\",\"width\":196,\"height\":47,\"caption\":\"R\u00e1dio Life FM\"},\"image\":{\"@id\":\"https:\/\/radiolifefm.com.br\/noticias\/#\/schema\/logo\/image\/\"},\"sameAs\":[\"https:\/\/www.facebook.com\/radiolifefm\/\",\"https:\/\/www.instagram.com\/life1079fm\/\"]},{\"@type\":\"Person\",\"@id\":\"https:\/\/radiolifefm.com.br\/noticias\/#\/schema\/person\/1d4e4b1301322090c6221bf1c8420490\",\"name\":\"lifefm\",\"image\":{\"@type\":\"ImageObject\",\"inLanguage\":\"pt-BR\",\"@id\":\"https:\/\/secure.gravatar.com\/avatar\/eca268467d925ec97d20641bb054fd944c0abb2f92854171620706bbe6474e7c?s=96&d=mm&r=g\",\"url\":\"https:\/\/secure.gravatar.com\/avatar\/eca268467d925ec97d20641bb054fd944c0abb2f92854171620706bbe6474e7c?s=96&d=mm&r=g\",\"contentUrl\":\"https:\/\/secure.gravatar.com\/avatar\/eca268467d925ec97d20641bb054fd944c0abb2f92854171620706bbe6474e7c?s=96&d=mm&r=g\",\"caption\":\"lifefm\"}}]}<\/script>\n<!-- \/ Yoast SEO plugin. -->","yoast_head_json":{"title":"A PROV\u00cdNCIA E O \"OS DEZ DIAS QUE ABALARAM O MUNDO\" - S\u00e9rgio Barbosa - Opini\u00e3o - R\u00e1dio Life FM","robots":{"index":"index","follow":"follow","max-snippet":"max-snippet:-1","max-image-preview":"max-image-preview:large","max-video-preview":"max-video-preview:-1"},"canonical":"https:\/\/radiolifefm.com.br\/noticias\/a-provincia-e-o-os-dez-dias-que-abalaram-o-mundo-sergio-barbosa-opiniao\/","og_locale":"pt_BR","og_type":"article","og_title":"A PROV\u00cdNCIA E O \"OS DEZ DIAS QUE ABALARAM O MUNDO\" - S\u00e9rgio Barbosa - Opini\u00e3o - R\u00e1dio Life FM","og_description":"A PROV\u00cdNCIA E O &#8220;OS DEZ DIAS QUE ABALARAM O MUNDO&#8221; \u201cR\u00fassia, 1917: A Revolu\u00e7\u00e3o Bolchevique. Os Dias que abalaram o Mundo\u201d (Hist\u00f3ria do S\u00e9culo 20, No. 28, Abril Cultural, SP, 1974) S\u00e9rgio Barbosa (*) A Hist\u00f3ria em n\u00edvel mundial proporciona diversas reflex\u00f5es para o cen\u00e1rio mais do que provinciano neste cen\u00e1rio al\u00e9m da imagina\u00e7\u00e3o [&hellip;]","og_url":"https:\/\/radiolifefm.com.br\/noticias\/a-provincia-e-o-os-dez-dias-que-abalaram-o-mundo-sergio-barbosa-opiniao\/","og_site_name":"R\u00e1dio Life FM","article_publisher":"https:\/\/www.facebook.com\/radiolifefm\/","article_published_time":"2020-07-13T10:55:18+00:00","article_modified_time":"2026-04-23T21:13:42+00:00","og_image":[{"width":1280,"height":960,"url":"https:\/\/radiolifefm.com.br\/noticias\/wp-content\/uploads\/2020\/07\/Sebar-3.jpg","type":"image\/jpeg"}],"author":"lifefm","twitter_card":"summary_large_image","twitter_misc":{"Escrito por":"lifefm","Est. tempo de leitura":"2 minutos"},"schema":{"@context":"https:\/\/schema.org","@graph":[{"@type":"Article","@id":"https:\/\/radiolifefm.com.br\/noticias\/a-provincia-e-o-os-dez-dias-que-abalaram-o-mundo-sergio-barbosa-opiniao\/#article","isPartOf":{"@id":"https:\/\/radiolifefm.com.br\/noticias\/a-provincia-e-o-os-dez-dias-que-abalaram-o-mundo-sergio-barbosa-opiniao\/"},"author":{"name":"lifefm","@id":"https:\/\/radiolifefm.com.br\/noticias\/#\/schema\/person\/1d4e4b1301322090c6221bf1c8420490"},"headline":"A PROV\u00cdNCIA E O &#8220;OS DEZ DIAS QUE ABALARAM O MUNDO&#8221; &#8211; S\u00e9rgio Barbosa &#8211; Opini\u00e3o","datePublished":"2020-07-13T10:55:18+00:00","dateModified":"2026-04-23T21:13:42+00:00","mainEntityOfPage":{"@id":"https:\/\/radiolifefm.com.br\/noticias\/a-provincia-e-o-os-dez-dias-que-abalaram-o-mundo-sergio-barbosa-opiniao\/"},"wordCount":499,"publisher":{"@id":"https:\/\/radiolifefm.com.br\/noticias\/#organization"},"image":{"@id":"https:\/\/radiolifefm.com.br\/noticias\/a-provincia-e-o-os-dez-dias-que-abalaram-o-mundo-sergio-barbosa-opiniao\/#primaryimage"},"thumbnailUrl":"https:\/\/radiolifefm.com.br\/noticias\/wp-content\/uploads\/2020\/07\/Sebar-3.jpg","articleSection":["Opini\u00e3o"],"inLanguage":"pt-BR"},{"@type":"WebPage","@id":"https:\/\/radiolifefm.com.br\/noticias\/a-provincia-e-o-os-dez-dias-que-abalaram-o-mundo-sergio-barbosa-opiniao\/","url":"https:\/\/radiolifefm.com.br\/noticias\/a-provincia-e-o-os-dez-dias-que-abalaram-o-mundo-sergio-barbosa-opiniao\/","name":"A PROV\u00cdNCIA E O \"OS DEZ DIAS QUE ABALARAM O MUNDO\" - S\u00e9rgio Barbosa - Opini\u00e3o - R\u00e1dio Life FM","isPartOf":{"@id":"https:\/\/radiolifefm.com.br\/noticias\/#website"},"primaryImageOfPage":{"@id":"https:\/\/radiolifefm.com.br\/noticias\/a-provincia-e-o-os-dez-dias-que-abalaram-o-mundo-sergio-barbosa-opiniao\/#primaryimage"},"image":{"@id":"https:\/\/radiolifefm.com.br\/noticias\/a-provincia-e-o-os-dez-dias-que-abalaram-o-mundo-sergio-barbosa-opiniao\/#primaryimage"},"thumbnailUrl":"https:\/\/radiolifefm.com.br\/noticias\/wp-content\/uploads\/2020\/07\/Sebar-3.jpg","datePublished":"2020-07-13T10:55:18+00:00","dateModified":"2026-04-23T21:13:42+00:00","breadcrumb":{"@id":"https:\/\/radiolifefm.com.br\/noticias\/a-provincia-e-o-os-dez-dias-que-abalaram-o-mundo-sergio-barbosa-opiniao\/#breadcrumb"},"inLanguage":"pt-BR","potentialAction":[{"@type":"ReadAction","target":["https:\/\/radiolifefm.com.br\/noticias\/a-provincia-e-o-os-dez-dias-que-abalaram-o-mundo-sergio-barbosa-opiniao\/"]}]},{"@type":"ImageObject","inLanguage":"pt-BR","@id":"https:\/\/radiolifefm.com.br\/noticias\/a-provincia-e-o-os-dez-dias-que-abalaram-o-mundo-sergio-barbosa-opiniao\/#primaryimage","url":"https:\/\/radiolifefm.com.br\/noticias\/wp-content\/uploads\/2020\/07\/Sebar-3.jpg","contentUrl":"https:\/\/radiolifefm.com.br\/noticias\/wp-content\/uploads\/2020\/07\/Sebar-3.jpg","width":1280,"height":960},{"@type":"BreadcrumbList","@id":"https:\/\/radiolifefm.com.br\/noticias\/a-provincia-e-o-os-dez-dias-que-abalaram-o-mundo-sergio-barbosa-opiniao\/#breadcrumb","itemListElement":[{"@type":"ListItem","position":1,"name":"In\u00edcio","item":"https:\/\/radiolifefm.com.br\/noticias\/"},{"@type":"ListItem","position":2,"name":"A PROV\u00cdNCIA E O &#8220;OS DEZ DIAS QUE ABALARAM O MUNDO&#8221; &#8211; S\u00e9rgio Barbosa &#8211; Opini\u00e3o"}]},{"@type":"WebSite","@id":"https:\/\/radiolifefm.com.br\/noticias\/#website","url":"https:\/\/radiolifefm.com.br\/noticias\/","name":"R\u00e1dio Life FM","description":"O Portal de Not\u00edcias de Adamantina","publisher":{"@id":"https:\/\/radiolifefm.com.br\/noticias\/#organization"},"alternateName":"Life FM","potentialAction":[{"@type":"SearchAction","target":{"@type":"EntryPoint","urlTemplate":"https:\/\/radiolifefm.com.br\/noticias\/?s={search_term_string}"},"query-input":{"@type":"PropertyValueSpecification","valueRequired":true,"valueName":"search_term_string"}}],"inLanguage":"pt-BR"},{"@type":"Organization","@id":"https:\/\/radiolifefm.com.br\/noticias\/#organization","name":"R\u00e1dio Life FM","alternateName":"Life FM","url":"https:\/\/radiolifefm.com.br\/noticias\/","logo":{"@type":"ImageObject","inLanguage":"pt-BR","@id":"https:\/\/radiolifefm.com.br\/noticias\/#\/schema\/logo\/image\/","url":"https:\/\/static.radiolifefm.com.br\/noticias\/wp-content\/uploads\/2019\/10\/logo-lifefm.png","contentUrl":"https:\/\/static.radiolifefm.com.br\/noticias\/wp-content\/uploads\/2019\/10\/logo-lifefm.png","width":196,"height":47,"caption":"R\u00e1dio Life FM"},"image":{"@id":"https:\/\/radiolifefm.com.br\/noticias\/#\/schema\/logo\/image\/"},"sameAs":["https:\/\/www.facebook.com\/radiolifefm\/","https:\/\/www.instagram.com\/life1079fm\/"]},{"@type":"Person","@id":"https:\/\/radiolifefm.com.br\/noticias\/#\/schema\/person\/1d4e4b1301322090c6221bf1c8420490","name":"lifefm","image":{"@type":"ImageObject","inLanguage":"pt-BR","@id":"https:\/\/secure.gravatar.com\/avatar\/eca268467d925ec97d20641bb054fd944c0abb2f92854171620706bbe6474e7c?s=96&d=mm&r=g","url":"https:\/\/secure.gravatar.com\/avatar\/eca268467d925ec97d20641bb054fd944c0abb2f92854171620706bbe6474e7c?s=96&d=mm&r=g","contentUrl":"https:\/\/secure.gravatar.com\/avatar\/eca268467d925ec97d20641bb054fd944c0abb2f92854171620706bbe6474e7c?s=96&d=mm&r=g","caption":"lifefm"}}]}},"amp_enabled":true,"_links":{"self":[{"href":"https:\/\/radiolifefm.com.br\/noticias\/wp-json\/wp\/v2\/posts\/24527","targetHints":{"allow":["GET"]}}],"collection":[{"href":"https:\/\/radiolifefm.com.br\/noticias\/wp-json\/wp\/v2\/posts"}],"about":[{"href":"https:\/\/radiolifefm.com.br\/noticias\/wp-json\/wp\/v2\/types\/post"}],"author":[{"embeddable":true,"href":"https:\/\/radiolifefm.com.br\/noticias\/wp-json\/wp\/v2\/users\/3"}],"replies":[{"embeddable":true,"href":"https:\/\/radiolifefm.com.br\/noticias\/wp-json\/wp\/v2\/comments?post=24527"}],"version-history":[{"count":1,"href":"https:\/\/radiolifefm.com.br\/noticias\/wp-json\/wp\/v2\/posts\/24527\/revisions"}],"predecessor-version":[{"id":24531,"href":"https:\/\/radiolifefm.com.br\/noticias\/wp-json\/wp\/v2\/posts\/24527\/revisions\/24531"}],"wp:featuredmedia":[{"embeddable":true,"href":"https:\/\/radiolifefm.com.br\/noticias\/wp-json\/wp\/v2\/media\/24528"}],"wp:attachment":[{"href":"https:\/\/radiolifefm.com.br\/noticias\/wp-json\/wp\/v2\/media?parent=24527"}],"wp:term":[{"taxonomy":"category","embeddable":true,"href":"https:\/\/radiolifefm.com.br\/noticias\/wp-json\/wp\/v2\/categories?post=24527"},{"taxonomy":"post_tag","embeddable":true,"href":"https:\/\/radiolifefm.com.br\/noticias\/wp-json\/wp\/v2\/tags?post=24527"}],"curies":[{"name":"wp","href":"https:\/\/api.w.org\/{rel}","templated":true}]}}