{"id":24501,"date":"2020-07-10T09:38:26","date_gmt":"2020-07-10T12:38:26","guid":{"rendered":"https:\/\/radiolifefm.com.br\/noticias\/?p=24501"},"modified":"2026-04-18T21:59:26","modified_gmt":"2026-04-19T00:59:26","slug":"bombeiros-encontram-corpo-de-idoso-desaparecido-no-rio-parana","status":"publish","type":"post","link":"https:\/\/radiolifefm.com.br\/noticias\/bombeiros-encontram-corpo-de-idoso-desaparecido-no-rio-parana\/","title":{"rendered":"Bombeiros encontram corpo de idoso desaparecido no Rio Paran\u00e1"},"content":{"rendered":"<div id=\"fb-root\"><\/div>\n<p>O corpo do idoso de 65 anos que estava desaparecido no Rio Paran\u00e1, em Panorama, foi localizado nesta quinta-feira (9). Ele havia sumido ap\u00f3s a embarca\u00e7\u00e3o em que ele estava, virar, nesta quarta-feira (8).<\/p>\n<p>De acordo com o Corpo de Bombeiros, as buscas foram realizadas nas imedia\u00e7\u00f5es de onde o barco afundou e o corpo do idoso foi localizado a aproximadamente quatro metros de profundidade.<\/p>\n<p>A per\u00edcia compareceu ao local e constatou a morte por afogamento, ainda de acordo com os bombeiros.<\/p>\n<p>O corpo j\u00e1 foi liberado.<\/p>\n<p>O CASO<\/p>\n<p>O homem de 65 anos desapareceu no Rio Paran\u00e1, em uma \u00e1rea conhecida popularmente como \u201cRio sem Peixe\u201d, em Panorama (SP), ap\u00f3s a embarca\u00e7\u00e3o em que ele estava, virar, nesta quarta-feira (8).<\/p>\n<p>De acordo com o Corpo de Bombeiros, o homem ia pescar com a filha e a neta na manh\u00e3 desta quarta-feira (8), quando o vento forte causou o acidente. Elas foram resgatadas por outra embarca\u00e7\u00e3o.<\/p>\n<p>As equipes de bombeiros de Dracena (SP) e de Presidente Prudente (SP) foram acionadas e dirigiram-se ao local para realizar as buscas pelo idoso.<\/p>\n<p>A Marinha do Brasil tamb\u00e9m foi acionada.<\/p>\n<p>&nbsp;<\/p>\n<p>Folha Regional<\/p>\n","protected":false},"excerpt":{"rendered":"<p>O corpo do idoso de 65 anos que estava desaparecido no Rio Paran\u00e1, em Panorama, foi localizado nesta quinta-feira (9). Ele havia sumido ap\u00f3s a embarca\u00e7\u00e3o em que ele estava, virar, nesta quarta-feira (8). De acordo com o Corpo de Bombeiros, as buscas foram realizadas nas imedia\u00e7\u00f5es de onde o barco afundou e o corpo [&hellip;]<\/p>\n","protected":false},"author":3,"featured_media":24504,"comment_status":"open","ping_status":"open","sticky":false,"template":"","format":"standard","meta":{"_acf_changed":false,"_exactmetrics_skip_tracking":false,"_exactmetrics_sitenote_active":false,"_exactmetrics_sitenote_note":"","_exactmetrics_sitenote_category":0,"footnotes":""},"categories":[24],"tags":[],"class_list":["post-24501","post","type-post","status-publish","format-standard","has-post-thumbnail","hentry","category-regiao"],"acf":[],"yoast_head":"<!-- This site is optimized with the Yoast SEO plugin v27.2 - https:\/\/yoast.com\/product\/yoast-seo-wordpress\/ -->\n<title>Bombeiros encontram corpo de idoso desaparecido no Rio Paran\u00e1 - R\u00e1dio Life FM<\/title>\n<meta name=\"robots\" content=\"index, follow, max-snippet:-1, max-image-preview:large, max-video-preview:-1\" \/>\n<link rel=\"canonical\" href=\"https:\/\/radiolifefm.com.br\/noticias\/bombeiros-encontram-corpo-de-idoso-desaparecido-no-rio-parana\/\" \/>\n<meta property=\"og:locale\" content=\"pt_BR\" \/>\n<meta property=\"og:type\" content=\"article\" \/>\n<meta property=\"og:title\" content=\"Bombeiros encontram corpo de idoso desaparecido no Rio Paran\u00e1 - R\u00e1dio Life FM\" \/>\n<meta property=\"og:description\" content=\"O corpo do idoso de 65 anos que estava desaparecido no Rio Paran\u00e1, em Panorama, foi localizado nesta quinta-feira (9). Ele havia sumido ap\u00f3s a embarca\u00e7\u00e3o em que ele estava, virar, nesta quarta-feira (8). De acordo com o Corpo de Bombeiros, as buscas foram realizadas nas imedia\u00e7\u00f5es de onde o barco afundou e o corpo [&hellip;]\" \/>\n<meta property=\"og:url\" content=\"https:\/\/radiolifefm.com.br\/noticias\/bombeiros-encontram-corpo-de-idoso-desaparecido-no-rio-parana\/\" \/>\n<meta property=\"og:site_name\" content=\"R\u00e1dio Life FM\" \/>\n<meta property=\"article:publisher\" content=\"https:\/\/www.facebook.com\/radiolifefm\/\" \/>\n<meta property=\"article:published_time\" content=\"2020-07-10T12:38:26+00:00\" \/>\n<meta property=\"article:modified_time\" content=\"2026-04-19T00:59:26+00:00\" \/>\n<meta property=\"og:image\" content=\"https:\/\/radiolifefm.com.br\/noticias\/wp-content\/uploads\/2020\/07\/Bombeiros-Resgate-Imagem.jpeg\" \/>\n\t<meta property=\"og:image:width\" content=\"870\" \/>\n\t<meta property=\"og:image:height\" content=\"522\" \/>\n\t<meta property=\"og:image:type\" content=\"image\/jpeg\" \/>\n<meta name=\"author\" content=\"lifefm\" \/>\n<meta name=\"twitter:card\" content=\"summary_large_image\" \/>\n<meta name=\"twitter:label1\" content=\"Escrito por\" \/>\n\t<meta name=\"twitter:data1\" content=\"lifefm\" \/>\n\t<meta name=\"twitter:label2\" content=\"Est. tempo de leitura\" \/>\n\t<meta name=\"twitter:data2\" content=\"1 minuto\" \/>\n<script type=\"application\/ld+json\" class=\"yoast-schema-graph\">{\"@context\":\"https:\/\/schema.org\",\"@graph\":[{\"@type\":\"Article\",\"@id\":\"https:\/\/radiolifefm.com.br\/noticias\/bombeiros-encontram-corpo-de-idoso-desaparecido-no-rio-parana\/#article\",\"isPartOf\":{\"@id\":\"https:\/\/radiolifefm.com.br\/noticias\/bombeiros-encontram-corpo-de-idoso-desaparecido-no-rio-parana\/\"},\"author\":{\"name\":\"lifefm\",\"@id\":\"https:\/\/radiolifefm.com.br\/noticias\/#\/schema\/person\/1d4e4b1301322090c6221bf1c8420490\"},\"headline\":\"Bombeiros encontram corpo de idoso desaparecido no Rio Paran\u00e1\",\"datePublished\":\"2020-07-10T12:38:26+00:00\",\"dateModified\":\"2026-04-19T00:59:26+00:00\",\"mainEntityOfPage\":{\"@id\":\"https:\/\/radiolifefm.com.br\/noticias\/bombeiros-encontram-corpo-de-idoso-desaparecido-no-rio-parana\/\"},\"wordCount\":201,\"commentCount\":0,\"publisher\":{\"@id\":\"https:\/\/radiolifefm.com.br\/noticias\/#organization\"},\"image\":{\"@id\":\"https:\/\/radiolifefm.com.br\/noticias\/bombeiros-encontram-corpo-de-idoso-desaparecido-no-rio-parana\/#primaryimage\"},\"thumbnailUrl\":\"https:\/\/radiolifefm.com.br\/noticias\/wp-content\/uploads\/2020\/07\/Bombeiros-Resgate-Imagem.jpeg\",\"articleSection\":[\"Regi\u00e3o\"],\"inLanguage\":\"pt-BR\",\"potentialAction\":[{\"@type\":\"CommentAction\",\"name\":\"Comment\",\"target\":[\"https:\/\/radiolifefm.com.br\/noticias\/bombeiros-encontram-corpo-de-idoso-desaparecido-no-rio-parana\/#respond\"]}]},{\"@type\":\"WebPage\",\"@id\":\"https:\/\/radiolifefm.com.br\/noticias\/bombeiros-encontram-corpo-de-idoso-desaparecido-no-rio-parana\/\",\"url\":\"https:\/\/radiolifefm.com.br\/noticias\/bombeiros-encontram-corpo-de-idoso-desaparecido-no-rio-parana\/\",\"name\":\"Bombeiros encontram corpo de idoso desaparecido no Rio Paran\u00e1 - R\u00e1dio Life FM\",\"isPartOf\":{\"@id\":\"https:\/\/radiolifefm.com.br\/noticias\/#website\"},\"primaryImageOfPage\":{\"@id\":\"https:\/\/radiolifefm.com.br\/noticias\/bombeiros-encontram-corpo-de-idoso-desaparecido-no-rio-parana\/#primaryimage\"},\"image\":{\"@id\":\"https:\/\/radiolifefm.com.br\/noticias\/bombeiros-encontram-corpo-de-idoso-desaparecido-no-rio-parana\/#primaryimage\"},\"thumbnailUrl\":\"https:\/\/radiolifefm.com.br\/noticias\/wp-content\/uploads\/2020\/07\/Bombeiros-Resgate-Imagem.jpeg\",\"datePublished\":\"2020-07-10T12:38:26+00:00\",\"dateModified\":\"2026-04-19T00:59:26+00:00\",\"breadcrumb\":{\"@id\":\"https:\/\/radiolifefm.com.br\/noticias\/bombeiros-encontram-corpo-de-idoso-desaparecido-no-rio-parana\/#breadcrumb\"},\"inLanguage\":\"pt-BR\",\"potentialAction\":[{\"@type\":\"ReadAction\",\"target\":[\"https:\/\/radiolifefm.com.br\/noticias\/bombeiros-encontram-corpo-de-idoso-desaparecido-no-rio-parana\/\"]}]},{\"@type\":\"ImageObject\",\"inLanguage\":\"pt-BR\",\"@id\":\"https:\/\/radiolifefm.com.br\/noticias\/bombeiros-encontram-corpo-de-idoso-desaparecido-no-rio-parana\/#primaryimage\",\"url\":\"https:\/\/radiolifefm.com.br\/noticias\/wp-content\/uploads\/2020\/07\/Bombeiros-Resgate-Imagem.jpeg\",\"contentUrl\":\"https:\/\/radiolifefm.com.br\/noticias\/wp-content\/uploads\/2020\/07\/Bombeiros-Resgate-Imagem.jpeg\",\"width\":870,\"height\":522},{\"@type\":\"BreadcrumbList\",\"@id\":\"https:\/\/radiolifefm.com.br\/noticias\/bombeiros-encontram-corpo-de-idoso-desaparecido-no-rio-parana\/#breadcrumb\",\"itemListElement\":[{\"@type\":\"ListItem\",\"position\":1,\"name\":\"In\u00edcio\",\"item\":\"https:\/\/radiolifefm.com.br\/noticias\/\"},{\"@type\":\"ListItem\",\"position\":2,\"name\":\"Bombeiros encontram corpo de idoso desaparecido no Rio Paran\u00e1\"}]},{\"@type\":\"WebSite\",\"@id\":\"https:\/\/radiolifefm.com.br\/noticias\/#website\",\"url\":\"https:\/\/radiolifefm.com.br\/noticias\/\",\"name\":\"R\u00e1dio Life FM\",\"description\":\"O Portal de Not\u00edcias de Adamantina\",\"publisher\":{\"@id\":\"https:\/\/radiolifefm.com.br\/noticias\/#organization\"},\"alternateName\":\"Life FM\",\"potentialAction\":[{\"@type\":\"SearchAction\",\"target\":{\"@type\":\"EntryPoint\",\"urlTemplate\":\"https:\/\/radiolifefm.com.br\/noticias\/?s={search_term_string}\"},\"query-input\":{\"@type\":\"PropertyValueSpecification\",\"valueRequired\":true,\"valueName\":\"search_term_string\"}}],\"inLanguage\":\"pt-BR\"},{\"@type\":\"Organization\",\"@id\":\"https:\/\/radiolifefm.com.br\/noticias\/#organization\",\"name\":\"R\u00e1dio Life FM\",\"alternateName\":\"Life FM\",\"url\":\"https:\/\/radiolifefm.com.br\/noticias\/\",\"logo\":{\"@type\":\"ImageObject\",\"inLanguage\":\"pt-BR\",\"@id\":\"https:\/\/radiolifefm.com.br\/noticias\/#\/schema\/logo\/image\/\",\"url\":\"https:\/\/static.radiolifefm.com.br\/noticias\/wp-content\/uploads\/2019\/10\/logo-lifefm.png\",\"contentUrl\":\"https:\/\/static.radiolifefm.com.br\/noticias\/wp-content\/uploads\/2019\/10\/logo-lifefm.png\",\"width\":196,\"height\":47,\"caption\":\"R\u00e1dio Life FM\"},\"image\":{\"@id\":\"https:\/\/radiolifefm.com.br\/noticias\/#\/schema\/logo\/image\/\"},\"sameAs\":[\"https:\/\/www.facebook.com\/radiolifefm\/\",\"https:\/\/www.instagram.com\/life1079fm\/\"]},{\"@type\":\"Person\",\"@id\":\"https:\/\/radiolifefm.com.br\/noticias\/#\/schema\/person\/1d4e4b1301322090c6221bf1c8420490\",\"name\":\"lifefm\",\"image\":{\"@type\":\"ImageObject\",\"inLanguage\":\"pt-BR\",\"@id\":\"https:\/\/secure.gravatar.com\/avatar\/eca268467d925ec97d20641bb054fd944c0abb2f92854171620706bbe6474e7c?s=96&d=mm&r=g\",\"url\":\"https:\/\/secure.gravatar.com\/avatar\/eca268467d925ec97d20641bb054fd944c0abb2f92854171620706bbe6474e7c?s=96&d=mm&r=g\",\"contentUrl\":\"https:\/\/secure.gravatar.com\/avatar\/eca268467d925ec97d20641bb054fd944c0abb2f92854171620706bbe6474e7c?s=96&d=mm&r=g\",\"caption\":\"lifefm\"}}]}<\/script>\n<!-- \/ Yoast SEO plugin. -->","yoast_head_json":{"title":"Bombeiros encontram corpo de idoso desaparecido no Rio Paran\u00e1 - R\u00e1dio Life FM","robots":{"index":"index","follow":"follow","max-snippet":"max-snippet:-1","max-image-preview":"max-image-preview:large","max-video-preview":"max-video-preview:-1"},"canonical":"https:\/\/radiolifefm.com.br\/noticias\/bombeiros-encontram-corpo-de-idoso-desaparecido-no-rio-parana\/","og_locale":"pt_BR","og_type":"article","og_title":"Bombeiros encontram corpo de idoso desaparecido no Rio Paran\u00e1 - R\u00e1dio Life FM","og_description":"O corpo do idoso de 65 anos que estava desaparecido no Rio Paran\u00e1, em Panorama, foi localizado nesta quinta-feira (9). Ele havia sumido ap\u00f3s a embarca\u00e7\u00e3o em que ele estava, virar, nesta quarta-feira (8). De acordo com o Corpo de Bombeiros, as buscas foram realizadas nas imedia\u00e7\u00f5es de onde o barco afundou e o corpo [&hellip;]","og_url":"https:\/\/radiolifefm.com.br\/noticias\/bombeiros-encontram-corpo-de-idoso-desaparecido-no-rio-parana\/","og_site_name":"R\u00e1dio Life FM","article_publisher":"https:\/\/www.facebook.com\/radiolifefm\/","article_published_time":"2020-07-10T12:38:26+00:00","article_modified_time":"2026-04-19T00:59:26+00:00","og_image":[{"width":870,"height":522,"url":"https:\/\/radiolifefm.com.br\/noticias\/wp-content\/uploads\/2020\/07\/Bombeiros-Resgate-Imagem.jpeg","type":"image\/jpeg"}],"author":"lifefm","twitter_card":"summary_large_image","twitter_misc":{"Escrito por":"lifefm","Est. tempo de leitura":"1 minuto"},"schema":{"@context":"https:\/\/schema.org","@graph":[{"@type":"Article","@id":"https:\/\/radiolifefm.com.br\/noticias\/bombeiros-encontram-corpo-de-idoso-desaparecido-no-rio-parana\/#article","isPartOf":{"@id":"https:\/\/radiolifefm.com.br\/noticias\/bombeiros-encontram-corpo-de-idoso-desaparecido-no-rio-parana\/"},"author":{"name":"lifefm","@id":"https:\/\/radiolifefm.com.br\/noticias\/#\/schema\/person\/1d4e4b1301322090c6221bf1c8420490"},"headline":"Bombeiros encontram corpo de idoso desaparecido no Rio Paran\u00e1","datePublished":"2020-07-10T12:38:26+00:00","dateModified":"2026-04-19T00:59:26+00:00","mainEntityOfPage":{"@id":"https:\/\/radiolifefm.com.br\/noticias\/bombeiros-encontram-corpo-de-idoso-desaparecido-no-rio-parana\/"},"wordCount":201,"commentCount":0,"publisher":{"@id":"https:\/\/radiolifefm.com.br\/noticias\/#organization"},"image":{"@id":"https:\/\/radiolifefm.com.br\/noticias\/bombeiros-encontram-corpo-de-idoso-desaparecido-no-rio-parana\/#primaryimage"},"thumbnailUrl":"https:\/\/radiolifefm.com.br\/noticias\/wp-content\/uploads\/2020\/07\/Bombeiros-Resgate-Imagem.jpeg","articleSection":["Regi\u00e3o"],"inLanguage":"pt-BR","potentialAction":[{"@type":"CommentAction","name":"Comment","target":["https:\/\/radiolifefm.com.br\/noticias\/bombeiros-encontram-corpo-de-idoso-desaparecido-no-rio-parana\/#respond"]}]},{"@type":"WebPage","@id":"https:\/\/radiolifefm.com.br\/noticias\/bombeiros-encontram-corpo-de-idoso-desaparecido-no-rio-parana\/","url":"https:\/\/radiolifefm.com.br\/noticias\/bombeiros-encontram-corpo-de-idoso-desaparecido-no-rio-parana\/","name":"Bombeiros encontram corpo de idoso desaparecido no Rio Paran\u00e1 - R\u00e1dio Life FM","isPartOf":{"@id":"https:\/\/radiolifefm.com.br\/noticias\/#website"},"primaryImageOfPage":{"@id":"https:\/\/radiolifefm.com.br\/noticias\/bombeiros-encontram-corpo-de-idoso-desaparecido-no-rio-parana\/#primaryimage"},"image":{"@id":"https:\/\/radiolifefm.com.br\/noticias\/bombeiros-encontram-corpo-de-idoso-desaparecido-no-rio-parana\/#primaryimage"},"thumbnailUrl":"https:\/\/radiolifefm.com.br\/noticias\/wp-content\/uploads\/2020\/07\/Bombeiros-Resgate-Imagem.jpeg","datePublished":"2020-07-10T12:38:26+00:00","dateModified":"2026-04-19T00:59:26+00:00","breadcrumb":{"@id":"https:\/\/radiolifefm.com.br\/noticias\/bombeiros-encontram-corpo-de-idoso-desaparecido-no-rio-parana\/#breadcrumb"},"inLanguage":"pt-BR","potentialAction":[{"@type":"ReadAction","target":["https:\/\/radiolifefm.com.br\/noticias\/bombeiros-encontram-corpo-de-idoso-desaparecido-no-rio-parana\/"]}]},{"@type":"ImageObject","inLanguage":"pt-BR","@id":"https:\/\/radiolifefm.com.br\/noticias\/bombeiros-encontram-corpo-de-idoso-desaparecido-no-rio-parana\/#primaryimage","url":"https:\/\/radiolifefm.com.br\/noticias\/wp-content\/uploads\/2020\/07\/Bombeiros-Resgate-Imagem.jpeg","contentUrl":"https:\/\/radiolifefm.com.br\/noticias\/wp-content\/uploads\/2020\/07\/Bombeiros-Resgate-Imagem.jpeg","width":870,"height":522},{"@type":"BreadcrumbList","@id":"https:\/\/radiolifefm.com.br\/noticias\/bombeiros-encontram-corpo-de-idoso-desaparecido-no-rio-parana\/#breadcrumb","itemListElement":[{"@type":"ListItem","position":1,"name":"In\u00edcio","item":"https:\/\/radiolifefm.com.br\/noticias\/"},{"@type":"ListItem","position":2,"name":"Bombeiros encontram corpo de idoso desaparecido no Rio Paran\u00e1"}]},{"@type":"WebSite","@id":"https:\/\/radiolifefm.com.br\/noticias\/#website","url":"https:\/\/radiolifefm.com.br\/noticias\/","name":"R\u00e1dio Life FM","description":"O Portal de Not\u00edcias de Adamantina","publisher":{"@id":"https:\/\/radiolifefm.com.br\/noticias\/#organization"},"alternateName":"Life FM","potentialAction":[{"@type":"SearchAction","target":{"@type":"EntryPoint","urlTemplate":"https:\/\/radiolifefm.com.br\/noticias\/?s={search_term_string}"},"query-input":{"@type":"PropertyValueSpecification","valueRequired":true,"valueName":"search_term_string"}}],"inLanguage":"pt-BR"},{"@type":"Organization","@id":"https:\/\/radiolifefm.com.br\/noticias\/#organization","name":"R\u00e1dio Life FM","alternateName":"Life FM","url":"https:\/\/radiolifefm.com.br\/noticias\/","logo":{"@type":"ImageObject","inLanguage":"pt-BR","@id":"https:\/\/radiolifefm.com.br\/noticias\/#\/schema\/logo\/image\/","url":"https:\/\/static.radiolifefm.com.br\/noticias\/wp-content\/uploads\/2019\/10\/logo-lifefm.png","contentUrl":"https:\/\/static.radiolifefm.com.br\/noticias\/wp-content\/uploads\/2019\/10\/logo-lifefm.png","width":196,"height":47,"caption":"R\u00e1dio Life FM"},"image":{"@id":"https:\/\/radiolifefm.com.br\/noticias\/#\/schema\/logo\/image\/"},"sameAs":["https:\/\/www.facebook.com\/radiolifefm\/","https:\/\/www.instagram.com\/life1079fm\/"]},{"@type":"Person","@id":"https:\/\/radiolifefm.com.br\/noticias\/#\/schema\/person\/1d4e4b1301322090c6221bf1c8420490","name":"lifefm","image":{"@type":"ImageObject","inLanguage":"pt-BR","@id":"https:\/\/secure.gravatar.com\/avatar\/eca268467d925ec97d20641bb054fd944c0abb2f92854171620706bbe6474e7c?s=96&d=mm&r=g","url":"https:\/\/secure.gravatar.com\/avatar\/eca268467d925ec97d20641bb054fd944c0abb2f92854171620706bbe6474e7c?s=96&d=mm&r=g","contentUrl":"https:\/\/secure.gravatar.com\/avatar\/eca268467d925ec97d20641bb054fd944c0abb2f92854171620706bbe6474e7c?s=96&d=mm&r=g","caption":"lifefm"}}]}},"amp_enabled":true,"_links":{"self":[{"href":"https:\/\/radiolifefm.com.br\/noticias\/wp-json\/wp\/v2\/posts\/24501","targetHints":{"allow":["GET"]}}],"collection":[{"href":"https:\/\/radiolifefm.com.br\/noticias\/wp-json\/wp\/v2\/posts"}],"about":[{"href":"https:\/\/radiolifefm.com.br\/noticias\/wp-json\/wp\/v2\/types\/post"}],"author":[{"embeddable":true,"href":"https:\/\/radiolifefm.com.br\/noticias\/wp-json\/wp\/v2\/users\/3"}],"replies":[{"embeddable":true,"href":"https:\/\/radiolifefm.com.br\/noticias\/wp-json\/wp\/v2\/comments?post=24501"}],"version-history":[{"count":1,"href":"https:\/\/radiolifefm.com.br\/noticias\/wp-json\/wp\/v2\/posts\/24501\/revisions"}],"predecessor-version":[{"id":24505,"href":"https:\/\/radiolifefm.com.br\/noticias\/wp-json\/wp\/v2\/posts\/24501\/revisions\/24505"}],"wp:featuredmedia":[{"embeddable":true,"href":"https:\/\/radiolifefm.com.br\/noticias\/wp-json\/wp\/v2\/media\/24504"}],"wp:attachment":[{"href":"https:\/\/radiolifefm.com.br\/noticias\/wp-json\/wp\/v2\/media?parent=24501"}],"wp:term":[{"taxonomy":"category","embeddable":true,"href":"https:\/\/radiolifefm.com.br\/noticias\/wp-json\/wp\/v2\/categories?post=24501"},{"taxonomy":"post_tag","embeddable":true,"href":"https:\/\/radiolifefm.com.br\/noticias\/wp-json\/wp\/v2\/tags?post=24501"}],"curies":[{"name":"wp","href":"https:\/\/api.w.org\/{rel}","templated":true}]}}