{"id":24474,"date":"2020-07-09T11:26:31","date_gmt":"2020-07-09T14:26:31","guid":{"rendered":"https:\/\/radiolifefm.com.br\/noticias\/?p=24474"},"modified":"2026-04-20T07:48:28","modified_gmt":"2026-04-20T10:48:28","slug":"eixo-sp-inicia-instalacao-de-514-km-de-fibra-otica-nas-rodovias-da-regiao","status":"publish","type":"post","link":"https:\/\/radiolifefm.com.br\/noticias\/eixo-sp-inicia-instalacao-de-514-km-de-fibra-otica-nas-rodovias-da-regiao\/","title":{"rendered":"Eixo SP inicia instala\u00e7\u00e3o de 514 km de fibra \u00f3tica nas rodovias da regi\u00e3o"},"content":{"rendered":"<div id=\"fb-root\"><\/div>\n<p><em>De Bauru a Panorama e de Parapu\u00e3 a Presidente Prudente, fibramento conectar\u00e1 todo corredor<\/em><\/p>\n<p>A Eixo SP Concession\u00e1ria de Rodovias iniciou a instala\u00e7\u00e3o da rede de fibra \u00f3tica na malha rodovi\u00e1ria do Centro-Oeste Paulista. Frentes de trabalho estar\u00e3o mobilizadas a partir desta quarta-feira, 8, para a execu\u00e7\u00e3o do servi\u00e7o, em uma extens\u00e3o de 514 quil\u00f4metros, de Bauru at\u00e9 o extremo oeste paulista.<\/p>\n<p>A rede de fibra \u00f3tica da SP 294 \u2013 Comandante Jo\u00e3o Ribeiro de Barros totaliza uma extens\u00e3o de 338 quil\u00f4metros, que vai de Bauru a Panorama. Na SP 284 (Man\u00edlio Gobbi); Prefeito Jos\u00e9 Gagliardi e Prefeito Homero Severo Lins, de Assis a Martin\u00f3polis, ser\u00e3o mais de 103 quil\u00f4metros de cabeamento. J\u00e1 na SP 425 \u2013 Assis Chateaubriand, de Parapu\u00e3 a Presidente Prudente, ser\u00e3o 75,9 quil\u00f4metros.<\/p>\n<p>A rede de fibra \u00f3tica possibilita trafegar dados, imagens e v\u00eddeo em alta velocidade em toda a sua extens\u00e3o e estabelecer\u00e1 a conex\u00e3o entre todas as ferramentas tecnol\u00f3gicas que a Eixo SP adotar\u00e1 nas 12 rodovias que administra, conforme o contrato de concess\u00e3o. O corredor ser\u00e1 monitorado 24h por dia por 1.025 c\u00e2meras que permitir\u00e3o a identifica\u00e7\u00e3o de intercorr\u00eancias na rodovia para o acionamento do recurso operacional.<\/p>\n<p>Ainda no pacote tecnol\u00f3gico da Eixo SP que demanda uma rede de fibra \u00f3tica est\u00e3o previstos mais de 2 mil pontos de conex\u00e3o wi fi para o contato entre o usu\u00e1rio e o CCO \u2013 Centro de Controle Operacional e PMVs \u2013 Pain\u00e9is de Mensagens Vari\u00e1veis. Al\u00e9m de indispens\u00e1vel para o funcionamento da estrutura de telecom dos SAUs \u2013 Servi\u00e7o de Atendimento ao Usu\u00e1rio e pra\u00e7as de ped\u00e1gio, a rede subsidiar\u00e1 tamb\u00e9m outros servi\u00e7os que ser\u00e3o implementados no futuro como a pesagem em movimento de caminh\u00f5es e dispositivos de sensoramento de tr\u00e1fego.<\/p>\n<p>As interven\u00e7\u00f5es ocorrer\u00e3o diariamente, no hor\u00e1rio das 7h \u00e0s 21h. Neste per\u00edodo, as condi\u00e7\u00f5es de tr\u00e1fego ser\u00e3o alteradas em diversos pontos da SP 294, SP 284 e SP 425. Os locais estar\u00e3o devidamente sinalizados e, em caso de chuva, os servi\u00e7os ser\u00e3o reagendados.<\/p>\n<p>Para a seguran\u00e7a do condutor, a recomenda\u00e7\u00e3o \u00e9 que reduzam a velocidade ao transitarem por trechos onde houver o estreitamento de pista para a execu\u00e7\u00e3o dos trabalhos. E jamais parar na rodovia para observar a movimenta\u00e7\u00e3o das m\u00e1quinas, conduta que oferece risco de colis\u00e3o traseira.<\/p>\n<p>&nbsp;<\/p>\n<p>Da Assessoria<\/p>\n","protected":false},"excerpt":{"rendered":"<p>De Bauru a Panorama e de Parapu\u00e3 a Presidente Prudente, fibramento conectar\u00e1 todo corredor A Eixo SP Concession\u00e1ria de Rodovias iniciou a instala\u00e7\u00e3o da rede de fibra \u00f3tica na malha rodovi\u00e1ria do Centro-Oeste Paulista. Frentes de trabalho estar\u00e3o mobilizadas a partir desta quarta-feira, 8, para a execu\u00e7\u00e3o do servi\u00e7o, em uma extens\u00e3o de 514 quil\u00f4metros, [&hellip;]<\/p>\n","protected":false},"author":3,"featured_media":24475,"comment_status":"closed","ping_status":"open","sticky":false,"template":"","format":"standard","meta":{"_acf_changed":false,"_exactmetrics_skip_tracking":false,"_exactmetrics_sitenote_active":false,"_exactmetrics_sitenote_note":"","_exactmetrics_sitenote_category":0,"footnotes":""},"categories":[24],"tags":[],"class_list":["post-24474","post","type-post","status-publish","format-standard","has-post-thumbnail","hentry","category-regiao"],"acf":[],"yoast_head":"<!-- This site is optimized with the Yoast SEO plugin v27.2 - https:\/\/yoast.com\/product\/yoast-seo-wordpress\/ -->\n<title>Eixo SP inicia instala\u00e7\u00e3o de 514 km de fibra \u00f3tica nas rodovias da regi\u00e3o - R\u00e1dio Life FM<\/title>\n<meta name=\"robots\" content=\"index, follow, max-snippet:-1, max-image-preview:large, max-video-preview:-1\" \/>\n<link rel=\"canonical\" href=\"https:\/\/radiolifefm.com.br\/noticias\/eixo-sp-inicia-instalacao-de-514-km-de-fibra-otica-nas-rodovias-da-regiao\/\" \/>\n<meta property=\"og:locale\" content=\"pt_BR\" \/>\n<meta property=\"og:type\" content=\"article\" \/>\n<meta property=\"og:title\" content=\"Eixo SP inicia instala\u00e7\u00e3o de 514 km de fibra \u00f3tica nas rodovias da regi\u00e3o - R\u00e1dio Life FM\" \/>\n<meta property=\"og:description\" content=\"De Bauru a Panorama e de Parapu\u00e3 a Presidente Prudente, fibramento conectar\u00e1 todo corredor A Eixo SP Concession\u00e1ria de Rodovias iniciou a instala\u00e7\u00e3o da rede de fibra \u00f3tica na malha rodovi\u00e1ria do Centro-Oeste Paulista. Frentes de trabalho estar\u00e3o mobilizadas a partir desta quarta-feira, 8, para a execu\u00e7\u00e3o do servi\u00e7o, em uma extens\u00e3o de 514 quil\u00f4metros, [&hellip;]\" \/>\n<meta property=\"og:url\" content=\"https:\/\/radiolifefm.com.br\/noticias\/eixo-sp-inicia-instalacao-de-514-km-de-fibra-otica-nas-rodovias-da-regiao\/\" \/>\n<meta property=\"og:site_name\" content=\"R\u00e1dio Life FM\" \/>\n<meta property=\"article:publisher\" content=\"https:\/\/www.facebook.com\/radiolifefm\/\" \/>\n<meta property=\"article:published_time\" content=\"2020-07-09T14:26:31+00:00\" \/>\n<meta property=\"article:modified_time\" content=\"2026-04-20T10:48:28+00:00\" \/>\n<meta property=\"og:image\" content=\"https:\/\/radiolifefm.com.br\/noticias\/wp-content\/uploads\/2020\/07\/Eixo-Fibra-\u00d3tica.jpg\" \/>\n\t<meta property=\"og:image:width\" content=\"600\" \/>\n\t<meta property=\"og:image:height\" content=\"333\" \/>\n\t<meta property=\"og:image:type\" content=\"image\/jpeg\" \/>\n<meta name=\"author\" content=\"lifefm\" \/>\n<meta name=\"twitter:card\" content=\"summary_large_image\" \/>\n<meta name=\"twitter:label1\" content=\"Escrito por\" \/>\n\t<meta name=\"twitter:data1\" content=\"lifefm\" \/>\n\t<meta name=\"twitter:label2\" content=\"Est. tempo de leitura\" \/>\n\t<meta name=\"twitter:data2\" content=\"2 minutos\" \/>\n<script type=\"application\/ld+json\" class=\"yoast-schema-graph\">{\"@context\":\"https:\/\/schema.org\",\"@graph\":[{\"@type\":\"Article\",\"@id\":\"https:\/\/radiolifefm.com.br\/noticias\/eixo-sp-inicia-instalacao-de-514-km-de-fibra-otica-nas-rodovias-da-regiao\/#article\",\"isPartOf\":{\"@id\":\"https:\/\/radiolifefm.com.br\/noticias\/eixo-sp-inicia-instalacao-de-514-km-de-fibra-otica-nas-rodovias-da-regiao\/\"},\"author\":{\"name\":\"lifefm\",\"@id\":\"https:\/\/radiolifefm.com.br\/noticias\/#\/schema\/person\/1d4e4b1301322090c6221bf1c8420490\"},\"headline\":\"Eixo SP inicia instala\u00e7\u00e3o de 514 km de fibra \u00f3tica nas rodovias da regi\u00e3o\",\"datePublished\":\"2020-07-09T14:26:31+00:00\",\"dateModified\":\"2026-04-20T10:48:28+00:00\",\"mainEntityOfPage\":{\"@id\":\"https:\/\/radiolifefm.com.br\/noticias\/eixo-sp-inicia-instalacao-de-514-km-de-fibra-otica-nas-rodovias-da-regiao\/\"},\"wordCount\":431,\"publisher\":{\"@id\":\"https:\/\/radiolifefm.com.br\/noticias\/#organization\"},\"image\":{\"@id\":\"https:\/\/radiolifefm.com.br\/noticias\/eixo-sp-inicia-instalacao-de-514-km-de-fibra-otica-nas-rodovias-da-regiao\/#primaryimage\"},\"thumbnailUrl\":\"https:\/\/radiolifefm.com.br\/noticias\/wp-content\/uploads\/2020\/07\/Eixo-Fibra-\u00d3tica.jpg\",\"articleSection\":[\"Regi\u00e3o\"],\"inLanguage\":\"pt-BR\"},{\"@type\":\"WebPage\",\"@id\":\"https:\/\/radiolifefm.com.br\/noticias\/eixo-sp-inicia-instalacao-de-514-km-de-fibra-otica-nas-rodovias-da-regiao\/\",\"url\":\"https:\/\/radiolifefm.com.br\/noticias\/eixo-sp-inicia-instalacao-de-514-km-de-fibra-otica-nas-rodovias-da-regiao\/\",\"name\":\"Eixo SP inicia instala\u00e7\u00e3o de 514 km de fibra \u00f3tica nas rodovias da regi\u00e3o - R\u00e1dio Life FM\",\"isPartOf\":{\"@id\":\"https:\/\/radiolifefm.com.br\/noticias\/#website\"},\"primaryImageOfPage\":{\"@id\":\"https:\/\/radiolifefm.com.br\/noticias\/eixo-sp-inicia-instalacao-de-514-km-de-fibra-otica-nas-rodovias-da-regiao\/#primaryimage\"},\"image\":{\"@id\":\"https:\/\/radiolifefm.com.br\/noticias\/eixo-sp-inicia-instalacao-de-514-km-de-fibra-otica-nas-rodovias-da-regiao\/#primaryimage\"},\"thumbnailUrl\":\"https:\/\/radiolifefm.com.br\/noticias\/wp-content\/uploads\/2020\/07\/Eixo-Fibra-\u00d3tica.jpg\",\"datePublished\":\"2020-07-09T14:26:31+00:00\",\"dateModified\":\"2026-04-20T10:48:28+00:00\",\"breadcrumb\":{\"@id\":\"https:\/\/radiolifefm.com.br\/noticias\/eixo-sp-inicia-instalacao-de-514-km-de-fibra-otica-nas-rodovias-da-regiao\/#breadcrumb\"},\"inLanguage\":\"pt-BR\",\"potentialAction\":[{\"@type\":\"ReadAction\",\"target\":[\"https:\/\/radiolifefm.com.br\/noticias\/eixo-sp-inicia-instalacao-de-514-km-de-fibra-otica-nas-rodovias-da-regiao\/\"]}]},{\"@type\":\"ImageObject\",\"inLanguage\":\"pt-BR\",\"@id\":\"https:\/\/radiolifefm.com.br\/noticias\/eixo-sp-inicia-instalacao-de-514-km-de-fibra-otica-nas-rodovias-da-regiao\/#primaryimage\",\"url\":\"https:\/\/radiolifefm.com.br\/noticias\/wp-content\/uploads\/2020\/07\/Eixo-Fibra-\u00d3tica.jpg\",\"contentUrl\":\"https:\/\/radiolifefm.com.br\/noticias\/wp-content\/uploads\/2020\/07\/Eixo-Fibra-\u00d3tica.jpg\",\"width\":600,\"height\":333,\"caption\":\"Equipes trabalham na instala\u00e7\u00e3o do cabeamento de fibra \u00f3ptica que vai interligar toda a opera\u00e7\u00e3o do corredor rodovi\u00e1rio da Eixo- SP (Da Assessoria).\"},{\"@type\":\"BreadcrumbList\",\"@id\":\"https:\/\/radiolifefm.com.br\/noticias\/eixo-sp-inicia-instalacao-de-514-km-de-fibra-otica-nas-rodovias-da-regiao\/#breadcrumb\",\"itemListElement\":[{\"@type\":\"ListItem\",\"position\":1,\"name\":\"In\u00edcio\",\"item\":\"https:\/\/radiolifefm.com.br\/noticias\/\"},{\"@type\":\"ListItem\",\"position\":2,\"name\":\"Eixo SP inicia instala\u00e7\u00e3o de 514 km de fibra \u00f3tica nas rodovias da regi\u00e3o\"}]},{\"@type\":\"WebSite\",\"@id\":\"https:\/\/radiolifefm.com.br\/noticias\/#website\",\"url\":\"https:\/\/radiolifefm.com.br\/noticias\/\",\"name\":\"R\u00e1dio Life FM\",\"description\":\"O Portal de Not\u00edcias de Adamantina\",\"publisher\":{\"@id\":\"https:\/\/radiolifefm.com.br\/noticias\/#organization\"},\"alternateName\":\"Life FM\",\"potentialAction\":[{\"@type\":\"SearchAction\",\"target\":{\"@type\":\"EntryPoint\",\"urlTemplate\":\"https:\/\/radiolifefm.com.br\/noticias\/?s={search_term_string}\"},\"query-input\":{\"@type\":\"PropertyValueSpecification\",\"valueRequired\":true,\"valueName\":\"search_term_string\"}}],\"inLanguage\":\"pt-BR\"},{\"@type\":\"Organization\",\"@id\":\"https:\/\/radiolifefm.com.br\/noticias\/#organization\",\"name\":\"R\u00e1dio Life FM\",\"alternateName\":\"Life FM\",\"url\":\"https:\/\/radiolifefm.com.br\/noticias\/\",\"logo\":{\"@type\":\"ImageObject\",\"inLanguage\":\"pt-BR\",\"@id\":\"https:\/\/radiolifefm.com.br\/noticias\/#\/schema\/logo\/image\/\",\"url\":\"https:\/\/static.radiolifefm.com.br\/noticias\/wp-content\/uploads\/2019\/10\/logo-lifefm.png\",\"contentUrl\":\"https:\/\/static.radiolifefm.com.br\/noticias\/wp-content\/uploads\/2019\/10\/logo-lifefm.png\",\"width\":196,\"height\":47,\"caption\":\"R\u00e1dio Life FM\"},\"image\":{\"@id\":\"https:\/\/radiolifefm.com.br\/noticias\/#\/schema\/logo\/image\/\"},\"sameAs\":[\"https:\/\/www.facebook.com\/radiolifefm\/\",\"https:\/\/www.instagram.com\/life1079fm\/\"]},{\"@type\":\"Person\",\"@id\":\"https:\/\/radiolifefm.com.br\/noticias\/#\/schema\/person\/1d4e4b1301322090c6221bf1c8420490\",\"name\":\"lifefm\",\"image\":{\"@type\":\"ImageObject\",\"inLanguage\":\"pt-BR\",\"@id\":\"https:\/\/secure.gravatar.com\/avatar\/eca268467d925ec97d20641bb054fd944c0abb2f92854171620706bbe6474e7c?s=96&d=mm&r=g\",\"url\":\"https:\/\/secure.gravatar.com\/avatar\/eca268467d925ec97d20641bb054fd944c0abb2f92854171620706bbe6474e7c?s=96&d=mm&r=g\",\"contentUrl\":\"https:\/\/secure.gravatar.com\/avatar\/eca268467d925ec97d20641bb054fd944c0abb2f92854171620706bbe6474e7c?s=96&d=mm&r=g\",\"caption\":\"lifefm\"}}]}<\/script>\n<!-- \/ Yoast SEO plugin. -->","yoast_head_json":{"title":"Eixo SP inicia instala\u00e7\u00e3o de 514 km de fibra \u00f3tica nas rodovias da regi\u00e3o - R\u00e1dio Life FM","robots":{"index":"index","follow":"follow","max-snippet":"max-snippet:-1","max-image-preview":"max-image-preview:large","max-video-preview":"max-video-preview:-1"},"canonical":"https:\/\/radiolifefm.com.br\/noticias\/eixo-sp-inicia-instalacao-de-514-km-de-fibra-otica-nas-rodovias-da-regiao\/","og_locale":"pt_BR","og_type":"article","og_title":"Eixo SP inicia instala\u00e7\u00e3o de 514 km de fibra \u00f3tica nas rodovias da regi\u00e3o - R\u00e1dio Life FM","og_description":"De Bauru a Panorama e de Parapu\u00e3 a Presidente Prudente, fibramento conectar\u00e1 todo corredor A Eixo SP Concession\u00e1ria de Rodovias iniciou a instala\u00e7\u00e3o da rede de fibra \u00f3tica na malha rodovi\u00e1ria do Centro-Oeste Paulista. Frentes de trabalho estar\u00e3o mobilizadas a partir desta quarta-feira, 8, para a execu\u00e7\u00e3o do servi\u00e7o, em uma extens\u00e3o de 514 quil\u00f4metros, [&hellip;]","og_url":"https:\/\/radiolifefm.com.br\/noticias\/eixo-sp-inicia-instalacao-de-514-km-de-fibra-otica-nas-rodovias-da-regiao\/","og_site_name":"R\u00e1dio Life FM","article_publisher":"https:\/\/www.facebook.com\/radiolifefm\/","article_published_time":"2020-07-09T14:26:31+00:00","article_modified_time":"2026-04-20T10:48:28+00:00","og_image":[{"width":600,"height":333,"url":"https:\/\/radiolifefm.com.br\/noticias\/wp-content\/uploads\/2020\/07\/Eixo-Fibra-\u00d3tica.jpg","type":"image\/jpeg"}],"author":"lifefm","twitter_card":"summary_large_image","twitter_misc":{"Escrito por":"lifefm","Est. tempo de leitura":"2 minutos"},"schema":{"@context":"https:\/\/schema.org","@graph":[{"@type":"Article","@id":"https:\/\/radiolifefm.com.br\/noticias\/eixo-sp-inicia-instalacao-de-514-km-de-fibra-otica-nas-rodovias-da-regiao\/#article","isPartOf":{"@id":"https:\/\/radiolifefm.com.br\/noticias\/eixo-sp-inicia-instalacao-de-514-km-de-fibra-otica-nas-rodovias-da-regiao\/"},"author":{"name":"lifefm","@id":"https:\/\/radiolifefm.com.br\/noticias\/#\/schema\/person\/1d4e4b1301322090c6221bf1c8420490"},"headline":"Eixo SP inicia instala\u00e7\u00e3o de 514 km de fibra \u00f3tica nas rodovias da regi\u00e3o","datePublished":"2020-07-09T14:26:31+00:00","dateModified":"2026-04-20T10:48:28+00:00","mainEntityOfPage":{"@id":"https:\/\/radiolifefm.com.br\/noticias\/eixo-sp-inicia-instalacao-de-514-km-de-fibra-otica-nas-rodovias-da-regiao\/"},"wordCount":431,"publisher":{"@id":"https:\/\/radiolifefm.com.br\/noticias\/#organization"},"image":{"@id":"https:\/\/radiolifefm.com.br\/noticias\/eixo-sp-inicia-instalacao-de-514-km-de-fibra-otica-nas-rodovias-da-regiao\/#primaryimage"},"thumbnailUrl":"https:\/\/radiolifefm.com.br\/noticias\/wp-content\/uploads\/2020\/07\/Eixo-Fibra-\u00d3tica.jpg","articleSection":["Regi\u00e3o"],"inLanguage":"pt-BR"},{"@type":"WebPage","@id":"https:\/\/radiolifefm.com.br\/noticias\/eixo-sp-inicia-instalacao-de-514-km-de-fibra-otica-nas-rodovias-da-regiao\/","url":"https:\/\/radiolifefm.com.br\/noticias\/eixo-sp-inicia-instalacao-de-514-km-de-fibra-otica-nas-rodovias-da-regiao\/","name":"Eixo SP inicia instala\u00e7\u00e3o de 514 km de fibra \u00f3tica nas rodovias da regi\u00e3o - R\u00e1dio Life FM","isPartOf":{"@id":"https:\/\/radiolifefm.com.br\/noticias\/#website"},"primaryImageOfPage":{"@id":"https:\/\/radiolifefm.com.br\/noticias\/eixo-sp-inicia-instalacao-de-514-km-de-fibra-otica-nas-rodovias-da-regiao\/#primaryimage"},"image":{"@id":"https:\/\/radiolifefm.com.br\/noticias\/eixo-sp-inicia-instalacao-de-514-km-de-fibra-otica-nas-rodovias-da-regiao\/#primaryimage"},"thumbnailUrl":"https:\/\/radiolifefm.com.br\/noticias\/wp-content\/uploads\/2020\/07\/Eixo-Fibra-\u00d3tica.jpg","datePublished":"2020-07-09T14:26:31+00:00","dateModified":"2026-04-20T10:48:28+00:00","breadcrumb":{"@id":"https:\/\/radiolifefm.com.br\/noticias\/eixo-sp-inicia-instalacao-de-514-km-de-fibra-otica-nas-rodovias-da-regiao\/#breadcrumb"},"inLanguage":"pt-BR","potentialAction":[{"@type":"ReadAction","target":["https:\/\/radiolifefm.com.br\/noticias\/eixo-sp-inicia-instalacao-de-514-km-de-fibra-otica-nas-rodovias-da-regiao\/"]}]},{"@type":"ImageObject","inLanguage":"pt-BR","@id":"https:\/\/radiolifefm.com.br\/noticias\/eixo-sp-inicia-instalacao-de-514-km-de-fibra-otica-nas-rodovias-da-regiao\/#primaryimage","url":"https:\/\/radiolifefm.com.br\/noticias\/wp-content\/uploads\/2020\/07\/Eixo-Fibra-\u00d3tica.jpg","contentUrl":"https:\/\/radiolifefm.com.br\/noticias\/wp-content\/uploads\/2020\/07\/Eixo-Fibra-\u00d3tica.jpg","width":600,"height":333,"caption":"Equipes trabalham na instala\u00e7\u00e3o do cabeamento de fibra \u00f3ptica que vai interligar toda a opera\u00e7\u00e3o do corredor rodovi\u00e1rio da Eixo- SP (Da Assessoria)."},{"@type":"BreadcrumbList","@id":"https:\/\/radiolifefm.com.br\/noticias\/eixo-sp-inicia-instalacao-de-514-km-de-fibra-otica-nas-rodovias-da-regiao\/#breadcrumb","itemListElement":[{"@type":"ListItem","position":1,"name":"In\u00edcio","item":"https:\/\/radiolifefm.com.br\/noticias\/"},{"@type":"ListItem","position":2,"name":"Eixo SP inicia instala\u00e7\u00e3o de 514 km de fibra \u00f3tica nas rodovias da regi\u00e3o"}]},{"@type":"WebSite","@id":"https:\/\/radiolifefm.com.br\/noticias\/#website","url":"https:\/\/radiolifefm.com.br\/noticias\/","name":"R\u00e1dio Life FM","description":"O Portal de Not\u00edcias de Adamantina","publisher":{"@id":"https:\/\/radiolifefm.com.br\/noticias\/#organization"},"alternateName":"Life FM","potentialAction":[{"@type":"SearchAction","target":{"@type":"EntryPoint","urlTemplate":"https:\/\/radiolifefm.com.br\/noticias\/?s={search_term_string}"},"query-input":{"@type":"PropertyValueSpecification","valueRequired":true,"valueName":"search_term_string"}}],"inLanguage":"pt-BR"},{"@type":"Organization","@id":"https:\/\/radiolifefm.com.br\/noticias\/#organization","name":"R\u00e1dio Life FM","alternateName":"Life FM","url":"https:\/\/radiolifefm.com.br\/noticias\/","logo":{"@type":"ImageObject","inLanguage":"pt-BR","@id":"https:\/\/radiolifefm.com.br\/noticias\/#\/schema\/logo\/image\/","url":"https:\/\/static.radiolifefm.com.br\/noticias\/wp-content\/uploads\/2019\/10\/logo-lifefm.png","contentUrl":"https:\/\/static.radiolifefm.com.br\/noticias\/wp-content\/uploads\/2019\/10\/logo-lifefm.png","width":196,"height":47,"caption":"R\u00e1dio Life FM"},"image":{"@id":"https:\/\/radiolifefm.com.br\/noticias\/#\/schema\/logo\/image\/"},"sameAs":["https:\/\/www.facebook.com\/radiolifefm\/","https:\/\/www.instagram.com\/life1079fm\/"]},{"@type":"Person","@id":"https:\/\/radiolifefm.com.br\/noticias\/#\/schema\/person\/1d4e4b1301322090c6221bf1c8420490","name":"lifefm","image":{"@type":"ImageObject","inLanguage":"pt-BR","@id":"https:\/\/secure.gravatar.com\/avatar\/eca268467d925ec97d20641bb054fd944c0abb2f92854171620706bbe6474e7c?s=96&d=mm&r=g","url":"https:\/\/secure.gravatar.com\/avatar\/eca268467d925ec97d20641bb054fd944c0abb2f92854171620706bbe6474e7c?s=96&d=mm&r=g","contentUrl":"https:\/\/secure.gravatar.com\/avatar\/eca268467d925ec97d20641bb054fd944c0abb2f92854171620706bbe6474e7c?s=96&d=mm&r=g","caption":"lifefm"}}]}},"amp_enabled":true,"_links":{"self":[{"href":"https:\/\/radiolifefm.com.br\/noticias\/wp-json\/wp\/v2\/posts\/24474","targetHints":{"allow":["GET"]}}],"collection":[{"href":"https:\/\/radiolifefm.com.br\/noticias\/wp-json\/wp\/v2\/posts"}],"about":[{"href":"https:\/\/radiolifefm.com.br\/noticias\/wp-json\/wp\/v2\/types\/post"}],"author":[{"embeddable":true,"href":"https:\/\/radiolifefm.com.br\/noticias\/wp-json\/wp\/v2\/users\/3"}],"replies":[{"embeddable":true,"href":"https:\/\/radiolifefm.com.br\/noticias\/wp-json\/wp\/v2\/comments?post=24474"}],"version-history":[{"count":1,"href":"https:\/\/radiolifefm.com.br\/noticias\/wp-json\/wp\/v2\/posts\/24474\/revisions"}],"predecessor-version":[{"id":24476,"href":"https:\/\/radiolifefm.com.br\/noticias\/wp-json\/wp\/v2\/posts\/24474\/revisions\/24476"}],"wp:featuredmedia":[{"embeddable":true,"href":"https:\/\/radiolifefm.com.br\/noticias\/wp-json\/wp\/v2\/media\/24475"}],"wp:attachment":[{"href":"https:\/\/radiolifefm.com.br\/noticias\/wp-json\/wp\/v2\/media?parent=24474"}],"wp:term":[{"taxonomy":"category","embeddable":true,"href":"https:\/\/radiolifefm.com.br\/noticias\/wp-json\/wp\/v2\/categories?post=24474"},{"taxonomy":"post_tag","embeddable":true,"href":"https:\/\/radiolifefm.com.br\/noticias\/wp-json\/wp\/v2\/tags?post=24474"}],"curies":[{"name":"wp","href":"https:\/\/api.w.org\/{rel}","templated":true}]}}