{"id":24219,"date":"2020-06-29T09:38:16","date_gmt":"2020-06-29T12:38:16","guid":{"rendered":"https:\/\/radiolifefm.com.br\/noticias\/?p=24219"},"modified":"2026-04-24T12:39:45","modified_gmt":"2026-04-24T15:39:45","slug":"tudo-na-mesmice-de-sempre-na-provincia-do-faz-de-conta-sergio-barbosa-opiniao","status":"publish","type":"post","link":"https:\/\/radiolifefm.com.br\/noticias\/tudo-na-mesmice-de-sempre-na-provincia-do-faz-de-conta-sergio-barbosa-opiniao\/","title":{"rendered":"Tudo na mesmice de sempre na Prov\u00edncia do faz de conta&#8230; &#8211; S\u00e9rgio Barbosa &#8211; opini\u00e3o"},"content":{"rendered":"<div id=\"fb-root\"><\/div>\n<p><em><strong>Tudo na mesmice de sempre na Prov\u00edncia do faz de conta&#8230;<\/strong><\/em><\/p>\n<p><em>\u201eA morte nunca se aprende, mas pode-se saber-se de cor. As guerras sabem-no. E as epidemias. E um simples agente funer\u00e1rio.\u201c (Verg\u00edlio Ferreira)<\/em><\/p>\n<p><em>S\u00e9rgio Barbosa (*)<\/em><\/p>\n<p>Entre as muitas idas e vindas de uma PROV\u00cdNCIA em meio aos desencontros patrocinados pela PANDEMIA, pode-se afirmar que para cada passo adiante, volta-se uma m\u00e9dia de cinco ou mais passos&#8230;<\/p>\n<p>Al\u00e9m do mais, talvez de menos e muito menos, tudo est\u00e1 quase sempre na mesmice de sempre deste lado, tendo em vista as determina\u00e7\u00f5es mediadas pelo GOVERNO ESTADUAL e as medidas adotadas pelo Executivo local&#8230;<\/p>\n<p>Tamb\u00e9m, o LEGISLATIVO PROVINIANO continua patinando neste cen\u00e1rio determinado pela PANDEMIA, quase sempre com as mesmas pautas e tudo fica do mesmo jeito de sempre&#8230;<\/p>\n<p>Como cantou o poeta do outro tempo, OS C\u00c3ES LADRAM, MAS A CARAVANA PASSA&#8230; portanto, existe outra fase que continua atual do que nunca, a saber: QUEM SOBREVIVER VAI VIVER&#8230;<\/p>\n<p>Tais considera\u00e7\u00f5es s\u00e3o necess\u00e1rias e a IRONIA continua sendo a M\u00c1XIMA DE SEMPRE nos textos, tendo em vista que o PODER continua sendo o PODER de sempre em terras provincianas&#8230;<\/p>\n<p>Ainda, neste ano, parece que continua confirmado a realiza\u00e7\u00e3o das ELEI\u00c7\u00d5ES para o EXECUTIVO E LEGISLATIVO municipal nos quatro cantos destes PAIS DO FAZ DE CONTA&#8230;<\/p>\n<p>Neste contexto tupiniquim com ventos direcionados para o cotidiano provinciano, isso \u00e9, seria interessante ficar em estado de alerta com a poss\u00edvel chegada dos GAFANHOTOS e ponto quase final&#8230;<\/p>\n<p>As ONDAS v\u00e3o e depois reaparecem sem pedir licen\u00e7a em todas as \u00e1reas, al\u00e9m disto, ou daquilo, tais ONDAS podem ajudar aqui ou ali, por\u00e9m, n\u00e3o se pode esperar muita coisa deste COISO&#8230;<\/p>\n<p>A comunidade provinciana continua na mesma toada de sempre, assim, a realidade pode ser alterada sem aviso pr\u00e9vio pela PANDEMIA, haja vista o movimento das pessoas nos quatro ou mais cantos da PROV\u00cdNCIA&#8230;<\/p>\n<p>Tudo indica que daqui pra frente tudo pode ocorrer, ou seja, os n\u00fameros de casos confirmados est\u00e3o em crescimento no interior paulista, portanto, as medidas de preven\u00e7\u00e3o s\u00e3o mais do que necess\u00e1rias, bem como, a vigil\u00e2ncia total por parte das autoridades sanit\u00e1rias, m\u00e9dicas e p\u00fablica&#8230;<\/p>\n<p>&nbsp;<\/p>\n<p>QUEM SOBREVIVER VAI SABER&#8230;<\/p>\n<div class='flex flex-wrap items-center -mx-1'>\r\n<a class='thumbnail gallery p-1 w-1\/2 md:w-1\/4' href='https:\/\/radiolifefm.com.br\/noticias\/wp-content\/uploads\/2020\/06\/Sebar-6-scaled.jpg'><img class='border border-white' src='https:\/\/radiolifefm.com.br\/noticias\/wp-content\/uploads\/2020\/06\/Sebar-6-200x200.jpg' alt='Sebar' \/><\/a><a class='thumbnail gallery p-1 w-1\/2 md:w-1\/4' href='https:\/\/radiolifefm.com.br\/noticias\/wp-content\/uploads\/2020\/06\/Sebar-1-4-scaled.jpg'><img class='border border-white' src='https:\/\/radiolifefm.com.br\/noticias\/wp-content\/uploads\/2020\/06\/Sebar-1-4-200x200.jpg' alt='Sebar   1' \/><\/a><a class='thumbnail gallery p-1 w-1\/2 md:w-1\/4' href='https:\/\/radiolifefm.com.br\/noticias\/wp-content\/uploads\/2020\/06\/Sebar-2-4-scaled.jpg'><img class='border border-white' src='https:\/\/radiolifefm.com.br\/noticias\/wp-content\/uploads\/2020\/06\/Sebar-2-4-200x200.jpg' alt='Sebar   2' \/><\/a><\/div>\n<p>__________________________<br \/>\n(*) jornalista diplomado e professor universit\u00e1rio.<\/p>\n","protected":false},"excerpt":{"rendered":"<p>Tudo na mesmice de sempre na Prov\u00edncia do faz de conta&#8230; \u201eA morte nunca se aprende, mas pode-se saber-se de cor. As guerras sabem-no. E as epidemias. E um simples agente funer\u00e1rio.\u201c (Verg\u00edlio Ferreira) S\u00e9rgio Barbosa (*) Entre as muitas idas e vindas de uma PROV\u00cdNCIA em meio aos desencontros patrocinados pela PANDEMIA, pode-se afirmar [&hellip;]<\/p>\n","protected":false},"author":3,"featured_media":24221,"comment_status":"closed","ping_status":"open","sticky":false,"template":"","format":"standard","meta":{"_acf_changed":false,"_exactmetrics_skip_tracking":false,"_exactmetrics_sitenote_active":false,"_exactmetrics_sitenote_note":"","_exactmetrics_sitenote_category":0,"footnotes":""},"categories":[59],"tags":[],"class_list":["post-24219","post","type-post","status-publish","format-standard","has-post-thumbnail","hentry","category-opiniao"],"acf":[],"yoast_head":"<!-- This site is optimized with the Yoast SEO plugin v27.2 - https:\/\/yoast.com\/product\/yoast-seo-wordpress\/ -->\n<title>Tudo na mesmice de sempre na Prov\u00edncia do faz de conta... - S\u00e9rgio Barbosa - opini\u00e3o - R\u00e1dio Life FM<\/title>\n<meta name=\"robots\" content=\"index, follow, max-snippet:-1, max-image-preview:large, max-video-preview:-1\" \/>\n<link rel=\"canonical\" href=\"https:\/\/radiolifefm.com.br\/noticias\/tudo-na-mesmice-de-sempre-na-provincia-do-faz-de-conta-sergio-barbosa-opiniao\/\" \/>\n<meta property=\"og:locale\" content=\"pt_BR\" \/>\n<meta property=\"og:type\" content=\"article\" \/>\n<meta property=\"og:title\" content=\"Tudo na mesmice de sempre na Prov\u00edncia do faz de conta... - S\u00e9rgio Barbosa - opini\u00e3o - R\u00e1dio Life FM\" \/>\n<meta property=\"og:description\" content=\"Tudo na mesmice de sempre na Prov\u00edncia do faz de conta&#8230; \u201eA morte nunca se aprende, mas pode-se saber-se de cor. As guerras sabem-no. E as epidemias. E um simples agente funer\u00e1rio.\u201c (Verg\u00edlio Ferreira) S\u00e9rgio Barbosa (*) Entre as muitas idas e vindas de uma PROV\u00cdNCIA em meio aos desencontros patrocinados pela PANDEMIA, pode-se afirmar [&hellip;]\" \/>\n<meta property=\"og:url\" content=\"https:\/\/radiolifefm.com.br\/noticias\/tudo-na-mesmice-de-sempre-na-provincia-do-faz-de-conta-sergio-barbosa-opiniao\/\" \/>\n<meta property=\"og:site_name\" content=\"R\u00e1dio Life FM\" \/>\n<meta property=\"article:publisher\" content=\"https:\/\/www.facebook.com\/radiolifefm\/\" \/>\n<meta property=\"article:published_time\" content=\"2020-06-29T12:38:16+00:00\" \/>\n<meta property=\"article:modified_time\" content=\"2026-04-24T15:39:45+00:00\" \/>\n<meta property=\"og:image\" content=\"https:\/\/radiolifefm.com.br\/noticias\/wp-content\/uploads\/2020\/06\/Sebar-1-4-scaled.jpg\" \/>\n\t<meta property=\"og:image:width\" content=\"2560\" \/>\n\t<meta property=\"og:image:height\" content=\"1920\" \/>\n\t<meta property=\"og:image:type\" content=\"image\/jpeg\" \/>\n<meta name=\"author\" content=\"lifefm\" \/>\n<meta name=\"twitter:card\" content=\"summary_large_image\" \/>\n<meta name=\"twitter:label1\" content=\"Escrito por\" \/>\n\t<meta name=\"twitter:data1\" content=\"lifefm\" \/>\n\t<meta name=\"twitter:label2\" content=\"Est. tempo de leitura\" \/>\n\t<meta name=\"twitter:data2\" content=\"2 minutos\" \/>\n<script type=\"application\/ld+json\" class=\"yoast-schema-graph\">{\"@context\":\"https:\/\/schema.org\",\"@graph\":[{\"@type\":\"Article\",\"@id\":\"https:\/\/radiolifefm.com.br\/noticias\/tudo-na-mesmice-de-sempre-na-provincia-do-faz-de-conta-sergio-barbosa-opiniao\/#article\",\"isPartOf\":{\"@id\":\"https:\/\/radiolifefm.com.br\/noticias\/tudo-na-mesmice-de-sempre-na-provincia-do-faz-de-conta-sergio-barbosa-opiniao\/\"},\"author\":{\"name\":\"lifefm\",\"@id\":\"https:\/\/radiolifefm.com.br\/noticias\/#\/schema\/person\/1d4e4b1301322090c6221bf1c8420490\"},\"headline\":\"Tudo na mesmice de sempre na Prov\u00edncia do faz de conta&#8230; &#8211; S\u00e9rgio Barbosa &#8211; opini\u00e3o\",\"datePublished\":\"2020-06-29T12:38:16+00:00\",\"dateModified\":\"2026-04-24T15:39:45+00:00\",\"mainEntityOfPage\":{\"@id\":\"https:\/\/radiolifefm.com.br\/noticias\/tudo-na-mesmice-de-sempre-na-provincia-do-faz-de-conta-sergio-barbosa-opiniao\/\"},\"wordCount\":418,\"publisher\":{\"@id\":\"https:\/\/radiolifefm.com.br\/noticias\/#organization\"},\"image\":{\"@id\":\"https:\/\/radiolifefm.com.br\/noticias\/tudo-na-mesmice-de-sempre-na-provincia-do-faz-de-conta-sergio-barbosa-opiniao\/#primaryimage\"},\"thumbnailUrl\":\"https:\/\/radiolifefm.com.br\/noticias\/wp-content\/uploads\/2020\/06\/Sebar-1-4-scaled.jpg\",\"articleSection\":[\"Opini\u00e3o\"],\"inLanguage\":\"pt-BR\"},{\"@type\":\"WebPage\",\"@id\":\"https:\/\/radiolifefm.com.br\/noticias\/tudo-na-mesmice-de-sempre-na-provincia-do-faz-de-conta-sergio-barbosa-opiniao\/\",\"url\":\"https:\/\/radiolifefm.com.br\/noticias\/tudo-na-mesmice-de-sempre-na-provincia-do-faz-de-conta-sergio-barbosa-opiniao\/\",\"name\":\"Tudo na mesmice de sempre na Prov\u00edncia do faz de conta... - S\u00e9rgio Barbosa - opini\u00e3o - R\u00e1dio Life FM\",\"isPartOf\":{\"@id\":\"https:\/\/radiolifefm.com.br\/noticias\/#website\"},\"primaryImageOfPage\":{\"@id\":\"https:\/\/radiolifefm.com.br\/noticias\/tudo-na-mesmice-de-sempre-na-provincia-do-faz-de-conta-sergio-barbosa-opiniao\/#primaryimage\"},\"image\":{\"@id\":\"https:\/\/radiolifefm.com.br\/noticias\/tudo-na-mesmice-de-sempre-na-provincia-do-faz-de-conta-sergio-barbosa-opiniao\/#primaryimage\"},\"thumbnailUrl\":\"https:\/\/radiolifefm.com.br\/noticias\/wp-content\/uploads\/2020\/06\/Sebar-1-4-scaled.jpg\",\"datePublished\":\"2020-06-29T12:38:16+00:00\",\"dateModified\":\"2026-04-24T15:39:45+00:00\",\"breadcrumb\":{\"@id\":\"https:\/\/radiolifefm.com.br\/noticias\/tudo-na-mesmice-de-sempre-na-provincia-do-faz-de-conta-sergio-barbosa-opiniao\/#breadcrumb\"},\"inLanguage\":\"pt-BR\",\"potentialAction\":[{\"@type\":\"ReadAction\",\"target\":[\"https:\/\/radiolifefm.com.br\/noticias\/tudo-na-mesmice-de-sempre-na-provincia-do-faz-de-conta-sergio-barbosa-opiniao\/\"]}]},{\"@type\":\"ImageObject\",\"inLanguage\":\"pt-BR\",\"@id\":\"https:\/\/radiolifefm.com.br\/noticias\/tudo-na-mesmice-de-sempre-na-provincia-do-faz-de-conta-sergio-barbosa-opiniao\/#primaryimage\",\"url\":\"https:\/\/radiolifefm.com.br\/noticias\/wp-content\/uploads\/2020\/06\/Sebar-1-4-scaled.jpg\",\"contentUrl\":\"https:\/\/radiolifefm.com.br\/noticias\/wp-content\/uploads\/2020\/06\/Sebar-1-4-scaled.jpg\",\"width\":2560,\"height\":1920},{\"@type\":\"BreadcrumbList\",\"@id\":\"https:\/\/radiolifefm.com.br\/noticias\/tudo-na-mesmice-de-sempre-na-provincia-do-faz-de-conta-sergio-barbosa-opiniao\/#breadcrumb\",\"itemListElement\":[{\"@type\":\"ListItem\",\"position\":1,\"name\":\"In\u00edcio\",\"item\":\"https:\/\/radiolifefm.com.br\/noticias\/\"},{\"@type\":\"ListItem\",\"position\":2,\"name\":\"Tudo na mesmice de sempre na Prov\u00edncia do faz de conta&#8230; &#8211; S\u00e9rgio Barbosa &#8211; opini\u00e3o\"}]},{\"@type\":\"WebSite\",\"@id\":\"https:\/\/radiolifefm.com.br\/noticias\/#website\",\"url\":\"https:\/\/radiolifefm.com.br\/noticias\/\",\"name\":\"R\u00e1dio Life FM\",\"description\":\"O Portal de Not\u00edcias de Adamantina\",\"publisher\":{\"@id\":\"https:\/\/radiolifefm.com.br\/noticias\/#organization\"},\"alternateName\":\"Life FM\",\"potentialAction\":[{\"@type\":\"SearchAction\",\"target\":{\"@type\":\"EntryPoint\",\"urlTemplate\":\"https:\/\/radiolifefm.com.br\/noticias\/?s={search_term_string}\"},\"query-input\":{\"@type\":\"PropertyValueSpecification\",\"valueRequired\":true,\"valueName\":\"search_term_string\"}}],\"inLanguage\":\"pt-BR\"},{\"@type\":\"Organization\",\"@id\":\"https:\/\/radiolifefm.com.br\/noticias\/#organization\",\"name\":\"R\u00e1dio Life FM\",\"alternateName\":\"Life FM\",\"url\":\"https:\/\/radiolifefm.com.br\/noticias\/\",\"logo\":{\"@type\":\"ImageObject\",\"inLanguage\":\"pt-BR\",\"@id\":\"https:\/\/radiolifefm.com.br\/noticias\/#\/schema\/logo\/image\/\",\"url\":\"https:\/\/static.radiolifefm.com.br\/noticias\/wp-content\/uploads\/2019\/10\/logo-lifefm.png\",\"contentUrl\":\"https:\/\/static.radiolifefm.com.br\/noticias\/wp-content\/uploads\/2019\/10\/logo-lifefm.png\",\"width\":196,\"height\":47,\"caption\":\"R\u00e1dio Life FM\"},\"image\":{\"@id\":\"https:\/\/radiolifefm.com.br\/noticias\/#\/schema\/logo\/image\/\"},\"sameAs\":[\"https:\/\/www.facebook.com\/radiolifefm\/\",\"https:\/\/www.instagram.com\/life1079fm\/\"]},{\"@type\":\"Person\",\"@id\":\"https:\/\/radiolifefm.com.br\/noticias\/#\/schema\/person\/1d4e4b1301322090c6221bf1c8420490\",\"name\":\"lifefm\",\"image\":{\"@type\":\"ImageObject\",\"inLanguage\":\"pt-BR\",\"@id\":\"https:\/\/secure.gravatar.com\/avatar\/eca268467d925ec97d20641bb054fd944c0abb2f92854171620706bbe6474e7c?s=96&d=mm&r=g\",\"url\":\"https:\/\/secure.gravatar.com\/avatar\/eca268467d925ec97d20641bb054fd944c0abb2f92854171620706bbe6474e7c?s=96&d=mm&r=g\",\"contentUrl\":\"https:\/\/secure.gravatar.com\/avatar\/eca268467d925ec97d20641bb054fd944c0abb2f92854171620706bbe6474e7c?s=96&d=mm&r=g\",\"caption\":\"lifefm\"}}]}<\/script>\n<!-- \/ Yoast SEO plugin. -->","yoast_head_json":{"title":"Tudo na mesmice de sempre na Prov\u00edncia do faz de conta... - S\u00e9rgio Barbosa - opini\u00e3o - R\u00e1dio Life FM","robots":{"index":"index","follow":"follow","max-snippet":"max-snippet:-1","max-image-preview":"max-image-preview:large","max-video-preview":"max-video-preview:-1"},"canonical":"https:\/\/radiolifefm.com.br\/noticias\/tudo-na-mesmice-de-sempre-na-provincia-do-faz-de-conta-sergio-barbosa-opiniao\/","og_locale":"pt_BR","og_type":"article","og_title":"Tudo na mesmice de sempre na Prov\u00edncia do faz de conta... - S\u00e9rgio Barbosa - opini\u00e3o - R\u00e1dio Life FM","og_description":"Tudo na mesmice de sempre na Prov\u00edncia do faz de conta&#8230; \u201eA morte nunca se aprende, mas pode-se saber-se de cor. As guerras sabem-no. E as epidemias. E um simples agente funer\u00e1rio.\u201c (Verg\u00edlio Ferreira) S\u00e9rgio Barbosa (*) Entre as muitas idas e vindas de uma PROV\u00cdNCIA em meio aos desencontros patrocinados pela PANDEMIA, pode-se afirmar [&hellip;]","og_url":"https:\/\/radiolifefm.com.br\/noticias\/tudo-na-mesmice-de-sempre-na-provincia-do-faz-de-conta-sergio-barbosa-opiniao\/","og_site_name":"R\u00e1dio Life FM","article_publisher":"https:\/\/www.facebook.com\/radiolifefm\/","article_published_time":"2020-06-29T12:38:16+00:00","article_modified_time":"2026-04-24T15:39:45+00:00","og_image":[{"width":2560,"height":1920,"url":"https:\/\/radiolifefm.com.br\/noticias\/wp-content\/uploads\/2020\/06\/Sebar-1-4-scaled.jpg","type":"image\/jpeg"}],"author":"lifefm","twitter_card":"summary_large_image","twitter_misc":{"Escrito por":"lifefm","Est. tempo de leitura":"2 minutos"},"schema":{"@context":"https:\/\/schema.org","@graph":[{"@type":"Article","@id":"https:\/\/radiolifefm.com.br\/noticias\/tudo-na-mesmice-de-sempre-na-provincia-do-faz-de-conta-sergio-barbosa-opiniao\/#article","isPartOf":{"@id":"https:\/\/radiolifefm.com.br\/noticias\/tudo-na-mesmice-de-sempre-na-provincia-do-faz-de-conta-sergio-barbosa-opiniao\/"},"author":{"name":"lifefm","@id":"https:\/\/radiolifefm.com.br\/noticias\/#\/schema\/person\/1d4e4b1301322090c6221bf1c8420490"},"headline":"Tudo na mesmice de sempre na Prov\u00edncia do faz de conta&#8230; &#8211; S\u00e9rgio Barbosa &#8211; opini\u00e3o","datePublished":"2020-06-29T12:38:16+00:00","dateModified":"2026-04-24T15:39:45+00:00","mainEntityOfPage":{"@id":"https:\/\/radiolifefm.com.br\/noticias\/tudo-na-mesmice-de-sempre-na-provincia-do-faz-de-conta-sergio-barbosa-opiniao\/"},"wordCount":418,"publisher":{"@id":"https:\/\/radiolifefm.com.br\/noticias\/#organization"},"image":{"@id":"https:\/\/radiolifefm.com.br\/noticias\/tudo-na-mesmice-de-sempre-na-provincia-do-faz-de-conta-sergio-barbosa-opiniao\/#primaryimage"},"thumbnailUrl":"https:\/\/radiolifefm.com.br\/noticias\/wp-content\/uploads\/2020\/06\/Sebar-1-4-scaled.jpg","articleSection":["Opini\u00e3o"],"inLanguage":"pt-BR"},{"@type":"WebPage","@id":"https:\/\/radiolifefm.com.br\/noticias\/tudo-na-mesmice-de-sempre-na-provincia-do-faz-de-conta-sergio-barbosa-opiniao\/","url":"https:\/\/radiolifefm.com.br\/noticias\/tudo-na-mesmice-de-sempre-na-provincia-do-faz-de-conta-sergio-barbosa-opiniao\/","name":"Tudo na mesmice de sempre na Prov\u00edncia do faz de conta... - S\u00e9rgio Barbosa - opini\u00e3o - R\u00e1dio Life FM","isPartOf":{"@id":"https:\/\/radiolifefm.com.br\/noticias\/#website"},"primaryImageOfPage":{"@id":"https:\/\/radiolifefm.com.br\/noticias\/tudo-na-mesmice-de-sempre-na-provincia-do-faz-de-conta-sergio-barbosa-opiniao\/#primaryimage"},"image":{"@id":"https:\/\/radiolifefm.com.br\/noticias\/tudo-na-mesmice-de-sempre-na-provincia-do-faz-de-conta-sergio-barbosa-opiniao\/#primaryimage"},"thumbnailUrl":"https:\/\/radiolifefm.com.br\/noticias\/wp-content\/uploads\/2020\/06\/Sebar-1-4-scaled.jpg","datePublished":"2020-06-29T12:38:16+00:00","dateModified":"2026-04-24T15:39:45+00:00","breadcrumb":{"@id":"https:\/\/radiolifefm.com.br\/noticias\/tudo-na-mesmice-de-sempre-na-provincia-do-faz-de-conta-sergio-barbosa-opiniao\/#breadcrumb"},"inLanguage":"pt-BR","potentialAction":[{"@type":"ReadAction","target":["https:\/\/radiolifefm.com.br\/noticias\/tudo-na-mesmice-de-sempre-na-provincia-do-faz-de-conta-sergio-barbosa-opiniao\/"]}]},{"@type":"ImageObject","inLanguage":"pt-BR","@id":"https:\/\/radiolifefm.com.br\/noticias\/tudo-na-mesmice-de-sempre-na-provincia-do-faz-de-conta-sergio-barbosa-opiniao\/#primaryimage","url":"https:\/\/radiolifefm.com.br\/noticias\/wp-content\/uploads\/2020\/06\/Sebar-1-4-scaled.jpg","contentUrl":"https:\/\/radiolifefm.com.br\/noticias\/wp-content\/uploads\/2020\/06\/Sebar-1-4-scaled.jpg","width":2560,"height":1920},{"@type":"BreadcrumbList","@id":"https:\/\/radiolifefm.com.br\/noticias\/tudo-na-mesmice-de-sempre-na-provincia-do-faz-de-conta-sergio-barbosa-opiniao\/#breadcrumb","itemListElement":[{"@type":"ListItem","position":1,"name":"In\u00edcio","item":"https:\/\/radiolifefm.com.br\/noticias\/"},{"@type":"ListItem","position":2,"name":"Tudo na mesmice de sempre na Prov\u00edncia do faz de conta&#8230; &#8211; S\u00e9rgio Barbosa &#8211; opini\u00e3o"}]},{"@type":"WebSite","@id":"https:\/\/radiolifefm.com.br\/noticias\/#website","url":"https:\/\/radiolifefm.com.br\/noticias\/","name":"R\u00e1dio Life FM","description":"O Portal de Not\u00edcias de Adamantina","publisher":{"@id":"https:\/\/radiolifefm.com.br\/noticias\/#organization"},"alternateName":"Life FM","potentialAction":[{"@type":"SearchAction","target":{"@type":"EntryPoint","urlTemplate":"https:\/\/radiolifefm.com.br\/noticias\/?s={search_term_string}"},"query-input":{"@type":"PropertyValueSpecification","valueRequired":true,"valueName":"search_term_string"}}],"inLanguage":"pt-BR"},{"@type":"Organization","@id":"https:\/\/radiolifefm.com.br\/noticias\/#organization","name":"R\u00e1dio Life FM","alternateName":"Life FM","url":"https:\/\/radiolifefm.com.br\/noticias\/","logo":{"@type":"ImageObject","inLanguage":"pt-BR","@id":"https:\/\/radiolifefm.com.br\/noticias\/#\/schema\/logo\/image\/","url":"https:\/\/static.radiolifefm.com.br\/noticias\/wp-content\/uploads\/2019\/10\/logo-lifefm.png","contentUrl":"https:\/\/static.radiolifefm.com.br\/noticias\/wp-content\/uploads\/2019\/10\/logo-lifefm.png","width":196,"height":47,"caption":"R\u00e1dio Life FM"},"image":{"@id":"https:\/\/radiolifefm.com.br\/noticias\/#\/schema\/logo\/image\/"},"sameAs":["https:\/\/www.facebook.com\/radiolifefm\/","https:\/\/www.instagram.com\/life1079fm\/"]},{"@type":"Person","@id":"https:\/\/radiolifefm.com.br\/noticias\/#\/schema\/person\/1d4e4b1301322090c6221bf1c8420490","name":"lifefm","image":{"@type":"ImageObject","inLanguage":"pt-BR","@id":"https:\/\/secure.gravatar.com\/avatar\/eca268467d925ec97d20641bb054fd944c0abb2f92854171620706bbe6474e7c?s=96&d=mm&r=g","url":"https:\/\/secure.gravatar.com\/avatar\/eca268467d925ec97d20641bb054fd944c0abb2f92854171620706bbe6474e7c?s=96&d=mm&r=g","contentUrl":"https:\/\/secure.gravatar.com\/avatar\/eca268467d925ec97d20641bb054fd944c0abb2f92854171620706bbe6474e7c?s=96&d=mm&r=g","caption":"lifefm"}}]}},"amp_enabled":true,"_links":{"self":[{"href":"https:\/\/radiolifefm.com.br\/noticias\/wp-json\/wp\/v2\/posts\/24219","targetHints":{"allow":["GET"]}}],"collection":[{"href":"https:\/\/radiolifefm.com.br\/noticias\/wp-json\/wp\/v2\/posts"}],"about":[{"href":"https:\/\/radiolifefm.com.br\/noticias\/wp-json\/wp\/v2\/types\/post"}],"author":[{"embeddable":true,"href":"https:\/\/radiolifefm.com.br\/noticias\/wp-json\/wp\/v2\/users\/3"}],"replies":[{"embeddable":true,"href":"https:\/\/radiolifefm.com.br\/noticias\/wp-json\/wp\/v2\/comments?post=24219"}],"version-history":[{"count":1,"href":"https:\/\/radiolifefm.com.br\/noticias\/wp-json\/wp\/v2\/posts\/24219\/revisions"}],"predecessor-version":[{"id":24223,"href":"https:\/\/radiolifefm.com.br\/noticias\/wp-json\/wp\/v2\/posts\/24219\/revisions\/24223"}],"wp:featuredmedia":[{"embeddable":true,"href":"https:\/\/radiolifefm.com.br\/noticias\/wp-json\/wp\/v2\/media\/24221"}],"wp:attachment":[{"href":"https:\/\/radiolifefm.com.br\/noticias\/wp-json\/wp\/v2\/media?parent=24219"}],"wp:term":[{"taxonomy":"category","embeddable":true,"href":"https:\/\/radiolifefm.com.br\/noticias\/wp-json\/wp\/v2\/categories?post=24219"},{"taxonomy":"post_tag","embeddable":true,"href":"https:\/\/radiolifefm.com.br\/noticias\/wp-json\/wp\/v2\/tags?post=24219"}],"curies":[{"name":"wp","href":"https:\/\/api.w.org\/{rel}","templated":true}]}}