{"id":24165,"date":"2020-06-26T08:42:56","date_gmt":"2020-06-26T11:42:56","guid":{"rendered":"https:\/\/radiolifefm.com.br\/noticias\/?p=24165"},"modified":"2026-05-01T16:48:11","modified_gmt":"2026-05-01T19:48:11","slug":"projeto-de-lei-que-proibe-fogos-de-artificio-com-estampido-e-aprovado-pela-camara-de-oc","status":"publish","type":"post","link":"https:\/\/radiolifefm.com.br\/noticias\/projeto-de-lei-que-proibe-fogos-de-artificio-com-estampido-e-aprovado-pela-camara-de-oc\/","title":{"rendered":"Projeto de Lei que pro\u00edbe fogos de artif\u00edcio com estampido \u00e9 aprovado pela C\u00e2mara de OC"},"content":{"rendered":"<div id=\"fb-root\"><\/div>\n<p><em>Projeto de Lei aprovado vai regulamentar a nova \u00e1rea Azul do munic\u00edpio e o segundo projeto aprovado pro\u00edbe fogos de artif\u00edcio com estampidos em Osvaldo cruz<\/em><\/p>\n<p>A C\u00e2mara municipal de Osvaldo Cruz se reuniu na noite desta quinta-feira (25), para apreciar v\u00e1rios projetos do Poder Executivo e do Legislativo.<\/p>\n<p>Entre estes projetos, dois foram destaque, sendo um do Executivo e outro do Legislativo.<\/p>\n<p>O projeto do Legislativo, de autoria do Vereadores, Lucas Hirano e Ricardo Spada, Bitinha, que pro\u00edbe soltura de fogos de artif\u00edcio com estampido no \u00e2mbito do munic\u00edpio de Osvaldo Cruz.<\/p>\n<p>Projeto este aprovado por maioria de votos, com voto contr\u00e1rio somente do vereador Exclusivo. Esse projeto foi aprovado por duas vota\u00e7\u00f5es e passa a ser chamado de Lei Jo\u00e3o Fernando.<\/p>\n<p>Segundo um dos autores desta lei, Ricardo Spada, a mesma passa chamar Jo\u00e3o Fernando, fazendo refer\u00eancia ao jovem Jo\u00e3o Fernando Romanini, que \u00e9 autista e toda vez que tem fogos de artif\u00edcio na cidade ele entra em p\u00e2nico, precisando se isolar em \u00e1reas rurais do munic\u00edpio.<\/p>\n<p>O projeto do Poder Executivo que foi tema de muita pol\u00eamica e discuss\u00e3o na sess\u00e3o desta quinta-feira, foi a regulamenta\u00e7\u00e3o da \u00c1rea Azul.<\/p>\n<p>Por maioria de votos o projeto do poder executivo foi aprovado com os votos contr\u00e1rios dos vereadores, Valdemir Anselmo e Roberto Amor.<\/p>\n<p>No final da sess\u00e3o, Roberto Amor lembrou que este projeto n\u00e3o \u00e9 um uma regulamenta\u00e7\u00e3o e sim a cria\u00e7\u00e3o de uma nova \u00c1rea Azul, Roberto tamb\u00e9m destacou que apresentou junto ao projeto um abaixo-assinado com 68% dos comerciantes que eram contra a \u00c1rea Azul, mas, mesmo assim os vereadores n\u00e3o deram import\u00e2ncia ao que pensa a maioria dos comerciantes do munic\u00edpio.<\/p>\n<p>J\u00e1 o vereador Valdemir Anselmo justificou seu voto dizendo que esse novo sistema de \u00e1rea azul implantada no munic\u00edpio poder\u00e1 n\u00e3o beneficiar os mun\u00edcipes e sim pessoas de fora, a exemplo da Aja, que mantilha cerca de 30 pessoas trabalhando e neste novo sistema aprovado pela c\u00e2mara municipal poder\u00e1 ser empregado no m\u00e1ximo cinco pessoas e n\u00e3o h\u00e1 garantia de que essas pessoas sejam de nossa cidade, finalizou o vereador Valdemir Anselmo.<\/p>\n<p>Vale ressaltar que por motivos pessoais, o vereador F\u00e1bio Bertassi n\u00e3o participou da sess\u00e3o extraordin\u00e1ria.<\/p>\n<p>&nbsp;<\/p>\n<p>Informa\u00e7\u00f5es &#8211; Cristiano Nascimento &#8211; Metr\u00f3pole<\/p>\n","protected":false},"excerpt":{"rendered":"<p>Projeto de Lei aprovado vai regulamentar a nova \u00e1rea Azul do munic\u00edpio e o segundo projeto aprovado pro\u00edbe fogos de artif\u00edcio com estampidos em Osvaldo cruz A C\u00e2mara municipal de Osvaldo Cruz se reuniu na noite desta quinta-feira (25), para apreciar v\u00e1rios projetos do Poder Executivo e do Legislativo. Entre estes projetos, dois foram destaque, [&hellip;]<\/p>\n","protected":false},"author":3,"featured_media":24166,"comment_status":"open","ping_status":"open","sticky":false,"template":"","format":"standard","meta":{"_acf_changed":false,"_exactmetrics_skip_tracking":false,"_exactmetrics_sitenote_active":false,"_exactmetrics_sitenote_note":"","_exactmetrics_sitenote_category":0,"footnotes":""},"categories":[24],"tags":[],"class_list":["post-24165","post","type-post","status-publish","format-standard","has-post-thumbnail","hentry","category-regiao"],"acf":[],"yoast_head":"<!-- This site is optimized with the Yoast SEO plugin v27.2 - https:\/\/yoast.com\/product\/yoast-seo-wordpress\/ -->\n<title>Projeto de Lei que pro\u00edbe fogos de artif\u00edcio com estampido \u00e9 aprovado pela C\u00e2mara de OC - R\u00e1dio Life FM<\/title>\n<meta name=\"robots\" content=\"index, follow, max-snippet:-1, max-image-preview:large, max-video-preview:-1\" \/>\n<link rel=\"canonical\" href=\"https:\/\/radiolifefm.com.br\/noticias\/projeto-de-lei-que-proibe-fogos-de-artificio-com-estampido-e-aprovado-pela-camara-de-oc\/\" \/>\n<meta property=\"og:locale\" content=\"pt_BR\" \/>\n<meta property=\"og:type\" content=\"article\" \/>\n<meta property=\"og:title\" content=\"Projeto de Lei que pro\u00edbe fogos de artif\u00edcio com estampido \u00e9 aprovado pela C\u00e2mara de OC - R\u00e1dio Life FM\" \/>\n<meta property=\"og:description\" content=\"Projeto de Lei aprovado vai regulamentar a nova \u00e1rea Azul do munic\u00edpio e o segundo projeto aprovado pro\u00edbe fogos de artif\u00edcio com estampidos em Osvaldo cruz A C\u00e2mara municipal de Osvaldo Cruz se reuniu na noite desta quinta-feira (25), para apreciar v\u00e1rios projetos do Poder Executivo e do Legislativo. Entre estes projetos, dois foram destaque, [&hellip;]\" \/>\n<meta property=\"og:url\" content=\"https:\/\/radiolifefm.com.br\/noticias\/projeto-de-lei-que-proibe-fogos-de-artificio-com-estampido-e-aprovado-pela-camara-de-oc\/\" \/>\n<meta property=\"og:site_name\" content=\"R\u00e1dio Life FM\" \/>\n<meta property=\"article:publisher\" content=\"https:\/\/www.facebook.com\/radiolifefm\/\" \/>\n<meta property=\"article:published_time\" content=\"2020-06-26T11:42:56+00:00\" \/>\n<meta property=\"article:modified_time\" content=\"2026-05-01T19:48:11+00:00\" \/>\n<meta property=\"og:image\" content=\"https:\/\/radiolifefm.com.br\/noticias\/wp-content\/uploads\/2020\/06\/Fogos-OC.png\" \/>\n\t<meta property=\"og:image:width\" content=\"600\" \/>\n\t<meta property=\"og:image:height\" content=\"418\" \/>\n\t<meta property=\"og:image:type\" content=\"image\/png\" \/>\n<meta name=\"author\" content=\"lifefm\" \/>\n<meta name=\"twitter:card\" content=\"summary_large_image\" \/>\n<meta name=\"twitter:label1\" content=\"Escrito por\" \/>\n\t<meta name=\"twitter:data1\" content=\"lifefm\" \/>\n\t<meta name=\"twitter:label2\" content=\"Est. tempo de leitura\" \/>\n\t<meta name=\"twitter:data2\" content=\"2 minutos\" \/>\n<script type=\"application\/ld+json\" class=\"yoast-schema-graph\">{\"@context\":\"https:\/\/schema.org\",\"@graph\":[{\"@type\":\"Article\",\"@id\":\"https:\/\/radiolifefm.com.br\/noticias\/projeto-de-lei-que-proibe-fogos-de-artificio-com-estampido-e-aprovado-pela-camara-de-oc\/#article\",\"isPartOf\":{\"@id\":\"https:\/\/radiolifefm.com.br\/noticias\/projeto-de-lei-que-proibe-fogos-de-artificio-com-estampido-e-aprovado-pela-camara-de-oc\/\"},\"author\":{\"name\":\"lifefm\",\"@id\":\"https:\/\/radiolifefm.com.br\/noticias\/#\/schema\/person\/1d4e4b1301322090c6221bf1c8420490\"},\"headline\":\"Projeto de Lei que pro\u00edbe fogos de artif\u00edcio com estampido \u00e9 aprovado pela C\u00e2mara de OC\",\"datePublished\":\"2020-06-26T11:42:56+00:00\",\"dateModified\":\"2026-05-01T19:48:11+00:00\",\"mainEntityOfPage\":{\"@id\":\"https:\/\/radiolifefm.com.br\/noticias\/projeto-de-lei-que-proibe-fogos-de-artificio-com-estampido-e-aprovado-pela-camara-de-oc\/\"},\"wordCount\":424,\"commentCount\":0,\"publisher\":{\"@id\":\"https:\/\/radiolifefm.com.br\/noticias\/#organization\"},\"image\":{\"@id\":\"https:\/\/radiolifefm.com.br\/noticias\/projeto-de-lei-que-proibe-fogos-de-artificio-com-estampido-e-aprovado-pela-camara-de-oc\/#primaryimage\"},\"thumbnailUrl\":\"https:\/\/radiolifefm.com.br\/noticias\/wp-content\/uploads\/2020\/06\/Fogos-OC.png\",\"articleSection\":[\"Regi\u00e3o\"],\"inLanguage\":\"pt-BR\",\"potentialAction\":[{\"@type\":\"CommentAction\",\"name\":\"Comment\",\"target\":[\"https:\/\/radiolifefm.com.br\/noticias\/projeto-de-lei-que-proibe-fogos-de-artificio-com-estampido-e-aprovado-pela-camara-de-oc\/#respond\"]}]},{\"@type\":\"WebPage\",\"@id\":\"https:\/\/radiolifefm.com.br\/noticias\/projeto-de-lei-que-proibe-fogos-de-artificio-com-estampido-e-aprovado-pela-camara-de-oc\/\",\"url\":\"https:\/\/radiolifefm.com.br\/noticias\/projeto-de-lei-que-proibe-fogos-de-artificio-com-estampido-e-aprovado-pela-camara-de-oc\/\",\"name\":\"Projeto de Lei que pro\u00edbe fogos de artif\u00edcio com estampido \u00e9 aprovado pela C\u00e2mara de OC - R\u00e1dio Life FM\",\"isPartOf\":{\"@id\":\"https:\/\/radiolifefm.com.br\/noticias\/#website\"},\"primaryImageOfPage\":{\"@id\":\"https:\/\/radiolifefm.com.br\/noticias\/projeto-de-lei-que-proibe-fogos-de-artificio-com-estampido-e-aprovado-pela-camara-de-oc\/#primaryimage\"},\"image\":{\"@id\":\"https:\/\/radiolifefm.com.br\/noticias\/projeto-de-lei-que-proibe-fogos-de-artificio-com-estampido-e-aprovado-pela-camara-de-oc\/#primaryimage\"},\"thumbnailUrl\":\"https:\/\/radiolifefm.com.br\/noticias\/wp-content\/uploads\/2020\/06\/Fogos-OC.png\",\"datePublished\":\"2020-06-26T11:42:56+00:00\",\"dateModified\":\"2026-05-01T19:48:11+00:00\",\"breadcrumb\":{\"@id\":\"https:\/\/radiolifefm.com.br\/noticias\/projeto-de-lei-que-proibe-fogos-de-artificio-com-estampido-e-aprovado-pela-camara-de-oc\/#breadcrumb\"},\"inLanguage\":\"pt-BR\",\"potentialAction\":[{\"@type\":\"ReadAction\",\"target\":[\"https:\/\/radiolifefm.com.br\/noticias\/projeto-de-lei-que-proibe-fogos-de-artificio-com-estampido-e-aprovado-pela-camara-de-oc\/\"]}]},{\"@type\":\"ImageObject\",\"inLanguage\":\"pt-BR\",\"@id\":\"https:\/\/radiolifefm.com.br\/noticias\/projeto-de-lei-que-proibe-fogos-de-artificio-com-estampido-e-aprovado-pela-camara-de-oc\/#primaryimage\",\"url\":\"https:\/\/radiolifefm.com.br\/noticias\/wp-content\/uploads\/2020\/06\/Fogos-OC.png\",\"contentUrl\":\"https:\/\/radiolifefm.com.br\/noticias\/wp-content\/uploads\/2020\/06\/Fogos-OC.png\",\"width\":600,\"height\":418,\"caption\":\"C\u00e2mara de Osvaldo Cruz aprovou Projeto de Lei que pro\u00edbe fogos de artif\u00edcio com estampido - Foto ilustrativa.\"},{\"@type\":\"BreadcrumbList\",\"@id\":\"https:\/\/radiolifefm.com.br\/noticias\/projeto-de-lei-que-proibe-fogos-de-artificio-com-estampido-e-aprovado-pela-camara-de-oc\/#breadcrumb\",\"itemListElement\":[{\"@type\":\"ListItem\",\"position\":1,\"name\":\"In\u00edcio\",\"item\":\"https:\/\/radiolifefm.com.br\/noticias\/\"},{\"@type\":\"ListItem\",\"position\":2,\"name\":\"Projeto de Lei que pro\u00edbe fogos de artif\u00edcio com estampido \u00e9 aprovado pela C\u00e2mara de OC\"}]},{\"@type\":\"WebSite\",\"@id\":\"https:\/\/radiolifefm.com.br\/noticias\/#website\",\"url\":\"https:\/\/radiolifefm.com.br\/noticias\/\",\"name\":\"R\u00e1dio Life FM\",\"description\":\"O Portal de Not\u00edcias de Adamantina\",\"publisher\":{\"@id\":\"https:\/\/radiolifefm.com.br\/noticias\/#organization\"},\"alternateName\":\"Life FM\",\"potentialAction\":[{\"@type\":\"SearchAction\",\"target\":{\"@type\":\"EntryPoint\",\"urlTemplate\":\"https:\/\/radiolifefm.com.br\/noticias\/?s={search_term_string}\"},\"query-input\":{\"@type\":\"PropertyValueSpecification\",\"valueRequired\":true,\"valueName\":\"search_term_string\"}}],\"inLanguage\":\"pt-BR\"},{\"@type\":\"Organization\",\"@id\":\"https:\/\/radiolifefm.com.br\/noticias\/#organization\",\"name\":\"R\u00e1dio Life FM\",\"alternateName\":\"Life FM\",\"url\":\"https:\/\/radiolifefm.com.br\/noticias\/\",\"logo\":{\"@type\":\"ImageObject\",\"inLanguage\":\"pt-BR\",\"@id\":\"https:\/\/radiolifefm.com.br\/noticias\/#\/schema\/logo\/image\/\",\"url\":\"https:\/\/static.radiolifefm.com.br\/noticias\/wp-content\/uploads\/2019\/10\/logo-lifefm.png\",\"contentUrl\":\"https:\/\/static.radiolifefm.com.br\/noticias\/wp-content\/uploads\/2019\/10\/logo-lifefm.png\",\"width\":196,\"height\":47,\"caption\":\"R\u00e1dio Life FM\"},\"image\":{\"@id\":\"https:\/\/radiolifefm.com.br\/noticias\/#\/schema\/logo\/image\/\"},\"sameAs\":[\"https:\/\/www.facebook.com\/radiolifefm\/\",\"https:\/\/www.instagram.com\/life1079fm\/\"]},{\"@type\":\"Person\",\"@id\":\"https:\/\/radiolifefm.com.br\/noticias\/#\/schema\/person\/1d4e4b1301322090c6221bf1c8420490\",\"name\":\"lifefm\",\"image\":{\"@type\":\"ImageObject\",\"inLanguage\":\"pt-BR\",\"@id\":\"https:\/\/secure.gravatar.com\/avatar\/eca268467d925ec97d20641bb054fd944c0abb2f92854171620706bbe6474e7c?s=96&d=mm&r=g\",\"url\":\"https:\/\/secure.gravatar.com\/avatar\/eca268467d925ec97d20641bb054fd944c0abb2f92854171620706bbe6474e7c?s=96&d=mm&r=g\",\"contentUrl\":\"https:\/\/secure.gravatar.com\/avatar\/eca268467d925ec97d20641bb054fd944c0abb2f92854171620706bbe6474e7c?s=96&d=mm&r=g\",\"caption\":\"lifefm\"}}]}<\/script>\n<!-- \/ Yoast SEO plugin. -->","yoast_head_json":{"title":"Projeto de Lei que pro\u00edbe fogos de artif\u00edcio com estampido \u00e9 aprovado pela C\u00e2mara de OC - R\u00e1dio Life FM","robots":{"index":"index","follow":"follow","max-snippet":"max-snippet:-1","max-image-preview":"max-image-preview:large","max-video-preview":"max-video-preview:-1"},"canonical":"https:\/\/radiolifefm.com.br\/noticias\/projeto-de-lei-que-proibe-fogos-de-artificio-com-estampido-e-aprovado-pela-camara-de-oc\/","og_locale":"pt_BR","og_type":"article","og_title":"Projeto de Lei que pro\u00edbe fogos de artif\u00edcio com estampido \u00e9 aprovado pela C\u00e2mara de OC - R\u00e1dio Life FM","og_description":"Projeto de Lei aprovado vai regulamentar a nova \u00e1rea Azul do munic\u00edpio e o segundo projeto aprovado pro\u00edbe fogos de artif\u00edcio com estampidos em Osvaldo cruz A C\u00e2mara municipal de Osvaldo Cruz se reuniu na noite desta quinta-feira (25), para apreciar v\u00e1rios projetos do Poder Executivo e do Legislativo. Entre estes projetos, dois foram destaque, [&hellip;]","og_url":"https:\/\/radiolifefm.com.br\/noticias\/projeto-de-lei-que-proibe-fogos-de-artificio-com-estampido-e-aprovado-pela-camara-de-oc\/","og_site_name":"R\u00e1dio Life FM","article_publisher":"https:\/\/www.facebook.com\/radiolifefm\/","article_published_time":"2020-06-26T11:42:56+00:00","article_modified_time":"2026-05-01T19:48:11+00:00","og_image":[{"width":600,"height":418,"url":"https:\/\/radiolifefm.com.br\/noticias\/wp-content\/uploads\/2020\/06\/Fogos-OC.png","type":"image\/png"}],"author":"lifefm","twitter_card":"summary_large_image","twitter_misc":{"Escrito por":"lifefm","Est. tempo de leitura":"2 minutos"},"schema":{"@context":"https:\/\/schema.org","@graph":[{"@type":"Article","@id":"https:\/\/radiolifefm.com.br\/noticias\/projeto-de-lei-que-proibe-fogos-de-artificio-com-estampido-e-aprovado-pela-camara-de-oc\/#article","isPartOf":{"@id":"https:\/\/radiolifefm.com.br\/noticias\/projeto-de-lei-que-proibe-fogos-de-artificio-com-estampido-e-aprovado-pela-camara-de-oc\/"},"author":{"name":"lifefm","@id":"https:\/\/radiolifefm.com.br\/noticias\/#\/schema\/person\/1d4e4b1301322090c6221bf1c8420490"},"headline":"Projeto de Lei que pro\u00edbe fogos de artif\u00edcio com estampido \u00e9 aprovado pela C\u00e2mara de OC","datePublished":"2020-06-26T11:42:56+00:00","dateModified":"2026-05-01T19:48:11+00:00","mainEntityOfPage":{"@id":"https:\/\/radiolifefm.com.br\/noticias\/projeto-de-lei-que-proibe-fogos-de-artificio-com-estampido-e-aprovado-pela-camara-de-oc\/"},"wordCount":424,"commentCount":0,"publisher":{"@id":"https:\/\/radiolifefm.com.br\/noticias\/#organization"},"image":{"@id":"https:\/\/radiolifefm.com.br\/noticias\/projeto-de-lei-que-proibe-fogos-de-artificio-com-estampido-e-aprovado-pela-camara-de-oc\/#primaryimage"},"thumbnailUrl":"https:\/\/radiolifefm.com.br\/noticias\/wp-content\/uploads\/2020\/06\/Fogos-OC.png","articleSection":["Regi\u00e3o"],"inLanguage":"pt-BR","potentialAction":[{"@type":"CommentAction","name":"Comment","target":["https:\/\/radiolifefm.com.br\/noticias\/projeto-de-lei-que-proibe-fogos-de-artificio-com-estampido-e-aprovado-pela-camara-de-oc\/#respond"]}]},{"@type":"WebPage","@id":"https:\/\/radiolifefm.com.br\/noticias\/projeto-de-lei-que-proibe-fogos-de-artificio-com-estampido-e-aprovado-pela-camara-de-oc\/","url":"https:\/\/radiolifefm.com.br\/noticias\/projeto-de-lei-que-proibe-fogos-de-artificio-com-estampido-e-aprovado-pela-camara-de-oc\/","name":"Projeto de Lei que pro\u00edbe fogos de artif\u00edcio com estampido \u00e9 aprovado pela C\u00e2mara de OC - R\u00e1dio Life FM","isPartOf":{"@id":"https:\/\/radiolifefm.com.br\/noticias\/#website"},"primaryImageOfPage":{"@id":"https:\/\/radiolifefm.com.br\/noticias\/projeto-de-lei-que-proibe-fogos-de-artificio-com-estampido-e-aprovado-pela-camara-de-oc\/#primaryimage"},"image":{"@id":"https:\/\/radiolifefm.com.br\/noticias\/projeto-de-lei-que-proibe-fogos-de-artificio-com-estampido-e-aprovado-pela-camara-de-oc\/#primaryimage"},"thumbnailUrl":"https:\/\/radiolifefm.com.br\/noticias\/wp-content\/uploads\/2020\/06\/Fogos-OC.png","datePublished":"2020-06-26T11:42:56+00:00","dateModified":"2026-05-01T19:48:11+00:00","breadcrumb":{"@id":"https:\/\/radiolifefm.com.br\/noticias\/projeto-de-lei-que-proibe-fogos-de-artificio-com-estampido-e-aprovado-pela-camara-de-oc\/#breadcrumb"},"inLanguage":"pt-BR","potentialAction":[{"@type":"ReadAction","target":["https:\/\/radiolifefm.com.br\/noticias\/projeto-de-lei-que-proibe-fogos-de-artificio-com-estampido-e-aprovado-pela-camara-de-oc\/"]}]},{"@type":"ImageObject","inLanguage":"pt-BR","@id":"https:\/\/radiolifefm.com.br\/noticias\/projeto-de-lei-que-proibe-fogos-de-artificio-com-estampido-e-aprovado-pela-camara-de-oc\/#primaryimage","url":"https:\/\/radiolifefm.com.br\/noticias\/wp-content\/uploads\/2020\/06\/Fogos-OC.png","contentUrl":"https:\/\/radiolifefm.com.br\/noticias\/wp-content\/uploads\/2020\/06\/Fogos-OC.png","width":600,"height":418,"caption":"C\u00e2mara de Osvaldo Cruz aprovou Projeto de Lei que pro\u00edbe fogos de artif\u00edcio com estampido - Foto ilustrativa."},{"@type":"BreadcrumbList","@id":"https:\/\/radiolifefm.com.br\/noticias\/projeto-de-lei-que-proibe-fogos-de-artificio-com-estampido-e-aprovado-pela-camara-de-oc\/#breadcrumb","itemListElement":[{"@type":"ListItem","position":1,"name":"In\u00edcio","item":"https:\/\/radiolifefm.com.br\/noticias\/"},{"@type":"ListItem","position":2,"name":"Projeto de Lei que pro\u00edbe fogos de artif\u00edcio com estampido \u00e9 aprovado pela C\u00e2mara de OC"}]},{"@type":"WebSite","@id":"https:\/\/radiolifefm.com.br\/noticias\/#website","url":"https:\/\/radiolifefm.com.br\/noticias\/","name":"R\u00e1dio Life FM","description":"O Portal de Not\u00edcias de Adamantina","publisher":{"@id":"https:\/\/radiolifefm.com.br\/noticias\/#organization"},"alternateName":"Life FM","potentialAction":[{"@type":"SearchAction","target":{"@type":"EntryPoint","urlTemplate":"https:\/\/radiolifefm.com.br\/noticias\/?s={search_term_string}"},"query-input":{"@type":"PropertyValueSpecification","valueRequired":true,"valueName":"search_term_string"}}],"inLanguage":"pt-BR"},{"@type":"Organization","@id":"https:\/\/radiolifefm.com.br\/noticias\/#organization","name":"R\u00e1dio Life FM","alternateName":"Life FM","url":"https:\/\/radiolifefm.com.br\/noticias\/","logo":{"@type":"ImageObject","inLanguage":"pt-BR","@id":"https:\/\/radiolifefm.com.br\/noticias\/#\/schema\/logo\/image\/","url":"https:\/\/static.radiolifefm.com.br\/noticias\/wp-content\/uploads\/2019\/10\/logo-lifefm.png","contentUrl":"https:\/\/static.radiolifefm.com.br\/noticias\/wp-content\/uploads\/2019\/10\/logo-lifefm.png","width":196,"height":47,"caption":"R\u00e1dio Life FM"},"image":{"@id":"https:\/\/radiolifefm.com.br\/noticias\/#\/schema\/logo\/image\/"},"sameAs":["https:\/\/www.facebook.com\/radiolifefm\/","https:\/\/www.instagram.com\/life1079fm\/"]},{"@type":"Person","@id":"https:\/\/radiolifefm.com.br\/noticias\/#\/schema\/person\/1d4e4b1301322090c6221bf1c8420490","name":"lifefm","image":{"@type":"ImageObject","inLanguage":"pt-BR","@id":"https:\/\/secure.gravatar.com\/avatar\/eca268467d925ec97d20641bb054fd944c0abb2f92854171620706bbe6474e7c?s=96&d=mm&r=g","url":"https:\/\/secure.gravatar.com\/avatar\/eca268467d925ec97d20641bb054fd944c0abb2f92854171620706bbe6474e7c?s=96&d=mm&r=g","contentUrl":"https:\/\/secure.gravatar.com\/avatar\/eca268467d925ec97d20641bb054fd944c0abb2f92854171620706bbe6474e7c?s=96&d=mm&r=g","caption":"lifefm"}}]}},"amp_enabled":true,"_links":{"self":[{"href":"https:\/\/radiolifefm.com.br\/noticias\/wp-json\/wp\/v2\/posts\/24165","targetHints":{"allow":["GET"]}}],"collection":[{"href":"https:\/\/radiolifefm.com.br\/noticias\/wp-json\/wp\/v2\/posts"}],"about":[{"href":"https:\/\/radiolifefm.com.br\/noticias\/wp-json\/wp\/v2\/types\/post"}],"author":[{"embeddable":true,"href":"https:\/\/radiolifefm.com.br\/noticias\/wp-json\/wp\/v2\/users\/3"}],"replies":[{"embeddable":true,"href":"https:\/\/radiolifefm.com.br\/noticias\/wp-json\/wp\/v2\/comments?post=24165"}],"version-history":[{"count":1,"href":"https:\/\/radiolifefm.com.br\/noticias\/wp-json\/wp\/v2\/posts\/24165\/revisions"}],"predecessor-version":[{"id":24167,"href":"https:\/\/radiolifefm.com.br\/noticias\/wp-json\/wp\/v2\/posts\/24165\/revisions\/24167"}],"wp:featuredmedia":[{"embeddable":true,"href":"https:\/\/radiolifefm.com.br\/noticias\/wp-json\/wp\/v2\/media\/24166"}],"wp:attachment":[{"href":"https:\/\/radiolifefm.com.br\/noticias\/wp-json\/wp\/v2\/media?parent=24165"}],"wp:term":[{"taxonomy":"category","embeddable":true,"href":"https:\/\/radiolifefm.com.br\/noticias\/wp-json\/wp\/v2\/categories?post=24165"},{"taxonomy":"post_tag","embeddable":true,"href":"https:\/\/radiolifefm.com.br\/noticias\/wp-json\/wp\/v2\/tags?post=24165"}],"curies":[{"name":"wp","href":"https:\/\/api.w.org\/{rel}","templated":true}]}}