{"id":23979,"date":"2020-06-22T08:53:32","date_gmt":"2020-06-22T11:53:32","guid":{"rendered":"https:\/\/radiolifefm.com.br\/noticias\/?p=23979"},"modified":"2026-04-18T11:02:21","modified_gmt":"2026-04-18T14:02:21","slug":"tudo-ao-mesmo-tempo-na-provincia-do-faz-de-conta-sergio-barbosa-opiniao","status":"publish","type":"post","link":"https:\/\/radiolifefm.com.br\/noticias\/tudo-ao-mesmo-tempo-na-provincia-do-faz-de-conta-sergio-barbosa-opiniao\/","title":{"rendered":"Tudo ao mesmo tempo na Prov\u00edncia do faz de conta&#8230;  &#8211;  S\u00e9rgio Barbosa &#8211; Opini\u00e3o"},"content":{"rendered":"<div id=\"fb-root\"><\/div>\n<p><strong><em>Tudo ao mesmo tempo na Prov\u00edncia do faz de conta&#8230;<\/em><\/strong><\/p>\n<p><em>\u201cO desejo de conquistar \u00e9 realmente muito natural e comum; e, sempre que os homens conseguem satisfaz\u00ea-lo, s\u00e3o louvados, nunca censurados; mas, quando n\u00e3o conseguem e querem satisfaz\u00ea-lo de qualquer modo, \u00e9 que est\u00e3o em erro, e s\u00e3o merecedores de censura.\u201d (Maquiavel).<\/em><\/p>\n<p><em>S\u00e9rgio Barbosa (*)<\/em><\/p>\n<p>Pra variar, ainda, pode ser que sim, pode ser que n\u00e3o, tamb\u00e9m, muito pelo contrario, parece ser aquilo que nunca vai ser em terras provincianas e no meio deste caminho tem uma PANDEMIA&#8230;<\/p>\n<p>Isso mesmo meu caro\/a leitor\/a, pelo andar desta CARRUAGEM sem mais e sem menos, tudo pode acontecer neste cen\u00e1rio que continua mais do que interessante para os analistas de plant\u00e3o&#8230;<\/p>\n<p>A manada das MENTES BOVINAS est\u00e1 espalhada pela PROV\u00cdNCIA DO FAZ DE CONTA, bem como, seguindo o toque do BERRANTE do COISO com suas COISAS&#8230;<\/p>\n<p>Al\u00e9m disto, ou daquilo, tendo em vista que tudo \u00e9 poss\u00edvel, ou seja, at\u00e9 mesmo o IMPOSS\u00cdVEL em nome das trocas de sempre e tudo acaba ficando na mesmice de sempre neste PA\u00cdS DO FAZ DE CONTA&#8230;<\/p>\n<p>Neste meio daquele algo mais quanto aos desencontros patrocinados pelo CORONAV\u00cdRUS e mediados pelos pseudos DONOS DO PODER em n\u00edvel REGIOCAL, ou seja, do REGIONAL PARA O LOCAL em tempo de p\u00f3s-globaliza\u00e7\u00e3o organizacional&#8230;<\/p>\n<p>Isso sem esquecer-se daqueles\/as que sempre estiveram do lado do PODER INSTITUCIONALIZADO para suas manobras um tanto quando escusas em noites sem luar&#8230;<\/p>\n<p>As ELEI\u00c7\u00d5ES para o EXCUTIVO e LEGISLATIVO municipal est\u00e3o se aproximando, por\u00e9m, tempo ao tempo para a realiza\u00e7\u00e3o das mesmas, tendo em vista a expans\u00e3o da PANDEMIA nos quatro cantos deste PA\u00cdS DO FAZ DE CONTA em tempo de BOZZONARO&#8230;<\/p>\n<p>De um jeito ou de outro, faz-se necess\u00e1rio estar em sintonia com as manobras deste ou do outro lado do PODER PELO PODER EM BUSCA DO PODER&#8230;<\/p>\n<p>O SENHOR do bem e do mal continua nas paradas de um sucesso ultrapassado, por\u00e9m, muitas pedras, ainda, v\u00e3o rolar ladeira abaixo para mostrar que o buraco \u00e9 mais embaixo&#8230;<\/p>\n<p>Da denominada CASA GRANDE provinciana, pode-se esperar tudo e mais alguma coisa em tempo de COISO, portanto, a SENZALA deve continuar em ESTADO DE ALERTA para com os\/as SENHORES\/AS e seus discursos recheados de fantasias&#8230;<\/p>\n<p>Tudo indica que o cen\u00e1rio provinciano deve sair do marasmo daqui pra frente, ora por causa disto ou daquilo, ainda, determinando os lados do tal confronto eleitoral que antecede as elei\u00e7\u00f5es e ponto quase final&#8230;<\/p>\n<p>Entendo que n\u00e3o se podem esperar muitas possibilidades daqui pra frente, considerando que as MENTES BOVINAS PROVINCIANAS s\u00e3o as mesmas de sempre&#8230;<\/p>\n<p>&nbsp;<\/p>\n<p>QUEM SOBREVIVER VAI SABER&#8230;<\/p>\n<div class='flex flex-wrap items-center -mx-1'>\r\n<a class='thumbnail gallery p-1 w-1\/2 md:w-1\/4' href='https:\/\/radiolifefm.com.br\/noticias\/wp-content\/uploads\/2020\/06\/Sebar-5-scaled.jpg'><img class='border border-white' src='https:\/\/radiolifefm.com.br\/noticias\/wp-content\/uploads\/2020\/06\/Sebar-5-200x200.jpg' alt='Sebar' \/><\/a><a class='thumbnail gallery p-1 w-1\/2 md:w-1\/4' href='https:\/\/radiolifefm.com.br\/noticias\/wp-content\/uploads\/2020\/06\/Sebar-1-3-scaled.jpg'><img class='border border-white' src='https:\/\/radiolifefm.com.br\/noticias\/wp-content\/uploads\/2020\/06\/Sebar-1-3-200x200.jpg' alt='Sebar   1' \/><\/a><a class='thumbnail gallery p-1 w-1\/2 md:w-1\/4' href='https:\/\/radiolifefm.com.br\/noticias\/wp-content\/uploads\/2020\/06\/Sebar-2-3-scaled.jpg'><img class='border border-white' src='https:\/\/radiolifefm.com.br\/noticias\/wp-content\/uploads\/2020\/06\/Sebar-2-3-200x200.jpg' alt='Sebar   2' \/><\/a><\/div>\n<p>________________________<br \/>\n(*) jornalista diplomado e professor universit\u00e1rio.<\/p>\n","protected":false},"excerpt":{"rendered":"<p>Tudo ao mesmo tempo na Prov\u00edncia do faz de conta&#8230; \u201cO desejo de conquistar \u00e9 realmente muito natural e comum; e, sempre que os homens conseguem satisfaz\u00ea-lo, s\u00e3o louvados, nunca censurados; mas, quando n\u00e3o conseguem e querem satisfaz\u00ea-lo de qualquer modo, \u00e9 que est\u00e3o em erro, e s\u00e3o merecedores de censura.\u201d (Maquiavel). S\u00e9rgio Barbosa (*) [&hellip;]<\/p>\n","protected":false},"author":3,"featured_media":23980,"comment_status":"closed","ping_status":"open","sticky":false,"template":"","format":"standard","meta":{"_acf_changed":false,"_exactmetrics_skip_tracking":false,"_exactmetrics_sitenote_active":false,"_exactmetrics_sitenote_note":"","_exactmetrics_sitenote_category":0,"footnotes":""},"categories":[59],"tags":[],"class_list":["post-23979","post","type-post","status-publish","format-standard","has-post-thumbnail","hentry","category-opiniao"],"acf":[],"yoast_head":"<!-- This site is optimized with the Yoast SEO plugin v27.2 - https:\/\/yoast.com\/product\/yoast-seo-wordpress\/ -->\n<title>Tudo ao mesmo tempo na Prov\u00edncia do faz de conta... - S\u00e9rgio Barbosa - Opini\u00e3o - R\u00e1dio Life FM<\/title>\n<meta name=\"robots\" content=\"index, follow, max-snippet:-1, max-image-preview:large, max-video-preview:-1\" \/>\n<link rel=\"canonical\" href=\"https:\/\/radiolifefm.com.br\/noticias\/tudo-ao-mesmo-tempo-na-provincia-do-faz-de-conta-sergio-barbosa-opiniao\/\" \/>\n<meta property=\"og:locale\" content=\"pt_BR\" \/>\n<meta property=\"og:type\" content=\"article\" \/>\n<meta property=\"og:title\" content=\"Tudo ao mesmo tempo na Prov\u00edncia do faz de conta... - S\u00e9rgio Barbosa - Opini\u00e3o - R\u00e1dio Life FM\" \/>\n<meta property=\"og:description\" content=\"Tudo ao mesmo tempo na Prov\u00edncia do faz de conta&#8230; \u201cO desejo de conquistar \u00e9 realmente muito natural e comum; e, sempre que os homens conseguem satisfaz\u00ea-lo, s\u00e3o louvados, nunca censurados; mas, quando n\u00e3o conseguem e querem satisfaz\u00ea-lo de qualquer modo, \u00e9 que est\u00e3o em erro, e s\u00e3o merecedores de censura.\u201d (Maquiavel). S\u00e9rgio Barbosa (*) [&hellip;]\" \/>\n<meta property=\"og:url\" content=\"https:\/\/radiolifefm.com.br\/noticias\/tudo-ao-mesmo-tempo-na-provincia-do-faz-de-conta-sergio-barbosa-opiniao\/\" \/>\n<meta property=\"og:site_name\" content=\"R\u00e1dio Life FM\" \/>\n<meta property=\"article:publisher\" content=\"https:\/\/www.facebook.com\/radiolifefm\/\" \/>\n<meta property=\"article:published_time\" content=\"2020-06-22T11:53:32+00:00\" \/>\n<meta property=\"article:modified_time\" content=\"2026-04-18T14:02:21+00:00\" \/>\n<meta property=\"og:image\" content=\"https:\/\/radiolifefm.com.br\/noticias\/wp-content\/uploads\/2020\/06\/Sebar-5-scaled.jpg\" \/>\n\t<meta property=\"og:image:width\" content=\"2560\" \/>\n\t<meta property=\"og:image:height\" content=\"1920\" \/>\n\t<meta property=\"og:image:type\" content=\"image\/jpeg\" \/>\n<meta name=\"author\" content=\"lifefm\" \/>\n<meta name=\"twitter:card\" content=\"summary_large_image\" \/>\n<meta name=\"twitter:label1\" content=\"Escrito por\" \/>\n\t<meta name=\"twitter:data1\" content=\"lifefm\" \/>\n\t<meta name=\"twitter:label2\" content=\"Est. tempo de leitura\" \/>\n\t<meta name=\"twitter:data2\" content=\"2 minutos\" \/>\n<script type=\"application\/ld+json\" class=\"yoast-schema-graph\">{\"@context\":\"https:\/\/schema.org\",\"@graph\":[{\"@type\":\"Article\",\"@id\":\"https:\/\/radiolifefm.com.br\/noticias\/tudo-ao-mesmo-tempo-na-provincia-do-faz-de-conta-sergio-barbosa-opiniao\/#article\",\"isPartOf\":{\"@id\":\"https:\/\/radiolifefm.com.br\/noticias\/tudo-ao-mesmo-tempo-na-provincia-do-faz-de-conta-sergio-barbosa-opiniao\/\"},\"author\":{\"name\":\"lifefm\",\"@id\":\"https:\/\/radiolifefm.com.br\/noticias\/#\/schema\/person\/1d4e4b1301322090c6221bf1c8420490\"},\"headline\":\"Tudo ao mesmo tempo na Prov\u00edncia do faz de conta&#8230; &#8211; S\u00e9rgio Barbosa &#8211; Opini\u00e3o\",\"datePublished\":\"2020-06-22T11:53:32+00:00\",\"dateModified\":\"2026-04-18T14:02:21+00:00\",\"mainEntityOfPage\":{\"@id\":\"https:\/\/radiolifefm.com.br\/noticias\/tudo-ao-mesmo-tempo-na-provincia-do-faz-de-conta-sergio-barbosa-opiniao\/\"},\"wordCount\":490,\"publisher\":{\"@id\":\"https:\/\/radiolifefm.com.br\/noticias\/#organization\"},\"image\":{\"@id\":\"https:\/\/radiolifefm.com.br\/noticias\/tudo-ao-mesmo-tempo-na-provincia-do-faz-de-conta-sergio-barbosa-opiniao\/#primaryimage\"},\"thumbnailUrl\":\"https:\/\/radiolifefm.com.br\/noticias\/wp-content\/uploads\/2020\/06\/Sebar-5-scaled.jpg\",\"articleSection\":[\"Opini\u00e3o\"],\"inLanguage\":\"pt-BR\"},{\"@type\":\"WebPage\",\"@id\":\"https:\/\/radiolifefm.com.br\/noticias\/tudo-ao-mesmo-tempo-na-provincia-do-faz-de-conta-sergio-barbosa-opiniao\/\",\"url\":\"https:\/\/radiolifefm.com.br\/noticias\/tudo-ao-mesmo-tempo-na-provincia-do-faz-de-conta-sergio-barbosa-opiniao\/\",\"name\":\"Tudo ao mesmo tempo na Prov\u00edncia do faz de conta... - S\u00e9rgio Barbosa - Opini\u00e3o - R\u00e1dio Life FM\",\"isPartOf\":{\"@id\":\"https:\/\/radiolifefm.com.br\/noticias\/#website\"},\"primaryImageOfPage\":{\"@id\":\"https:\/\/radiolifefm.com.br\/noticias\/tudo-ao-mesmo-tempo-na-provincia-do-faz-de-conta-sergio-barbosa-opiniao\/#primaryimage\"},\"image\":{\"@id\":\"https:\/\/radiolifefm.com.br\/noticias\/tudo-ao-mesmo-tempo-na-provincia-do-faz-de-conta-sergio-barbosa-opiniao\/#primaryimage\"},\"thumbnailUrl\":\"https:\/\/radiolifefm.com.br\/noticias\/wp-content\/uploads\/2020\/06\/Sebar-5-scaled.jpg\",\"datePublished\":\"2020-06-22T11:53:32+00:00\",\"dateModified\":\"2026-04-18T14:02:21+00:00\",\"breadcrumb\":{\"@id\":\"https:\/\/radiolifefm.com.br\/noticias\/tudo-ao-mesmo-tempo-na-provincia-do-faz-de-conta-sergio-barbosa-opiniao\/#breadcrumb\"},\"inLanguage\":\"pt-BR\",\"potentialAction\":[{\"@type\":\"ReadAction\",\"target\":[\"https:\/\/radiolifefm.com.br\/noticias\/tudo-ao-mesmo-tempo-na-provincia-do-faz-de-conta-sergio-barbosa-opiniao\/\"]}]},{\"@type\":\"ImageObject\",\"inLanguage\":\"pt-BR\",\"@id\":\"https:\/\/radiolifefm.com.br\/noticias\/tudo-ao-mesmo-tempo-na-provincia-do-faz-de-conta-sergio-barbosa-opiniao\/#primaryimage\",\"url\":\"https:\/\/radiolifefm.com.br\/noticias\/wp-content\/uploads\/2020\/06\/Sebar-5-scaled.jpg\",\"contentUrl\":\"https:\/\/radiolifefm.com.br\/noticias\/wp-content\/uploads\/2020\/06\/Sebar-5-scaled.jpg\",\"width\":2560,\"height\":1920},{\"@type\":\"BreadcrumbList\",\"@id\":\"https:\/\/radiolifefm.com.br\/noticias\/tudo-ao-mesmo-tempo-na-provincia-do-faz-de-conta-sergio-barbosa-opiniao\/#breadcrumb\",\"itemListElement\":[{\"@type\":\"ListItem\",\"position\":1,\"name\":\"In\u00edcio\",\"item\":\"https:\/\/radiolifefm.com.br\/noticias\/\"},{\"@type\":\"ListItem\",\"position\":2,\"name\":\"Tudo ao mesmo tempo na Prov\u00edncia do faz de conta&#8230; &#8211; S\u00e9rgio Barbosa &#8211; Opini\u00e3o\"}]},{\"@type\":\"WebSite\",\"@id\":\"https:\/\/radiolifefm.com.br\/noticias\/#website\",\"url\":\"https:\/\/radiolifefm.com.br\/noticias\/\",\"name\":\"R\u00e1dio Life FM\",\"description\":\"O Portal de Not\u00edcias de Adamantina\",\"publisher\":{\"@id\":\"https:\/\/radiolifefm.com.br\/noticias\/#organization\"},\"alternateName\":\"Life FM\",\"potentialAction\":[{\"@type\":\"SearchAction\",\"target\":{\"@type\":\"EntryPoint\",\"urlTemplate\":\"https:\/\/radiolifefm.com.br\/noticias\/?s={search_term_string}\"},\"query-input\":{\"@type\":\"PropertyValueSpecification\",\"valueRequired\":true,\"valueName\":\"search_term_string\"}}],\"inLanguage\":\"pt-BR\"},{\"@type\":\"Organization\",\"@id\":\"https:\/\/radiolifefm.com.br\/noticias\/#organization\",\"name\":\"R\u00e1dio Life FM\",\"alternateName\":\"Life FM\",\"url\":\"https:\/\/radiolifefm.com.br\/noticias\/\",\"logo\":{\"@type\":\"ImageObject\",\"inLanguage\":\"pt-BR\",\"@id\":\"https:\/\/radiolifefm.com.br\/noticias\/#\/schema\/logo\/image\/\",\"url\":\"https:\/\/static.radiolifefm.com.br\/noticias\/wp-content\/uploads\/2019\/10\/logo-lifefm.png\",\"contentUrl\":\"https:\/\/static.radiolifefm.com.br\/noticias\/wp-content\/uploads\/2019\/10\/logo-lifefm.png\",\"width\":196,\"height\":47,\"caption\":\"R\u00e1dio Life FM\"},\"image\":{\"@id\":\"https:\/\/radiolifefm.com.br\/noticias\/#\/schema\/logo\/image\/\"},\"sameAs\":[\"https:\/\/www.facebook.com\/radiolifefm\/\",\"https:\/\/www.instagram.com\/life1079fm\/\"]},{\"@type\":\"Person\",\"@id\":\"https:\/\/radiolifefm.com.br\/noticias\/#\/schema\/person\/1d4e4b1301322090c6221bf1c8420490\",\"name\":\"lifefm\",\"image\":{\"@type\":\"ImageObject\",\"inLanguage\":\"pt-BR\",\"@id\":\"https:\/\/secure.gravatar.com\/avatar\/eca268467d925ec97d20641bb054fd944c0abb2f92854171620706bbe6474e7c?s=96&d=mm&r=g\",\"url\":\"https:\/\/secure.gravatar.com\/avatar\/eca268467d925ec97d20641bb054fd944c0abb2f92854171620706bbe6474e7c?s=96&d=mm&r=g\",\"contentUrl\":\"https:\/\/secure.gravatar.com\/avatar\/eca268467d925ec97d20641bb054fd944c0abb2f92854171620706bbe6474e7c?s=96&d=mm&r=g\",\"caption\":\"lifefm\"}}]}<\/script>\n<!-- \/ Yoast SEO plugin. -->","yoast_head_json":{"title":"Tudo ao mesmo tempo na Prov\u00edncia do faz de conta... - S\u00e9rgio Barbosa - Opini\u00e3o - R\u00e1dio Life FM","robots":{"index":"index","follow":"follow","max-snippet":"max-snippet:-1","max-image-preview":"max-image-preview:large","max-video-preview":"max-video-preview:-1"},"canonical":"https:\/\/radiolifefm.com.br\/noticias\/tudo-ao-mesmo-tempo-na-provincia-do-faz-de-conta-sergio-barbosa-opiniao\/","og_locale":"pt_BR","og_type":"article","og_title":"Tudo ao mesmo tempo na Prov\u00edncia do faz de conta... - S\u00e9rgio Barbosa - Opini\u00e3o - R\u00e1dio Life FM","og_description":"Tudo ao mesmo tempo na Prov\u00edncia do faz de conta&#8230; \u201cO desejo de conquistar \u00e9 realmente muito natural e comum; e, sempre que os homens conseguem satisfaz\u00ea-lo, s\u00e3o louvados, nunca censurados; mas, quando n\u00e3o conseguem e querem satisfaz\u00ea-lo de qualquer modo, \u00e9 que est\u00e3o em erro, e s\u00e3o merecedores de censura.\u201d (Maquiavel). S\u00e9rgio Barbosa (*) [&hellip;]","og_url":"https:\/\/radiolifefm.com.br\/noticias\/tudo-ao-mesmo-tempo-na-provincia-do-faz-de-conta-sergio-barbosa-opiniao\/","og_site_name":"R\u00e1dio Life FM","article_publisher":"https:\/\/www.facebook.com\/radiolifefm\/","article_published_time":"2020-06-22T11:53:32+00:00","article_modified_time":"2026-04-18T14:02:21+00:00","og_image":[{"width":2560,"height":1920,"url":"https:\/\/radiolifefm.com.br\/noticias\/wp-content\/uploads\/2020\/06\/Sebar-5-scaled.jpg","type":"image\/jpeg"}],"author":"lifefm","twitter_card":"summary_large_image","twitter_misc":{"Escrito por":"lifefm","Est. tempo de leitura":"2 minutos"},"schema":{"@context":"https:\/\/schema.org","@graph":[{"@type":"Article","@id":"https:\/\/radiolifefm.com.br\/noticias\/tudo-ao-mesmo-tempo-na-provincia-do-faz-de-conta-sergio-barbosa-opiniao\/#article","isPartOf":{"@id":"https:\/\/radiolifefm.com.br\/noticias\/tudo-ao-mesmo-tempo-na-provincia-do-faz-de-conta-sergio-barbosa-opiniao\/"},"author":{"name":"lifefm","@id":"https:\/\/radiolifefm.com.br\/noticias\/#\/schema\/person\/1d4e4b1301322090c6221bf1c8420490"},"headline":"Tudo ao mesmo tempo na Prov\u00edncia do faz de conta&#8230; &#8211; S\u00e9rgio Barbosa &#8211; Opini\u00e3o","datePublished":"2020-06-22T11:53:32+00:00","dateModified":"2026-04-18T14:02:21+00:00","mainEntityOfPage":{"@id":"https:\/\/radiolifefm.com.br\/noticias\/tudo-ao-mesmo-tempo-na-provincia-do-faz-de-conta-sergio-barbosa-opiniao\/"},"wordCount":490,"publisher":{"@id":"https:\/\/radiolifefm.com.br\/noticias\/#organization"},"image":{"@id":"https:\/\/radiolifefm.com.br\/noticias\/tudo-ao-mesmo-tempo-na-provincia-do-faz-de-conta-sergio-barbosa-opiniao\/#primaryimage"},"thumbnailUrl":"https:\/\/radiolifefm.com.br\/noticias\/wp-content\/uploads\/2020\/06\/Sebar-5-scaled.jpg","articleSection":["Opini\u00e3o"],"inLanguage":"pt-BR"},{"@type":"WebPage","@id":"https:\/\/radiolifefm.com.br\/noticias\/tudo-ao-mesmo-tempo-na-provincia-do-faz-de-conta-sergio-barbosa-opiniao\/","url":"https:\/\/radiolifefm.com.br\/noticias\/tudo-ao-mesmo-tempo-na-provincia-do-faz-de-conta-sergio-barbosa-opiniao\/","name":"Tudo ao mesmo tempo na Prov\u00edncia do faz de conta... - S\u00e9rgio Barbosa - Opini\u00e3o - R\u00e1dio Life FM","isPartOf":{"@id":"https:\/\/radiolifefm.com.br\/noticias\/#website"},"primaryImageOfPage":{"@id":"https:\/\/radiolifefm.com.br\/noticias\/tudo-ao-mesmo-tempo-na-provincia-do-faz-de-conta-sergio-barbosa-opiniao\/#primaryimage"},"image":{"@id":"https:\/\/radiolifefm.com.br\/noticias\/tudo-ao-mesmo-tempo-na-provincia-do-faz-de-conta-sergio-barbosa-opiniao\/#primaryimage"},"thumbnailUrl":"https:\/\/radiolifefm.com.br\/noticias\/wp-content\/uploads\/2020\/06\/Sebar-5-scaled.jpg","datePublished":"2020-06-22T11:53:32+00:00","dateModified":"2026-04-18T14:02:21+00:00","breadcrumb":{"@id":"https:\/\/radiolifefm.com.br\/noticias\/tudo-ao-mesmo-tempo-na-provincia-do-faz-de-conta-sergio-barbosa-opiniao\/#breadcrumb"},"inLanguage":"pt-BR","potentialAction":[{"@type":"ReadAction","target":["https:\/\/radiolifefm.com.br\/noticias\/tudo-ao-mesmo-tempo-na-provincia-do-faz-de-conta-sergio-barbosa-opiniao\/"]}]},{"@type":"ImageObject","inLanguage":"pt-BR","@id":"https:\/\/radiolifefm.com.br\/noticias\/tudo-ao-mesmo-tempo-na-provincia-do-faz-de-conta-sergio-barbosa-opiniao\/#primaryimage","url":"https:\/\/radiolifefm.com.br\/noticias\/wp-content\/uploads\/2020\/06\/Sebar-5-scaled.jpg","contentUrl":"https:\/\/radiolifefm.com.br\/noticias\/wp-content\/uploads\/2020\/06\/Sebar-5-scaled.jpg","width":2560,"height":1920},{"@type":"BreadcrumbList","@id":"https:\/\/radiolifefm.com.br\/noticias\/tudo-ao-mesmo-tempo-na-provincia-do-faz-de-conta-sergio-barbosa-opiniao\/#breadcrumb","itemListElement":[{"@type":"ListItem","position":1,"name":"In\u00edcio","item":"https:\/\/radiolifefm.com.br\/noticias\/"},{"@type":"ListItem","position":2,"name":"Tudo ao mesmo tempo na Prov\u00edncia do faz de conta&#8230; &#8211; S\u00e9rgio Barbosa &#8211; Opini\u00e3o"}]},{"@type":"WebSite","@id":"https:\/\/radiolifefm.com.br\/noticias\/#website","url":"https:\/\/radiolifefm.com.br\/noticias\/","name":"R\u00e1dio Life FM","description":"O Portal de Not\u00edcias de Adamantina","publisher":{"@id":"https:\/\/radiolifefm.com.br\/noticias\/#organization"},"alternateName":"Life FM","potentialAction":[{"@type":"SearchAction","target":{"@type":"EntryPoint","urlTemplate":"https:\/\/radiolifefm.com.br\/noticias\/?s={search_term_string}"},"query-input":{"@type":"PropertyValueSpecification","valueRequired":true,"valueName":"search_term_string"}}],"inLanguage":"pt-BR"},{"@type":"Organization","@id":"https:\/\/radiolifefm.com.br\/noticias\/#organization","name":"R\u00e1dio Life FM","alternateName":"Life FM","url":"https:\/\/radiolifefm.com.br\/noticias\/","logo":{"@type":"ImageObject","inLanguage":"pt-BR","@id":"https:\/\/radiolifefm.com.br\/noticias\/#\/schema\/logo\/image\/","url":"https:\/\/static.radiolifefm.com.br\/noticias\/wp-content\/uploads\/2019\/10\/logo-lifefm.png","contentUrl":"https:\/\/static.radiolifefm.com.br\/noticias\/wp-content\/uploads\/2019\/10\/logo-lifefm.png","width":196,"height":47,"caption":"R\u00e1dio Life FM"},"image":{"@id":"https:\/\/radiolifefm.com.br\/noticias\/#\/schema\/logo\/image\/"},"sameAs":["https:\/\/www.facebook.com\/radiolifefm\/","https:\/\/www.instagram.com\/life1079fm\/"]},{"@type":"Person","@id":"https:\/\/radiolifefm.com.br\/noticias\/#\/schema\/person\/1d4e4b1301322090c6221bf1c8420490","name":"lifefm","image":{"@type":"ImageObject","inLanguage":"pt-BR","@id":"https:\/\/secure.gravatar.com\/avatar\/eca268467d925ec97d20641bb054fd944c0abb2f92854171620706bbe6474e7c?s=96&d=mm&r=g","url":"https:\/\/secure.gravatar.com\/avatar\/eca268467d925ec97d20641bb054fd944c0abb2f92854171620706bbe6474e7c?s=96&d=mm&r=g","contentUrl":"https:\/\/secure.gravatar.com\/avatar\/eca268467d925ec97d20641bb054fd944c0abb2f92854171620706bbe6474e7c?s=96&d=mm&r=g","caption":"lifefm"}}]}},"amp_enabled":true,"_links":{"self":[{"href":"https:\/\/radiolifefm.com.br\/noticias\/wp-json\/wp\/v2\/posts\/23979","targetHints":{"allow":["GET"]}}],"collection":[{"href":"https:\/\/radiolifefm.com.br\/noticias\/wp-json\/wp\/v2\/posts"}],"about":[{"href":"https:\/\/radiolifefm.com.br\/noticias\/wp-json\/wp\/v2\/types\/post"}],"author":[{"embeddable":true,"href":"https:\/\/radiolifefm.com.br\/noticias\/wp-json\/wp\/v2\/users\/3"}],"replies":[{"embeddable":true,"href":"https:\/\/radiolifefm.com.br\/noticias\/wp-json\/wp\/v2\/comments?post=23979"}],"version-history":[{"count":1,"href":"https:\/\/radiolifefm.com.br\/noticias\/wp-json\/wp\/v2\/posts\/23979\/revisions"}],"predecessor-version":[{"id":23983,"href":"https:\/\/radiolifefm.com.br\/noticias\/wp-json\/wp\/v2\/posts\/23979\/revisions\/23983"}],"wp:featuredmedia":[{"embeddable":true,"href":"https:\/\/radiolifefm.com.br\/noticias\/wp-json\/wp\/v2\/media\/23980"}],"wp:attachment":[{"href":"https:\/\/radiolifefm.com.br\/noticias\/wp-json\/wp\/v2\/media?parent=23979"}],"wp:term":[{"taxonomy":"category","embeddable":true,"href":"https:\/\/radiolifefm.com.br\/noticias\/wp-json\/wp\/v2\/categories?post=23979"},{"taxonomy":"post_tag","embeddable":true,"href":"https:\/\/radiolifefm.com.br\/noticias\/wp-json\/wp\/v2\/tags?post=23979"}],"curies":[{"name":"wp","href":"https:\/\/api.w.org\/{rel}","templated":true}]}}