{"id":23970,"date":"2020-06-19T13:41:59","date_gmt":"2020-06-19T16:41:59","guid":{"rendered":"https:\/\/radiolifefm.com.br\/noticias\/?p=23970"},"modified":"2026-05-01T15:22:07","modified_gmt":"2026-05-01T18:22:07","slug":"estado-rebaixa-mais-12-municipios-da-regiao-de-presidente-prudente-para-a-fase-vermelha-da-flexibilizacao-da-quarentena","status":"publish","type":"post","link":"https:\/\/radiolifefm.com.br\/noticias\/estado-rebaixa-mais-12-municipios-da-regiao-de-presidente-prudente-para-a-fase-vermelha-da-flexibilizacao-da-quarentena\/","title":{"rendered":"Com\u00e9rcio de Adamantina e regi\u00e3o voltam a fechar as portas"},"content":{"rendered":"<div id=\"fb-root\"><\/div>\n<p>&nbsp;<\/p>\n<p>&nbsp;<\/p>\n<h2 class=\"content-head__subtitle\">Medida atinge diretamente Adamantina, Fl\u00f3rida Paulista, In\u00fabia Paulista, Luc\u00e9lia, Mari\u00e1polis, Osvaldo Cruz, Pacaembu, Parapu\u00e3, Pracinha, Rin\u00f3polis, Sagres e Salmour\u00e3o.<\/h2>\n<p>&nbsp;<\/p>\n<div class=\"mc-column content-text active-extra-styles \" data-block-type=\"unstyled\" data-block-weight=\"36\" data-block-id=\"2\">\n<p class=\"content-text__container \" data-track-category=\"Link no Texto\" data-track-links=\"\">O governo do Estado de S\u00e3o Paulo anunciou na tarde desta sexta-feira (19) o retrocesso dos munic\u00edpios vinculados ao Departamento Regional de Sa\u00fade (DRS) de Mar\u00edlia para a fase vermelha do plano de flexibiliza\u00e7\u00e3o da quarentena.<\/p>\n<p data-track-category=\"Link no Texto\" data-track-links=\"\">\n<\/div>\n<div class=\"wall protected-content\">\n<div class=\"mc-column content-text active-extra-styles \" data-block-type=\"unstyled\" data-block-weight=\"27\" data-block-id=\"3\">\n<p class=\"content-text__container \" data-track-category=\"Link no Texto\" data-track-links=\"\">A medida afeta diretamente 12 cidades da Nova Alta Paulista que integram a regi\u00e3o de Presidente Prudente e que, at\u00e9 ent\u00e3o, estavam na etapa laranja. S\u00e3o elas:<\/p>\n<\/div>\n<div class=\"mc-column content-text active-extra-styles\" data-block-type=\"raw\" data-block-weight=\"15\" data-block-id=\"4\">\n<ul class=\"content-unordered-list\">\n<li>Adamantina<\/li>\n<li>Fl\u00f3rida Paulista<\/li>\n<li>In\u00fabia Paulista<\/li>\n<li>Luc\u00e9lia<\/li>\n<li>Mari\u00e1polis<\/li>\n<li>Osvaldo cruz<\/li>\n<li>Pacaembu<\/li>\n<li>Parapu\u00e3<\/li>\n<li>Pracinha<\/li>\n<li>Rin\u00f3polis<\/li>\n<li>Sagres<\/li>\n<li>Salmour\u00e3o<\/li>\n<\/ul>\n<\/div>\n<div class=\"mc-column content-text active-extra-styles \" data-block-type=\"unstyled\" data-block-weight=\"13\" data-block-id=\"5\">\n<p class=\"content-text__container \" data-track-category=\"Link no Texto\" data-track-links=\"\">Com o rebaixamento, apenas os servi\u00e7os considerados essenciais poder\u00e3o funcionar na segunda-feira (22).<\/p>\n<\/div>\n<div class=\"mc-column content-text active-extra-styles \" data-block-type=\"unstyled\" data-block-weight=\"38\" data-block-id=\"6\">\n<p class=\"content-text__container \" data-track-category=\"Link no Texto\" data-track-links=\"\">Entre os indicadores que justificaram a mudan\u00e7a de fase do plano de reabertura econ\u00f4mica, est\u00e3o a taxa de ocupa\u00e7\u00e3o dos leitos de Unidade de Terapia Intensiva (UTI) e o aumento do n\u00famero dos casos de contamina\u00e7\u00e3o pela Covid-19.<\/p>\n<\/div>\n<div class=\"mc-column content-text active-extra-styles \" data-block-type=\"unstyled\" data-block-weight=\"14\" data-block-id=\"7\">\n<p class=\"content-text__container \" data-track-category=\"Link no Texto\" data-track-links=\"\">Os com\u00e9rcios de rua e shoppings dever\u00e3o fechar a partir da pr\u00f3xima segunda-feira (22).<\/p>\n<\/div>\n<div class=\"mc-column content-text active-extra-styles \" data-block-type=\"unstyled\" data-block-weight=\"16\" data-block-id=\"8\">\n<p class=\"content-text__container \" data-track-category=\"Link no Texto\" data-track-links=\"\">Tamb\u00e9m nesta sexta-feira (19) foi rebaixada para a fase vermelha a regi\u00e3o do Vale do Ribeira.<\/p>\n<\/div>\n<div class=\"mc-column content-text active-extra-styles \" data-block-type=\"unstyled\" data-block-weight=\"31\" data-block-id=\"9\">\n<p class=\"content-text__container \" data-track-category=\"Link no Texto\" data-track-links=\"\">Com isso, al\u00e9m das regi\u00f5es de Mar\u00edlia e do Vale do Ribeira, o Estado passa a ter na fase vermelha as \u00e1reas sob influ\u00eancia de Barretos, Presidente Prudente e Ribeir\u00e3o Preto.<\/p>\n<\/div>\n<div class=\"mc-column content-text active-extra-styles \" data-block-type=\"unstyled\" data-block-weight=\"21\" data-block-id=\"10\">\n<p class=\"content-text__container \" data-track-category=\"Link no Texto\" data-track-links=\"\">Os 44 munic\u00edpios vinculados ao DRS com sede em Presidente Prudente\u00a0j\u00e1 est\u00e3o na fase vermelha desde a \u00faltima segunda-feira (15).<\/p>\n<p data-track-category=\"Link no Texto\" data-track-links=\"\">\n<\/div>\n<div class=\"mc-column content-text active-extra-styles \" data-block-type=\"unstyled\" data-block-weight=\"37\" data-block-id=\"12\">\n<p class=\"content-text__container \" data-track-category=\"Link no Texto\" data-track-links=\"\">Os crit\u00e9rios de classifica\u00e7\u00e3o das cidades por regi\u00f5es e fases de cores levaram em conta a rela\u00e7\u00e3o do n\u00famero de leitos hospitalares, principalmente os de Unidades de Terapia Intensiva, com o n\u00famero de pessoas infectadas pela Covid-19.<\/p>\n<p data-track-category=\"Link no Texto\" data-track-links=\"\">\n<\/div>\n<div class=\"mc-column content-text active-extra-styles\" data-block-type=\"raw\" data-block-weight=\"60\" data-block-id=\"13\">\n<ul class=\"content-unordered-list\">\n<li>Na\u00a0<strong>fase vermelha<\/strong>, n\u00e3o ser\u00e1 permitida a abertura do com\u00e9rcio.<\/li>\n<li>Na\u00a0<strong>fase laranja<\/strong>, ser\u00e1 permitida a abertura do com\u00e9rcio com restri\u00e7\u00e3o.<\/li>\n<li>Na\u00a0<strong>fase amarela<\/strong>, ser\u00e1 permitida a abertura do com\u00e9rcio, mas com algumas restri\u00e7\u00f5es.<\/li>\n<li>Na\u00a0<strong>fase verde<\/strong>, ser\u00e1 permitida a abertura do com\u00e9rcio, ainda com algumas restri\u00e7\u00f5es.<\/li>\n<li>E\u00a0<strong>na fase azul<\/strong>, ser\u00e1 permitida a abertura total do com\u00e9rcio, sem restri\u00e7\u00f5es.<\/li>\n<\/ul>\n<\/div>\n<div class=\"mc-column content-text active-extra-styles \" data-block-type=\"unstyled\" data-block-weight=\"49\" data-block-id=\"14\">\n<p class=\"content-text__container \" data-track-category=\"Link no Texto\" data-track-links=\"\">A flexibiliza\u00e7\u00e3o da quarentena teve in\u00edcio no dia 1\u00ba de junho, com um plano adotado pelo governo do Estado de S\u00e3o Paulo, ap\u00f3s 69 dias de restri\u00e7\u00f5es ao funcionamento das atividades econ\u00f4micas como forma de incentivar o isolamento social e prevenir a propaga\u00e7\u00e3o do novo coronav\u00edrus, causador da Covid-19.<\/p>\n<\/div>\n<div class=\"mc-column content-text active-extra-styles \" data-block-type=\"unstyled\" data-block-weight=\"58\" data-block-id=\"15\">\n<p class=\"content-text__container \" data-track-category=\"Link no Texto\" data-track-links=\"\">Na fase vermelha, que \u00e9 a mais restritiva, s\u00f3 podem funcionar as atividades comerciais consideradas essenciais, ou seja, que envolvem os servi\u00e7os de alimenta\u00e7\u00e3o, abastecimento, sa\u00fade, bancos, limpeza, seguran\u00e7a e comunica\u00e7\u00e3o social, entendimento adotado com base no decreto federal n\u00ba 10.282, de 20 de mar\u00e7o de 2020. O texto garante as atividades industriais e agr\u00edcolas necess\u00e1rias ao pa\u00eds.<\/p>\n<\/div>\n<div class=\"mc-column content-text active-extra-styles\" data-block-type=\"raw\" data-block-weight=\"19\" data-block-id=\"16\">\n<ul class=\"content-unordered-list\">\n<li>Regi\u00e3o de Presidente Prudente retrocede para a fase vermelha, que pro\u00edbe a abertura do com\u00e9rcio, na flexibiliza\u00e7\u00e3o da quarentena.<\/li>\n<\/ul>\n<\/div>\n<div class=\"mc-column content-text active-extra-styles\" data-block-type=\"raw\" data-block-weight=\"1\" data-block-id=\"17\">\n<div class=\"content-intertitle\">\n<h2><\/h2>\n<h2>Indicadores<\/h2>\n<p>&nbsp;<\/p>\n<\/div>\n<\/div>\n<div class=\"mc-column content-text active-extra-styles \" data-block-type=\"unstyled\" data-block-weight=\"65\" data-block-id=\"18\">\n<p class=\"content-text__container \" data-track-category=\"Link no Texto\" data-track-links=\"\">O Plano SP fixou cinco fases de retomada gradual e faseada das atividades sociais e econ\u00f4micas, com as 17 regi\u00f5es do Estado classificadas por cores. Da mais restritiva, a vermelha, com funcionamento permitido somente aos servi\u00e7os essenciais, \u00e0 azul, de abertura controlada, com todos os setores em funcionamento, mas mantendo medidas de distanciamento e higiene. Os crit\u00e9rios foram fixados pelo Comit\u00ea de Conting\u00eancia do Coronav\u00edrus.<\/p>\n<\/div>\n<div class=\"mc-column content-text active-extra-styles \" data-block-type=\"unstyled\" data-block-weight=\"46\" data-block-id=\"19\">\n<p class=\"content-text__container \" data-track-category=\"Link no Texto\" data-track-links=\"\">A cor de cada uma das regi\u00f5es foi estabelecida segundo crit\u00e9rios como capacidade do sistema de sa\u00fade, taxa de ocupa\u00e7\u00e3o de leitos, evolu\u00e7\u00e3o da epidemia, n\u00famero de casos etc.. A flexibiliza\u00e7\u00e3o ser\u00e1 posta em pr\u00e1tica nos munic\u00edpios que tiverem redu\u00e7\u00e3o de casos e disponibilidade de leitos.<\/p>\n<\/div>\n<div class=\"mc-column content-text active-extra-styles \" data-block-type=\"unstyled\" data-block-weight=\"41\" data-block-id=\"21\">\n<p class=\"content-text__container \" data-track-category=\"Link no Texto\" data-track-links=\"\">As normas do Estado autorizam os prefeitos a conduzir e fiscalizar a flexibiliza\u00e7\u00e3o de setores segundo as caracter\u00edsticas locais. Os pr\u00e9-requisitos para a retomada s\u00e3o ades\u00e3o aos protocolos estaduais de testagem e apresenta\u00e7\u00e3o de fundamenta\u00e7\u00e3o cient\u00edfica para libera\u00e7\u00e3o das atividades autorizadas.<\/p>\n<\/div>\n<div class=\"mc-column content-text active-extra-styles \" data-block-type=\"unstyled\" data-block-weight=\"38\" data-block-id=\"22\">\n<p class=\"content-text__container \" data-track-category=\"Link no Texto\" data-track-links=\"\">Estes indicadores ser\u00e3o avaliados a fim de estabelecer a fase em que se encontra cada regi\u00e3o do Estado. A cada 15 dias, uma regi\u00e3o poder\u00e1 se mover para fases menos restritivas, mas poder\u00e1 regredir, conforme os indicadores recuem.<\/p>\n<\/div>\n<\/div>\n<p data-track-category=\"Link no Texto\" data-track-links=\"\">Fonte: G1 Presidente Prudente<\/p>\n","protected":false},"excerpt":{"rendered":"<p>&nbsp; &nbsp; Medida atinge diretamente Adamantina, Fl\u00f3rida Paulista, In\u00fabia Paulista, Luc\u00e9lia, Mari\u00e1polis, Osvaldo Cruz, Pacaembu, Parapu\u00e3, Pracinha, Rin\u00f3polis, Sagres e Salmour\u00e3o. &nbsp; O governo do Estado de S\u00e3o Paulo anunciou na tarde desta sexta-feira (19) o retrocesso dos munic\u00edpios vinculados ao Departamento Regional de Sa\u00fade (DRS) de Mar\u00edlia para a fase vermelha do plano de [&hellip;]<\/p>\n","protected":false},"author":12,"featured_media":23971,"comment_status":"open","ping_status":"open","sticky":false,"template":"","format":"standard","meta":{"_acf_changed":false,"_exactmetrics_skip_tracking":false,"_exactmetrics_sitenote_active":false,"_exactmetrics_sitenote_note":"","_exactmetrics_sitenote_category":0,"footnotes":""},"categories":[24],"tags":[],"class_list":["post-23970","post","type-post","status-publish","format-standard","has-post-thumbnail","hentry","category-regiao"],"acf":[],"yoast_head":"<!-- This site is optimized with the Yoast SEO plugin v27.2 - https:\/\/yoast.com\/product\/yoast-seo-wordpress\/ -->\n<title>Com\u00e9rcio de Adamantina e regi\u00e3o voltam a fechar as portas - R\u00e1dio Life FM<\/title>\n<meta name=\"robots\" content=\"index, follow, max-snippet:-1, max-image-preview:large, max-video-preview:-1\" \/>\n<link rel=\"canonical\" href=\"https:\/\/radiolifefm.com.br\/noticias\/estado-rebaixa-mais-12-municipios-da-regiao-de-presidente-prudente-para-a-fase-vermelha-da-flexibilizacao-da-quarentena\/\" \/>\n<meta property=\"og:locale\" content=\"pt_BR\" \/>\n<meta property=\"og:type\" content=\"article\" \/>\n<meta property=\"og:title\" content=\"Com\u00e9rcio de Adamantina e regi\u00e3o voltam a fechar as portas - R\u00e1dio Life FM\" \/>\n<meta property=\"og:description\" content=\"&nbsp; &nbsp; Medida atinge diretamente Adamantina, Fl\u00f3rida Paulista, In\u00fabia Paulista, Luc\u00e9lia, Mari\u00e1polis, Osvaldo Cruz, Pacaembu, Parapu\u00e3, Pracinha, Rin\u00f3polis, Sagres e Salmour\u00e3o. &nbsp; O governo do Estado de S\u00e3o Paulo anunciou na tarde desta sexta-feira (19) o retrocesso dos munic\u00edpios vinculados ao Departamento Regional de Sa\u00fade (DRS) de Mar\u00edlia para a fase vermelha do plano de [&hellip;]\" \/>\n<meta property=\"og:url\" content=\"https:\/\/radiolifefm.com.br\/noticias\/estado-rebaixa-mais-12-municipios-da-regiao-de-presidente-prudente-para-a-fase-vermelha-da-flexibilizacao-da-quarentena\/\" \/>\n<meta property=\"og:site_name\" content=\"R\u00e1dio Life FM\" \/>\n<meta property=\"article:publisher\" content=\"https:\/\/www.facebook.com\/radiolifefm\/\" \/>\n<meta property=\"article:published_time\" content=\"2020-06-19T16:41:59+00:00\" \/>\n<meta property=\"article:modified_time\" content=\"2026-05-01T18:22:07+00:00\" \/>\n<meta property=\"og:image\" content=\"https:\/\/radiolifefm.com.br\/noticias\/wp-content\/uploads\/2020\/06\/sp-covid.jpeg\" \/>\n\t<meta property=\"og:image:width\" content=\"1000\" \/>\n\t<meta property=\"og:image:height\" content=\"524\" \/>\n\t<meta property=\"og:image:type\" content=\"image\/jpeg\" \/>\n<meta name=\"author\" content=\"mayraferrari\" \/>\n<meta name=\"twitter:card\" content=\"summary_large_image\" \/>\n<meta name=\"twitter:label1\" content=\"Escrito por\" \/>\n\t<meta name=\"twitter:data1\" content=\"mayraferrari\" \/>\n\t<meta name=\"twitter:label2\" content=\"Est. tempo de leitura\" \/>\n\t<meta name=\"twitter:data2\" content=\"4 minutos\" \/>\n<script type=\"application\/ld+json\" class=\"yoast-schema-graph\">{\"@context\":\"https:\/\/schema.org\",\"@graph\":[{\"@type\":\"Article\",\"@id\":\"https:\/\/radiolifefm.com.br\/noticias\/estado-rebaixa-mais-12-municipios-da-regiao-de-presidente-prudente-para-a-fase-vermelha-da-flexibilizacao-da-quarentena\/#article\",\"isPartOf\":{\"@id\":\"https:\/\/radiolifefm.com.br\/noticias\/estado-rebaixa-mais-12-municipios-da-regiao-de-presidente-prudente-para-a-fase-vermelha-da-flexibilizacao-da-quarentena\/\"},\"author\":{\"name\":\"mayraferrari\",\"@id\":\"https:\/\/radiolifefm.com.br\/noticias\/#\/schema\/person\/d37940c51f50a0c5db4e065bb527a35d\"},\"headline\":\"Com\u00e9rcio de Adamantina e regi\u00e3o voltam a fechar as portas\",\"datePublished\":\"2020-06-19T16:41:59+00:00\",\"dateModified\":\"2026-05-01T18:22:07+00:00\",\"mainEntityOfPage\":{\"@id\":\"https:\/\/radiolifefm.com.br\/noticias\/estado-rebaixa-mais-12-municipios-da-regiao-de-presidente-prudente-para-a-fase-vermelha-da-flexibilizacao-da-quarentena\/\"},\"wordCount\":753,\"commentCount\":0,\"publisher\":{\"@id\":\"https:\/\/radiolifefm.com.br\/noticias\/#organization\"},\"image\":{\"@id\":\"https:\/\/radiolifefm.com.br\/noticias\/estado-rebaixa-mais-12-municipios-da-regiao-de-presidente-prudente-para-a-fase-vermelha-da-flexibilizacao-da-quarentena\/#primaryimage\"},\"thumbnailUrl\":\"https:\/\/radiolifefm.com.br\/noticias\/wp-content\/uploads\/2020\/06\/sp-covid.jpeg\",\"articleSection\":[\"Regi\u00e3o\"],\"inLanguage\":\"pt-BR\",\"potentialAction\":[{\"@type\":\"CommentAction\",\"name\":\"Comment\",\"target\":[\"https:\/\/radiolifefm.com.br\/noticias\/estado-rebaixa-mais-12-municipios-da-regiao-de-presidente-prudente-para-a-fase-vermelha-da-flexibilizacao-da-quarentena\/#respond\"]}]},{\"@type\":\"WebPage\",\"@id\":\"https:\/\/radiolifefm.com.br\/noticias\/estado-rebaixa-mais-12-municipios-da-regiao-de-presidente-prudente-para-a-fase-vermelha-da-flexibilizacao-da-quarentena\/\",\"url\":\"https:\/\/radiolifefm.com.br\/noticias\/estado-rebaixa-mais-12-municipios-da-regiao-de-presidente-prudente-para-a-fase-vermelha-da-flexibilizacao-da-quarentena\/\",\"name\":\"Com\u00e9rcio de Adamantina e regi\u00e3o voltam a fechar as portas - R\u00e1dio Life FM\",\"isPartOf\":{\"@id\":\"https:\/\/radiolifefm.com.br\/noticias\/#website\"},\"primaryImageOfPage\":{\"@id\":\"https:\/\/radiolifefm.com.br\/noticias\/estado-rebaixa-mais-12-municipios-da-regiao-de-presidente-prudente-para-a-fase-vermelha-da-flexibilizacao-da-quarentena\/#primaryimage\"},\"image\":{\"@id\":\"https:\/\/radiolifefm.com.br\/noticias\/estado-rebaixa-mais-12-municipios-da-regiao-de-presidente-prudente-para-a-fase-vermelha-da-flexibilizacao-da-quarentena\/#primaryimage\"},\"thumbnailUrl\":\"https:\/\/radiolifefm.com.br\/noticias\/wp-content\/uploads\/2020\/06\/sp-covid.jpeg\",\"datePublished\":\"2020-06-19T16:41:59+00:00\",\"dateModified\":\"2026-05-01T18:22:07+00:00\",\"breadcrumb\":{\"@id\":\"https:\/\/radiolifefm.com.br\/noticias\/estado-rebaixa-mais-12-municipios-da-regiao-de-presidente-prudente-para-a-fase-vermelha-da-flexibilizacao-da-quarentena\/#breadcrumb\"},\"inLanguage\":\"pt-BR\",\"potentialAction\":[{\"@type\":\"ReadAction\",\"target\":[\"https:\/\/radiolifefm.com.br\/noticias\/estado-rebaixa-mais-12-municipios-da-regiao-de-presidente-prudente-para-a-fase-vermelha-da-flexibilizacao-da-quarentena\/\"]}]},{\"@type\":\"ImageObject\",\"inLanguage\":\"pt-BR\",\"@id\":\"https:\/\/radiolifefm.com.br\/noticias\/estado-rebaixa-mais-12-municipios-da-regiao-de-presidente-prudente-para-a-fase-vermelha-da-flexibilizacao-da-quarentena\/#primaryimage\",\"url\":\"https:\/\/radiolifefm.com.br\/noticias\/wp-content\/uploads\/2020\/06\/sp-covid.jpeg\",\"contentUrl\":\"https:\/\/radiolifefm.com.br\/noticias\/wp-content\/uploads\/2020\/06\/sp-covid.jpeg\",\"width\":1000,\"height\":524,\"caption\":\"Departamento Regional de Sa\u00fade (DRS) de Mar\u00edlia passa para a fase vermelha do plano de flexibiliza\u00e7\u00e3o da quarentena \u2014 Foto: Reprodu\u00e7\u00e3o\"},{\"@type\":\"BreadcrumbList\",\"@id\":\"https:\/\/radiolifefm.com.br\/noticias\/estado-rebaixa-mais-12-municipios-da-regiao-de-presidente-prudente-para-a-fase-vermelha-da-flexibilizacao-da-quarentena\/#breadcrumb\",\"itemListElement\":[{\"@type\":\"ListItem\",\"position\":1,\"name\":\"In\u00edcio\",\"item\":\"https:\/\/radiolifefm.com.br\/noticias\/\"},{\"@type\":\"ListItem\",\"position\":2,\"name\":\"Com\u00e9rcio de Adamantina e regi\u00e3o voltam a fechar as portas\"}]},{\"@type\":\"WebSite\",\"@id\":\"https:\/\/radiolifefm.com.br\/noticias\/#website\",\"url\":\"https:\/\/radiolifefm.com.br\/noticias\/\",\"name\":\"R\u00e1dio Life FM\",\"description\":\"O Portal de Not\u00edcias de Adamantina\",\"publisher\":{\"@id\":\"https:\/\/radiolifefm.com.br\/noticias\/#organization\"},\"alternateName\":\"Life FM\",\"potentialAction\":[{\"@type\":\"SearchAction\",\"target\":{\"@type\":\"EntryPoint\",\"urlTemplate\":\"https:\/\/radiolifefm.com.br\/noticias\/?s={search_term_string}\"},\"query-input\":{\"@type\":\"PropertyValueSpecification\",\"valueRequired\":true,\"valueName\":\"search_term_string\"}}],\"inLanguage\":\"pt-BR\"},{\"@type\":\"Organization\",\"@id\":\"https:\/\/radiolifefm.com.br\/noticias\/#organization\",\"name\":\"R\u00e1dio Life FM\",\"alternateName\":\"Life FM\",\"url\":\"https:\/\/radiolifefm.com.br\/noticias\/\",\"logo\":{\"@type\":\"ImageObject\",\"inLanguage\":\"pt-BR\",\"@id\":\"https:\/\/radiolifefm.com.br\/noticias\/#\/schema\/logo\/image\/\",\"url\":\"https:\/\/static.radiolifefm.com.br\/noticias\/wp-content\/uploads\/2019\/10\/logo-lifefm.png\",\"contentUrl\":\"https:\/\/static.radiolifefm.com.br\/noticias\/wp-content\/uploads\/2019\/10\/logo-lifefm.png\",\"width\":196,\"height\":47,\"caption\":\"R\u00e1dio Life FM\"},\"image\":{\"@id\":\"https:\/\/radiolifefm.com.br\/noticias\/#\/schema\/logo\/image\/\"},\"sameAs\":[\"https:\/\/www.facebook.com\/radiolifefm\/\",\"https:\/\/www.instagram.com\/life1079fm\/\"]},{\"@type\":\"Person\",\"@id\":\"https:\/\/radiolifefm.com.br\/noticias\/#\/schema\/person\/d37940c51f50a0c5db4e065bb527a35d\",\"name\":\"mayraferrari\",\"image\":{\"@type\":\"ImageObject\",\"inLanguage\":\"pt-BR\",\"@id\":\"https:\/\/secure.gravatar.com\/avatar\/69374fafea2eae004e87f555bcb8bb6e24c5d501c2ffec6bbedf0a8f25427b93?s=96&d=mm&r=g\",\"url\":\"https:\/\/secure.gravatar.com\/avatar\/69374fafea2eae004e87f555bcb8bb6e24c5d501c2ffec6bbedf0a8f25427b93?s=96&d=mm&r=g\",\"contentUrl\":\"https:\/\/secure.gravatar.com\/avatar\/69374fafea2eae004e87f555bcb8bb6e24c5d501c2ffec6bbedf0a8f25427b93?s=96&d=mm&r=g\",\"caption\":\"mayraferrari\"}}]}<\/script>\n<!-- \/ Yoast SEO plugin. -->","yoast_head_json":{"title":"Com\u00e9rcio de Adamantina e regi\u00e3o voltam a fechar as portas - R\u00e1dio Life FM","robots":{"index":"index","follow":"follow","max-snippet":"max-snippet:-1","max-image-preview":"max-image-preview:large","max-video-preview":"max-video-preview:-1"},"canonical":"https:\/\/radiolifefm.com.br\/noticias\/estado-rebaixa-mais-12-municipios-da-regiao-de-presidente-prudente-para-a-fase-vermelha-da-flexibilizacao-da-quarentena\/","og_locale":"pt_BR","og_type":"article","og_title":"Com\u00e9rcio de Adamantina e regi\u00e3o voltam a fechar as portas - R\u00e1dio Life FM","og_description":"&nbsp; &nbsp; Medida atinge diretamente Adamantina, Fl\u00f3rida Paulista, In\u00fabia Paulista, Luc\u00e9lia, Mari\u00e1polis, Osvaldo Cruz, Pacaembu, Parapu\u00e3, Pracinha, Rin\u00f3polis, Sagres e Salmour\u00e3o. &nbsp; O governo do Estado de S\u00e3o Paulo anunciou na tarde desta sexta-feira (19) o retrocesso dos munic\u00edpios vinculados ao Departamento Regional de Sa\u00fade (DRS) de Mar\u00edlia para a fase vermelha do plano de [&hellip;]","og_url":"https:\/\/radiolifefm.com.br\/noticias\/estado-rebaixa-mais-12-municipios-da-regiao-de-presidente-prudente-para-a-fase-vermelha-da-flexibilizacao-da-quarentena\/","og_site_name":"R\u00e1dio Life FM","article_publisher":"https:\/\/www.facebook.com\/radiolifefm\/","article_published_time":"2020-06-19T16:41:59+00:00","article_modified_time":"2026-05-01T18:22:07+00:00","og_image":[{"width":1000,"height":524,"url":"https:\/\/radiolifefm.com.br\/noticias\/wp-content\/uploads\/2020\/06\/sp-covid.jpeg","type":"image\/jpeg"}],"author":"mayraferrari","twitter_card":"summary_large_image","twitter_misc":{"Escrito por":"mayraferrari","Est. tempo de leitura":"4 minutos"},"schema":{"@context":"https:\/\/schema.org","@graph":[{"@type":"Article","@id":"https:\/\/radiolifefm.com.br\/noticias\/estado-rebaixa-mais-12-municipios-da-regiao-de-presidente-prudente-para-a-fase-vermelha-da-flexibilizacao-da-quarentena\/#article","isPartOf":{"@id":"https:\/\/radiolifefm.com.br\/noticias\/estado-rebaixa-mais-12-municipios-da-regiao-de-presidente-prudente-para-a-fase-vermelha-da-flexibilizacao-da-quarentena\/"},"author":{"name":"mayraferrari","@id":"https:\/\/radiolifefm.com.br\/noticias\/#\/schema\/person\/d37940c51f50a0c5db4e065bb527a35d"},"headline":"Com\u00e9rcio de Adamantina e regi\u00e3o voltam a fechar as portas","datePublished":"2020-06-19T16:41:59+00:00","dateModified":"2026-05-01T18:22:07+00:00","mainEntityOfPage":{"@id":"https:\/\/radiolifefm.com.br\/noticias\/estado-rebaixa-mais-12-municipios-da-regiao-de-presidente-prudente-para-a-fase-vermelha-da-flexibilizacao-da-quarentena\/"},"wordCount":753,"commentCount":0,"publisher":{"@id":"https:\/\/radiolifefm.com.br\/noticias\/#organization"},"image":{"@id":"https:\/\/radiolifefm.com.br\/noticias\/estado-rebaixa-mais-12-municipios-da-regiao-de-presidente-prudente-para-a-fase-vermelha-da-flexibilizacao-da-quarentena\/#primaryimage"},"thumbnailUrl":"https:\/\/radiolifefm.com.br\/noticias\/wp-content\/uploads\/2020\/06\/sp-covid.jpeg","articleSection":["Regi\u00e3o"],"inLanguage":"pt-BR","potentialAction":[{"@type":"CommentAction","name":"Comment","target":["https:\/\/radiolifefm.com.br\/noticias\/estado-rebaixa-mais-12-municipios-da-regiao-de-presidente-prudente-para-a-fase-vermelha-da-flexibilizacao-da-quarentena\/#respond"]}]},{"@type":"WebPage","@id":"https:\/\/radiolifefm.com.br\/noticias\/estado-rebaixa-mais-12-municipios-da-regiao-de-presidente-prudente-para-a-fase-vermelha-da-flexibilizacao-da-quarentena\/","url":"https:\/\/radiolifefm.com.br\/noticias\/estado-rebaixa-mais-12-municipios-da-regiao-de-presidente-prudente-para-a-fase-vermelha-da-flexibilizacao-da-quarentena\/","name":"Com\u00e9rcio de Adamantina e regi\u00e3o voltam a fechar as portas - R\u00e1dio Life FM","isPartOf":{"@id":"https:\/\/radiolifefm.com.br\/noticias\/#website"},"primaryImageOfPage":{"@id":"https:\/\/radiolifefm.com.br\/noticias\/estado-rebaixa-mais-12-municipios-da-regiao-de-presidente-prudente-para-a-fase-vermelha-da-flexibilizacao-da-quarentena\/#primaryimage"},"image":{"@id":"https:\/\/radiolifefm.com.br\/noticias\/estado-rebaixa-mais-12-municipios-da-regiao-de-presidente-prudente-para-a-fase-vermelha-da-flexibilizacao-da-quarentena\/#primaryimage"},"thumbnailUrl":"https:\/\/radiolifefm.com.br\/noticias\/wp-content\/uploads\/2020\/06\/sp-covid.jpeg","datePublished":"2020-06-19T16:41:59+00:00","dateModified":"2026-05-01T18:22:07+00:00","breadcrumb":{"@id":"https:\/\/radiolifefm.com.br\/noticias\/estado-rebaixa-mais-12-municipios-da-regiao-de-presidente-prudente-para-a-fase-vermelha-da-flexibilizacao-da-quarentena\/#breadcrumb"},"inLanguage":"pt-BR","potentialAction":[{"@type":"ReadAction","target":["https:\/\/radiolifefm.com.br\/noticias\/estado-rebaixa-mais-12-municipios-da-regiao-de-presidente-prudente-para-a-fase-vermelha-da-flexibilizacao-da-quarentena\/"]}]},{"@type":"ImageObject","inLanguage":"pt-BR","@id":"https:\/\/radiolifefm.com.br\/noticias\/estado-rebaixa-mais-12-municipios-da-regiao-de-presidente-prudente-para-a-fase-vermelha-da-flexibilizacao-da-quarentena\/#primaryimage","url":"https:\/\/radiolifefm.com.br\/noticias\/wp-content\/uploads\/2020\/06\/sp-covid.jpeg","contentUrl":"https:\/\/radiolifefm.com.br\/noticias\/wp-content\/uploads\/2020\/06\/sp-covid.jpeg","width":1000,"height":524,"caption":"Departamento Regional de Sa\u00fade (DRS) de Mar\u00edlia passa para a fase vermelha do plano de flexibiliza\u00e7\u00e3o da quarentena \u2014 Foto: Reprodu\u00e7\u00e3o"},{"@type":"BreadcrumbList","@id":"https:\/\/radiolifefm.com.br\/noticias\/estado-rebaixa-mais-12-municipios-da-regiao-de-presidente-prudente-para-a-fase-vermelha-da-flexibilizacao-da-quarentena\/#breadcrumb","itemListElement":[{"@type":"ListItem","position":1,"name":"In\u00edcio","item":"https:\/\/radiolifefm.com.br\/noticias\/"},{"@type":"ListItem","position":2,"name":"Com\u00e9rcio de Adamantina e regi\u00e3o voltam a fechar as portas"}]},{"@type":"WebSite","@id":"https:\/\/radiolifefm.com.br\/noticias\/#website","url":"https:\/\/radiolifefm.com.br\/noticias\/","name":"R\u00e1dio Life FM","description":"O Portal de Not\u00edcias de Adamantina","publisher":{"@id":"https:\/\/radiolifefm.com.br\/noticias\/#organization"},"alternateName":"Life FM","potentialAction":[{"@type":"SearchAction","target":{"@type":"EntryPoint","urlTemplate":"https:\/\/radiolifefm.com.br\/noticias\/?s={search_term_string}"},"query-input":{"@type":"PropertyValueSpecification","valueRequired":true,"valueName":"search_term_string"}}],"inLanguage":"pt-BR"},{"@type":"Organization","@id":"https:\/\/radiolifefm.com.br\/noticias\/#organization","name":"R\u00e1dio Life FM","alternateName":"Life FM","url":"https:\/\/radiolifefm.com.br\/noticias\/","logo":{"@type":"ImageObject","inLanguage":"pt-BR","@id":"https:\/\/radiolifefm.com.br\/noticias\/#\/schema\/logo\/image\/","url":"https:\/\/static.radiolifefm.com.br\/noticias\/wp-content\/uploads\/2019\/10\/logo-lifefm.png","contentUrl":"https:\/\/static.radiolifefm.com.br\/noticias\/wp-content\/uploads\/2019\/10\/logo-lifefm.png","width":196,"height":47,"caption":"R\u00e1dio Life FM"},"image":{"@id":"https:\/\/radiolifefm.com.br\/noticias\/#\/schema\/logo\/image\/"},"sameAs":["https:\/\/www.facebook.com\/radiolifefm\/","https:\/\/www.instagram.com\/life1079fm\/"]},{"@type":"Person","@id":"https:\/\/radiolifefm.com.br\/noticias\/#\/schema\/person\/d37940c51f50a0c5db4e065bb527a35d","name":"mayraferrari","image":{"@type":"ImageObject","inLanguage":"pt-BR","@id":"https:\/\/secure.gravatar.com\/avatar\/69374fafea2eae004e87f555bcb8bb6e24c5d501c2ffec6bbedf0a8f25427b93?s=96&d=mm&r=g","url":"https:\/\/secure.gravatar.com\/avatar\/69374fafea2eae004e87f555bcb8bb6e24c5d501c2ffec6bbedf0a8f25427b93?s=96&d=mm&r=g","contentUrl":"https:\/\/secure.gravatar.com\/avatar\/69374fafea2eae004e87f555bcb8bb6e24c5d501c2ffec6bbedf0a8f25427b93?s=96&d=mm&r=g","caption":"mayraferrari"}}]}},"amp_enabled":true,"_links":{"self":[{"href":"https:\/\/radiolifefm.com.br\/noticias\/wp-json\/wp\/v2\/posts\/23970","targetHints":{"allow":["GET"]}}],"collection":[{"href":"https:\/\/radiolifefm.com.br\/noticias\/wp-json\/wp\/v2\/posts"}],"about":[{"href":"https:\/\/radiolifefm.com.br\/noticias\/wp-json\/wp\/v2\/types\/post"}],"author":[{"embeddable":true,"href":"https:\/\/radiolifefm.com.br\/noticias\/wp-json\/wp\/v2\/users\/12"}],"replies":[{"embeddable":true,"href":"https:\/\/radiolifefm.com.br\/noticias\/wp-json\/wp\/v2\/comments?post=23970"}],"version-history":[{"count":4,"href":"https:\/\/radiolifefm.com.br\/noticias\/wp-json\/wp\/v2\/posts\/23970\/revisions"}],"predecessor-version":[{"id":23975,"href":"https:\/\/radiolifefm.com.br\/noticias\/wp-json\/wp\/v2\/posts\/23970\/revisions\/23975"}],"wp:featuredmedia":[{"embeddable":true,"href":"https:\/\/radiolifefm.com.br\/noticias\/wp-json\/wp\/v2\/media\/23971"}],"wp:attachment":[{"href":"https:\/\/radiolifefm.com.br\/noticias\/wp-json\/wp\/v2\/media?parent=23970"}],"wp:term":[{"taxonomy":"category","embeddable":true,"href":"https:\/\/radiolifefm.com.br\/noticias\/wp-json\/wp\/v2\/categories?post=23970"},{"taxonomy":"post_tag","embeddable":true,"href":"https:\/\/radiolifefm.com.br\/noticias\/wp-json\/wp\/v2\/tags?post=23970"}],"curies":[{"name":"wp","href":"https:\/\/api.w.org\/{rel}","templated":true}]}}