{"id":23943,"date":"2020-06-18T09:48:38","date_gmt":"2020-06-18T12:48:38","guid":{"rendered":"https:\/\/radiolifefm.com.br\/noticias\/?p=23943"},"modified":"2026-05-01T15:15:49","modified_gmt":"2026-05-01T18:15:49","slug":"deputado-mauro-bragato-informa-que-governo-do-estado-de-sao-paulo-enviou-dez-respiradores-para-dracena-e-rancharia","status":"publish","type":"post","link":"https:\/\/radiolifefm.com.br\/noticias\/deputado-mauro-bragato-informa-que-governo-do-estado-de-sao-paulo-enviou-dez-respiradores-para-dracena-e-rancharia\/","title":{"rendered":"Deputado Mauro Bragato informa que Governo do Estado de S\u00e3o Paulo enviou dez respiradores para Dracena e Rancharia"},"content":{"rendered":"<div id=\"fb-root\"><\/div>\n<p>O deputado Mauro Bragato informa que o Governo de S\u00e3o Paulo enviou, nesta quarta-feira (17), cinco respiradores para a Santa Casa de Miseric\u00f3rdia de Dracena e cinco para Rancharia. Os novos equipamentos permitem a amplia\u00e7\u00e3o de UTIs (Unidades de Terapia Intensiva), para garantir atendimento a pacientes contaminados pelo coronav\u00edrus que est\u00e3o em estado grave.<\/p>\n<p>Bragato ainda busca junto ao Governo do Estado de S\u00e3o Paulo, a destina\u00e7\u00e3o dos respiradores para a Santa Casa de Adamantina e para o HR de Presidente Prudente.<\/p>\n<p>O parlamentar refor\u00e7ou o pedido ao vice-governador do Estado, Rodrigo Garcia, ao secret\u00e1rio estadual da Sa\u00fade, Jos\u00e9 Henrique Germann Ferreira e ao secret\u00e1rio estadual de Desenvolvimento Regional, Marco Vinholi.<\/p>\n<p>Bragato explica que esses hospitais s\u00e3o refer\u00eancia em atendimento de alta complexidade da regi\u00e3o. \u201cEssas institui\u00e7\u00f5es atendem n\u00e3o s\u00f3 os moradores de seus respectivos munic\u00edpios, como muitos pacientes que v\u00eam de outras cidades buscando atendimento m\u00e9dico.<\/p>\n<p>E esses aparelhos s\u00e3o fundamentais para que possamos ampliar os leitos de UTI e cuidar dos casos mais graves\u201d, justificou.<\/p>\n<p>&nbsp;<\/p>\n<p>Informa\u00e7\u00f5es &#8211; Assessoria de Imprensa<\/p>\n","protected":false},"excerpt":{"rendered":"<p>O deputado Mauro Bragato informa que o Governo de S\u00e3o Paulo enviou, nesta quarta-feira (17), cinco respiradores para a Santa Casa de Miseric\u00f3rdia de Dracena e cinco para Rancharia. Os novos equipamentos permitem a amplia\u00e7\u00e3o de UTIs (Unidades de Terapia Intensiva), para garantir atendimento a pacientes contaminados pelo coronav\u00edrus que est\u00e3o em estado grave. Bragato [&hellip;]<\/p>\n","protected":false},"author":3,"featured_media":23945,"comment_status":"closed","ping_status":"open","sticky":false,"template":"","format":"standard","meta":{"_acf_changed":false,"_exactmetrics_skip_tracking":false,"_exactmetrics_sitenote_active":false,"_exactmetrics_sitenote_note":"","_exactmetrics_sitenote_category":0,"footnotes":""},"categories":[24],"tags":[],"class_list":["post-23943","post","type-post","status-publish","format-standard","has-post-thumbnail","hentry","category-regiao"],"acf":[],"yoast_head":"<!-- This site is optimized with the Yoast SEO plugin v27.2 - https:\/\/yoast.com\/product\/yoast-seo-wordpress\/ -->\n<title>Deputado Mauro Bragato informa que Governo do Estado de S\u00e3o Paulo enviou dez respiradores para Dracena e Rancharia - R\u00e1dio Life FM<\/title>\n<meta name=\"robots\" content=\"index, follow, max-snippet:-1, max-image-preview:large, max-video-preview:-1\" \/>\n<link rel=\"canonical\" href=\"https:\/\/radiolifefm.com.br\/noticias\/deputado-mauro-bragato-informa-que-governo-do-estado-de-sao-paulo-enviou-dez-respiradores-para-dracena-e-rancharia\/\" \/>\n<meta property=\"og:locale\" content=\"pt_BR\" \/>\n<meta property=\"og:type\" content=\"article\" \/>\n<meta property=\"og:title\" content=\"Deputado Mauro Bragato informa que Governo do Estado de S\u00e3o Paulo enviou dez respiradores para Dracena e Rancharia - R\u00e1dio Life FM\" \/>\n<meta property=\"og:description\" content=\"O deputado Mauro Bragato informa que o Governo de S\u00e3o Paulo enviou, nesta quarta-feira (17), cinco respiradores para a Santa Casa de Miseric\u00f3rdia de Dracena e cinco para Rancharia. Os novos equipamentos permitem a amplia\u00e7\u00e3o de UTIs (Unidades de Terapia Intensiva), para garantir atendimento a pacientes contaminados pelo coronav\u00edrus que est\u00e3o em estado grave. Bragato [&hellip;]\" \/>\n<meta property=\"og:url\" content=\"https:\/\/radiolifefm.com.br\/noticias\/deputado-mauro-bragato-informa-que-governo-do-estado-de-sao-paulo-enviou-dez-respiradores-para-dracena-e-rancharia\/\" \/>\n<meta property=\"og:site_name\" content=\"R\u00e1dio Life FM\" \/>\n<meta property=\"article:publisher\" content=\"https:\/\/www.facebook.com\/radiolifefm\/\" \/>\n<meta property=\"article:published_time\" content=\"2020-06-18T12:48:38+00:00\" \/>\n<meta property=\"article:modified_time\" content=\"2026-05-01T18:15:49+00:00\" \/>\n<meta property=\"og:image\" content=\"https:\/\/radiolifefm.com.br\/noticias\/wp-content\/uploads\/2020\/06\/Mauro-Bragato-Foto-1_Cortada.jpg\" \/>\n\t<meta property=\"og:image:width\" content=\"1200\" \/>\n\t<meta property=\"og:image:height\" content=\"630\" \/>\n\t<meta property=\"og:image:type\" content=\"image\/jpeg\" \/>\n<meta name=\"author\" content=\"lifefm\" \/>\n<meta name=\"twitter:card\" content=\"summary_large_image\" \/>\n<meta name=\"twitter:label1\" content=\"Escrito por\" \/>\n\t<meta name=\"twitter:data1\" content=\"lifefm\" \/>\n\t<meta name=\"twitter:label2\" content=\"Est. tempo de leitura\" \/>\n\t<meta name=\"twitter:data2\" content=\"1 minuto\" \/>\n<script type=\"application\/ld+json\" class=\"yoast-schema-graph\">{\"@context\":\"https:\/\/schema.org\",\"@graph\":[{\"@type\":\"Article\",\"@id\":\"https:\/\/radiolifefm.com.br\/noticias\/deputado-mauro-bragato-informa-que-governo-do-estado-de-sao-paulo-enviou-dez-respiradores-para-dracena-e-rancharia\/#article\",\"isPartOf\":{\"@id\":\"https:\/\/radiolifefm.com.br\/noticias\/deputado-mauro-bragato-informa-que-governo-do-estado-de-sao-paulo-enviou-dez-respiradores-para-dracena-e-rancharia\/\"},\"author\":{\"name\":\"lifefm\",\"@id\":\"https:\/\/radiolifefm.com.br\/noticias\/#\/schema\/person\/1d4e4b1301322090c6221bf1c8420490\"},\"headline\":\"Deputado Mauro Bragato informa que Governo do Estado de S\u00e3o Paulo enviou dez respiradores para Dracena e Rancharia\",\"datePublished\":\"2020-06-18T12:48:38+00:00\",\"dateModified\":\"2026-05-01T18:15:49+00:00\",\"mainEntityOfPage\":{\"@id\":\"https:\/\/radiolifefm.com.br\/noticias\/deputado-mauro-bragato-informa-que-governo-do-estado-de-sao-paulo-enviou-dez-respiradores-para-dracena-e-rancharia\/\"},\"wordCount\":212,\"publisher\":{\"@id\":\"https:\/\/radiolifefm.com.br\/noticias\/#organization\"},\"image\":{\"@id\":\"https:\/\/radiolifefm.com.br\/noticias\/deputado-mauro-bragato-informa-que-governo-do-estado-de-sao-paulo-enviou-dez-respiradores-para-dracena-e-rancharia\/#primaryimage\"},\"thumbnailUrl\":\"https:\/\/radiolifefm.com.br\/noticias\/wp-content\/uploads\/2020\/06\/Mauro-Bragato-Foto-1_Cortada.jpg\",\"articleSection\":[\"Regi\u00e3o\"],\"inLanguage\":\"pt-BR\"},{\"@type\":\"WebPage\",\"@id\":\"https:\/\/radiolifefm.com.br\/noticias\/deputado-mauro-bragato-informa-que-governo-do-estado-de-sao-paulo-enviou-dez-respiradores-para-dracena-e-rancharia\/\",\"url\":\"https:\/\/radiolifefm.com.br\/noticias\/deputado-mauro-bragato-informa-que-governo-do-estado-de-sao-paulo-enviou-dez-respiradores-para-dracena-e-rancharia\/\",\"name\":\"Deputado Mauro Bragato informa que Governo do Estado de S\u00e3o Paulo enviou dez respiradores para Dracena e Rancharia - R\u00e1dio Life FM\",\"isPartOf\":{\"@id\":\"https:\/\/radiolifefm.com.br\/noticias\/#website\"},\"primaryImageOfPage\":{\"@id\":\"https:\/\/radiolifefm.com.br\/noticias\/deputado-mauro-bragato-informa-que-governo-do-estado-de-sao-paulo-enviou-dez-respiradores-para-dracena-e-rancharia\/#primaryimage\"},\"image\":{\"@id\":\"https:\/\/radiolifefm.com.br\/noticias\/deputado-mauro-bragato-informa-que-governo-do-estado-de-sao-paulo-enviou-dez-respiradores-para-dracena-e-rancharia\/#primaryimage\"},\"thumbnailUrl\":\"https:\/\/radiolifefm.com.br\/noticias\/wp-content\/uploads\/2020\/06\/Mauro-Bragato-Foto-1_Cortada.jpg\",\"datePublished\":\"2020-06-18T12:48:38+00:00\",\"dateModified\":\"2026-05-01T18:15:49+00:00\",\"breadcrumb\":{\"@id\":\"https:\/\/radiolifefm.com.br\/noticias\/deputado-mauro-bragato-informa-que-governo-do-estado-de-sao-paulo-enviou-dez-respiradores-para-dracena-e-rancharia\/#breadcrumb\"},\"inLanguage\":\"pt-BR\",\"potentialAction\":[{\"@type\":\"ReadAction\",\"target\":[\"https:\/\/radiolifefm.com.br\/noticias\/deputado-mauro-bragato-informa-que-governo-do-estado-de-sao-paulo-enviou-dez-respiradores-para-dracena-e-rancharia\/\"]}]},{\"@type\":\"ImageObject\",\"inLanguage\":\"pt-BR\",\"@id\":\"https:\/\/radiolifefm.com.br\/noticias\/deputado-mauro-bragato-informa-que-governo-do-estado-de-sao-paulo-enviou-dez-respiradores-para-dracena-e-rancharia\/#primaryimage\",\"url\":\"https:\/\/radiolifefm.com.br\/noticias\/wp-content\/uploads\/2020\/06\/Mauro-Bragato-Foto-1_Cortada.jpg\",\"contentUrl\":\"https:\/\/radiolifefm.com.br\/noticias\/wp-content\/uploads\/2020\/06\/Mauro-Bragato-Foto-1_Cortada.jpg\",\"width\":1200,\"height\":630},{\"@type\":\"BreadcrumbList\",\"@id\":\"https:\/\/radiolifefm.com.br\/noticias\/deputado-mauro-bragato-informa-que-governo-do-estado-de-sao-paulo-enviou-dez-respiradores-para-dracena-e-rancharia\/#breadcrumb\",\"itemListElement\":[{\"@type\":\"ListItem\",\"position\":1,\"name\":\"In\u00edcio\",\"item\":\"https:\/\/radiolifefm.com.br\/noticias\/\"},{\"@type\":\"ListItem\",\"position\":2,\"name\":\"Deputado Mauro Bragato informa que Governo do Estado de S\u00e3o Paulo enviou dez respiradores para Dracena e Rancharia\"}]},{\"@type\":\"WebSite\",\"@id\":\"https:\/\/radiolifefm.com.br\/noticias\/#website\",\"url\":\"https:\/\/radiolifefm.com.br\/noticias\/\",\"name\":\"R\u00e1dio Life FM\",\"description\":\"O Portal de Not\u00edcias de Adamantina\",\"publisher\":{\"@id\":\"https:\/\/radiolifefm.com.br\/noticias\/#organization\"},\"alternateName\":\"Life FM\",\"potentialAction\":[{\"@type\":\"SearchAction\",\"target\":{\"@type\":\"EntryPoint\",\"urlTemplate\":\"https:\/\/radiolifefm.com.br\/noticias\/?s={search_term_string}\"},\"query-input\":{\"@type\":\"PropertyValueSpecification\",\"valueRequired\":true,\"valueName\":\"search_term_string\"}}],\"inLanguage\":\"pt-BR\"},{\"@type\":\"Organization\",\"@id\":\"https:\/\/radiolifefm.com.br\/noticias\/#organization\",\"name\":\"R\u00e1dio Life FM\",\"alternateName\":\"Life FM\",\"url\":\"https:\/\/radiolifefm.com.br\/noticias\/\",\"logo\":{\"@type\":\"ImageObject\",\"inLanguage\":\"pt-BR\",\"@id\":\"https:\/\/radiolifefm.com.br\/noticias\/#\/schema\/logo\/image\/\",\"url\":\"https:\/\/static.radiolifefm.com.br\/noticias\/wp-content\/uploads\/2019\/10\/logo-lifefm.png\",\"contentUrl\":\"https:\/\/static.radiolifefm.com.br\/noticias\/wp-content\/uploads\/2019\/10\/logo-lifefm.png\",\"width\":196,\"height\":47,\"caption\":\"R\u00e1dio Life FM\"},\"image\":{\"@id\":\"https:\/\/radiolifefm.com.br\/noticias\/#\/schema\/logo\/image\/\"},\"sameAs\":[\"https:\/\/www.facebook.com\/radiolifefm\/\",\"https:\/\/www.instagram.com\/life1079fm\/\"]},{\"@type\":\"Person\",\"@id\":\"https:\/\/radiolifefm.com.br\/noticias\/#\/schema\/person\/1d4e4b1301322090c6221bf1c8420490\",\"name\":\"lifefm\",\"image\":{\"@type\":\"ImageObject\",\"inLanguage\":\"pt-BR\",\"@id\":\"https:\/\/secure.gravatar.com\/avatar\/eca268467d925ec97d20641bb054fd944c0abb2f92854171620706bbe6474e7c?s=96&d=mm&r=g\",\"url\":\"https:\/\/secure.gravatar.com\/avatar\/eca268467d925ec97d20641bb054fd944c0abb2f92854171620706bbe6474e7c?s=96&d=mm&r=g\",\"contentUrl\":\"https:\/\/secure.gravatar.com\/avatar\/eca268467d925ec97d20641bb054fd944c0abb2f92854171620706bbe6474e7c?s=96&d=mm&r=g\",\"caption\":\"lifefm\"}}]}<\/script>\n<!-- \/ Yoast SEO plugin. -->","yoast_head_json":{"title":"Deputado Mauro Bragato informa que Governo do Estado de S\u00e3o Paulo enviou dez respiradores para Dracena e Rancharia - R\u00e1dio Life FM","robots":{"index":"index","follow":"follow","max-snippet":"max-snippet:-1","max-image-preview":"max-image-preview:large","max-video-preview":"max-video-preview:-1"},"canonical":"https:\/\/radiolifefm.com.br\/noticias\/deputado-mauro-bragato-informa-que-governo-do-estado-de-sao-paulo-enviou-dez-respiradores-para-dracena-e-rancharia\/","og_locale":"pt_BR","og_type":"article","og_title":"Deputado Mauro Bragato informa que Governo do Estado de S\u00e3o Paulo enviou dez respiradores para Dracena e Rancharia - R\u00e1dio Life FM","og_description":"O deputado Mauro Bragato informa que o Governo de S\u00e3o Paulo enviou, nesta quarta-feira (17), cinco respiradores para a Santa Casa de Miseric\u00f3rdia de Dracena e cinco para Rancharia. Os novos equipamentos permitem a amplia\u00e7\u00e3o de UTIs (Unidades de Terapia Intensiva), para garantir atendimento a pacientes contaminados pelo coronav\u00edrus que est\u00e3o em estado grave. Bragato [&hellip;]","og_url":"https:\/\/radiolifefm.com.br\/noticias\/deputado-mauro-bragato-informa-que-governo-do-estado-de-sao-paulo-enviou-dez-respiradores-para-dracena-e-rancharia\/","og_site_name":"R\u00e1dio Life FM","article_publisher":"https:\/\/www.facebook.com\/radiolifefm\/","article_published_time":"2020-06-18T12:48:38+00:00","article_modified_time":"2026-05-01T18:15:49+00:00","og_image":[{"width":1200,"height":630,"url":"https:\/\/radiolifefm.com.br\/noticias\/wp-content\/uploads\/2020\/06\/Mauro-Bragato-Foto-1_Cortada.jpg","type":"image\/jpeg"}],"author":"lifefm","twitter_card":"summary_large_image","twitter_misc":{"Escrito por":"lifefm","Est. tempo de leitura":"1 minuto"},"schema":{"@context":"https:\/\/schema.org","@graph":[{"@type":"Article","@id":"https:\/\/radiolifefm.com.br\/noticias\/deputado-mauro-bragato-informa-que-governo-do-estado-de-sao-paulo-enviou-dez-respiradores-para-dracena-e-rancharia\/#article","isPartOf":{"@id":"https:\/\/radiolifefm.com.br\/noticias\/deputado-mauro-bragato-informa-que-governo-do-estado-de-sao-paulo-enviou-dez-respiradores-para-dracena-e-rancharia\/"},"author":{"name":"lifefm","@id":"https:\/\/radiolifefm.com.br\/noticias\/#\/schema\/person\/1d4e4b1301322090c6221bf1c8420490"},"headline":"Deputado Mauro Bragato informa que Governo do Estado de S\u00e3o Paulo enviou dez respiradores para Dracena e Rancharia","datePublished":"2020-06-18T12:48:38+00:00","dateModified":"2026-05-01T18:15:49+00:00","mainEntityOfPage":{"@id":"https:\/\/radiolifefm.com.br\/noticias\/deputado-mauro-bragato-informa-que-governo-do-estado-de-sao-paulo-enviou-dez-respiradores-para-dracena-e-rancharia\/"},"wordCount":212,"publisher":{"@id":"https:\/\/radiolifefm.com.br\/noticias\/#organization"},"image":{"@id":"https:\/\/radiolifefm.com.br\/noticias\/deputado-mauro-bragato-informa-que-governo-do-estado-de-sao-paulo-enviou-dez-respiradores-para-dracena-e-rancharia\/#primaryimage"},"thumbnailUrl":"https:\/\/radiolifefm.com.br\/noticias\/wp-content\/uploads\/2020\/06\/Mauro-Bragato-Foto-1_Cortada.jpg","articleSection":["Regi\u00e3o"],"inLanguage":"pt-BR"},{"@type":"WebPage","@id":"https:\/\/radiolifefm.com.br\/noticias\/deputado-mauro-bragato-informa-que-governo-do-estado-de-sao-paulo-enviou-dez-respiradores-para-dracena-e-rancharia\/","url":"https:\/\/radiolifefm.com.br\/noticias\/deputado-mauro-bragato-informa-que-governo-do-estado-de-sao-paulo-enviou-dez-respiradores-para-dracena-e-rancharia\/","name":"Deputado Mauro Bragato informa que Governo do Estado de S\u00e3o Paulo enviou dez respiradores para Dracena e Rancharia - R\u00e1dio Life FM","isPartOf":{"@id":"https:\/\/radiolifefm.com.br\/noticias\/#website"},"primaryImageOfPage":{"@id":"https:\/\/radiolifefm.com.br\/noticias\/deputado-mauro-bragato-informa-que-governo-do-estado-de-sao-paulo-enviou-dez-respiradores-para-dracena-e-rancharia\/#primaryimage"},"image":{"@id":"https:\/\/radiolifefm.com.br\/noticias\/deputado-mauro-bragato-informa-que-governo-do-estado-de-sao-paulo-enviou-dez-respiradores-para-dracena-e-rancharia\/#primaryimage"},"thumbnailUrl":"https:\/\/radiolifefm.com.br\/noticias\/wp-content\/uploads\/2020\/06\/Mauro-Bragato-Foto-1_Cortada.jpg","datePublished":"2020-06-18T12:48:38+00:00","dateModified":"2026-05-01T18:15:49+00:00","breadcrumb":{"@id":"https:\/\/radiolifefm.com.br\/noticias\/deputado-mauro-bragato-informa-que-governo-do-estado-de-sao-paulo-enviou-dez-respiradores-para-dracena-e-rancharia\/#breadcrumb"},"inLanguage":"pt-BR","potentialAction":[{"@type":"ReadAction","target":["https:\/\/radiolifefm.com.br\/noticias\/deputado-mauro-bragato-informa-que-governo-do-estado-de-sao-paulo-enviou-dez-respiradores-para-dracena-e-rancharia\/"]}]},{"@type":"ImageObject","inLanguage":"pt-BR","@id":"https:\/\/radiolifefm.com.br\/noticias\/deputado-mauro-bragato-informa-que-governo-do-estado-de-sao-paulo-enviou-dez-respiradores-para-dracena-e-rancharia\/#primaryimage","url":"https:\/\/radiolifefm.com.br\/noticias\/wp-content\/uploads\/2020\/06\/Mauro-Bragato-Foto-1_Cortada.jpg","contentUrl":"https:\/\/radiolifefm.com.br\/noticias\/wp-content\/uploads\/2020\/06\/Mauro-Bragato-Foto-1_Cortada.jpg","width":1200,"height":630},{"@type":"BreadcrumbList","@id":"https:\/\/radiolifefm.com.br\/noticias\/deputado-mauro-bragato-informa-que-governo-do-estado-de-sao-paulo-enviou-dez-respiradores-para-dracena-e-rancharia\/#breadcrumb","itemListElement":[{"@type":"ListItem","position":1,"name":"In\u00edcio","item":"https:\/\/radiolifefm.com.br\/noticias\/"},{"@type":"ListItem","position":2,"name":"Deputado Mauro Bragato informa que Governo do Estado de S\u00e3o Paulo enviou dez respiradores para Dracena e Rancharia"}]},{"@type":"WebSite","@id":"https:\/\/radiolifefm.com.br\/noticias\/#website","url":"https:\/\/radiolifefm.com.br\/noticias\/","name":"R\u00e1dio Life FM","description":"O Portal de Not\u00edcias de Adamantina","publisher":{"@id":"https:\/\/radiolifefm.com.br\/noticias\/#organization"},"alternateName":"Life FM","potentialAction":[{"@type":"SearchAction","target":{"@type":"EntryPoint","urlTemplate":"https:\/\/radiolifefm.com.br\/noticias\/?s={search_term_string}"},"query-input":{"@type":"PropertyValueSpecification","valueRequired":true,"valueName":"search_term_string"}}],"inLanguage":"pt-BR"},{"@type":"Organization","@id":"https:\/\/radiolifefm.com.br\/noticias\/#organization","name":"R\u00e1dio Life FM","alternateName":"Life FM","url":"https:\/\/radiolifefm.com.br\/noticias\/","logo":{"@type":"ImageObject","inLanguage":"pt-BR","@id":"https:\/\/radiolifefm.com.br\/noticias\/#\/schema\/logo\/image\/","url":"https:\/\/static.radiolifefm.com.br\/noticias\/wp-content\/uploads\/2019\/10\/logo-lifefm.png","contentUrl":"https:\/\/static.radiolifefm.com.br\/noticias\/wp-content\/uploads\/2019\/10\/logo-lifefm.png","width":196,"height":47,"caption":"R\u00e1dio Life FM"},"image":{"@id":"https:\/\/radiolifefm.com.br\/noticias\/#\/schema\/logo\/image\/"},"sameAs":["https:\/\/www.facebook.com\/radiolifefm\/","https:\/\/www.instagram.com\/life1079fm\/"]},{"@type":"Person","@id":"https:\/\/radiolifefm.com.br\/noticias\/#\/schema\/person\/1d4e4b1301322090c6221bf1c8420490","name":"lifefm","image":{"@type":"ImageObject","inLanguage":"pt-BR","@id":"https:\/\/secure.gravatar.com\/avatar\/eca268467d925ec97d20641bb054fd944c0abb2f92854171620706bbe6474e7c?s=96&d=mm&r=g","url":"https:\/\/secure.gravatar.com\/avatar\/eca268467d925ec97d20641bb054fd944c0abb2f92854171620706bbe6474e7c?s=96&d=mm&r=g","contentUrl":"https:\/\/secure.gravatar.com\/avatar\/eca268467d925ec97d20641bb054fd944c0abb2f92854171620706bbe6474e7c?s=96&d=mm&r=g","caption":"lifefm"}}]}},"amp_enabled":true,"_links":{"self":[{"href":"https:\/\/radiolifefm.com.br\/noticias\/wp-json\/wp\/v2\/posts\/23943","targetHints":{"allow":["GET"]}}],"collection":[{"href":"https:\/\/radiolifefm.com.br\/noticias\/wp-json\/wp\/v2\/posts"}],"about":[{"href":"https:\/\/radiolifefm.com.br\/noticias\/wp-json\/wp\/v2\/types\/post"}],"author":[{"embeddable":true,"href":"https:\/\/radiolifefm.com.br\/noticias\/wp-json\/wp\/v2\/users\/3"}],"replies":[{"embeddable":true,"href":"https:\/\/radiolifefm.com.br\/noticias\/wp-json\/wp\/v2\/comments?post=23943"}],"version-history":[{"count":1,"href":"https:\/\/radiolifefm.com.br\/noticias\/wp-json\/wp\/v2\/posts\/23943\/revisions"}],"predecessor-version":[{"id":23946,"href":"https:\/\/radiolifefm.com.br\/noticias\/wp-json\/wp\/v2\/posts\/23943\/revisions\/23946"}],"wp:featuredmedia":[{"embeddable":true,"href":"https:\/\/radiolifefm.com.br\/noticias\/wp-json\/wp\/v2\/media\/23945"}],"wp:attachment":[{"href":"https:\/\/radiolifefm.com.br\/noticias\/wp-json\/wp\/v2\/media?parent=23943"}],"wp:term":[{"taxonomy":"category","embeddable":true,"href":"https:\/\/radiolifefm.com.br\/noticias\/wp-json\/wp\/v2\/categories?post=23943"},{"taxonomy":"post_tag","embeddable":true,"href":"https:\/\/radiolifefm.com.br\/noticias\/wp-json\/wp\/v2\/tags?post=23943"}],"curies":[{"name":"wp","href":"https:\/\/api.w.org\/{rel}","templated":true}]}}