{"id":23891,"date":"2020-06-16T08:29:46","date_gmt":"2020-06-16T11:29:46","guid":{"rendered":"https:\/\/radiolifefm.com.br\/noticias\/?p=23891"},"modified":"2025-12-15T23:23:51","modified_gmt":"2025-12-16T02:23:51","slug":"provincia-mentes-bovinas-e-eleicoes-sergio-barbosa-opiniao","status":"publish","type":"post","link":"https:\/\/radiolifefm.com.br\/noticias\/provincia-mentes-bovinas-e-eleicoes-sergio-barbosa-opiniao\/","title":{"rendered":"Prov\u00edncia, Mentes Bovinas e Elei\u00e7\u00f5es&#8230;  &#8211;  S\u00e9rgio Barbosa &#8211; Opini\u00e3o"},"content":{"rendered":"<div id=\"fb-root\"><\/div>\n<p><em><strong>Prov\u00edncia, Mentes Bovinas e Elei\u00e7\u00f5es&#8230;<\/strong><\/em><\/p>\n<p><em>\u201cNunca se mente tanto como antes das elei\u00e7\u00f5es, durante uma guerra e depois de uma ca\u00e7ada.\u201d (Otto von Bismarck)<\/em><\/p>\n<p><em>S\u00e9rgio Barbosa (*)<\/em><\/p>\n<p>Pode-se escrever que os fatos que ocorrem em terras provincianas est\u00e3o de acordo com as ocorr\u00eancias em tempo de BOZZONARO com seus COISOS com COISAS&#8230;<\/p>\n<p>Tal qual no PA\u00cdS DO FAZ DE CONTA, tamb\u00e9m, na PROV\u00cdNCIA DO FAZ DE CONTA tudo est\u00e1 mais ou menos de acordo com as denominadas TROCAS NADA SIMB\u00d3LICAS que s\u00e3o resultados disto ou daquilo&#8230;<\/p>\n<p>Por\u00e9m, neste ano, se tudo caminhar de acordo com os resultados da PANDEMIA em n\u00edvel tupiniquim, deve ser realizado as famigeradas ELEI\u00c7\u00d5ES para o EXECUTIVO e LEGISLATIVO municipal&#8230;<\/p>\n<p>O dito pelo n\u00e3o dito vai sair na frente em cima dos desencontros do passado para com o presente e assim por diante, todavia, muitas possibilidades devem aparecer neste meio campo da corrida eleitoral na PROV\u00cdNCIA&#8230;<\/p>\n<p>Tamb\u00e9m, entendo que muitas PEDRAS VA\u00d5 ROLAR neste per\u00edodo das idas e vindas que o PODER local proporciona para os interessados em trocar de lado em nome desta ou daquela CAUSA&#8230;<\/p>\n<p>As CARTAS est\u00e3o quase todas em cima da mesa para que os\/as JOGADORES\/AS possam montar as suas estrat\u00e9gias eleitorais, entretanto, TODO CUIDADO \u00c9 POUCO com as promessas de sempre&#8230;<\/p>\n<p>A din\u00e2mica do processo pr\u00e9-eleitoral sempre \u00e9 mediada pelas poucas ofertas do PODER em busca da MAIORIA quanto ao APOIO e tudo mais em meio ao tudo de menos&#8230;<\/p>\n<p>De um jeito ou de outro, existe um fator que pode determinar quem vai vencer tal corrida eleitoral, isso mesmo, tendo em vista que estamos vivendo uma PANDEMIA denominada de CORONAV\u00cdRUS e tudo est\u00e1 um tanto quando nebuloso para todos os lados, talvez, de um mesmo lado em terras provincianas&#8230;<\/p>\n<p>Assim, tudo pode ocorrer daqui pra frente para os\/as jogadores\/as que buscam ocupar uma cadeira em especial e outras disponibilizadas no ANEXO deste NOVO TEMPO NOVO&#8230;<\/p>\n<p>Ah! Estava esquecendo que nestas elei\u00e7\u00f5es, acredito que as MENTES BOVINAS que circulam pela PROV\u00cdNCIA, ainda, podem fazer a diferen\u00e7a de acordo com o som do BERRANTE&#8230;<\/p>\n<p>QUEM SOBREVIVER E VOTAR VAI SABER&#8230;<\/p>\n<div class='flex flex-wrap items-center -mx-1'>\r\n<a class='thumbnail gallery p-1 w-1\/2 md:w-1\/4' href='https:\/\/radiolifefm.com.br\/noticias\/wp-content\/uploads\/2020\/06\/SEBAR-4-scaled.jpg'><img class='border border-white' src='https:\/\/radiolifefm.com.br\/noticias\/wp-content\/uploads\/2020\/06\/SEBAR-4-200x200.jpg' alt='SEBAR' \/><\/a><a class='thumbnail gallery p-1 w-1\/2 md:w-1\/4' href='https:\/\/radiolifefm.com.br\/noticias\/wp-content\/uploads\/2020\/06\/SEBAR-1-2-scaled.jpg'><img class='border border-white' src='https:\/\/radiolifefm.com.br\/noticias\/wp-content\/uploads\/2020\/06\/SEBAR-1-2-200x200.jpg' alt='SEBAR   1' \/><\/a><a class='thumbnail gallery p-1 w-1\/2 md:w-1\/4' href='https:\/\/radiolifefm.com.br\/noticias\/wp-content\/uploads\/2020\/06\/SEBAR-2-2-scaled.jpg'><img class='border border-white' src='https:\/\/radiolifefm.com.br\/noticias\/wp-content\/uploads\/2020\/06\/SEBAR-2-2-200x200.jpg' alt='SEBAR   2' \/><\/a><\/div>\n<p>&nbsp;<\/p>\n<p>_________________<br \/>\n(*) jornalista diplomado e professor universit\u00e1rio.<\/p>\n","protected":false},"excerpt":{"rendered":"<p>Prov\u00edncia, Mentes Bovinas e Elei\u00e7\u00f5es&#8230; \u201cNunca se mente tanto como antes das elei\u00e7\u00f5es, durante uma guerra e depois de uma ca\u00e7ada.\u201d (Otto von Bismarck) S\u00e9rgio Barbosa (*) Pode-se escrever que os fatos que ocorrem em terras provincianas est\u00e3o de acordo com as ocorr\u00eancias em tempo de BOZZONARO com seus COISOS com COISAS&#8230; Tal qual no [&hellip;]<\/p>\n","protected":false},"author":3,"featured_media":23893,"comment_status":"closed","ping_status":"open","sticky":false,"template":"","format":"standard","meta":{"_acf_changed":false,"_exactmetrics_skip_tracking":false,"_exactmetrics_sitenote_active":false,"_exactmetrics_sitenote_note":"","_exactmetrics_sitenote_category":0,"footnotes":""},"categories":[59],"tags":[],"class_list":["post-23891","post","type-post","status-publish","format-standard","has-post-thumbnail","hentry","category-opiniao"],"acf":[],"yoast_head":"<!-- This site is optimized with the Yoast SEO plugin v27.2 - https:\/\/yoast.com\/product\/yoast-seo-wordpress\/ -->\n<title>Prov\u00edncia, Mentes Bovinas e Elei\u00e7\u00f5es... - S\u00e9rgio Barbosa - Opini\u00e3o - R\u00e1dio Life FM<\/title>\n<meta name=\"robots\" content=\"index, follow, max-snippet:-1, max-image-preview:large, max-video-preview:-1\" \/>\n<link rel=\"canonical\" href=\"https:\/\/radiolifefm.com.br\/noticias\/provincia-mentes-bovinas-e-eleicoes-sergio-barbosa-opiniao\/\" \/>\n<meta property=\"og:locale\" content=\"pt_BR\" \/>\n<meta property=\"og:type\" content=\"article\" \/>\n<meta property=\"og:title\" content=\"Prov\u00edncia, Mentes Bovinas e Elei\u00e7\u00f5es... - S\u00e9rgio Barbosa - Opini\u00e3o - R\u00e1dio Life FM\" \/>\n<meta property=\"og:description\" content=\"Prov\u00edncia, Mentes Bovinas e Elei\u00e7\u00f5es&#8230; \u201cNunca se mente tanto como antes das elei\u00e7\u00f5es, durante uma guerra e depois de uma ca\u00e7ada.\u201d (Otto von Bismarck) S\u00e9rgio Barbosa (*) Pode-se escrever que os fatos que ocorrem em terras provincianas est\u00e3o de acordo com as ocorr\u00eancias em tempo de BOZZONARO com seus COISOS com COISAS&#8230; Tal qual no [&hellip;]\" \/>\n<meta property=\"og:url\" content=\"https:\/\/radiolifefm.com.br\/noticias\/provincia-mentes-bovinas-e-eleicoes-sergio-barbosa-opiniao\/\" \/>\n<meta property=\"og:site_name\" content=\"R\u00e1dio Life FM\" \/>\n<meta property=\"article:publisher\" content=\"https:\/\/www.facebook.com\/radiolifefm\/\" \/>\n<meta property=\"article:published_time\" content=\"2020-06-16T11:29:46+00:00\" \/>\n<meta property=\"article:modified_time\" content=\"2025-12-16T02:23:51+00:00\" \/>\n<meta property=\"og:image\" content=\"https:\/\/radiolifefm.com.br\/noticias\/wp-content\/uploads\/2020\/06\/SEBAR-1-2-scaled.jpg\" \/>\n\t<meta property=\"og:image:width\" content=\"2560\" \/>\n\t<meta property=\"og:image:height\" content=\"1920\" \/>\n\t<meta property=\"og:image:type\" content=\"image\/jpeg\" \/>\n<meta name=\"author\" content=\"lifefm\" \/>\n<meta name=\"twitter:card\" content=\"summary_large_image\" \/>\n<meta name=\"twitter:label1\" content=\"Escrito por\" \/>\n\t<meta name=\"twitter:data1\" content=\"lifefm\" \/>\n\t<meta name=\"twitter:label2\" content=\"Est. tempo de leitura\" \/>\n\t<meta name=\"twitter:data2\" content=\"2 minutos\" \/>\n<script type=\"application\/ld+json\" class=\"yoast-schema-graph\">{\"@context\":\"https:\/\/schema.org\",\"@graph\":[{\"@type\":\"Article\",\"@id\":\"https:\/\/radiolifefm.com.br\/noticias\/provincia-mentes-bovinas-e-eleicoes-sergio-barbosa-opiniao\/#article\",\"isPartOf\":{\"@id\":\"https:\/\/radiolifefm.com.br\/noticias\/provincia-mentes-bovinas-e-eleicoes-sergio-barbosa-opiniao\/\"},\"author\":{\"name\":\"lifefm\",\"@id\":\"https:\/\/radiolifefm.com.br\/noticias\/#\/schema\/person\/1d4e4b1301322090c6221bf1c8420490\"},\"headline\":\"Prov\u00edncia, Mentes Bovinas e Elei\u00e7\u00f5es&#8230; &#8211; S\u00e9rgio Barbosa &#8211; Opini\u00e3o\",\"datePublished\":\"2020-06-16T11:29:46+00:00\",\"dateModified\":\"2025-12-16T02:23:51+00:00\",\"mainEntityOfPage\":{\"@id\":\"https:\/\/radiolifefm.com.br\/noticias\/provincia-mentes-bovinas-e-eleicoes-sergio-barbosa-opiniao\/\"},\"wordCount\":399,\"publisher\":{\"@id\":\"https:\/\/radiolifefm.com.br\/noticias\/#organization\"},\"image\":{\"@id\":\"https:\/\/radiolifefm.com.br\/noticias\/provincia-mentes-bovinas-e-eleicoes-sergio-barbosa-opiniao\/#primaryimage\"},\"thumbnailUrl\":\"https:\/\/radiolifefm.com.br\/noticias\/wp-content\/uploads\/2020\/06\/SEBAR-1-2-scaled.jpg\",\"articleSection\":[\"Opini\u00e3o\"],\"inLanguage\":\"pt-BR\"},{\"@type\":\"WebPage\",\"@id\":\"https:\/\/radiolifefm.com.br\/noticias\/provincia-mentes-bovinas-e-eleicoes-sergio-barbosa-opiniao\/\",\"url\":\"https:\/\/radiolifefm.com.br\/noticias\/provincia-mentes-bovinas-e-eleicoes-sergio-barbosa-opiniao\/\",\"name\":\"Prov\u00edncia, Mentes Bovinas e Elei\u00e7\u00f5es... - S\u00e9rgio Barbosa - Opini\u00e3o - R\u00e1dio Life FM\",\"isPartOf\":{\"@id\":\"https:\/\/radiolifefm.com.br\/noticias\/#website\"},\"primaryImageOfPage\":{\"@id\":\"https:\/\/radiolifefm.com.br\/noticias\/provincia-mentes-bovinas-e-eleicoes-sergio-barbosa-opiniao\/#primaryimage\"},\"image\":{\"@id\":\"https:\/\/radiolifefm.com.br\/noticias\/provincia-mentes-bovinas-e-eleicoes-sergio-barbosa-opiniao\/#primaryimage\"},\"thumbnailUrl\":\"https:\/\/radiolifefm.com.br\/noticias\/wp-content\/uploads\/2020\/06\/SEBAR-1-2-scaled.jpg\",\"datePublished\":\"2020-06-16T11:29:46+00:00\",\"dateModified\":\"2025-12-16T02:23:51+00:00\",\"breadcrumb\":{\"@id\":\"https:\/\/radiolifefm.com.br\/noticias\/provincia-mentes-bovinas-e-eleicoes-sergio-barbosa-opiniao\/#breadcrumb\"},\"inLanguage\":\"pt-BR\",\"potentialAction\":[{\"@type\":\"ReadAction\",\"target\":[\"https:\/\/radiolifefm.com.br\/noticias\/provincia-mentes-bovinas-e-eleicoes-sergio-barbosa-opiniao\/\"]}]},{\"@type\":\"ImageObject\",\"inLanguage\":\"pt-BR\",\"@id\":\"https:\/\/radiolifefm.com.br\/noticias\/provincia-mentes-bovinas-e-eleicoes-sergio-barbosa-opiniao\/#primaryimage\",\"url\":\"https:\/\/radiolifefm.com.br\/noticias\/wp-content\/uploads\/2020\/06\/SEBAR-1-2-scaled.jpg\",\"contentUrl\":\"https:\/\/radiolifefm.com.br\/noticias\/wp-content\/uploads\/2020\/06\/SEBAR-1-2-scaled.jpg\",\"width\":2560,\"height\":1920},{\"@type\":\"BreadcrumbList\",\"@id\":\"https:\/\/radiolifefm.com.br\/noticias\/provincia-mentes-bovinas-e-eleicoes-sergio-barbosa-opiniao\/#breadcrumb\",\"itemListElement\":[{\"@type\":\"ListItem\",\"position\":1,\"name\":\"In\u00edcio\",\"item\":\"https:\/\/radiolifefm.com.br\/noticias\/\"},{\"@type\":\"ListItem\",\"position\":2,\"name\":\"Prov\u00edncia, Mentes Bovinas e Elei\u00e7\u00f5es&#8230; &#8211; S\u00e9rgio Barbosa &#8211; Opini\u00e3o\"}]},{\"@type\":\"WebSite\",\"@id\":\"https:\/\/radiolifefm.com.br\/noticias\/#website\",\"url\":\"https:\/\/radiolifefm.com.br\/noticias\/\",\"name\":\"R\u00e1dio Life FM\",\"description\":\"O Portal de Not\u00edcias de Adamantina\",\"publisher\":{\"@id\":\"https:\/\/radiolifefm.com.br\/noticias\/#organization\"},\"alternateName\":\"Life FM\",\"potentialAction\":[{\"@type\":\"SearchAction\",\"target\":{\"@type\":\"EntryPoint\",\"urlTemplate\":\"https:\/\/radiolifefm.com.br\/noticias\/?s={search_term_string}\"},\"query-input\":{\"@type\":\"PropertyValueSpecification\",\"valueRequired\":true,\"valueName\":\"search_term_string\"}}],\"inLanguage\":\"pt-BR\"},{\"@type\":\"Organization\",\"@id\":\"https:\/\/radiolifefm.com.br\/noticias\/#organization\",\"name\":\"R\u00e1dio Life FM\",\"alternateName\":\"Life FM\",\"url\":\"https:\/\/radiolifefm.com.br\/noticias\/\",\"logo\":{\"@type\":\"ImageObject\",\"inLanguage\":\"pt-BR\",\"@id\":\"https:\/\/radiolifefm.com.br\/noticias\/#\/schema\/logo\/image\/\",\"url\":\"https:\/\/static.radiolifefm.com.br\/noticias\/wp-content\/uploads\/2019\/10\/logo-lifefm.png\",\"contentUrl\":\"https:\/\/static.radiolifefm.com.br\/noticias\/wp-content\/uploads\/2019\/10\/logo-lifefm.png\",\"width\":196,\"height\":47,\"caption\":\"R\u00e1dio Life FM\"},\"image\":{\"@id\":\"https:\/\/radiolifefm.com.br\/noticias\/#\/schema\/logo\/image\/\"},\"sameAs\":[\"https:\/\/www.facebook.com\/radiolifefm\/\",\"https:\/\/www.instagram.com\/life1079fm\/\"]},{\"@type\":\"Person\",\"@id\":\"https:\/\/radiolifefm.com.br\/noticias\/#\/schema\/person\/1d4e4b1301322090c6221bf1c8420490\",\"name\":\"lifefm\",\"image\":{\"@type\":\"ImageObject\",\"inLanguage\":\"pt-BR\",\"@id\":\"https:\/\/secure.gravatar.com\/avatar\/eca268467d925ec97d20641bb054fd944c0abb2f92854171620706bbe6474e7c?s=96&d=mm&r=g\",\"url\":\"https:\/\/secure.gravatar.com\/avatar\/eca268467d925ec97d20641bb054fd944c0abb2f92854171620706bbe6474e7c?s=96&d=mm&r=g\",\"contentUrl\":\"https:\/\/secure.gravatar.com\/avatar\/eca268467d925ec97d20641bb054fd944c0abb2f92854171620706bbe6474e7c?s=96&d=mm&r=g\",\"caption\":\"lifefm\"}}]}<\/script>\n<!-- \/ Yoast SEO plugin. -->","yoast_head_json":{"title":"Prov\u00edncia, Mentes Bovinas e Elei\u00e7\u00f5es... - S\u00e9rgio Barbosa - Opini\u00e3o - R\u00e1dio Life FM","robots":{"index":"index","follow":"follow","max-snippet":"max-snippet:-1","max-image-preview":"max-image-preview:large","max-video-preview":"max-video-preview:-1"},"canonical":"https:\/\/radiolifefm.com.br\/noticias\/provincia-mentes-bovinas-e-eleicoes-sergio-barbosa-opiniao\/","og_locale":"pt_BR","og_type":"article","og_title":"Prov\u00edncia, Mentes Bovinas e Elei\u00e7\u00f5es... - S\u00e9rgio Barbosa - Opini\u00e3o - R\u00e1dio Life FM","og_description":"Prov\u00edncia, Mentes Bovinas e Elei\u00e7\u00f5es&#8230; \u201cNunca se mente tanto como antes das elei\u00e7\u00f5es, durante uma guerra e depois de uma ca\u00e7ada.\u201d (Otto von Bismarck) S\u00e9rgio Barbosa (*) Pode-se escrever que os fatos que ocorrem em terras provincianas est\u00e3o de acordo com as ocorr\u00eancias em tempo de BOZZONARO com seus COISOS com COISAS&#8230; Tal qual no [&hellip;]","og_url":"https:\/\/radiolifefm.com.br\/noticias\/provincia-mentes-bovinas-e-eleicoes-sergio-barbosa-opiniao\/","og_site_name":"R\u00e1dio Life FM","article_publisher":"https:\/\/www.facebook.com\/radiolifefm\/","article_published_time":"2020-06-16T11:29:46+00:00","article_modified_time":"2025-12-16T02:23:51+00:00","og_image":[{"width":2560,"height":1920,"url":"https:\/\/radiolifefm.com.br\/noticias\/wp-content\/uploads\/2020\/06\/SEBAR-1-2-scaled.jpg","type":"image\/jpeg"}],"author":"lifefm","twitter_card":"summary_large_image","twitter_misc":{"Escrito por":"lifefm","Est. tempo de leitura":"2 minutos"},"schema":{"@context":"https:\/\/schema.org","@graph":[{"@type":"Article","@id":"https:\/\/radiolifefm.com.br\/noticias\/provincia-mentes-bovinas-e-eleicoes-sergio-barbosa-opiniao\/#article","isPartOf":{"@id":"https:\/\/radiolifefm.com.br\/noticias\/provincia-mentes-bovinas-e-eleicoes-sergio-barbosa-opiniao\/"},"author":{"name":"lifefm","@id":"https:\/\/radiolifefm.com.br\/noticias\/#\/schema\/person\/1d4e4b1301322090c6221bf1c8420490"},"headline":"Prov\u00edncia, Mentes Bovinas e Elei\u00e7\u00f5es&#8230; &#8211; S\u00e9rgio Barbosa &#8211; Opini\u00e3o","datePublished":"2020-06-16T11:29:46+00:00","dateModified":"2025-12-16T02:23:51+00:00","mainEntityOfPage":{"@id":"https:\/\/radiolifefm.com.br\/noticias\/provincia-mentes-bovinas-e-eleicoes-sergio-barbosa-opiniao\/"},"wordCount":399,"publisher":{"@id":"https:\/\/radiolifefm.com.br\/noticias\/#organization"},"image":{"@id":"https:\/\/radiolifefm.com.br\/noticias\/provincia-mentes-bovinas-e-eleicoes-sergio-barbosa-opiniao\/#primaryimage"},"thumbnailUrl":"https:\/\/radiolifefm.com.br\/noticias\/wp-content\/uploads\/2020\/06\/SEBAR-1-2-scaled.jpg","articleSection":["Opini\u00e3o"],"inLanguage":"pt-BR"},{"@type":"WebPage","@id":"https:\/\/radiolifefm.com.br\/noticias\/provincia-mentes-bovinas-e-eleicoes-sergio-barbosa-opiniao\/","url":"https:\/\/radiolifefm.com.br\/noticias\/provincia-mentes-bovinas-e-eleicoes-sergio-barbosa-opiniao\/","name":"Prov\u00edncia, Mentes Bovinas e Elei\u00e7\u00f5es... - S\u00e9rgio Barbosa - Opini\u00e3o - R\u00e1dio Life FM","isPartOf":{"@id":"https:\/\/radiolifefm.com.br\/noticias\/#website"},"primaryImageOfPage":{"@id":"https:\/\/radiolifefm.com.br\/noticias\/provincia-mentes-bovinas-e-eleicoes-sergio-barbosa-opiniao\/#primaryimage"},"image":{"@id":"https:\/\/radiolifefm.com.br\/noticias\/provincia-mentes-bovinas-e-eleicoes-sergio-barbosa-opiniao\/#primaryimage"},"thumbnailUrl":"https:\/\/radiolifefm.com.br\/noticias\/wp-content\/uploads\/2020\/06\/SEBAR-1-2-scaled.jpg","datePublished":"2020-06-16T11:29:46+00:00","dateModified":"2025-12-16T02:23:51+00:00","breadcrumb":{"@id":"https:\/\/radiolifefm.com.br\/noticias\/provincia-mentes-bovinas-e-eleicoes-sergio-barbosa-opiniao\/#breadcrumb"},"inLanguage":"pt-BR","potentialAction":[{"@type":"ReadAction","target":["https:\/\/radiolifefm.com.br\/noticias\/provincia-mentes-bovinas-e-eleicoes-sergio-barbosa-opiniao\/"]}]},{"@type":"ImageObject","inLanguage":"pt-BR","@id":"https:\/\/radiolifefm.com.br\/noticias\/provincia-mentes-bovinas-e-eleicoes-sergio-barbosa-opiniao\/#primaryimage","url":"https:\/\/radiolifefm.com.br\/noticias\/wp-content\/uploads\/2020\/06\/SEBAR-1-2-scaled.jpg","contentUrl":"https:\/\/radiolifefm.com.br\/noticias\/wp-content\/uploads\/2020\/06\/SEBAR-1-2-scaled.jpg","width":2560,"height":1920},{"@type":"BreadcrumbList","@id":"https:\/\/radiolifefm.com.br\/noticias\/provincia-mentes-bovinas-e-eleicoes-sergio-barbosa-opiniao\/#breadcrumb","itemListElement":[{"@type":"ListItem","position":1,"name":"In\u00edcio","item":"https:\/\/radiolifefm.com.br\/noticias\/"},{"@type":"ListItem","position":2,"name":"Prov\u00edncia, Mentes Bovinas e Elei\u00e7\u00f5es&#8230; &#8211; S\u00e9rgio Barbosa &#8211; Opini\u00e3o"}]},{"@type":"WebSite","@id":"https:\/\/radiolifefm.com.br\/noticias\/#website","url":"https:\/\/radiolifefm.com.br\/noticias\/","name":"R\u00e1dio Life FM","description":"O Portal de Not\u00edcias de Adamantina","publisher":{"@id":"https:\/\/radiolifefm.com.br\/noticias\/#organization"},"alternateName":"Life FM","potentialAction":[{"@type":"SearchAction","target":{"@type":"EntryPoint","urlTemplate":"https:\/\/radiolifefm.com.br\/noticias\/?s={search_term_string}"},"query-input":{"@type":"PropertyValueSpecification","valueRequired":true,"valueName":"search_term_string"}}],"inLanguage":"pt-BR"},{"@type":"Organization","@id":"https:\/\/radiolifefm.com.br\/noticias\/#organization","name":"R\u00e1dio Life FM","alternateName":"Life FM","url":"https:\/\/radiolifefm.com.br\/noticias\/","logo":{"@type":"ImageObject","inLanguage":"pt-BR","@id":"https:\/\/radiolifefm.com.br\/noticias\/#\/schema\/logo\/image\/","url":"https:\/\/static.radiolifefm.com.br\/noticias\/wp-content\/uploads\/2019\/10\/logo-lifefm.png","contentUrl":"https:\/\/static.radiolifefm.com.br\/noticias\/wp-content\/uploads\/2019\/10\/logo-lifefm.png","width":196,"height":47,"caption":"R\u00e1dio Life FM"},"image":{"@id":"https:\/\/radiolifefm.com.br\/noticias\/#\/schema\/logo\/image\/"},"sameAs":["https:\/\/www.facebook.com\/radiolifefm\/","https:\/\/www.instagram.com\/life1079fm\/"]},{"@type":"Person","@id":"https:\/\/radiolifefm.com.br\/noticias\/#\/schema\/person\/1d4e4b1301322090c6221bf1c8420490","name":"lifefm","image":{"@type":"ImageObject","inLanguage":"pt-BR","@id":"https:\/\/secure.gravatar.com\/avatar\/eca268467d925ec97d20641bb054fd944c0abb2f92854171620706bbe6474e7c?s=96&d=mm&r=g","url":"https:\/\/secure.gravatar.com\/avatar\/eca268467d925ec97d20641bb054fd944c0abb2f92854171620706bbe6474e7c?s=96&d=mm&r=g","contentUrl":"https:\/\/secure.gravatar.com\/avatar\/eca268467d925ec97d20641bb054fd944c0abb2f92854171620706bbe6474e7c?s=96&d=mm&r=g","caption":"lifefm"}}]}},"amp_enabled":true,"_links":{"self":[{"href":"https:\/\/radiolifefm.com.br\/noticias\/wp-json\/wp\/v2\/posts\/23891","targetHints":{"allow":["GET"]}}],"collection":[{"href":"https:\/\/radiolifefm.com.br\/noticias\/wp-json\/wp\/v2\/posts"}],"about":[{"href":"https:\/\/radiolifefm.com.br\/noticias\/wp-json\/wp\/v2\/types\/post"}],"author":[{"embeddable":true,"href":"https:\/\/radiolifefm.com.br\/noticias\/wp-json\/wp\/v2\/users\/3"}],"replies":[{"embeddable":true,"href":"https:\/\/radiolifefm.com.br\/noticias\/wp-json\/wp\/v2\/comments?post=23891"}],"version-history":[{"count":1,"href":"https:\/\/radiolifefm.com.br\/noticias\/wp-json\/wp\/v2\/posts\/23891\/revisions"}],"predecessor-version":[{"id":23895,"href":"https:\/\/radiolifefm.com.br\/noticias\/wp-json\/wp\/v2\/posts\/23891\/revisions\/23895"}],"wp:featuredmedia":[{"embeddable":true,"href":"https:\/\/radiolifefm.com.br\/noticias\/wp-json\/wp\/v2\/media\/23893"}],"wp:attachment":[{"href":"https:\/\/radiolifefm.com.br\/noticias\/wp-json\/wp\/v2\/media?parent=23891"}],"wp:term":[{"taxonomy":"category","embeddable":true,"href":"https:\/\/radiolifefm.com.br\/noticias\/wp-json\/wp\/v2\/categories?post=23891"},{"taxonomy":"post_tag","embeddable":true,"href":"https:\/\/radiolifefm.com.br\/noticias\/wp-json\/wp\/v2\/tags?post=23891"}],"curies":[{"name":"wp","href":"https:\/\/api.w.org\/{rel}","templated":true}]}}