{"id":23793,"date":"2020-06-09T08:43:47","date_gmt":"2020-06-09T11:43:47","guid":{"rendered":"https:\/\/radiolifefm.com.br\/noticias\/?p=23793"},"modified":"2026-04-03T08:08:21","modified_gmt":"2026-04-03T11:08:21","slug":"veiculo-capota-apos-bater-em-lateral-de-caminhao-na-sp-294-em-junqueiropolis","status":"publish","type":"post","link":"https:\/\/radiolifefm.com.br\/noticias\/veiculo-capota-apos-bater-em-lateral-de-caminhao-na-sp-294-em-junqueiropolis\/","title":{"rendered":"Ve\u00edculo capota ap\u00f3s bater em lateral de caminh\u00e3o na SP-294 em Junqueir\u00f3polis"},"content":{"rendered":"<div id=\"fb-root\"><\/div>\n<p><em>Duas pessoas do ve\u00edculo ficaram feridas no acidente, uma v\u00edtima grave e outra v\u00edtima leve.<\/em><\/p>\n<p>Segundo informa\u00e7\u00f5es da Pol\u00edcia Militar Rodovi\u00e1ria, trata-se de um acidente de tr\u00e2nsito do tipo colis\u00e3o lateral, seguida de capotamento de autom\u00f3vel, ocorrido na Rodovia Comandante Jo\u00e3o Ribeiro de Barros, SP-294 KM 639,200, nas proximidades do trevo das Duas Barras, pr\u00f3ximo a lanchonete conhecida como Prega Toco.<\/p>\n<p>As duas v\u00edtimas, uma grave, m\u00e3e de 50 anos e a outra, leve, o filho de 22 anos, ambas do autom\u00f3vel, foram socorridas para a Santa Casa de Junqueir\u00f3polis.<\/p>\n<p><img loading=\"lazy\" decoding=\"async\" class=\"alignnone size-medium wp-image-23795\" src=\"https:\/\/static.radiolifefm.com.br\/wp-content\/uploads\/sites\/2\/2020\/06\/Capote-Dracena-1-300x225.jpeg\" alt=\"\" width=\"300\" height=\"225\" srcset=\"https:\/\/radiolifefm.com.br\/noticias\/wp-content\/uploads\/2020\/06\/Capote-Dracena-1-300x225.jpeg 300w, https:\/\/radiolifefm.com.br\/noticias\/wp-content\/uploads\/2020\/06\/Capote-Dracena-1.jpeg 640w\" sizes=\"auto, (max-width: 300px) 100vw, 300px\" \/><\/p>\n<p>Jorge Zanoni<\/p>\n","protected":false},"excerpt":{"rendered":"<p>Duas pessoas do ve\u00edculo ficaram feridas no acidente, uma v\u00edtima grave e outra v\u00edtima leve. Segundo informa\u00e7\u00f5es da Pol\u00edcia Militar Rodovi\u00e1ria, trata-se de um acidente de tr\u00e2nsito do tipo colis\u00e3o lateral, seguida de capotamento de autom\u00f3vel, ocorrido na Rodovia Comandante Jo\u00e3o Ribeiro de Barros, SP-294 KM 639,200, nas proximidades do trevo das Duas Barras, pr\u00f3ximo [&hellip;]<\/p>\n","protected":false},"author":3,"featured_media":23796,"comment_status":"open","ping_status":"open","sticky":false,"template":"","format":"standard","meta":{"_acf_changed":false,"_exactmetrics_skip_tracking":false,"_exactmetrics_sitenote_active":false,"_exactmetrics_sitenote_note":"","_exactmetrics_sitenote_category":0,"footnotes":""},"categories":[24],"tags":[],"class_list":["post-23793","post","type-post","status-publish","format-standard","has-post-thumbnail","hentry","category-regiao"],"acf":[],"yoast_head":"<!-- This site is optimized with the Yoast SEO plugin v27.2 - https:\/\/yoast.com\/product\/yoast-seo-wordpress\/ -->\n<title>Ve\u00edculo capota ap\u00f3s bater em lateral de caminh\u00e3o na SP-294 em Junqueir\u00f3polis - R\u00e1dio Life FM<\/title>\n<meta name=\"robots\" content=\"index, follow, max-snippet:-1, max-image-preview:large, max-video-preview:-1\" \/>\n<link rel=\"canonical\" href=\"https:\/\/radiolifefm.com.br\/noticias\/veiculo-capota-apos-bater-em-lateral-de-caminhao-na-sp-294-em-junqueiropolis\/\" \/>\n<meta property=\"og:locale\" content=\"pt_BR\" \/>\n<meta property=\"og:type\" content=\"article\" \/>\n<meta property=\"og:title\" content=\"Ve\u00edculo capota ap\u00f3s bater em lateral de caminh\u00e3o na SP-294 em Junqueir\u00f3polis - R\u00e1dio Life FM\" \/>\n<meta property=\"og:description\" content=\"Duas pessoas do ve\u00edculo ficaram feridas no acidente, uma v\u00edtima grave e outra v\u00edtima leve. Segundo informa\u00e7\u00f5es da Pol\u00edcia Militar Rodovi\u00e1ria, trata-se de um acidente de tr\u00e2nsito do tipo colis\u00e3o lateral, seguida de capotamento de autom\u00f3vel, ocorrido na Rodovia Comandante Jo\u00e3o Ribeiro de Barros, SP-294 KM 639,200, nas proximidades do trevo das Duas Barras, pr\u00f3ximo [&hellip;]\" \/>\n<meta property=\"og:url\" content=\"https:\/\/radiolifefm.com.br\/noticias\/veiculo-capota-apos-bater-em-lateral-de-caminhao-na-sp-294-em-junqueiropolis\/\" \/>\n<meta property=\"og:site_name\" content=\"R\u00e1dio Life FM\" \/>\n<meta property=\"article:publisher\" content=\"https:\/\/www.facebook.com\/radiolifefm\/\" \/>\n<meta property=\"article:published_time\" content=\"2020-06-09T11:43:47+00:00\" \/>\n<meta property=\"article:modified_time\" content=\"2026-04-03T11:08:21+00:00\" \/>\n<meta property=\"og:image\" content=\"https:\/\/radiolifefm.com.br\/noticias\/wp-content\/uploads\/2020\/06\/Capote-Dracena_cortada.jpg\" \/>\n\t<meta property=\"og:image:width\" content=\"1200\" \/>\n\t<meta property=\"og:image:height\" content=\"630\" \/>\n\t<meta property=\"og:image:type\" content=\"image\/jpeg\" \/>\n<meta name=\"author\" content=\"lifefm\" \/>\n<meta name=\"twitter:card\" content=\"summary_large_image\" \/>\n<meta name=\"twitter:label1\" content=\"Escrito por\" \/>\n\t<meta name=\"twitter:data1\" content=\"lifefm\" \/>\n\t<meta name=\"twitter:label2\" content=\"Est. tempo de leitura\" \/>\n\t<meta name=\"twitter:data2\" content=\"1 minuto\" \/>\n<script type=\"application\/ld+json\" class=\"yoast-schema-graph\">{\"@context\":\"https:\/\/schema.org\",\"@graph\":[{\"@type\":\"Article\",\"@id\":\"https:\/\/radiolifefm.com.br\/noticias\/veiculo-capota-apos-bater-em-lateral-de-caminhao-na-sp-294-em-junqueiropolis\/#article\",\"isPartOf\":{\"@id\":\"https:\/\/radiolifefm.com.br\/noticias\/veiculo-capota-apos-bater-em-lateral-de-caminhao-na-sp-294-em-junqueiropolis\/\"},\"author\":{\"name\":\"lifefm\",\"@id\":\"https:\/\/radiolifefm.com.br\/noticias\/#\/schema\/person\/1d4e4b1301322090c6221bf1c8420490\"},\"headline\":\"Ve\u00edculo capota ap\u00f3s bater em lateral de caminh\u00e3o na SP-294 em Junqueir\u00f3polis\",\"datePublished\":\"2020-06-09T11:43:47+00:00\",\"dateModified\":\"2026-04-03T11:08:21+00:00\",\"mainEntityOfPage\":{\"@id\":\"https:\/\/radiolifefm.com.br\/noticias\/veiculo-capota-apos-bater-em-lateral-de-caminhao-na-sp-294-em-junqueiropolis\/\"},\"wordCount\":120,\"commentCount\":0,\"publisher\":{\"@id\":\"https:\/\/radiolifefm.com.br\/noticias\/#organization\"},\"image\":{\"@id\":\"https:\/\/radiolifefm.com.br\/noticias\/veiculo-capota-apos-bater-em-lateral-de-caminhao-na-sp-294-em-junqueiropolis\/#primaryimage\"},\"thumbnailUrl\":\"https:\/\/radiolifefm.com.br\/noticias\/wp-content\/uploads\/2020\/06\/Capote-Dracena_cortada.jpg\",\"articleSection\":[\"Regi\u00e3o\"],\"inLanguage\":\"pt-BR\",\"potentialAction\":[{\"@type\":\"CommentAction\",\"name\":\"Comment\",\"target\":[\"https:\/\/radiolifefm.com.br\/noticias\/veiculo-capota-apos-bater-em-lateral-de-caminhao-na-sp-294-em-junqueiropolis\/#respond\"]}]},{\"@type\":\"WebPage\",\"@id\":\"https:\/\/radiolifefm.com.br\/noticias\/veiculo-capota-apos-bater-em-lateral-de-caminhao-na-sp-294-em-junqueiropolis\/\",\"url\":\"https:\/\/radiolifefm.com.br\/noticias\/veiculo-capota-apos-bater-em-lateral-de-caminhao-na-sp-294-em-junqueiropolis\/\",\"name\":\"Ve\u00edculo capota ap\u00f3s bater em lateral de caminh\u00e3o na SP-294 em Junqueir\u00f3polis - R\u00e1dio Life FM\",\"isPartOf\":{\"@id\":\"https:\/\/radiolifefm.com.br\/noticias\/#website\"},\"primaryImageOfPage\":{\"@id\":\"https:\/\/radiolifefm.com.br\/noticias\/veiculo-capota-apos-bater-em-lateral-de-caminhao-na-sp-294-em-junqueiropolis\/#primaryimage\"},\"image\":{\"@id\":\"https:\/\/radiolifefm.com.br\/noticias\/veiculo-capota-apos-bater-em-lateral-de-caminhao-na-sp-294-em-junqueiropolis\/#primaryimage\"},\"thumbnailUrl\":\"https:\/\/radiolifefm.com.br\/noticias\/wp-content\/uploads\/2020\/06\/Capote-Dracena_cortada.jpg\",\"datePublished\":\"2020-06-09T11:43:47+00:00\",\"dateModified\":\"2026-04-03T11:08:21+00:00\",\"breadcrumb\":{\"@id\":\"https:\/\/radiolifefm.com.br\/noticias\/veiculo-capota-apos-bater-em-lateral-de-caminhao-na-sp-294-em-junqueiropolis\/#breadcrumb\"},\"inLanguage\":\"pt-BR\",\"potentialAction\":[{\"@type\":\"ReadAction\",\"target\":[\"https:\/\/radiolifefm.com.br\/noticias\/veiculo-capota-apos-bater-em-lateral-de-caminhao-na-sp-294-em-junqueiropolis\/\"]}]},{\"@type\":\"ImageObject\",\"inLanguage\":\"pt-BR\",\"@id\":\"https:\/\/radiolifefm.com.br\/noticias\/veiculo-capota-apos-bater-em-lateral-de-caminhao-na-sp-294-em-junqueiropolis\/#primaryimage\",\"url\":\"https:\/\/radiolifefm.com.br\/noticias\/wp-content\/uploads\/2020\/06\/Capote-Dracena_cortada.jpg\",\"contentUrl\":\"https:\/\/radiolifefm.com.br\/noticias\/wp-content\/uploads\/2020\/06\/Capote-Dracena_cortada.jpg\",\"width\":1200,\"height\":630,\"caption\":\"Acidente deixou duas pessoas feridas em Junqueir\u00f3polis \u2014 Fotos - Carlos Volpi\/TV Fronteira.\"},{\"@type\":\"BreadcrumbList\",\"@id\":\"https:\/\/radiolifefm.com.br\/noticias\/veiculo-capota-apos-bater-em-lateral-de-caminhao-na-sp-294-em-junqueiropolis\/#breadcrumb\",\"itemListElement\":[{\"@type\":\"ListItem\",\"position\":1,\"name\":\"In\u00edcio\",\"item\":\"https:\/\/radiolifefm.com.br\/noticias\/\"},{\"@type\":\"ListItem\",\"position\":2,\"name\":\"Ve\u00edculo capota ap\u00f3s bater em lateral de caminh\u00e3o na SP-294 em Junqueir\u00f3polis\"}]},{\"@type\":\"WebSite\",\"@id\":\"https:\/\/radiolifefm.com.br\/noticias\/#website\",\"url\":\"https:\/\/radiolifefm.com.br\/noticias\/\",\"name\":\"R\u00e1dio Life FM\",\"description\":\"O Portal de Not\u00edcias de Adamantina\",\"publisher\":{\"@id\":\"https:\/\/radiolifefm.com.br\/noticias\/#organization\"},\"alternateName\":\"Life FM\",\"potentialAction\":[{\"@type\":\"SearchAction\",\"target\":{\"@type\":\"EntryPoint\",\"urlTemplate\":\"https:\/\/radiolifefm.com.br\/noticias\/?s={search_term_string}\"},\"query-input\":{\"@type\":\"PropertyValueSpecification\",\"valueRequired\":true,\"valueName\":\"search_term_string\"}}],\"inLanguage\":\"pt-BR\"},{\"@type\":\"Organization\",\"@id\":\"https:\/\/radiolifefm.com.br\/noticias\/#organization\",\"name\":\"R\u00e1dio Life FM\",\"alternateName\":\"Life FM\",\"url\":\"https:\/\/radiolifefm.com.br\/noticias\/\",\"logo\":{\"@type\":\"ImageObject\",\"inLanguage\":\"pt-BR\",\"@id\":\"https:\/\/radiolifefm.com.br\/noticias\/#\/schema\/logo\/image\/\",\"url\":\"https:\/\/static.radiolifefm.com.br\/noticias\/wp-content\/uploads\/2019\/10\/logo-lifefm.png\",\"contentUrl\":\"https:\/\/static.radiolifefm.com.br\/noticias\/wp-content\/uploads\/2019\/10\/logo-lifefm.png\",\"width\":196,\"height\":47,\"caption\":\"R\u00e1dio Life FM\"},\"image\":{\"@id\":\"https:\/\/radiolifefm.com.br\/noticias\/#\/schema\/logo\/image\/\"},\"sameAs\":[\"https:\/\/www.facebook.com\/radiolifefm\/\",\"https:\/\/www.instagram.com\/life1079fm\/\"]},{\"@type\":\"Person\",\"@id\":\"https:\/\/radiolifefm.com.br\/noticias\/#\/schema\/person\/1d4e4b1301322090c6221bf1c8420490\",\"name\":\"lifefm\",\"image\":{\"@type\":\"ImageObject\",\"inLanguage\":\"pt-BR\",\"@id\":\"https:\/\/secure.gravatar.com\/avatar\/eca268467d925ec97d20641bb054fd944c0abb2f92854171620706bbe6474e7c?s=96&d=mm&r=g\",\"url\":\"https:\/\/secure.gravatar.com\/avatar\/eca268467d925ec97d20641bb054fd944c0abb2f92854171620706bbe6474e7c?s=96&d=mm&r=g\",\"contentUrl\":\"https:\/\/secure.gravatar.com\/avatar\/eca268467d925ec97d20641bb054fd944c0abb2f92854171620706bbe6474e7c?s=96&d=mm&r=g\",\"caption\":\"lifefm\"}}]}<\/script>\n<!-- \/ Yoast SEO plugin. -->","yoast_head_json":{"title":"Ve\u00edculo capota ap\u00f3s bater em lateral de caminh\u00e3o na SP-294 em Junqueir\u00f3polis - R\u00e1dio Life FM","robots":{"index":"index","follow":"follow","max-snippet":"max-snippet:-1","max-image-preview":"max-image-preview:large","max-video-preview":"max-video-preview:-1"},"canonical":"https:\/\/radiolifefm.com.br\/noticias\/veiculo-capota-apos-bater-em-lateral-de-caminhao-na-sp-294-em-junqueiropolis\/","og_locale":"pt_BR","og_type":"article","og_title":"Ve\u00edculo capota ap\u00f3s bater em lateral de caminh\u00e3o na SP-294 em Junqueir\u00f3polis - R\u00e1dio Life FM","og_description":"Duas pessoas do ve\u00edculo ficaram feridas no acidente, uma v\u00edtima grave e outra v\u00edtima leve. Segundo informa\u00e7\u00f5es da Pol\u00edcia Militar Rodovi\u00e1ria, trata-se de um acidente de tr\u00e2nsito do tipo colis\u00e3o lateral, seguida de capotamento de autom\u00f3vel, ocorrido na Rodovia Comandante Jo\u00e3o Ribeiro de Barros, SP-294 KM 639,200, nas proximidades do trevo das Duas Barras, pr\u00f3ximo [&hellip;]","og_url":"https:\/\/radiolifefm.com.br\/noticias\/veiculo-capota-apos-bater-em-lateral-de-caminhao-na-sp-294-em-junqueiropolis\/","og_site_name":"R\u00e1dio Life FM","article_publisher":"https:\/\/www.facebook.com\/radiolifefm\/","article_published_time":"2020-06-09T11:43:47+00:00","article_modified_time":"2026-04-03T11:08:21+00:00","og_image":[{"width":1200,"height":630,"url":"https:\/\/radiolifefm.com.br\/noticias\/wp-content\/uploads\/2020\/06\/Capote-Dracena_cortada.jpg","type":"image\/jpeg"}],"author":"lifefm","twitter_card":"summary_large_image","twitter_misc":{"Escrito por":"lifefm","Est. tempo de leitura":"1 minuto"},"schema":{"@context":"https:\/\/schema.org","@graph":[{"@type":"Article","@id":"https:\/\/radiolifefm.com.br\/noticias\/veiculo-capota-apos-bater-em-lateral-de-caminhao-na-sp-294-em-junqueiropolis\/#article","isPartOf":{"@id":"https:\/\/radiolifefm.com.br\/noticias\/veiculo-capota-apos-bater-em-lateral-de-caminhao-na-sp-294-em-junqueiropolis\/"},"author":{"name":"lifefm","@id":"https:\/\/radiolifefm.com.br\/noticias\/#\/schema\/person\/1d4e4b1301322090c6221bf1c8420490"},"headline":"Ve\u00edculo capota ap\u00f3s bater em lateral de caminh\u00e3o na SP-294 em Junqueir\u00f3polis","datePublished":"2020-06-09T11:43:47+00:00","dateModified":"2026-04-03T11:08:21+00:00","mainEntityOfPage":{"@id":"https:\/\/radiolifefm.com.br\/noticias\/veiculo-capota-apos-bater-em-lateral-de-caminhao-na-sp-294-em-junqueiropolis\/"},"wordCount":120,"commentCount":0,"publisher":{"@id":"https:\/\/radiolifefm.com.br\/noticias\/#organization"},"image":{"@id":"https:\/\/radiolifefm.com.br\/noticias\/veiculo-capota-apos-bater-em-lateral-de-caminhao-na-sp-294-em-junqueiropolis\/#primaryimage"},"thumbnailUrl":"https:\/\/radiolifefm.com.br\/noticias\/wp-content\/uploads\/2020\/06\/Capote-Dracena_cortada.jpg","articleSection":["Regi\u00e3o"],"inLanguage":"pt-BR","potentialAction":[{"@type":"CommentAction","name":"Comment","target":["https:\/\/radiolifefm.com.br\/noticias\/veiculo-capota-apos-bater-em-lateral-de-caminhao-na-sp-294-em-junqueiropolis\/#respond"]}]},{"@type":"WebPage","@id":"https:\/\/radiolifefm.com.br\/noticias\/veiculo-capota-apos-bater-em-lateral-de-caminhao-na-sp-294-em-junqueiropolis\/","url":"https:\/\/radiolifefm.com.br\/noticias\/veiculo-capota-apos-bater-em-lateral-de-caminhao-na-sp-294-em-junqueiropolis\/","name":"Ve\u00edculo capota ap\u00f3s bater em lateral de caminh\u00e3o na SP-294 em Junqueir\u00f3polis - R\u00e1dio Life FM","isPartOf":{"@id":"https:\/\/radiolifefm.com.br\/noticias\/#website"},"primaryImageOfPage":{"@id":"https:\/\/radiolifefm.com.br\/noticias\/veiculo-capota-apos-bater-em-lateral-de-caminhao-na-sp-294-em-junqueiropolis\/#primaryimage"},"image":{"@id":"https:\/\/radiolifefm.com.br\/noticias\/veiculo-capota-apos-bater-em-lateral-de-caminhao-na-sp-294-em-junqueiropolis\/#primaryimage"},"thumbnailUrl":"https:\/\/radiolifefm.com.br\/noticias\/wp-content\/uploads\/2020\/06\/Capote-Dracena_cortada.jpg","datePublished":"2020-06-09T11:43:47+00:00","dateModified":"2026-04-03T11:08:21+00:00","breadcrumb":{"@id":"https:\/\/radiolifefm.com.br\/noticias\/veiculo-capota-apos-bater-em-lateral-de-caminhao-na-sp-294-em-junqueiropolis\/#breadcrumb"},"inLanguage":"pt-BR","potentialAction":[{"@type":"ReadAction","target":["https:\/\/radiolifefm.com.br\/noticias\/veiculo-capota-apos-bater-em-lateral-de-caminhao-na-sp-294-em-junqueiropolis\/"]}]},{"@type":"ImageObject","inLanguage":"pt-BR","@id":"https:\/\/radiolifefm.com.br\/noticias\/veiculo-capota-apos-bater-em-lateral-de-caminhao-na-sp-294-em-junqueiropolis\/#primaryimage","url":"https:\/\/radiolifefm.com.br\/noticias\/wp-content\/uploads\/2020\/06\/Capote-Dracena_cortada.jpg","contentUrl":"https:\/\/radiolifefm.com.br\/noticias\/wp-content\/uploads\/2020\/06\/Capote-Dracena_cortada.jpg","width":1200,"height":630,"caption":"Acidente deixou duas pessoas feridas em Junqueir\u00f3polis \u2014 Fotos - Carlos Volpi\/TV Fronteira."},{"@type":"BreadcrumbList","@id":"https:\/\/radiolifefm.com.br\/noticias\/veiculo-capota-apos-bater-em-lateral-de-caminhao-na-sp-294-em-junqueiropolis\/#breadcrumb","itemListElement":[{"@type":"ListItem","position":1,"name":"In\u00edcio","item":"https:\/\/radiolifefm.com.br\/noticias\/"},{"@type":"ListItem","position":2,"name":"Ve\u00edculo capota ap\u00f3s bater em lateral de caminh\u00e3o na SP-294 em Junqueir\u00f3polis"}]},{"@type":"WebSite","@id":"https:\/\/radiolifefm.com.br\/noticias\/#website","url":"https:\/\/radiolifefm.com.br\/noticias\/","name":"R\u00e1dio Life FM","description":"O Portal de Not\u00edcias de Adamantina","publisher":{"@id":"https:\/\/radiolifefm.com.br\/noticias\/#organization"},"alternateName":"Life FM","potentialAction":[{"@type":"SearchAction","target":{"@type":"EntryPoint","urlTemplate":"https:\/\/radiolifefm.com.br\/noticias\/?s={search_term_string}"},"query-input":{"@type":"PropertyValueSpecification","valueRequired":true,"valueName":"search_term_string"}}],"inLanguage":"pt-BR"},{"@type":"Organization","@id":"https:\/\/radiolifefm.com.br\/noticias\/#organization","name":"R\u00e1dio Life FM","alternateName":"Life FM","url":"https:\/\/radiolifefm.com.br\/noticias\/","logo":{"@type":"ImageObject","inLanguage":"pt-BR","@id":"https:\/\/radiolifefm.com.br\/noticias\/#\/schema\/logo\/image\/","url":"https:\/\/static.radiolifefm.com.br\/noticias\/wp-content\/uploads\/2019\/10\/logo-lifefm.png","contentUrl":"https:\/\/static.radiolifefm.com.br\/noticias\/wp-content\/uploads\/2019\/10\/logo-lifefm.png","width":196,"height":47,"caption":"R\u00e1dio Life FM"},"image":{"@id":"https:\/\/radiolifefm.com.br\/noticias\/#\/schema\/logo\/image\/"},"sameAs":["https:\/\/www.facebook.com\/radiolifefm\/","https:\/\/www.instagram.com\/life1079fm\/"]},{"@type":"Person","@id":"https:\/\/radiolifefm.com.br\/noticias\/#\/schema\/person\/1d4e4b1301322090c6221bf1c8420490","name":"lifefm","image":{"@type":"ImageObject","inLanguage":"pt-BR","@id":"https:\/\/secure.gravatar.com\/avatar\/eca268467d925ec97d20641bb054fd944c0abb2f92854171620706bbe6474e7c?s=96&d=mm&r=g","url":"https:\/\/secure.gravatar.com\/avatar\/eca268467d925ec97d20641bb054fd944c0abb2f92854171620706bbe6474e7c?s=96&d=mm&r=g","contentUrl":"https:\/\/secure.gravatar.com\/avatar\/eca268467d925ec97d20641bb054fd944c0abb2f92854171620706bbe6474e7c?s=96&d=mm&r=g","caption":"lifefm"}}]}},"amp_enabled":true,"_links":{"self":[{"href":"https:\/\/radiolifefm.com.br\/noticias\/wp-json\/wp\/v2\/posts\/23793","targetHints":{"allow":["GET"]}}],"collection":[{"href":"https:\/\/radiolifefm.com.br\/noticias\/wp-json\/wp\/v2\/posts"}],"about":[{"href":"https:\/\/radiolifefm.com.br\/noticias\/wp-json\/wp\/v2\/types\/post"}],"author":[{"embeddable":true,"href":"https:\/\/radiolifefm.com.br\/noticias\/wp-json\/wp\/v2\/users\/3"}],"replies":[{"embeddable":true,"href":"https:\/\/radiolifefm.com.br\/noticias\/wp-json\/wp\/v2\/comments?post=23793"}],"version-history":[{"count":1,"href":"https:\/\/radiolifefm.com.br\/noticias\/wp-json\/wp\/v2\/posts\/23793\/revisions"}],"predecessor-version":[{"id":23797,"href":"https:\/\/radiolifefm.com.br\/noticias\/wp-json\/wp\/v2\/posts\/23793\/revisions\/23797"}],"wp:featuredmedia":[{"embeddable":true,"href":"https:\/\/radiolifefm.com.br\/noticias\/wp-json\/wp\/v2\/media\/23796"}],"wp:attachment":[{"href":"https:\/\/radiolifefm.com.br\/noticias\/wp-json\/wp\/v2\/media?parent=23793"}],"wp:term":[{"taxonomy":"category","embeddable":true,"href":"https:\/\/radiolifefm.com.br\/noticias\/wp-json\/wp\/v2\/categories?post=23793"},{"taxonomy":"post_tag","embeddable":true,"href":"https:\/\/radiolifefm.com.br\/noticias\/wp-json\/wp\/v2\/tags?post=23793"}],"curies":[{"name":"wp","href":"https:\/\/api.w.org\/{rel}","templated":true}]}}